{"id":4194,"date":"2025-04-24T11:54:06","date_gmt":"2025-04-24T11:54:06","guid":{"rendered":"https:\/\/terrasdebasto.pt\/?p=4194"},"modified":"2025-04-24T11:54:06","modified_gmt":"2025-04-24T11:54:06","slug":"cerva-nova-poesia-de-manuela-vaz-de-carvalho","status":"publish","type":"post","link":"https:\/\/terrasdebasto.pt\/?p=4194","title":{"rendered":"Cerva: nova poesia de Manuela Vaz de Carvalho"},"content":{"rendered":"\n<p><\/p>\n\n\n\n<p><strong>Fez-se de poesia, com a mais recente produ\u00e7\u00e3o de Maria Manuela Vaz de Carvalho, o ser\u00e3o do Dia Mundial do Livro na Casa da Torre, em Cerva, Ribeira de Pena. A apresenta\u00e7\u00e3o de \u201cGravetos da Mem\u00f3ria\u201d desta professora aposentada, com ra\u00edzes afetivas na localidade, registou a participa\u00e7\u00e3o de amigos, familiares e autarcas locais.<\/strong><\/p>\n\n\n\n<p>\u00abA minha alma nasceu em Cerva\u00bb, fez quest\u00e3o de dizer a autora, que partilhou a ruralidade, o bucolismo e o lado tel\u00farico das suas viv\u00eancias como particular motiva\u00e7\u00e3o para os seus versos.<\/p>\n\n\n\n<p>Jo\u00e3o Noronha, o presidente da C\u00e2mara Municipal de Ribeira de Pena, parabenizou Maria Manuela Vaz de Carvalho por mais esta edi\u00e7\u00e3o e sublinhou que momentos culturais como aquele d\u00e3o cumprimento aos objetivos do espa\u00e7o cultural da Casa da Torre.<\/p>\n\n\n\n<p>A autora apresentou a obra como \u00abuma bra\u00e7ada de gravetos [pequenos ramos secos ca\u00eddos das \u00e1rvores]\u00bb que tem recolhido ao longo dos seus dias\u00bb.<\/p>\n\n\n\n<p>A sess\u00e3o, que permitiu a leitura de alguns poemas por parte de diferentes convidados, ficou ainda marcada por um momento musical em que participou aquele que foi j\u00e1 considerado \u00abo melhor jovem compositor do mundo\u00bb, Nuno Costa, natural de Cerva, que surpreendeu os presentes com a interpreta\u00e7\u00e3o de uma composi\u00e7\u00e3o no seu \u201cwaterphone\u201d. [JPM].<\/p>\n\n\n\n<figure class=\"wp-block-gallery has-nested-images columns-default is-cropped wp-block-gallery-1 is-layout-flex wp-block-gallery-is-layout-flex\">\n<figure class=\"wp-block-image size-large\"><img loading=\"lazy\" decoding=\"async\" width=\"1024\" height=\"865\" data-id=\"4196\" src=\"https:\/\/terrasdebasto.pt\/wp-content\/uploads\/2025\/04\/GRAVETOS-99-1024x865.jpg\" alt=\"\" class=\"wp-image-4196\" srcset=\"https:\/\/terrasdebasto.pt\/wp-content\/uploads\/2025\/04\/GRAVETOS-99-1024x865.jpg 1024w, https:\/\/terrasdebasto.pt\/wp-content\/uploads\/2025\/04\/GRAVETOS-99-300x253.jpg 300w, https:\/\/terrasdebasto.pt\/wp-content\/uploads\/2025\/04\/GRAVETOS-99-768x649.jpg 768w, https:\/\/terrasdebasto.pt\/wp-content\/uploads\/2025\/04\/GRAVETOS-99-1536x1297.jpg 1536w, https:\/\/terrasdebasto.pt\/wp-content\/uploads\/2025\/04\/GRAVETOS-99-2048x1729.jpg 2048w, https:\/\/terrasdebasto.pt\/wp-content\/uploads\/2025\/04\/GRAVETOS-99-150x127.jpg 150w, https:\/\/terrasdebasto.pt\/wp-content\/uploads\/2025\/04\/GRAVETOS-99-696x588.jpg 696w, https:\/\/terrasdebasto.pt\/wp-content\/uploads\/2025\/04\/GRAVETOS-99-1068x902.jpg 1068w, https:\/\/terrasdebasto.pt\/wp-content\/uploads\/2025\/04\/GRAVETOS-99-1920x1621.jpg 1920w\" sizes=\"auto, (max-width: 1024px) 100vw, 1024px\" \/><\/figure>\n<\/figure>\n\n\n\n<figure class=\"wp-block-gallery has-nested-images columns-default is-cropped wp-block-gallery-2 is-layout-flex wp-block-gallery-is-layout-flex\">\n<figure class=\"wp-block-image size-large\"><img loading=\"lazy\" decoding=\"async\" width=\"1024\" height=\"674\" data-id=\"4197\" src=\"https:\/\/terrasdebasto.pt\/wp-content\/uploads\/2025\/04\/GRAVETOS-101-1024x674.jpg\" alt=\"\" class=\"wp-image-4197\" srcset=\"https:\/\/terrasdebasto.pt\/wp-content\/uploads\/2025\/04\/GRAVETOS-101-1024x674.jpg 1024w, https:\/\/terrasdebasto.pt\/wp-content\/uploads\/2025\/04\/GRAVETOS-101-300x197.jpg 300w, https:\/\/terrasdebasto.pt\/wp-content\/uploads\/2025\/04\/GRAVETOS-101-768x505.jpg 768w, https:\/\/terrasdebasto.pt\/wp-content\/uploads\/2025\/04\/GRAVETOS-101-1536x1011.jpg 1536w, https:\/\/terrasdebasto.pt\/wp-content\/uploads\/2025\/04\/GRAVETOS-101-2048x1348.jpg 2048w, https:\/\/terrasdebasto.pt\/wp-content\/uploads\/2025\/04\/GRAVETOS-101-150x99.jpg 150w, https:\/\/terrasdebasto.pt\/wp-content\/uploads\/2025\/04\/GRAVETOS-101-696x458.jpg 696w, https:\/\/terrasdebasto.pt\/wp-content\/uploads\/2025\/04\/GRAVETOS-101-1068x703.jpg 1068w, https:\/\/terrasdebasto.pt\/wp-content\/uploads\/2025\/04\/GRAVETOS-101-1920x1263.jpg 1920w\" sizes=\"auto, (max-width: 1024px) 100vw, 1024px\" \/><\/figure>\n<\/figure>\n\n\n\n<figure class=\"wp-block-gallery has-nested-images columns-default is-cropped wp-block-gallery-3 is-layout-flex wp-block-gallery-is-layout-flex\">\n<figure class=\"wp-block-image size-large\"><img loading=\"lazy\" decoding=\"async\" width=\"1024\" height=\"792\" data-id=\"4198\" src=\"https:\/\/terrasdebasto.pt\/wp-content\/uploads\/2025\/04\/GRAVETOS-103-1024x792.jpg\" alt=\"\" class=\"wp-image-4198\" srcset=\"https:\/\/terrasdebasto.pt\/wp-content\/uploads\/2025\/04\/GRAVETOS-103-1024x792.jpg 1024w, https:\/\/terrasdebasto.pt\/wp-content\/uploads\/2025\/04\/GRAVETOS-103-300x232.jpg 300w, https:\/\/terrasdebasto.pt\/wp-content\/uploads\/2025\/04\/GRAVETOS-103-768x594.jpg 768w, https:\/\/terrasdebasto.pt\/wp-content\/uploads\/2025\/04\/GRAVETOS-103-1536x1187.jpg 1536w, https:\/\/terrasdebasto.pt\/wp-content\/uploads\/2025\/04\/GRAVETOS-103-2048x1583.jpg 2048w, https:\/\/terrasdebasto.pt\/wp-content\/uploads\/2025\/04\/GRAVETOS-103-150x116.jpg 150w, https:\/\/terrasdebasto.pt\/wp-content\/uploads\/2025\/04\/GRAVETOS-103-696x538.jpg 696w, https:\/\/terrasdebasto.pt\/wp-content\/uploads\/2025\/04\/GRAVETOS-103-1068x826.jpg 1068w, https:\/\/terrasdebasto.pt\/wp-content\/uploads\/2025\/04\/GRAVETOS-103-1920x1484.jpg 1920w\" sizes=\"auto, (max-width: 1024px) 100vw, 1024px\" \/><\/figure>\n<\/figure>\n\n\n\n<figure class=\"wp-block-gallery has-nested-images columns-default is-cropped wp-block-gallery-4 is-layout-flex wp-block-gallery-is-layout-flex\">\n<figure class=\"wp-block-image size-large\"><img loading=\"lazy\" decoding=\"async\" width=\"1024\" height=\"768\" data-id=\"4199\" src=\"https:\/\/terrasdebasto.pt\/wp-content\/uploads\/2025\/04\/GRAVETOS-108-1024x768.jpg\" alt=\"\" class=\"wp-image-4199\" srcset=\"https:\/\/terrasdebasto.pt\/wp-content\/uploads\/2025\/04\/GRAVETOS-108-1024x768.jpg 1024w, https:\/\/terrasdebasto.pt\/wp-content\/uploads\/2025\/04\/GRAVETOS-108-300x225.jpg 300w, https:\/\/terrasdebasto.pt\/wp-content\/uploads\/2025\/04\/GRAVETOS-108-768x576.jpg 768w, https:\/\/terrasdebasto.pt\/wp-content\/uploads\/2025\/04\/GRAVETOS-108-1536x1152.jpg 1536w, https:\/\/terrasdebasto.pt\/wp-content\/uploads\/2025\/04\/GRAVETOS-108-2048x1536.jpg 2048w, https:\/\/terrasdebasto.pt\/wp-content\/uploads\/2025\/04\/GRAVETOS-108-150x113.jpg 150w, https:\/\/terrasdebasto.pt\/wp-content\/uploads\/2025\/04\/GRAVETOS-108-696x522.jpg 696w, https:\/\/terrasdebasto.pt\/wp-content\/uploads\/2025\/04\/GRAVETOS-108-1068x801.jpg 1068w, https:\/\/terrasdebasto.pt\/wp-content\/uploads\/2025\/04\/GRAVETOS-108-1920x1440.jpg 1920w\" sizes=\"auto, (max-width: 1024px) 100vw, 1024px\" \/><\/figure>\n<\/figure>\n\n\n\n<figure class=\"wp-block-gallery has-nested-images columns-default is-cropped wp-block-gallery-5 is-layout-flex wp-block-gallery-is-layout-flex\">\n<figure class=\"wp-block-image size-large\"><img loading=\"lazy\" decoding=\"async\" width=\"1024\" height=\"841\" data-id=\"4200\" src=\"https:\/\/terrasdebasto.pt\/wp-content\/uploads\/2025\/04\/GRAVETOS-106-1024x841.jpg\" alt=\"\" class=\"wp-image-4200\" srcset=\"https:\/\/terrasdebasto.pt\/wp-content\/uploads\/2025\/04\/GRAVETOS-106-1024x841.jpg 1024w, https:\/\/terrasdebasto.pt\/wp-content\/uploads\/2025\/04\/GRAVETOS-106-300x246.jpg 300w, https:\/\/terrasdebasto.pt\/wp-content\/uploads\/2025\/04\/GRAVETOS-106-768x631.jpg 768w, https:\/\/terrasdebasto.pt\/wp-content\/uploads\/2025\/04\/GRAVETOS-106-1536x1261.jpg 1536w, https:\/\/terrasdebasto.pt\/wp-content\/uploads\/2025\/04\/GRAVETOS-106-2048x1681.jpg 2048w, https:\/\/terrasdebasto.pt\/wp-content\/uploads\/2025\/04\/GRAVETOS-106-150x123.jpg 150w, https:\/\/terrasdebasto.pt\/wp-content\/uploads\/2025\/04\/GRAVETOS-106-696x571.jpg 696w, https:\/\/terrasdebasto.pt\/wp-content\/uploads\/2025\/04\/GRAVETOS-106-1068x877.jpg 1068w, https:\/\/terrasdebasto.pt\/wp-content\/uploads\/2025\/04\/GRAVETOS-106-1920x1576.jpg 1920w\" sizes=\"auto, (max-width: 1024px) 100vw, 1024px\" \/><\/figure>\n\n\n\n<figure class=\"wp-block-image size-large\"><img loading=\"lazy\" decoding=\"async\" width=\"1024\" height=\"751\" data-id=\"4201\" src=\"https:\/\/terrasdebasto.pt\/wp-content\/uploads\/2025\/04\/GRAVETOS-107-1024x751.jpg\" alt=\"\" class=\"wp-image-4201\" srcset=\"https:\/\/terrasdebasto.pt\/wp-content\/uploads\/2025\/04\/GRAVETOS-107-1024x751.jpg 1024w, https:\/\/terrasdebasto.pt\/wp-content\/uploads\/2025\/04\/GRAVETOS-107-300x220.jpg 300w, https:\/\/terrasdebasto.pt\/wp-content\/uploads\/2025\/04\/GRAVETOS-107-768x564.jpg 768w, https:\/\/terrasdebasto.pt\/wp-content\/uploads\/2025\/04\/GRAVETOS-107-1536x1127.jpg 1536w, https:\/\/terrasdebasto.pt\/wp-content\/uploads\/2025\/04\/GRAVETOS-107-2048x1503.jpg 2048w, https:\/\/terrasdebasto.pt\/wp-content\/uploads\/2025\/04\/GRAVETOS-107-150x110.jpg 150w, https:\/\/terrasdebasto.pt\/wp-content\/uploads\/2025\/04\/GRAVETOS-107-696x511.jpg 696w, https:\/\/terrasdebasto.pt\/wp-content\/uploads\/2025\/04\/GRAVETOS-107-1068x784.jpg 1068w, https:\/\/terrasdebasto.pt\/wp-content\/uploads\/2025\/04\/GRAVETOS-107-1920x1409.jpg 1920w\" sizes=\"auto, (max-width: 1024px) 100vw, 1024px\" \/><\/figure>\n<\/figure>\n\n\n\n<figure class=\"wp-block-gallery has-nested-images columns-default is-cropped wp-block-gallery-6 is-layout-flex wp-block-gallery-is-layout-flex\">\n<figure class=\"wp-block-image size-large\"><img loading=\"lazy\" decoding=\"async\" width=\"1024\" height=\"687\" data-id=\"4202\" src=\"https:\/\/terrasdebasto.pt\/wp-content\/uploads\/2025\/04\/GRAVETOS-104-1024x687.jpg\" alt=\"\" class=\"wp-image-4202\" srcset=\"https:\/\/terrasdebasto.pt\/wp-content\/uploads\/2025\/04\/GRAVETOS-104-1024x687.jpg 1024w, https:\/\/terrasdebasto.pt\/wp-content\/uploads\/2025\/04\/GRAVETOS-104-300x201.jpg 300w, https:\/\/terrasdebasto.pt\/wp-content\/uploads\/2025\/04\/GRAVETOS-104-768x515.jpg 768w, https:\/\/terrasdebasto.pt\/wp-content\/uploads\/2025\/04\/GRAVETOS-104-1536x1030.jpg 1536w, https:\/\/terrasdebasto.pt\/wp-content\/uploads\/2025\/04\/GRAVETOS-104-2048x1373.jpg 2048w, https:\/\/terrasdebasto.pt\/wp-content\/uploads\/2025\/04\/GRAVETOS-104-150x101.jpg 150w, https:\/\/terrasdebasto.pt\/wp-content\/uploads\/2025\/04\/GRAVETOS-104-696x467.jpg 696w, https:\/\/terrasdebasto.pt\/wp-content\/uploads\/2025\/04\/GRAVETOS-104-1068x716.jpg 1068w, https:\/\/terrasdebasto.pt\/wp-content\/uploads\/2025\/04\/GRAVETOS-104-1920x1287.jpg 1920w\" sizes=\"auto, (max-width: 1024px) 100vw, 1024px\" \/><\/figure>\n<\/figure>\n\n\n\n<figure class=\"wp-block-gallery has-nested-images columns-default is-cropped wp-block-gallery-7 is-layout-flex wp-block-gallery-is-layout-flex\">\n<figure class=\"wp-block-image size-large\"><img loading=\"lazy\" decoding=\"async\" width=\"768\" height=\"1024\" data-id=\"4203\" src=\"https:\/\/terrasdebasto.pt\/wp-content\/uploads\/2025\/04\/GRAVETOS-109-768x1024.jpg\" alt=\"\" class=\"wp-image-4203\" srcset=\"https:\/\/terrasdebasto.pt\/wp-content\/uploads\/2025\/04\/GRAVETOS-109-768x1024.jpg 768w, https:\/\/terrasdebasto.pt\/wp-content\/uploads\/2025\/04\/GRAVETOS-109-225x300.jpg 225w, https:\/\/terrasdebasto.pt\/wp-content\/uploads\/2025\/04\/GRAVETOS-109-1152x1536.jpg 1152w, https:\/\/terrasdebasto.pt\/wp-content\/uploads\/2025\/04\/GRAVETOS-109-1536x2048.jpg 1536w, https:\/\/terrasdebasto.pt\/wp-content\/uploads\/2025\/04\/GRAVETOS-109-150x200.jpg 150w, https:\/\/terrasdebasto.pt\/wp-content\/uploads\/2025\/04\/GRAVETOS-109-300x400.jpg 300w, https:\/\/terrasdebasto.pt\/wp-content\/uploads\/2025\/04\/GRAVETOS-109-696x928.jpg 696w, https:\/\/terrasdebasto.pt\/wp-content\/uploads\/2025\/04\/GRAVETOS-109-1068x1424.jpg 1068w, https:\/\/terrasdebasto.pt\/wp-content\/uploads\/2025\/04\/GRAVETOS-109-scaled.jpg 1920w\" sizes=\"auto, (max-width: 768px) 100vw, 768px\" \/><\/figure>\n<\/figure>\n","protected":false},"excerpt":{"rendered":"<p>Fez-se de poesia, com a mais recente produ\u00e7\u00e3o de Maria Manuela Vaz de Carvalho, o ser\u00e3o do Dia Mundial do Livro na Casa da Torre, em Cerva, Ribeira de Pena. A apresenta\u00e7\u00e3o de \u201cGravetos da Mem\u00f3ria\u201d desta professora aposentada, com ra\u00edzes afetivas na localidade, registou a participa\u00e7\u00e3o de amigos, familiares e autarcas locais. \u00abA minha [&hellip;]<\/p>\n","protected":false},"author":7,"featured_media":4195,"comment_status":"open","ping_status":"open","sticky":false,"template":"","format":"standard","meta":{"footnotes":""},"categories":[7,26,9],"tags":[93,939,890],"class_list":{"0":"post-4194","1":"post","2":"type-post","3":"status-publish","4":"format-standard","5":"has-post-thumbnail","7":"category-cultura","8":"category-ribeira-de-pena","9":"category-terras-de-basto","10":"tag-cerva","11":"tag-maria-manuela-vaz-de-carvalho","12":"tag-poesia"},"yoast_head":"<!-- This site is optimized with the Yoast SEO plugin v25.7 - https:\/\/yoast.com\/wordpress\/plugins\/seo\/ -->\n<title>Cerva: nova poesia de Manuela Vaz de Carvalho - Jornal Terras de Basto<\/title>\n<meta name=\"description\" content=\"Fez-se de poesia, com a mais recente produ\u00e7\u00e3o de Maria Manuela Vaz de Carvalho, o ser\u00e3o do Dia Mundial do Livro na Casa da Torre, em Cerva, Ribeira de Pena. A apresenta\u00e7\u00e3o de \u201cGravetos da Mem\u00f3ria\u201d desta professora aposentada, com ra\u00edzes afetivas na localidade, registou a participa\u00e7\u00e3o de amigos, familiares e autarcas locais.\" \/>\n<meta name=\"robots\" content=\"index, follow, max-snippet:-1, max-image-preview:large, max-video-preview:-1\" \/>\n<link rel=\"canonical\" href=\"https:\/\/terrasdebasto.pt\/?p=4194\" \/>\n<meta property=\"og:locale\" content=\"pt_PT\" \/>\n<meta property=\"og:type\" content=\"article\" \/>\n<meta property=\"og:title\" content=\"Cerva: nova poesia de Manuela Vaz de Carvalho - Jornal Terras de Basto\" \/>\n<meta property=\"og:description\" content=\"Fez-se de poesia, com a mais recente produ\u00e7\u00e3o de Maria Manuela Vaz de Carvalho, o ser\u00e3o do Dia Mundial do Livro na Casa da Torre, em Cerva, Ribeira de Pena. A apresenta\u00e7\u00e3o de \u201cGravetos da Mem\u00f3ria\u201d desta professora aposentada, com ra\u00edzes afetivas na localidade, registou a participa\u00e7\u00e3o de amigos, familiares e autarcas locais.\" \/>\n<meta property=\"og:url\" content=\"https:\/\/terrasdebasto.pt\/?p=4194\" \/>\n<meta property=\"og:site_name\" content=\"Jornal Terras de Basto\" \/>\n<meta property=\"article:published_time\" content=\"2025-04-24T11:54:06+00:00\" \/>\n<meta property=\"og:image\" content=\"https:\/\/terrasdebasto.pt\/wp-content\/uploads\/2025\/04\/GRAVETOS-100-scaled.jpg\" \/>\n\t<meta property=\"og:image:width\" content=\"2560\" \/>\n\t<meta property=\"og:image:height\" content=\"1717\" \/>\n\t<meta property=\"og:image:type\" content=\"image\/jpeg\" \/>\n<meta name=\"author\" content=\"Jo\u00e3o Paulo Mesquita\" \/>\n<meta name=\"twitter:card\" content=\"summary_large_image\" \/>\n<meta name=\"twitter:label1\" content=\"Escrito por\" \/>\n\t<meta name=\"twitter:data1\" content=\"Jo\u00e3o Paulo Mesquita\" \/>\n\t<meta name=\"twitter:label2\" content=\"Tempo estimado de leitura\" \/>\n\t<meta name=\"twitter:data2\" content=\"3 minutos\" \/>\n<script type=\"application\/ld+json\" class=\"yoast-schema-graph\">{\"@context\":\"https:\/\/schema.org\",\"@graph\":[{\"@type\":\"Article\",\"@id\":\"https:\/\/terrasdebasto.pt\/?p=4194#article\",\"isPartOf\":{\"@id\":\"https:\/\/terrasdebasto.pt\/?p=4194\"},\"author\":{\"name\":\"Jo\u00e3o Paulo Mesquita\",\"@id\":\"https:\/\/terrasdebasto.pt\/#\/schema\/person\/9f6739f5394ac65c802641773b278b84\"},\"headline\":\"Cerva: nova poesia de Manuela Vaz de Carvalho\",\"datePublished\":\"2025-04-24T11:54:06+00:00\",\"mainEntityOfPage\":{\"@id\":\"https:\/\/terrasdebasto.pt\/?p=4194\"},\"wordCount\":230,\"commentCount\":0,\"publisher\":{\"@id\":\"https:\/\/terrasdebasto.pt\/#organization\"},\"image\":{\"@id\":\"https:\/\/terrasdebasto.pt\/?p=4194#primaryimage\"},\"thumbnailUrl\":\"https:\/\/terrasdebasto.pt\/wp-content\/uploads\/2025\/04\/GRAVETOS-100-scaled.jpg\",\"keywords\":[\"Cerva\",\"Maria Manuela Vaz de Carvalho\",\"Poesia\"],\"articleSection\":[\"Cultura\",\"Ribeira de Pena\",\"Terras de Basto\"],\"inLanguage\":\"pt-PT\",\"potentialAction\":[{\"@type\":\"CommentAction\",\"name\":\"Comment\",\"target\":[\"https:\/\/terrasdebasto.pt\/?p=4194#respond\"]}]},{\"@type\":\"WebPage\",\"@id\":\"https:\/\/terrasdebasto.pt\/?p=4194\",\"url\":\"https:\/\/terrasdebasto.pt\/?p=4194\",\"name\":\"Cerva: nova poesia de Manuela Vaz de Carvalho - Jornal Terras de Basto\",\"isPartOf\":{\"@id\":\"https:\/\/terrasdebasto.pt\/#website\"},\"primaryImageOfPage\":{\"@id\":\"https:\/\/terrasdebasto.pt\/?p=4194#primaryimage\"},\"image\":{\"@id\":\"https:\/\/terrasdebasto.pt\/?p=4194#primaryimage\"},\"thumbnailUrl\":\"https:\/\/terrasdebasto.pt\/wp-content\/uploads\/2025\/04\/GRAVETOS-100-scaled.jpg\",\"datePublished\":\"2025-04-24T11:54:06+00:00\",\"description\":\"Fez-se de poesia, com a mais recente produ\u00e7\u00e3o de Maria Manuela Vaz de Carvalho, o ser\u00e3o do Dia Mundial do Livro na Casa da Torre, em Cerva, Ribeira de Pena. A apresenta\u00e7\u00e3o de \u201cGravetos da Mem\u00f3ria\u201d desta professora aposentada, com ra\u00edzes afetivas na localidade, registou a participa\u00e7\u00e3o de amigos, familiares e autarcas locais.\",\"breadcrumb\":{\"@id\":\"https:\/\/terrasdebasto.pt\/?p=4194#breadcrumb\"},\"inLanguage\":\"pt-PT\",\"potentialAction\":[{\"@type\":\"ReadAction\",\"target\":[\"https:\/\/terrasdebasto.pt\/?p=4194\"]}]},{\"@type\":\"ImageObject\",\"inLanguage\":\"pt-PT\",\"@id\":\"https:\/\/terrasdebasto.pt\/?p=4194#primaryimage\",\"url\":\"https:\/\/terrasdebasto.pt\/wp-content\/uploads\/2025\/04\/GRAVETOS-100-scaled.jpg\",\"contentUrl\":\"https:\/\/terrasdebasto.pt\/wp-content\/uploads\/2025\/04\/GRAVETOS-100-scaled.jpg\",\"width\":2560,\"height\":1717},{\"@type\":\"BreadcrumbList\",\"@id\":\"https:\/\/terrasdebasto.pt\/?p=4194#breadcrumb\",\"itemListElement\":[{\"@type\":\"ListItem\",\"position\":1,\"name\":\"In\u00edcio\",\"item\":\"https:\/\/terrasdebasto.pt\/\"},{\"@type\":\"ListItem\",\"position\":2,\"name\":\"Cerva: nova poesia de Manuela Vaz de Carvalho\"}]},{\"@type\":\"WebSite\",\"@id\":\"https:\/\/terrasdebasto.pt\/#website\",\"url\":\"https:\/\/terrasdebasto.pt\/\",\"name\":\"Jornal Terras de Basto\",\"description\":\"\",\"publisher\":{\"@id\":\"https:\/\/terrasdebasto.pt\/#organization\"},\"potentialAction\":[{\"@type\":\"SearchAction\",\"target\":{\"@type\":\"EntryPoint\",\"urlTemplate\":\"https:\/\/terrasdebasto.pt\/?s={search_term_string}\"},\"query-input\":{\"@type\":\"PropertyValueSpecification\",\"valueRequired\":true,\"valueName\":\"search_term_string\"}}],\"inLanguage\":\"pt-PT\"},{\"@type\":\"Organization\",\"@id\":\"https:\/\/terrasdebasto.pt\/#organization\",\"name\":\"Jornal Terras de Basto\",\"url\":\"https:\/\/terrasdebasto.pt\/\",\"logo\":{\"@type\":\"ImageObject\",\"inLanguage\":\"pt-PT\",\"@id\":\"https:\/\/terrasdebasto.pt\/#\/schema\/logo\/image\/\",\"url\":\"https:\/\/terrasdebasto.pt\/wp-content\/uploads\/2024\/06\/LogoNormal.png\",\"contentUrl\":\"https:\/\/terrasdebasto.pt\/wp-content\/uploads\/2024\/06\/LogoNormal.png\",\"width\":5638,\"height\":809,\"caption\":\"Jornal Terras de Basto\"},\"image\":{\"@id\":\"https:\/\/terrasdebasto.pt\/#\/schema\/logo\/image\/\"}},{\"@type\":\"Person\",\"@id\":\"https:\/\/terrasdebasto.pt\/#\/schema\/person\/9f6739f5394ac65c802641773b278b84\",\"name\":\"Jo\u00e3o Paulo Mesquita\",\"image\":{\"@type\":\"ImageObject\",\"inLanguage\":\"pt-PT\",\"@id\":\"https:\/\/terrasdebasto.pt\/#\/schema\/person\/image\/\",\"url\":\"https:\/\/secure.gravatar.com\/avatar\/9bd0f299e6d96336664aab64354168246a3ee3287c47891c50d450e47ed9d7f9?s=96&d=mm&r=g\",\"contentUrl\":\"https:\/\/secure.gravatar.com\/avatar\/9bd0f299e6d96336664aab64354168246a3ee3287c47891c50d450e47ed9d7f9?s=96&d=mm&r=g\",\"caption\":\"Jo\u00e3o Paulo Mesquita\"},\"url\":\"https:\/\/terrasdebasto.pt\/?author=7\"}]}<\/script>\n<!-- \/ Yoast SEO plugin. -->","yoast_head_json":{"title":"Cerva: nova poesia de Manuela Vaz de Carvalho - Jornal Terras de Basto","description":"Fez-se de poesia, com a mais recente produ\u00e7\u00e3o de Maria Manuela Vaz de Carvalho, o ser\u00e3o do Dia Mundial do Livro na Casa da Torre, em Cerva, Ribeira de Pena. A apresenta\u00e7\u00e3o de \u201cGravetos da Mem\u00f3ria\u201d desta professora aposentada, com ra\u00edzes afetivas na localidade, registou a participa\u00e7\u00e3o de amigos, familiares e autarcas locais.","robots":{"index":"index","follow":"follow","max-snippet":"max-snippet:-1","max-image-preview":"max-image-preview:large","max-video-preview":"max-video-preview:-1"},"canonical":"https:\/\/terrasdebasto.pt\/?p=4194","og_locale":"pt_PT","og_type":"article","og_title":"Cerva: nova poesia de Manuela Vaz de Carvalho - Jornal Terras de Basto","og_description":"Fez-se de poesia, com a mais recente produ\u00e7\u00e3o de Maria Manuela Vaz de Carvalho, o ser\u00e3o do Dia Mundial do Livro na Casa da Torre, em Cerva, Ribeira de Pena. A apresenta\u00e7\u00e3o de \u201cGravetos da Mem\u00f3ria\u201d desta professora aposentada, com ra\u00edzes afetivas na localidade, registou a participa\u00e7\u00e3o de amigos, familiares e autarcas locais.","og_url":"https:\/\/terrasdebasto.pt\/?p=4194","og_site_name":"Jornal Terras de Basto","article_published_time":"2025-04-24T11:54:06+00:00","og_image":[{"width":2560,"height":1717,"url":"https:\/\/terrasdebasto.pt\/wp-content\/uploads\/2025\/04\/GRAVETOS-100-scaled.jpg","type":"image\/jpeg"}],"author":"Jo\u00e3o Paulo Mesquita","twitter_card":"summary_large_image","twitter_misc":{"Escrito por":"Jo\u00e3o Paulo Mesquita","Tempo estimado de leitura":"3 minutos"},"schema":{"@context":"https:\/\/schema.org","@graph":[{"@type":"Article","@id":"https:\/\/terrasdebasto.pt\/?p=4194#article","isPartOf":{"@id":"https:\/\/terrasdebasto.pt\/?p=4194"},"author":{"name":"Jo\u00e3o Paulo Mesquita","@id":"https:\/\/terrasdebasto.pt\/#\/schema\/person\/9f6739f5394ac65c802641773b278b84"},"headline":"Cerva: nova poesia de Manuela Vaz de Carvalho","datePublished":"2025-04-24T11:54:06+00:00","mainEntityOfPage":{"@id":"https:\/\/terrasdebasto.pt\/?p=4194"},"wordCount":230,"commentCount":0,"publisher":{"@id":"https:\/\/terrasdebasto.pt\/#organization"},"image":{"@id":"https:\/\/terrasdebasto.pt\/?p=4194#primaryimage"},"thumbnailUrl":"https:\/\/terrasdebasto.pt\/wp-content\/uploads\/2025\/04\/GRAVETOS-100-scaled.jpg","keywords":["Cerva","Maria Manuela Vaz de Carvalho","Poesia"],"articleSection":["Cultura","Ribeira de Pena","Terras de Basto"],"inLanguage":"pt-PT","potentialAction":[{"@type":"CommentAction","name":"Comment","target":["https:\/\/terrasdebasto.pt\/?p=4194#respond"]}]},{"@type":"WebPage","@id":"https:\/\/terrasdebasto.pt\/?p=4194","url":"https:\/\/terrasdebasto.pt\/?p=4194","name":"Cerva: nova poesia de Manuela Vaz de Carvalho - Jornal Terras de Basto","isPartOf":{"@id":"https:\/\/terrasdebasto.pt\/#website"},"primaryImageOfPage":{"@id":"https:\/\/terrasdebasto.pt\/?p=4194#primaryimage"},"image":{"@id":"https:\/\/terrasdebasto.pt\/?p=4194#primaryimage"},"thumbnailUrl":"https:\/\/terrasdebasto.pt\/wp-content\/uploads\/2025\/04\/GRAVETOS-100-scaled.jpg","datePublished":"2025-04-24T11:54:06+00:00","description":"Fez-se de poesia, com a mais recente produ\u00e7\u00e3o de Maria Manuela Vaz de Carvalho, o ser\u00e3o do Dia Mundial do Livro na Casa da Torre, em Cerva, Ribeira de Pena. A apresenta\u00e7\u00e3o de \u201cGravetos da Mem\u00f3ria\u201d desta professora aposentada, com ra\u00edzes afetivas na localidade, registou a participa\u00e7\u00e3o de amigos, familiares e autarcas locais.","breadcrumb":{"@id":"https:\/\/terrasdebasto.pt\/?p=4194#breadcrumb"},"inLanguage":"pt-PT","potentialAction":[{"@type":"ReadAction","target":["https:\/\/terrasdebasto.pt\/?p=4194"]}]},{"@type":"ImageObject","inLanguage":"pt-PT","@id":"https:\/\/terrasdebasto.pt\/?p=4194#primaryimage","url":"https:\/\/terrasdebasto.pt\/wp-content\/uploads\/2025\/04\/GRAVETOS-100-scaled.jpg","contentUrl":"https:\/\/terrasdebasto.pt\/wp-content\/uploads\/2025\/04\/GRAVETOS-100-scaled.jpg","width":2560,"height":1717},{"@type":"BreadcrumbList","@id":"https:\/\/terrasdebasto.pt\/?p=4194#breadcrumb","itemListElement":[{"@type":"ListItem","position":1,"name":"In\u00edcio","item":"https:\/\/terrasdebasto.pt\/"},{"@type":"ListItem","position":2,"name":"Cerva: nova poesia de Manuela Vaz de Carvalho"}]},{"@type":"WebSite","@id":"https:\/\/terrasdebasto.pt\/#website","url":"https:\/\/terrasdebasto.pt\/","name":"Jornal Terras de Basto","description":"","publisher":{"@id":"https:\/\/terrasdebasto.pt\/#organization"},"potentialAction":[{"@type":"SearchAction","target":{"@type":"EntryPoint","urlTemplate":"https:\/\/terrasdebasto.pt\/?s={search_term_string}"},"query-input":{"@type":"PropertyValueSpecification","valueRequired":true,"valueName":"search_term_string"}}],"inLanguage":"pt-PT"},{"@type":"Organization","@id":"https:\/\/terrasdebasto.pt\/#organization","name":"Jornal Terras de Basto","url":"https:\/\/terrasdebasto.pt\/","logo":{"@type":"ImageObject","inLanguage":"pt-PT","@id":"https:\/\/terrasdebasto.pt\/#\/schema\/logo\/image\/","url":"https:\/\/terrasdebasto.pt\/wp-content\/uploads\/2024\/06\/LogoNormal.png","contentUrl":"https:\/\/terrasdebasto.pt\/wp-content\/uploads\/2024\/06\/LogoNormal.png","width":5638,"height":809,"caption":"Jornal Terras de Basto"},"image":{"@id":"https:\/\/terrasdebasto.pt\/#\/schema\/logo\/image\/"}},{"@type":"Person","@id":"https:\/\/terrasdebasto.pt\/#\/schema\/person\/9f6739f5394ac65c802641773b278b84","name":"Jo\u00e3o Paulo Mesquita","image":{"@type":"ImageObject","inLanguage":"pt-PT","@id":"https:\/\/terrasdebasto.pt\/#\/schema\/person\/image\/","url":"https:\/\/secure.gravatar.com\/avatar\/9bd0f299e6d96336664aab64354168246a3ee3287c47891c50d450e47ed9d7f9?s=96&d=mm&r=g","contentUrl":"https:\/\/secure.gravatar.com\/avatar\/9bd0f299e6d96336664aab64354168246a3ee3287c47891c50d450e47ed9d7f9?s=96&d=mm&r=g","caption":"Jo\u00e3o Paulo Mesquita"},"url":"https:\/\/terrasdebasto.pt\/?author=7"}]}},"_links":{"self":[{"href":"https:\/\/terrasdebasto.pt\/index.php?rest_route=\/wp\/v2\/posts\/4194","targetHints":{"allow":["GET"]}}],"collection":[{"href":"https:\/\/terrasdebasto.pt\/index.php?rest_route=\/wp\/v2\/posts"}],"about":[{"href":"https:\/\/terrasdebasto.pt\/index.php?rest_route=\/wp\/v2\/types\/post"}],"author":[{"embeddable":true,"href":"https:\/\/terrasdebasto.pt\/index.php?rest_route=\/wp\/v2\/users\/7"}],"replies":[{"embeddable":true,"href":"https:\/\/terrasdebasto.pt\/index.php?rest_route=%2Fwp%2Fv2%2Fcomments&post=4194"}],"version-history":[{"count":1,"href":"https:\/\/terrasdebasto.pt\/index.php?rest_route=\/wp\/v2\/posts\/4194\/revisions"}],"predecessor-version":[{"id":4204,"href":"https:\/\/terrasdebasto.pt\/index.php?rest_route=\/wp\/v2\/posts\/4194\/revisions\/4204"}],"wp:featuredmedia":[{"embeddable":true,"href":"https:\/\/terrasdebasto.pt\/index.php?rest_route=\/wp\/v2\/media\/4195"}],"wp:attachment":[{"href":"https:\/\/terrasdebasto.pt\/index.php?rest_route=%2Fwp%2Fv2%2Fmedia&parent=4194"}],"wp:term":[{"taxonomy":"category","embeddable":true,"href":"https:\/\/terrasdebasto.pt\/index.php?rest_route=%2Fwp%2Fv2%2Fcategories&post=4194"},{"taxonomy":"post_tag","embeddable":true,"href":"https:\/\/terrasdebasto.pt\/index.php?rest_route=%2Fwp%2Fv2%2Ftags&post=4194"}],"curies":[{"name":"wp","href":"https:\/\/api.w.org\/{rel}","templated":true}]}}