{"id":401,"date":"2024-07-15T21:52:16","date_gmt":"2024-07-15T21:52:16","guid":{"rendered":"https:\/\/terrasdebasto.pt\/?p=401"},"modified":"2024-07-15T21:53:04","modified_gmt":"2024-07-15T21:53:04","slug":"uma-oficina-para-a-musica","status":"publish","type":"post","link":"https:\/\/terrasdebasto.pt\/?p=401","title":{"rendered":"Uma oficina para a m\u00fasica"},"content":{"rendered":"\n<p><strong>Erigido na d\u00e9cada de 70 do s\u00e9culo passado para fun\u00e7\u00f5es educativas convencionais, o inest\u00e9tico edif\u00edcio do \u201cciclo\u201d celoricense sofreu agora uma adapta\u00e7\u00e3o para nova miss\u00e3o, no caso para fun\u00e7\u00f5es educativas art\u00edsticas, of\u00edcios tradicionais e eventos culturais, passando a designar-se Oficina da M\u00fasica.<\/strong><\/p>\n\n\n\n<p>Depois de um investimento da ordem do milh\u00e3o de euros, comparticipado a 86% por fundos comunit\u00e1rios, a nova vida do edif\u00edcio \u2013 disse o presidente do executivo \u2013 \u00abespelha o que o munic\u00edpio tem procurado fazer um pouco por todo o concelho\u00bb, da requalifica\u00e7\u00e3o das antigas esta\u00e7\u00f5es de caminho-de-ferro \u00e0 adapta\u00e7\u00e3o de escolas, im\u00f3veis que d\u00e3o origem a novos espa\u00e7os, como por exemplo o Centro Cultural de Fermil e outros equipamentos que se prop\u00f5em dar resposta \u00e0s necessidades de habita\u00e7\u00e3o.<\/p>\n\n\n\n<p>O renovado im\u00f3vel, que se integra na mem\u00f3ria coletiva dos celoricenses, d\u00e1 assim guarida \u00e0 Academia de M\u00fasica de Basto e \u00e0 Banda Filarm\u00f3nica de Santa Tecla, a par de outras coletividades concelhias e de um espa\u00e7o de \u201ccoworking\u201d integrado na Rede Nacional de Espa\u00e7os de Teletrabalho.<\/p>\n\n\n\n<p>A Academia de M\u00fasica de Basto \u2013 relevou Peixoto Lima \u2013 tem desenvolvido \u00abum papel essencial no ensino da m\u00fasica\u00bb e tem sido \u00abimportante parceiro no enriquecimento deste territ\u00f3rio de interior\u00bb, desde logo ao permitir a igualdade de acesso ao ensino art\u00edstico, nomeadamente atrav\u00e9s de cursos oficiais de m\u00fasica nos regimes articulado, supletivo e livre, do pr\u00e9-escolar ao secund\u00e1rio. \u00abProva do excelente trabalho que desempenha, s\u00e3o in\u00fameras as suas participa\u00e7\u00f5es em concertos e outras iniciativas de \u00edndole cultural, quer nacional, quer internacional, de que se destacam as atua\u00e7\u00f5es no Centro Cultural de Bel\u00e9m, na Casa da M\u00fasica da Cidade do Porto e em encontros musicais em Houille, Paris\u00bb, sublinhou, evocando os 600 alunos que frequentam esta institui\u00e7\u00e3o com 25 anos de exist\u00eancia.<\/p>\n\n\n\n<p>Referindo-se \u00e0 Banda Filarm\u00f3nica de Santa Tecla, o autarca lembrou a sua cria\u00e7\u00e3o \u00abnos in\u00edcios do s\u00e9culo XX\u00bb, na freguesia hom\u00f3nima, e o facto de ter passado \u00abpor alguns per\u00edodos de interregno\u00bb, at\u00e9 ao renascimento em 1980, altura em que \u00abalguns m\u00fasicos apaixonados\u00bb lhe quiseram dar vida. \u00abHoje, com sangue novo e nas m\u00e3os de profundos amantes da m\u00fasica, a Banda, que conta com 50 elementos, reativou a Escola de M\u00fasica, frequentada por 15 alunos, contando com muitos outros formados ao longo da sua exist\u00eancia\u00bb, real\u00e7ou. <\/p>\n\n\n\n<p>A Oficina da M\u00fasica acolhe tamb\u00e9m uma exposi\u00e7\u00e3o \u2013 que o Terras de Basto n\u00e3o logrou apurar se tempor\u00e1ria ou permanente \u2013 dedicada a instrumentos de m\u00fasica mec\u00e2nica, propriedade do mondinense Joaquim Teixeira e que o Presidente da Rep\u00fablica considerou \u00abuma rel\u00edquia\u00bb. S\u00e3o cerca de uma centena de equipamentos, entre grafonolas de v\u00e1rios tipos, decora\u00e7\u00f5es e tamanhos, algumas com centenas de anos, todas operacionais, que \u00abenchem este espa\u00e7o de hist\u00f3ria\u00bb. <\/p>\n\n\n\n<p>\u00abEstamos perante pe\u00e7as extraordin\u00e1rias que nos fazem viajar no tempo e que nos demonstram como tudo evoluiu em t\u00e3o curto espa\u00e7o de tempo\u00bb, sublinhou Peixoto Lima, que acompanhou Marcelo Rebelo de Sousa na visita \u00e0 exposi\u00e7\u00e3o e aos v\u00e1rios espa\u00e7os da nova Oficina da M\u00fasica de Celorico de Basto. [JPM].<\/p>\n\n\n\n<figure class=\"wp-block-gallery has-nested-images columns-default is-cropped wp-block-gallery-1 is-layout-flex wp-block-gallery-is-layout-flex\">\n<figure class=\"wp-block-image size-large\"><img loading=\"lazy\" decoding=\"async\" width=\"1024\" height=\"719\" data-id=\"406\" src=\"https:\/\/terrasdebasto.pt\/wp-content\/uploads\/2024\/07\/IMG_4756-1-1024x719.jpg\" alt=\"\" class=\"wp-image-406\" srcset=\"https:\/\/terrasdebasto.pt\/wp-content\/uploads\/2024\/07\/IMG_4756-1-1024x719.jpg 1024w, https:\/\/terrasdebasto.pt\/wp-content\/uploads\/2024\/07\/IMG_4756-1-300x211.jpg 300w, https:\/\/terrasdebasto.pt\/wp-content\/uploads\/2024\/07\/IMG_4756-1-768x539.jpg 768w, https:\/\/terrasdebasto.pt\/wp-content\/uploads\/2024\/07\/IMG_4756-1-1536x1078.jpg 1536w, https:\/\/terrasdebasto.pt\/wp-content\/uploads\/2024\/07\/IMG_4756-1-2048x1438.jpg 2048w, https:\/\/terrasdebasto.pt\/wp-content\/uploads\/2024\/07\/IMG_4756-1-150x105.jpg 150w, https:\/\/terrasdebasto.pt\/wp-content\/uploads\/2024\/07\/IMG_4756-1-696x489.jpg 696w, https:\/\/terrasdebasto.pt\/wp-content\/uploads\/2024\/07\/IMG_4756-1-1068x750.jpg 1068w, https:\/\/terrasdebasto.pt\/wp-content\/uploads\/2024\/07\/IMG_4756-1-1920x1348.jpg 1920w\" sizes=\"auto, (max-width: 1024px) 100vw, 1024px\" \/><\/figure>\n\n\n\n<figure class=\"wp-block-image size-large\"><img loading=\"lazy\" decoding=\"async\" width=\"1024\" height=\"672\" data-id=\"405\" src=\"https:\/\/terrasdebasto.pt\/wp-content\/uploads\/2024\/07\/IMG_4792-1024x672.jpg\" alt=\"\" class=\"wp-image-405\" srcset=\"https:\/\/terrasdebasto.pt\/wp-content\/uploads\/2024\/07\/IMG_4792-1024x672.jpg 1024w, https:\/\/terrasdebasto.pt\/wp-content\/uploads\/2024\/07\/IMG_4792-300x197.jpg 300w, https:\/\/terrasdebasto.pt\/wp-content\/uploads\/2024\/07\/IMG_4792-768x504.jpg 768w, https:\/\/terrasdebasto.pt\/wp-content\/uploads\/2024\/07\/IMG_4792-1536x1007.jpg 1536w, https:\/\/terrasdebasto.pt\/wp-content\/uploads\/2024\/07\/IMG_4792-2048x1343.jpg 2048w, https:\/\/terrasdebasto.pt\/wp-content\/uploads\/2024\/07\/IMG_4792-150x98.jpg 150w, https:\/\/terrasdebasto.pt\/wp-content\/uploads\/2024\/07\/IMG_4792-696x457.jpg 696w, https:\/\/terrasdebasto.pt\/wp-content\/uploads\/2024\/07\/IMG_4792-1068x701.jpg 1068w, https:\/\/terrasdebasto.pt\/wp-content\/uploads\/2024\/07\/IMG_4792-1920x1259.jpg 1920w\" sizes=\"auto, (max-width: 1024px) 100vw, 1024px\" \/><\/figure>\n\n\n\n<figure class=\"wp-block-image size-large\"><img loading=\"lazy\" decoding=\"async\" width=\"1024\" height=\"683\" data-id=\"407\" src=\"https:\/\/terrasdebasto.pt\/wp-content\/uploads\/2024\/07\/IMG_4805-1024x683.jpg\" alt=\"\" class=\"wp-image-407\" srcset=\"https:\/\/terrasdebasto.pt\/wp-content\/uploads\/2024\/07\/IMG_4805-1024x683.jpg 1024w, https:\/\/terrasdebasto.pt\/wp-content\/uploads\/2024\/07\/IMG_4805-300x200.jpg 300w, https:\/\/terrasdebasto.pt\/wp-content\/uploads\/2024\/07\/IMG_4805-768x512.jpg 768w, https:\/\/terrasdebasto.pt\/wp-content\/uploads\/2024\/07\/IMG_4805-1536x1024.jpg 1536w, https:\/\/terrasdebasto.pt\/wp-content\/uploads\/2024\/07\/IMG_4805-2048x1365.jpg 2048w, https:\/\/terrasdebasto.pt\/wp-content\/uploads\/2024\/07\/IMG_4805-150x100.jpg 150w, https:\/\/terrasdebasto.pt\/wp-content\/uploads\/2024\/07\/IMG_4805-696x464.jpg 696w, https:\/\/terrasdebasto.pt\/wp-content\/uploads\/2024\/07\/IMG_4805-1068x712.jpg 1068w, https:\/\/terrasdebasto.pt\/wp-content\/uploads\/2024\/07\/IMG_4805-1920x1280.jpg 1920w\" sizes=\"auto, (max-width: 1024px) 100vw, 1024px\" \/><\/figure>\n<\/figure>\n","protected":false},"excerpt":{"rendered":"<p>Erigido na d\u00e9cada de 70 do s\u00e9culo passado para fun\u00e7\u00f5es educativas convencionais, o inest\u00e9tico edif\u00edcio do \u201cciclo\u201d celoricense sofreu agora uma adapta\u00e7\u00e3o para nova miss\u00e3o, no caso para fun\u00e7\u00f5es educativas art\u00edsticas, of\u00edcios tradicionais e eventos culturais, passando a designar-se Oficina da M\u00fasica. Depois de um investimento da ordem do milh\u00e3o de euros, comparticipado a 86% [&hellip;]<\/p>\n","protected":false},"author":7,"featured_media":408,"comment_status":"open","ping_status":"open","sticky":false,"template":"","format":"standard","meta":{"footnotes":""},"categories":[13,7,11,9],"tags":[],"class_list":{"0":"post-401","1":"post","2":"type-post","3":"status-publish","4":"format-standard","5":"has-post-thumbnail","7":"category-celorico-de-basto","8":"category-cultura","9":"category-educacao","10":"category-terras-de-basto"},"yoast_head":"<!-- This site is optimized with the Yoast SEO plugin v25.7 - https:\/\/yoast.com\/wordpress\/plugins\/seo\/ -->\n<title>Uma oficina para a m\u00fasica - Jornal Terras de Basto<\/title>\n<meta name=\"description\" content=\"Erigido na d\u00e9cada de 70 do s\u00e9culo passado para fun\u00e7\u00f5es educativas convencionais, o inest\u00e9tico edif\u00edcio do \u201cciclo\u201d celoricense sofreu agora uma adapta\u00e7\u00e3o para nova miss\u00e3o, no caso para fun\u00e7\u00f5es educativas art\u00edsticas, of\u00edcios tradicionais e eventos culturais, passando a designar-se Oficina da M\u00fasica.\" \/>\n<meta name=\"robots\" content=\"index, follow, max-snippet:-1, max-image-preview:large, max-video-preview:-1\" \/>\n<link rel=\"canonical\" href=\"https:\/\/terrasdebasto.pt\/?p=401\" \/>\n<meta property=\"og:locale\" content=\"pt_PT\" \/>\n<meta property=\"og:type\" content=\"article\" \/>\n<meta property=\"og:title\" content=\"Uma oficina para a m\u00fasica - Jornal Terras de Basto\" \/>\n<meta property=\"og:description\" content=\"Erigido na d\u00e9cada de 70 do s\u00e9culo passado para fun\u00e7\u00f5es educativas convencionais, o inest\u00e9tico edif\u00edcio do \u201cciclo\u201d celoricense sofreu agora uma adapta\u00e7\u00e3o para nova miss\u00e3o, no caso para fun\u00e7\u00f5es educativas art\u00edsticas, of\u00edcios tradicionais e eventos culturais, passando a designar-se Oficina da M\u00fasica.\" \/>\n<meta property=\"og:url\" content=\"https:\/\/terrasdebasto.pt\/?p=401\" \/>\n<meta property=\"og:site_name\" content=\"Jornal Terras de Basto\" \/>\n<meta property=\"article:published_time\" content=\"2024-07-15T21:52:16+00:00\" \/>\n<meta property=\"article:modified_time\" content=\"2024-07-15T21:53:04+00:00\" \/>\n<meta property=\"og:image\" content=\"https:\/\/terrasdebasto.pt\/wp-content\/uploads\/2024\/07\/FOTO-01-OFICINA-DA-MUSICA-2-scaled.jpg\" \/>\n\t<meta property=\"og:image:width\" content=\"2560\" \/>\n\t<meta property=\"og:image:height\" content=\"1886\" \/>\n\t<meta property=\"og:image:type\" content=\"image\/jpeg\" \/>\n<meta name=\"author\" content=\"Jo\u00e3o Paulo Mesquita\" \/>\n<meta name=\"twitter:card\" content=\"summary_large_image\" \/>\n<meta name=\"twitter:label1\" content=\"Escrito por\" \/>\n\t<meta name=\"twitter:data1\" content=\"Jo\u00e3o Paulo Mesquita\" \/>\n\t<meta name=\"twitter:label2\" content=\"Tempo estimado de leitura\" \/>\n\t<meta name=\"twitter:data2\" content=\"4 minutos\" \/>\n<script type=\"application\/ld+json\" class=\"yoast-schema-graph\">{\"@context\":\"https:\/\/schema.org\",\"@graph\":[{\"@type\":\"Article\",\"@id\":\"https:\/\/terrasdebasto.pt\/?p=401#article\",\"isPartOf\":{\"@id\":\"https:\/\/terrasdebasto.pt\/?p=401\"},\"author\":{\"name\":\"Jo\u00e3o Paulo Mesquita\",\"@id\":\"https:\/\/terrasdebasto.pt\/#\/schema\/person\/9f6739f5394ac65c802641773b278b84\"},\"headline\":\"Uma oficina para a m\u00fasica\",\"datePublished\":\"2024-07-15T21:52:16+00:00\",\"dateModified\":\"2024-07-15T21:53:04+00:00\",\"mainEntityOfPage\":{\"@id\":\"https:\/\/terrasdebasto.pt\/?p=401\"},\"wordCount\":564,\"commentCount\":0,\"publisher\":{\"@id\":\"https:\/\/terrasdebasto.pt\/#organization\"},\"image\":{\"@id\":\"https:\/\/terrasdebasto.pt\/?p=401#primaryimage\"},\"thumbnailUrl\":\"https:\/\/terrasdebasto.pt\/wp-content\/uploads\/2024\/07\/FOTO-01-OFICINA-DA-MUSICA-2-scaled.jpg\",\"articleSection\":[\"Celorico de Basto\",\"Cultura\",\"Educa\u00e7\u00e3o\",\"Terras de Basto\"],\"inLanguage\":\"pt-PT\",\"potentialAction\":[{\"@type\":\"CommentAction\",\"name\":\"Comment\",\"target\":[\"https:\/\/terrasdebasto.pt\/?p=401#respond\"]}]},{\"@type\":\"WebPage\",\"@id\":\"https:\/\/terrasdebasto.pt\/?p=401\",\"url\":\"https:\/\/terrasdebasto.pt\/?p=401\",\"name\":\"Uma oficina para a m\u00fasica - Jornal Terras de Basto\",\"isPartOf\":{\"@id\":\"https:\/\/terrasdebasto.pt\/#website\"},\"primaryImageOfPage\":{\"@id\":\"https:\/\/terrasdebasto.pt\/?p=401#primaryimage\"},\"image\":{\"@id\":\"https:\/\/terrasdebasto.pt\/?p=401#primaryimage\"},\"thumbnailUrl\":\"https:\/\/terrasdebasto.pt\/wp-content\/uploads\/2024\/07\/FOTO-01-OFICINA-DA-MUSICA-2-scaled.jpg\",\"datePublished\":\"2024-07-15T21:52:16+00:00\",\"dateModified\":\"2024-07-15T21:53:04+00:00\",\"description\":\"Erigido na d\u00e9cada de 70 do s\u00e9culo passado para fun\u00e7\u00f5es educativas convencionais, o inest\u00e9tico edif\u00edcio do \u201cciclo\u201d celoricense sofreu agora uma adapta\u00e7\u00e3o para nova miss\u00e3o, no caso para fun\u00e7\u00f5es educativas art\u00edsticas, of\u00edcios tradicionais e eventos culturais, passando a designar-se Oficina da M\u00fasica.\",\"breadcrumb\":{\"@id\":\"https:\/\/terrasdebasto.pt\/?p=401#breadcrumb\"},\"inLanguage\":\"pt-PT\",\"potentialAction\":[{\"@type\":\"ReadAction\",\"target\":[\"https:\/\/terrasdebasto.pt\/?p=401\"]}]},{\"@type\":\"ImageObject\",\"inLanguage\":\"pt-PT\",\"@id\":\"https:\/\/terrasdebasto.pt\/?p=401#primaryimage\",\"url\":\"https:\/\/terrasdebasto.pt\/wp-content\/uploads\/2024\/07\/FOTO-01-OFICINA-DA-MUSICA-2-scaled.jpg\",\"contentUrl\":\"https:\/\/terrasdebasto.pt\/wp-content\/uploads\/2024\/07\/FOTO-01-OFICINA-DA-MUSICA-2-scaled.jpg\",\"width\":2560,\"height\":1886},{\"@type\":\"BreadcrumbList\",\"@id\":\"https:\/\/terrasdebasto.pt\/?p=401#breadcrumb\",\"itemListElement\":[{\"@type\":\"ListItem\",\"position\":1,\"name\":\"In\u00edcio\",\"item\":\"https:\/\/terrasdebasto.pt\/\"},{\"@type\":\"ListItem\",\"position\":2,\"name\":\"Uma oficina para a m\u00fasica\"}]},{\"@type\":\"WebSite\",\"@id\":\"https:\/\/terrasdebasto.pt\/#website\",\"url\":\"https:\/\/terrasdebasto.pt\/\",\"name\":\"Jornal Terras de Basto\",\"description\":\"\",\"publisher\":{\"@id\":\"https:\/\/terrasdebasto.pt\/#organization\"},\"potentialAction\":[{\"@type\":\"SearchAction\",\"target\":{\"@type\":\"EntryPoint\",\"urlTemplate\":\"https:\/\/terrasdebasto.pt\/?s={search_term_string}\"},\"query-input\":{\"@type\":\"PropertyValueSpecification\",\"valueRequired\":true,\"valueName\":\"search_term_string\"}}],\"inLanguage\":\"pt-PT\"},{\"@type\":\"Organization\",\"@id\":\"https:\/\/terrasdebasto.pt\/#organization\",\"name\":\"Jornal Terras de Basto\",\"url\":\"https:\/\/terrasdebasto.pt\/\",\"logo\":{\"@type\":\"ImageObject\",\"inLanguage\":\"pt-PT\",\"@id\":\"https:\/\/terrasdebasto.pt\/#\/schema\/logo\/image\/\",\"url\":\"https:\/\/terrasdebasto.pt\/wp-content\/uploads\/2024\/06\/LogoNormal.png\",\"contentUrl\":\"https:\/\/terrasdebasto.pt\/wp-content\/uploads\/2024\/06\/LogoNormal.png\",\"width\":5638,\"height\":809,\"caption\":\"Jornal Terras de Basto\"},\"image\":{\"@id\":\"https:\/\/terrasdebasto.pt\/#\/schema\/logo\/image\/\"}},{\"@type\":\"Person\",\"@id\":\"https:\/\/terrasdebasto.pt\/#\/schema\/person\/9f6739f5394ac65c802641773b278b84\",\"name\":\"Jo\u00e3o Paulo Mesquita\",\"image\":{\"@type\":\"ImageObject\",\"inLanguage\":\"pt-PT\",\"@id\":\"https:\/\/terrasdebasto.pt\/#\/schema\/person\/image\/\",\"url\":\"https:\/\/secure.gravatar.com\/avatar\/9bd0f299e6d96336664aab64354168246a3ee3287c47891c50d450e47ed9d7f9?s=96&d=mm&r=g\",\"contentUrl\":\"https:\/\/secure.gravatar.com\/avatar\/9bd0f299e6d96336664aab64354168246a3ee3287c47891c50d450e47ed9d7f9?s=96&d=mm&r=g\",\"caption\":\"Jo\u00e3o Paulo Mesquita\"},\"url\":\"https:\/\/terrasdebasto.pt\/?author=7\"}]}<\/script>\n<!-- \/ Yoast SEO plugin. -->","yoast_head_json":{"title":"Uma oficina para a m\u00fasica - Jornal Terras de Basto","description":"Erigido na d\u00e9cada de 70 do s\u00e9culo passado para fun\u00e7\u00f5es educativas convencionais, o inest\u00e9tico edif\u00edcio do \u201cciclo\u201d celoricense sofreu agora uma adapta\u00e7\u00e3o para nova miss\u00e3o, no caso para fun\u00e7\u00f5es educativas art\u00edsticas, of\u00edcios tradicionais e eventos culturais, passando a designar-se Oficina da M\u00fasica.","robots":{"index":"index","follow":"follow","max-snippet":"max-snippet:-1","max-image-preview":"max-image-preview:large","max-video-preview":"max-video-preview:-1"},"canonical":"https:\/\/terrasdebasto.pt\/?p=401","og_locale":"pt_PT","og_type":"article","og_title":"Uma oficina para a m\u00fasica - Jornal Terras de Basto","og_description":"Erigido na d\u00e9cada de 70 do s\u00e9culo passado para fun\u00e7\u00f5es educativas convencionais, o inest\u00e9tico edif\u00edcio do \u201cciclo\u201d celoricense sofreu agora uma adapta\u00e7\u00e3o para nova miss\u00e3o, no caso para fun\u00e7\u00f5es educativas art\u00edsticas, of\u00edcios tradicionais e eventos culturais, passando a designar-se Oficina da M\u00fasica.","og_url":"https:\/\/terrasdebasto.pt\/?p=401","og_site_name":"Jornal Terras de Basto","article_published_time":"2024-07-15T21:52:16+00:00","article_modified_time":"2024-07-15T21:53:04+00:00","og_image":[{"width":2560,"height":1886,"url":"https:\/\/terrasdebasto.pt\/wp-content\/uploads\/2024\/07\/FOTO-01-OFICINA-DA-MUSICA-2-scaled.jpg","type":"image\/jpeg"}],"author":"Jo\u00e3o Paulo Mesquita","twitter_card":"summary_large_image","twitter_misc":{"Escrito por":"Jo\u00e3o Paulo Mesquita","Tempo estimado de leitura":"4 minutos"},"schema":{"@context":"https:\/\/schema.org","@graph":[{"@type":"Article","@id":"https:\/\/terrasdebasto.pt\/?p=401#article","isPartOf":{"@id":"https:\/\/terrasdebasto.pt\/?p=401"},"author":{"name":"Jo\u00e3o Paulo Mesquita","@id":"https:\/\/terrasdebasto.pt\/#\/schema\/person\/9f6739f5394ac65c802641773b278b84"},"headline":"Uma oficina para a m\u00fasica","datePublished":"2024-07-15T21:52:16+00:00","dateModified":"2024-07-15T21:53:04+00:00","mainEntityOfPage":{"@id":"https:\/\/terrasdebasto.pt\/?p=401"},"wordCount":564,"commentCount":0,"publisher":{"@id":"https:\/\/terrasdebasto.pt\/#organization"},"image":{"@id":"https:\/\/terrasdebasto.pt\/?p=401#primaryimage"},"thumbnailUrl":"https:\/\/terrasdebasto.pt\/wp-content\/uploads\/2024\/07\/FOTO-01-OFICINA-DA-MUSICA-2-scaled.jpg","articleSection":["Celorico de Basto","Cultura","Educa\u00e7\u00e3o","Terras de Basto"],"inLanguage":"pt-PT","potentialAction":[{"@type":"CommentAction","name":"Comment","target":["https:\/\/terrasdebasto.pt\/?p=401#respond"]}]},{"@type":"WebPage","@id":"https:\/\/terrasdebasto.pt\/?p=401","url":"https:\/\/terrasdebasto.pt\/?p=401","name":"Uma oficina para a m\u00fasica - Jornal Terras de Basto","isPartOf":{"@id":"https:\/\/terrasdebasto.pt\/#website"},"primaryImageOfPage":{"@id":"https:\/\/terrasdebasto.pt\/?p=401#primaryimage"},"image":{"@id":"https:\/\/terrasdebasto.pt\/?p=401#primaryimage"},"thumbnailUrl":"https:\/\/terrasdebasto.pt\/wp-content\/uploads\/2024\/07\/FOTO-01-OFICINA-DA-MUSICA-2-scaled.jpg","datePublished":"2024-07-15T21:52:16+00:00","dateModified":"2024-07-15T21:53:04+00:00","description":"Erigido na d\u00e9cada de 70 do s\u00e9culo passado para fun\u00e7\u00f5es educativas convencionais, o inest\u00e9tico edif\u00edcio do \u201cciclo\u201d celoricense sofreu agora uma adapta\u00e7\u00e3o para nova miss\u00e3o, no caso para fun\u00e7\u00f5es educativas art\u00edsticas, of\u00edcios tradicionais e eventos culturais, passando a designar-se Oficina da M\u00fasica.","breadcrumb":{"@id":"https:\/\/terrasdebasto.pt\/?p=401#breadcrumb"},"inLanguage":"pt-PT","potentialAction":[{"@type":"ReadAction","target":["https:\/\/terrasdebasto.pt\/?p=401"]}]},{"@type":"ImageObject","inLanguage":"pt-PT","@id":"https:\/\/terrasdebasto.pt\/?p=401#primaryimage","url":"https:\/\/terrasdebasto.pt\/wp-content\/uploads\/2024\/07\/FOTO-01-OFICINA-DA-MUSICA-2-scaled.jpg","contentUrl":"https:\/\/terrasdebasto.pt\/wp-content\/uploads\/2024\/07\/FOTO-01-OFICINA-DA-MUSICA-2-scaled.jpg","width":2560,"height":1886},{"@type":"BreadcrumbList","@id":"https:\/\/terrasdebasto.pt\/?p=401#breadcrumb","itemListElement":[{"@type":"ListItem","position":1,"name":"In\u00edcio","item":"https:\/\/terrasdebasto.pt\/"},{"@type":"ListItem","position":2,"name":"Uma oficina para a m\u00fasica"}]},{"@type":"WebSite","@id":"https:\/\/terrasdebasto.pt\/#website","url":"https:\/\/terrasdebasto.pt\/","name":"Jornal Terras de Basto","description":"","publisher":{"@id":"https:\/\/terrasdebasto.pt\/#organization"},"potentialAction":[{"@type":"SearchAction","target":{"@type":"EntryPoint","urlTemplate":"https:\/\/terrasdebasto.pt\/?s={search_term_string}"},"query-input":{"@type":"PropertyValueSpecification","valueRequired":true,"valueName":"search_term_string"}}],"inLanguage":"pt-PT"},{"@type":"Organization","@id":"https:\/\/terrasdebasto.pt\/#organization","name":"Jornal Terras de Basto","url":"https:\/\/terrasdebasto.pt\/","logo":{"@type":"ImageObject","inLanguage":"pt-PT","@id":"https:\/\/terrasdebasto.pt\/#\/schema\/logo\/image\/","url":"https:\/\/terrasdebasto.pt\/wp-content\/uploads\/2024\/06\/LogoNormal.png","contentUrl":"https:\/\/terrasdebasto.pt\/wp-content\/uploads\/2024\/06\/LogoNormal.png","width":5638,"height":809,"caption":"Jornal Terras de Basto"},"image":{"@id":"https:\/\/terrasdebasto.pt\/#\/schema\/logo\/image\/"}},{"@type":"Person","@id":"https:\/\/terrasdebasto.pt\/#\/schema\/person\/9f6739f5394ac65c802641773b278b84","name":"Jo\u00e3o Paulo Mesquita","image":{"@type":"ImageObject","inLanguage":"pt-PT","@id":"https:\/\/terrasdebasto.pt\/#\/schema\/person\/image\/","url":"https:\/\/secure.gravatar.com\/avatar\/9bd0f299e6d96336664aab64354168246a3ee3287c47891c50d450e47ed9d7f9?s=96&d=mm&r=g","contentUrl":"https:\/\/secure.gravatar.com\/avatar\/9bd0f299e6d96336664aab64354168246a3ee3287c47891c50d450e47ed9d7f9?s=96&d=mm&r=g","caption":"Jo\u00e3o Paulo Mesquita"},"url":"https:\/\/terrasdebasto.pt\/?author=7"}]}},"_links":{"self":[{"href":"https:\/\/terrasdebasto.pt\/index.php?rest_route=\/wp\/v2\/posts\/401","targetHints":{"allow":["GET"]}}],"collection":[{"href":"https:\/\/terrasdebasto.pt\/index.php?rest_route=\/wp\/v2\/posts"}],"about":[{"href":"https:\/\/terrasdebasto.pt\/index.php?rest_route=\/wp\/v2\/types\/post"}],"author":[{"embeddable":true,"href":"https:\/\/terrasdebasto.pt\/index.php?rest_route=\/wp\/v2\/users\/7"}],"replies":[{"embeddable":true,"href":"https:\/\/terrasdebasto.pt\/index.php?rest_route=%2Fwp%2Fv2%2Fcomments&post=401"}],"version-history":[{"count":2,"href":"https:\/\/terrasdebasto.pt\/index.php?rest_route=\/wp\/v2\/posts\/401\/revisions"}],"predecessor-version":[{"id":410,"href":"https:\/\/terrasdebasto.pt\/index.php?rest_route=\/wp\/v2\/posts\/401\/revisions\/410"}],"wp:featuredmedia":[{"embeddable":true,"href":"https:\/\/terrasdebasto.pt\/index.php?rest_route=\/wp\/v2\/media\/408"}],"wp:attachment":[{"href":"https:\/\/terrasdebasto.pt\/index.php?rest_route=%2Fwp%2Fv2%2Fmedia&parent=401"}],"wp:term":[{"taxonomy":"category","embeddable":true,"href":"https:\/\/terrasdebasto.pt\/index.php?rest_route=%2Fwp%2Fv2%2Fcategories&post=401"},{"taxonomy":"post_tag","embeddable":true,"href":"https:\/\/terrasdebasto.pt\/index.php?rest_route=%2Fwp%2Fv2%2Ftags&post=401"}],"curies":[{"name":"wp","href":"https:\/\/api.w.org\/{rel}","templated":true}]}}