{"id":3984,"date":"2025-04-06T02:40:56","date_gmt":"2025-04-06T02:40:56","guid":{"rendered":"https:\/\/terrasdebasto.pt\/?p=3984"},"modified":"2025-04-06T02:40:57","modified_gmt":"2025-04-06T02:40:57","slug":"externato-de-refojos-subiu-121-posicoes-no-ranking-das-escolas","status":"publish","type":"post","link":"https:\/\/terrasdebasto.pt\/?p=3984","title":{"rendered":"Externato de Refojos subiu 121 posi\u00e7\u00f5es no \u201cranking\u201d das escolas"},"content":{"rendered":"\n<p><strong>O Externato de Refojos, em Cabeceiras de Basto, ficou na 459\u00aa posi\u00e7\u00e3o no \u201cranking\u201d geral dos exames do secund\u00e1rio de 2024, com uma m\u00e9dia de 10,7 valores. \u00c9 uma subida de 121 posi\u00e7\u00f5es face a 2023, revela o jornal \u201cExpresso\u201d no trabalho que desenvolveu a partir da informa\u00e7\u00e3o oficial.<\/strong><\/p>\n\n\n\n<p>Comparando com a Escola B\u00e1sica e Secund\u00e1ria local, o \u201cranking\u201d das notas m\u00e9dias dos exames diz que a escola ocupa a posi\u00e7\u00e3o 414.\u00aa (10,8), enquanto o externato se fixou na 459.\u00aa posi\u00e7\u00e3o (10,7).<\/p>\n\n\n\n<p>Comparando com todas as escolas privadas do pa\u00eds, essa m\u00e9dia fica 2,39 valores abaixo e, face \u00e0s escolas p\u00fablicas, est\u00e1 0,54 valores abaixo. No externato, os alunos fizeram um total de 39 provas de exame no ano letivo de 2021\/22.<\/p>\n\n\n\n<p>Na disciplina de Portugu\u00eas, os alunos tiveram uma m\u00e9dia de 10,7 valores nos exames, abaixo da m\u00e9dia de 11,1 valores a n\u00edvel nacional. As notas nos exames de Matem\u00e1tica ficaram nos 11,1 valores, o que coloca a escola abaixo da m\u00e9dia de 12,1 valores dos restantes alunos do pa\u00eds.<\/p>\n\n\n\n<p>J\u00e1 a Biologia e Geologia, a m\u00e9dia das notas de exame foi de 9,6 valores, abaixo dos 9,9 a n\u00edvel nacional. Na disciplina de F\u00edsica e Qu\u00edmica, os alunos desta escola tiveram 11,1 valores, abaixo dos 11,6 valores dos colegas de todo o pa\u00eds.<\/p>\n\n\n\n<p>Quanto \u00e0s notas internas, as que s\u00e3o atribu\u00eddas por cada professor, os alunos desta escola tiveram uma m\u00e9dia de 16,6valores, contando com todas as disciplinas, incluindo as que n\u00e3o t\u00eam exame nacional. Esta m\u00e9dia fica 1,47 valores acima dos 15,13valores a n\u00edvel nacional.<\/p>\n","protected":false},"excerpt":{"rendered":"<p>O Externato de Refojos, em Cabeceiras de Basto, ficou na 459\u00aa posi\u00e7\u00e3o no \u201cranking\u201d geral dos exames do secund\u00e1rio de 2024, com uma m\u00e9dia de 10,7 valores. \u00c9 uma subida de 121 posi\u00e7\u00f5es face a 2023, revela o jornal \u201cExpresso\u201d no trabalho que desenvolveu a partir da informa\u00e7\u00e3o oficial. Comparando com a Escola B\u00e1sica e [&hellip;]<\/p>\n","protected":false},"author":7,"featured_media":3985,"comment_status":"open","ping_status":"open","sticky":false,"template":"","format":"standard","meta":{"footnotes":""},"categories":[12,7,11,9],"tags":[816,369,899],"class_list":{"0":"post-3984","1":"post","2":"type-post","3":"status-publish","4":"format-standard","5":"has-post-thumbnail","7":"category-cabeceiras-de-basto","8":"category-cultura","9":"category-educacao","10":"category-terras-de-basto","11":"tag-escolas","12":"tag-externato-de-refojos","13":"tag-ranking"},"yoast_head":"<!-- This site is optimized with the Yoast SEO plugin v25.7 - https:\/\/yoast.com\/wordpress\/plugins\/seo\/ -->\n<title>Externato de Refojos subiu 121 posi\u00e7\u00f5es no \u201cranking\u201d das escolas - Jornal Terras de Basto<\/title>\n<meta name=\"description\" content=\"O Externato de Refojos, em Cabeceiras de Basto, ficou na 459\u00aa posi\u00e7\u00e3o no \u201cranking\u201d geral dos exames do secund\u00e1rio de 2024, com uma m\u00e9dia de 10,7 valores. \u00c9 uma subida de 121 posi\u00e7\u00f5es face a 2023, revela o jornal \u201cExpresso\u201d no trabalho que desenvolveu a partir da informa\u00e7\u00e3o oficial.\" \/>\n<meta name=\"robots\" content=\"index, follow, max-snippet:-1, max-image-preview:large, max-video-preview:-1\" \/>\n<link rel=\"canonical\" href=\"https:\/\/terrasdebasto.pt\/?p=3984\" \/>\n<meta property=\"og:locale\" content=\"pt_PT\" \/>\n<meta property=\"og:type\" content=\"article\" \/>\n<meta property=\"og:title\" content=\"Externato de Refojos subiu 121 posi\u00e7\u00f5es no \u201cranking\u201d das escolas - Jornal Terras de Basto\" \/>\n<meta property=\"og:description\" content=\"O Externato de Refojos, em Cabeceiras de Basto, ficou na 459\u00aa posi\u00e7\u00e3o no \u201cranking\u201d geral dos exames do secund\u00e1rio de 2024, com uma m\u00e9dia de 10,7 valores. \u00c9 uma subida de 121 posi\u00e7\u00f5es face a 2023, revela o jornal \u201cExpresso\u201d no trabalho que desenvolveu a partir da informa\u00e7\u00e3o oficial.\" \/>\n<meta property=\"og:url\" content=\"https:\/\/terrasdebasto.pt\/?p=3984\" \/>\n<meta property=\"og:site_name\" content=\"Jornal Terras de Basto\" \/>\n<meta property=\"article:published_time\" content=\"2025-04-06T02:40:56+00:00\" \/>\n<meta property=\"article:modified_time\" content=\"2025-04-06T02:40:57+00:00\" \/>\n<meta property=\"og:image\" content=\"https:\/\/terrasdebasto.pt\/wp-content\/uploads\/2025\/04\/EXTERNATO-REFOJOS.jpg\" \/>\n\t<meta property=\"og:image:width\" content=\"800\" \/>\n\t<meta property=\"og:image:height\" content=\"600\" \/>\n\t<meta property=\"og:image:type\" content=\"image\/jpeg\" \/>\n<meta name=\"author\" content=\"Jo\u00e3o Paulo Mesquita\" \/>\n<meta name=\"twitter:card\" content=\"summary_large_image\" \/>\n<meta name=\"twitter:label1\" content=\"Escrito por\" \/>\n\t<meta name=\"twitter:data1\" content=\"Jo\u00e3o Paulo Mesquita\" \/>\n\t<meta name=\"twitter:label2\" content=\"Tempo estimado de leitura\" \/>\n\t<meta name=\"twitter:data2\" content=\"2 minutos\" \/>\n<script type=\"application\/ld+json\" class=\"yoast-schema-graph\">{\"@context\":\"https:\/\/schema.org\",\"@graph\":[{\"@type\":\"Article\",\"@id\":\"https:\/\/terrasdebasto.pt\/?p=3984#article\",\"isPartOf\":{\"@id\":\"https:\/\/terrasdebasto.pt\/?p=3984\"},\"author\":{\"name\":\"Jo\u00e3o Paulo Mesquita\",\"@id\":\"https:\/\/terrasdebasto.pt\/#\/schema\/person\/9f6739f5394ac65c802641773b278b84\"},\"headline\":\"Externato de Refojos subiu 121 posi\u00e7\u00f5es no \u201cranking\u201d das escolas\",\"datePublished\":\"2025-04-06T02:40:56+00:00\",\"dateModified\":\"2025-04-06T02:40:57+00:00\",\"mainEntityOfPage\":{\"@id\":\"https:\/\/terrasdebasto.pt\/?p=3984\"},\"wordCount\":277,\"commentCount\":0,\"publisher\":{\"@id\":\"https:\/\/terrasdebasto.pt\/#organization\"},\"image\":{\"@id\":\"https:\/\/terrasdebasto.pt\/?p=3984#primaryimage\"},\"thumbnailUrl\":\"https:\/\/terrasdebasto.pt\/wp-content\/uploads\/2025\/04\/EXTERNATO-REFOJOS.jpg\",\"keywords\":[\"Escolas\",\"Externato de Refojos\",\"Ranking\"],\"articleSection\":[\"Cabeceiras de Basto\",\"Cultura\",\"Educa\u00e7\u00e3o\",\"Terras de Basto\"],\"inLanguage\":\"pt-PT\",\"potentialAction\":[{\"@type\":\"CommentAction\",\"name\":\"Comment\",\"target\":[\"https:\/\/terrasdebasto.pt\/?p=3984#respond\"]}]},{\"@type\":\"WebPage\",\"@id\":\"https:\/\/terrasdebasto.pt\/?p=3984\",\"url\":\"https:\/\/terrasdebasto.pt\/?p=3984\",\"name\":\"Externato de Refojos subiu 121 posi\u00e7\u00f5es no \u201cranking\u201d das escolas - Jornal Terras de Basto\",\"isPartOf\":{\"@id\":\"https:\/\/terrasdebasto.pt\/#website\"},\"primaryImageOfPage\":{\"@id\":\"https:\/\/terrasdebasto.pt\/?p=3984#primaryimage\"},\"image\":{\"@id\":\"https:\/\/terrasdebasto.pt\/?p=3984#primaryimage\"},\"thumbnailUrl\":\"https:\/\/terrasdebasto.pt\/wp-content\/uploads\/2025\/04\/EXTERNATO-REFOJOS.jpg\",\"datePublished\":\"2025-04-06T02:40:56+00:00\",\"dateModified\":\"2025-04-06T02:40:57+00:00\",\"description\":\"O Externato de Refojos, em Cabeceiras de Basto, ficou na 459\u00aa posi\u00e7\u00e3o no \u201cranking\u201d geral dos exames do secund\u00e1rio de 2024, com uma m\u00e9dia de 10,7 valores. \u00c9 uma subida de 121 posi\u00e7\u00f5es face a 2023, revela o jornal \u201cExpresso\u201d no trabalho que desenvolveu a partir da informa\u00e7\u00e3o oficial.\",\"breadcrumb\":{\"@id\":\"https:\/\/terrasdebasto.pt\/?p=3984#breadcrumb\"},\"inLanguage\":\"pt-PT\",\"potentialAction\":[{\"@type\":\"ReadAction\",\"target\":[\"https:\/\/terrasdebasto.pt\/?p=3984\"]}]},{\"@type\":\"ImageObject\",\"inLanguage\":\"pt-PT\",\"@id\":\"https:\/\/terrasdebasto.pt\/?p=3984#primaryimage\",\"url\":\"https:\/\/terrasdebasto.pt\/wp-content\/uploads\/2025\/04\/EXTERNATO-REFOJOS.jpg\",\"contentUrl\":\"https:\/\/terrasdebasto.pt\/wp-content\/uploads\/2025\/04\/EXTERNATO-REFOJOS.jpg\",\"width\":800,\"height\":600},{\"@type\":\"BreadcrumbList\",\"@id\":\"https:\/\/terrasdebasto.pt\/?p=3984#breadcrumb\",\"itemListElement\":[{\"@type\":\"ListItem\",\"position\":1,\"name\":\"In\u00edcio\",\"item\":\"https:\/\/terrasdebasto.pt\/\"},{\"@type\":\"ListItem\",\"position\":2,\"name\":\"Externato de Refojos subiu 121 posi\u00e7\u00f5es no \u201cranking\u201d das escolas\"}]},{\"@type\":\"WebSite\",\"@id\":\"https:\/\/terrasdebasto.pt\/#website\",\"url\":\"https:\/\/terrasdebasto.pt\/\",\"name\":\"Jornal Terras de Basto\",\"description\":\"\",\"publisher\":{\"@id\":\"https:\/\/terrasdebasto.pt\/#organization\"},\"potentialAction\":[{\"@type\":\"SearchAction\",\"target\":{\"@type\":\"EntryPoint\",\"urlTemplate\":\"https:\/\/terrasdebasto.pt\/?s={search_term_string}\"},\"query-input\":{\"@type\":\"PropertyValueSpecification\",\"valueRequired\":true,\"valueName\":\"search_term_string\"}}],\"inLanguage\":\"pt-PT\"},{\"@type\":\"Organization\",\"@id\":\"https:\/\/terrasdebasto.pt\/#organization\",\"name\":\"Jornal Terras de Basto\",\"url\":\"https:\/\/terrasdebasto.pt\/\",\"logo\":{\"@type\":\"ImageObject\",\"inLanguage\":\"pt-PT\",\"@id\":\"https:\/\/terrasdebasto.pt\/#\/schema\/logo\/image\/\",\"url\":\"https:\/\/terrasdebasto.pt\/wp-content\/uploads\/2024\/06\/LogoNormal.png\",\"contentUrl\":\"https:\/\/terrasdebasto.pt\/wp-content\/uploads\/2024\/06\/LogoNormal.png\",\"width\":5638,\"height\":809,\"caption\":\"Jornal Terras de Basto\"},\"image\":{\"@id\":\"https:\/\/terrasdebasto.pt\/#\/schema\/logo\/image\/\"}},{\"@type\":\"Person\",\"@id\":\"https:\/\/terrasdebasto.pt\/#\/schema\/person\/9f6739f5394ac65c802641773b278b84\",\"name\":\"Jo\u00e3o Paulo Mesquita\",\"image\":{\"@type\":\"ImageObject\",\"inLanguage\":\"pt-PT\",\"@id\":\"https:\/\/terrasdebasto.pt\/#\/schema\/person\/image\/\",\"url\":\"https:\/\/secure.gravatar.com\/avatar\/9bd0f299e6d96336664aab64354168246a3ee3287c47891c50d450e47ed9d7f9?s=96&d=mm&r=g\",\"contentUrl\":\"https:\/\/secure.gravatar.com\/avatar\/9bd0f299e6d96336664aab64354168246a3ee3287c47891c50d450e47ed9d7f9?s=96&d=mm&r=g\",\"caption\":\"Jo\u00e3o Paulo Mesquita\"},\"url\":\"https:\/\/terrasdebasto.pt\/?author=7\"}]}<\/script>\n<!-- \/ Yoast SEO plugin. -->","yoast_head_json":{"title":"Externato de Refojos subiu 121 posi\u00e7\u00f5es no \u201cranking\u201d das escolas - Jornal Terras de Basto","description":"O Externato de Refojos, em Cabeceiras de Basto, ficou na 459\u00aa posi\u00e7\u00e3o no \u201cranking\u201d geral dos exames do secund\u00e1rio de 2024, com uma m\u00e9dia de 10,7 valores. \u00c9 uma subida de 121 posi\u00e7\u00f5es face a 2023, revela o jornal \u201cExpresso\u201d no trabalho que desenvolveu a partir da informa\u00e7\u00e3o oficial.","robots":{"index":"index","follow":"follow","max-snippet":"max-snippet:-1","max-image-preview":"max-image-preview:large","max-video-preview":"max-video-preview:-1"},"canonical":"https:\/\/terrasdebasto.pt\/?p=3984","og_locale":"pt_PT","og_type":"article","og_title":"Externato de Refojos subiu 121 posi\u00e7\u00f5es no \u201cranking\u201d das escolas - Jornal Terras de Basto","og_description":"O Externato de Refojos, em Cabeceiras de Basto, ficou na 459\u00aa posi\u00e7\u00e3o no \u201cranking\u201d geral dos exames do secund\u00e1rio de 2024, com uma m\u00e9dia de 10,7 valores. \u00c9 uma subida de 121 posi\u00e7\u00f5es face a 2023, revela o jornal \u201cExpresso\u201d no trabalho que desenvolveu a partir da informa\u00e7\u00e3o oficial.","og_url":"https:\/\/terrasdebasto.pt\/?p=3984","og_site_name":"Jornal Terras de Basto","article_published_time":"2025-04-06T02:40:56+00:00","article_modified_time":"2025-04-06T02:40:57+00:00","og_image":[{"width":800,"height":600,"url":"https:\/\/terrasdebasto.pt\/wp-content\/uploads\/2025\/04\/EXTERNATO-REFOJOS.jpg","type":"image\/jpeg"}],"author":"Jo\u00e3o Paulo Mesquita","twitter_card":"summary_large_image","twitter_misc":{"Escrito por":"Jo\u00e3o Paulo Mesquita","Tempo estimado de leitura":"2 minutos"},"schema":{"@context":"https:\/\/schema.org","@graph":[{"@type":"Article","@id":"https:\/\/terrasdebasto.pt\/?p=3984#article","isPartOf":{"@id":"https:\/\/terrasdebasto.pt\/?p=3984"},"author":{"name":"Jo\u00e3o Paulo Mesquita","@id":"https:\/\/terrasdebasto.pt\/#\/schema\/person\/9f6739f5394ac65c802641773b278b84"},"headline":"Externato de Refojos subiu 121 posi\u00e7\u00f5es no \u201cranking\u201d das escolas","datePublished":"2025-04-06T02:40:56+00:00","dateModified":"2025-04-06T02:40:57+00:00","mainEntityOfPage":{"@id":"https:\/\/terrasdebasto.pt\/?p=3984"},"wordCount":277,"commentCount":0,"publisher":{"@id":"https:\/\/terrasdebasto.pt\/#organization"},"image":{"@id":"https:\/\/terrasdebasto.pt\/?p=3984#primaryimage"},"thumbnailUrl":"https:\/\/terrasdebasto.pt\/wp-content\/uploads\/2025\/04\/EXTERNATO-REFOJOS.jpg","keywords":["Escolas","Externato de Refojos","Ranking"],"articleSection":["Cabeceiras de Basto","Cultura","Educa\u00e7\u00e3o","Terras de Basto"],"inLanguage":"pt-PT","potentialAction":[{"@type":"CommentAction","name":"Comment","target":["https:\/\/terrasdebasto.pt\/?p=3984#respond"]}]},{"@type":"WebPage","@id":"https:\/\/terrasdebasto.pt\/?p=3984","url":"https:\/\/terrasdebasto.pt\/?p=3984","name":"Externato de Refojos subiu 121 posi\u00e7\u00f5es no \u201cranking\u201d das escolas - Jornal Terras de Basto","isPartOf":{"@id":"https:\/\/terrasdebasto.pt\/#website"},"primaryImageOfPage":{"@id":"https:\/\/terrasdebasto.pt\/?p=3984#primaryimage"},"image":{"@id":"https:\/\/terrasdebasto.pt\/?p=3984#primaryimage"},"thumbnailUrl":"https:\/\/terrasdebasto.pt\/wp-content\/uploads\/2025\/04\/EXTERNATO-REFOJOS.jpg","datePublished":"2025-04-06T02:40:56+00:00","dateModified":"2025-04-06T02:40:57+00:00","description":"O Externato de Refojos, em Cabeceiras de Basto, ficou na 459\u00aa posi\u00e7\u00e3o no \u201cranking\u201d geral dos exames do secund\u00e1rio de 2024, com uma m\u00e9dia de 10,7 valores. \u00c9 uma subida de 121 posi\u00e7\u00f5es face a 2023, revela o jornal \u201cExpresso\u201d no trabalho que desenvolveu a partir da informa\u00e7\u00e3o oficial.","breadcrumb":{"@id":"https:\/\/terrasdebasto.pt\/?p=3984#breadcrumb"},"inLanguage":"pt-PT","potentialAction":[{"@type":"ReadAction","target":["https:\/\/terrasdebasto.pt\/?p=3984"]}]},{"@type":"ImageObject","inLanguage":"pt-PT","@id":"https:\/\/terrasdebasto.pt\/?p=3984#primaryimage","url":"https:\/\/terrasdebasto.pt\/wp-content\/uploads\/2025\/04\/EXTERNATO-REFOJOS.jpg","contentUrl":"https:\/\/terrasdebasto.pt\/wp-content\/uploads\/2025\/04\/EXTERNATO-REFOJOS.jpg","width":800,"height":600},{"@type":"BreadcrumbList","@id":"https:\/\/terrasdebasto.pt\/?p=3984#breadcrumb","itemListElement":[{"@type":"ListItem","position":1,"name":"In\u00edcio","item":"https:\/\/terrasdebasto.pt\/"},{"@type":"ListItem","position":2,"name":"Externato de Refojos subiu 121 posi\u00e7\u00f5es no \u201cranking\u201d das escolas"}]},{"@type":"WebSite","@id":"https:\/\/terrasdebasto.pt\/#website","url":"https:\/\/terrasdebasto.pt\/","name":"Jornal Terras de Basto","description":"","publisher":{"@id":"https:\/\/terrasdebasto.pt\/#organization"},"potentialAction":[{"@type":"SearchAction","target":{"@type":"EntryPoint","urlTemplate":"https:\/\/terrasdebasto.pt\/?s={search_term_string}"},"query-input":{"@type":"PropertyValueSpecification","valueRequired":true,"valueName":"search_term_string"}}],"inLanguage":"pt-PT"},{"@type":"Organization","@id":"https:\/\/terrasdebasto.pt\/#organization","name":"Jornal Terras de Basto","url":"https:\/\/terrasdebasto.pt\/","logo":{"@type":"ImageObject","inLanguage":"pt-PT","@id":"https:\/\/terrasdebasto.pt\/#\/schema\/logo\/image\/","url":"https:\/\/terrasdebasto.pt\/wp-content\/uploads\/2024\/06\/LogoNormal.png","contentUrl":"https:\/\/terrasdebasto.pt\/wp-content\/uploads\/2024\/06\/LogoNormal.png","width":5638,"height":809,"caption":"Jornal Terras de Basto"},"image":{"@id":"https:\/\/terrasdebasto.pt\/#\/schema\/logo\/image\/"}},{"@type":"Person","@id":"https:\/\/terrasdebasto.pt\/#\/schema\/person\/9f6739f5394ac65c802641773b278b84","name":"Jo\u00e3o Paulo Mesquita","image":{"@type":"ImageObject","inLanguage":"pt-PT","@id":"https:\/\/terrasdebasto.pt\/#\/schema\/person\/image\/","url":"https:\/\/secure.gravatar.com\/avatar\/9bd0f299e6d96336664aab64354168246a3ee3287c47891c50d450e47ed9d7f9?s=96&d=mm&r=g","contentUrl":"https:\/\/secure.gravatar.com\/avatar\/9bd0f299e6d96336664aab64354168246a3ee3287c47891c50d450e47ed9d7f9?s=96&d=mm&r=g","caption":"Jo\u00e3o Paulo Mesquita"},"url":"https:\/\/terrasdebasto.pt\/?author=7"}]}},"_links":{"self":[{"href":"https:\/\/terrasdebasto.pt\/index.php?rest_route=\/wp\/v2\/posts\/3984","targetHints":{"allow":["GET"]}}],"collection":[{"href":"https:\/\/terrasdebasto.pt\/index.php?rest_route=\/wp\/v2\/posts"}],"about":[{"href":"https:\/\/terrasdebasto.pt\/index.php?rest_route=\/wp\/v2\/types\/post"}],"author":[{"embeddable":true,"href":"https:\/\/terrasdebasto.pt\/index.php?rest_route=\/wp\/v2\/users\/7"}],"replies":[{"embeddable":true,"href":"https:\/\/terrasdebasto.pt\/index.php?rest_route=%2Fwp%2Fv2%2Fcomments&post=3984"}],"version-history":[{"count":1,"href":"https:\/\/terrasdebasto.pt\/index.php?rest_route=\/wp\/v2\/posts\/3984\/revisions"}],"predecessor-version":[{"id":3986,"href":"https:\/\/terrasdebasto.pt\/index.php?rest_route=\/wp\/v2\/posts\/3984\/revisions\/3986"}],"wp:featuredmedia":[{"embeddable":true,"href":"https:\/\/terrasdebasto.pt\/index.php?rest_route=\/wp\/v2\/media\/3985"}],"wp:attachment":[{"href":"https:\/\/terrasdebasto.pt\/index.php?rest_route=%2Fwp%2Fv2%2Fmedia&parent=3984"}],"wp:term":[{"taxonomy":"category","embeddable":true,"href":"https:\/\/terrasdebasto.pt\/index.php?rest_route=%2Fwp%2Fv2%2Fcategories&post=3984"},{"taxonomy":"post_tag","embeddable":true,"href":"https:\/\/terrasdebasto.pt\/index.php?rest_route=%2Fwp%2Fv2%2Ftags&post=3984"}],"curies":[{"name":"wp","href":"https:\/\/api.w.org\/{rel}","templated":true}]}}