{"id":3931,"date":"2025-04-03T14:50:39","date_gmt":"2025-04-03T14:50:39","guid":{"rendered":"https:\/\/terrasdebasto.pt\/?p=3931"},"modified":"2025-04-03T14:50:39","modified_gmt":"2025-04-03T14:50:39","slug":"presidente-da-camara-nao-esta-disponivel-para-responder-a-estas-questoes","status":"publish","type":"post","link":"https:\/\/terrasdebasto.pt\/?p=3931","title":{"rendered":"Presidente da C\u00e2mara \u00abn\u00e3o est\u00e1 dispon\u00edvel para responder\u00bb a estas quest\u00f5es"},"content":{"rendered":"\n<p><\/p>\n\n\n\n<p><strong><em>O Terras de Basto, em contexto de final dos mandatos aut\u00e1rquicos, decidiu propor aos l\u00edderes municipais da sua incid\u00eancia regional uma entrevista que permitisse uma esp\u00e9cie de balan\u00e7o e de prospetiva eleitoral. Considerou que o modelo mais adequado \u00e0s circunst\u00e2ncias, para obter respostas fundamentadas, era o da entrevista fechada, remetida por escrito. Tal como deram conta as tr\u00eas edi\u00e7\u00f5es imediatamente anteriores, com mais ou menos objetividade, tr\u00eas presidentes responderam afirmativamente a essa colabora\u00e7\u00e3o. Foram eles os sociais-democratas Jos\u00e9 Peixoto Lima (Celorico de Basto) e Bruno Ferreira (Mondim de Basto) e o socialista Jo\u00e3o Noronha (Ribeira de Pena). Contrariamente a esta disponibilidade \u2013 que, penhoradamente, agradecemos \u2013, o presidente da C\u00e2mara de Cabeceiras de Basto, o socialista Francisco Teixeira Alves, mandou dizer agora, atrav\u00e9s do seu gabinete, que \u00abn\u00e3o est\u00e1 dispon\u00edvel para responder \u00e0s quest\u00f5es formuladas\u00bb. Para que o leitor saiba do que estamos a falar, decidiu a dire\u00e7\u00e3o do jornal tornar p\u00fablicas as quest\u00f5es a que o autarca cabeceirense preferiu n\u00e3o responder.<\/em><\/strong><\/p>\n\n\n\n<p><strong>Jo\u00e3o Paulo Mesquita, diretor (CP8809)<\/strong><\/p>\n\n\n\n<p>1 &#8212; Este n\u00e3o tem sido um mandato f\u00e1cil, pois n\u00e3o? Se lhe foi f\u00e1cil garantir a governa\u00e7\u00e3o em minoria, com o total apoio dos dois vereadores do movimento \u201cIPC\u201d, acabou por ser um mandato\u2026 quezilento. N\u00e3o acha?<\/p>\n\n\n\n<p>2 \u2013 Para al\u00e9m disso, que balan\u00e7o faz da sua governa\u00e7\u00e3o nestes \u00faltimos quatro anos? Foi um bom mandato?<\/p>\n\n\n\n<p>3 &#8212; Falemos de coisas concretas\u2026 V\u00e1rias vezes ouvimos o l\u00edder da oposi\u00e7\u00e3o dar-lhe os parab\u00e9ns pelo abatimento \u00e0 d\u00edvida municipal. Acha que ele faz isso por satisfa\u00e7\u00e3o pr\u00f3pria ao verificar a \u201cpoupan\u00e7a\u201d que o Senhor consegue ou, antes, por verificar que, se prefere abater \u00e0 d\u00edvida, \u00e9 porque n\u00e3o faz obra e que os cabeceirenses lhe v\u00e3o cobrar isso nas elei\u00e7\u00f5es?<\/p>\n\n\n\n<p>4 &#8212; Como est\u00e3o, efetivamente, as contas do munic\u00edpio? Qual \u00e9 o montante da d\u00edvida hoje?<\/p>\n\n\n\n<p>5 \u2013 A prop\u00f3sito, qual \u00e9 o tempo de pagamento a fornecedores?<\/p>\n\n\n\n<p>6 &#8212; Passemos ao trabalho feito, come\u00e7ando pelo material. Que obra f\u00edsica vai ficar a marcar este mandato? E al\u00e9m dessa, que outras destaca?<\/p>\n\n\n\n<p>7 &#8212; Os cabeceirenses d\u00e3o conta ami\u00fade do p\u00e9ssimo estado em que se encontra a rede vi\u00e1ria interna\u2026 D\u00e3o conta do mau-estado de conserva\u00e7\u00e3o de v\u00e1rios equipamentos, designadamente os desportivos. Acha que n\u00e3o t\u00eam raz\u00e3o?<\/p>\n\n\n\n<p>8 &#8212; Este foi o mandato em que o munic\u00edpio recebeu um conjunto de servi\u00e7os transferidos da administra\u00e7\u00e3o central, designadamente nas \u00e1reas da Sa\u00fade, da A\u00e7\u00e3o Social, da Educa\u00e7\u00e3o\u2026 Que balan\u00e7o faz? Acha que funcionam melhor agora?<\/p>\n\n\n\n<p>9 &#8212; Neste \u00e2mbito, quando vai fazer as obras de reabilita\u00e7\u00e3o dos centros de sa\u00fade? Que dinheiro lhe deu Lisboa para esse efeito?<\/p>\n\n\n\n<p>10 &#8212; E o parque escolar, como est\u00e1? Quais s\u00e3o as debilidades nesta \u00e1rea?<\/p>\n\n\n\n<p>11 &#8212; A prop\u00f3sito, quando julga que vai estar resolvido o problema que mant\u00e9m fechado h\u00e1 dois anos o Jardim de Inf\u00e2ncia de Olela, em Basto? O Senhor nunca quis explicar publicamente qual era o problema, remetendo culpas para a autoridade de sa\u00fade\u2026 Quer explicar agora? \u00c9 ou n\u00e3o \u00e9 um problema semelhante ao que fechou dois anos o Centro Comunit\u00e1rio de Cavez?<\/p>\n\n\n\n<p>12 &#8212; Por falar em Cavez, \u00e9 l\u00e1 que se situa um dos grandes problemas que tem para resolver\u2026 Quando vai dizer aos cabeceirenses que a Pista Internacional de Pesca n\u00e3o ter\u00e1 mais condi\u00e7\u00f5es para funcionar? O Senhor j\u00e1 foi dizendo que s\u00f3 ir\u00e1 funcionar uns meses\u2026 Mas, a verdade\u2026 Quando a vai contar aos mun\u00edcipes?<\/p>\n\n\n\n<p>13 &#8212; Outro problema que lhe tem dado \u00e1gua pelas barbas \u00e9 o do prometido centro desportivo que deveria substituir o est\u00e1dio municipal das Cerdeirinhas. Anunciou agora a inten\u00e7\u00e3o de reabilitar as atuais instala\u00e7\u00f5es, em ru\u00edna. Por que desistiu do centro desportivo que prometeu espalhafatosamente antes das elei\u00e7\u00f5es para este mandato?<\/p>\n\n\n\n<p>14 &#8212; Por que n\u00e3o investiu mais cedo o 1,2 milh\u00f5es de euros que destina a esta obra, evitando que tivesse chegado ao estado em que se encontra?<\/p>\n\n\n\n<p>15 &#8212; Mudemos de assunto. Qua \u00e9 a realidade do concelho no que respeita \u00e0s redes b\u00e1sicas: abastecimento de \u00e1gua, saneamento, recolha de res\u00edduos, recolha seletiva, eletricidade, g\u00e1s natural, comunica\u00e7\u00f5es\/fibra \u00f3tica?<\/p>\n\n\n\n<p>16 &#8212; O Senhor, que at\u00e9 tem feito algum trabalho no plano imaterial, por exemplo no que respeita \u00e0 valoriza\u00e7\u00e3o do patrim\u00f3nio cultural, nunca sentiu vontade de encontrar dinheiro para um p\u00f3lo cultural na vila-sede, que tivesse um audit\u00f3rio decente, por exemplo?<\/p>\n\n\n\n<p>17 &#8212; Antecipando de alguma forma a sua campanha, \u00e9 capaz de indicar duas ou tr\u00eas ideias que vai apresentar aos cabeceirenses para os pr\u00f3ximos anos?<\/p>\n\n\n\n<p>18 &#8212; A oposi\u00e7\u00e3o insinua que, ao contratar este ano cerca de 100 novos funcion\u00e1rios para o munic\u00edpio, est\u00e1 a procurar tirar dividendos eleitorais desse facto. \u00c9 leg\u00edtima essa desconfian\u00e7a?<\/p>\n\n\n\n<p>19 &#8212; Passemos para quest\u00f5es mais pol\u00edticas\u2026 Por que afastou Joaquim Barreto das suas rela\u00e7\u00f5es e, concomitantemente, do processo aut\u00e1rquico? J\u00e1 estava farto de o aturar? Aquela hist\u00f3ria de n\u00e3o pagar as despesas do alojamento em Lisboa \u00e0 delega\u00e7\u00e3o de Refojos foi apenas um \u00e1libi para se zangar com ele?&#8230;<\/p>\n\n\n\n<p>20 &#8212; Por falar nisso, j\u00e1 mandou pagar ao hotel a hospedagem ou ainda est\u00e1 \u00e0 espera de alguma coisa?<\/p>\n\n\n\n<p>21 &#8212; O facto de n\u00e3o ter integrado o grupo partid\u00e1rio que foi convidar Joaquim Barreto para recandidato do PS \u00e0 Assembleia Municipal \u2013 afinal, o rosto que sempre apareceu ao seu lado \u2013 enquadra-se no mesmo esp\u00edrito das quest\u00f5es anteriores? A ideia era mesmo a de fazer tudo para o menorizar, para que tomasse a iniciativa de bater com a porta?\u2026<\/p>\n\n\n\n<p>22 &#8212; \u00daltima pergunta sobre este assunto: acha que vai conseguir ganhar as elei\u00e7\u00f5es deste ano sem Joaquim Barreto do seu lado? Melhor, com Joaquim Barreto zangado?<\/p>\n\n\n\n<p>23 &#8212; Durante todo este mandato, foi poss\u00edvel confirmar o total alinhamento entre si e os vereadores do \u201cIPC\u201d. O Senhor gostava que regressassem ao PS? \u00c9 capaz de me dizer se est\u00e1 a preparar um acordo eleitoral com o \u201cIPC\u201d? Ou vai preferir esperar pelos resultados eleitorais e avaliar ent\u00e3o essa eventualidade?<\/p>\n\n\n\n<p>24 &#8212; O Senhor e o seu vice-presidente, enquanto dirigentes do PS, exigiram ao partido um mandato em branco para elaborarem as listas aut\u00e1rquicas a vosso bel-prazer. N\u00e3o acha que est\u00e3o a perverter o processo democr\u00e1tico? Acha que o PS\/Cabeceiras sai bem nessa fotografia?<\/p>\n\n\n\n<p>25 &#8212; Vai manter os lugares cimeiros da lista socialista igual \u00e0 das \u00faltimas aut\u00e1rquicas? Fernando Basto voltar\u00e1 a ser o seu vice-presidente? E a primeira mulher da lista continua a ser Carla Lousada?<\/p>\n\n\n\n<p>26 &#8212; Que opini\u00e3o tem do l\u00edder da oposi\u00e7\u00e3o e candidato ao seu lugar, Manuel Ant\u00f3nio Teixeira?<\/p>\n\n\n\n<p>27 &#8212; Acha que Joaquim Barreto vai resistir mesmo \u00e0 tenta\u00e7\u00e3o de se candidatar contra si?<\/p>\n\n\n\n<p>28 &#8212; Duas \u00faltimas quest\u00f5es: a primeira para lhe perguntar se n\u00e3o acha que o facto de ter nomeado a sua mulher diretora da \u201cBasto Vida\u201d, em que o munic\u00edpio representa 80% do capital, lhe prejudica a independ\u00eancia e a respeitabilidade pol\u00edtica? Para l\u00e1 das quest\u00f5es legais, nunca viu nisso qualquer problema \u00e9tico?<\/p>\n\n\n\n<p>30 &#8212; A \u00faltima \u00e9 mesmo para lhe perguntar por que raz\u00e3o est\u00e1 a discriminar o Terras de Basto, passando dinheiro para outros dois jornais locais \u2013 um afeto ao PS e outro ao IPC \u2013 e negando apoio a este que \u00e9 o jornal de maior expans\u00e3o regional e maior express\u00e3o editorial? O que tem contra o Terras de Basto? N\u00e3o se sente mal por ser o \u00fanico que n\u00e3o apoia este projeto jornal\u00edstico independente?&#8230;<\/p>\n","protected":false},"excerpt":{"rendered":"<p>O Terras de Basto, em contexto de final dos mandatos aut\u00e1rquicos, decidiu propor aos l\u00edderes municipais da sua incid\u00eancia regional uma entrevista que permitisse uma esp\u00e9cie de balan\u00e7o e de prospetiva eleitoral. Considerou que o modelo mais adequado \u00e0s circunst\u00e2ncias, para obter respostas fundamentadas, era o da entrevista fechada, remetida por escrito. Tal como deram [&hellip;]<\/p>\n","protected":false},"author":7,"featured_media":3932,"comment_status":"open","ping_status":"open","sticky":false,"template":"","format":"standard","meta":{"footnotes":""},"categories":[12,9],"tags":[361,810],"class_list":{"0":"post-3931","1":"post","2":"type-post","3":"status-publish","4":"format-standard","5":"has-post-thumbnail","7":"category-cabeceiras-de-basto","8":"category-terras-de-basto","9":"tag-camara-municipal-cabeceiras-de-basto","10":"tag-francisco-alves"},"yoast_head":"<!-- This site is optimized with the Yoast SEO plugin v25.7 - https:\/\/yoast.com\/wordpress\/plugins\/seo\/ -->\n<title>Presidente da C\u00e2mara \u00abn\u00e3o est\u00e1 dispon\u00edvel para responder\u00bb a estas quest\u00f5es - Jornal Terras de Basto<\/title>\n<meta name=\"description\" content=\"O Terras de Basto, em contexto de final dos mandatos aut\u00e1rquicos, decidiu propor aos l\u00edderes municipais da sua incid\u00eancia regional uma entrevista que permitisse uma esp\u00e9cie de balan\u00e7o e de prospetiva eleitoral. Considerou que o modelo mais adequado \u00e0s circunst\u00e2ncias, para obter respostas fundamentadas, era o da entrevista fechada, remetida por escrito. Tal como deram conta as tr\u00eas edi\u00e7\u00f5es imediatamente anteriores, com mais ou menos objetividade, tr\u00eas presidentes responderam afirmativamente a essa colabora\u00e7\u00e3o. Foram eles os sociais-democratas Jos\u00e9 Peixoto Lima (Celorico de Basto) e Bruno Ferreira (Mondim de Basto) e o socialista Jo\u00e3o Noronha (Ribeira de Pena). Contrariamente a esta disponibilidade \u2013 que, penhoradamente, agradecemos \u2013, o presidente da C\u00e2mara de Cabeceiras de Basto, o socialista Francisco Teixeira Alves, mandou dizer agora, atrav\u00e9s do seu gabinete, que \u00abn\u00e3o est\u00e1 dispon\u00edvel para responder \u00e0s quest\u00f5es formuladas\u00bb. Para que o leitor saiba do que estamos a falar, decidiu a dire\u00e7\u00e3o do jornal tornar p\u00fablicas as quest\u00f5es a que o autarca cabeceirense preferiu n\u00e3o responder.\" \/>\n<meta name=\"robots\" content=\"index, follow, max-snippet:-1, max-image-preview:large, max-video-preview:-1\" \/>\n<link rel=\"canonical\" href=\"https:\/\/terrasdebasto.pt\/?p=3931\" \/>\n<meta property=\"og:locale\" content=\"pt_PT\" \/>\n<meta property=\"og:type\" content=\"article\" \/>\n<meta property=\"og:title\" content=\"Presidente da C\u00e2mara \u00abn\u00e3o est\u00e1 dispon\u00edvel para responder\u00bb a estas quest\u00f5es - Jornal Terras de Basto\" \/>\n<meta property=\"og:description\" content=\"O Terras de Basto, em contexto de final dos mandatos aut\u00e1rquicos, decidiu propor aos l\u00edderes municipais da sua incid\u00eancia regional uma entrevista que permitisse uma esp\u00e9cie de balan\u00e7o e de prospetiva eleitoral. Considerou que o modelo mais adequado \u00e0s circunst\u00e2ncias, para obter respostas fundamentadas, era o da entrevista fechada, remetida por escrito. Tal como deram conta as tr\u00eas edi\u00e7\u00f5es imediatamente anteriores, com mais ou menos objetividade, tr\u00eas presidentes responderam afirmativamente a essa colabora\u00e7\u00e3o. Foram eles os sociais-democratas Jos\u00e9 Peixoto Lima (Celorico de Basto) e Bruno Ferreira (Mondim de Basto) e o socialista Jo\u00e3o Noronha (Ribeira de Pena). Contrariamente a esta disponibilidade \u2013 que, penhoradamente, agradecemos \u2013, o presidente da C\u00e2mara de Cabeceiras de Basto, o socialista Francisco Teixeira Alves, mandou dizer agora, atrav\u00e9s do seu gabinete, que \u00abn\u00e3o est\u00e1 dispon\u00edvel para responder \u00e0s quest\u00f5es formuladas\u00bb. Para que o leitor saiba do que estamos a falar, decidiu a dire\u00e7\u00e3o do jornal tornar p\u00fablicas as quest\u00f5es a que o autarca cabeceirense preferiu n\u00e3o responder.\" \/>\n<meta property=\"og:url\" content=\"https:\/\/terrasdebasto.pt\/?p=3931\" \/>\n<meta property=\"og:site_name\" content=\"Jornal Terras de Basto\" \/>\n<meta property=\"article:published_time\" content=\"2025-04-03T14:50:39+00:00\" \/>\n<meta property=\"og:image\" content=\"https:\/\/terrasdebasto.pt\/wp-content\/uploads\/2025\/04\/FOTO-FRANCISCO-ALVES.jpg\" \/>\n\t<meta property=\"og:image:width\" content=\"750\" \/>\n\t<meta property=\"og:image:height\" content=\"394\" \/>\n\t<meta property=\"og:image:type\" content=\"image\/jpeg\" \/>\n<meta name=\"author\" content=\"Jo\u00e3o Paulo Mesquita\" \/>\n<meta name=\"twitter:card\" content=\"summary_large_image\" \/>\n<meta name=\"twitter:label1\" content=\"Escrito por\" \/>\n\t<meta name=\"twitter:data1\" content=\"Jo\u00e3o Paulo Mesquita\" \/>\n\t<meta name=\"twitter:label2\" content=\"Tempo estimado de leitura\" \/>\n\t<meta name=\"twitter:data2\" content=\"7 minutos\" \/>\n<script type=\"application\/ld+json\" class=\"yoast-schema-graph\">{\"@context\":\"https:\/\/schema.org\",\"@graph\":[{\"@type\":\"Article\",\"@id\":\"https:\/\/terrasdebasto.pt\/?p=3931#article\",\"isPartOf\":{\"@id\":\"https:\/\/terrasdebasto.pt\/?p=3931\"},\"author\":{\"name\":\"Jo\u00e3o Paulo Mesquita\",\"@id\":\"https:\/\/terrasdebasto.pt\/#\/schema\/person\/9f6739f5394ac65c802641773b278b84\"},\"headline\":\"Presidente da C\u00e2mara \u00abn\u00e3o est\u00e1 dispon\u00edvel para responder\u00bb a estas quest\u00f5es\",\"datePublished\":\"2025-04-03T14:50:39+00:00\",\"mainEntityOfPage\":{\"@id\":\"https:\/\/terrasdebasto.pt\/?p=3931\"},\"wordCount\":1318,\"commentCount\":0,\"publisher\":{\"@id\":\"https:\/\/terrasdebasto.pt\/#organization\"},\"image\":{\"@id\":\"https:\/\/terrasdebasto.pt\/?p=3931#primaryimage\"},\"thumbnailUrl\":\"https:\/\/terrasdebasto.pt\/wp-content\/uploads\/2025\/04\/FOTO-FRANCISCO-ALVES.jpg\",\"keywords\":[\"C\u00e2mara Municipal Cabeceiras de Basto\",\"Francisco Alves\"],\"articleSection\":[\"Cabeceiras de Basto\",\"Terras de Basto\"],\"inLanguage\":\"pt-PT\",\"potentialAction\":[{\"@type\":\"CommentAction\",\"name\":\"Comment\",\"target\":[\"https:\/\/terrasdebasto.pt\/?p=3931#respond\"]}]},{\"@type\":\"WebPage\",\"@id\":\"https:\/\/terrasdebasto.pt\/?p=3931\",\"url\":\"https:\/\/terrasdebasto.pt\/?p=3931\",\"name\":\"Presidente da C\u00e2mara \u00abn\u00e3o est\u00e1 dispon\u00edvel para responder\u00bb a estas quest\u00f5es - Jornal Terras de Basto\",\"isPartOf\":{\"@id\":\"https:\/\/terrasdebasto.pt\/#website\"},\"primaryImageOfPage\":{\"@id\":\"https:\/\/terrasdebasto.pt\/?p=3931#primaryimage\"},\"image\":{\"@id\":\"https:\/\/terrasdebasto.pt\/?p=3931#primaryimage\"},\"thumbnailUrl\":\"https:\/\/terrasdebasto.pt\/wp-content\/uploads\/2025\/04\/FOTO-FRANCISCO-ALVES.jpg\",\"datePublished\":\"2025-04-03T14:50:39+00:00\",\"description\":\"O Terras de Basto, em contexto de final dos mandatos aut\u00e1rquicos, decidiu propor aos l\u00edderes municipais da sua incid\u00eancia regional uma entrevista que permitisse uma esp\u00e9cie de balan\u00e7o e de prospetiva eleitoral. Considerou que o modelo mais adequado \u00e0s circunst\u00e2ncias, para obter respostas fundamentadas, era o da entrevista fechada, remetida por escrito. Tal como deram conta as tr\u00eas edi\u00e7\u00f5es imediatamente anteriores, com mais ou menos objetividade, tr\u00eas presidentes responderam afirmativamente a essa colabora\u00e7\u00e3o. Foram eles os sociais-democratas Jos\u00e9 Peixoto Lima (Celorico de Basto) e Bruno Ferreira (Mondim de Basto) e o socialista Jo\u00e3o Noronha (Ribeira de Pena). Contrariamente a esta disponibilidade \u2013 que, penhoradamente, agradecemos \u2013, o presidente da C\u00e2mara de Cabeceiras de Basto, o socialista Francisco Teixeira Alves, mandou dizer agora, atrav\u00e9s do seu gabinete, que \u00abn\u00e3o est\u00e1 dispon\u00edvel para responder \u00e0s quest\u00f5es formuladas\u00bb. Para que o leitor saiba do que estamos a falar, decidiu a dire\u00e7\u00e3o do jornal tornar p\u00fablicas as quest\u00f5es a que o autarca cabeceirense preferiu n\u00e3o responder.\",\"breadcrumb\":{\"@id\":\"https:\/\/terrasdebasto.pt\/?p=3931#breadcrumb\"},\"inLanguage\":\"pt-PT\",\"potentialAction\":[{\"@type\":\"ReadAction\",\"target\":[\"https:\/\/terrasdebasto.pt\/?p=3931\"]}]},{\"@type\":\"ImageObject\",\"inLanguage\":\"pt-PT\",\"@id\":\"https:\/\/terrasdebasto.pt\/?p=3931#primaryimage\",\"url\":\"https:\/\/terrasdebasto.pt\/wp-content\/uploads\/2025\/04\/FOTO-FRANCISCO-ALVES.jpg\",\"contentUrl\":\"https:\/\/terrasdebasto.pt\/wp-content\/uploads\/2025\/04\/FOTO-FRANCISCO-ALVES.jpg\",\"width\":750,\"height\":394},{\"@type\":\"BreadcrumbList\",\"@id\":\"https:\/\/terrasdebasto.pt\/?p=3931#breadcrumb\",\"itemListElement\":[{\"@type\":\"ListItem\",\"position\":1,\"name\":\"In\u00edcio\",\"item\":\"https:\/\/terrasdebasto.pt\/\"},{\"@type\":\"ListItem\",\"position\":2,\"name\":\"Presidente da C\u00e2mara \u00abn\u00e3o est\u00e1 dispon\u00edvel para responder\u00bb a estas quest\u00f5es\"}]},{\"@type\":\"WebSite\",\"@id\":\"https:\/\/terrasdebasto.pt\/#website\",\"url\":\"https:\/\/terrasdebasto.pt\/\",\"name\":\"Jornal Terras de Basto\",\"description\":\"\",\"publisher\":{\"@id\":\"https:\/\/terrasdebasto.pt\/#organization\"},\"potentialAction\":[{\"@type\":\"SearchAction\",\"target\":{\"@type\":\"EntryPoint\",\"urlTemplate\":\"https:\/\/terrasdebasto.pt\/?s={search_term_string}\"},\"query-input\":{\"@type\":\"PropertyValueSpecification\",\"valueRequired\":true,\"valueName\":\"search_term_string\"}}],\"inLanguage\":\"pt-PT\"},{\"@type\":\"Organization\",\"@id\":\"https:\/\/terrasdebasto.pt\/#organization\",\"name\":\"Jornal Terras de Basto\",\"url\":\"https:\/\/terrasdebasto.pt\/\",\"logo\":{\"@type\":\"ImageObject\",\"inLanguage\":\"pt-PT\",\"@id\":\"https:\/\/terrasdebasto.pt\/#\/schema\/logo\/image\/\",\"url\":\"https:\/\/terrasdebasto.pt\/wp-content\/uploads\/2024\/06\/LogoNormal.png\",\"contentUrl\":\"https:\/\/terrasdebasto.pt\/wp-content\/uploads\/2024\/06\/LogoNormal.png\",\"width\":5638,\"height\":809,\"caption\":\"Jornal Terras de Basto\"},\"image\":{\"@id\":\"https:\/\/terrasdebasto.pt\/#\/schema\/logo\/image\/\"}},{\"@type\":\"Person\",\"@id\":\"https:\/\/terrasdebasto.pt\/#\/schema\/person\/9f6739f5394ac65c802641773b278b84\",\"name\":\"Jo\u00e3o Paulo Mesquita\",\"image\":{\"@type\":\"ImageObject\",\"inLanguage\":\"pt-PT\",\"@id\":\"https:\/\/terrasdebasto.pt\/#\/schema\/person\/image\/\",\"url\":\"https:\/\/secure.gravatar.com\/avatar\/9bd0f299e6d96336664aab64354168246a3ee3287c47891c50d450e47ed9d7f9?s=96&d=mm&r=g\",\"contentUrl\":\"https:\/\/secure.gravatar.com\/avatar\/9bd0f299e6d96336664aab64354168246a3ee3287c47891c50d450e47ed9d7f9?s=96&d=mm&r=g\",\"caption\":\"Jo\u00e3o Paulo Mesquita\"},\"url\":\"https:\/\/terrasdebasto.pt\/?author=7\"}]}<\/script>\n<!-- \/ Yoast SEO plugin. -->","yoast_head_json":{"title":"Presidente da C\u00e2mara \u00abn\u00e3o est\u00e1 dispon\u00edvel para responder\u00bb a estas quest\u00f5es - Jornal Terras de Basto","description":"O Terras de Basto, em contexto de final dos mandatos aut\u00e1rquicos, decidiu propor aos l\u00edderes municipais da sua incid\u00eancia regional uma entrevista que permitisse uma esp\u00e9cie de balan\u00e7o e de prospetiva eleitoral. Considerou que o modelo mais adequado \u00e0s circunst\u00e2ncias, para obter respostas fundamentadas, era o da entrevista fechada, remetida por escrito. Tal como deram conta as tr\u00eas edi\u00e7\u00f5es imediatamente anteriores, com mais ou menos objetividade, tr\u00eas presidentes responderam afirmativamente a essa colabora\u00e7\u00e3o. Foram eles os sociais-democratas Jos\u00e9 Peixoto Lima (Celorico de Basto) e Bruno Ferreira (Mondim de Basto) e o socialista Jo\u00e3o Noronha (Ribeira de Pena). Contrariamente a esta disponibilidade \u2013 que, penhoradamente, agradecemos \u2013, o presidente da C\u00e2mara de Cabeceiras de Basto, o socialista Francisco Teixeira Alves, mandou dizer agora, atrav\u00e9s do seu gabinete, que \u00abn\u00e3o est\u00e1 dispon\u00edvel para responder \u00e0s quest\u00f5es formuladas\u00bb. Para que o leitor saiba do que estamos a falar, decidiu a dire\u00e7\u00e3o do jornal tornar p\u00fablicas as quest\u00f5es a que o autarca cabeceirense preferiu n\u00e3o responder.","robots":{"index":"index","follow":"follow","max-snippet":"max-snippet:-1","max-image-preview":"max-image-preview:large","max-video-preview":"max-video-preview:-1"},"canonical":"https:\/\/terrasdebasto.pt\/?p=3931","og_locale":"pt_PT","og_type":"article","og_title":"Presidente da C\u00e2mara \u00abn\u00e3o est\u00e1 dispon\u00edvel para responder\u00bb a estas quest\u00f5es - Jornal Terras de Basto","og_description":"O Terras de Basto, em contexto de final dos mandatos aut\u00e1rquicos, decidiu propor aos l\u00edderes municipais da sua incid\u00eancia regional uma entrevista que permitisse uma esp\u00e9cie de balan\u00e7o e de prospetiva eleitoral. Considerou que o modelo mais adequado \u00e0s circunst\u00e2ncias, para obter respostas fundamentadas, era o da entrevista fechada, remetida por escrito. Tal como deram conta as tr\u00eas edi\u00e7\u00f5es imediatamente anteriores, com mais ou menos objetividade, tr\u00eas presidentes responderam afirmativamente a essa colabora\u00e7\u00e3o. Foram eles os sociais-democratas Jos\u00e9 Peixoto Lima (Celorico de Basto) e Bruno Ferreira (Mondim de Basto) e o socialista Jo\u00e3o Noronha (Ribeira de Pena). Contrariamente a esta disponibilidade \u2013 que, penhoradamente, agradecemos \u2013, o presidente da C\u00e2mara de Cabeceiras de Basto, o socialista Francisco Teixeira Alves, mandou dizer agora, atrav\u00e9s do seu gabinete, que \u00abn\u00e3o est\u00e1 dispon\u00edvel para responder \u00e0s quest\u00f5es formuladas\u00bb. Para que o leitor saiba do que estamos a falar, decidiu a dire\u00e7\u00e3o do jornal tornar p\u00fablicas as quest\u00f5es a que o autarca cabeceirense preferiu n\u00e3o responder.","og_url":"https:\/\/terrasdebasto.pt\/?p=3931","og_site_name":"Jornal Terras de Basto","article_published_time":"2025-04-03T14:50:39+00:00","og_image":[{"width":750,"height":394,"url":"https:\/\/terrasdebasto.pt\/wp-content\/uploads\/2025\/04\/FOTO-FRANCISCO-ALVES.jpg","type":"image\/jpeg"}],"author":"Jo\u00e3o Paulo Mesquita","twitter_card":"summary_large_image","twitter_misc":{"Escrito por":"Jo\u00e3o Paulo Mesquita","Tempo estimado de leitura":"7 minutos"},"schema":{"@context":"https:\/\/schema.org","@graph":[{"@type":"Article","@id":"https:\/\/terrasdebasto.pt\/?p=3931#article","isPartOf":{"@id":"https:\/\/terrasdebasto.pt\/?p=3931"},"author":{"name":"Jo\u00e3o Paulo Mesquita","@id":"https:\/\/terrasdebasto.pt\/#\/schema\/person\/9f6739f5394ac65c802641773b278b84"},"headline":"Presidente da C\u00e2mara \u00abn\u00e3o est\u00e1 dispon\u00edvel para responder\u00bb a estas quest\u00f5es","datePublished":"2025-04-03T14:50:39+00:00","mainEntityOfPage":{"@id":"https:\/\/terrasdebasto.pt\/?p=3931"},"wordCount":1318,"commentCount":0,"publisher":{"@id":"https:\/\/terrasdebasto.pt\/#organization"},"image":{"@id":"https:\/\/terrasdebasto.pt\/?p=3931#primaryimage"},"thumbnailUrl":"https:\/\/terrasdebasto.pt\/wp-content\/uploads\/2025\/04\/FOTO-FRANCISCO-ALVES.jpg","keywords":["C\u00e2mara Municipal Cabeceiras de Basto","Francisco Alves"],"articleSection":["Cabeceiras de Basto","Terras de Basto"],"inLanguage":"pt-PT","potentialAction":[{"@type":"CommentAction","name":"Comment","target":["https:\/\/terrasdebasto.pt\/?p=3931#respond"]}]},{"@type":"WebPage","@id":"https:\/\/terrasdebasto.pt\/?p=3931","url":"https:\/\/terrasdebasto.pt\/?p=3931","name":"Presidente da C\u00e2mara \u00abn\u00e3o est\u00e1 dispon\u00edvel para responder\u00bb a estas quest\u00f5es - Jornal Terras de Basto","isPartOf":{"@id":"https:\/\/terrasdebasto.pt\/#website"},"primaryImageOfPage":{"@id":"https:\/\/terrasdebasto.pt\/?p=3931#primaryimage"},"image":{"@id":"https:\/\/terrasdebasto.pt\/?p=3931#primaryimage"},"thumbnailUrl":"https:\/\/terrasdebasto.pt\/wp-content\/uploads\/2025\/04\/FOTO-FRANCISCO-ALVES.jpg","datePublished":"2025-04-03T14:50:39+00:00","description":"O Terras de Basto, em contexto de final dos mandatos aut\u00e1rquicos, decidiu propor aos l\u00edderes municipais da sua incid\u00eancia regional uma entrevista que permitisse uma esp\u00e9cie de balan\u00e7o e de prospetiva eleitoral. Considerou que o modelo mais adequado \u00e0s circunst\u00e2ncias, para obter respostas fundamentadas, era o da entrevista fechada, remetida por escrito. Tal como deram conta as tr\u00eas edi\u00e7\u00f5es imediatamente anteriores, com mais ou menos objetividade, tr\u00eas presidentes responderam afirmativamente a essa colabora\u00e7\u00e3o. Foram eles os sociais-democratas Jos\u00e9 Peixoto Lima (Celorico de Basto) e Bruno Ferreira (Mondim de Basto) e o socialista Jo\u00e3o Noronha (Ribeira de Pena). Contrariamente a esta disponibilidade \u2013 que, penhoradamente, agradecemos \u2013, o presidente da C\u00e2mara de Cabeceiras de Basto, o socialista Francisco Teixeira Alves, mandou dizer agora, atrav\u00e9s do seu gabinete, que \u00abn\u00e3o est\u00e1 dispon\u00edvel para responder \u00e0s quest\u00f5es formuladas\u00bb. Para que o leitor saiba do que estamos a falar, decidiu a dire\u00e7\u00e3o do jornal tornar p\u00fablicas as quest\u00f5es a que o autarca cabeceirense preferiu n\u00e3o responder.","breadcrumb":{"@id":"https:\/\/terrasdebasto.pt\/?p=3931#breadcrumb"},"inLanguage":"pt-PT","potentialAction":[{"@type":"ReadAction","target":["https:\/\/terrasdebasto.pt\/?p=3931"]}]},{"@type":"ImageObject","inLanguage":"pt-PT","@id":"https:\/\/terrasdebasto.pt\/?p=3931#primaryimage","url":"https:\/\/terrasdebasto.pt\/wp-content\/uploads\/2025\/04\/FOTO-FRANCISCO-ALVES.jpg","contentUrl":"https:\/\/terrasdebasto.pt\/wp-content\/uploads\/2025\/04\/FOTO-FRANCISCO-ALVES.jpg","width":750,"height":394},{"@type":"BreadcrumbList","@id":"https:\/\/terrasdebasto.pt\/?p=3931#breadcrumb","itemListElement":[{"@type":"ListItem","position":1,"name":"In\u00edcio","item":"https:\/\/terrasdebasto.pt\/"},{"@type":"ListItem","position":2,"name":"Presidente da C\u00e2mara \u00abn\u00e3o est\u00e1 dispon\u00edvel para responder\u00bb a estas quest\u00f5es"}]},{"@type":"WebSite","@id":"https:\/\/terrasdebasto.pt\/#website","url":"https:\/\/terrasdebasto.pt\/","name":"Jornal Terras de Basto","description":"","publisher":{"@id":"https:\/\/terrasdebasto.pt\/#organization"},"potentialAction":[{"@type":"SearchAction","target":{"@type":"EntryPoint","urlTemplate":"https:\/\/terrasdebasto.pt\/?s={search_term_string}"},"query-input":{"@type":"PropertyValueSpecification","valueRequired":true,"valueName":"search_term_string"}}],"inLanguage":"pt-PT"},{"@type":"Organization","@id":"https:\/\/terrasdebasto.pt\/#organization","name":"Jornal Terras de Basto","url":"https:\/\/terrasdebasto.pt\/","logo":{"@type":"ImageObject","inLanguage":"pt-PT","@id":"https:\/\/terrasdebasto.pt\/#\/schema\/logo\/image\/","url":"https:\/\/terrasdebasto.pt\/wp-content\/uploads\/2024\/06\/LogoNormal.png","contentUrl":"https:\/\/terrasdebasto.pt\/wp-content\/uploads\/2024\/06\/LogoNormal.png","width":5638,"height":809,"caption":"Jornal Terras de Basto"},"image":{"@id":"https:\/\/terrasdebasto.pt\/#\/schema\/logo\/image\/"}},{"@type":"Person","@id":"https:\/\/terrasdebasto.pt\/#\/schema\/person\/9f6739f5394ac65c802641773b278b84","name":"Jo\u00e3o Paulo Mesquita","image":{"@type":"ImageObject","inLanguage":"pt-PT","@id":"https:\/\/terrasdebasto.pt\/#\/schema\/person\/image\/","url":"https:\/\/secure.gravatar.com\/avatar\/9bd0f299e6d96336664aab64354168246a3ee3287c47891c50d450e47ed9d7f9?s=96&d=mm&r=g","contentUrl":"https:\/\/secure.gravatar.com\/avatar\/9bd0f299e6d96336664aab64354168246a3ee3287c47891c50d450e47ed9d7f9?s=96&d=mm&r=g","caption":"Jo\u00e3o Paulo Mesquita"},"url":"https:\/\/terrasdebasto.pt\/?author=7"}]}},"_links":{"self":[{"href":"https:\/\/terrasdebasto.pt\/index.php?rest_route=\/wp\/v2\/posts\/3931","targetHints":{"allow":["GET"]}}],"collection":[{"href":"https:\/\/terrasdebasto.pt\/index.php?rest_route=\/wp\/v2\/posts"}],"about":[{"href":"https:\/\/terrasdebasto.pt\/index.php?rest_route=\/wp\/v2\/types\/post"}],"author":[{"embeddable":true,"href":"https:\/\/terrasdebasto.pt\/index.php?rest_route=\/wp\/v2\/users\/7"}],"replies":[{"embeddable":true,"href":"https:\/\/terrasdebasto.pt\/index.php?rest_route=%2Fwp%2Fv2%2Fcomments&post=3931"}],"version-history":[{"count":1,"href":"https:\/\/terrasdebasto.pt\/index.php?rest_route=\/wp\/v2\/posts\/3931\/revisions"}],"predecessor-version":[{"id":3933,"href":"https:\/\/terrasdebasto.pt\/index.php?rest_route=\/wp\/v2\/posts\/3931\/revisions\/3933"}],"wp:featuredmedia":[{"embeddable":true,"href":"https:\/\/terrasdebasto.pt\/index.php?rest_route=\/wp\/v2\/media\/3932"}],"wp:attachment":[{"href":"https:\/\/terrasdebasto.pt\/index.php?rest_route=%2Fwp%2Fv2%2Fmedia&parent=3931"}],"wp:term":[{"taxonomy":"category","embeddable":true,"href":"https:\/\/terrasdebasto.pt\/index.php?rest_route=%2Fwp%2Fv2%2Fcategories&post=3931"},{"taxonomy":"post_tag","embeddable":true,"href":"https:\/\/terrasdebasto.pt\/index.php?rest_route=%2Fwp%2Fv2%2Ftags&post=3931"}],"curies":[{"name":"wp","href":"https:\/\/api.w.org\/{rel}","templated":true}]}}