{"id":3910,"date":"2025-03-31T12:16:56","date_gmt":"2025-03-31T12:16:56","guid":{"rendered":"https:\/\/terrasdebasto.pt\/?p=3910"},"modified":"2025-03-31T12:16:57","modified_gmt":"2025-03-31T12:16:57","slug":"passeio-de-classicos-encerra-festa-das-camelias","status":"publish","type":"post","link":"https:\/\/terrasdebasto.pt\/?p=3910","title":{"rendered":"Passeio de cl\u00e1ssicos encerra Festa das Cam\u00e9lias"},"content":{"rendered":"\n<p>Um passeio, promovido pela Associa\u00e7\u00e3o de Carros Cl\u00e1ssicos de Celorico de Basto, encerrou este s\u00e1bado (29) a programa\u00e7\u00e3o da Festa Internacional das Cam\u00e9lias, que e prolongou por todo o m\u00eas de mar\u00e7o. Passou por alguns dos locais mais recomend\u00e1veis do concelho, desde logo pelo castelo de Arnoia e pela novel Ponte de Arame, em Lourido. Tendo-se iniciado na Quinta do Prado, passou ainda pela Casa do Campo, que apresenta um dos jardins mais belos das Terras de Basto.<\/p>\n\n\n\n<figure class=\"wp-block-gallery has-nested-images columns-default is-cropped wp-block-gallery-1 is-layout-flex wp-block-gallery-is-layout-flex\">\n<figure class=\"wp-block-image size-large\"><img loading=\"lazy\" decoding=\"async\" width=\"1024\" height=\"683\" data-id=\"3912\" src=\"https:\/\/terrasdebasto.pt\/wp-content\/uploads\/2025\/03\/96-1024x683.jpg\" alt=\"\" class=\"wp-image-3912\" srcset=\"https:\/\/terrasdebasto.pt\/wp-content\/uploads\/2025\/03\/96-1024x683.jpg 1024w, https:\/\/terrasdebasto.pt\/wp-content\/uploads\/2025\/03\/96-300x200.jpg 300w, https:\/\/terrasdebasto.pt\/wp-content\/uploads\/2025\/03\/96-768x512.jpg 768w, https:\/\/terrasdebasto.pt\/wp-content\/uploads\/2025\/03\/96-1536x1025.jpg 1536w, https:\/\/terrasdebasto.pt\/wp-content\/uploads\/2025\/03\/96-150x100.jpg 150w, https:\/\/terrasdebasto.pt\/wp-content\/uploads\/2025\/03\/96-696x464.jpg 696w, https:\/\/terrasdebasto.pt\/wp-content\/uploads\/2025\/03\/96-1068x712.jpg 1068w, https:\/\/terrasdebasto.pt\/wp-content\/uploads\/2025\/03\/96-1920x1281.jpg 1920w, https:\/\/terrasdebasto.pt\/wp-content\/uploads\/2025\/03\/96.jpg 2048w\" sizes=\"auto, (max-width: 1024px) 100vw, 1024px\" \/><\/figure>\n<\/figure>\n\n\n\n<figure class=\"wp-block-gallery has-nested-images columns-default is-cropped wp-block-gallery-2 is-layout-flex wp-block-gallery-is-layout-flex\">\n<figure class=\"wp-block-image size-large\"><img loading=\"lazy\" decoding=\"async\" width=\"1024\" height=\"683\" data-id=\"3913\" src=\"https:\/\/terrasdebasto.pt\/wp-content\/uploads\/2025\/03\/98-1024x683.jpg\" alt=\"\" class=\"wp-image-3913\" srcset=\"https:\/\/terrasdebasto.pt\/wp-content\/uploads\/2025\/03\/98-1024x683.jpg 1024w, https:\/\/terrasdebasto.pt\/wp-content\/uploads\/2025\/03\/98-300x200.jpg 300w, https:\/\/terrasdebasto.pt\/wp-content\/uploads\/2025\/03\/98-768x512.jpg 768w, https:\/\/terrasdebasto.pt\/wp-content\/uploads\/2025\/03\/98-1536x1025.jpg 1536w, https:\/\/terrasdebasto.pt\/wp-content\/uploads\/2025\/03\/98-150x100.jpg 150w, https:\/\/terrasdebasto.pt\/wp-content\/uploads\/2025\/03\/98-696x464.jpg 696w, https:\/\/terrasdebasto.pt\/wp-content\/uploads\/2025\/03\/98-1068x712.jpg 1068w, https:\/\/terrasdebasto.pt\/wp-content\/uploads\/2025\/03\/98-1920x1281.jpg 1920w, https:\/\/terrasdebasto.pt\/wp-content\/uploads\/2025\/03\/98.jpg 2048w\" sizes=\"auto, (max-width: 1024px) 100vw, 1024px\" \/><\/figure>\n<\/figure>\n\n\n\n<figure class=\"wp-block-gallery has-nested-images columns-default is-cropped wp-block-gallery-3 is-layout-flex wp-block-gallery-is-layout-flex\">\n<figure class=\"wp-block-image size-large\"><img loading=\"lazy\" decoding=\"async\" width=\"1024\" height=\"683\" data-id=\"3914\" src=\"https:\/\/terrasdebasto.pt\/wp-content\/uploads\/2025\/03\/200-1024x683.jpg\" alt=\"\" class=\"wp-image-3914\" srcset=\"https:\/\/terrasdebasto.pt\/wp-content\/uploads\/2025\/03\/200-1024x683.jpg 1024w, https:\/\/terrasdebasto.pt\/wp-content\/uploads\/2025\/03\/200-300x200.jpg 300w, https:\/\/terrasdebasto.pt\/wp-content\/uploads\/2025\/03\/200-768x512.jpg 768w, https:\/\/terrasdebasto.pt\/wp-content\/uploads\/2025\/03\/200-1536x1025.jpg 1536w, https:\/\/terrasdebasto.pt\/wp-content\/uploads\/2025\/03\/200-150x100.jpg 150w, https:\/\/terrasdebasto.pt\/wp-content\/uploads\/2025\/03\/200-696x464.jpg 696w, https:\/\/terrasdebasto.pt\/wp-content\/uploads\/2025\/03\/200-1068x712.jpg 1068w, https:\/\/terrasdebasto.pt\/wp-content\/uploads\/2025\/03\/200-1920x1281.jpg 1920w, https:\/\/terrasdebasto.pt\/wp-content\/uploads\/2025\/03\/200.jpg 2048w\" sizes=\"auto, (max-width: 1024px) 100vw, 1024px\" \/><\/figure>\n<\/figure>\n\n\n\n<figure class=\"wp-block-gallery has-nested-images columns-default is-cropped wp-block-gallery-4 is-layout-flex wp-block-gallery-is-layout-flex\">\n<figure class=\"wp-block-image size-large\"><img loading=\"lazy\" decoding=\"async\" width=\"1024\" height=\"683\" data-id=\"3915\" src=\"https:\/\/terrasdebasto.pt\/wp-content\/uploads\/2025\/03\/97-1024x683.jpg\" alt=\"\" class=\"wp-image-3915\" srcset=\"https:\/\/terrasdebasto.pt\/wp-content\/uploads\/2025\/03\/97-1024x683.jpg 1024w, https:\/\/terrasdebasto.pt\/wp-content\/uploads\/2025\/03\/97-300x200.jpg 300w, https:\/\/terrasdebasto.pt\/wp-content\/uploads\/2025\/03\/97-768x512.jpg 768w, https:\/\/terrasdebasto.pt\/wp-content\/uploads\/2025\/03\/97-1536x1025.jpg 1536w, https:\/\/terrasdebasto.pt\/wp-content\/uploads\/2025\/03\/97-150x100.jpg 150w, https:\/\/terrasdebasto.pt\/wp-content\/uploads\/2025\/03\/97-696x464.jpg 696w, https:\/\/terrasdebasto.pt\/wp-content\/uploads\/2025\/03\/97-1068x712.jpg 1068w, https:\/\/terrasdebasto.pt\/wp-content\/uploads\/2025\/03\/97-1920x1281.jpg 1920w, https:\/\/terrasdebasto.pt\/wp-content\/uploads\/2025\/03\/97.jpg 2048w\" sizes=\"auto, (max-width: 1024px) 100vw, 1024px\" \/><\/figure>\n<\/figure>\n\n\n\n<figure class=\"wp-block-gallery has-nested-images columns-default is-cropped wp-block-gallery-5 is-layout-flex wp-block-gallery-is-layout-flex\">\n<figure class=\"wp-block-image size-large\"><img loading=\"lazy\" decoding=\"async\" width=\"1024\" height=\"520\" data-id=\"3916\" src=\"https:\/\/terrasdebasto.pt\/wp-content\/uploads\/2025\/03\/99-4-1024x520.jpg\" alt=\"\" class=\"wp-image-3916\" srcset=\"https:\/\/terrasdebasto.pt\/wp-content\/uploads\/2025\/03\/99-4-1024x520.jpg 1024w, https:\/\/terrasdebasto.pt\/wp-content\/uploads\/2025\/03\/99-4-300x152.jpg 300w, https:\/\/terrasdebasto.pt\/wp-content\/uploads\/2025\/03\/99-4-768x390.jpg 768w, https:\/\/terrasdebasto.pt\/wp-content\/uploads\/2025\/03\/99-4-1536x780.jpg 1536w, https:\/\/terrasdebasto.pt\/wp-content\/uploads\/2025\/03\/99-4-150x76.jpg 150w, https:\/\/terrasdebasto.pt\/wp-content\/uploads\/2025\/03\/99-4-696x353.jpg 696w, https:\/\/terrasdebasto.pt\/wp-content\/uploads\/2025\/03\/99-4-1068x542.jpg 1068w, https:\/\/terrasdebasto.pt\/wp-content\/uploads\/2025\/03\/99-4-1920x975.jpg 1920w, https:\/\/terrasdebasto.pt\/wp-content\/uploads\/2025\/03\/99-4.jpg 2048w\" sizes=\"auto, (max-width: 1024px) 100vw, 1024px\" \/><\/figure>\n<\/figure>\n\n\n\n<figure class=\"wp-block-gallery has-nested-images columns-default is-cropped wp-block-gallery-6 is-layout-flex wp-block-gallery-is-layout-flex\">\n<figure class=\"wp-block-image size-large\"><img loading=\"lazy\" decoding=\"async\" width=\"1024\" height=\"683\" data-id=\"3917\" src=\"https:\/\/terrasdebasto.pt\/wp-content\/uploads\/2025\/03\/101-7-1024x683.jpg\" alt=\"\" class=\"wp-image-3917\" srcset=\"https:\/\/terrasdebasto.pt\/wp-content\/uploads\/2025\/03\/101-7-1024x683.jpg 1024w, https:\/\/terrasdebasto.pt\/wp-content\/uploads\/2025\/03\/101-7-300x200.jpg 300w, https:\/\/terrasdebasto.pt\/wp-content\/uploads\/2025\/03\/101-7-768x512.jpg 768w, https:\/\/terrasdebasto.pt\/wp-content\/uploads\/2025\/03\/101-7-1536x1025.jpg 1536w, https:\/\/terrasdebasto.pt\/wp-content\/uploads\/2025\/03\/101-7-150x100.jpg 150w, https:\/\/terrasdebasto.pt\/wp-content\/uploads\/2025\/03\/101-7-696x464.jpg 696w, https:\/\/terrasdebasto.pt\/wp-content\/uploads\/2025\/03\/101-7-1068x712.jpg 1068w, https:\/\/terrasdebasto.pt\/wp-content\/uploads\/2025\/03\/101-7-1920x1281.jpg 1920w, https:\/\/terrasdebasto.pt\/wp-content\/uploads\/2025\/03\/101-7.jpg 2048w\" sizes=\"auto, (max-width: 1024px) 100vw, 1024px\" \/><\/figure>\n\n\n\n<figure class=\"wp-block-image size-large\"><img loading=\"lazy\" decoding=\"async\" width=\"1024\" height=\"534\" data-id=\"3918\" src=\"https:\/\/terrasdebasto.pt\/wp-content\/uploads\/2025\/03\/102-6-1024x534.jpg\" alt=\"\" class=\"wp-image-3918\" srcset=\"https:\/\/terrasdebasto.pt\/wp-content\/uploads\/2025\/03\/102-6-1024x534.jpg 1024w, https:\/\/terrasdebasto.pt\/wp-content\/uploads\/2025\/03\/102-6-300x156.jpg 300w, https:\/\/terrasdebasto.pt\/wp-content\/uploads\/2025\/03\/102-6-768x400.jpg 768w, https:\/\/terrasdebasto.pt\/wp-content\/uploads\/2025\/03\/102-6-1536x800.jpg 1536w, https:\/\/terrasdebasto.pt\/wp-content\/uploads\/2025\/03\/102-6-150x78.jpg 150w, https:\/\/terrasdebasto.pt\/wp-content\/uploads\/2025\/03\/102-6-696x363.jpg 696w, https:\/\/terrasdebasto.pt\/wp-content\/uploads\/2025\/03\/102-6-1068x556.jpg 1068w, https:\/\/terrasdebasto.pt\/wp-content\/uploads\/2025\/03\/102-6-1920x1000.jpg 1920w, https:\/\/terrasdebasto.pt\/wp-content\/uploads\/2025\/03\/102-6.jpg 2048w\" sizes=\"auto, (max-width: 1024px) 100vw, 1024px\" \/><\/figure>\n<\/figure>\n\n\n\n<figure class=\"wp-block-gallery has-nested-images columns-default is-cropped wp-block-gallery-7 is-layout-flex wp-block-gallery-is-layout-flex\">\n<figure class=\"wp-block-image size-large\"><img loading=\"lazy\" decoding=\"async\" width=\"1024\" height=\"683\" data-id=\"3919\" src=\"https:\/\/terrasdebasto.pt\/wp-content\/uploads\/2025\/03\/103-6-1024x683.jpg\" alt=\"\" class=\"wp-image-3919\" srcset=\"https:\/\/terrasdebasto.pt\/wp-content\/uploads\/2025\/03\/103-6-1024x683.jpg 1024w, https:\/\/terrasdebasto.pt\/wp-content\/uploads\/2025\/03\/103-6-300x200.jpg 300w, https:\/\/terrasdebasto.pt\/wp-content\/uploads\/2025\/03\/103-6-768x512.jpg 768w, https:\/\/terrasdebasto.pt\/wp-content\/uploads\/2025\/03\/103-6-1536x1025.jpg 1536w, https:\/\/terrasdebasto.pt\/wp-content\/uploads\/2025\/03\/103-6-150x100.jpg 150w, https:\/\/terrasdebasto.pt\/wp-content\/uploads\/2025\/03\/103-6-696x464.jpg 696w, https:\/\/terrasdebasto.pt\/wp-content\/uploads\/2025\/03\/103-6-1068x712.jpg 1068w, https:\/\/terrasdebasto.pt\/wp-content\/uploads\/2025\/03\/103-6-1920x1281.jpg 1920w, https:\/\/terrasdebasto.pt\/wp-content\/uploads\/2025\/03\/103-6.jpg 2048w\" sizes=\"auto, (max-width: 1024px) 100vw, 1024px\" \/><\/figure>\n\n\n\n<figure class=\"wp-block-image size-large\"><img loading=\"lazy\" decoding=\"async\" width=\"1024\" height=\"683\" data-id=\"3920\" src=\"https:\/\/terrasdebasto.pt\/wp-content\/uploads\/2025\/03\/104-5-1024x683.jpg\" alt=\"\" class=\"wp-image-3920\" srcset=\"https:\/\/terrasdebasto.pt\/wp-content\/uploads\/2025\/03\/104-5-1024x683.jpg 1024w, https:\/\/terrasdebasto.pt\/wp-content\/uploads\/2025\/03\/104-5-300x200.jpg 300w, https:\/\/terrasdebasto.pt\/wp-content\/uploads\/2025\/03\/104-5-768x512.jpg 768w, https:\/\/terrasdebasto.pt\/wp-content\/uploads\/2025\/03\/104-5-1536x1025.jpg 1536w, https:\/\/terrasdebasto.pt\/wp-content\/uploads\/2025\/03\/104-5-150x100.jpg 150w, https:\/\/terrasdebasto.pt\/wp-content\/uploads\/2025\/03\/104-5-696x464.jpg 696w, https:\/\/terrasdebasto.pt\/wp-content\/uploads\/2025\/03\/104-5-1068x712.jpg 1068w, https:\/\/terrasdebasto.pt\/wp-content\/uploads\/2025\/03\/104-5-1920x1281.jpg 1920w, https:\/\/terrasdebasto.pt\/wp-content\/uploads\/2025\/03\/104-5.jpg 2048w\" sizes=\"auto, (max-width: 1024px) 100vw, 1024px\" \/><\/figure>\n<\/figure>\n\n\n\n<figure class=\"wp-block-gallery has-nested-images columns-default is-cropped wp-block-gallery-8 is-layout-flex wp-block-gallery-is-layout-flex\">\n<figure class=\"wp-block-image size-large\"><img loading=\"lazy\" decoding=\"async\" width=\"1024\" height=\"683\" data-id=\"3921\" src=\"https:\/\/terrasdebasto.pt\/wp-content\/uploads\/2025\/03\/105-4-1024x683.jpg\" alt=\"\" class=\"wp-image-3921\" srcset=\"https:\/\/terrasdebasto.pt\/wp-content\/uploads\/2025\/03\/105-4-1024x683.jpg 1024w, https:\/\/terrasdebasto.pt\/wp-content\/uploads\/2025\/03\/105-4-300x200.jpg 300w, https:\/\/terrasdebasto.pt\/wp-content\/uploads\/2025\/03\/105-4-768x512.jpg 768w, https:\/\/terrasdebasto.pt\/wp-content\/uploads\/2025\/03\/105-4-1536x1025.jpg 1536w, https:\/\/terrasdebasto.pt\/wp-content\/uploads\/2025\/03\/105-4-150x100.jpg 150w, https:\/\/terrasdebasto.pt\/wp-content\/uploads\/2025\/03\/105-4-696x464.jpg 696w, https:\/\/terrasdebasto.pt\/wp-content\/uploads\/2025\/03\/105-4-1068x712.jpg 1068w, https:\/\/terrasdebasto.pt\/wp-content\/uploads\/2025\/03\/105-4-1920x1281.jpg 1920w, https:\/\/terrasdebasto.pt\/wp-content\/uploads\/2025\/03\/105-4.jpg 2048w\" sizes=\"auto, (max-width: 1024px) 100vw, 1024px\" \/><\/figure>\n\n\n\n<figure class=\"wp-block-image size-large\"><img loading=\"lazy\" decoding=\"async\" width=\"1024\" height=\"683\" data-id=\"3922\" src=\"https:\/\/terrasdebasto.pt\/wp-content\/uploads\/2025\/03\/106-4-1024x683.jpg\" alt=\"\" class=\"wp-image-3922\" srcset=\"https:\/\/terrasdebasto.pt\/wp-content\/uploads\/2025\/03\/106-4-1024x683.jpg 1024w, https:\/\/terrasdebasto.pt\/wp-content\/uploads\/2025\/03\/106-4-300x200.jpg 300w, https:\/\/terrasdebasto.pt\/wp-content\/uploads\/2025\/03\/106-4-768x512.jpg 768w, https:\/\/terrasdebasto.pt\/wp-content\/uploads\/2025\/03\/106-4-1536x1025.jpg 1536w, https:\/\/terrasdebasto.pt\/wp-content\/uploads\/2025\/03\/106-4-150x100.jpg 150w, https:\/\/terrasdebasto.pt\/wp-content\/uploads\/2025\/03\/106-4-696x464.jpg 696w, https:\/\/terrasdebasto.pt\/wp-content\/uploads\/2025\/03\/106-4-1068x712.jpg 1068w, https:\/\/terrasdebasto.pt\/wp-content\/uploads\/2025\/03\/106-4-1920x1281.jpg 1920w, https:\/\/terrasdebasto.pt\/wp-content\/uploads\/2025\/03\/106-4.jpg 2048w\" sizes=\"auto, (max-width: 1024px) 100vw, 1024px\" \/><\/figure>\n<\/figure>\n\n\n\n<figure class=\"wp-block-gallery has-nested-images columns-default is-cropped wp-block-gallery-9 is-layout-flex wp-block-gallery-is-layout-flex\">\n<figure class=\"wp-block-image size-large\"><img loading=\"lazy\" decoding=\"async\" width=\"1024\" height=\"683\" data-id=\"3923\" src=\"https:\/\/terrasdebasto.pt\/wp-content\/uploads\/2025\/03\/107-1-1024x683.jpg\" alt=\"\" class=\"wp-image-3923\" srcset=\"https:\/\/terrasdebasto.pt\/wp-content\/uploads\/2025\/03\/107-1-1024x683.jpg 1024w, https:\/\/terrasdebasto.pt\/wp-content\/uploads\/2025\/03\/107-1-300x200.jpg 300w, https:\/\/terrasdebasto.pt\/wp-content\/uploads\/2025\/03\/107-1-768x512.jpg 768w, https:\/\/terrasdebasto.pt\/wp-content\/uploads\/2025\/03\/107-1-1536x1025.jpg 1536w, https:\/\/terrasdebasto.pt\/wp-content\/uploads\/2025\/03\/107-1-150x100.jpg 150w, https:\/\/terrasdebasto.pt\/wp-content\/uploads\/2025\/03\/107-1-696x464.jpg 696w, https:\/\/terrasdebasto.pt\/wp-content\/uploads\/2025\/03\/107-1-1068x712.jpg 1068w, https:\/\/terrasdebasto.pt\/wp-content\/uploads\/2025\/03\/107-1-1920x1281.jpg 1920w, https:\/\/terrasdebasto.pt\/wp-content\/uploads\/2025\/03\/107-1.jpg 2048w\" sizes=\"auto, (max-width: 1024px) 100vw, 1024px\" \/><\/figure>\n\n\n\n<figure class=\"wp-block-image size-large\"><img loading=\"lazy\" decoding=\"async\" width=\"1024\" height=\"683\" data-id=\"3924\" src=\"https:\/\/terrasdebasto.pt\/wp-content\/uploads\/2025\/03\/108-1024x683.jpg\" alt=\"\" class=\"wp-image-3924\" srcset=\"https:\/\/terrasdebasto.pt\/wp-content\/uploads\/2025\/03\/108-1024x683.jpg 1024w, https:\/\/terrasdebasto.pt\/wp-content\/uploads\/2025\/03\/108-300x200.jpg 300w, https:\/\/terrasdebasto.pt\/wp-content\/uploads\/2025\/03\/108-768x512.jpg 768w, https:\/\/terrasdebasto.pt\/wp-content\/uploads\/2025\/03\/108-1536x1025.jpg 1536w, https:\/\/terrasdebasto.pt\/wp-content\/uploads\/2025\/03\/108-150x100.jpg 150w, https:\/\/terrasdebasto.pt\/wp-content\/uploads\/2025\/03\/108-696x464.jpg 696w, https:\/\/terrasdebasto.pt\/wp-content\/uploads\/2025\/03\/108-1068x712.jpg 1068w, https:\/\/terrasdebasto.pt\/wp-content\/uploads\/2025\/03\/108-1920x1281.jpg 1920w, https:\/\/terrasdebasto.pt\/wp-content\/uploads\/2025\/03\/108.jpg 2048w\" sizes=\"auto, (max-width: 1024px) 100vw, 1024px\" \/><\/figure>\n<\/figure>\n\n\n\n<figure class=\"wp-block-gallery has-nested-images columns-default is-cropped wp-block-gallery-10 is-layout-flex wp-block-gallery-is-layout-flex\">\n<figure class=\"wp-block-image size-large\"><img loading=\"lazy\" decoding=\"async\" width=\"1024\" height=\"683\" data-id=\"3925\" src=\"https:\/\/terrasdebasto.pt\/wp-content\/uploads\/2025\/03\/109-1024x683.jpg\" alt=\"\" class=\"wp-image-3925\" srcset=\"https:\/\/terrasdebasto.pt\/wp-content\/uploads\/2025\/03\/109-1024x683.jpg 1024w, https:\/\/terrasdebasto.pt\/wp-content\/uploads\/2025\/03\/109-300x200.jpg 300w, https:\/\/terrasdebasto.pt\/wp-content\/uploads\/2025\/03\/109-768x512.jpg 768w, https:\/\/terrasdebasto.pt\/wp-content\/uploads\/2025\/03\/109-1536x1025.jpg 1536w, https:\/\/terrasdebasto.pt\/wp-content\/uploads\/2025\/03\/109-150x100.jpg 150w, https:\/\/terrasdebasto.pt\/wp-content\/uploads\/2025\/03\/109-696x464.jpg 696w, https:\/\/terrasdebasto.pt\/wp-content\/uploads\/2025\/03\/109-1068x712.jpg 1068w, https:\/\/terrasdebasto.pt\/wp-content\/uploads\/2025\/03\/109-1920x1281.jpg 1920w, https:\/\/terrasdebasto.pt\/wp-content\/uploads\/2025\/03\/109.jpg 2048w\" sizes=\"auto, (max-width: 1024px) 100vw, 1024px\" \/><\/figure>\n\n\n\n<figure class=\"wp-block-image size-large\"><img loading=\"lazy\" decoding=\"async\" width=\"1024\" height=\"683\" data-id=\"3926\" src=\"https:\/\/terrasdebasto.pt\/wp-content\/uploads\/2025\/03\/110-1-1024x683.jpg\" alt=\"\" class=\"wp-image-3926\" srcset=\"https:\/\/terrasdebasto.pt\/wp-content\/uploads\/2025\/03\/110-1-1024x683.jpg 1024w, https:\/\/terrasdebasto.pt\/wp-content\/uploads\/2025\/03\/110-1-300x200.jpg 300w, https:\/\/terrasdebasto.pt\/wp-content\/uploads\/2025\/03\/110-1-768x512.jpg 768w, https:\/\/terrasdebasto.pt\/wp-content\/uploads\/2025\/03\/110-1-1536x1025.jpg 1536w, https:\/\/terrasdebasto.pt\/wp-content\/uploads\/2025\/03\/110-1-150x100.jpg 150w, https:\/\/terrasdebasto.pt\/wp-content\/uploads\/2025\/03\/110-1-696x464.jpg 696w, https:\/\/terrasdebasto.pt\/wp-content\/uploads\/2025\/03\/110-1-1068x712.jpg 1068w, https:\/\/terrasdebasto.pt\/wp-content\/uploads\/2025\/03\/110-1-1920x1281.jpg 1920w, https:\/\/terrasdebasto.pt\/wp-content\/uploads\/2025\/03\/110-1.jpg 2048w\" sizes=\"auto, (max-width: 1024px) 100vw, 1024px\" \/><\/figure>\n<\/figure>\n\n\n\n<figure class=\"wp-block-gallery has-nested-images columns-default is-cropped wp-block-gallery-11 is-layout-flex wp-block-gallery-is-layout-flex\">\n<figure class=\"wp-block-image size-large\"><img loading=\"lazy\" decoding=\"async\" width=\"1024\" height=\"683\" data-id=\"3927\" src=\"https:\/\/terrasdebasto.pt\/wp-content\/uploads\/2025\/03\/111-1-1024x683.jpg\" alt=\"\" class=\"wp-image-3927\" srcset=\"https:\/\/terrasdebasto.pt\/wp-content\/uploads\/2025\/03\/111-1-1024x683.jpg 1024w, https:\/\/terrasdebasto.pt\/wp-content\/uploads\/2025\/03\/111-1-300x200.jpg 300w, https:\/\/terrasdebasto.pt\/wp-content\/uploads\/2025\/03\/111-1-768x512.jpg 768w, https:\/\/terrasdebasto.pt\/wp-content\/uploads\/2025\/03\/111-1-1536x1025.jpg 1536w, https:\/\/terrasdebasto.pt\/wp-content\/uploads\/2025\/03\/111-1-150x100.jpg 150w, https:\/\/terrasdebasto.pt\/wp-content\/uploads\/2025\/03\/111-1-696x464.jpg 696w, https:\/\/terrasdebasto.pt\/wp-content\/uploads\/2025\/03\/111-1-1068x712.jpg 1068w, https:\/\/terrasdebasto.pt\/wp-content\/uploads\/2025\/03\/111-1-1920x1281.jpg 1920w, https:\/\/terrasdebasto.pt\/wp-content\/uploads\/2025\/03\/111-1.jpg 2048w\" sizes=\"auto, (max-width: 1024px) 100vw, 1024px\" \/><\/figure>\n<\/figure>\n\n\n\n<figure class=\"wp-block-gallery has-nested-images columns-default is-cropped wp-block-gallery-12 is-layout-flex wp-block-gallery-is-layout-flex\">\n<figure class=\"wp-block-image size-large\"><img loading=\"lazy\" decoding=\"async\" width=\"1024\" height=\"683\" data-id=\"3928\" src=\"https:\/\/terrasdebasto.pt\/wp-content\/uploads\/2025\/03\/199-1024x683.jpg\" alt=\"\" class=\"wp-image-3928\" srcset=\"https:\/\/terrasdebasto.pt\/wp-content\/uploads\/2025\/03\/199-1024x683.jpg 1024w, https:\/\/terrasdebasto.pt\/wp-content\/uploads\/2025\/03\/199-300x200.jpg 300w, https:\/\/terrasdebasto.pt\/wp-content\/uploads\/2025\/03\/199-768x512.jpg 768w, https:\/\/terrasdebasto.pt\/wp-content\/uploads\/2025\/03\/199-1536x1025.jpg 1536w, https:\/\/terrasdebasto.pt\/wp-content\/uploads\/2025\/03\/199-150x100.jpg 150w, https:\/\/terrasdebasto.pt\/wp-content\/uploads\/2025\/03\/199-696x464.jpg 696w, https:\/\/terrasdebasto.pt\/wp-content\/uploads\/2025\/03\/199-1068x712.jpg 1068w, https:\/\/terrasdebasto.pt\/wp-content\/uploads\/2025\/03\/199-1920x1281.jpg 1920w, https:\/\/terrasdebasto.pt\/wp-content\/uploads\/2025\/03\/199.jpg 2048w\" sizes=\"auto, (max-width: 1024px) 100vw, 1024px\" \/><\/figure>\n<\/figure>\n","protected":false},"excerpt":{"rendered":"<p>Um passeio, promovido pela Associa\u00e7\u00e3o de Carros Cl\u00e1ssicos de Celorico de Basto, encerrou este s\u00e1bado (29) a programa\u00e7\u00e3o da Festa Internacional das Cam\u00e9lias, que e prolongou por todo o m\u00eas de mar\u00e7o. Passou por alguns dos locais mais recomend\u00e1veis do concelho, desde logo pelo castelo de Arnoia e pela novel Ponte de Arame, em Lourido. [&hellip;]<\/p>\n","protected":false},"author":7,"featured_media":3911,"comment_status":"open","ping_status":"open","sticky":false,"template":"","format":"standard","meta":{"footnotes":""},"categories":[13,7,9],"tags":[878,798,879],"class_list":{"0":"post-3910","1":"post","2":"type-post","3":"status-publish","4":"format-standard","5":"has-post-thumbnail","7":"category-celorico-de-basto","8":"category-cultura","9":"category-terras-de-basto","10":"tag-carros-classicos","11":"tag-festa-internacional-das-camelias","12":"tag-passeio-das-camelias"},"yoast_head":"<!-- This site is optimized with the Yoast SEO plugin v25.7 - https:\/\/yoast.com\/wordpress\/plugins\/seo\/ -->\n<title>Passeio de cl\u00e1ssicos encerra Festa das Cam\u00e9lias - Jornal Terras de Basto<\/title>\n<meta name=\"description\" content=\"Um passeio, promovido pela Associa\u00e7\u00e3o de Carros Cl\u00e1ssicos de Celorico de Basto, encerrou este s\u00e1bado (29) a programa\u00e7\u00e3o da Festa Internacional das Cam\u00e9lias, que e prolongou por todo o m\u00eas de mar\u00e7o. Passou por alguns dos locais mais recomend\u00e1veis do concelho, desde logo pelo castelo de Arnoia e pela novel Ponte de Arame, em Lourido. Tendo-se iniciado na Quinta do Prado, passou ainda pela Casa do Campo, que apresenta um dos jardins mais belos das Terras de Basto.\" \/>\n<meta name=\"robots\" content=\"index, follow, max-snippet:-1, max-image-preview:large, max-video-preview:-1\" \/>\n<link rel=\"canonical\" href=\"https:\/\/terrasdebasto.pt\/?p=3910\" \/>\n<meta property=\"og:locale\" content=\"pt_PT\" \/>\n<meta property=\"og:type\" content=\"article\" \/>\n<meta property=\"og:title\" content=\"Passeio de cl\u00e1ssicos encerra Festa das Cam\u00e9lias - Jornal Terras de Basto\" \/>\n<meta property=\"og:description\" content=\"Um passeio, promovido pela Associa\u00e7\u00e3o de Carros Cl\u00e1ssicos de Celorico de Basto, encerrou este s\u00e1bado (29) a programa\u00e7\u00e3o da Festa Internacional das Cam\u00e9lias, que e prolongou por todo o m\u00eas de mar\u00e7o. Passou por alguns dos locais mais recomend\u00e1veis do concelho, desde logo pelo castelo de Arnoia e pela novel Ponte de Arame, em Lourido. Tendo-se iniciado na Quinta do Prado, passou ainda pela Casa do Campo, que apresenta um dos jardins mais belos das Terras de Basto.\" \/>\n<meta property=\"og:url\" content=\"https:\/\/terrasdebasto.pt\/?p=3910\" \/>\n<meta property=\"og:site_name\" content=\"Jornal Terras de Basto\" \/>\n<meta property=\"article:published_time\" content=\"2025-03-31T12:16:56+00:00\" \/>\n<meta property=\"article:modified_time\" content=\"2025-03-31T12:16:57+00:00\" \/>\n<meta property=\"og:image\" content=\"https:\/\/terrasdebasto.pt\/wp-content\/uploads\/2025\/03\/100-6.jpg\" \/>\n\t<meta property=\"og:image:width\" content=\"2048\" \/>\n\t<meta property=\"og:image:height\" content=\"1558\" \/>\n\t<meta property=\"og:image:type\" content=\"image\/jpeg\" \/>\n<meta name=\"author\" content=\"Jo\u00e3o Paulo Mesquita\" \/>\n<meta name=\"twitter:card\" content=\"summary_large_image\" \/>\n<meta name=\"twitter:label1\" content=\"Escrito por\" \/>\n\t<meta name=\"twitter:data1\" content=\"Jo\u00e3o Paulo Mesquita\" \/>\n\t<meta name=\"twitter:label2\" content=\"Tempo estimado de leitura\" \/>\n\t<meta name=\"twitter:data2\" content=\"5 minutos\" \/>\n<script type=\"application\/ld+json\" class=\"yoast-schema-graph\">{\"@context\":\"https:\/\/schema.org\",\"@graph\":[{\"@type\":\"Article\",\"@id\":\"https:\/\/terrasdebasto.pt\/?p=3910#article\",\"isPartOf\":{\"@id\":\"https:\/\/terrasdebasto.pt\/?p=3910\"},\"author\":{\"name\":\"Jo\u00e3o Paulo Mesquita\",\"@id\":\"https:\/\/terrasdebasto.pt\/#\/schema\/person\/9f6739f5394ac65c802641773b278b84\"},\"headline\":\"Passeio de cl\u00e1ssicos encerra Festa das Cam\u00e9lias\",\"datePublished\":\"2025-03-31T12:16:56+00:00\",\"dateModified\":\"2025-03-31T12:16:57+00:00\",\"mainEntityOfPage\":{\"@id\":\"https:\/\/terrasdebasto.pt\/?p=3910\"},\"wordCount\":94,\"commentCount\":0,\"publisher\":{\"@id\":\"https:\/\/terrasdebasto.pt\/#organization\"},\"image\":{\"@id\":\"https:\/\/terrasdebasto.pt\/?p=3910#primaryimage\"},\"thumbnailUrl\":\"https:\/\/terrasdebasto.pt\/wp-content\/uploads\/2025\/03\/100-6.jpg\",\"keywords\":[\"Carros Cl\u00e1ssicos\",\"Festa Internacional das Cam\u00e9lias\",\"Passeio das Cam\u00e9lias\"],\"articleSection\":[\"Celorico de Basto\",\"Cultura\",\"Terras de Basto\"],\"inLanguage\":\"pt-PT\",\"potentialAction\":[{\"@type\":\"CommentAction\",\"name\":\"Comment\",\"target\":[\"https:\/\/terrasdebasto.pt\/?p=3910#respond\"]}]},{\"@type\":\"WebPage\",\"@id\":\"https:\/\/terrasdebasto.pt\/?p=3910\",\"url\":\"https:\/\/terrasdebasto.pt\/?p=3910\",\"name\":\"Passeio de cl\u00e1ssicos encerra Festa das Cam\u00e9lias - Jornal Terras de Basto\",\"isPartOf\":{\"@id\":\"https:\/\/terrasdebasto.pt\/#website\"},\"primaryImageOfPage\":{\"@id\":\"https:\/\/terrasdebasto.pt\/?p=3910#primaryimage\"},\"image\":{\"@id\":\"https:\/\/terrasdebasto.pt\/?p=3910#primaryimage\"},\"thumbnailUrl\":\"https:\/\/terrasdebasto.pt\/wp-content\/uploads\/2025\/03\/100-6.jpg\",\"datePublished\":\"2025-03-31T12:16:56+00:00\",\"dateModified\":\"2025-03-31T12:16:57+00:00\",\"description\":\"Um passeio, promovido pela Associa\u00e7\u00e3o de Carros Cl\u00e1ssicos de Celorico de Basto, encerrou este s\u00e1bado (29) a programa\u00e7\u00e3o da Festa Internacional das Cam\u00e9lias, que e prolongou por todo o m\u00eas de mar\u00e7o. Passou por alguns dos locais mais recomend\u00e1veis do concelho, desde logo pelo castelo de Arnoia e pela novel Ponte de Arame, em Lourido. Tendo-se iniciado na Quinta do Prado, passou ainda pela Casa do Campo, que apresenta um dos jardins mais belos das Terras de Basto.\",\"breadcrumb\":{\"@id\":\"https:\/\/terrasdebasto.pt\/?p=3910#breadcrumb\"},\"inLanguage\":\"pt-PT\",\"potentialAction\":[{\"@type\":\"ReadAction\",\"target\":[\"https:\/\/terrasdebasto.pt\/?p=3910\"]}]},{\"@type\":\"ImageObject\",\"inLanguage\":\"pt-PT\",\"@id\":\"https:\/\/terrasdebasto.pt\/?p=3910#primaryimage\",\"url\":\"https:\/\/terrasdebasto.pt\/wp-content\/uploads\/2025\/03\/100-6.jpg\",\"contentUrl\":\"https:\/\/terrasdebasto.pt\/wp-content\/uploads\/2025\/03\/100-6.jpg\",\"width\":2048,\"height\":1558},{\"@type\":\"BreadcrumbList\",\"@id\":\"https:\/\/terrasdebasto.pt\/?p=3910#breadcrumb\",\"itemListElement\":[{\"@type\":\"ListItem\",\"position\":1,\"name\":\"In\u00edcio\",\"item\":\"https:\/\/terrasdebasto.pt\/\"},{\"@type\":\"ListItem\",\"position\":2,\"name\":\"Passeio de cl\u00e1ssicos encerra Festa das Cam\u00e9lias\"}]},{\"@type\":\"WebSite\",\"@id\":\"https:\/\/terrasdebasto.pt\/#website\",\"url\":\"https:\/\/terrasdebasto.pt\/\",\"name\":\"Jornal Terras de Basto\",\"description\":\"\",\"publisher\":{\"@id\":\"https:\/\/terrasdebasto.pt\/#organization\"},\"potentialAction\":[{\"@type\":\"SearchAction\",\"target\":{\"@type\":\"EntryPoint\",\"urlTemplate\":\"https:\/\/terrasdebasto.pt\/?s={search_term_string}\"},\"query-input\":{\"@type\":\"PropertyValueSpecification\",\"valueRequired\":true,\"valueName\":\"search_term_string\"}}],\"inLanguage\":\"pt-PT\"},{\"@type\":\"Organization\",\"@id\":\"https:\/\/terrasdebasto.pt\/#organization\",\"name\":\"Jornal Terras de Basto\",\"url\":\"https:\/\/terrasdebasto.pt\/\",\"logo\":{\"@type\":\"ImageObject\",\"inLanguage\":\"pt-PT\",\"@id\":\"https:\/\/terrasdebasto.pt\/#\/schema\/logo\/image\/\",\"url\":\"https:\/\/terrasdebasto.pt\/wp-content\/uploads\/2024\/06\/LogoNormal.png\",\"contentUrl\":\"https:\/\/terrasdebasto.pt\/wp-content\/uploads\/2024\/06\/LogoNormal.png\",\"width\":5638,\"height\":809,\"caption\":\"Jornal Terras de Basto\"},\"image\":{\"@id\":\"https:\/\/terrasdebasto.pt\/#\/schema\/logo\/image\/\"}},{\"@type\":\"Person\",\"@id\":\"https:\/\/terrasdebasto.pt\/#\/schema\/person\/9f6739f5394ac65c802641773b278b84\",\"name\":\"Jo\u00e3o Paulo Mesquita\",\"image\":{\"@type\":\"ImageObject\",\"inLanguage\":\"pt-PT\",\"@id\":\"https:\/\/terrasdebasto.pt\/#\/schema\/person\/image\/\",\"url\":\"https:\/\/secure.gravatar.com\/avatar\/9bd0f299e6d96336664aab64354168246a3ee3287c47891c50d450e47ed9d7f9?s=96&d=mm&r=g\",\"contentUrl\":\"https:\/\/secure.gravatar.com\/avatar\/9bd0f299e6d96336664aab64354168246a3ee3287c47891c50d450e47ed9d7f9?s=96&d=mm&r=g\",\"caption\":\"Jo\u00e3o Paulo Mesquita\"},\"url\":\"https:\/\/terrasdebasto.pt\/?author=7\"}]}<\/script>\n<!-- \/ Yoast SEO plugin. -->","yoast_head_json":{"title":"Passeio de cl\u00e1ssicos encerra Festa das Cam\u00e9lias - Jornal Terras de Basto","description":"Um passeio, promovido pela Associa\u00e7\u00e3o de Carros Cl\u00e1ssicos de Celorico de Basto, encerrou este s\u00e1bado (29) a programa\u00e7\u00e3o da Festa Internacional das Cam\u00e9lias, que e prolongou por todo o m\u00eas de mar\u00e7o. Passou por alguns dos locais mais recomend\u00e1veis do concelho, desde logo pelo castelo de Arnoia e pela novel Ponte de Arame, em Lourido. Tendo-se iniciado na Quinta do Prado, passou ainda pela Casa do Campo, que apresenta um dos jardins mais belos das Terras de Basto.","robots":{"index":"index","follow":"follow","max-snippet":"max-snippet:-1","max-image-preview":"max-image-preview:large","max-video-preview":"max-video-preview:-1"},"canonical":"https:\/\/terrasdebasto.pt\/?p=3910","og_locale":"pt_PT","og_type":"article","og_title":"Passeio de cl\u00e1ssicos encerra Festa das Cam\u00e9lias - Jornal Terras de Basto","og_description":"Um passeio, promovido pela Associa\u00e7\u00e3o de Carros Cl\u00e1ssicos de Celorico de Basto, encerrou este s\u00e1bado (29) a programa\u00e7\u00e3o da Festa Internacional das Cam\u00e9lias, que e prolongou por todo o m\u00eas de mar\u00e7o. Passou por alguns dos locais mais recomend\u00e1veis do concelho, desde logo pelo castelo de Arnoia e pela novel Ponte de Arame, em Lourido. Tendo-se iniciado na Quinta do Prado, passou ainda pela Casa do Campo, que apresenta um dos jardins mais belos das Terras de Basto.","og_url":"https:\/\/terrasdebasto.pt\/?p=3910","og_site_name":"Jornal Terras de Basto","article_published_time":"2025-03-31T12:16:56+00:00","article_modified_time":"2025-03-31T12:16:57+00:00","og_image":[{"width":2048,"height":1558,"url":"https:\/\/terrasdebasto.pt\/wp-content\/uploads\/2025\/03\/100-6.jpg","type":"image\/jpeg"}],"author":"Jo\u00e3o Paulo Mesquita","twitter_card":"summary_large_image","twitter_misc":{"Escrito por":"Jo\u00e3o Paulo Mesquita","Tempo estimado de leitura":"5 minutos"},"schema":{"@context":"https:\/\/schema.org","@graph":[{"@type":"Article","@id":"https:\/\/terrasdebasto.pt\/?p=3910#article","isPartOf":{"@id":"https:\/\/terrasdebasto.pt\/?p=3910"},"author":{"name":"Jo\u00e3o Paulo Mesquita","@id":"https:\/\/terrasdebasto.pt\/#\/schema\/person\/9f6739f5394ac65c802641773b278b84"},"headline":"Passeio de cl\u00e1ssicos encerra Festa das Cam\u00e9lias","datePublished":"2025-03-31T12:16:56+00:00","dateModified":"2025-03-31T12:16:57+00:00","mainEntityOfPage":{"@id":"https:\/\/terrasdebasto.pt\/?p=3910"},"wordCount":94,"commentCount":0,"publisher":{"@id":"https:\/\/terrasdebasto.pt\/#organization"},"image":{"@id":"https:\/\/terrasdebasto.pt\/?p=3910#primaryimage"},"thumbnailUrl":"https:\/\/terrasdebasto.pt\/wp-content\/uploads\/2025\/03\/100-6.jpg","keywords":["Carros Cl\u00e1ssicos","Festa Internacional das Cam\u00e9lias","Passeio das Cam\u00e9lias"],"articleSection":["Celorico de Basto","Cultura","Terras de Basto"],"inLanguage":"pt-PT","potentialAction":[{"@type":"CommentAction","name":"Comment","target":["https:\/\/terrasdebasto.pt\/?p=3910#respond"]}]},{"@type":"WebPage","@id":"https:\/\/terrasdebasto.pt\/?p=3910","url":"https:\/\/terrasdebasto.pt\/?p=3910","name":"Passeio de cl\u00e1ssicos encerra Festa das Cam\u00e9lias - Jornal Terras de Basto","isPartOf":{"@id":"https:\/\/terrasdebasto.pt\/#website"},"primaryImageOfPage":{"@id":"https:\/\/terrasdebasto.pt\/?p=3910#primaryimage"},"image":{"@id":"https:\/\/terrasdebasto.pt\/?p=3910#primaryimage"},"thumbnailUrl":"https:\/\/terrasdebasto.pt\/wp-content\/uploads\/2025\/03\/100-6.jpg","datePublished":"2025-03-31T12:16:56+00:00","dateModified":"2025-03-31T12:16:57+00:00","description":"Um passeio, promovido pela Associa\u00e7\u00e3o de Carros Cl\u00e1ssicos de Celorico de Basto, encerrou este s\u00e1bado (29) a programa\u00e7\u00e3o da Festa Internacional das Cam\u00e9lias, que e prolongou por todo o m\u00eas de mar\u00e7o. Passou por alguns dos locais mais recomend\u00e1veis do concelho, desde logo pelo castelo de Arnoia e pela novel Ponte de Arame, em Lourido. Tendo-se iniciado na Quinta do Prado, passou ainda pela Casa do Campo, que apresenta um dos jardins mais belos das Terras de Basto.","breadcrumb":{"@id":"https:\/\/terrasdebasto.pt\/?p=3910#breadcrumb"},"inLanguage":"pt-PT","potentialAction":[{"@type":"ReadAction","target":["https:\/\/terrasdebasto.pt\/?p=3910"]}]},{"@type":"ImageObject","inLanguage":"pt-PT","@id":"https:\/\/terrasdebasto.pt\/?p=3910#primaryimage","url":"https:\/\/terrasdebasto.pt\/wp-content\/uploads\/2025\/03\/100-6.jpg","contentUrl":"https:\/\/terrasdebasto.pt\/wp-content\/uploads\/2025\/03\/100-6.jpg","width":2048,"height":1558},{"@type":"BreadcrumbList","@id":"https:\/\/terrasdebasto.pt\/?p=3910#breadcrumb","itemListElement":[{"@type":"ListItem","position":1,"name":"In\u00edcio","item":"https:\/\/terrasdebasto.pt\/"},{"@type":"ListItem","position":2,"name":"Passeio de cl\u00e1ssicos encerra Festa das Cam\u00e9lias"}]},{"@type":"WebSite","@id":"https:\/\/terrasdebasto.pt\/#website","url":"https:\/\/terrasdebasto.pt\/","name":"Jornal Terras de Basto","description":"","publisher":{"@id":"https:\/\/terrasdebasto.pt\/#organization"},"potentialAction":[{"@type":"SearchAction","target":{"@type":"EntryPoint","urlTemplate":"https:\/\/terrasdebasto.pt\/?s={search_term_string}"},"query-input":{"@type":"PropertyValueSpecification","valueRequired":true,"valueName":"search_term_string"}}],"inLanguage":"pt-PT"},{"@type":"Organization","@id":"https:\/\/terrasdebasto.pt\/#organization","name":"Jornal Terras de Basto","url":"https:\/\/terrasdebasto.pt\/","logo":{"@type":"ImageObject","inLanguage":"pt-PT","@id":"https:\/\/terrasdebasto.pt\/#\/schema\/logo\/image\/","url":"https:\/\/terrasdebasto.pt\/wp-content\/uploads\/2024\/06\/LogoNormal.png","contentUrl":"https:\/\/terrasdebasto.pt\/wp-content\/uploads\/2024\/06\/LogoNormal.png","width":5638,"height":809,"caption":"Jornal Terras de Basto"},"image":{"@id":"https:\/\/terrasdebasto.pt\/#\/schema\/logo\/image\/"}},{"@type":"Person","@id":"https:\/\/terrasdebasto.pt\/#\/schema\/person\/9f6739f5394ac65c802641773b278b84","name":"Jo\u00e3o Paulo Mesquita","image":{"@type":"ImageObject","inLanguage":"pt-PT","@id":"https:\/\/terrasdebasto.pt\/#\/schema\/person\/image\/","url":"https:\/\/secure.gravatar.com\/avatar\/9bd0f299e6d96336664aab64354168246a3ee3287c47891c50d450e47ed9d7f9?s=96&d=mm&r=g","contentUrl":"https:\/\/secure.gravatar.com\/avatar\/9bd0f299e6d96336664aab64354168246a3ee3287c47891c50d450e47ed9d7f9?s=96&d=mm&r=g","caption":"Jo\u00e3o Paulo Mesquita"},"url":"https:\/\/terrasdebasto.pt\/?author=7"}]}},"_links":{"self":[{"href":"https:\/\/terrasdebasto.pt\/index.php?rest_route=\/wp\/v2\/posts\/3910","targetHints":{"allow":["GET"]}}],"collection":[{"href":"https:\/\/terrasdebasto.pt\/index.php?rest_route=\/wp\/v2\/posts"}],"about":[{"href":"https:\/\/terrasdebasto.pt\/index.php?rest_route=\/wp\/v2\/types\/post"}],"author":[{"embeddable":true,"href":"https:\/\/terrasdebasto.pt\/index.php?rest_route=\/wp\/v2\/users\/7"}],"replies":[{"embeddable":true,"href":"https:\/\/terrasdebasto.pt\/index.php?rest_route=%2Fwp%2Fv2%2Fcomments&post=3910"}],"version-history":[{"count":1,"href":"https:\/\/terrasdebasto.pt\/index.php?rest_route=\/wp\/v2\/posts\/3910\/revisions"}],"predecessor-version":[{"id":3929,"href":"https:\/\/terrasdebasto.pt\/index.php?rest_route=\/wp\/v2\/posts\/3910\/revisions\/3929"}],"wp:featuredmedia":[{"embeddable":true,"href":"https:\/\/terrasdebasto.pt\/index.php?rest_route=\/wp\/v2\/media\/3911"}],"wp:attachment":[{"href":"https:\/\/terrasdebasto.pt\/index.php?rest_route=%2Fwp%2Fv2%2Fmedia&parent=3910"}],"wp:term":[{"taxonomy":"category","embeddable":true,"href":"https:\/\/terrasdebasto.pt\/index.php?rest_route=%2Fwp%2Fv2%2Fcategories&post=3910"},{"taxonomy":"post_tag","embeddable":true,"href":"https:\/\/terrasdebasto.pt\/index.php?rest_route=%2Fwp%2Fv2%2Ftags&post=3910"}],"curies":[{"name":"wp","href":"https:\/\/api.w.org\/{rel}","templated":true}]}}