{"id":3801,"date":"2025-03-20T21:11:03","date_gmt":"2025-03-20T21:11:03","guid":{"rendered":"https:\/\/terrasdebasto.pt\/?p=3801"},"modified":"2025-03-20T21:11:04","modified_gmt":"2025-03-20T21:11:04","slug":"caminhada-almoco-e-musica-na-feirinha-rural-de-atei","status":"publish","type":"post","link":"https:\/\/terrasdebasto.pt\/?p=3801","title":{"rendered":"Caminhada, almo\u00e7o e m\u00fasica na Feirinha Rural de Atei"},"content":{"rendered":"\n<p><\/p>\n\n\n\n<p><strong>A Freguesia de Atei, em Mondim de Basto, organiza a 6 de abril a terceira di\u00e7\u00e3o da \u201cFeirinha Rural\u201d, iniciativa que acontece no Lugar da Pra\u00e7a. Promovida pela <a href=\"https:\/\/www.facebook.com\/profile.php?id=100086735739855&amp;__cft__[0]=AZV0qP7FHv39_JtFcSOtB-arDQgyFcFM5gPHAlMh6gk7pvb7Kz2CZZ6WmS4ntXp8ZzcH1XzyqJhYmibxGf9bepUY3lhgIwpzbHkViSmQhbmCHPTuvTrxXpUCMqD7Jv1kdMFGloFSv2C113RlhESxGYfl67FFb1TgscI_ajXFHh4dwIcIg5REoqhs7wyWC1qHnPaSFQiVYIIPxpHS5_EBn60U&amp;__tn__=-]K-R\">Associa\u00e7\u00e3o de Solidariedade Social Atei Contigo<\/a>, come\u00e7a com uma caminhada solid\u00e1ria (09h00), a que se segue o almo\u00e7o. O valor das inscri\u00e7\u00f5es reverte para a entidade promotora. A par da feira com produtos locais, a tarde \u00e9 animada pelo Grupo de Bombos e Z\u00e9s Pereiras de Atei e pelo Rancho Folcl\u00f3rico de Santa Luzia.<\/strong><\/p>\n","protected":false},"excerpt":{"rendered":"<p>A Freguesia de Atei, em Mondim de Basto, organiza a 6 de abril a terceira di\u00e7\u00e3o da \u201cFeirinha Rural\u201d, iniciativa que acontece no Lugar da Pra\u00e7a. Promovida pela Associa\u00e7\u00e3o de Solidariedade Social Atei Contigo, come\u00e7a com uma caminhada solid\u00e1ria (09h00), a que se segue o almo\u00e7o. O valor das inscri\u00e7\u00f5es reverte para a entidade promotora. [&hellip;]<\/p>\n","protected":false},"author":7,"featured_media":3802,"comment_status":"open","ping_status":"open","sticky":false,"template":"","format":"standard","meta":{"footnotes":""},"categories":[7,16,9],"tags":[191,843],"class_list":{"0":"post-3801","1":"post","2":"type-post","3":"status-publish","4":"format-standard","5":"has-post-thumbnail","7":"category-cultura","8":"category-mondim-de-basto","9":"category-terras-de-basto","10":"tag-atei","11":"tag-feirinha-rural"},"yoast_head":"<!-- This site is optimized with the Yoast SEO plugin v25.7 - https:\/\/yoast.com\/wordpress\/plugins\/seo\/ -->\n<title>Caminhada, almo\u00e7o e m\u00fasica na Feirinha Rural de Atei - Jornal Terras de Basto<\/title>\n<meta name=\"description\" content=\"A Freguesia de Atei, em Mondim de Basto, organiza a 6 de abril a terceira di\u00e7\u00e3o da \u201cFeirinha Rural\u201d, iniciativa que acontece no Lugar da Pra\u00e7a. Promovida pela Associa\u00e7\u00e3o de Solidariedade Social Atei Contigo, come\u00e7a com uma caminhada solid\u00e1ria (09h00), a que se segue o almo\u00e7o. O valor das inscri\u00e7\u00f5es reverte para a entidade promotora. A par da feira com produtos locais, a tarde \u00e9 animada pelo Grupo de Bombos e Z\u00e9s Pereiras de Atei e pelo Rancho Folcl\u00f3rico de Santa Luzia.\" \/>\n<meta name=\"robots\" content=\"index, follow, max-snippet:-1, max-image-preview:large, max-video-preview:-1\" \/>\n<link rel=\"canonical\" href=\"https:\/\/terrasdebasto.pt\/?p=3801\" \/>\n<meta property=\"og:locale\" content=\"pt_PT\" \/>\n<meta property=\"og:type\" content=\"article\" \/>\n<meta property=\"og:title\" content=\"Caminhada, almo\u00e7o e m\u00fasica na Feirinha Rural de Atei - Jornal Terras de Basto\" \/>\n<meta property=\"og:description\" content=\"A Freguesia de Atei, em Mondim de Basto, organiza a 6 de abril a terceira di\u00e7\u00e3o da \u201cFeirinha Rural\u201d, iniciativa que acontece no Lugar da Pra\u00e7a. Promovida pela Associa\u00e7\u00e3o de Solidariedade Social Atei Contigo, come\u00e7a com uma caminhada solid\u00e1ria (09h00), a que se segue o almo\u00e7o. O valor das inscri\u00e7\u00f5es reverte para a entidade promotora. A par da feira com produtos locais, a tarde \u00e9 animada pelo Grupo de Bombos e Z\u00e9s Pereiras de Atei e pelo Rancho Folcl\u00f3rico de Santa Luzia.\" \/>\n<meta property=\"og:url\" content=\"https:\/\/terrasdebasto.pt\/?p=3801\" \/>\n<meta property=\"og:site_name\" content=\"Jornal Terras de Basto\" \/>\n<meta property=\"article:published_time\" content=\"2025-03-20T21:11:03+00:00\" \/>\n<meta property=\"article:modified_time\" content=\"2025-03-20T21:11:04+00:00\" \/>\n<meta property=\"og:image\" content=\"https:\/\/terrasdebasto.pt\/wp-content\/uploads\/2025\/03\/FEIRINHA-RURAL-ATEI.jpg\" \/>\n\t<meta property=\"og:image:width\" content=\"1448\" \/>\n\t<meta property=\"og:image:height\" content=\"2048\" \/>\n\t<meta property=\"og:image:type\" content=\"image\/jpeg\" \/>\n<meta name=\"author\" content=\"Jo\u00e3o Paulo Mesquita\" \/>\n<meta name=\"twitter:card\" content=\"summary_large_image\" \/>\n<meta name=\"twitter:label1\" content=\"Escrito por\" \/>\n\t<meta name=\"twitter:data1\" content=\"Jo\u00e3o Paulo Mesquita\" \/>\n\t<meta name=\"twitter:label2\" content=\"Tempo estimado de leitura\" \/>\n\t<meta name=\"twitter:data2\" content=\"1 minuto\" \/>\n<script type=\"application\/ld+json\" class=\"yoast-schema-graph\">{\"@context\":\"https:\/\/schema.org\",\"@graph\":[{\"@type\":\"Article\",\"@id\":\"https:\/\/terrasdebasto.pt\/?p=3801#article\",\"isPartOf\":{\"@id\":\"https:\/\/terrasdebasto.pt\/?p=3801\"},\"author\":{\"name\":\"Jo\u00e3o Paulo Mesquita\",\"@id\":\"https:\/\/terrasdebasto.pt\/#\/schema\/person\/9f6739f5394ac65c802641773b278b84\"},\"headline\":\"Caminhada, almo\u00e7o e m\u00fasica na Feirinha Rural de Atei\",\"datePublished\":\"2025-03-20T21:11:03+00:00\",\"dateModified\":\"2025-03-20T21:11:04+00:00\",\"mainEntityOfPage\":{\"@id\":\"https:\/\/terrasdebasto.pt\/?p=3801\"},\"wordCount\":100,\"commentCount\":0,\"publisher\":{\"@id\":\"https:\/\/terrasdebasto.pt\/#organization\"},\"image\":{\"@id\":\"https:\/\/terrasdebasto.pt\/?p=3801#primaryimage\"},\"thumbnailUrl\":\"https:\/\/terrasdebasto.pt\/wp-content\/uploads\/2025\/03\/FEIRINHA-RURAL-ATEI.jpg\",\"keywords\":[\"Atei\",\"Feirinha Rural\"],\"articleSection\":[\"Cultura\",\"Mondim de Basto\",\"Terras de Basto\"],\"inLanguage\":\"pt-PT\",\"potentialAction\":[{\"@type\":\"CommentAction\",\"name\":\"Comment\",\"target\":[\"https:\/\/terrasdebasto.pt\/?p=3801#respond\"]}]},{\"@type\":\"WebPage\",\"@id\":\"https:\/\/terrasdebasto.pt\/?p=3801\",\"url\":\"https:\/\/terrasdebasto.pt\/?p=3801\",\"name\":\"Caminhada, almo\u00e7o e m\u00fasica na Feirinha Rural de Atei - Jornal Terras de Basto\",\"isPartOf\":{\"@id\":\"https:\/\/terrasdebasto.pt\/#website\"},\"primaryImageOfPage\":{\"@id\":\"https:\/\/terrasdebasto.pt\/?p=3801#primaryimage\"},\"image\":{\"@id\":\"https:\/\/terrasdebasto.pt\/?p=3801#primaryimage\"},\"thumbnailUrl\":\"https:\/\/terrasdebasto.pt\/wp-content\/uploads\/2025\/03\/FEIRINHA-RURAL-ATEI.jpg\",\"datePublished\":\"2025-03-20T21:11:03+00:00\",\"dateModified\":\"2025-03-20T21:11:04+00:00\",\"description\":\"A Freguesia de Atei, em Mondim de Basto, organiza a 6 de abril a terceira di\u00e7\u00e3o da \u201cFeirinha Rural\u201d, iniciativa que acontece no Lugar da Pra\u00e7a. Promovida pela Associa\u00e7\u00e3o de Solidariedade Social Atei Contigo, come\u00e7a com uma caminhada solid\u00e1ria (09h00), a que se segue o almo\u00e7o. O valor das inscri\u00e7\u00f5es reverte para a entidade promotora. A par da feira com produtos locais, a tarde \u00e9 animada pelo Grupo de Bombos e Z\u00e9s Pereiras de Atei e pelo Rancho Folcl\u00f3rico de Santa Luzia.\",\"breadcrumb\":{\"@id\":\"https:\/\/terrasdebasto.pt\/?p=3801#breadcrumb\"},\"inLanguage\":\"pt-PT\",\"potentialAction\":[{\"@type\":\"ReadAction\",\"target\":[\"https:\/\/terrasdebasto.pt\/?p=3801\"]}]},{\"@type\":\"ImageObject\",\"inLanguage\":\"pt-PT\",\"@id\":\"https:\/\/terrasdebasto.pt\/?p=3801#primaryimage\",\"url\":\"https:\/\/terrasdebasto.pt\/wp-content\/uploads\/2025\/03\/FEIRINHA-RURAL-ATEI.jpg\",\"contentUrl\":\"https:\/\/terrasdebasto.pt\/wp-content\/uploads\/2025\/03\/FEIRINHA-RURAL-ATEI.jpg\",\"width\":1448,\"height\":2048},{\"@type\":\"BreadcrumbList\",\"@id\":\"https:\/\/terrasdebasto.pt\/?p=3801#breadcrumb\",\"itemListElement\":[{\"@type\":\"ListItem\",\"position\":1,\"name\":\"In\u00edcio\",\"item\":\"https:\/\/terrasdebasto.pt\/\"},{\"@type\":\"ListItem\",\"position\":2,\"name\":\"Caminhada, almo\u00e7o e m\u00fasica na Feirinha Rural de Atei\"}]},{\"@type\":\"WebSite\",\"@id\":\"https:\/\/terrasdebasto.pt\/#website\",\"url\":\"https:\/\/terrasdebasto.pt\/\",\"name\":\"Jornal Terras de Basto\",\"description\":\"\",\"publisher\":{\"@id\":\"https:\/\/terrasdebasto.pt\/#organization\"},\"potentialAction\":[{\"@type\":\"SearchAction\",\"target\":{\"@type\":\"EntryPoint\",\"urlTemplate\":\"https:\/\/terrasdebasto.pt\/?s={search_term_string}\"},\"query-input\":{\"@type\":\"PropertyValueSpecification\",\"valueRequired\":true,\"valueName\":\"search_term_string\"}}],\"inLanguage\":\"pt-PT\"},{\"@type\":\"Organization\",\"@id\":\"https:\/\/terrasdebasto.pt\/#organization\",\"name\":\"Jornal Terras de Basto\",\"url\":\"https:\/\/terrasdebasto.pt\/\",\"logo\":{\"@type\":\"ImageObject\",\"inLanguage\":\"pt-PT\",\"@id\":\"https:\/\/terrasdebasto.pt\/#\/schema\/logo\/image\/\",\"url\":\"https:\/\/terrasdebasto.pt\/wp-content\/uploads\/2024\/06\/LogoNormal.png\",\"contentUrl\":\"https:\/\/terrasdebasto.pt\/wp-content\/uploads\/2024\/06\/LogoNormal.png\",\"width\":5638,\"height\":809,\"caption\":\"Jornal Terras de Basto\"},\"image\":{\"@id\":\"https:\/\/terrasdebasto.pt\/#\/schema\/logo\/image\/\"}},{\"@type\":\"Person\",\"@id\":\"https:\/\/terrasdebasto.pt\/#\/schema\/person\/9f6739f5394ac65c802641773b278b84\",\"name\":\"Jo\u00e3o Paulo Mesquita\",\"image\":{\"@type\":\"ImageObject\",\"inLanguage\":\"pt-PT\",\"@id\":\"https:\/\/terrasdebasto.pt\/#\/schema\/person\/image\/\",\"url\":\"https:\/\/secure.gravatar.com\/avatar\/9bd0f299e6d96336664aab64354168246a3ee3287c47891c50d450e47ed9d7f9?s=96&d=mm&r=g\",\"contentUrl\":\"https:\/\/secure.gravatar.com\/avatar\/9bd0f299e6d96336664aab64354168246a3ee3287c47891c50d450e47ed9d7f9?s=96&d=mm&r=g\",\"caption\":\"Jo\u00e3o Paulo Mesquita\"},\"url\":\"https:\/\/terrasdebasto.pt\/?author=7\"}]}<\/script>\n<!-- \/ Yoast SEO plugin. -->","yoast_head_json":{"title":"Caminhada, almo\u00e7o e m\u00fasica na Feirinha Rural de Atei - Jornal Terras de Basto","description":"A Freguesia de Atei, em Mondim de Basto, organiza a 6 de abril a terceira di\u00e7\u00e3o da \u201cFeirinha Rural\u201d, iniciativa que acontece no Lugar da Pra\u00e7a. Promovida pela Associa\u00e7\u00e3o de Solidariedade Social Atei Contigo, come\u00e7a com uma caminhada solid\u00e1ria (09h00), a que se segue o almo\u00e7o. O valor das inscri\u00e7\u00f5es reverte para a entidade promotora. A par da feira com produtos locais, a tarde \u00e9 animada pelo Grupo de Bombos e Z\u00e9s Pereiras de Atei e pelo Rancho Folcl\u00f3rico de Santa Luzia.","robots":{"index":"index","follow":"follow","max-snippet":"max-snippet:-1","max-image-preview":"max-image-preview:large","max-video-preview":"max-video-preview:-1"},"canonical":"https:\/\/terrasdebasto.pt\/?p=3801","og_locale":"pt_PT","og_type":"article","og_title":"Caminhada, almo\u00e7o e m\u00fasica na Feirinha Rural de Atei - Jornal Terras de Basto","og_description":"A Freguesia de Atei, em Mondim de Basto, organiza a 6 de abril a terceira di\u00e7\u00e3o da \u201cFeirinha Rural\u201d, iniciativa que acontece no Lugar da Pra\u00e7a. Promovida pela Associa\u00e7\u00e3o de Solidariedade Social Atei Contigo, come\u00e7a com uma caminhada solid\u00e1ria (09h00), a que se segue o almo\u00e7o. O valor das inscri\u00e7\u00f5es reverte para a entidade promotora. A par da feira com produtos locais, a tarde \u00e9 animada pelo Grupo de Bombos e Z\u00e9s Pereiras de Atei e pelo Rancho Folcl\u00f3rico de Santa Luzia.","og_url":"https:\/\/terrasdebasto.pt\/?p=3801","og_site_name":"Jornal Terras de Basto","article_published_time":"2025-03-20T21:11:03+00:00","article_modified_time":"2025-03-20T21:11:04+00:00","og_image":[{"width":1448,"height":2048,"url":"https:\/\/terrasdebasto.pt\/wp-content\/uploads\/2025\/03\/FEIRINHA-RURAL-ATEI.jpg","type":"image\/jpeg"}],"author":"Jo\u00e3o Paulo Mesquita","twitter_card":"summary_large_image","twitter_misc":{"Escrito por":"Jo\u00e3o Paulo Mesquita","Tempo estimado de leitura":"1 minuto"},"schema":{"@context":"https:\/\/schema.org","@graph":[{"@type":"Article","@id":"https:\/\/terrasdebasto.pt\/?p=3801#article","isPartOf":{"@id":"https:\/\/terrasdebasto.pt\/?p=3801"},"author":{"name":"Jo\u00e3o Paulo Mesquita","@id":"https:\/\/terrasdebasto.pt\/#\/schema\/person\/9f6739f5394ac65c802641773b278b84"},"headline":"Caminhada, almo\u00e7o e m\u00fasica na Feirinha Rural de Atei","datePublished":"2025-03-20T21:11:03+00:00","dateModified":"2025-03-20T21:11:04+00:00","mainEntityOfPage":{"@id":"https:\/\/terrasdebasto.pt\/?p=3801"},"wordCount":100,"commentCount":0,"publisher":{"@id":"https:\/\/terrasdebasto.pt\/#organization"},"image":{"@id":"https:\/\/terrasdebasto.pt\/?p=3801#primaryimage"},"thumbnailUrl":"https:\/\/terrasdebasto.pt\/wp-content\/uploads\/2025\/03\/FEIRINHA-RURAL-ATEI.jpg","keywords":["Atei","Feirinha Rural"],"articleSection":["Cultura","Mondim de Basto","Terras de Basto"],"inLanguage":"pt-PT","potentialAction":[{"@type":"CommentAction","name":"Comment","target":["https:\/\/terrasdebasto.pt\/?p=3801#respond"]}]},{"@type":"WebPage","@id":"https:\/\/terrasdebasto.pt\/?p=3801","url":"https:\/\/terrasdebasto.pt\/?p=3801","name":"Caminhada, almo\u00e7o e m\u00fasica na Feirinha Rural de Atei - Jornal Terras de Basto","isPartOf":{"@id":"https:\/\/terrasdebasto.pt\/#website"},"primaryImageOfPage":{"@id":"https:\/\/terrasdebasto.pt\/?p=3801#primaryimage"},"image":{"@id":"https:\/\/terrasdebasto.pt\/?p=3801#primaryimage"},"thumbnailUrl":"https:\/\/terrasdebasto.pt\/wp-content\/uploads\/2025\/03\/FEIRINHA-RURAL-ATEI.jpg","datePublished":"2025-03-20T21:11:03+00:00","dateModified":"2025-03-20T21:11:04+00:00","description":"A Freguesia de Atei, em Mondim de Basto, organiza a 6 de abril a terceira di\u00e7\u00e3o da \u201cFeirinha Rural\u201d, iniciativa que acontece no Lugar da Pra\u00e7a. Promovida pela Associa\u00e7\u00e3o de Solidariedade Social Atei Contigo, come\u00e7a com uma caminhada solid\u00e1ria (09h00), a que se segue o almo\u00e7o. O valor das inscri\u00e7\u00f5es reverte para a entidade promotora. A par da feira com produtos locais, a tarde \u00e9 animada pelo Grupo de Bombos e Z\u00e9s Pereiras de Atei e pelo Rancho Folcl\u00f3rico de Santa Luzia.","breadcrumb":{"@id":"https:\/\/terrasdebasto.pt\/?p=3801#breadcrumb"},"inLanguage":"pt-PT","potentialAction":[{"@type":"ReadAction","target":["https:\/\/terrasdebasto.pt\/?p=3801"]}]},{"@type":"ImageObject","inLanguage":"pt-PT","@id":"https:\/\/terrasdebasto.pt\/?p=3801#primaryimage","url":"https:\/\/terrasdebasto.pt\/wp-content\/uploads\/2025\/03\/FEIRINHA-RURAL-ATEI.jpg","contentUrl":"https:\/\/terrasdebasto.pt\/wp-content\/uploads\/2025\/03\/FEIRINHA-RURAL-ATEI.jpg","width":1448,"height":2048},{"@type":"BreadcrumbList","@id":"https:\/\/terrasdebasto.pt\/?p=3801#breadcrumb","itemListElement":[{"@type":"ListItem","position":1,"name":"In\u00edcio","item":"https:\/\/terrasdebasto.pt\/"},{"@type":"ListItem","position":2,"name":"Caminhada, almo\u00e7o e m\u00fasica na Feirinha Rural de Atei"}]},{"@type":"WebSite","@id":"https:\/\/terrasdebasto.pt\/#website","url":"https:\/\/terrasdebasto.pt\/","name":"Jornal Terras de Basto","description":"","publisher":{"@id":"https:\/\/terrasdebasto.pt\/#organization"},"potentialAction":[{"@type":"SearchAction","target":{"@type":"EntryPoint","urlTemplate":"https:\/\/terrasdebasto.pt\/?s={search_term_string}"},"query-input":{"@type":"PropertyValueSpecification","valueRequired":true,"valueName":"search_term_string"}}],"inLanguage":"pt-PT"},{"@type":"Organization","@id":"https:\/\/terrasdebasto.pt\/#organization","name":"Jornal Terras de Basto","url":"https:\/\/terrasdebasto.pt\/","logo":{"@type":"ImageObject","inLanguage":"pt-PT","@id":"https:\/\/terrasdebasto.pt\/#\/schema\/logo\/image\/","url":"https:\/\/terrasdebasto.pt\/wp-content\/uploads\/2024\/06\/LogoNormal.png","contentUrl":"https:\/\/terrasdebasto.pt\/wp-content\/uploads\/2024\/06\/LogoNormal.png","width":5638,"height":809,"caption":"Jornal Terras de Basto"},"image":{"@id":"https:\/\/terrasdebasto.pt\/#\/schema\/logo\/image\/"}},{"@type":"Person","@id":"https:\/\/terrasdebasto.pt\/#\/schema\/person\/9f6739f5394ac65c802641773b278b84","name":"Jo\u00e3o Paulo Mesquita","image":{"@type":"ImageObject","inLanguage":"pt-PT","@id":"https:\/\/terrasdebasto.pt\/#\/schema\/person\/image\/","url":"https:\/\/secure.gravatar.com\/avatar\/9bd0f299e6d96336664aab64354168246a3ee3287c47891c50d450e47ed9d7f9?s=96&d=mm&r=g","contentUrl":"https:\/\/secure.gravatar.com\/avatar\/9bd0f299e6d96336664aab64354168246a3ee3287c47891c50d450e47ed9d7f9?s=96&d=mm&r=g","caption":"Jo\u00e3o Paulo Mesquita"},"url":"https:\/\/terrasdebasto.pt\/?author=7"}]}},"_links":{"self":[{"href":"https:\/\/terrasdebasto.pt\/index.php?rest_route=\/wp\/v2\/posts\/3801","targetHints":{"allow":["GET"]}}],"collection":[{"href":"https:\/\/terrasdebasto.pt\/index.php?rest_route=\/wp\/v2\/posts"}],"about":[{"href":"https:\/\/terrasdebasto.pt\/index.php?rest_route=\/wp\/v2\/types\/post"}],"author":[{"embeddable":true,"href":"https:\/\/terrasdebasto.pt\/index.php?rest_route=\/wp\/v2\/users\/7"}],"replies":[{"embeddable":true,"href":"https:\/\/terrasdebasto.pt\/index.php?rest_route=%2Fwp%2Fv2%2Fcomments&post=3801"}],"version-history":[{"count":1,"href":"https:\/\/terrasdebasto.pt\/index.php?rest_route=\/wp\/v2\/posts\/3801\/revisions"}],"predecessor-version":[{"id":3803,"href":"https:\/\/terrasdebasto.pt\/index.php?rest_route=\/wp\/v2\/posts\/3801\/revisions\/3803"}],"wp:featuredmedia":[{"embeddable":true,"href":"https:\/\/terrasdebasto.pt\/index.php?rest_route=\/wp\/v2\/media\/3802"}],"wp:attachment":[{"href":"https:\/\/terrasdebasto.pt\/index.php?rest_route=%2Fwp%2Fv2%2Fmedia&parent=3801"}],"wp:term":[{"taxonomy":"category","embeddable":true,"href":"https:\/\/terrasdebasto.pt\/index.php?rest_route=%2Fwp%2Fv2%2Fcategories&post=3801"},{"taxonomy":"post_tag","embeddable":true,"href":"https:\/\/terrasdebasto.pt\/index.php?rest_route=%2Fwp%2Fv2%2Ftags&post=3801"}],"curies":[{"name":"wp","href":"https:\/\/api.w.org\/{rel}","templated":true}]}}