{"id":3794,"date":"2025-03-20T20:58:51","date_gmt":"2025-03-20T20:58:51","guid":{"rendered":"https:\/\/terrasdebasto.pt\/?p=3794"},"modified":"2025-03-20T20:58:51","modified_gmt":"2025-03-20T20:58:51","slug":"tempestade-automovel-em-santa-senhorinha","status":"publish","type":"post","link":"https:\/\/terrasdebasto.pt\/?p=3794","title":{"rendered":"Tempestade autom\u00f3vel em Santa Senhorinha"},"content":{"rendered":"\n<p><\/p>\n\n\n\n<p>Em Basto (Santa Senhorinha), Cabeceiras de Basto, a madrugada desta quinta-feira (20) n\u00e3o se fez apenas de mau tempo meteorol\u00f3gico. A tempestade ganhou outras formas, igualmente com velocidade, mas autom\u00f3veis. E foi assim que, algu\u00e9m, desgovernado, deixou o muro de delimita\u00e7\u00e3o do adro no estado que as imagens documentam.<\/p>\n\n\n\n<p><a><\/a>Embora tenham deixado no local os restos \u201cmortais\u201d do \u201cCitroen\u201d, o que \u00e9 certo \u00e9 que ningu\u00e9m se assumiu autor da proeza, o que \u2014 soube o Terras de Basto \u2014 levou o p\u00e1roco a dar conta da ocorr\u00eancia \u00e0 GNR, na esperan\u00e7a de que a seguradora implicada possa ajudar a repor o muro.<\/p>\n\n\n\n<p>Neste contexto \u2014 solicitam as nossas fontes \u2014 se algu\u00e9m tiver alguma informa\u00e7\u00e3o sobre a proeza, ser\u00e1 muito bom que dela d\u00ea conhecimento \u00e0s autoridades. [TB].<\/p>\n\n\n\n<figure class=\"wp-block-gallery has-nested-images columns-default is-cropped wp-block-gallery-1 is-layout-flex wp-block-gallery-is-layout-flex\">\n<figure class=\"wp-block-image size-large\"><img loading=\"lazy\" decoding=\"async\" width=\"1024\" height=\"945\" data-id=\"3796\" src=\"https:\/\/terrasdebasto.pt\/wp-content\/uploads\/2025\/03\/11-1-1024x945.jpg\" alt=\"\" class=\"wp-image-3796\" srcset=\"https:\/\/terrasdebasto.pt\/wp-content\/uploads\/2025\/03\/11-1-1024x945.jpg 1024w, https:\/\/terrasdebasto.pt\/wp-content\/uploads\/2025\/03\/11-1-300x277.jpg 300w, https:\/\/terrasdebasto.pt\/wp-content\/uploads\/2025\/03\/11-1-768x708.jpg 768w, https:\/\/terrasdebasto.pt\/wp-content\/uploads\/2025\/03\/11-1-1536x1417.jpg 1536w, https:\/\/terrasdebasto.pt\/wp-content\/uploads\/2025\/03\/11-1-150x138.jpg 150w, https:\/\/terrasdebasto.pt\/wp-content\/uploads\/2025\/03\/11-1-696x642.jpg 696w, https:\/\/terrasdebasto.pt\/wp-content\/uploads\/2025\/03\/11-1-1068x985.jpg 1068w, https:\/\/terrasdebasto.pt\/wp-content\/uploads\/2025\/03\/11-1.jpg 1600w\" sizes=\"auto, (max-width: 1024px) 100vw, 1024px\" \/><\/figure>\n<\/figure>\n\n\n\n<figure class=\"wp-block-gallery has-nested-images columns-default is-cropped wp-block-gallery-2 is-layout-flex wp-block-gallery-is-layout-flex\">\n<figure class=\"wp-block-image size-large\"><img loading=\"lazy\" decoding=\"async\" width=\"1024\" height=\"987\" data-id=\"3797\" src=\"https:\/\/terrasdebasto.pt\/wp-content\/uploads\/2025\/03\/12-1-1024x987.jpg\" alt=\"\" class=\"wp-image-3797\" srcset=\"https:\/\/terrasdebasto.pt\/wp-content\/uploads\/2025\/03\/12-1-1024x987.jpg 1024w, https:\/\/terrasdebasto.pt\/wp-content\/uploads\/2025\/03\/12-1-300x289.jpg 300w, https:\/\/terrasdebasto.pt\/wp-content\/uploads\/2025\/03\/12-1-768x740.jpg 768w, https:\/\/terrasdebasto.pt\/wp-content\/uploads\/2025\/03\/12-1-150x145.jpg 150w, https:\/\/terrasdebasto.pt\/wp-content\/uploads\/2025\/03\/12-1-696x671.jpg 696w, https:\/\/terrasdebasto.pt\/wp-content\/uploads\/2025\/03\/12-1-1068x1030.jpg 1068w, https:\/\/terrasdebasto.pt\/wp-content\/uploads\/2025\/03\/12-1.jpg 1251w\" sizes=\"auto, (max-width: 1024px) 100vw, 1024px\" \/><\/figure>\n<\/figure>\n\n\n\n<figure class=\"wp-block-gallery has-nested-images columns-default is-cropped wp-block-gallery-3 is-layout-flex wp-block-gallery-is-layout-flex\">\n<figure class=\"wp-block-image size-large\"><img loading=\"lazy\" decoding=\"async\" width=\"798\" height=\"564\" data-id=\"3798\" src=\"https:\/\/terrasdebasto.pt\/wp-content\/uploads\/2025\/03\/13.jpg\" alt=\"\" class=\"wp-image-3798\" srcset=\"https:\/\/terrasdebasto.pt\/wp-content\/uploads\/2025\/03\/13.jpg 798w, https:\/\/terrasdebasto.pt\/wp-content\/uploads\/2025\/03\/13-300x212.jpg 300w, https:\/\/terrasdebasto.pt\/wp-content\/uploads\/2025\/03\/13-768x543.jpg 768w, https:\/\/terrasdebasto.pt\/wp-content\/uploads\/2025\/03\/13-150x106.jpg 150w, https:\/\/terrasdebasto.pt\/wp-content\/uploads\/2025\/03\/13-696x492.jpg 696w\" sizes=\"auto, (max-width: 798px) 100vw, 798px\" \/><\/figure>\n\n\n\n<figure class=\"wp-block-image size-large\"><img loading=\"lazy\" decoding=\"async\" width=\"1024\" height=\"1024\" data-id=\"3799\" src=\"https:\/\/terrasdebasto.pt\/wp-content\/uploads\/2025\/03\/14-1024x1024.jpg\" alt=\"\" class=\"wp-image-3799\" srcset=\"https:\/\/terrasdebasto.pt\/wp-content\/uploads\/2025\/03\/14-1024x1024.jpg 1024w, https:\/\/terrasdebasto.pt\/wp-content\/uploads\/2025\/03\/14-300x300.jpg 300w, https:\/\/terrasdebasto.pt\/wp-content\/uploads\/2025\/03\/14-150x150.jpg 150w, https:\/\/terrasdebasto.pt\/wp-content\/uploads\/2025\/03\/14-768x768.jpg 768w, https:\/\/terrasdebasto.pt\/wp-content\/uploads\/2025\/03\/14-1536x1536.jpg 1536w, https:\/\/terrasdebasto.pt\/wp-content\/uploads\/2025\/03\/14-696x696.jpg 696w, https:\/\/terrasdebasto.pt\/wp-content\/uploads\/2025\/03\/14-1068x1068.jpg 1068w, https:\/\/terrasdebasto.pt\/wp-content\/uploads\/2025\/03\/14.jpg 1600w\" sizes=\"auto, (max-width: 1024px) 100vw, 1024px\" \/><\/figure>\n<\/figure>\n","protected":false},"excerpt":{"rendered":"<p>Em Basto (Santa Senhorinha), Cabeceiras de Basto, a madrugada desta quinta-feira (20) n\u00e3o se fez apenas de mau tempo meteorol\u00f3gico. A tempestade ganhou outras formas, igualmente com velocidade, mas autom\u00f3veis. E foi assim que, algu\u00e9m, desgovernado, deixou o muro de delimita\u00e7\u00e3o do adro no estado que as imagens documentam. Embora tenham deixado no local os [&hellip;]<\/p>\n","protected":false},"author":7,"featured_media":3795,"comment_status":"open","ping_status":"open","sticky":false,"template":"","format":"standard","meta":{"footnotes":""},"categories":[1],"tags":[842,841],"class_list":{"0":"post-3794","1":"post","2":"type-post","3":"status-publish","4":"format-standard","5":"has-post-thumbnail","7":"category-sem-categoria","8":"tag-acidente-automovel","9":"tag-santa-senhorinha"},"yoast_head":"<!-- This site is optimized with the Yoast SEO plugin v25.7 - https:\/\/yoast.com\/wordpress\/plugins\/seo\/ -->\n<title>Tempestade autom\u00f3vel em Santa Senhorinha - Jornal Terras de Basto<\/title>\n<meta name=\"description\" content=\"Em Basto (Santa Senhorinha), Cabeceiras de Basto, a madrugada desta quinta-feira (20) n\u00e3o se fez apenas de mau tempo meteorol\u00f3gico. A tempestade ganhou outras formas, igualmente com velocidade, mas autom\u00f3veis. E foi assim que, algu\u00e9m, desgovernado, deixou o muro de delimita\u00e7\u00e3o do adro no estado que as imagens documentam.\" \/>\n<meta name=\"robots\" content=\"index, follow, max-snippet:-1, max-image-preview:large, max-video-preview:-1\" \/>\n<link rel=\"canonical\" href=\"https:\/\/terrasdebasto.pt\/?p=3794\" \/>\n<meta property=\"og:locale\" content=\"pt_PT\" \/>\n<meta property=\"og:type\" content=\"article\" \/>\n<meta property=\"og:title\" content=\"Tempestade autom\u00f3vel em Santa Senhorinha - Jornal Terras de Basto\" \/>\n<meta property=\"og:description\" content=\"Em Basto (Santa Senhorinha), Cabeceiras de Basto, a madrugada desta quinta-feira (20) n\u00e3o se fez apenas de mau tempo meteorol\u00f3gico. A tempestade ganhou outras formas, igualmente com velocidade, mas autom\u00f3veis. E foi assim que, algu\u00e9m, desgovernado, deixou o muro de delimita\u00e7\u00e3o do adro no estado que as imagens documentam.\" \/>\n<meta property=\"og:url\" content=\"https:\/\/terrasdebasto.pt\/?p=3794\" \/>\n<meta property=\"og:site_name\" content=\"Jornal Terras de Basto\" \/>\n<meta property=\"article:published_time\" content=\"2025-03-20T20:58:51+00:00\" \/>\n<meta property=\"og:image\" content=\"https:\/\/terrasdebasto.pt\/wp-content\/uploads\/2025\/03\/10-1.jpg\" \/>\n\t<meta property=\"og:image:width\" content=\"1600\" \/>\n\t<meta property=\"og:image:height\" content=\"1510\" \/>\n\t<meta property=\"og:image:type\" content=\"image\/jpeg\" \/>\n<meta name=\"author\" content=\"Jo\u00e3o Paulo Mesquita\" \/>\n<meta name=\"twitter:card\" content=\"summary_large_image\" \/>\n<meta name=\"twitter:label1\" content=\"Escrito por\" \/>\n\t<meta name=\"twitter:data1\" content=\"Jo\u00e3o Paulo Mesquita\" \/>\n\t<meta name=\"twitter:label2\" content=\"Tempo estimado de leitura\" \/>\n\t<meta name=\"twitter:data2\" content=\"2 minutos\" \/>\n<script type=\"application\/ld+json\" class=\"yoast-schema-graph\">{\"@context\":\"https:\/\/schema.org\",\"@graph\":[{\"@type\":\"Article\",\"@id\":\"https:\/\/terrasdebasto.pt\/?p=3794#article\",\"isPartOf\":{\"@id\":\"https:\/\/terrasdebasto.pt\/?p=3794\"},\"author\":{\"name\":\"Jo\u00e3o Paulo Mesquita\",\"@id\":\"https:\/\/terrasdebasto.pt\/#\/schema\/person\/9f6739f5394ac65c802641773b278b84\"},\"headline\":\"Tempestade autom\u00f3vel em Santa Senhorinha\",\"datePublished\":\"2025-03-20T20:58:51+00:00\",\"mainEntityOfPage\":{\"@id\":\"https:\/\/terrasdebasto.pt\/?p=3794\"},\"wordCount\":138,\"commentCount\":0,\"publisher\":{\"@id\":\"https:\/\/terrasdebasto.pt\/#organization\"},\"image\":{\"@id\":\"https:\/\/terrasdebasto.pt\/?p=3794#primaryimage\"},\"thumbnailUrl\":\"https:\/\/terrasdebasto.pt\/wp-content\/uploads\/2025\/03\/10-1.jpg\",\"keywords\":[\"Acidente Autom\u00f3vel\",\"Santa Senhorinha\"],\"inLanguage\":\"pt-PT\",\"potentialAction\":[{\"@type\":\"CommentAction\",\"name\":\"Comment\",\"target\":[\"https:\/\/terrasdebasto.pt\/?p=3794#respond\"]}]},{\"@type\":\"WebPage\",\"@id\":\"https:\/\/terrasdebasto.pt\/?p=3794\",\"url\":\"https:\/\/terrasdebasto.pt\/?p=3794\",\"name\":\"Tempestade autom\u00f3vel em Santa Senhorinha - Jornal Terras de Basto\",\"isPartOf\":{\"@id\":\"https:\/\/terrasdebasto.pt\/#website\"},\"primaryImageOfPage\":{\"@id\":\"https:\/\/terrasdebasto.pt\/?p=3794#primaryimage\"},\"image\":{\"@id\":\"https:\/\/terrasdebasto.pt\/?p=3794#primaryimage\"},\"thumbnailUrl\":\"https:\/\/terrasdebasto.pt\/wp-content\/uploads\/2025\/03\/10-1.jpg\",\"datePublished\":\"2025-03-20T20:58:51+00:00\",\"description\":\"Em Basto (Santa Senhorinha), Cabeceiras de Basto, a madrugada desta quinta-feira (20) n\u00e3o se fez apenas de mau tempo meteorol\u00f3gico. A tempestade ganhou outras formas, igualmente com velocidade, mas autom\u00f3veis. E foi assim que, algu\u00e9m, desgovernado, deixou o muro de delimita\u00e7\u00e3o do adro no estado que as imagens documentam.\",\"breadcrumb\":{\"@id\":\"https:\/\/terrasdebasto.pt\/?p=3794#breadcrumb\"},\"inLanguage\":\"pt-PT\",\"potentialAction\":[{\"@type\":\"ReadAction\",\"target\":[\"https:\/\/terrasdebasto.pt\/?p=3794\"]}]},{\"@type\":\"ImageObject\",\"inLanguage\":\"pt-PT\",\"@id\":\"https:\/\/terrasdebasto.pt\/?p=3794#primaryimage\",\"url\":\"https:\/\/terrasdebasto.pt\/wp-content\/uploads\/2025\/03\/10-1.jpg\",\"contentUrl\":\"https:\/\/terrasdebasto.pt\/wp-content\/uploads\/2025\/03\/10-1.jpg\",\"width\":1600,\"height\":1510},{\"@type\":\"BreadcrumbList\",\"@id\":\"https:\/\/terrasdebasto.pt\/?p=3794#breadcrumb\",\"itemListElement\":[{\"@type\":\"ListItem\",\"position\":1,\"name\":\"In\u00edcio\",\"item\":\"https:\/\/terrasdebasto.pt\/\"},{\"@type\":\"ListItem\",\"position\":2,\"name\":\"Tempestade autom\u00f3vel em Santa Senhorinha\"}]},{\"@type\":\"WebSite\",\"@id\":\"https:\/\/terrasdebasto.pt\/#website\",\"url\":\"https:\/\/terrasdebasto.pt\/\",\"name\":\"Jornal Terras de Basto\",\"description\":\"\",\"publisher\":{\"@id\":\"https:\/\/terrasdebasto.pt\/#organization\"},\"potentialAction\":[{\"@type\":\"SearchAction\",\"target\":{\"@type\":\"EntryPoint\",\"urlTemplate\":\"https:\/\/terrasdebasto.pt\/?s={search_term_string}\"},\"query-input\":{\"@type\":\"PropertyValueSpecification\",\"valueRequired\":true,\"valueName\":\"search_term_string\"}}],\"inLanguage\":\"pt-PT\"},{\"@type\":\"Organization\",\"@id\":\"https:\/\/terrasdebasto.pt\/#organization\",\"name\":\"Jornal Terras de Basto\",\"url\":\"https:\/\/terrasdebasto.pt\/\",\"logo\":{\"@type\":\"ImageObject\",\"inLanguage\":\"pt-PT\",\"@id\":\"https:\/\/terrasdebasto.pt\/#\/schema\/logo\/image\/\",\"url\":\"https:\/\/terrasdebasto.pt\/wp-content\/uploads\/2024\/06\/LogoNormal.png\",\"contentUrl\":\"https:\/\/terrasdebasto.pt\/wp-content\/uploads\/2024\/06\/LogoNormal.png\",\"width\":5638,\"height\":809,\"caption\":\"Jornal Terras de Basto\"},\"image\":{\"@id\":\"https:\/\/terrasdebasto.pt\/#\/schema\/logo\/image\/\"}},{\"@type\":\"Person\",\"@id\":\"https:\/\/terrasdebasto.pt\/#\/schema\/person\/9f6739f5394ac65c802641773b278b84\",\"name\":\"Jo\u00e3o Paulo Mesquita\",\"image\":{\"@type\":\"ImageObject\",\"inLanguage\":\"pt-PT\",\"@id\":\"https:\/\/terrasdebasto.pt\/#\/schema\/person\/image\/\",\"url\":\"https:\/\/secure.gravatar.com\/avatar\/9bd0f299e6d96336664aab64354168246a3ee3287c47891c50d450e47ed9d7f9?s=96&d=mm&r=g\",\"contentUrl\":\"https:\/\/secure.gravatar.com\/avatar\/9bd0f299e6d96336664aab64354168246a3ee3287c47891c50d450e47ed9d7f9?s=96&d=mm&r=g\",\"caption\":\"Jo\u00e3o Paulo Mesquita\"},\"url\":\"https:\/\/terrasdebasto.pt\/?author=7\"}]}<\/script>\n<!-- \/ Yoast SEO plugin. -->","yoast_head_json":{"title":"Tempestade autom\u00f3vel em Santa Senhorinha - Jornal Terras de Basto","description":"Em Basto (Santa Senhorinha), Cabeceiras de Basto, a madrugada desta quinta-feira (20) n\u00e3o se fez apenas de mau tempo meteorol\u00f3gico. A tempestade ganhou outras formas, igualmente com velocidade, mas autom\u00f3veis. E foi assim que, algu\u00e9m, desgovernado, deixou o muro de delimita\u00e7\u00e3o do adro no estado que as imagens documentam.","robots":{"index":"index","follow":"follow","max-snippet":"max-snippet:-1","max-image-preview":"max-image-preview:large","max-video-preview":"max-video-preview:-1"},"canonical":"https:\/\/terrasdebasto.pt\/?p=3794","og_locale":"pt_PT","og_type":"article","og_title":"Tempestade autom\u00f3vel em Santa Senhorinha - Jornal Terras de Basto","og_description":"Em Basto (Santa Senhorinha), Cabeceiras de Basto, a madrugada desta quinta-feira (20) n\u00e3o se fez apenas de mau tempo meteorol\u00f3gico. A tempestade ganhou outras formas, igualmente com velocidade, mas autom\u00f3veis. E foi assim que, algu\u00e9m, desgovernado, deixou o muro de delimita\u00e7\u00e3o do adro no estado que as imagens documentam.","og_url":"https:\/\/terrasdebasto.pt\/?p=3794","og_site_name":"Jornal Terras de Basto","article_published_time":"2025-03-20T20:58:51+00:00","og_image":[{"width":1600,"height":1510,"url":"https:\/\/terrasdebasto.pt\/wp-content\/uploads\/2025\/03\/10-1.jpg","type":"image\/jpeg"}],"author":"Jo\u00e3o Paulo Mesquita","twitter_card":"summary_large_image","twitter_misc":{"Escrito por":"Jo\u00e3o Paulo Mesquita","Tempo estimado de leitura":"2 minutos"},"schema":{"@context":"https:\/\/schema.org","@graph":[{"@type":"Article","@id":"https:\/\/terrasdebasto.pt\/?p=3794#article","isPartOf":{"@id":"https:\/\/terrasdebasto.pt\/?p=3794"},"author":{"name":"Jo\u00e3o Paulo Mesquita","@id":"https:\/\/terrasdebasto.pt\/#\/schema\/person\/9f6739f5394ac65c802641773b278b84"},"headline":"Tempestade autom\u00f3vel em Santa Senhorinha","datePublished":"2025-03-20T20:58:51+00:00","mainEntityOfPage":{"@id":"https:\/\/terrasdebasto.pt\/?p=3794"},"wordCount":138,"commentCount":0,"publisher":{"@id":"https:\/\/terrasdebasto.pt\/#organization"},"image":{"@id":"https:\/\/terrasdebasto.pt\/?p=3794#primaryimage"},"thumbnailUrl":"https:\/\/terrasdebasto.pt\/wp-content\/uploads\/2025\/03\/10-1.jpg","keywords":["Acidente Autom\u00f3vel","Santa Senhorinha"],"inLanguage":"pt-PT","potentialAction":[{"@type":"CommentAction","name":"Comment","target":["https:\/\/terrasdebasto.pt\/?p=3794#respond"]}]},{"@type":"WebPage","@id":"https:\/\/terrasdebasto.pt\/?p=3794","url":"https:\/\/terrasdebasto.pt\/?p=3794","name":"Tempestade autom\u00f3vel em Santa Senhorinha - Jornal Terras de Basto","isPartOf":{"@id":"https:\/\/terrasdebasto.pt\/#website"},"primaryImageOfPage":{"@id":"https:\/\/terrasdebasto.pt\/?p=3794#primaryimage"},"image":{"@id":"https:\/\/terrasdebasto.pt\/?p=3794#primaryimage"},"thumbnailUrl":"https:\/\/terrasdebasto.pt\/wp-content\/uploads\/2025\/03\/10-1.jpg","datePublished":"2025-03-20T20:58:51+00:00","description":"Em Basto (Santa Senhorinha), Cabeceiras de Basto, a madrugada desta quinta-feira (20) n\u00e3o se fez apenas de mau tempo meteorol\u00f3gico. A tempestade ganhou outras formas, igualmente com velocidade, mas autom\u00f3veis. E foi assim que, algu\u00e9m, desgovernado, deixou o muro de delimita\u00e7\u00e3o do adro no estado que as imagens documentam.","breadcrumb":{"@id":"https:\/\/terrasdebasto.pt\/?p=3794#breadcrumb"},"inLanguage":"pt-PT","potentialAction":[{"@type":"ReadAction","target":["https:\/\/terrasdebasto.pt\/?p=3794"]}]},{"@type":"ImageObject","inLanguage":"pt-PT","@id":"https:\/\/terrasdebasto.pt\/?p=3794#primaryimage","url":"https:\/\/terrasdebasto.pt\/wp-content\/uploads\/2025\/03\/10-1.jpg","contentUrl":"https:\/\/terrasdebasto.pt\/wp-content\/uploads\/2025\/03\/10-1.jpg","width":1600,"height":1510},{"@type":"BreadcrumbList","@id":"https:\/\/terrasdebasto.pt\/?p=3794#breadcrumb","itemListElement":[{"@type":"ListItem","position":1,"name":"In\u00edcio","item":"https:\/\/terrasdebasto.pt\/"},{"@type":"ListItem","position":2,"name":"Tempestade autom\u00f3vel em Santa Senhorinha"}]},{"@type":"WebSite","@id":"https:\/\/terrasdebasto.pt\/#website","url":"https:\/\/terrasdebasto.pt\/","name":"Jornal Terras de Basto","description":"","publisher":{"@id":"https:\/\/terrasdebasto.pt\/#organization"},"potentialAction":[{"@type":"SearchAction","target":{"@type":"EntryPoint","urlTemplate":"https:\/\/terrasdebasto.pt\/?s={search_term_string}"},"query-input":{"@type":"PropertyValueSpecification","valueRequired":true,"valueName":"search_term_string"}}],"inLanguage":"pt-PT"},{"@type":"Organization","@id":"https:\/\/terrasdebasto.pt\/#organization","name":"Jornal Terras de Basto","url":"https:\/\/terrasdebasto.pt\/","logo":{"@type":"ImageObject","inLanguage":"pt-PT","@id":"https:\/\/terrasdebasto.pt\/#\/schema\/logo\/image\/","url":"https:\/\/terrasdebasto.pt\/wp-content\/uploads\/2024\/06\/LogoNormal.png","contentUrl":"https:\/\/terrasdebasto.pt\/wp-content\/uploads\/2024\/06\/LogoNormal.png","width":5638,"height":809,"caption":"Jornal Terras de Basto"},"image":{"@id":"https:\/\/terrasdebasto.pt\/#\/schema\/logo\/image\/"}},{"@type":"Person","@id":"https:\/\/terrasdebasto.pt\/#\/schema\/person\/9f6739f5394ac65c802641773b278b84","name":"Jo\u00e3o Paulo Mesquita","image":{"@type":"ImageObject","inLanguage":"pt-PT","@id":"https:\/\/terrasdebasto.pt\/#\/schema\/person\/image\/","url":"https:\/\/secure.gravatar.com\/avatar\/9bd0f299e6d96336664aab64354168246a3ee3287c47891c50d450e47ed9d7f9?s=96&d=mm&r=g","contentUrl":"https:\/\/secure.gravatar.com\/avatar\/9bd0f299e6d96336664aab64354168246a3ee3287c47891c50d450e47ed9d7f9?s=96&d=mm&r=g","caption":"Jo\u00e3o Paulo Mesquita"},"url":"https:\/\/terrasdebasto.pt\/?author=7"}]}},"_links":{"self":[{"href":"https:\/\/terrasdebasto.pt\/index.php?rest_route=\/wp\/v2\/posts\/3794","targetHints":{"allow":["GET"]}}],"collection":[{"href":"https:\/\/terrasdebasto.pt\/index.php?rest_route=\/wp\/v2\/posts"}],"about":[{"href":"https:\/\/terrasdebasto.pt\/index.php?rest_route=\/wp\/v2\/types\/post"}],"author":[{"embeddable":true,"href":"https:\/\/terrasdebasto.pt\/index.php?rest_route=\/wp\/v2\/users\/7"}],"replies":[{"embeddable":true,"href":"https:\/\/terrasdebasto.pt\/index.php?rest_route=%2Fwp%2Fv2%2Fcomments&post=3794"}],"version-history":[{"count":1,"href":"https:\/\/terrasdebasto.pt\/index.php?rest_route=\/wp\/v2\/posts\/3794\/revisions"}],"predecessor-version":[{"id":3800,"href":"https:\/\/terrasdebasto.pt\/index.php?rest_route=\/wp\/v2\/posts\/3794\/revisions\/3800"}],"wp:featuredmedia":[{"embeddable":true,"href":"https:\/\/terrasdebasto.pt\/index.php?rest_route=\/wp\/v2\/media\/3795"}],"wp:attachment":[{"href":"https:\/\/terrasdebasto.pt\/index.php?rest_route=%2Fwp%2Fv2%2Fmedia&parent=3794"}],"wp:term":[{"taxonomy":"category","embeddable":true,"href":"https:\/\/terrasdebasto.pt\/index.php?rest_route=%2Fwp%2Fv2%2Fcategories&post=3794"},{"taxonomy":"post_tag","embeddable":true,"href":"https:\/\/terrasdebasto.pt\/index.php?rest_route=%2Fwp%2Fv2%2Ftags&post=3794"}],"curies":[{"name":"wp","href":"https:\/\/api.w.org\/{rel}","templated":true}]}}