{"id":3785,"date":"2025-03-20T20:45:29","date_gmt":"2025-03-20T20:45:29","guid":{"rendered":"https:\/\/terrasdebasto.pt\/?p=3785"},"modified":"2025-03-20T20:45:30","modified_gmt":"2025-03-20T20:45:30","slug":"ciclovia-do-tamega-cortada-pelo-mau-tempo","status":"publish","type":"post","link":"https:\/\/terrasdebasto.pt\/?p=3785","title":{"rendered":"Ciclovia do T\u00e2mega cortada pelo mau-tempo"},"content":{"rendered":"\n<p><\/p>\n\n\n\n<p><strong>A Ciclovia do T\u00e2mega, que liga Arco de Ba\u00falhe a Amarante, foi um dos equipamentos que mais sofreu as consequ\u00eancias do mau-tempo que se verificou na \u00faltima madrugada. As imagens s\u00e3o da Uni\u00e3o de Freguesias de Arco de Ba\u00falhe e Vila Nune. E s\u00e3o elucidativas.<\/strong><\/p>\n\n\n\n<p><\/p>\n\n\n\n<figure class=\"wp-block-gallery has-nested-images columns-default is-cropped wp-block-gallery-1 is-layout-flex wp-block-gallery-is-layout-flex\">\n<figure class=\"wp-block-image size-large\"><img loading=\"lazy\" decoding=\"async\" width=\"607\" height=\"540\" data-id=\"3787\" src=\"https:\/\/terrasdebasto.pt\/wp-content\/uploads\/2025\/03\/100-3.jpg\" alt=\"\" class=\"wp-image-3787\" srcset=\"https:\/\/terrasdebasto.pt\/wp-content\/uploads\/2025\/03\/100-3.jpg 607w, https:\/\/terrasdebasto.pt\/wp-content\/uploads\/2025\/03\/100-3-300x267.jpg 300w, https:\/\/terrasdebasto.pt\/wp-content\/uploads\/2025\/03\/100-3-150x133.jpg 150w\" sizes=\"auto, (max-width: 607px) 100vw, 607px\" \/><\/figure>\n\n\n\n<figure class=\"wp-block-image size-large\"><img loading=\"lazy\" decoding=\"async\" width=\"1024\" height=\"877\" data-id=\"3788\" src=\"https:\/\/terrasdebasto.pt\/wp-content\/uploads\/2025\/03\/101-4-1024x877.jpg\" alt=\"\" class=\"wp-image-3788\" srcset=\"https:\/\/terrasdebasto.pt\/wp-content\/uploads\/2025\/03\/101-4-1024x877.jpg 1024w, https:\/\/terrasdebasto.pt\/wp-content\/uploads\/2025\/03\/101-4-300x257.jpg 300w, https:\/\/terrasdebasto.pt\/wp-content\/uploads\/2025\/03\/101-4-768x658.jpg 768w, https:\/\/terrasdebasto.pt\/wp-content\/uploads\/2025\/03\/101-4-1536x1316.jpg 1536w, https:\/\/terrasdebasto.pt\/wp-content\/uploads\/2025\/03\/101-4-150x129.jpg 150w, https:\/\/terrasdebasto.pt\/wp-content\/uploads\/2025\/03\/101-4-696x596.jpg 696w, https:\/\/terrasdebasto.pt\/wp-content\/uploads\/2025\/03\/101-4-1068x915.jpg 1068w, https:\/\/terrasdebasto.pt\/wp-content\/uploads\/2025\/03\/101-4.jpg 1675w\" sizes=\"auto, (max-width: 1024px) 100vw, 1024px\" \/><\/figure>\n<\/figure>\n\n\n\n<figure class=\"wp-block-gallery has-nested-images columns-default is-cropped wp-block-gallery-2 is-layout-flex wp-block-gallery-is-layout-flex\">\n<figure class=\"wp-block-image size-large\"><img loading=\"lazy\" decoding=\"async\" width=\"844\" height=\"843\" data-id=\"3789\" src=\"https:\/\/terrasdebasto.pt\/wp-content\/uploads\/2025\/03\/102-3.jpg\" alt=\"\" class=\"wp-image-3789\" srcset=\"https:\/\/terrasdebasto.pt\/wp-content\/uploads\/2025\/03\/102-3.jpg 844w, https:\/\/terrasdebasto.pt\/wp-content\/uploads\/2025\/03\/102-3-300x300.jpg 300w, https:\/\/terrasdebasto.pt\/wp-content\/uploads\/2025\/03\/102-3-150x150.jpg 150w, https:\/\/terrasdebasto.pt\/wp-content\/uploads\/2025\/03\/102-3-768x767.jpg 768w, https:\/\/terrasdebasto.pt\/wp-content\/uploads\/2025\/03\/102-3-696x695.jpg 696w\" sizes=\"auto, (max-width: 844px) 100vw, 844px\" \/><\/figure>\n\n\n\n<figure class=\"wp-block-image size-large\"><img loading=\"lazy\" decoding=\"async\" width=\"810\" height=\"840\" data-id=\"3790\" src=\"https:\/\/terrasdebasto.pt\/wp-content\/uploads\/2025\/03\/103-3.jpg\" alt=\"\" class=\"wp-image-3790\" srcset=\"https:\/\/terrasdebasto.pt\/wp-content\/uploads\/2025\/03\/103-3.jpg 810w, https:\/\/terrasdebasto.pt\/wp-content\/uploads\/2025\/03\/103-3-289x300.jpg 289w, https:\/\/terrasdebasto.pt\/wp-content\/uploads\/2025\/03\/103-3-768x796.jpg 768w, https:\/\/terrasdebasto.pt\/wp-content\/uploads\/2025\/03\/103-3-150x156.jpg 150w, https:\/\/terrasdebasto.pt\/wp-content\/uploads\/2025\/03\/103-3-300x311.jpg 300w, https:\/\/terrasdebasto.pt\/wp-content\/uploads\/2025\/03\/103-3-696x722.jpg 696w\" sizes=\"auto, (max-width: 810px) 100vw, 810px\" \/><\/figure>\n<\/figure>\n\n\n\n<figure class=\"wp-block-gallery has-nested-images columns-default is-cropped wp-block-gallery-3 is-layout-flex wp-block-gallery-is-layout-flex\">\n<figure class=\"wp-block-image size-large\"><img loading=\"lazy\" decoding=\"async\" width=\"809\" height=\"836\" data-id=\"3791\" src=\"https:\/\/terrasdebasto.pt\/wp-content\/uploads\/2025\/03\/104-2.jpg\" alt=\"\" class=\"wp-image-3791\" srcset=\"https:\/\/terrasdebasto.pt\/wp-content\/uploads\/2025\/03\/104-2.jpg 809w, https:\/\/terrasdebasto.pt\/wp-content\/uploads\/2025\/03\/104-2-290x300.jpg 290w, https:\/\/terrasdebasto.pt\/wp-content\/uploads\/2025\/03\/104-2-768x794.jpg 768w, https:\/\/terrasdebasto.pt\/wp-content\/uploads\/2025\/03\/104-2-150x155.jpg 150w, https:\/\/terrasdebasto.pt\/wp-content\/uploads\/2025\/03\/104-2-300x310.jpg 300w, https:\/\/terrasdebasto.pt\/wp-content\/uploads\/2025\/03\/104-2-696x719.jpg 696w\" sizes=\"auto, (max-width: 809px) 100vw, 809px\" \/><\/figure>\n<\/figure>\n\n\n\n<figure class=\"wp-block-gallery has-nested-images columns-default is-cropped wp-block-gallery-4 is-layout-flex wp-block-gallery-is-layout-flex\">\n<figure class=\"wp-block-image size-large\"><img loading=\"lazy\" decoding=\"async\" width=\"714\" height=\"540\" data-id=\"3792\" src=\"https:\/\/terrasdebasto.pt\/wp-content\/uploads\/2025\/03\/106-2.jpg\" alt=\"\" class=\"wp-image-3792\" srcset=\"https:\/\/terrasdebasto.pt\/wp-content\/uploads\/2025\/03\/106-2.jpg 714w, https:\/\/terrasdebasto.pt\/wp-content\/uploads\/2025\/03\/106-2-300x227.jpg 300w, https:\/\/terrasdebasto.pt\/wp-content\/uploads\/2025\/03\/106-2-150x113.jpg 150w, https:\/\/terrasdebasto.pt\/wp-content\/uploads\/2025\/03\/106-2-696x526.jpg 696w\" sizes=\"auto, (max-width: 714px) 100vw, 714px\" \/><\/figure>\n<\/figure>\n","protected":false},"excerpt":{"rendered":"<p>A Ciclovia do T\u00e2mega, que liga Arco de Ba\u00falhe a Amarante, foi um dos equipamentos que mais sofreu as consequ\u00eancias do mau-tempo que se verificou na \u00faltima madrugada. As imagens s\u00e3o da Uni\u00e3o de Freguesias de Arco de Ba\u00falhe e Vila Nune. E s\u00e3o elucidativas.<\/p>\n","protected":false},"author":7,"featured_media":3786,"comment_status":"open","ping_status":"open","sticky":false,"template":"","format":"standard","meta":{"footnotes":""},"categories":[12,9],"tags":[840],"class_list":{"0":"post-3785","1":"post","2":"type-post","3":"status-publish","4":"format-standard","5":"has-post-thumbnail","7":"category-cabeceiras-de-basto","8":"category-terras-de-basto","9":"tag-depressao-martinho"},"yoast_head":"<!-- This site is optimized with the Yoast SEO plugin v25.7 - https:\/\/yoast.com\/wordpress\/plugins\/seo\/ -->\n<title>Ciclovia do T\u00e2mega cortada pelo mau-tempo - Jornal Terras de Basto<\/title>\n<meta name=\"description\" content=\"A Ciclovia do T\u00e2mega, que liga Arco de Ba\u00falhe a Amarante, foi um dos equipamentos que mais sofreu as consequ\u00eancias do mau-tempo que se verificou na \u00faltima madrugada. As imagens s\u00e3o da Uni\u00e3o de Freguesias de Arco de Ba\u00falhe e Vila Nune. E s\u00e3o elucidativas.\" \/>\n<meta name=\"robots\" content=\"index, follow, max-snippet:-1, max-image-preview:large, max-video-preview:-1\" \/>\n<link rel=\"canonical\" href=\"https:\/\/terrasdebasto.pt\/?p=3785\" \/>\n<meta property=\"og:locale\" content=\"pt_PT\" \/>\n<meta property=\"og:type\" content=\"article\" \/>\n<meta property=\"og:title\" content=\"Ciclovia do T\u00e2mega cortada pelo mau-tempo - Jornal Terras de Basto\" \/>\n<meta property=\"og:description\" content=\"A Ciclovia do T\u00e2mega, que liga Arco de Ba\u00falhe a Amarante, foi um dos equipamentos que mais sofreu as consequ\u00eancias do mau-tempo que se verificou na \u00faltima madrugada. As imagens s\u00e3o da Uni\u00e3o de Freguesias de Arco de Ba\u00falhe e Vila Nune. E s\u00e3o elucidativas.\" \/>\n<meta property=\"og:url\" content=\"https:\/\/terrasdebasto.pt\/?p=3785\" \/>\n<meta property=\"og:site_name\" content=\"Jornal Terras de Basto\" \/>\n<meta property=\"article:published_time\" content=\"2025-03-20T20:45:29+00:00\" \/>\n<meta property=\"article:modified_time\" content=\"2025-03-20T20:45:30+00:00\" \/>\n<meta property=\"og:image\" content=\"https:\/\/terrasdebasto.pt\/wp-content\/uploads\/2025\/03\/105-2.jpg\" \/>\n\t<meta property=\"og:image:width\" content=\"809\" \/>\n\t<meta property=\"og:image:height\" content=\"813\" \/>\n\t<meta property=\"og:image:type\" content=\"image\/jpeg\" \/>\n<meta name=\"author\" content=\"Jo\u00e3o Paulo Mesquita\" \/>\n<meta name=\"twitter:card\" content=\"summary_large_image\" \/>\n<meta name=\"twitter:label1\" content=\"Escrito por\" \/>\n\t<meta name=\"twitter:data1\" content=\"Jo\u00e3o Paulo Mesquita\" \/>\n\t<meta name=\"twitter:label2\" content=\"Tempo estimado de leitura\" \/>\n\t<meta name=\"twitter:data2\" content=\"2 minutos\" \/>\n<script type=\"application\/ld+json\" class=\"yoast-schema-graph\">{\"@context\":\"https:\/\/schema.org\",\"@graph\":[{\"@type\":\"Article\",\"@id\":\"https:\/\/terrasdebasto.pt\/?p=3785#article\",\"isPartOf\":{\"@id\":\"https:\/\/terrasdebasto.pt\/?p=3785\"},\"author\":{\"name\":\"Jo\u00e3o Paulo Mesquita\",\"@id\":\"https:\/\/terrasdebasto.pt\/#\/schema\/person\/9f6739f5394ac65c802641773b278b84\"},\"headline\":\"Ciclovia do T\u00e2mega cortada pelo mau-tempo\",\"datePublished\":\"2025-03-20T20:45:29+00:00\",\"dateModified\":\"2025-03-20T20:45:30+00:00\",\"mainEntityOfPage\":{\"@id\":\"https:\/\/terrasdebasto.pt\/?p=3785\"},\"wordCount\":59,\"commentCount\":0,\"publisher\":{\"@id\":\"https:\/\/terrasdebasto.pt\/#organization\"},\"image\":{\"@id\":\"https:\/\/terrasdebasto.pt\/?p=3785#primaryimage\"},\"thumbnailUrl\":\"https:\/\/terrasdebasto.pt\/wp-content\/uploads\/2025\/03\/105-2.jpg\",\"keywords\":[\"Depress\u00e3o Martinho\"],\"articleSection\":[\"Cabeceiras de Basto\",\"Terras de Basto\"],\"inLanguage\":\"pt-PT\",\"potentialAction\":[{\"@type\":\"CommentAction\",\"name\":\"Comment\",\"target\":[\"https:\/\/terrasdebasto.pt\/?p=3785#respond\"]}]},{\"@type\":\"WebPage\",\"@id\":\"https:\/\/terrasdebasto.pt\/?p=3785\",\"url\":\"https:\/\/terrasdebasto.pt\/?p=3785\",\"name\":\"Ciclovia do T\u00e2mega cortada pelo mau-tempo - Jornal Terras de Basto\",\"isPartOf\":{\"@id\":\"https:\/\/terrasdebasto.pt\/#website\"},\"primaryImageOfPage\":{\"@id\":\"https:\/\/terrasdebasto.pt\/?p=3785#primaryimage\"},\"image\":{\"@id\":\"https:\/\/terrasdebasto.pt\/?p=3785#primaryimage\"},\"thumbnailUrl\":\"https:\/\/terrasdebasto.pt\/wp-content\/uploads\/2025\/03\/105-2.jpg\",\"datePublished\":\"2025-03-20T20:45:29+00:00\",\"dateModified\":\"2025-03-20T20:45:30+00:00\",\"description\":\"A Ciclovia do T\u00e2mega, que liga Arco de Ba\u00falhe a Amarante, foi um dos equipamentos que mais sofreu as consequ\u00eancias do mau-tempo que se verificou na \u00faltima madrugada. As imagens s\u00e3o da Uni\u00e3o de Freguesias de Arco de Ba\u00falhe e Vila Nune. E s\u00e3o elucidativas.\",\"breadcrumb\":{\"@id\":\"https:\/\/terrasdebasto.pt\/?p=3785#breadcrumb\"},\"inLanguage\":\"pt-PT\",\"potentialAction\":[{\"@type\":\"ReadAction\",\"target\":[\"https:\/\/terrasdebasto.pt\/?p=3785\"]}]},{\"@type\":\"ImageObject\",\"inLanguage\":\"pt-PT\",\"@id\":\"https:\/\/terrasdebasto.pt\/?p=3785#primaryimage\",\"url\":\"https:\/\/terrasdebasto.pt\/wp-content\/uploads\/2025\/03\/105-2.jpg\",\"contentUrl\":\"https:\/\/terrasdebasto.pt\/wp-content\/uploads\/2025\/03\/105-2.jpg\",\"width\":809,\"height\":813},{\"@type\":\"BreadcrumbList\",\"@id\":\"https:\/\/terrasdebasto.pt\/?p=3785#breadcrumb\",\"itemListElement\":[{\"@type\":\"ListItem\",\"position\":1,\"name\":\"In\u00edcio\",\"item\":\"https:\/\/terrasdebasto.pt\/\"},{\"@type\":\"ListItem\",\"position\":2,\"name\":\"Ciclovia do T\u00e2mega cortada pelo mau-tempo\"}]},{\"@type\":\"WebSite\",\"@id\":\"https:\/\/terrasdebasto.pt\/#website\",\"url\":\"https:\/\/terrasdebasto.pt\/\",\"name\":\"Jornal Terras de Basto\",\"description\":\"\",\"publisher\":{\"@id\":\"https:\/\/terrasdebasto.pt\/#organization\"},\"potentialAction\":[{\"@type\":\"SearchAction\",\"target\":{\"@type\":\"EntryPoint\",\"urlTemplate\":\"https:\/\/terrasdebasto.pt\/?s={search_term_string}\"},\"query-input\":{\"@type\":\"PropertyValueSpecification\",\"valueRequired\":true,\"valueName\":\"search_term_string\"}}],\"inLanguage\":\"pt-PT\"},{\"@type\":\"Organization\",\"@id\":\"https:\/\/terrasdebasto.pt\/#organization\",\"name\":\"Jornal Terras de Basto\",\"url\":\"https:\/\/terrasdebasto.pt\/\",\"logo\":{\"@type\":\"ImageObject\",\"inLanguage\":\"pt-PT\",\"@id\":\"https:\/\/terrasdebasto.pt\/#\/schema\/logo\/image\/\",\"url\":\"https:\/\/terrasdebasto.pt\/wp-content\/uploads\/2024\/06\/LogoNormal.png\",\"contentUrl\":\"https:\/\/terrasdebasto.pt\/wp-content\/uploads\/2024\/06\/LogoNormal.png\",\"width\":5638,\"height\":809,\"caption\":\"Jornal Terras de Basto\"},\"image\":{\"@id\":\"https:\/\/terrasdebasto.pt\/#\/schema\/logo\/image\/\"}},{\"@type\":\"Person\",\"@id\":\"https:\/\/terrasdebasto.pt\/#\/schema\/person\/9f6739f5394ac65c802641773b278b84\",\"name\":\"Jo\u00e3o Paulo Mesquita\",\"image\":{\"@type\":\"ImageObject\",\"inLanguage\":\"pt-PT\",\"@id\":\"https:\/\/terrasdebasto.pt\/#\/schema\/person\/image\/\",\"url\":\"https:\/\/secure.gravatar.com\/avatar\/9bd0f299e6d96336664aab64354168246a3ee3287c47891c50d450e47ed9d7f9?s=96&d=mm&r=g\",\"contentUrl\":\"https:\/\/secure.gravatar.com\/avatar\/9bd0f299e6d96336664aab64354168246a3ee3287c47891c50d450e47ed9d7f9?s=96&d=mm&r=g\",\"caption\":\"Jo\u00e3o Paulo Mesquita\"},\"url\":\"https:\/\/terrasdebasto.pt\/?author=7\"}]}<\/script>\n<!-- \/ Yoast SEO plugin. -->","yoast_head_json":{"title":"Ciclovia do T\u00e2mega cortada pelo mau-tempo - Jornal Terras de Basto","description":"A Ciclovia do T\u00e2mega, que liga Arco de Ba\u00falhe a Amarante, foi um dos equipamentos que mais sofreu as consequ\u00eancias do mau-tempo que se verificou na \u00faltima madrugada. As imagens s\u00e3o da Uni\u00e3o de Freguesias de Arco de Ba\u00falhe e Vila Nune. E s\u00e3o elucidativas.","robots":{"index":"index","follow":"follow","max-snippet":"max-snippet:-1","max-image-preview":"max-image-preview:large","max-video-preview":"max-video-preview:-1"},"canonical":"https:\/\/terrasdebasto.pt\/?p=3785","og_locale":"pt_PT","og_type":"article","og_title":"Ciclovia do T\u00e2mega cortada pelo mau-tempo - Jornal Terras de Basto","og_description":"A Ciclovia do T\u00e2mega, que liga Arco de Ba\u00falhe a Amarante, foi um dos equipamentos que mais sofreu as consequ\u00eancias do mau-tempo que se verificou na \u00faltima madrugada. As imagens s\u00e3o da Uni\u00e3o de Freguesias de Arco de Ba\u00falhe e Vila Nune. E s\u00e3o elucidativas.","og_url":"https:\/\/terrasdebasto.pt\/?p=3785","og_site_name":"Jornal Terras de Basto","article_published_time":"2025-03-20T20:45:29+00:00","article_modified_time":"2025-03-20T20:45:30+00:00","og_image":[{"width":809,"height":813,"url":"https:\/\/terrasdebasto.pt\/wp-content\/uploads\/2025\/03\/105-2.jpg","type":"image\/jpeg"}],"author":"Jo\u00e3o Paulo Mesquita","twitter_card":"summary_large_image","twitter_misc":{"Escrito por":"Jo\u00e3o Paulo Mesquita","Tempo estimado de leitura":"2 minutos"},"schema":{"@context":"https:\/\/schema.org","@graph":[{"@type":"Article","@id":"https:\/\/terrasdebasto.pt\/?p=3785#article","isPartOf":{"@id":"https:\/\/terrasdebasto.pt\/?p=3785"},"author":{"name":"Jo\u00e3o Paulo Mesquita","@id":"https:\/\/terrasdebasto.pt\/#\/schema\/person\/9f6739f5394ac65c802641773b278b84"},"headline":"Ciclovia do T\u00e2mega cortada pelo mau-tempo","datePublished":"2025-03-20T20:45:29+00:00","dateModified":"2025-03-20T20:45:30+00:00","mainEntityOfPage":{"@id":"https:\/\/terrasdebasto.pt\/?p=3785"},"wordCount":59,"commentCount":0,"publisher":{"@id":"https:\/\/terrasdebasto.pt\/#organization"},"image":{"@id":"https:\/\/terrasdebasto.pt\/?p=3785#primaryimage"},"thumbnailUrl":"https:\/\/terrasdebasto.pt\/wp-content\/uploads\/2025\/03\/105-2.jpg","keywords":["Depress\u00e3o Martinho"],"articleSection":["Cabeceiras de Basto","Terras de Basto"],"inLanguage":"pt-PT","potentialAction":[{"@type":"CommentAction","name":"Comment","target":["https:\/\/terrasdebasto.pt\/?p=3785#respond"]}]},{"@type":"WebPage","@id":"https:\/\/terrasdebasto.pt\/?p=3785","url":"https:\/\/terrasdebasto.pt\/?p=3785","name":"Ciclovia do T\u00e2mega cortada pelo mau-tempo - Jornal Terras de Basto","isPartOf":{"@id":"https:\/\/terrasdebasto.pt\/#website"},"primaryImageOfPage":{"@id":"https:\/\/terrasdebasto.pt\/?p=3785#primaryimage"},"image":{"@id":"https:\/\/terrasdebasto.pt\/?p=3785#primaryimage"},"thumbnailUrl":"https:\/\/terrasdebasto.pt\/wp-content\/uploads\/2025\/03\/105-2.jpg","datePublished":"2025-03-20T20:45:29+00:00","dateModified":"2025-03-20T20:45:30+00:00","description":"A Ciclovia do T\u00e2mega, que liga Arco de Ba\u00falhe a Amarante, foi um dos equipamentos que mais sofreu as consequ\u00eancias do mau-tempo que se verificou na \u00faltima madrugada. As imagens s\u00e3o da Uni\u00e3o de Freguesias de Arco de Ba\u00falhe e Vila Nune. E s\u00e3o elucidativas.","breadcrumb":{"@id":"https:\/\/terrasdebasto.pt\/?p=3785#breadcrumb"},"inLanguage":"pt-PT","potentialAction":[{"@type":"ReadAction","target":["https:\/\/terrasdebasto.pt\/?p=3785"]}]},{"@type":"ImageObject","inLanguage":"pt-PT","@id":"https:\/\/terrasdebasto.pt\/?p=3785#primaryimage","url":"https:\/\/terrasdebasto.pt\/wp-content\/uploads\/2025\/03\/105-2.jpg","contentUrl":"https:\/\/terrasdebasto.pt\/wp-content\/uploads\/2025\/03\/105-2.jpg","width":809,"height":813},{"@type":"BreadcrumbList","@id":"https:\/\/terrasdebasto.pt\/?p=3785#breadcrumb","itemListElement":[{"@type":"ListItem","position":1,"name":"In\u00edcio","item":"https:\/\/terrasdebasto.pt\/"},{"@type":"ListItem","position":2,"name":"Ciclovia do T\u00e2mega cortada pelo mau-tempo"}]},{"@type":"WebSite","@id":"https:\/\/terrasdebasto.pt\/#website","url":"https:\/\/terrasdebasto.pt\/","name":"Jornal Terras de Basto","description":"","publisher":{"@id":"https:\/\/terrasdebasto.pt\/#organization"},"potentialAction":[{"@type":"SearchAction","target":{"@type":"EntryPoint","urlTemplate":"https:\/\/terrasdebasto.pt\/?s={search_term_string}"},"query-input":{"@type":"PropertyValueSpecification","valueRequired":true,"valueName":"search_term_string"}}],"inLanguage":"pt-PT"},{"@type":"Organization","@id":"https:\/\/terrasdebasto.pt\/#organization","name":"Jornal Terras de Basto","url":"https:\/\/terrasdebasto.pt\/","logo":{"@type":"ImageObject","inLanguage":"pt-PT","@id":"https:\/\/terrasdebasto.pt\/#\/schema\/logo\/image\/","url":"https:\/\/terrasdebasto.pt\/wp-content\/uploads\/2024\/06\/LogoNormal.png","contentUrl":"https:\/\/terrasdebasto.pt\/wp-content\/uploads\/2024\/06\/LogoNormal.png","width":5638,"height":809,"caption":"Jornal Terras de Basto"},"image":{"@id":"https:\/\/terrasdebasto.pt\/#\/schema\/logo\/image\/"}},{"@type":"Person","@id":"https:\/\/terrasdebasto.pt\/#\/schema\/person\/9f6739f5394ac65c802641773b278b84","name":"Jo\u00e3o Paulo Mesquita","image":{"@type":"ImageObject","inLanguage":"pt-PT","@id":"https:\/\/terrasdebasto.pt\/#\/schema\/person\/image\/","url":"https:\/\/secure.gravatar.com\/avatar\/9bd0f299e6d96336664aab64354168246a3ee3287c47891c50d450e47ed9d7f9?s=96&d=mm&r=g","contentUrl":"https:\/\/secure.gravatar.com\/avatar\/9bd0f299e6d96336664aab64354168246a3ee3287c47891c50d450e47ed9d7f9?s=96&d=mm&r=g","caption":"Jo\u00e3o Paulo Mesquita"},"url":"https:\/\/terrasdebasto.pt\/?author=7"}]}},"_links":{"self":[{"href":"https:\/\/terrasdebasto.pt\/index.php?rest_route=\/wp\/v2\/posts\/3785","targetHints":{"allow":["GET"]}}],"collection":[{"href":"https:\/\/terrasdebasto.pt\/index.php?rest_route=\/wp\/v2\/posts"}],"about":[{"href":"https:\/\/terrasdebasto.pt\/index.php?rest_route=\/wp\/v2\/types\/post"}],"author":[{"embeddable":true,"href":"https:\/\/terrasdebasto.pt\/index.php?rest_route=\/wp\/v2\/users\/7"}],"replies":[{"embeddable":true,"href":"https:\/\/terrasdebasto.pt\/index.php?rest_route=%2Fwp%2Fv2%2Fcomments&post=3785"}],"version-history":[{"count":1,"href":"https:\/\/terrasdebasto.pt\/index.php?rest_route=\/wp\/v2\/posts\/3785\/revisions"}],"predecessor-version":[{"id":3793,"href":"https:\/\/terrasdebasto.pt\/index.php?rest_route=\/wp\/v2\/posts\/3785\/revisions\/3793"}],"wp:featuredmedia":[{"embeddable":true,"href":"https:\/\/terrasdebasto.pt\/index.php?rest_route=\/wp\/v2\/media\/3786"}],"wp:attachment":[{"href":"https:\/\/terrasdebasto.pt\/index.php?rest_route=%2Fwp%2Fv2%2Fmedia&parent=3785"}],"wp:term":[{"taxonomy":"category","embeddable":true,"href":"https:\/\/terrasdebasto.pt\/index.php?rest_route=%2Fwp%2Fv2%2Fcategories&post=3785"},{"taxonomy":"post_tag","embeddable":true,"href":"https:\/\/terrasdebasto.pt\/index.php?rest_route=%2Fwp%2Fv2%2Ftags&post=3785"}],"curies":[{"name":"wp","href":"https:\/\/api.w.org\/{rel}","templated":true}]}}