{"id":3749,"date":"2025-03-19T11:54:04","date_gmt":"2025-03-19T11:54:04","guid":{"rendered":"https:\/\/terrasdebasto.pt\/?p=3749"},"modified":"2025-03-19T11:54:04","modified_gmt":"2025-03-19T11:54:04","slug":"mais-uma-otima-edicao-do-terras-de-basto-10","status":"publish","type":"post","link":"https:\/\/terrasdebasto.pt\/?p=3749","title":{"rendered":"Mais uma \u00f3tima edi\u00e7\u00e3o do Terras de Basto"},"content":{"rendered":"\n<p><\/p>\n\n\n\n<p><strong>Est\u00e1 pronta a sair para distribui\u00e7\u00e3o mais uma \u00f3tima edi\u00e7\u00e3o impressa do Terras de Basto, a segunda do m\u00eas de mar\u00e7o. Embora o destaque principal v\u00e1 para uma entrevista de pr\u00e9-campanha aut\u00e1rquica com Jo\u00e3o Noronha, o socialista que preside \u00e0 C\u00e2mara de Ribeira de Pena, o primeiro t\u00edtulo de capa vai para o jogo-do-pau, pr\u00e1tica tradicional ou arte de defesa inscrita por Cabeceiras de Basto no Invent\u00e1rio Nacional do Patrim\u00f3nio Cultural Imaterial.<\/strong><\/p>\n\n\n\n<p>O jogo-do-pau j\u00e1 est\u00e1 a ser \u201censinado\u201d nas escolas cabeceirenses do primeiro ciclo, assim se cumprindo uma proposta a seu tempo feita pela oposi\u00e7\u00e3o social-democrata. O assunto n\u00e3o podia deixar de arrastar pol\u00e9mica: os socialistas da C\u00e2mara Municipal dizem que a ideia foi deles\u2026<\/p>\n\n\n\n<p>Mas, voltando a Ribeira de Pena, diz Jo\u00e3o Noronha que ainda tem muito trabalho para fazer neste mandato, empurrando para a mais tarde a \u00f3bvia assun\u00e7\u00e3o da recandidatura \u00e0 presid\u00eancia da autarquia. \u00abO meu foco \u00e9 garantir a boa conclus\u00e3o das obras que est\u00e3o a ser executadas\u00bb, prefere relevar o autarca. Nesta entrevista de quatro p\u00e1ginas, Noronha n\u00e3o evita, contudo, as propostas que lhe v\u00e3o fazer a pr\u00f3xima campanha: a constru\u00e7\u00e3o\/reabilita\u00e7\u00e3o de 155 fogos de habita\u00e7\u00e3o p\u00fablica, o plano de ordenamento da albufeira, o \u201cAquaPark do T\u00e2mega\u201d, a requalifica\u00e7\u00e3o do santu\u00e1rio da Senhora da Guia, a amplia\u00e7\u00e3o do Lar de Cerva ou o agora anunciado quartel da GNR. O autarca diz que este foi \u00abum mandato muito positivo\u00bb.<\/p>\n\n\n\n<p>A caixa de chamadas abre com Celorico de Basto, com o t\u00edtulo \u201cDeputada \u00e0 \u00faltima hora\u201d. A celoricense S\u00edlvia Cunha assumiu agora fun\u00e7\u00f5es de deputada \u00e0 Assembleia da Rep\u00fablica, tendo sido chamada a ocupar o lugar deixado livre por suspens\u00e3o de mandato do barcelense Carlos Eduardo Reis, que n\u00e3o resistiu \u00e0 press\u00e3o do pr\u00f3prio PSD, face \u00e0 envolv\u00eancia no caso \u201cTutti Frutti\u201d.<\/p>\n\n\n\n<p>Saltamos novamente a Cabeceiras de Basto, com a constru\u00e7\u00e3o anunciada pelo Munic\u00edpio de \u201cMini-apartamentos nas Cerdeirinhas\u201d. Em causa, um bloco multifamiliar de habita\u00e7\u00e3o social com de dez fra\u00e7\u00f5es. \u00c9 a proposta para responder \u00e0s car\u00eancias habitacionais no concelho. O projeto est\u00e1 or\u00e7ado em perto de um milh\u00e3o de euros e os apartamentos t\u00eam\u2026 30m2. \u00c9 pol\u00e9mico.<\/p>\n\n\n\n<p>De passagem por Mondim de Basto, destacamos a Festa da Cabra e do Mel agora anunciada para a aldeia de Pardelhas. \u00c9 uma iniciativa da autarquia e tem o objetivo de valorizar os produtos aut\u00f3ctones, o patrim\u00f3nio natural e os of\u00edcios a eles associados, nomeadamente o pastoreio e a apicultura.<\/p>\n\n\n\n<p>Com o foco novamente em Ribeira de Pena, falamos de uma experi\u00eancia gastron\u00f3mica inspirada na obra \u201c\u00c0 Mesa com Camilo\u201d, de Elzira S\u00e1 Queiroga, que marcou a evoca\u00e7\u00e3o, nesta localidade, do bicenten\u00e1rio de nascimento de Camilo Castelo Branco. A experi\u00eancia, no \u201cPena Park Hotel\u201d, foi a oportunidade para degustar pratos mencionados no livro, proporcionando uma viagem sensorial \u00e0 \u00e9poca do escritor.<\/p>\n\n\n\n<p>\u00d3timas leituras com o Terras de Basto.<\/p>\n\n\n\n<p>O diretor, Jo\u00e3o Paulo Mesquita<\/p>\n","protected":false},"excerpt":{"rendered":"<p>Est\u00e1 pronta a sair para distribui\u00e7\u00e3o mais uma \u00f3tima edi\u00e7\u00e3o impressa do Terras de Basto, a segunda do m\u00eas de mar\u00e7o. Embora o destaque principal v\u00e1 para uma entrevista de pr\u00e9-campanha aut\u00e1rquica com Jo\u00e3o Noronha, o socialista que preside \u00e0 C\u00e2mara de Ribeira de Pena, o primeiro t\u00edtulo de capa vai para o jogo-do-pau, pr\u00e1tica [&hellip;]<\/p>\n","protected":false},"author":7,"featured_media":3750,"comment_status":"open","ping_status":"open","sticky":false,"template":"","format":"standard","meta":{"footnotes":""},"categories":[27,12,13,7,8,11,28,2,14,16,26,10,1,15,9],"tags":[502],"class_list":{"0":"post-3749","1":"post","2":"type-post","3":"status-publish","4":"format-standard","5":"has-post-thumbnail","7":"category-artigo-de-opiniao","8":"category-cabeceiras-de-basto","9":"category-celorico-de-basto","10":"category-cultura","11":"category-desporto","12":"category-educacao","13":"category-entrevista","14":"category-featured","15":"category-gastronomia","16":"category-mondim-de-basto","17":"category-ribeira-de-pena","18":"category-saude","19":"category-sem-categoria","20":"category-technology","21":"category-terras-de-basto","22":"tag-jornal-terras-de-basto"},"yoast_head":"<!-- This site is optimized with the Yoast SEO plugin v25.7 - https:\/\/yoast.com\/wordpress\/plugins\/seo\/ -->\n<title>Mais uma \u00f3tima edi\u00e7\u00e3o do Terras de Basto - Jornal Terras de Basto<\/title>\n<meta name=\"description\" content=\"Est\u00e1 pronta a sair para distribui\u00e7\u00e3o mais uma \u00f3tima edi\u00e7\u00e3o impressa do Terras de Basto, a segunda do m\u00eas de mar\u00e7o. Embora o destaque principal v\u00e1 para uma entrevista de pr\u00e9-campanha aut\u00e1rquica com Jo\u00e3o Noronha, o socialista que preside \u00e0 C\u00e2mara de Ribeira de Pena, o primeiro t\u00edtulo de capa vai para o jogo-do-pau, pr\u00e1tica tradicional ou arte de defesa inscrita por Cabeceiras de Basto no Invent\u00e1rio Nacional do Patrim\u00f3nio Cultural Imaterial.\" \/>\n<meta name=\"robots\" content=\"index, follow, max-snippet:-1, max-image-preview:large, max-video-preview:-1\" \/>\n<link rel=\"canonical\" href=\"https:\/\/terrasdebasto.pt\/?p=3749\" \/>\n<meta property=\"og:locale\" content=\"pt_PT\" \/>\n<meta property=\"og:type\" content=\"article\" \/>\n<meta property=\"og:title\" content=\"Mais uma \u00f3tima edi\u00e7\u00e3o do Terras de Basto - Jornal Terras de Basto\" \/>\n<meta property=\"og:description\" content=\"Est\u00e1 pronta a sair para distribui\u00e7\u00e3o mais uma \u00f3tima edi\u00e7\u00e3o impressa do Terras de Basto, a segunda do m\u00eas de mar\u00e7o. Embora o destaque principal v\u00e1 para uma entrevista de pr\u00e9-campanha aut\u00e1rquica com Jo\u00e3o Noronha, o socialista que preside \u00e0 C\u00e2mara de Ribeira de Pena, o primeiro t\u00edtulo de capa vai para o jogo-do-pau, pr\u00e1tica tradicional ou arte de defesa inscrita por Cabeceiras de Basto no Invent\u00e1rio Nacional do Patrim\u00f3nio Cultural Imaterial.\" \/>\n<meta property=\"og:url\" content=\"https:\/\/terrasdebasto.pt\/?p=3749\" \/>\n<meta property=\"og:site_name\" content=\"Jornal Terras de Basto\" \/>\n<meta property=\"article:published_time\" content=\"2025-03-19T11:54:04+00:00\" \/>\n<meta property=\"og:image\" content=\"https:\/\/terrasdebasto.pt\/wp-content\/uploads\/2025\/03\/CAPA-TB-20.03.jpg\" \/>\n\t<meta property=\"og:image:width\" content=\"1090\" \/>\n\t<meta property=\"og:image:height\" content=\"1280\" \/>\n\t<meta property=\"og:image:type\" content=\"image\/jpeg\" \/>\n<meta name=\"author\" content=\"Jo\u00e3o Paulo Mesquita\" \/>\n<meta name=\"twitter:card\" content=\"summary_large_image\" \/>\n<meta name=\"twitter:label1\" content=\"Escrito por\" \/>\n\t<meta name=\"twitter:data1\" content=\"Jo\u00e3o Paulo Mesquita\" \/>\n\t<meta name=\"twitter:label2\" content=\"Tempo estimado de leitura\" \/>\n\t<meta name=\"twitter:data2\" content=\"3 minutos\" \/>\n<script type=\"application\/ld+json\" class=\"yoast-schema-graph\">{\"@context\":\"https:\/\/schema.org\",\"@graph\":[{\"@type\":\"Article\",\"@id\":\"https:\/\/terrasdebasto.pt\/?p=3749#article\",\"isPartOf\":{\"@id\":\"https:\/\/terrasdebasto.pt\/?p=3749\"},\"author\":{\"name\":\"Jo\u00e3o Paulo Mesquita\",\"@id\":\"https:\/\/terrasdebasto.pt\/#\/schema\/person\/9f6739f5394ac65c802641773b278b84\"},\"headline\":\"Mais uma \u00f3tima edi\u00e7\u00e3o do Terras de Basto\",\"datePublished\":\"2025-03-19T11:54:04+00:00\",\"mainEntityOfPage\":{\"@id\":\"https:\/\/terrasdebasto.pt\/?p=3749\"},\"wordCount\":532,\"commentCount\":0,\"publisher\":{\"@id\":\"https:\/\/terrasdebasto.pt\/#organization\"},\"image\":{\"@id\":\"https:\/\/terrasdebasto.pt\/?p=3749#primaryimage\"},\"thumbnailUrl\":\"https:\/\/terrasdebasto.pt\/wp-content\/uploads\/2025\/03\/CAPA-TB-20.03.jpg\",\"keywords\":[\"Jornal Terras de Basto\"],\"articleSection\":{\"0\":\"Artigo de opini\u00e3o\",\"1\":\"Cabeceiras de Basto\",\"2\":\"Celorico de Basto\",\"3\":\"Cultura\",\"4\":\"Desporto\",\"5\":\"Educa\u00e7\u00e3o\",\"6\":\"Entrevista\",\"7\":\"Featured\",\"8\":\"Gastronomia\",\"9\":\"Mondim de Basto\",\"10\":\"Ribeira de Pena\",\"11\":\"Sa\u00fade\",\"13\":\"Tecnologia\",\"14\":\"Terras de Basto\"},\"inLanguage\":\"pt-PT\",\"potentialAction\":[{\"@type\":\"CommentAction\",\"name\":\"Comment\",\"target\":[\"https:\/\/terrasdebasto.pt\/?p=3749#respond\"]}]},{\"@type\":\"WebPage\",\"@id\":\"https:\/\/terrasdebasto.pt\/?p=3749\",\"url\":\"https:\/\/terrasdebasto.pt\/?p=3749\",\"name\":\"Mais uma \u00f3tima edi\u00e7\u00e3o do Terras de Basto - Jornal Terras de Basto\",\"isPartOf\":{\"@id\":\"https:\/\/terrasdebasto.pt\/#website\"},\"primaryImageOfPage\":{\"@id\":\"https:\/\/terrasdebasto.pt\/?p=3749#primaryimage\"},\"image\":{\"@id\":\"https:\/\/terrasdebasto.pt\/?p=3749#primaryimage\"},\"thumbnailUrl\":\"https:\/\/terrasdebasto.pt\/wp-content\/uploads\/2025\/03\/CAPA-TB-20.03.jpg\",\"datePublished\":\"2025-03-19T11:54:04+00:00\",\"description\":\"Est\u00e1 pronta a sair para distribui\u00e7\u00e3o mais uma \u00f3tima edi\u00e7\u00e3o impressa do Terras de Basto, a segunda do m\u00eas de mar\u00e7o. Embora o destaque principal v\u00e1 para uma entrevista de pr\u00e9-campanha aut\u00e1rquica com Jo\u00e3o Noronha, o socialista que preside \u00e0 C\u00e2mara de Ribeira de Pena, o primeiro t\u00edtulo de capa vai para o jogo-do-pau, pr\u00e1tica tradicional ou arte de defesa inscrita por Cabeceiras de Basto no Invent\u00e1rio Nacional do Patrim\u00f3nio Cultural Imaterial.\",\"breadcrumb\":{\"@id\":\"https:\/\/terrasdebasto.pt\/?p=3749#breadcrumb\"},\"inLanguage\":\"pt-PT\",\"potentialAction\":[{\"@type\":\"ReadAction\",\"target\":[\"https:\/\/terrasdebasto.pt\/?p=3749\"]}]},{\"@type\":\"ImageObject\",\"inLanguage\":\"pt-PT\",\"@id\":\"https:\/\/terrasdebasto.pt\/?p=3749#primaryimage\",\"url\":\"https:\/\/terrasdebasto.pt\/wp-content\/uploads\/2025\/03\/CAPA-TB-20.03.jpg\",\"contentUrl\":\"https:\/\/terrasdebasto.pt\/wp-content\/uploads\/2025\/03\/CAPA-TB-20.03.jpg\",\"width\":1090,\"height\":1280},{\"@type\":\"BreadcrumbList\",\"@id\":\"https:\/\/terrasdebasto.pt\/?p=3749#breadcrumb\",\"itemListElement\":[{\"@type\":\"ListItem\",\"position\":1,\"name\":\"In\u00edcio\",\"item\":\"https:\/\/terrasdebasto.pt\/\"},{\"@type\":\"ListItem\",\"position\":2,\"name\":\"Mais uma \u00f3tima edi\u00e7\u00e3o do Terras de Basto\"}]},{\"@type\":\"WebSite\",\"@id\":\"https:\/\/terrasdebasto.pt\/#website\",\"url\":\"https:\/\/terrasdebasto.pt\/\",\"name\":\"Jornal Terras de Basto\",\"description\":\"\",\"publisher\":{\"@id\":\"https:\/\/terrasdebasto.pt\/#organization\"},\"potentialAction\":[{\"@type\":\"SearchAction\",\"target\":{\"@type\":\"EntryPoint\",\"urlTemplate\":\"https:\/\/terrasdebasto.pt\/?s={search_term_string}\"},\"query-input\":{\"@type\":\"PropertyValueSpecification\",\"valueRequired\":true,\"valueName\":\"search_term_string\"}}],\"inLanguage\":\"pt-PT\"},{\"@type\":\"Organization\",\"@id\":\"https:\/\/terrasdebasto.pt\/#organization\",\"name\":\"Jornal Terras de Basto\",\"url\":\"https:\/\/terrasdebasto.pt\/\",\"logo\":{\"@type\":\"ImageObject\",\"inLanguage\":\"pt-PT\",\"@id\":\"https:\/\/terrasdebasto.pt\/#\/schema\/logo\/image\/\",\"url\":\"https:\/\/terrasdebasto.pt\/wp-content\/uploads\/2024\/06\/LogoNormal.png\",\"contentUrl\":\"https:\/\/terrasdebasto.pt\/wp-content\/uploads\/2024\/06\/LogoNormal.png\",\"width\":5638,\"height\":809,\"caption\":\"Jornal Terras de Basto\"},\"image\":{\"@id\":\"https:\/\/terrasdebasto.pt\/#\/schema\/logo\/image\/\"}},{\"@type\":\"Person\",\"@id\":\"https:\/\/terrasdebasto.pt\/#\/schema\/person\/9f6739f5394ac65c802641773b278b84\",\"name\":\"Jo\u00e3o Paulo Mesquita\",\"image\":{\"@type\":\"ImageObject\",\"inLanguage\":\"pt-PT\",\"@id\":\"https:\/\/terrasdebasto.pt\/#\/schema\/person\/image\/\",\"url\":\"https:\/\/secure.gravatar.com\/avatar\/9bd0f299e6d96336664aab64354168246a3ee3287c47891c50d450e47ed9d7f9?s=96&d=mm&r=g\",\"contentUrl\":\"https:\/\/secure.gravatar.com\/avatar\/9bd0f299e6d96336664aab64354168246a3ee3287c47891c50d450e47ed9d7f9?s=96&d=mm&r=g\",\"caption\":\"Jo\u00e3o Paulo Mesquita\"},\"url\":\"https:\/\/terrasdebasto.pt\/?author=7\"}]}<\/script>\n<!-- \/ Yoast SEO plugin. -->","yoast_head_json":{"title":"Mais uma \u00f3tima edi\u00e7\u00e3o do Terras de Basto - Jornal Terras de Basto","description":"Est\u00e1 pronta a sair para distribui\u00e7\u00e3o mais uma \u00f3tima edi\u00e7\u00e3o impressa do Terras de Basto, a segunda do m\u00eas de mar\u00e7o. Embora o destaque principal v\u00e1 para uma entrevista de pr\u00e9-campanha aut\u00e1rquica com Jo\u00e3o Noronha, o socialista que preside \u00e0 C\u00e2mara de Ribeira de Pena, o primeiro t\u00edtulo de capa vai para o jogo-do-pau, pr\u00e1tica tradicional ou arte de defesa inscrita por Cabeceiras de Basto no Invent\u00e1rio Nacional do Patrim\u00f3nio Cultural Imaterial.","robots":{"index":"index","follow":"follow","max-snippet":"max-snippet:-1","max-image-preview":"max-image-preview:large","max-video-preview":"max-video-preview:-1"},"canonical":"https:\/\/terrasdebasto.pt\/?p=3749","og_locale":"pt_PT","og_type":"article","og_title":"Mais uma \u00f3tima edi\u00e7\u00e3o do Terras de Basto - Jornal Terras de Basto","og_description":"Est\u00e1 pronta a sair para distribui\u00e7\u00e3o mais uma \u00f3tima edi\u00e7\u00e3o impressa do Terras de Basto, a segunda do m\u00eas de mar\u00e7o. Embora o destaque principal v\u00e1 para uma entrevista de pr\u00e9-campanha aut\u00e1rquica com Jo\u00e3o Noronha, o socialista que preside \u00e0 C\u00e2mara de Ribeira de Pena, o primeiro t\u00edtulo de capa vai para o jogo-do-pau, pr\u00e1tica tradicional ou arte de defesa inscrita por Cabeceiras de Basto no Invent\u00e1rio Nacional do Patrim\u00f3nio Cultural Imaterial.","og_url":"https:\/\/terrasdebasto.pt\/?p=3749","og_site_name":"Jornal Terras de Basto","article_published_time":"2025-03-19T11:54:04+00:00","og_image":[{"width":1090,"height":1280,"url":"https:\/\/terrasdebasto.pt\/wp-content\/uploads\/2025\/03\/CAPA-TB-20.03.jpg","type":"image\/jpeg"}],"author":"Jo\u00e3o Paulo Mesquita","twitter_card":"summary_large_image","twitter_misc":{"Escrito por":"Jo\u00e3o Paulo Mesquita","Tempo estimado de leitura":"3 minutos"},"schema":{"@context":"https:\/\/schema.org","@graph":[{"@type":"Article","@id":"https:\/\/terrasdebasto.pt\/?p=3749#article","isPartOf":{"@id":"https:\/\/terrasdebasto.pt\/?p=3749"},"author":{"name":"Jo\u00e3o Paulo Mesquita","@id":"https:\/\/terrasdebasto.pt\/#\/schema\/person\/9f6739f5394ac65c802641773b278b84"},"headline":"Mais uma \u00f3tima edi\u00e7\u00e3o do Terras de Basto","datePublished":"2025-03-19T11:54:04+00:00","mainEntityOfPage":{"@id":"https:\/\/terrasdebasto.pt\/?p=3749"},"wordCount":532,"commentCount":0,"publisher":{"@id":"https:\/\/terrasdebasto.pt\/#organization"},"image":{"@id":"https:\/\/terrasdebasto.pt\/?p=3749#primaryimage"},"thumbnailUrl":"https:\/\/terrasdebasto.pt\/wp-content\/uploads\/2025\/03\/CAPA-TB-20.03.jpg","keywords":["Jornal Terras de Basto"],"articleSection":{"0":"Artigo de opini\u00e3o","1":"Cabeceiras de Basto","2":"Celorico de Basto","3":"Cultura","4":"Desporto","5":"Educa\u00e7\u00e3o","6":"Entrevista","7":"Featured","8":"Gastronomia","9":"Mondim de Basto","10":"Ribeira de Pena","11":"Sa\u00fade","13":"Tecnologia","14":"Terras de Basto"},"inLanguage":"pt-PT","potentialAction":[{"@type":"CommentAction","name":"Comment","target":["https:\/\/terrasdebasto.pt\/?p=3749#respond"]}]},{"@type":"WebPage","@id":"https:\/\/terrasdebasto.pt\/?p=3749","url":"https:\/\/terrasdebasto.pt\/?p=3749","name":"Mais uma \u00f3tima edi\u00e7\u00e3o do Terras de Basto - Jornal Terras de Basto","isPartOf":{"@id":"https:\/\/terrasdebasto.pt\/#website"},"primaryImageOfPage":{"@id":"https:\/\/terrasdebasto.pt\/?p=3749#primaryimage"},"image":{"@id":"https:\/\/terrasdebasto.pt\/?p=3749#primaryimage"},"thumbnailUrl":"https:\/\/terrasdebasto.pt\/wp-content\/uploads\/2025\/03\/CAPA-TB-20.03.jpg","datePublished":"2025-03-19T11:54:04+00:00","description":"Est\u00e1 pronta a sair para distribui\u00e7\u00e3o mais uma \u00f3tima edi\u00e7\u00e3o impressa do Terras de Basto, a segunda do m\u00eas de mar\u00e7o. Embora o destaque principal v\u00e1 para uma entrevista de pr\u00e9-campanha aut\u00e1rquica com Jo\u00e3o Noronha, o socialista que preside \u00e0 C\u00e2mara de Ribeira de Pena, o primeiro t\u00edtulo de capa vai para o jogo-do-pau, pr\u00e1tica tradicional ou arte de defesa inscrita por Cabeceiras de Basto no Invent\u00e1rio Nacional do Patrim\u00f3nio Cultural Imaterial.","breadcrumb":{"@id":"https:\/\/terrasdebasto.pt\/?p=3749#breadcrumb"},"inLanguage":"pt-PT","potentialAction":[{"@type":"ReadAction","target":["https:\/\/terrasdebasto.pt\/?p=3749"]}]},{"@type":"ImageObject","inLanguage":"pt-PT","@id":"https:\/\/terrasdebasto.pt\/?p=3749#primaryimage","url":"https:\/\/terrasdebasto.pt\/wp-content\/uploads\/2025\/03\/CAPA-TB-20.03.jpg","contentUrl":"https:\/\/terrasdebasto.pt\/wp-content\/uploads\/2025\/03\/CAPA-TB-20.03.jpg","width":1090,"height":1280},{"@type":"BreadcrumbList","@id":"https:\/\/terrasdebasto.pt\/?p=3749#breadcrumb","itemListElement":[{"@type":"ListItem","position":1,"name":"In\u00edcio","item":"https:\/\/terrasdebasto.pt\/"},{"@type":"ListItem","position":2,"name":"Mais uma \u00f3tima edi\u00e7\u00e3o do Terras de Basto"}]},{"@type":"WebSite","@id":"https:\/\/terrasdebasto.pt\/#website","url":"https:\/\/terrasdebasto.pt\/","name":"Jornal Terras de Basto","description":"","publisher":{"@id":"https:\/\/terrasdebasto.pt\/#organization"},"potentialAction":[{"@type":"SearchAction","target":{"@type":"EntryPoint","urlTemplate":"https:\/\/terrasdebasto.pt\/?s={search_term_string}"},"query-input":{"@type":"PropertyValueSpecification","valueRequired":true,"valueName":"search_term_string"}}],"inLanguage":"pt-PT"},{"@type":"Organization","@id":"https:\/\/terrasdebasto.pt\/#organization","name":"Jornal Terras de Basto","url":"https:\/\/terrasdebasto.pt\/","logo":{"@type":"ImageObject","inLanguage":"pt-PT","@id":"https:\/\/terrasdebasto.pt\/#\/schema\/logo\/image\/","url":"https:\/\/terrasdebasto.pt\/wp-content\/uploads\/2024\/06\/LogoNormal.png","contentUrl":"https:\/\/terrasdebasto.pt\/wp-content\/uploads\/2024\/06\/LogoNormal.png","width":5638,"height":809,"caption":"Jornal Terras de Basto"},"image":{"@id":"https:\/\/terrasdebasto.pt\/#\/schema\/logo\/image\/"}},{"@type":"Person","@id":"https:\/\/terrasdebasto.pt\/#\/schema\/person\/9f6739f5394ac65c802641773b278b84","name":"Jo\u00e3o Paulo Mesquita","image":{"@type":"ImageObject","inLanguage":"pt-PT","@id":"https:\/\/terrasdebasto.pt\/#\/schema\/person\/image\/","url":"https:\/\/secure.gravatar.com\/avatar\/9bd0f299e6d96336664aab64354168246a3ee3287c47891c50d450e47ed9d7f9?s=96&d=mm&r=g","contentUrl":"https:\/\/secure.gravatar.com\/avatar\/9bd0f299e6d96336664aab64354168246a3ee3287c47891c50d450e47ed9d7f9?s=96&d=mm&r=g","caption":"Jo\u00e3o Paulo Mesquita"},"url":"https:\/\/terrasdebasto.pt\/?author=7"}]}},"_links":{"self":[{"href":"https:\/\/terrasdebasto.pt\/index.php?rest_route=\/wp\/v2\/posts\/3749","targetHints":{"allow":["GET"]}}],"collection":[{"href":"https:\/\/terrasdebasto.pt\/index.php?rest_route=\/wp\/v2\/posts"}],"about":[{"href":"https:\/\/terrasdebasto.pt\/index.php?rest_route=\/wp\/v2\/types\/post"}],"author":[{"embeddable":true,"href":"https:\/\/terrasdebasto.pt\/index.php?rest_route=\/wp\/v2\/users\/7"}],"replies":[{"embeddable":true,"href":"https:\/\/terrasdebasto.pt\/index.php?rest_route=%2Fwp%2Fv2%2Fcomments&post=3749"}],"version-history":[{"count":1,"href":"https:\/\/terrasdebasto.pt\/index.php?rest_route=\/wp\/v2\/posts\/3749\/revisions"}],"predecessor-version":[{"id":3751,"href":"https:\/\/terrasdebasto.pt\/index.php?rest_route=\/wp\/v2\/posts\/3749\/revisions\/3751"}],"wp:featuredmedia":[{"embeddable":true,"href":"https:\/\/terrasdebasto.pt\/index.php?rest_route=\/wp\/v2\/media\/3750"}],"wp:attachment":[{"href":"https:\/\/terrasdebasto.pt\/index.php?rest_route=%2Fwp%2Fv2%2Fmedia&parent=3749"}],"wp:term":[{"taxonomy":"category","embeddable":true,"href":"https:\/\/terrasdebasto.pt\/index.php?rest_route=%2Fwp%2Fv2%2Fcategories&post=3749"},{"taxonomy":"post_tag","embeddable":true,"href":"https:\/\/terrasdebasto.pt\/index.php?rest_route=%2Fwp%2Fv2%2Ftags&post=3749"}],"curies":[{"name":"wp","href":"https:\/\/api.w.org\/{rel}","templated":true}]}}