{"id":374,"date":"2024-07-15T21:16:45","date_gmt":"2024-07-15T21:16:45","guid":{"rendered":"https:\/\/terrasdebasto.pt\/?p=374"},"modified":"2024-07-15T21:27:17","modified_gmt":"2024-07-15T21:27:17","slug":"um-cozinheiro-vegan-em-basto","status":"publish","type":"post","link":"https:\/\/terrasdebasto.pt\/?p=374","title":{"rendered":"Um cozinheiro \u201cvegan\u201d em Basto"},"content":{"rendered":"\n<h2 class=\"wp-block-heading\">Alimenta\u00e7\u00e3o faz parte da sua filosofia de vida<\/h2>\n\n\n\n<p><strong>A comida \u00e9 apenas uma das express\u00f5es da filosofia de vida de Tiago Teixeira. Que se completa com uma espiritualidade em que sobressai o equil\u00edbrio natural e o respeito por todas as esp\u00e9cies sem hierarquia. Tem andado por outros mundos e por outras cozinhas. A procura de um lugar calmo para viver trouxe-o para Basto. E assim temos um cozinheiro \u201cvegan\u201d ao nosso dispor.<\/strong><\/p>\n\n\n\n<figure class=\"wp-block-gallery has-nested-images columns-default is-cropped wp-block-gallery-1 is-layout-flex wp-block-gallery-is-layout-flex\">\n<figure class=\"wp-block-image size-large\"><img loading=\"lazy\" decoding=\"async\" width=\"819\" height=\"1024\" data-id=\"394\" src=\"https:\/\/terrasdebasto.pt\/wp-content\/uploads\/2024\/07\/FOTO-01-TIAGO-TEIXEIRA-1-819x1024.jpg\" alt=\"\" class=\"wp-image-394\" srcset=\"https:\/\/terrasdebasto.pt\/wp-content\/uploads\/2024\/07\/FOTO-01-TIAGO-TEIXEIRA-1-819x1024.jpg 819w, https:\/\/terrasdebasto.pt\/wp-content\/uploads\/2024\/07\/FOTO-01-TIAGO-TEIXEIRA-1-240x300.jpg 240w, https:\/\/terrasdebasto.pt\/wp-content\/uploads\/2024\/07\/FOTO-01-TIAGO-TEIXEIRA-1-768x960.jpg 768w, https:\/\/terrasdebasto.pt\/wp-content\/uploads\/2024\/07\/FOTO-01-TIAGO-TEIXEIRA-1-150x188.jpg 150w, https:\/\/terrasdebasto.pt\/wp-content\/uploads\/2024\/07\/FOTO-01-TIAGO-TEIXEIRA-1-300x375.jpg 300w, https:\/\/terrasdebasto.pt\/wp-content\/uploads\/2024\/07\/FOTO-01-TIAGO-TEIXEIRA-1-696x870.jpg 696w, https:\/\/terrasdebasto.pt\/wp-content\/uploads\/2024\/07\/FOTO-01-TIAGO-TEIXEIRA-1-1068x1335.jpg 1068w, https:\/\/terrasdebasto.pt\/wp-content\/uploads\/2024\/07\/FOTO-01-TIAGO-TEIXEIRA-1.jpg 1080w\" sizes=\"auto, (max-width: 819px) 100vw, 819px\" \/><\/figure>\n<\/figure>\n\n\n\n<p>Por <strong>Jo\u00e3o Paulo Mesquita<\/strong><\/p>\n\n\n\n<p>\u00abPorque \u00e9 que uns s\u00e3o animais e outros s\u00e3o comida?\u00bb. A interroga\u00e7\u00e3o enquadra a filosofia de vida de Tiago Teixeira e marca a sua presen\u00e7a nas redes sociais, onde o Terras de Basto o descobriu como cozinheiro de comida \u201cvegan\u201d\u2026 em Celorico de Basto. Diz que tem origens portuenses e que se instalou em Santa Tecla com a mulher, Sofia Rodrigues, h\u00e1 pouco mais de um ano, em busca de \u00abum local sossegado para viver\u00bb. Agora que anda pela casa dos quarenta e acaba de ser pai de uma celoricense de gema, sabe-se promotor do vegetarianismo desde os tempos em que, jovem, fazia caminhadas com pessoas amigas. \u00abLevava na lancheira comida feita por mim, de base vegetal\u2026 E as pessoas que iam comigo pediam-me para provar! E gostavam\u00bb, conta.<\/p>\n\n\n\n<p>Na verdade, a filosofia de vida de Tiago Teixeira n\u00e3o se fica pelas quest\u00f5es alimentares, antes se consubstancia numa evolu\u00e7\u00e3o espiritual que n\u00e3o admite hierarquia moral entre esp\u00e9cies, \u00abque t\u00eam todas o seu valor e um papel especial na dimens\u00e3o terrestre\u00bb.<\/p>\n\n\n\n<p>Por este motivo \u2013 sustenta \u2013 os animais n\u00e3o t\u00eam de sofrer atrocidades para satisfazer a gula humana ou para perpetuar tradi\u00e7\u00f5es cru\u00e9is que se tornam obsoletas no mundo evolu\u00eddo e espiritual que estamos a criar. \u00abPodemos viver perfeitamente atrav\u00e9s de uma alimenta\u00e7\u00e3o vegetal, livre de crueldade e mais saud\u00e1vel\u00bb, defende.<\/p>\n\n\n\n<p>De vegetariano, evoluiu assim para \u201cvegan\u201d, movimento que, recusando qualquer alimento de origem animal, tem vindo a crescer, segundo os especialistas, de forma exponencial em diversos pa\u00edses, entre eles Portugal. Orgulhosos embora das suas ra\u00edzes culturais e culin\u00e1rias, os portugueses t\u00eam aderido ao veganismo, um crescimento vis\u00edvel no aumento da oferta e no surgimento do ativismo \u201cvegan\u201d.<\/p>\n\n\n\n<p>\u00abNuma altura em que o ser humano se preocupa cada vez mais com o bem-estar, com o ambiente e com os animais, surge a necessidade de desfazer os mitos que envolvem a comida \u201cvegan\u201d. Est\u00e1 nas m\u00e3os de cada um transformar o mundo, desde logo atrav\u00e9s de h\u00e1bitos mais saud\u00e1veis e escolhas mais conscientes\u00bb, enfatiza, na conversa com o Terras de Basto.<\/p>\n\n\n\n<figure class=\"wp-block-image size-large\"><img loading=\"lazy\" decoding=\"async\" width=\"768\" height=\"1024\" src=\"https:\/\/terrasdebasto.pt\/wp-content\/uploads\/2024\/07\/FOTO-01.1-TIAGO-TEIXEIRA-1-768x1024.jpg\" alt=\"\" class=\"wp-image-395\" srcset=\"https:\/\/terrasdebasto.pt\/wp-content\/uploads\/2024\/07\/FOTO-01.1-TIAGO-TEIXEIRA-1-768x1024.jpg 768w, https:\/\/terrasdebasto.pt\/wp-content\/uploads\/2024\/07\/FOTO-01.1-TIAGO-TEIXEIRA-1-225x300.jpg 225w, https:\/\/terrasdebasto.pt\/wp-content\/uploads\/2024\/07\/FOTO-01.1-TIAGO-TEIXEIRA-1-1152x1536.jpg 1152w, https:\/\/terrasdebasto.pt\/wp-content\/uploads\/2024\/07\/FOTO-01.1-TIAGO-TEIXEIRA-1-1536x2048.jpg 1536w, https:\/\/terrasdebasto.pt\/wp-content\/uploads\/2024\/07\/FOTO-01.1-TIAGO-TEIXEIRA-1-150x200.jpg 150w, https:\/\/terrasdebasto.pt\/wp-content\/uploads\/2024\/07\/FOTO-01.1-TIAGO-TEIXEIRA-1-300x400.jpg 300w, https:\/\/terrasdebasto.pt\/wp-content\/uploads\/2024\/07\/FOTO-01.1-TIAGO-TEIXEIRA-1-696x928.jpg 696w, https:\/\/terrasdebasto.pt\/wp-content\/uploads\/2024\/07\/FOTO-01.1-TIAGO-TEIXEIRA-1-1068x1424.jpg 1068w, https:\/\/terrasdebasto.pt\/wp-content\/uploads\/2024\/07\/FOTO-01.1-TIAGO-TEIXEIRA-1-scaled.jpg 1920w\" sizes=\"auto, (max-width: 768px) 100vw, 768px\" \/><\/figure>\n\n\n\n<p><strong>Um cozinheiro \u201cvegan\u201d nas Terras de Basto<\/strong><\/p>\n\n\n\n<p>Tiago Teixeira nunca frequentou forma\u00e7\u00e3o em cozinha vegetariana e o ensinamento m\u00e1ximo que experimentou foi mesmo um curso para apanha de cogumelos silvestres, que lhe permite total \u00e0 vontade no reconhecimento das esp\u00e9cies venenosas por entre a grande diversidade que a natureza nos oferece, por exemplo em Basto.<\/p>\n\n\n\n<p>O autodidatismo e o contacto com cozinhas asi\u00e1ticas, por for\u00e7a da vida que o tem levado para essas paragens, proporcionaram-lhe saber bastante para se assumir conhecedor da comida \u201cvegan\u201d e arriscar a sua confe\u00e7\u00e3o com seguran\u00e7a, saber e\u2026 \u00abao gosto do fregu\u00eas\u00bb.<\/p>\n\n\n\n<p>Sem radicalismos, assenta as suas propostas numa cozinha de transi\u00e7\u00e3o entre a tradicional portuguesa e a composi\u00e7\u00e3o \u201cvegan\u201d, em que privilegia o uso de vegetais silvestres e, por exemplo, a substitui\u00e7\u00e3o da transg\u00e9nica soja por uma bolonhesa de lentilhas, rica em prote\u00ednas, ou por um tofu de gr\u00e3o-de-bico com arroz-de-tomate.<\/p>\n\n\n\n<p>\u00abPreparo refei\u00e7\u00f5es e produtos ricos em nutrientes, cores, texturas e sabores. A minha cozinha criativa inspira-se, de facto, na gastronomia portuguesa, embora registe influ\u00eancias de diversas partes da \u00c1sia, com recurso a plantas e cogumelos selvagens e medicinais. O objetivo \u00e9 preparar comida variada e saborosa, livre de crueldade, com respeito por todos os seres e pelo planeta\u00bb, diz.<\/p>\n\n\n\n<figure class=\"wp-block-image size-large\"><img loading=\"lazy\" decoding=\"async\" width=\"1024\" height=\"683\" src=\"https:\/\/terrasdebasto.pt\/wp-content\/uploads\/2024\/07\/FOTO-02-1-1024x683.jpg\" alt=\"\" class=\"wp-image-396\" srcset=\"https:\/\/terrasdebasto.pt\/wp-content\/uploads\/2024\/07\/FOTO-02-1-1024x683.jpg 1024w, https:\/\/terrasdebasto.pt\/wp-content\/uploads\/2024\/07\/FOTO-02-1-300x200.jpg 300w, https:\/\/terrasdebasto.pt\/wp-content\/uploads\/2024\/07\/FOTO-02-1-768x512.jpg 768w, https:\/\/terrasdebasto.pt\/wp-content\/uploads\/2024\/07\/FOTO-02-1-150x100.jpg 150w, https:\/\/terrasdebasto.pt\/wp-content\/uploads\/2024\/07\/FOTO-02-1-696x464.jpg 696w, https:\/\/terrasdebasto.pt\/wp-content\/uploads\/2024\/07\/FOTO-02-1-1068x712.jpg 1068w, https:\/\/terrasdebasto.pt\/wp-content\/uploads\/2024\/07\/FOTO-02-1.jpg 1500w\" sizes=\"auto, (max-width: 1024px) 100vw, 1024px\" \/><\/figure>\n\n\n\n<p><strong>Queijos e cajuntos<\/strong><\/p>\n\n\n\n<p>Entre os alimentos que lhe s\u00e3o particularmente caros sobressaem os queijos de caju fumados, com fumo de nogueira, e os cajuntos, neologismo que criou para definir o \u00abpresunto de caju\u00bb a que a beterraba d\u00e1 cor e que se apresentam como alternativa \u00e0 carne curada.<\/p>\n\n\n\n<p>Os queijos de caju, curados durante um m\u00eas, \u00abcom muito amor e paci\u00eancia\u00bb, s\u00e3o artesanais e fermentados de forma natural, sem qualquer tipo de conservante artificial. S\u00e3o \u00abricos em sabor\u00bb, probi\u00f3ticos, e ricos em vitaminas B, B12, C, E, c\u00e1lcio, ferro, zinco, magn\u00e9sio, s\u00f3dio e f\u00f3sforo, com 0% de lactose ou de gl\u00faten.<\/p>\n\n\n\n<p>Ainda quanto aos cajuntos, t\u00eam como ingrediente principal o caju e s\u00e3o ricos em probi\u00f3ticos \u00abque beneficiam a nossa sa\u00fade\u00bb. Tal como os queijos, tamb\u00e9m estes n\u00e3o possuem ingredientes geneticamente modificados, amidos, f\u00e9cula de batata, nem \u00f3leos processados e \u00abo seu delicioso sabor \u00e9 acentuado pela cura\u00bb, sendo \u2013 diz \u2013 \u00abuma verdadeira iguaria para as papilas gustativas\u00bb.<\/p>\n\n\n\n<p>O queijo de caju roxo \u2013 explica \u2013 resulta da combina\u00e7\u00e3o de \u00abv\u00e1rias t\u00e9cnicas antigas de fermenta\u00e7\u00e3o natural, sendo um verdadeiro \u201cboost\u201d para o sistema imunit\u00e1rio, pois \u00e9 rico em antioxidantes. Este superalimento \u2013 diz \u2013 \u00e9 dos mais saud\u00e1veis e mais anti-inflamat\u00f3rios que se pode encontrar. \u00ab\u00c9 excelente para compor qualquer mesa, podendo ser utilizado em todos os pratos, conferindo-lhes um toque requintado e extremamente saboroso\u00bb, considera.<\/p>\n\n\n\n<p>Sem espa\u00e7o pr\u00f3prio para servir refei\u00e7\u00f5es \u2013 para o que espera um dia destes encontrar parceiro \u2013, Tiago Teixeira mostra a sua cozinha \u201cvegan\u201d no \u201cinstagram\u201d (\u201cgreenheartcuisine\u201d), a partir de onde podem ser feitas as encomendas, que entrega em s\u00edtios a combinar, ou tamb\u00e9m sob o formato de cozinheiro ao domic\u00edlio, que pode ser contratado para servir o jantar a um grupo de iniciantes vegetarianos ou aos participantes dum evento social. Est\u00e1 igualmente dispon\u00edvel para fazer aconselhamento alimentar ou orientar \u201cworkshops\u201d sobre cozinha \u201cvegan\u201d.<\/p>\n\n\n\n<p>E se um dia destes lhe apetecer experimentar um \u00abh\u00famus de gr\u00e3o-de-bico com beterraba e molho \u201cgreen heart\u201d, com crepes de cogumelos e um ch\u00e1 de hibisco\u00bb, um \u00abseitan de cogumelos e caju, com batata, alho e pimento, acompanhado por arroz preto selvagem e espinafres ao alhinho\u00bb, um \u00abestufado de lentilhas, cogumelos e tofu fumado em natas verdes, com pat\u00ea de quinoa e tremo\u00e7o e arroz branco\u00bb, uns \u00abcogumelos pleurotus panados, com feij\u00e3o preto, courgette e batata assada, arroz de azeitonas e couve salteada ao alinho\u00bb\u2026<\/p>\n\n\n\n<p>\u2026Ou \u00abpanados tofu de gr\u00e3o-de-bico (tofu birman\u00eas) com migas e arroz de tomate\u00bb, \u00abroj\u00f5es de Lions Mane (cogumelo medicinal) \u00e0 alentejana\u00bb, \u00ablasanha com cogumelos e cal\u00eandulas selvagens\u00bb, \u00abb\u00f4la de cogumelos e espinafres\u00bb ou \u00abbife de lentilhas com pur\u00e9 de gr\u00e3o-de-bico e couve-flor, a acompanhar com umbigo-de-v\u00e9nus (selvagem medicinal) salteado\u00bb\u2026<\/p>\n\n\n\n<p>\u2026Ou uma \u00abmousse de chocolate de batata-doce\u00bb, uma \u00abtarte com fruta da \u00e9poca\u00bb, um leite-creme ou um \u00abbolo de banana com cobertura de cacau\u00bb\u2026 saiba que basta falar com o Tiago Teixeira (916\u00a0747\u00a0788).<\/p>\n\n\n\n<figure class=\"wp-block-gallery has-nested-images columns-default is-cropped wp-block-gallery-2 is-layout-flex wp-block-gallery-is-layout-flex\">\n<figure class=\"wp-block-image size-large\"><img loading=\"lazy\" decoding=\"async\" width=\"1024\" height=\"768\" data-id=\"397\" src=\"https:\/\/terrasdebasto.pt\/wp-content\/uploads\/2024\/07\/GREEN-HEART-CUISINE-11-1-1024x768.jpg\" alt=\"\" class=\"wp-image-397\" srcset=\"https:\/\/terrasdebasto.pt\/wp-content\/uploads\/2024\/07\/GREEN-HEART-CUISINE-11-1-1024x768.jpg 1024w, https:\/\/terrasdebasto.pt\/wp-content\/uploads\/2024\/07\/GREEN-HEART-CUISINE-11-1-300x225.jpg 300w, https:\/\/terrasdebasto.pt\/wp-content\/uploads\/2024\/07\/GREEN-HEART-CUISINE-11-1-768x576.jpg 768w, https:\/\/terrasdebasto.pt\/wp-content\/uploads\/2024\/07\/GREEN-HEART-CUISINE-11-1-150x113.jpg 150w, https:\/\/terrasdebasto.pt\/wp-content\/uploads\/2024\/07\/GREEN-HEART-CUISINE-11-1-696x522.jpg 696w, https:\/\/terrasdebasto.pt\/wp-content\/uploads\/2024\/07\/GREEN-HEART-CUISINE-11-1-1068x801.jpg 1068w, https:\/\/terrasdebasto.pt\/wp-content\/uploads\/2024\/07\/GREEN-HEART-CUISINE-11-1.jpg 1080w\" sizes=\"auto, (max-width: 1024px) 100vw, 1024px\" \/><\/figure>\n<\/figure>\n\n\n\n<p><strong>Os cogumelos de Basto<\/strong><\/p>\n\n\n\n<p>\u00abA utiliza\u00e7\u00e3o dos cogumelos selvagens na alimenta\u00e7\u00e3o faz parte da nossa hist\u00f3ria. S\u00e3o consumidos desde tempos bem antepassados. E apanhar cogumelos \u00e9, por si s\u00f3, um ato m\u00e1gico, algo que nos reconecta com a nossa terra e com o momento presente. Podemos mesmo encar\u00e1-lo como uma medita\u00e7\u00e3o ativa. Alguns dos cogumelos que tenho encontrado pelas Terras de Basto com propriedades gastron\u00f3micas s\u00e3o o \u201cmacrolepiota procera\u201d (frade), \u201chydnum repandum\u201d (p\u00e9-de-carneiro), \u201clactarius deliciosus\u201d (sancha), \u201ccraterellus tubaeformis\u201d, \u201ccantharellus cibarius\u201d, \u201cboletus badius\u201d, \u201cboletus edulis\u201d, \u201clepista nuda\u201d, \u201cfistula hep\u00e1tica\u201d (l\u00edngua-de-vaca) e \u201camanita caesare\u201d\u00bb.<\/p>\n\n\n\n<p><a href=\"https:\/\/www.facebook.com\/greenheartcuisine\">https:\/\/www.facebook.com\/greenheartcuisine<\/a><\/p>\n\n\n\n<p><a href=\"https:\/\/www.instagram.com\/greenheartcuisine\">https:\/\/www.instagram.com\/greenheartcuisine<\/a><\/p>\n\n\n\n<figure class=\"wp-block-gallery has-nested-images columns-default is-cropped wp-block-gallery-3 is-layout-flex wp-block-gallery-is-layout-flex\">\n<figure class=\"wp-block-image size-large\"><img loading=\"lazy\" decoding=\"async\" width=\"1024\" height=\"768\" data-id=\"376\" src=\"https:\/\/terrasdebasto.pt\/wp-content\/uploads\/2024\/07\/FOTO-04-1024x768.jpg\" alt=\"\" class=\"wp-image-376\" srcset=\"https:\/\/terrasdebasto.pt\/wp-content\/uploads\/2024\/07\/FOTO-04-1024x768.jpg 1024w, https:\/\/terrasdebasto.pt\/wp-content\/uploads\/2024\/07\/FOTO-04-300x225.jpg 300w, https:\/\/terrasdebasto.pt\/wp-content\/uploads\/2024\/07\/FOTO-04-768x576.jpg 768w, https:\/\/terrasdebasto.pt\/wp-content\/uploads\/2024\/07\/FOTO-04-1536x1152.jpg 1536w, https:\/\/terrasdebasto.pt\/wp-content\/uploads\/2024\/07\/FOTO-04-150x113.jpg 150w, https:\/\/terrasdebasto.pt\/wp-content\/uploads\/2024\/07\/FOTO-04-696x522.jpg 696w, https:\/\/terrasdebasto.pt\/wp-content\/uploads\/2024\/07\/FOTO-04-1068x801.jpg 1068w, https:\/\/terrasdebasto.pt\/wp-content\/uploads\/2024\/07\/FOTO-04-1920x1440.jpg 1920w, https:\/\/terrasdebasto.pt\/wp-content\/uploads\/2024\/07\/FOTO-04.jpg 2048w\" sizes=\"auto, (max-width: 1024px) 100vw, 1024px\" \/><\/figure>\n\n\n\n<figure class=\"wp-block-image size-large\"><img loading=\"lazy\" decoding=\"async\" width=\"1024\" height=\"683\" data-id=\"382\" src=\"https:\/\/terrasdebasto.pt\/wp-content\/uploads\/2024\/07\/FOTO-06-1024x683.jpg\" alt=\"\" class=\"wp-image-382\" srcset=\"https:\/\/terrasdebasto.pt\/wp-content\/uploads\/2024\/07\/FOTO-06-1024x683.jpg 1024w, https:\/\/terrasdebasto.pt\/wp-content\/uploads\/2024\/07\/FOTO-06-300x200.jpg 300w, https:\/\/terrasdebasto.pt\/wp-content\/uploads\/2024\/07\/FOTO-06-768x512.jpg 768w, https:\/\/terrasdebasto.pt\/wp-content\/uploads\/2024\/07\/FOTO-06-1536x1024.jpg 1536w, https:\/\/terrasdebasto.pt\/wp-content\/uploads\/2024\/07\/FOTO-06-150x100.jpg 150w, https:\/\/terrasdebasto.pt\/wp-content\/uploads\/2024\/07\/FOTO-06-696x464.jpg 696w, https:\/\/terrasdebasto.pt\/wp-content\/uploads\/2024\/07\/FOTO-06-1068x712.jpg 1068w, https:\/\/terrasdebasto.pt\/wp-content\/uploads\/2024\/07\/FOTO-06.jpg 1600w\" sizes=\"auto, (max-width: 1024px) 100vw, 1024px\" \/><\/figure>\n\n\n\n<figure class=\"wp-block-image size-large\"><img loading=\"lazy\" decoding=\"async\" width=\"1024\" height=\"815\" data-id=\"380\" src=\"https:\/\/terrasdebasto.pt\/wp-content\/uploads\/2024\/07\/FOTO-07-1024x815.jpg\" alt=\"\" class=\"wp-image-380\" srcset=\"https:\/\/terrasdebasto.pt\/wp-content\/uploads\/2024\/07\/FOTO-07-1024x815.jpg 1024w, https:\/\/terrasdebasto.pt\/wp-content\/uploads\/2024\/07\/FOTO-07-300x239.jpg 300w, https:\/\/terrasdebasto.pt\/wp-content\/uploads\/2024\/07\/FOTO-07-768x611.jpg 768w, https:\/\/terrasdebasto.pt\/wp-content\/uploads\/2024\/07\/FOTO-07-1536x1223.jpg 1536w, https:\/\/terrasdebasto.pt\/wp-content\/uploads\/2024\/07\/FOTO-07-150x119.jpg 150w, https:\/\/terrasdebasto.pt\/wp-content\/uploads\/2024\/07\/FOTO-07-696x554.jpg 696w, https:\/\/terrasdebasto.pt\/wp-content\/uploads\/2024\/07\/FOTO-07-1068x850.jpg 1068w, https:\/\/terrasdebasto.pt\/wp-content\/uploads\/2024\/07\/FOTO-07-1920x1528.jpg 1920w, https:\/\/terrasdebasto.pt\/wp-content\/uploads\/2024\/07\/FOTO-07.jpg 2048w\" sizes=\"auto, (max-width: 1024px) 100vw, 1024px\" \/><\/figure>\n\n\n\n<figure class=\"wp-block-image size-large\"><img loading=\"lazy\" decoding=\"async\" width=\"1024\" height=\"768\" data-id=\"377\" src=\"https:\/\/terrasdebasto.pt\/wp-content\/uploads\/2024\/07\/FOTO-08-1024x768.jpg\" alt=\"\" class=\"wp-image-377\" srcset=\"https:\/\/terrasdebasto.pt\/wp-content\/uploads\/2024\/07\/FOTO-08-1024x768.jpg 1024w, https:\/\/terrasdebasto.pt\/wp-content\/uploads\/2024\/07\/FOTO-08-300x225.jpg 300w, https:\/\/terrasdebasto.pt\/wp-content\/uploads\/2024\/07\/FOTO-08-768x576.jpg 768w, https:\/\/terrasdebasto.pt\/wp-content\/uploads\/2024\/07\/FOTO-08-1536x1152.jpg 1536w, https:\/\/terrasdebasto.pt\/wp-content\/uploads\/2024\/07\/FOTO-08-150x113.jpg 150w, https:\/\/terrasdebasto.pt\/wp-content\/uploads\/2024\/07\/FOTO-08-696x522.jpg 696w, https:\/\/terrasdebasto.pt\/wp-content\/uploads\/2024\/07\/FOTO-08-1068x801.jpg 1068w, https:\/\/terrasdebasto.pt\/wp-content\/uploads\/2024\/07\/FOTO-08-1920x1440.jpg 1920w, https:\/\/terrasdebasto.pt\/wp-content\/uploads\/2024\/07\/FOTO-08.jpg 2048w\" sizes=\"auto, (max-width: 1024px) 100vw, 1024px\" \/><\/figure>\n\n\n\n<figure class=\"wp-block-image size-large\"><img loading=\"lazy\" decoding=\"async\" width=\"1024\" height=\"683\" data-id=\"381\" src=\"https:\/\/terrasdebasto.pt\/wp-content\/uploads\/2024\/07\/FOTO-09-1024x683.jpg\" alt=\"\" class=\"wp-image-381\" srcset=\"https:\/\/terrasdebasto.pt\/wp-content\/uploads\/2024\/07\/FOTO-09-1024x683.jpg 1024w, https:\/\/terrasdebasto.pt\/wp-content\/uploads\/2024\/07\/FOTO-09-300x200.jpg 300w, https:\/\/terrasdebasto.pt\/wp-content\/uploads\/2024\/07\/FOTO-09-768x512.jpg 768w, https:\/\/terrasdebasto.pt\/wp-content\/uploads\/2024\/07\/FOTO-09-150x100.jpg 150w, https:\/\/terrasdebasto.pt\/wp-content\/uploads\/2024\/07\/FOTO-09-696x464.jpg 696w, https:\/\/terrasdebasto.pt\/wp-content\/uploads\/2024\/07\/FOTO-09-1068x712.jpg 1068w, https:\/\/terrasdebasto.pt\/wp-content\/uploads\/2024\/07\/FOTO-09.jpg 1500w\" sizes=\"auto, (max-width: 1024px) 100vw, 1024px\" \/><\/figure>\n\n\n\n<figure class=\"wp-block-image size-large\"><img loading=\"lazy\" decoding=\"async\" width=\"1024\" height=\"683\" data-id=\"384\" src=\"https:\/\/terrasdebasto.pt\/wp-content\/uploads\/2024\/07\/FOTO-12-1024x683.jpg\" alt=\"\" class=\"wp-image-384\" srcset=\"https:\/\/terrasdebasto.pt\/wp-content\/uploads\/2024\/07\/FOTO-12-1024x683.jpg 1024w, https:\/\/terrasdebasto.pt\/wp-content\/uploads\/2024\/07\/FOTO-12-300x200.jpg 300w, https:\/\/terrasdebasto.pt\/wp-content\/uploads\/2024\/07\/FOTO-12-768x512.jpg 768w, https:\/\/terrasdebasto.pt\/wp-content\/uploads\/2024\/07\/FOTO-12-150x100.jpg 150w, https:\/\/terrasdebasto.pt\/wp-content\/uploads\/2024\/07\/FOTO-12-696x464.jpg 696w, https:\/\/terrasdebasto.pt\/wp-content\/uploads\/2024\/07\/FOTO-12-1068x712.jpg 1068w, https:\/\/terrasdebasto.pt\/wp-content\/uploads\/2024\/07\/FOTO-12.jpg 1500w\" sizes=\"auto, (max-width: 1024px) 100vw, 1024px\" \/><\/figure>\n\n\n\n<figure class=\"wp-block-image size-large\"><img loading=\"lazy\" decoding=\"async\" width=\"768\" height=\"1024\" data-id=\"388\" src=\"https:\/\/terrasdebasto.pt\/wp-content\/uploads\/2024\/07\/GREEN-HEART-CUISINE-14-768x1024.jpg\" alt=\"\" class=\"wp-image-388\" srcset=\"https:\/\/terrasdebasto.pt\/wp-content\/uploads\/2024\/07\/GREEN-HEART-CUISINE-14-768x1024.jpg 768w, https:\/\/terrasdebasto.pt\/wp-content\/uploads\/2024\/07\/GREEN-HEART-CUISINE-14-225x300.jpg 225w, https:\/\/terrasdebasto.pt\/wp-content\/uploads\/2024\/07\/GREEN-HEART-CUISINE-14-1152x1536.jpg 1152w, https:\/\/terrasdebasto.pt\/wp-content\/uploads\/2024\/07\/GREEN-HEART-CUISINE-14-150x200.jpg 150w, https:\/\/terrasdebasto.pt\/wp-content\/uploads\/2024\/07\/GREEN-HEART-CUISINE-14-300x400.jpg 300w, https:\/\/terrasdebasto.pt\/wp-content\/uploads\/2024\/07\/GREEN-HEART-CUISINE-14-696x928.jpg 696w, https:\/\/terrasdebasto.pt\/wp-content\/uploads\/2024\/07\/GREEN-HEART-CUISINE-14-1068x1424.jpg 1068w, https:\/\/terrasdebasto.pt\/wp-content\/uploads\/2024\/07\/GREEN-HEART-CUISINE-14.jpg 1536w\" sizes=\"auto, (max-width: 768px) 100vw, 768px\" \/><\/figure>\n\n\n\n<figure class=\"wp-block-image size-large\"><img loading=\"lazy\" decoding=\"async\" width=\"1024\" height=\"683\" data-id=\"391\" src=\"https:\/\/terrasdebasto.pt\/wp-content\/uploads\/2024\/07\/GREEN-HEART-CUISINE-15-1024x683.jpg\" alt=\"\" class=\"wp-image-391\" srcset=\"https:\/\/terrasdebasto.pt\/wp-content\/uploads\/2024\/07\/GREEN-HEART-CUISINE-15-1024x683.jpg 1024w, https:\/\/terrasdebasto.pt\/wp-content\/uploads\/2024\/07\/GREEN-HEART-CUISINE-15-300x200.jpg 300w, https:\/\/terrasdebasto.pt\/wp-content\/uploads\/2024\/07\/GREEN-HEART-CUISINE-15-768x512.jpg 768w, https:\/\/terrasdebasto.pt\/wp-content\/uploads\/2024\/07\/GREEN-HEART-CUISINE-15-150x100.jpg 150w, https:\/\/terrasdebasto.pt\/wp-content\/uploads\/2024\/07\/GREEN-HEART-CUISINE-15-696x464.jpg 696w, https:\/\/terrasdebasto.pt\/wp-content\/uploads\/2024\/07\/GREEN-HEART-CUISINE-15-1068x712.jpg 1068w, https:\/\/terrasdebasto.pt\/wp-content\/uploads\/2024\/07\/GREEN-HEART-CUISINE-15.jpg 1500w\" sizes=\"auto, (max-width: 1024px) 100vw, 1024px\" \/><\/figure>\n\n\n\n<figure class=\"wp-block-image size-large\"><img loading=\"lazy\" decoding=\"async\" width=\"768\" height=\"1024\" data-id=\"392\" src=\"https:\/\/terrasdebasto.pt\/wp-content\/uploads\/2024\/07\/GREEN-HEART-CUISINE-19-768x1024.jpg\" alt=\"\" class=\"wp-image-392\" srcset=\"https:\/\/terrasdebasto.pt\/wp-content\/uploads\/2024\/07\/GREEN-HEART-CUISINE-19-768x1024.jpg 768w, https:\/\/terrasdebasto.pt\/wp-content\/uploads\/2024\/07\/GREEN-HEART-CUISINE-19-225x300.jpg 225w, https:\/\/terrasdebasto.pt\/wp-content\/uploads\/2024\/07\/GREEN-HEART-CUISINE-19-1152x1536.jpg 1152w, https:\/\/terrasdebasto.pt\/wp-content\/uploads\/2024\/07\/GREEN-HEART-CUISINE-19-1536x2048.jpg 1536w, https:\/\/terrasdebasto.pt\/wp-content\/uploads\/2024\/07\/GREEN-HEART-CUISINE-19-150x200.jpg 150w, https:\/\/terrasdebasto.pt\/wp-content\/uploads\/2024\/07\/GREEN-HEART-CUISINE-19-300x400.jpg 300w, https:\/\/terrasdebasto.pt\/wp-content\/uploads\/2024\/07\/GREEN-HEART-CUISINE-19-696x928.jpg 696w, https:\/\/terrasdebasto.pt\/wp-content\/uploads\/2024\/07\/GREEN-HEART-CUISINE-19-1068x1424.jpg 1068w, https:\/\/terrasdebasto.pt\/wp-content\/uploads\/2024\/07\/GREEN-HEART-CUISINE-19-scaled.jpg 1920w\" sizes=\"auto, (max-width: 768px) 100vw, 768px\" \/><\/figure>\n\n\n\n<figure class=\"wp-block-image size-large\"><img loading=\"lazy\" decoding=\"async\" width=\"819\" height=\"1024\" data-id=\"386\" src=\"https:\/\/terrasdebasto.pt\/wp-content\/uploads\/2024\/07\/GREEN-HEART-CUISINE-20-819x1024.jpg\" alt=\"\" class=\"wp-image-386\" srcset=\"https:\/\/terrasdebasto.pt\/wp-content\/uploads\/2024\/07\/GREEN-HEART-CUISINE-20-819x1024.jpg 819w, https:\/\/terrasdebasto.pt\/wp-content\/uploads\/2024\/07\/GREEN-HEART-CUISINE-20-240x300.jpg 240w, https:\/\/terrasdebasto.pt\/wp-content\/uploads\/2024\/07\/GREEN-HEART-CUISINE-20-768x960.jpg 768w, https:\/\/terrasdebasto.pt\/wp-content\/uploads\/2024\/07\/GREEN-HEART-CUISINE-20-150x188.jpg 150w, https:\/\/terrasdebasto.pt\/wp-content\/uploads\/2024\/07\/GREEN-HEART-CUISINE-20-300x375.jpg 300w, https:\/\/terrasdebasto.pt\/wp-content\/uploads\/2024\/07\/GREEN-HEART-CUISINE-20-696x870.jpg 696w, https:\/\/terrasdebasto.pt\/wp-content\/uploads\/2024\/07\/GREEN-HEART-CUISINE-20-1068x1335.jpg 1068w, https:\/\/terrasdebasto.pt\/wp-content\/uploads\/2024\/07\/GREEN-HEART-CUISINE-20.jpg 1080w\" sizes=\"auto, (max-width: 819px) 100vw, 819px\" \/><\/figure>\n\n\n\n<figure class=\"wp-block-image size-large\"><img loading=\"lazy\" decoding=\"async\" width=\"769\" height=\"1024\" data-id=\"387\" src=\"https:\/\/terrasdebasto.pt\/wp-content\/uploads\/2024\/07\/GREEN-HEART-CUISINE-21-769x1024.jpg\" alt=\"\" class=\"wp-image-387\" srcset=\"https:\/\/terrasdebasto.pt\/wp-content\/uploads\/2024\/07\/GREEN-HEART-CUISINE-21-769x1024.jpg 769w, https:\/\/terrasdebasto.pt\/wp-content\/uploads\/2024\/07\/GREEN-HEART-CUISINE-21-225x300.jpg 225w, https:\/\/terrasdebasto.pt\/wp-content\/uploads\/2024\/07\/GREEN-HEART-CUISINE-21-768x1023.jpg 768w, https:\/\/terrasdebasto.pt\/wp-content\/uploads\/2024\/07\/GREEN-HEART-CUISINE-21-1153x1536.jpg 1153w, https:\/\/terrasdebasto.pt\/wp-content\/uploads\/2024\/07\/GREEN-HEART-CUISINE-21-1538x2048.jpg 1538w, https:\/\/terrasdebasto.pt\/wp-content\/uploads\/2024\/07\/GREEN-HEART-CUISINE-21-150x200.jpg 150w, https:\/\/terrasdebasto.pt\/wp-content\/uploads\/2024\/07\/GREEN-HEART-CUISINE-21-300x400.jpg 300w, https:\/\/terrasdebasto.pt\/wp-content\/uploads\/2024\/07\/GREEN-HEART-CUISINE-21-696x927.jpg 696w, https:\/\/terrasdebasto.pt\/wp-content\/uploads\/2024\/07\/GREEN-HEART-CUISINE-21-1068x1422.jpg 1068w, https:\/\/terrasdebasto.pt\/wp-content\/uploads\/2024\/07\/GREEN-HEART-CUISINE-21-1920x2557.jpg 1920w, https:\/\/terrasdebasto.pt\/wp-content\/uploads\/2024\/07\/GREEN-HEART-CUISINE-21-scaled.jpg 1922w\" sizes=\"auto, (max-width: 769px) 100vw, 769px\" \/><\/figure>\n\n\n\n<figure class=\"wp-block-image size-large\"><img loading=\"lazy\" decoding=\"async\" width=\"1024\" height=\"1024\" data-id=\"393\" src=\"https:\/\/terrasdebasto.pt\/wp-content\/uploads\/2024\/07\/GREEN-HEART-CUISINE-23-1024x1024.jpg\" alt=\"\" class=\"wp-image-393\" srcset=\"https:\/\/terrasdebasto.pt\/wp-content\/uploads\/2024\/07\/GREEN-HEART-CUISINE-23-1024x1024.jpg 1024w, https:\/\/terrasdebasto.pt\/wp-content\/uploads\/2024\/07\/GREEN-HEART-CUISINE-23-300x300.jpg 300w, https:\/\/terrasdebasto.pt\/wp-content\/uploads\/2024\/07\/GREEN-HEART-CUISINE-23-150x150.jpg 150w, https:\/\/terrasdebasto.pt\/wp-content\/uploads\/2024\/07\/GREEN-HEART-CUISINE-23-768x768.jpg 768w, https:\/\/terrasdebasto.pt\/wp-content\/uploads\/2024\/07\/GREEN-HEART-CUISINE-23-1536x1536.jpg 1536w, https:\/\/terrasdebasto.pt\/wp-content\/uploads\/2024\/07\/GREEN-HEART-CUISINE-23-2048x2048.jpg 2048w, https:\/\/terrasdebasto.pt\/wp-content\/uploads\/2024\/07\/GREEN-HEART-CUISINE-23-696x696.jpg 696w, https:\/\/terrasdebasto.pt\/wp-content\/uploads\/2024\/07\/GREEN-HEART-CUISINE-23-1068x1068.jpg 1068w, https:\/\/terrasdebasto.pt\/wp-content\/uploads\/2024\/07\/GREEN-HEART-CUISINE-23-1920x1920.jpg 1920w\" sizes=\"auto, (max-width: 1024px) 100vw, 1024px\" \/><\/figure>\n\n\n\n<figure class=\"wp-block-image size-large\"><img loading=\"lazy\" decoding=\"async\" width=\"1024\" height=\"1024\" data-id=\"378\" src=\"https:\/\/terrasdebasto.pt\/wp-content\/uploads\/2024\/07\/FOTO-03-1024x1024.jpg\" alt=\"\" class=\"wp-image-378\" srcset=\"https:\/\/terrasdebasto.pt\/wp-content\/uploads\/2024\/07\/FOTO-03-1024x1024.jpg 1024w, https:\/\/terrasdebasto.pt\/wp-content\/uploads\/2024\/07\/FOTO-03-300x300.jpg 300w, https:\/\/terrasdebasto.pt\/wp-content\/uploads\/2024\/07\/FOTO-03-150x150.jpg 150w, https:\/\/terrasdebasto.pt\/wp-content\/uploads\/2024\/07\/FOTO-03-768x768.jpg 768w, https:\/\/terrasdebasto.pt\/wp-content\/uploads\/2024\/07\/FOTO-03-696x696.jpg 696w, https:\/\/terrasdebasto.pt\/wp-content\/uploads\/2024\/07\/FOTO-03-1068x1068.jpg 1068w, https:\/\/terrasdebasto.pt\/wp-content\/uploads\/2024\/07\/FOTO-03.jpg 1080w\" sizes=\"auto, (max-width: 1024px) 100vw, 1024px\" \/><\/figure>\n<\/figure>\n","protected":false},"excerpt":{"rendered":"<p>Alimenta\u00e7\u00e3o faz parte da sua filosofia de vida A comida \u00e9 apenas uma das express\u00f5es da filosofia de vida de Tiago Teixeira. Que se completa com uma espiritualidade em que sobressai o equil\u00edbrio natural e o respeito por todas as esp\u00e9cies sem hierarquia. Tem andado por outros mundos e por outras cozinhas. A procura de [&hellip;]<\/p>\n","protected":false},"author":7,"featured_media":394,"comment_status":"open","ping_status":"open","sticky":false,"template":"","format":"standard","meta":{"footnotes":""},"categories":[13,14,9],"tags":[],"class_list":{"0":"post-374","1":"post","2":"type-post","3":"status-publish","4":"format-standard","5":"has-post-thumbnail","7":"category-celorico-de-basto","8":"category-gastronomia","9":"category-terras-de-basto"},"yoast_head":"<!-- This site is optimized with the Yoast SEO plugin v25.7 - https:\/\/yoast.com\/wordpress\/plugins\/seo\/ -->\n<title>Um cozinheiro \u201cvegan\u201d em Basto - Jornal Terras de Basto<\/title>\n<meta name=\"description\" content=\"A comida \u00e9 apenas uma das express\u00f5es da filosofia de vida de Tiago Teixeira. Que se completa com uma espiritualidade em que sobressai o equil\u00edbrio natural e o respeito por todas as esp\u00e9cies sem hierarquia. Tem andado por outros mundos e por outras cozinhas. A procura de um lugar calmo para viver trouxe-o para Basto. E assim temos um cozinheiro \u201cvegan\u201d ao nosso dispor.\" \/>\n<meta name=\"robots\" content=\"index, follow, max-snippet:-1, max-image-preview:large, max-video-preview:-1\" \/>\n<link rel=\"canonical\" href=\"https:\/\/terrasdebasto.pt\/?p=374\" \/>\n<meta property=\"og:locale\" content=\"pt_PT\" \/>\n<meta property=\"og:type\" content=\"article\" \/>\n<meta property=\"og:title\" content=\"Um cozinheiro \u201cvegan\u201d em Basto - Jornal Terras de Basto\" \/>\n<meta property=\"og:description\" content=\"A comida \u00e9 apenas uma das express\u00f5es da filosofia de vida de Tiago Teixeira. Que se completa com uma espiritualidade em que sobressai o equil\u00edbrio natural e o respeito por todas as esp\u00e9cies sem hierarquia. Tem andado por outros mundos e por outras cozinhas. A procura de um lugar calmo para viver trouxe-o para Basto. E assim temos um cozinheiro \u201cvegan\u201d ao nosso dispor.\" \/>\n<meta property=\"og:url\" content=\"https:\/\/terrasdebasto.pt\/?p=374\" \/>\n<meta property=\"og:site_name\" content=\"Jornal Terras de Basto\" \/>\n<meta property=\"article:published_time\" content=\"2024-07-15T21:16:45+00:00\" \/>\n<meta property=\"article:modified_time\" content=\"2024-07-15T21:27:17+00:00\" \/>\n<meta property=\"og:image\" content=\"https:\/\/terrasdebasto.pt\/wp-content\/uploads\/2024\/07\/FOTO-01-TIAGO-TEIXEIRA-1.jpg\" \/>\n\t<meta property=\"og:image:width\" content=\"1080\" \/>\n\t<meta property=\"og:image:height\" content=\"1350\" \/>\n\t<meta property=\"og:image:type\" content=\"image\/jpeg\" \/>\n<meta name=\"author\" content=\"Jo\u00e3o Paulo Mesquita\" \/>\n<meta name=\"twitter:card\" content=\"summary_large_image\" \/>\n<meta name=\"twitter:label1\" content=\"Escrito por\" \/>\n\t<meta name=\"twitter:data1\" content=\"Jo\u00e3o Paulo Mesquita\" \/>\n\t<meta name=\"twitter:label2\" content=\"Tempo estimado de leitura\" \/>\n\t<meta name=\"twitter:data2\" content=\"11 minutos\" \/>\n<script type=\"application\/ld+json\" class=\"yoast-schema-graph\">{\"@context\":\"https:\/\/schema.org\",\"@graph\":[{\"@type\":\"Article\",\"@id\":\"https:\/\/terrasdebasto.pt\/?p=374#article\",\"isPartOf\":{\"@id\":\"https:\/\/terrasdebasto.pt\/?p=374\"},\"author\":{\"name\":\"Jo\u00e3o Paulo Mesquita\",\"@id\":\"https:\/\/terrasdebasto.pt\/#\/schema\/person\/9f6739f5394ac65c802641773b278b84\"},\"headline\":\"Um cozinheiro \u201cvegan\u201d em Basto\",\"datePublished\":\"2024-07-15T21:16:45+00:00\",\"dateModified\":\"2024-07-15T21:27:17+00:00\",\"mainEntityOfPage\":{\"@id\":\"https:\/\/terrasdebasto.pt\/?p=374\"},\"wordCount\":1289,\"commentCount\":0,\"publisher\":{\"@id\":\"https:\/\/terrasdebasto.pt\/#organization\"},\"image\":{\"@id\":\"https:\/\/terrasdebasto.pt\/?p=374#primaryimage\"},\"thumbnailUrl\":\"https:\/\/terrasdebasto.pt\/wp-content\/uploads\/2024\/07\/FOTO-01-TIAGO-TEIXEIRA-1.jpg\",\"articleSection\":[\"Celorico de Basto\",\"Gastronomia\",\"Terras de Basto\"],\"inLanguage\":\"pt-PT\",\"potentialAction\":[{\"@type\":\"CommentAction\",\"name\":\"Comment\",\"target\":[\"https:\/\/terrasdebasto.pt\/?p=374#respond\"]}]},{\"@type\":\"WebPage\",\"@id\":\"https:\/\/terrasdebasto.pt\/?p=374\",\"url\":\"https:\/\/terrasdebasto.pt\/?p=374\",\"name\":\"Um cozinheiro \u201cvegan\u201d em Basto - Jornal Terras de Basto\",\"isPartOf\":{\"@id\":\"https:\/\/terrasdebasto.pt\/#website\"},\"primaryImageOfPage\":{\"@id\":\"https:\/\/terrasdebasto.pt\/?p=374#primaryimage\"},\"image\":{\"@id\":\"https:\/\/terrasdebasto.pt\/?p=374#primaryimage\"},\"thumbnailUrl\":\"https:\/\/terrasdebasto.pt\/wp-content\/uploads\/2024\/07\/FOTO-01-TIAGO-TEIXEIRA-1.jpg\",\"datePublished\":\"2024-07-15T21:16:45+00:00\",\"dateModified\":\"2024-07-15T21:27:17+00:00\",\"description\":\"A comida \u00e9 apenas uma das express\u00f5es da filosofia de vida de Tiago Teixeira. Que se completa com uma espiritualidade em que sobressai o equil\u00edbrio natural e o respeito por todas as esp\u00e9cies sem hierarquia. Tem andado por outros mundos e por outras cozinhas. A procura de um lugar calmo para viver trouxe-o para Basto. E assim temos um cozinheiro \u201cvegan\u201d ao nosso dispor.\",\"breadcrumb\":{\"@id\":\"https:\/\/terrasdebasto.pt\/?p=374#breadcrumb\"},\"inLanguage\":\"pt-PT\",\"potentialAction\":[{\"@type\":\"ReadAction\",\"target\":[\"https:\/\/terrasdebasto.pt\/?p=374\"]}]},{\"@type\":\"ImageObject\",\"inLanguage\":\"pt-PT\",\"@id\":\"https:\/\/terrasdebasto.pt\/?p=374#primaryimage\",\"url\":\"https:\/\/terrasdebasto.pt\/wp-content\/uploads\/2024\/07\/FOTO-01-TIAGO-TEIXEIRA-1.jpg\",\"contentUrl\":\"https:\/\/terrasdebasto.pt\/wp-content\/uploads\/2024\/07\/FOTO-01-TIAGO-TEIXEIRA-1.jpg\",\"width\":1080,\"height\":1350},{\"@type\":\"BreadcrumbList\",\"@id\":\"https:\/\/terrasdebasto.pt\/?p=374#breadcrumb\",\"itemListElement\":[{\"@type\":\"ListItem\",\"position\":1,\"name\":\"In\u00edcio\",\"item\":\"https:\/\/terrasdebasto.pt\/\"},{\"@type\":\"ListItem\",\"position\":2,\"name\":\"Um cozinheiro \u201cvegan\u201d em Basto\"}]},{\"@type\":\"WebSite\",\"@id\":\"https:\/\/terrasdebasto.pt\/#website\",\"url\":\"https:\/\/terrasdebasto.pt\/\",\"name\":\"Jornal Terras de Basto\",\"description\":\"\",\"publisher\":{\"@id\":\"https:\/\/terrasdebasto.pt\/#organization\"},\"potentialAction\":[{\"@type\":\"SearchAction\",\"target\":{\"@type\":\"EntryPoint\",\"urlTemplate\":\"https:\/\/terrasdebasto.pt\/?s={search_term_string}\"},\"query-input\":{\"@type\":\"PropertyValueSpecification\",\"valueRequired\":true,\"valueName\":\"search_term_string\"}}],\"inLanguage\":\"pt-PT\"},{\"@type\":\"Organization\",\"@id\":\"https:\/\/terrasdebasto.pt\/#organization\",\"name\":\"Jornal Terras de Basto\",\"url\":\"https:\/\/terrasdebasto.pt\/\",\"logo\":{\"@type\":\"ImageObject\",\"inLanguage\":\"pt-PT\",\"@id\":\"https:\/\/terrasdebasto.pt\/#\/schema\/logo\/image\/\",\"url\":\"https:\/\/terrasdebasto.pt\/wp-content\/uploads\/2024\/06\/LogoNormal.png\",\"contentUrl\":\"https:\/\/terrasdebasto.pt\/wp-content\/uploads\/2024\/06\/LogoNormal.png\",\"width\":5638,\"height\":809,\"caption\":\"Jornal Terras de Basto\"},\"image\":{\"@id\":\"https:\/\/terrasdebasto.pt\/#\/schema\/logo\/image\/\"}},{\"@type\":\"Person\",\"@id\":\"https:\/\/terrasdebasto.pt\/#\/schema\/person\/9f6739f5394ac65c802641773b278b84\",\"name\":\"Jo\u00e3o Paulo Mesquita\",\"image\":{\"@type\":\"ImageObject\",\"inLanguage\":\"pt-PT\",\"@id\":\"https:\/\/terrasdebasto.pt\/#\/schema\/person\/image\/\",\"url\":\"https:\/\/secure.gravatar.com\/avatar\/9bd0f299e6d96336664aab64354168246a3ee3287c47891c50d450e47ed9d7f9?s=96&d=mm&r=g\",\"contentUrl\":\"https:\/\/secure.gravatar.com\/avatar\/9bd0f299e6d96336664aab64354168246a3ee3287c47891c50d450e47ed9d7f9?s=96&d=mm&r=g\",\"caption\":\"Jo\u00e3o Paulo Mesquita\"},\"url\":\"https:\/\/terrasdebasto.pt\/?author=7\"}]}<\/script>\n<!-- \/ Yoast SEO plugin. -->","yoast_head_json":{"title":"Um cozinheiro \u201cvegan\u201d em Basto - Jornal Terras de Basto","description":"A comida \u00e9 apenas uma das express\u00f5es da filosofia de vida de Tiago Teixeira. Que se completa com uma espiritualidade em que sobressai o equil\u00edbrio natural e o respeito por todas as esp\u00e9cies sem hierarquia. Tem andado por outros mundos e por outras cozinhas. A procura de um lugar calmo para viver trouxe-o para Basto. E assim temos um cozinheiro \u201cvegan\u201d ao nosso dispor.","robots":{"index":"index","follow":"follow","max-snippet":"max-snippet:-1","max-image-preview":"max-image-preview:large","max-video-preview":"max-video-preview:-1"},"canonical":"https:\/\/terrasdebasto.pt\/?p=374","og_locale":"pt_PT","og_type":"article","og_title":"Um cozinheiro \u201cvegan\u201d em Basto - Jornal Terras de Basto","og_description":"A comida \u00e9 apenas uma das express\u00f5es da filosofia de vida de Tiago Teixeira. Que se completa com uma espiritualidade em que sobressai o equil\u00edbrio natural e o respeito por todas as esp\u00e9cies sem hierarquia. Tem andado por outros mundos e por outras cozinhas. A procura de um lugar calmo para viver trouxe-o para Basto. E assim temos um cozinheiro \u201cvegan\u201d ao nosso dispor.","og_url":"https:\/\/terrasdebasto.pt\/?p=374","og_site_name":"Jornal Terras de Basto","article_published_time":"2024-07-15T21:16:45+00:00","article_modified_time":"2024-07-15T21:27:17+00:00","og_image":[{"width":1080,"height":1350,"url":"https:\/\/terrasdebasto.pt\/wp-content\/uploads\/2024\/07\/FOTO-01-TIAGO-TEIXEIRA-1.jpg","type":"image\/jpeg"}],"author":"Jo\u00e3o Paulo Mesquita","twitter_card":"summary_large_image","twitter_misc":{"Escrito por":"Jo\u00e3o Paulo Mesquita","Tempo estimado de leitura":"11 minutos"},"schema":{"@context":"https:\/\/schema.org","@graph":[{"@type":"Article","@id":"https:\/\/terrasdebasto.pt\/?p=374#article","isPartOf":{"@id":"https:\/\/terrasdebasto.pt\/?p=374"},"author":{"name":"Jo\u00e3o Paulo Mesquita","@id":"https:\/\/terrasdebasto.pt\/#\/schema\/person\/9f6739f5394ac65c802641773b278b84"},"headline":"Um cozinheiro \u201cvegan\u201d em Basto","datePublished":"2024-07-15T21:16:45+00:00","dateModified":"2024-07-15T21:27:17+00:00","mainEntityOfPage":{"@id":"https:\/\/terrasdebasto.pt\/?p=374"},"wordCount":1289,"commentCount":0,"publisher":{"@id":"https:\/\/terrasdebasto.pt\/#organization"},"image":{"@id":"https:\/\/terrasdebasto.pt\/?p=374#primaryimage"},"thumbnailUrl":"https:\/\/terrasdebasto.pt\/wp-content\/uploads\/2024\/07\/FOTO-01-TIAGO-TEIXEIRA-1.jpg","articleSection":["Celorico de Basto","Gastronomia","Terras de Basto"],"inLanguage":"pt-PT","potentialAction":[{"@type":"CommentAction","name":"Comment","target":["https:\/\/terrasdebasto.pt\/?p=374#respond"]}]},{"@type":"WebPage","@id":"https:\/\/terrasdebasto.pt\/?p=374","url":"https:\/\/terrasdebasto.pt\/?p=374","name":"Um cozinheiro \u201cvegan\u201d em Basto - Jornal Terras de Basto","isPartOf":{"@id":"https:\/\/terrasdebasto.pt\/#website"},"primaryImageOfPage":{"@id":"https:\/\/terrasdebasto.pt\/?p=374#primaryimage"},"image":{"@id":"https:\/\/terrasdebasto.pt\/?p=374#primaryimage"},"thumbnailUrl":"https:\/\/terrasdebasto.pt\/wp-content\/uploads\/2024\/07\/FOTO-01-TIAGO-TEIXEIRA-1.jpg","datePublished":"2024-07-15T21:16:45+00:00","dateModified":"2024-07-15T21:27:17+00:00","description":"A comida \u00e9 apenas uma das express\u00f5es da filosofia de vida de Tiago Teixeira. Que se completa com uma espiritualidade em que sobressai o equil\u00edbrio natural e o respeito por todas as esp\u00e9cies sem hierarquia. Tem andado por outros mundos e por outras cozinhas. A procura de um lugar calmo para viver trouxe-o para Basto. E assim temos um cozinheiro \u201cvegan\u201d ao nosso dispor.","breadcrumb":{"@id":"https:\/\/terrasdebasto.pt\/?p=374#breadcrumb"},"inLanguage":"pt-PT","potentialAction":[{"@type":"ReadAction","target":["https:\/\/terrasdebasto.pt\/?p=374"]}]},{"@type":"ImageObject","inLanguage":"pt-PT","@id":"https:\/\/terrasdebasto.pt\/?p=374#primaryimage","url":"https:\/\/terrasdebasto.pt\/wp-content\/uploads\/2024\/07\/FOTO-01-TIAGO-TEIXEIRA-1.jpg","contentUrl":"https:\/\/terrasdebasto.pt\/wp-content\/uploads\/2024\/07\/FOTO-01-TIAGO-TEIXEIRA-1.jpg","width":1080,"height":1350},{"@type":"BreadcrumbList","@id":"https:\/\/terrasdebasto.pt\/?p=374#breadcrumb","itemListElement":[{"@type":"ListItem","position":1,"name":"In\u00edcio","item":"https:\/\/terrasdebasto.pt\/"},{"@type":"ListItem","position":2,"name":"Um cozinheiro \u201cvegan\u201d em Basto"}]},{"@type":"WebSite","@id":"https:\/\/terrasdebasto.pt\/#website","url":"https:\/\/terrasdebasto.pt\/","name":"Jornal Terras de Basto","description":"","publisher":{"@id":"https:\/\/terrasdebasto.pt\/#organization"},"potentialAction":[{"@type":"SearchAction","target":{"@type":"EntryPoint","urlTemplate":"https:\/\/terrasdebasto.pt\/?s={search_term_string}"},"query-input":{"@type":"PropertyValueSpecification","valueRequired":true,"valueName":"search_term_string"}}],"inLanguage":"pt-PT"},{"@type":"Organization","@id":"https:\/\/terrasdebasto.pt\/#organization","name":"Jornal Terras de Basto","url":"https:\/\/terrasdebasto.pt\/","logo":{"@type":"ImageObject","inLanguage":"pt-PT","@id":"https:\/\/terrasdebasto.pt\/#\/schema\/logo\/image\/","url":"https:\/\/terrasdebasto.pt\/wp-content\/uploads\/2024\/06\/LogoNormal.png","contentUrl":"https:\/\/terrasdebasto.pt\/wp-content\/uploads\/2024\/06\/LogoNormal.png","width":5638,"height":809,"caption":"Jornal Terras de Basto"},"image":{"@id":"https:\/\/terrasdebasto.pt\/#\/schema\/logo\/image\/"}},{"@type":"Person","@id":"https:\/\/terrasdebasto.pt\/#\/schema\/person\/9f6739f5394ac65c802641773b278b84","name":"Jo\u00e3o Paulo Mesquita","image":{"@type":"ImageObject","inLanguage":"pt-PT","@id":"https:\/\/terrasdebasto.pt\/#\/schema\/person\/image\/","url":"https:\/\/secure.gravatar.com\/avatar\/9bd0f299e6d96336664aab64354168246a3ee3287c47891c50d450e47ed9d7f9?s=96&d=mm&r=g","contentUrl":"https:\/\/secure.gravatar.com\/avatar\/9bd0f299e6d96336664aab64354168246a3ee3287c47891c50d450e47ed9d7f9?s=96&d=mm&r=g","caption":"Jo\u00e3o Paulo Mesquita"},"url":"https:\/\/terrasdebasto.pt\/?author=7"}]}},"_links":{"self":[{"href":"https:\/\/terrasdebasto.pt\/index.php?rest_route=\/wp\/v2\/posts\/374","targetHints":{"allow":["GET"]}}],"collection":[{"href":"https:\/\/terrasdebasto.pt\/index.php?rest_route=\/wp\/v2\/posts"}],"about":[{"href":"https:\/\/terrasdebasto.pt\/index.php?rest_route=\/wp\/v2\/types\/post"}],"author":[{"embeddable":true,"href":"https:\/\/terrasdebasto.pt\/index.php?rest_route=\/wp\/v2\/users\/7"}],"replies":[{"embeddable":true,"href":"https:\/\/terrasdebasto.pt\/index.php?rest_route=%2Fwp%2Fv2%2Fcomments&post=374"}],"version-history":[{"count":1,"href":"https:\/\/terrasdebasto.pt\/index.php?rest_route=\/wp\/v2\/posts\/374\/revisions"}],"predecessor-version":[{"id":398,"href":"https:\/\/terrasdebasto.pt\/index.php?rest_route=\/wp\/v2\/posts\/374\/revisions\/398"}],"wp:featuredmedia":[{"embeddable":true,"href":"https:\/\/terrasdebasto.pt\/index.php?rest_route=\/wp\/v2\/media\/394"}],"wp:attachment":[{"href":"https:\/\/terrasdebasto.pt\/index.php?rest_route=%2Fwp%2Fv2%2Fmedia&parent=374"}],"wp:term":[{"taxonomy":"category","embeddable":true,"href":"https:\/\/terrasdebasto.pt\/index.php?rest_route=%2Fwp%2Fv2%2Fcategories&post=374"},{"taxonomy":"post_tag","embeddable":true,"href":"https:\/\/terrasdebasto.pt\/index.php?rest_route=%2Fwp%2Fv2%2Ftags&post=374"}],"curies":[{"name":"wp","href":"https:\/\/api.w.org\/{rel}","templated":true}]}}