{"id":3736,"date":"2025-03-15T00:12:49","date_gmt":"2025-03-15T00:12:49","guid":{"rendered":"https:\/\/terrasdebasto.pt\/?p=3736"},"modified":"2025-03-15T00:12:49","modified_gmt":"2025-03-15T00:12:49","slug":"misericordia-de-cabeceiras-evoca-dez-anos-da-sua-ucc","status":"publish","type":"post","link":"https:\/\/terrasdebasto.pt\/?p=3736","title":{"rendered":"Miseric\u00f3rdia de Cabeceiras evoca dez anos da sua UCC"},"content":{"rendered":"\n<p><\/p>\n\n\n\n<p><strong>Um semin\u00e1rio sobre \u201cO Impacto das Unidades de Cuidados Continuados na comunidade\u201d marcou a comemora\u00e7\u00e3o dos dez anos da cria\u00e7\u00e3o da UCC da Miseric\u00f3rdia de Cabeceiras de Basto, que se realizou na tarde desta sexta-feira (14). A par da boa ades\u00e3o, a entidade organizadora releva igualmente a participa\u00e7\u00e3o de H\u00e9lder Almeida, adjunto da secret\u00e1ria de Estado da Gest\u00e3o da Sa\u00fade. Destaca igualmente a presen\u00e7a de Manuel Ant\u00f3nio Marinho, vogal do conselho de administra\u00e7\u00e3o da Unidade Local de Sa\u00fade do Alto Ave; de Nat\u00e1lia Correia, provedora; de Francisco Teixeira Alves, presidente da C\u00e2mara Municipal; e de outros membros dos seus \u00f3rg\u00e3os sociais. A palestra registou interven\u00e7\u00f5es de Isabel Barroso, diretora-cl\u00ednica da UCC; de Isabel Fonseca, coordenadora da ECL; e de Ant\u00f3nio Novais, respons\u00e1vel pelo internamento de uma utente.<\/strong><\/p>\n\n\n\n<figure class=\"wp-block-gallery has-nested-images columns-default is-cropped wp-block-gallery-1 is-layout-flex wp-block-gallery-is-layout-flex\">\n<figure class=\"wp-block-image size-large\"><img loading=\"lazy\" decoding=\"async\" width=\"1024\" height=\"622\" data-id=\"3739\" src=\"https:\/\/terrasdebasto.pt\/wp-content\/uploads\/2025\/03\/101-2-1024x622.jpg\" alt=\"\" class=\"wp-image-3739\" srcset=\"https:\/\/terrasdebasto.pt\/wp-content\/uploads\/2025\/03\/101-2-1024x622.jpg 1024w, https:\/\/terrasdebasto.pt\/wp-content\/uploads\/2025\/03\/101-2-300x182.jpg 300w, https:\/\/terrasdebasto.pt\/wp-content\/uploads\/2025\/03\/101-2-768x467.jpg 768w, https:\/\/terrasdebasto.pt\/wp-content\/uploads\/2025\/03\/101-2-1536x934.jpg 1536w, https:\/\/terrasdebasto.pt\/wp-content\/uploads\/2025\/03\/101-2-150x91.jpg 150w, https:\/\/terrasdebasto.pt\/wp-content\/uploads\/2025\/03\/101-2-696x423.jpg 696w, https:\/\/terrasdebasto.pt\/wp-content\/uploads\/2025\/03\/101-2-1068x649.jpg 1068w, https:\/\/terrasdebasto.pt\/wp-content\/uploads\/2025\/03\/101-2-1920x1167.jpg 1920w, https:\/\/terrasdebasto.pt\/wp-content\/uploads\/2025\/03\/101-2.jpg 1958w\" sizes=\"auto, (max-width: 1024px) 100vw, 1024px\" \/><\/figure>\n<\/figure>\n\n\n\n<figure class=\"wp-block-gallery has-nested-images columns-default is-cropped wp-block-gallery-2 is-layout-flex wp-block-gallery-is-layout-flex\">\n<figure class=\"wp-block-image size-large\"><img loading=\"lazy\" decoding=\"async\" width=\"1024\" height=\"746\" data-id=\"3740\" src=\"https:\/\/terrasdebasto.pt\/wp-content\/uploads\/2025\/03\/100-1-1024x746.jpg\" alt=\"\" class=\"wp-image-3740\" srcset=\"https:\/\/terrasdebasto.pt\/wp-content\/uploads\/2025\/03\/100-1-1024x746.jpg 1024w, https:\/\/terrasdebasto.pt\/wp-content\/uploads\/2025\/03\/100-1-300x218.jpg 300w, https:\/\/terrasdebasto.pt\/wp-content\/uploads\/2025\/03\/100-1-768x559.jpg 768w, https:\/\/terrasdebasto.pt\/wp-content\/uploads\/2025\/03\/100-1-1536x1118.jpg 1536w, https:\/\/terrasdebasto.pt\/wp-content\/uploads\/2025\/03\/100-1-150x109.jpg 150w, https:\/\/terrasdebasto.pt\/wp-content\/uploads\/2025\/03\/100-1-696x507.jpg 696w, https:\/\/terrasdebasto.pt\/wp-content\/uploads\/2025\/03\/100-1-1068x778.jpg 1068w, https:\/\/terrasdebasto.pt\/wp-content\/uploads\/2025\/03\/100-1.jpg 1732w\" sizes=\"auto, (max-width: 1024px) 100vw, 1024px\" \/><\/figure>\n<\/figure>\n\n\n\n<figure class=\"wp-block-gallery has-nested-images columns-default is-cropped wp-block-gallery-3 is-layout-flex wp-block-gallery-is-layout-flex\">\n<figure class=\"wp-block-image size-large\"><img loading=\"lazy\" decoding=\"async\" width=\"1024\" height=\"659\" data-id=\"3742\" src=\"https:\/\/terrasdebasto.pt\/wp-content\/uploads\/2025\/03\/102-1-1024x659.jpg\" alt=\"\" class=\"wp-image-3742\" srcset=\"https:\/\/terrasdebasto.pt\/wp-content\/uploads\/2025\/03\/102-1-1024x659.jpg 1024w, https:\/\/terrasdebasto.pt\/wp-content\/uploads\/2025\/03\/102-1-300x193.jpg 300w, https:\/\/terrasdebasto.pt\/wp-content\/uploads\/2025\/03\/102-1-768x494.jpg 768w, https:\/\/terrasdebasto.pt\/wp-content\/uploads\/2025\/03\/102-1-1536x988.jpg 1536w, https:\/\/terrasdebasto.pt\/wp-content\/uploads\/2025\/03\/102-1-150x96.jpg 150w, https:\/\/terrasdebasto.pt\/wp-content\/uploads\/2025\/03\/102-1-696x448.jpg 696w, https:\/\/terrasdebasto.pt\/wp-content\/uploads\/2025\/03\/102-1-1068x687.jpg 1068w, https:\/\/terrasdebasto.pt\/wp-content\/uploads\/2025\/03\/102-1.jpg 1827w\" sizes=\"auto, (max-width: 1024px) 100vw, 1024px\" \/><\/figure>\n\n\n\n<figure class=\"wp-block-image size-large\"><img loading=\"lazy\" decoding=\"async\" width=\"1024\" height=\"724\" data-id=\"3741\" src=\"https:\/\/terrasdebasto.pt\/wp-content\/uploads\/2025\/03\/103-1-1024x724.jpg\" alt=\"\" class=\"wp-image-3741\" srcset=\"https:\/\/terrasdebasto.pt\/wp-content\/uploads\/2025\/03\/103-1-1024x724.jpg 1024w, https:\/\/terrasdebasto.pt\/wp-content\/uploads\/2025\/03\/103-1-300x212.jpg 300w, https:\/\/terrasdebasto.pt\/wp-content\/uploads\/2025\/03\/103-1-768x543.jpg 768w, https:\/\/terrasdebasto.pt\/wp-content\/uploads\/2025\/03\/103-1-1536x1086.jpg 1536w, https:\/\/terrasdebasto.pt\/wp-content\/uploads\/2025\/03\/103-1-150x106.jpg 150w, https:\/\/terrasdebasto.pt\/wp-content\/uploads\/2025\/03\/103-1-696x492.jpg 696w, https:\/\/terrasdebasto.pt\/wp-content\/uploads\/2025\/03\/103-1-1068x755.jpg 1068w, https:\/\/terrasdebasto.pt\/wp-content\/uploads\/2025\/03\/103-1.jpg 1754w\" sizes=\"auto, (max-width: 1024px) 100vw, 1024px\" \/><\/figure>\n<\/figure>\n\n\n\n<figure class=\"wp-block-gallery has-nested-images columns-default is-cropped wp-block-gallery-4 is-layout-flex wp-block-gallery-is-layout-flex\">\n<figure class=\"wp-block-image size-large\"><img loading=\"lazy\" decoding=\"async\" width=\"1024\" height=\"692\" data-id=\"3743\" src=\"https:\/\/terrasdebasto.pt\/wp-content\/uploads\/2025\/03\/104-1-1024x692.jpg\" alt=\"\" class=\"wp-image-3743\" srcset=\"https:\/\/terrasdebasto.pt\/wp-content\/uploads\/2025\/03\/104-1-1024x692.jpg 1024w, https:\/\/terrasdebasto.pt\/wp-content\/uploads\/2025\/03\/104-1-300x203.jpg 300w, https:\/\/terrasdebasto.pt\/wp-content\/uploads\/2025\/03\/104-1-768x519.jpg 768w, https:\/\/terrasdebasto.pt\/wp-content\/uploads\/2025\/03\/104-1-1536x1038.jpg 1536w, https:\/\/terrasdebasto.pt\/wp-content\/uploads\/2025\/03\/104-1-150x101.jpg 150w, https:\/\/terrasdebasto.pt\/wp-content\/uploads\/2025\/03\/104-1-696x470.jpg 696w, https:\/\/terrasdebasto.pt\/wp-content\/uploads\/2025\/03\/104-1-1068x722.jpg 1068w, https:\/\/terrasdebasto.pt\/wp-content\/uploads\/2025\/03\/104-1.jpg 1792w\" sizes=\"auto, (max-width: 1024px) 100vw, 1024px\" \/><\/figure>\n<\/figure>\n\n\n\n<figure class=\"wp-block-gallery has-nested-images columns-default is-cropped wp-block-gallery-5 is-layout-flex wp-block-gallery-is-layout-flex\">\n<figure class=\"wp-block-image size-large\"><img loading=\"lazy\" decoding=\"async\" width=\"1024\" height=\"721\" data-id=\"3744\" src=\"https:\/\/terrasdebasto.pt\/wp-content\/uploads\/2025\/03\/105-1-1024x721.jpg\" alt=\"\" class=\"wp-image-3744\" srcset=\"https:\/\/terrasdebasto.pt\/wp-content\/uploads\/2025\/03\/105-1-1024x721.jpg 1024w, https:\/\/terrasdebasto.pt\/wp-content\/uploads\/2025\/03\/105-1-300x211.jpg 300w, https:\/\/terrasdebasto.pt\/wp-content\/uploads\/2025\/03\/105-1-768x541.jpg 768w, https:\/\/terrasdebasto.pt\/wp-content\/uploads\/2025\/03\/105-1-1536x1082.jpg 1536w, https:\/\/terrasdebasto.pt\/wp-content\/uploads\/2025\/03\/105-1-150x106.jpg 150w, https:\/\/terrasdebasto.pt\/wp-content\/uploads\/2025\/03\/105-1-696x490.jpg 696w, https:\/\/terrasdebasto.pt\/wp-content\/uploads\/2025\/03\/105-1-1068x752.jpg 1068w, https:\/\/terrasdebasto.pt\/wp-content\/uploads\/2025\/03\/105-1.jpg 1900w\" sizes=\"auto, (max-width: 1024px) 100vw, 1024px\" \/><\/figure>\n<\/figure>\n\n\n\n<figure class=\"wp-block-gallery has-nested-images columns-default is-cropped wp-block-gallery-6 is-layout-flex wp-block-gallery-is-layout-flex\">\n<figure class=\"wp-block-image size-large\"><img loading=\"lazy\" decoding=\"async\" width=\"1024\" height=\"740\" data-id=\"3745\" src=\"https:\/\/terrasdebasto.pt\/wp-content\/uploads\/2025\/03\/106-1-1024x740.jpg\" alt=\"\" class=\"wp-image-3745\" srcset=\"https:\/\/terrasdebasto.pt\/wp-content\/uploads\/2025\/03\/106-1-1024x740.jpg 1024w, https:\/\/terrasdebasto.pt\/wp-content\/uploads\/2025\/03\/106-1-300x217.jpg 300w, https:\/\/terrasdebasto.pt\/wp-content\/uploads\/2025\/03\/106-1-768x555.jpg 768w, https:\/\/terrasdebasto.pt\/wp-content\/uploads\/2025\/03\/106-1-1536x1110.jpg 1536w, https:\/\/terrasdebasto.pt\/wp-content\/uploads\/2025\/03\/106-1-150x108.jpg 150w, https:\/\/terrasdebasto.pt\/wp-content\/uploads\/2025\/03\/106-1-696x503.jpg 696w, https:\/\/terrasdebasto.pt\/wp-content\/uploads\/2025\/03\/106-1-1068x772.jpg 1068w, https:\/\/terrasdebasto.pt\/wp-content\/uploads\/2025\/03\/106-1.jpg 1675w\" sizes=\"auto, (max-width: 1024px) 100vw, 1024px\" \/><\/figure>\n<\/figure>\n\n\n\n<figure class=\"wp-block-gallery has-nested-images columns-default is-cropped wp-block-gallery-7 is-layout-flex wp-block-gallery-is-layout-flex\">\n<figure class=\"wp-block-image size-large\"><img loading=\"lazy\" decoding=\"async\" width=\"1024\" height=\"785\" data-id=\"3746\" src=\"https:\/\/terrasdebasto.pt\/wp-content\/uploads\/2025\/03\/107-1024x785.jpg\" alt=\"\" class=\"wp-image-3746\" srcset=\"https:\/\/terrasdebasto.pt\/wp-content\/uploads\/2025\/03\/107-1024x785.jpg 1024w, https:\/\/terrasdebasto.pt\/wp-content\/uploads\/2025\/03\/107-300x230.jpg 300w, https:\/\/terrasdebasto.pt\/wp-content\/uploads\/2025\/03\/107-768x589.jpg 768w, https:\/\/terrasdebasto.pt\/wp-content\/uploads\/2025\/03\/107-150x115.jpg 150w, https:\/\/terrasdebasto.pt\/wp-content\/uploads\/2025\/03\/107-696x533.jpg 696w, https:\/\/terrasdebasto.pt\/wp-content\/uploads\/2025\/03\/107-1068x819.jpg 1068w, https:\/\/terrasdebasto.pt\/wp-content\/uploads\/2025\/03\/107.jpg 1434w\" sizes=\"auto, (max-width: 1024px) 100vw, 1024px\" \/><\/figure>\n<\/figure>\n","protected":false},"excerpt":{"rendered":"<p>Um semin\u00e1rio sobre \u201cO Impacto das Unidades de Cuidados Continuados na comunidade\u201d marcou a comemora\u00e7\u00e3o dos dez anos da cria\u00e7\u00e3o da UCC da Miseric\u00f3rdia de Cabeceiras de Basto, que se realizou na tarde desta sexta-feira (14). A par da boa ades\u00e3o, a entidade organizadora releva igualmente a participa\u00e7\u00e3o de H\u00e9lder Almeida, adjunto da secret\u00e1ria de [&hellip;]<\/p>\n","protected":false},"author":7,"featured_media":3737,"comment_status":"open","ping_status":"open","sticky":false,"template":"","format":"standard","meta":{"footnotes":""},"categories":[12,10,9],"tags":[833,29,832],"class_list":{"0":"post-3736","1":"post","2":"type-post","3":"status-publish","4":"format-standard","5":"has-post-thumbnail","7":"category-cabeceiras-de-basto","8":"category-saude","9":"category-terras-de-basto","10":"tag-10-anos","11":"tag-cabeceiras-de-basto","12":"tag-ucc-misericordia"},"yoast_head":"<!-- This site is optimized with the Yoast SEO plugin v25.7 - https:\/\/yoast.com\/wordpress\/plugins\/seo\/ -->\n<title>Miseric\u00f3rdia de Cabeceiras evoca dez anos da sua UCC - Jornal Terras de Basto<\/title>\n<meta name=\"description\" content=\"Um semin\u00e1rio sobre \u201cO Impacto das Unidades de Cuidados Continuados na comunidade\u201d marcou a comemora\u00e7\u00e3o dos dez anos da cria\u00e7\u00e3o da UCC da Miseric\u00f3rdia de Cabeceiras de Basto, que se realizou na tarde desta sexta-feira (14). A par da boa ades\u00e3o, a entidade organizadora releva igualmente a participa\u00e7\u00e3o de H\u00e9lder Almeida, adjunto da secret\u00e1ria de Estado da Gest\u00e3o da Sa\u00fade. Destaca igualmente a presen\u00e7a de Manuel Ant\u00f3nio Marinho, vogal do conselho de administra\u00e7\u00e3o da Unidade Local de Sa\u00fade do Alto Ave; de Nat\u00e1lia Correia, provedora; de Francisco Teixeira Alves, presidente da C\u00e2mara Municipal; e de outros membros dos seus \u00f3rg\u00e3os sociais. A palestra registou interven\u00e7\u00f5es de Isabel Barroso, diretora-cl\u00ednica da UCC; de Isabel Fonseca, coordenadora da ECL; e de Ant\u00f3nio Novais, respons\u00e1vel pelo internamento de uma utente.\" \/>\n<meta name=\"robots\" content=\"index, follow, max-snippet:-1, max-image-preview:large, max-video-preview:-1\" \/>\n<link rel=\"canonical\" href=\"https:\/\/terrasdebasto.pt\/?p=3736\" \/>\n<meta property=\"og:locale\" content=\"pt_PT\" \/>\n<meta property=\"og:type\" content=\"article\" \/>\n<meta property=\"og:title\" content=\"Miseric\u00f3rdia de Cabeceiras evoca dez anos da sua UCC - Jornal Terras de Basto\" \/>\n<meta property=\"og:description\" content=\"Um semin\u00e1rio sobre \u201cO Impacto das Unidades de Cuidados Continuados na comunidade\u201d marcou a comemora\u00e7\u00e3o dos dez anos da cria\u00e7\u00e3o da UCC da Miseric\u00f3rdia de Cabeceiras de Basto, que se realizou na tarde desta sexta-feira (14). A par da boa ades\u00e3o, a entidade organizadora releva igualmente a participa\u00e7\u00e3o de H\u00e9lder Almeida, adjunto da secret\u00e1ria de Estado da Gest\u00e3o da Sa\u00fade. Destaca igualmente a presen\u00e7a de Manuel Ant\u00f3nio Marinho, vogal do conselho de administra\u00e7\u00e3o da Unidade Local de Sa\u00fade do Alto Ave; de Nat\u00e1lia Correia, provedora; de Francisco Teixeira Alves, presidente da C\u00e2mara Municipal; e de outros membros dos seus \u00f3rg\u00e3os sociais. A palestra registou interven\u00e7\u00f5es de Isabel Barroso, diretora-cl\u00ednica da UCC; de Isabel Fonseca, coordenadora da ECL; e de Ant\u00f3nio Novais, respons\u00e1vel pelo internamento de uma utente.\" \/>\n<meta property=\"og:url\" content=\"https:\/\/terrasdebasto.pt\/?p=3736\" \/>\n<meta property=\"og:site_name\" content=\"Jornal Terras de Basto\" \/>\n<meta property=\"article:published_time\" content=\"2025-03-15T00:12:49+00:00\" \/>\n<meta property=\"og:image\" content=\"https:\/\/terrasdebasto.pt\/wp-content\/uploads\/2025\/03\/99-1.jpg\" \/>\n\t<meta property=\"og:image:width\" content=\"2048\" \/>\n\t<meta property=\"og:image:height\" content=\"1330\" \/>\n\t<meta property=\"og:image:type\" content=\"image\/jpeg\" \/>\n<meta name=\"author\" content=\"Jo\u00e3o Paulo Mesquita\" \/>\n<meta name=\"twitter:card\" content=\"summary_large_image\" \/>\n<meta name=\"twitter:label1\" content=\"Escrito por\" \/>\n\t<meta name=\"twitter:data1\" content=\"Jo\u00e3o Paulo Mesquita\" \/>\n\t<meta name=\"twitter:label2\" content=\"Tempo estimado de leitura\" \/>\n\t<meta name=\"twitter:data2\" content=\"3 minutos\" \/>\n<script type=\"application\/ld+json\" class=\"yoast-schema-graph\">{\"@context\":\"https:\/\/schema.org\",\"@graph\":[{\"@type\":\"Article\",\"@id\":\"https:\/\/terrasdebasto.pt\/?p=3736#article\",\"isPartOf\":{\"@id\":\"https:\/\/terrasdebasto.pt\/?p=3736\"},\"author\":{\"name\":\"Jo\u00e3o Paulo Mesquita\",\"@id\":\"https:\/\/terrasdebasto.pt\/#\/schema\/person\/9f6739f5394ac65c802641773b278b84\"},\"headline\":\"Miseric\u00f3rdia de Cabeceiras evoca dez anos da sua UCC\",\"datePublished\":\"2025-03-15T00:12:49+00:00\",\"mainEntityOfPage\":{\"@id\":\"https:\/\/terrasdebasto.pt\/?p=3736\"},\"wordCount\":157,\"commentCount\":0,\"publisher\":{\"@id\":\"https:\/\/terrasdebasto.pt\/#organization\"},\"image\":{\"@id\":\"https:\/\/terrasdebasto.pt\/?p=3736#primaryimage\"},\"thumbnailUrl\":\"https:\/\/terrasdebasto.pt\/wp-content\/uploads\/2025\/03\/99-1.jpg\",\"keywords\":[\"10 anos\",\"Cabeceiras de Basto\",\"UCC Miseric\u00f3rdia\"],\"articleSection\":[\"Cabeceiras de Basto\",\"Sa\u00fade\",\"Terras de Basto\"],\"inLanguage\":\"pt-PT\",\"potentialAction\":[{\"@type\":\"CommentAction\",\"name\":\"Comment\",\"target\":[\"https:\/\/terrasdebasto.pt\/?p=3736#respond\"]}]},{\"@type\":\"WebPage\",\"@id\":\"https:\/\/terrasdebasto.pt\/?p=3736\",\"url\":\"https:\/\/terrasdebasto.pt\/?p=3736\",\"name\":\"Miseric\u00f3rdia de Cabeceiras evoca dez anos da sua UCC - Jornal Terras de Basto\",\"isPartOf\":{\"@id\":\"https:\/\/terrasdebasto.pt\/#website\"},\"primaryImageOfPage\":{\"@id\":\"https:\/\/terrasdebasto.pt\/?p=3736#primaryimage\"},\"image\":{\"@id\":\"https:\/\/terrasdebasto.pt\/?p=3736#primaryimage\"},\"thumbnailUrl\":\"https:\/\/terrasdebasto.pt\/wp-content\/uploads\/2025\/03\/99-1.jpg\",\"datePublished\":\"2025-03-15T00:12:49+00:00\",\"description\":\"Um semin\u00e1rio sobre \u201cO Impacto das Unidades de Cuidados Continuados na comunidade\u201d marcou a comemora\u00e7\u00e3o dos dez anos da cria\u00e7\u00e3o da UCC da Miseric\u00f3rdia de Cabeceiras de Basto, que se realizou na tarde desta sexta-feira (14). A par da boa ades\u00e3o, a entidade organizadora releva igualmente a participa\u00e7\u00e3o de H\u00e9lder Almeida, adjunto da secret\u00e1ria de Estado da Gest\u00e3o da Sa\u00fade. Destaca igualmente a presen\u00e7a de Manuel Ant\u00f3nio Marinho, vogal do conselho de administra\u00e7\u00e3o da Unidade Local de Sa\u00fade do Alto Ave; de Nat\u00e1lia Correia, provedora; de Francisco Teixeira Alves, presidente da C\u00e2mara Municipal; e de outros membros dos seus \u00f3rg\u00e3os sociais. A palestra registou interven\u00e7\u00f5es de Isabel Barroso, diretora-cl\u00ednica da UCC; de Isabel Fonseca, coordenadora da ECL; e de Ant\u00f3nio Novais, respons\u00e1vel pelo internamento de uma utente.\",\"breadcrumb\":{\"@id\":\"https:\/\/terrasdebasto.pt\/?p=3736#breadcrumb\"},\"inLanguage\":\"pt-PT\",\"potentialAction\":[{\"@type\":\"ReadAction\",\"target\":[\"https:\/\/terrasdebasto.pt\/?p=3736\"]}]},{\"@type\":\"ImageObject\",\"inLanguage\":\"pt-PT\",\"@id\":\"https:\/\/terrasdebasto.pt\/?p=3736#primaryimage\",\"url\":\"https:\/\/terrasdebasto.pt\/wp-content\/uploads\/2025\/03\/99-1.jpg\",\"contentUrl\":\"https:\/\/terrasdebasto.pt\/wp-content\/uploads\/2025\/03\/99-1.jpg\",\"width\":2048,\"height\":1330},{\"@type\":\"BreadcrumbList\",\"@id\":\"https:\/\/terrasdebasto.pt\/?p=3736#breadcrumb\",\"itemListElement\":[{\"@type\":\"ListItem\",\"position\":1,\"name\":\"In\u00edcio\",\"item\":\"https:\/\/terrasdebasto.pt\/\"},{\"@type\":\"ListItem\",\"position\":2,\"name\":\"Miseric\u00f3rdia de Cabeceiras evoca dez anos da sua UCC\"}]},{\"@type\":\"WebSite\",\"@id\":\"https:\/\/terrasdebasto.pt\/#website\",\"url\":\"https:\/\/terrasdebasto.pt\/\",\"name\":\"Jornal Terras de Basto\",\"description\":\"\",\"publisher\":{\"@id\":\"https:\/\/terrasdebasto.pt\/#organization\"},\"potentialAction\":[{\"@type\":\"SearchAction\",\"target\":{\"@type\":\"EntryPoint\",\"urlTemplate\":\"https:\/\/terrasdebasto.pt\/?s={search_term_string}\"},\"query-input\":{\"@type\":\"PropertyValueSpecification\",\"valueRequired\":true,\"valueName\":\"search_term_string\"}}],\"inLanguage\":\"pt-PT\"},{\"@type\":\"Organization\",\"@id\":\"https:\/\/terrasdebasto.pt\/#organization\",\"name\":\"Jornal Terras de Basto\",\"url\":\"https:\/\/terrasdebasto.pt\/\",\"logo\":{\"@type\":\"ImageObject\",\"inLanguage\":\"pt-PT\",\"@id\":\"https:\/\/terrasdebasto.pt\/#\/schema\/logo\/image\/\",\"url\":\"https:\/\/terrasdebasto.pt\/wp-content\/uploads\/2024\/06\/LogoNormal.png\",\"contentUrl\":\"https:\/\/terrasdebasto.pt\/wp-content\/uploads\/2024\/06\/LogoNormal.png\",\"width\":5638,\"height\":809,\"caption\":\"Jornal Terras de Basto\"},\"image\":{\"@id\":\"https:\/\/terrasdebasto.pt\/#\/schema\/logo\/image\/\"}},{\"@type\":\"Person\",\"@id\":\"https:\/\/terrasdebasto.pt\/#\/schema\/person\/9f6739f5394ac65c802641773b278b84\",\"name\":\"Jo\u00e3o Paulo Mesquita\",\"image\":{\"@type\":\"ImageObject\",\"inLanguage\":\"pt-PT\",\"@id\":\"https:\/\/terrasdebasto.pt\/#\/schema\/person\/image\/\",\"url\":\"https:\/\/secure.gravatar.com\/avatar\/9bd0f299e6d96336664aab64354168246a3ee3287c47891c50d450e47ed9d7f9?s=96&d=mm&r=g\",\"contentUrl\":\"https:\/\/secure.gravatar.com\/avatar\/9bd0f299e6d96336664aab64354168246a3ee3287c47891c50d450e47ed9d7f9?s=96&d=mm&r=g\",\"caption\":\"Jo\u00e3o Paulo Mesquita\"},\"url\":\"https:\/\/terrasdebasto.pt\/?author=7\"}]}<\/script>\n<!-- \/ Yoast SEO plugin. -->","yoast_head_json":{"title":"Miseric\u00f3rdia de Cabeceiras evoca dez anos da sua UCC - Jornal Terras de Basto","description":"Um semin\u00e1rio sobre \u201cO Impacto das Unidades de Cuidados Continuados na comunidade\u201d marcou a comemora\u00e7\u00e3o dos dez anos da cria\u00e7\u00e3o da UCC da Miseric\u00f3rdia de Cabeceiras de Basto, que se realizou na tarde desta sexta-feira (14). A par da boa ades\u00e3o, a entidade organizadora releva igualmente a participa\u00e7\u00e3o de H\u00e9lder Almeida, adjunto da secret\u00e1ria de Estado da Gest\u00e3o da Sa\u00fade. Destaca igualmente a presen\u00e7a de Manuel Ant\u00f3nio Marinho, vogal do conselho de administra\u00e7\u00e3o da Unidade Local de Sa\u00fade do Alto Ave; de Nat\u00e1lia Correia, provedora; de Francisco Teixeira Alves, presidente da C\u00e2mara Municipal; e de outros membros dos seus \u00f3rg\u00e3os sociais. A palestra registou interven\u00e7\u00f5es de Isabel Barroso, diretora-cl\u00ednica da UCC; de Isabel Fonseca, coordenadora da ECL; e de Ant\u00f3nio Novais, respons\u00e1vel pelo internamento de uma utente.","robots":{"index":"index","follow":"follow","max-snippet":"max-snippet:-1","max-image-preview":"max-image-preview:large","max-video-preview":"max-video-preview:-1"},"canonical":"https:\/\/terrasdebasto.pt\/?p=3736","og_locale":"pt_PT","og_type":"article","og_title":"Miseric\u00f3rdia de Cabeceiras evoca dez anos da sua UCC - Jornal Terras de Basto","og_description":"Um semin\u00e1rio sobre \u201cO Impacto das Unidades de Cuidados Continuados na comunidade\u201d marcou a comemora\u00e7\u00e3o dos dez anos da cria\u00e7\u00e3o da UCC da Miseric\u00f3rdia de Cabeceiras de Basto, que se realizou na tarde desta sexta-feira (14). A par da boa ades\u00e3o, a entidade organizadora releva igualmente a participa\u00e7\u00e3o de H\u00e9lder Almeida, adjunto da secret\u00e1ria de Estado da Gest\u00e3o da Sa\u00fade. Destaca igualmente a presen\u00e7a de Manuel Ant\u00f3nio Marinho, vogal do conselho de administra\u00e7\u00e3o da Unidade Local de Sa\u00fade do Alto Ave; de Nat\u00e1lia Correia, provedora; de Francisco Teixeira Alves, presidente da C\u00e2mara Municipal; e de outros membros dos seus \u00f3rg\u00e3os sociais. A palestra registou interven\u00e7\u00f5es de Isabel Barroso, diretora-cl\u00ednica da UCC; de Isabel Fonseca, coordenadora da ECL; e de Ant\u00f3nio Novais, respons\u00e1vel pelo internamento de uma utente.","og_url":"https:\/\/terrasdebasto.pt\/?p=3736","og_site_name":"Jornal Terras de Basto","article_published_time":"2025-03-15T00:12:49+00:00","og_image":[{"width":2048,"height":1330,"url":"https:\/\/terrasdebasto.pt\/wp-content\/uploads\/2025\/03\/99-1.jpg","type":"image\/jpeg"}],"author":"Jo\u00e3o Paulo Mesquita","twitter_card":"summary_large_image","twitter_misc":{"Escrito por":"Jo\u00e3o Paulo Mesquita","Tempo estimado de leitura":"3 minutos"},"schema":{"@context":"https:\/\/schema.org","@graph":[{"@type":"Article","@id":"https:\/\/terrasdebasto.pt\/?p=3736#article","isPartOf":{"@id":"https:\/\/terrasdebasto.pt\/?p=3736"},"author":{"name":"Jo\u00e3o Paulo Mesquita","@id":"https:\/\/terrasdebasto.pt\/#\/schema\/person\/9f6739f5394ac65c802641773b278b84"},"headline":"Miseric\u00f3rdia de Cabeceiras evoca dez anos da sua UCC","datePublished":"2025-03-15T00:12:49+00:00","mainEntityOfPage":{"@id":"https:\/\/terrasdebasto.pt\/?p=3736"},"wordCount":157,"commentCount":0,"publisher":{"@id":"https:\/\/terrasdebasto.pt\/#organization"},"image":{"@id":"https:\/\/terrasdebasto.pt\/?p=3736#primaryimage"},"thumbnailUrl":"https:\/\/terrasdebasto.pt\/wp-content\/uploads\/2025\/03\/99-1.jpg","keywords":["10 anos","Cabeceiras de Basto","UCC Miseric\u00f3rdia"],"articleSection":["Cabeceiras de Basto","Sa\u00fade","Terras de Basto"],"inLanguage":"pt-PT","potentialAction":[{"@type":"CommentAction","name":"Comment","target":["https:\/\/terrasdebasto.pt\/?p=3736#respond"]}]},{"@type":"WebPage","@id":"https:\/\/terrasdebasto.pt\/?p=3736","url":"https:\/\/terrasdebasto.pt\/?p=3736","name":"Miseric\u00f3rdia de Cabeceiras evoca dez anos da sua UCC - Jornal Terras de Basto","isPartOf":{"@id":"https:\/\/terrasdebasto.pt\/#website"},"primaryImageOfPage":{"@id":"https:\/\/terrasdebasto.pt\/?p=3736#primaryimage"},"image":{"@id":"https:\/\/terrasdebasto.pt\/?p=3736#primaryimage"},"thumbnailUrl":"https:\/\/terrasdebasto.pt\/wp-content\/uploads\/2025\/03\/99-1.jpg","datePublished":"2025-03-15T00:12:49+00:00","description":"Um semin\u00e1rio sobre \u201cO Impacto das Unidades de Cuidados Continuados na comunidade\u201d marcou a comemora\u00e7\u00e3o dos dez anos da cria\u00e7\u00e3o da UCC da Miseric\u00f3rdia de Cabeceiras de Basto, que se realizou na tarde desta sexta-feira (14). A par da boa ades\u00e3o, a entidade organizadora releva igualmente a participa\u00e7\u00e3o de H\u00e9lder Almeida, adjunto da secret\u00e1ria de Estado da Gest\u00e3o da Sa\u00fade. Destaca igualmente a presen\u00e7a de Manuel Ant\u00f3nio Marinho, vogal do conselho de administra\u00e7\u00e3o da Unidade Local de Sa\u00fade do Alto Ave; de Nat\u00e1lia Correia, provedora; de Francisco Teixeira Alves, presidente da C\u00e2mara Municipal; e de outros membros dos seus \u00f3rg\u00e3os sociais. A palestra registou interven\u00e7\u00f5es de Isabel Barroso, diretora-cl\u00ednica da UCC; de Isabel Fonseca, coordenadora da ECL; e de Ant\u00f3nio Novais, respons\u00e1vel pelo internamento de uma utente.","breadcrumb":{"@id":"https:\/\/terrasdebasto.pt\/?p=3736#breadcrumb"},"inLanguage":"pt-PT","potentialAction":[{"@type":"ReadAction","target":["https:\/\/terrasdebasto.pt\/?p=3736"]}]},{"@type":"ImageObject","inLanguage":"pt-PT","@id":"https:\/\/terrasdebasto.pt\/?p=3736#primaryimage","url":"https:\/\/terrasdebasto.pt\/wp-content\/uploads\/2025\/03\/99-1.jpg","contentUrl":"https:\/\/terrasdebasto.pt\/wp-content\/uploads\/2025\/03\/99-1.jpg","width":2048,"height":1330},{"@type":"BreadcrumbList","@id":"https:\/\/terrasdebasto.pt\/?p=3736#breadcrumb","itemListElement":[{"@type":"ListItem","position":1,"name":"In\u00edcio","item":"https:\/\/terrasdebasto.pt\/"},{"@type":"ListItem","position":2,"name":"Miseric\u00f3rdia de Cabeceiras evoca dez anos da sua UCC"}]},{"@type":"WebSite","@id":"https:\/\/terrasdebasto.pt\/#website","url":"https:\/\/terrasdebasto.pt\/","name":"Jornal Terras de Basto","description":"","publisher":{"@id":"https:\/\/terrasdebasto.pt\/#organization"},"potentialAction":[{"@type":"SearchAction","target":{"@type":"EntryPoint","urlTemplate":"https:\/\/terrasdebasto.pt\/?s={search_term_string}"},"query-input":{"@type":"PropertyValueSpecification","valueRequired":true,"valueName":"search_term_string"}}],"inLanguage":"pt-PT"},{"@type":"Organization","@id":"https:\/\/terrasdebasto.pt\/#organization","name":"Jornal Terras de Basto","url":"https:\/\/terrasdebasto.pt\/","logo":{"@type":"ImageObject","inLanguage":"pt-PT","@id":"https:\/\/terrasdebasto.pt\/#\/schema\/logo\/image\/","url":"https:\/\/terrasdebasto.pt\/wp-content\/uploads\/2024\/06\/LogoNormal.png","contentUrl":"https:\/\/terrasdebasto.pt\/wp-content\/uploads\/2024\/06\/LogoNormal.png","width":5638,"height":809,"caption":"Jornal Terras de Basto"},"image":{"@id":"https:\/\/terrasdebasto.pt\/#\/schema\/logo\/image\/"}},{"@type":"Person","@id":"https:\/\/terrasdebasto.pt\/#\/schema\/person\/9f6739f5394ac65c802641773b278b84","name":"Jo\u00e3o Paulo Mesquita","image":{"@type":"ImageObject","inLanguage":"pt-PT","@id":"https:\/\/terrasdebasto.pt\/#\/schema\/person\/image\/","url":"https:\/\/secure.gravatar.com\/avatar\/9bd0f299e6d96336664aab64354168246a3ee3287c47891c50d450e47ed9d7f9?s=96&d=mm&r=g","contentUrl":"https:\/\/secure.gravatar.com\/avatar\/9bd0f299e6d96336664aab64354168246a3ee3287c47891c50d450e47ed9d7f9?s=96&d=mm&r=g","caption":"Jo\u00e3o Paulo Mesquita"},"url":"https:\/\/terrasdebasto.pt\/?author=7"}]}},"_links":{"self":[{"href":"https:\/\/terrasdebasto.pt\/index.php?rest_route=\/wp\/v2\/posts\/3736","targetHints":{"allow":["GET"]}}],"collection":[{"href":"https:\/\/terrasdebasto.pt\/index.php?rest_route=\/wp\/v2\/posts"}],"about":[{"href":"https:\/\/terrasdebasto.pt\/index.php?rest_route=\/wp\/v2\/types\/post"}],"author":[{"embeddable":true,"href":"https:\/\/terrasdebasto.pt\/index.php?rest_route=\/wp\/v2\/users\/7"}],"replies":[{"embeddable":true,"href":"https:\/\/terrasdebasto.pt\/index.php?rest_route=%2Fwp%2Fv2%2Fcomments&post=3736"}],"version-history":[{"count":1,"href":"https:\/\/terrasdebasto.pt\/index.php?rest_route=\/wp\/v2\/posts\/3736\/revisions"}],"predecessor-version":[{"id":3747,"href":"https:\/\/terrasdebasto.pt\/index.php?rest_route=\/wp\/v2\/posts\/3736\/revisions\/3747"}],"wp:featuredmedia":[{"embeddable":true,"href":"https:\/\/terrasdebasto.pt\/index.php?rest_route=\/wp\/v2\/media\/3737"}],"wp:attachment":[{"href":"https:\/\/terrasdebasto.pt\/index.php?rest_route=%2Fwp%2Fv2%2Fmedia&parent=3736"}],"wp:term":[{"taxonomy":"category","embeddable":true,"href":"https:\/\/terrasdebasto.pt\/index.php?rest_route=%2Fwp%2Fv2%2Fcategories&post=3736"},{"taxonomy":"post_tag","embeddable":true,"href":"https:\/\/terrasdebasto.pt\/index.php?rest_route=%2Fwp%2Fv2%2Ftags&post=3736"}],"curies":[{"name":"wp","href":"https:\/\/api.w.org\/{rel}","templated":true}]}}