{"id":3733,"date":"2025-03-14T22:47:18","date_gmt":"2025-03-14T22:47:18","guid":{"rendered":"https:\/\/terrasdebasto.pt\/?p=3733"},"modified":"2025-03-14T22:47:19","modified_gmt":"2025-03-14T22:47:19","slug":"uls-do-alto-ave-ja-usa-robot-cirurgico","status":"publish","type":"post","link":"https:\/\/terrasdebasto.pt\/?p=3733","title":{"rendered":"ULS do Alto Ave j\u00e1 usa \u201crobot\u201d cir\u00fargico"},"content":{"rendered":"\n<p><strong>Tr\u00eas especialidades cl\u00ednicas da Unidade Local de Sa\u00fade do Alto Ave \u2013 em que se integram os munic\u00edpios de Cabeceiras de Basto, Celorico de Basto e Mondim de Basto \u2013 est\u00e3o preparadas para usar o rec\u00e9m-adquirido \u201crobot\u201d cir\u00fargico, foi agora anunciado.<\/strong><\/p>\n\n\n\n<p>De acordo com uma nota oficial, em causa est\u00e3o as especialidades de urologia, ginecologia e cirurgia geral, \u00aba que se juntar\u00e3o outras em breve, alargando, assim, o \u00e2mbito de interven\u00e7\u00f5es realizadas por este processo\u00bb.<\/p>\n\n\n\n<p>Esta sexta-feira (14), o Servi\u00e7o de Urologia do hospital da ULS, em Guimar\u00e3es, realizou as primeiras duas interven\u00e7\u00f5es cir\u00fargicas utilizando o novo equipamento, trabalho desenvolvido por uma equipa multidisciplinar liderada pelos cirurgi\u00f5es Jos\u00e9 Preza Fernandes e Pedro Sousa Passos.<\/p>\n\n\n\n<p>As cirurgias efetuadas \u2013 diz a nota \u2013 implicavam com o tratamento do cancro da pr\u00f3stata e consistiram na remo\u00e7\u00e3o total desta gl\u00e2ndula, ou seja, uma prostatectomia radical.<\/p>\n\n\n\n<p>A inova\u00e7\u00e3o insere-se num plano empreendedor da ULS do Alto Ave \u2013 presidida pelo m\u00e9dico Pedro Cunha \u2013 que aposta nos seus recursos humanos e f\u00edsicos atrav\u00e9s de equipamentos inovadores, \u00abao n\u00edvel das melhores pr\u00e1ticas dos grandes centros hospitalares nacionais e internacionais\u00bb.<\/p>\n\n\n\n<p>A unidade hospitalar vimaranense oferece, assim, as t\u00e9cnicas mais avan\u00e7adas no tratamento do cancro da pr\u00f3stata localizado e localmente avan\u00e7ado, o que \u00abtraz aos utentes a possibilidade de uma recupera\u00e7\u00e3o mais r\u00e1pida e segura, nomeadamente no que toca \u00e0 fun\u00e7\u00e3o sexual e \u00e0 contin\u00eancia urin\u00e1ria\u00bb.<\/p>\n\n\n\n<p>\u00abO facto de esta Unidade Local de Sa\u00fade estar entre a elite mundial nas t\u00e9cnicas cir\u00fargicas oncol\u00f3gicas da pr\u00f3stata \u00e9 motivo de orgulho por parte de um servi\u00e7o que j\u00e1 praticava uma urologia de excel\u00eancia e que tem vindo a acumular feitos no tratamento das doen\u00e7as urol\u00f3gicas\u00bb, afirma-se na nota em causa.<\/p>\n\n\n\n<p>A ULS releva neste contexto o \u00abpapel fundamental\u00bb dos seis munic\u00edpios que a integram (Cabeceiras de Basto, Celorico de Basto, Mondim de Basto, Guimar\u00e3es, Fafe e Vizela), bem como da comunidade intermunicipal, \u00abque, desde o in\u00edcio, de forma fervorosa e pr\u00f3-ativa, se t\u00eam esfor\u00e7ado para trazer as mais relevantes e inovadoras metodologias de presta\u00e7\u00e3o de cuidados de sa\u00fade para a regi\u00e3o\u00bb. [TB].<\/p>\n","protected":false},"excerpt":{"rendered":"<p>Tr\u00eas especialidades cl\u00ednicas da Unidade Local de Sa\u00fade do Alto Ave \u2013 em que se integram os munic\u00edpios de Cabeceiras de Basto, Celorico de Basto e Mondim de Basto \u2013 est\u00e3o preparadas para usar o rec\u00e9m-adquirido \u201crobot\u201d cir\u00fargico, foi agora anunciado. De acordo com uma nota oficial, em causa est\u00e3o as especialidades de urologia, ginecologia [&hellip;]<\/p>\n","protected":false},"author":7,"featured_media":3734,"comment_status":"open","ping_status":"open","sticky":false,"template":"","format":"standard","meta":{"footnotes":""},"categories":[12,13,16,15,9],"tags":[831,221],"class_list":{"0":"post-3733","1":"post","2":"type-post","3":"status-publish","4":"format-standard","5":"has-post-thumbnail","7":"category-cabeceiras-de-basto","8":"category-celorico-de-basto","9":"category-mondim-de-basto","10":"category-technology","11":"category-terras-de-basto","12":"tag-robot-cirurgico","13":"tag-uls-do-alto-ave"},"yoast_head":"<!-- This site is optimized with the Yoast SEO plugin v25.7 - https:\/\/yoast.com\/wordpress\/plugins\/seo\/ -->\n<title>ULS do Alto Ave j\u00e1 usa \u201crobot\u201d cir\u00fargico - Jornal Terras de Basto<\/title>\n<meta name=\"description\" content=\"Tr\u00eas especialidades cl\u00ednicas da Unidade Local de Sa\u00fade do Alto Ave \u2013 em que se integram os munic\u00edpios de Cabeceiras de Basto, Celorico de Basto e Mondim de Basto \u2013 est\u00e3o preparadas para usar o rec\u00e9m-adquirido \u201crobot\u201d cir\u00fargico, foi agora anunciado.\" \/>\n<meta name=\"robots\" content=\"index, follow, max-snippet:-1, max-image-preview:large, max-video-preview:-1\" \/>\n<link rel=\"canonical\" href=\"https:\/\/terrasdebasto.pt\/?p=3733\" \/>\n<meta property=\"og:locale\" content=\"pt_PT\" \/>\n<meta property=\"og:type\" content=\"article\" \/>\n<meta property=\"og:title\" content=\"ULS do Alto Ave j\u00e1 usa \u201crobot\u201d cir\u00fargico - Jornal Terras de Basto\" \/>\n<meta property=\"og:description\" content=\"Tr\u00eas especialidades cl\u00ednicas da Unidade Local de Sa\u00fade do Alto Ave \u2013 em que se integram os munic\u00edpios de Cabeceiras de Basto, Celorico de Basto e Mondim de Basto \u2013 est\u00e3o preparadas para usar o rec\u00e9m-adquirido \u201crobot\u201d cir\u00fargico, foi agora anunciado.\" \/>\n<meta property=\"og:url\" content=\"https:\/\/terrasdebasto.pt\/?p=3733\" \/>\n<meta property=\"og:site_name\" content=\"Jornal Terras de Basto\" \/>\n<meta property=\"article:published_time\" content=\"2025-03-14T22:47:18+00:00\" \/>\n<meta property=\"article:modified_time\" content=\"2025-03-14T22:47:19+00:00\" \/>\n<meta property=\"og:image\" content=\"https:\/\/terrasdebasto.pt\/wp-content\/uploads\/2025\/03\/CIRURGIA-ROBOTICA.jpg\" \/>\n\t<meta property=\"og:image:width\" content=\"2048\" \/>\n\t<meta property=\"og:image:height\" content=\"1536\" \/>\n\t<meta property=\"og:image:type\" content=\"image\/jpeg\" \/>\n<meta name=\"author\" content=\"Jo\u00e3o Paulo Mesquita\" \/>\n<meta name=\"twitter:card\" content=\"summary_large_image\" \/>\n<meta name=\"twitter:label1\" content=\"Escrito por\" \/>\n\t<meta name=\"twitter:data1\" content=\"Jo\u00e3o Paulo Mesquita\" \/>\n\t<meta name=\"twitter:label2\" content=\"Tempo estimado de leitura\" \/>\n\t<meta name=\"twitter:data2\" content=\"3 minutos\" \/>\n<script type=\"application\/ld+json\" class=\"yoast-schema-graph\">{\"@context\":\"https:\/\/schema.org\",\"@graph\":[{\"@type\":\"Article\",\"@id\":\"https:\/\/terrasdebasto.pt\/?p=3733#article\",\"isPartOf\":{\"@id\":\"https:\/\/terrasdebasto.pt\/?p=3733\"},\"author\":{\"name\":\"Jo\u00e3o Paulo Mesquita\",\"@id\":\"https:\/\/terrasdebasto.pt\/#\/schema\/person\/9f6739f5394ac65c802641773b278b84\"},\"headline\":\"ULS do Alto Ave j\u00e1 usa \u201crobot\u201d cir\u00fargico\",\"datePublished\":\"2025-03-14T22:47:18+00:00\",\"dateModified\":\"2025-03-14T22:47:19+00:00\",\"mainEntityOfPage\":{\"@id\":\"https:\/\/terrasdebasto.pt\/?p=3733\"},\"wordCount\":393,\"commentCount\":0,\"publisher\":{\"@id\":\"https:\/\/terrasdebasto.pt\/#organization\"},\"image\":{\"@id\":\"https:\/\/terrasdebasto.pt\/?p=3733#primaryimage\"},\"thumbnailUrl\":\"https:\/\/terrasdebasto.pt\/wp-content\/uploads\/2025\/03\/CIRURGIA-ROBOTICA.jpg\",\"keywords\":[\"Robot cir\u00fargico\",\"ULS do Alto Ave\"],\"articleSection\":[\"Cabeceiras de Basto\",\"Celorico de Basto\",\"Mondim de Basto\",\"Tecnologia\",\"Terras de Basto\"],\"inLanguage\":\"pt-PT\",\"potentialAction\":[{\"@type\":\"CommentAction\",\"name\":\"Comment\",\"target\":[\"https:\/\/terrasdebasto.pt\/?p=3733#respond\"]}]},{\"@type\":\"WebPage\",\"@id\":\"https:\/\/terrasdebasto.pt\/?p=3733\",\"url\":\"https:\/\/terrasdebasto.pt\/?p=3733\",\"name\":\"ULS do Alto Ave j\u00e1 usa \u201crobot\u201d cir\u00fargico - Jornal Terras de Basto\",\"isPartOf\":{\"@id\":\"https:\/\/terrasdebasto.pt\/#website\"},\"primaryImageOfPage\":{\"@id\":\"https:\/\/terrasdebasto.pt\/?p=3733#primaryimage\"},\"image\":{\"@id\":\"https:\/\/terrasdebasto.pt\/?p=3733#primaryimage\"},\"thumbnailUrl\":\"https:\/\/terrasdebasto.pt\/wp-content\/uploads\/2025\/03\/CIRURGIA-ROBOTICA.jpg\",\"datePublished\":\"2025-03-14T22:47:18+00:00\",\"dateModified\":\"2025-03-14T22:47:19+00:00\",\"description\":\"Tr\u00eas especialidades cl\u00ednicas da Unidade Local de Sa\u00fade do Alto Ave \u2013 em que se integram os munic\u00edpios de Cabeceiras de Basto, Celorico de Basto e Mondim de Basto \u2013 est\u00e3o preparadas para usar o rec\u00e9m-adquirido \u201crobot\u201d cir\u00fargico, foi agora anunciado.\",\"breadcrumb\":{\"@id\":\"https:\/\/terrasdebasto.pt\/?p=3733#breadcrumb\"},\"inLanguage\":\"pt-PT\",\"potentialAction\":[{\"@type\":\"ReadAction\",\"target\":[\"https:\/\/terrasdebasto.pt\/?p=3733\"]}]},{\"@type\":\"ImageObject\",\"inLanguage\":\"pt-PT\",\"@id\":\"https:\/\/terrasdebasto.pt\/?p=3733#primaryimage\",\"url\":\"https:\/\/terrasdebasto.pt\/wp-content\/uploads\/2025\/03\/CIRURGIA-ROBOTICA.jpg\",\"contentUrl\":\"https:\/\/terrasdebasto.pt\/wp-content\/uploads\/2025\/03\/CIRURGIA-ROBOTICA.jpg\",\"width\":2048,\"height\":1536},{\"@type\":\"BreadcrumbList\",\"@id\":\"https:\/\/terrasdebasto.pt\/?p=3733#breadcrumb\",\"itemListElement\":[{\"@type\":\"ListItem\",\"position\":1,\"name\":\"In\u00edcio\",\"item\":\"https:\/\/terrasdebasto.pt\/\"},{\"@type\":\"ListItem\",\"position\":2,\"name\":\"ULS do Alto Ave j\u00e1 usa \u201crobot\u201d cir\u00fargico\"}]},{\"@type\":\"WebSite\",\"@id\":\"https:\/\/terrasdebasto.pt\/#website\",\"url\":\"https:\/\/terrasdebasto.pt\/\",\"name\":\"Jornal Terras de Basto\",\"description\":\"\",\"publisher\":{\"@id\":\"https:\/\/terrasdebasto.pt\/#organization\"},\"potentialAction\":[{\"@type\":\"SearchAction\",\"target\":{\"@type\":\"EntryPoint\",\"urlTemplate\":\"https:\/\/terrasdebasto.pt\/?s={search_term_string}\"},\"query-input\":{\"@type\":\"PropertyValueSpecification\",\"valueRequired\":true,\"valueName\":\"search_term_string\"}}],\"inLanguage\":\"pt-PT\"},{\"@type\":\"Organization\",\"@id\":\"https:\/\/terrasdebasto.pt\/#organization\",\"name\":\"Jornal Terras de Basto\",\"url\":\"https:\/\/terrasdebasto.pt\/\",\"logo\":{\"@type\":\"ImageObject\",\"inLanguage\":\"pt-PT\",\"@id\":\"https:\/\/terrasdebasto.pt\/#\/schema\/logo\/image\/\",\"url\":\"https:\/\/terrasdebasto.pt\/wp-content\/uploads\/2024\/06\/LogoNormal.png\",\"contentUrl\":\"https:\/\/terrasdebasto.pt\/wp-content\/uploads\/2024\/06\/LogoNormal.png\",\"width\":5638,\"height\":809,\"caption\":\"Jornal Terras de Basto\"},\"image\":{\"@id\":\"https:\/\/terrasdebasto.pt\/#\/schema\/logo\/image\/\"}},{\"@type\":\"Person\",\"@id\":\"https:\/\/terrasdebasto.pt\/#\/schema\/person\/9f6739f5394ac65c802641773b278b84\",\"name\":\"Jo\u00e3o Paulo Mesquita\",\"image\":{\"@type\":\"ImageObject\",\"inLanguage\":\"pt-PT\",\"@id\":\"https:\/\/terrasdebasto.pt\/#\/schema\/person\/image\/\",\"url\":\"https:\/\/secure.gravatar.com\/avatar\/9bd0f299e6d96336664aab64354168246a3ee3287c47891c50d450e47ed9d7f9?s=96&d=mm&r=g\",\"contentUrl\":\"https:\/\/secure.gravatar.com\/avatar\/9bd0f299e6d96336664aab64354168246a3ee3287c47891c50d450e47ed9d7f9?s=96&d=mm&r=g\",\"caption\":\"Jo\u00e3o Paulo Mesquita\"},\"url\":\"https:\/\/terrasdebasto.pt\/?author=7\"}]}<\/script>\n<!-- \/ Yoast SEO plugin. -->","yoast_head_json":{"title":"ULS do Alto Ave j\u00e1 usa \u201crobot\u201d cir\u00fargico - Jornal Terras de Basto","description":"Tr\u00eas especialidades cl\u00ednicas da Unidade Local de Sa\u00fade do Alto Ave \u2013 em que se integram os munic\u00edpios de Cabeceiras de Basto, Celorico de Basto e Mondim de Basto \u2013 est\u00e3o preparadas para usar o rec\u00e9m-adquirido \u201crobot\u201d cir\u00fargico, foi agora anunciado.","robots":{"index":"index","follow":"follow","max-snippet":"max-snippet:-1","max-image-preview":"max-image-preview:large","max-video-preview":"max-video-preview:-1"},"canonical":"https:\/\/terrasdebasto.pt\/?p=3733","og_locale":"pt_PT","og_type":"article","og_title":"ULS do Alto Ave j\u00e1 usa \u201crobot\u201d cir\u00fargico - Jornal Terras de Basto","og_description":"Tr\u00eas especialidades cl\u00ednicas da Unidade Local de Sa\u00fade do Alto Ave \u2013 em que se integram os munic\u00edpios de Cabeceiras de Basto, Celorico de Basto e Mondim de Basto \u2013 est\u00e3o preparadas para usar o rec\u00e9m-adquirido \u201crobot\u201d cir\u00fargico, foi agora anunciado.","og_url":"https:\/\/terrasdebasto.pt\/?p=3733","og_site_name":"Jornal Terras de Basto","article_published_time":"2025-03-14T22:47:18+00:00","article_modified_time":"2025-03-14T22:47:19+00:00","og_image":[{"width":2048,"height":1536,"url":"https:\/\/terrasdebasto.pt\/wp-content\/uploads\/2025\/03\/CIRURGIA-ROBOTICA.jpg","type":"image\/jpeg"}],"author":"Jo\u00e3o Paulo Mesquita","twitter_card":"summary_large_image","twitter_misc":{"Escrito por":"Jo\u00e3o Paulo Mesquita","Tempo estimado de leitura":"3 minutos"},"schema":{"@context":"https:\/\/schema.org","@graph":[{"@type":"Article","@id":"https:\/\/terrasdebasto.pt\/?p=3733#article","isPartOf":{"@id":"https:\/\/terrasdebasto.pt\/?p=3733"},"author":{"name":"Jo\u00e3o Paulo Mesquita","@id":"https:\/\/terrasdebasto.pt\/#\/schema\/person\/9f6739f5394ac65c802641773b278b84"},"headline":"ULS do Alto Ave j\u00e1 usa \u201crobot\u201d cir\u00fargico","datePublished":"2025-03-14T22:47:18+00:00","dateModified":"2025-03-14T22:47:19+00:00","mainEntityOfPage":{"@id":"https:\/\/terrasdebasto.pt\/?p=3733"},"wordCount":393,"commentCount":0,"publisher":{"@id":"https:\/\/terrasdebasto.pt\/#organization"},"image":{"@id":"https:\/\/terrasdebasto.pt\/?p=3733#primaryimage"},"thumbnailUrl":"https:\/\/terrasdebasto.pt\/wp-content\/uploads\/2025\/03\/CIRURGIA-ROBOTICA.jpg","keywords":["Robot cir\u00fargico","ULS do Alto Ave"],"articleSection":["Cabeceiras de Basto","Celorico de Basto","Mondim de Basto","Tecnologia","Terras de Basto"],"inLanguage":"pt-PT","potentialAction":[{"@type":"CommentAction","name":"Comment","target":["https:\/\/terrasdebasto.pt\/?p=3733#respond"]}]},{"@type":"WebPage","@id":"https:\/\/terrasdebasto.pt\/?p=3733","url":"https:\/\/terrasdebasto.pt\/?p=3733","name":"ULS do Alto Ave j\u00e1 usa \u201crobot\u201d cir\u00fargico - Jornal Terras de Basto","isPartOf":{"@id":"https:\/\/terrasdebasto.pt\/#website"},"primaryImageOfPage":{"@id":"https:\/\/terrasdebasto.pt\/?p=3733#primaryimage"},"image":{"@id":"https:\/\/terrasdebasto.pt\/?p=3733#primaryimage"},"thumbnailUrl":"https:\/\/terrasdebasto.pt\/wp-content\/uploads\/2025\/03\/CIRURGIA-ROBOTICA.jpg","datePublished":"2025-03-14T22:47:18+00:00","dateModified":"2025-03-14T22:47:19+00:00","description":"Tr\u00eas especialidades cl\u00ednicas da Unidade Local de Sa\u00fade do Alto Ave \u2013 em que se integram os munic\u00edpios de Cabeceiras de Basto, Celorico de Basto e Mondim de Basto \u2013 est\u00e3o preparadas para usar o rec\u00e9m-adquirido \u201crobot\u201d cir\u00fargico, foi agora anunciado.","breadcrumb":{"@id":"https:\/\/terrasdebasto.pt\/?p=3733#breadcrumb"},"inLanguage":"pt-PT","potentialAction":[{"@type":"ReadAction","target":["https:\/\/terrasdebasto.pt\/?p=3733"]}]},{"@type":"ImageObject","inLanguage":"pt-PT","@id":"https:\/\/terrasdebasto.pt\/?p=3733#primaryimage","url":"https:\/\/terrasdebasto.pt\/wp-content\/uploads\/2025\/03\/CIRURGIA-ROBOTICA.jpg","contentUrl":"https:\/\/terrasdebasto.pt\/wp-content\/uploads\/2025\/03\/CIRURGIA-ROBOTICA.jpg","width":2048,"height":1536},{"@type":"BreadcrumbList","@id":"https:\/\/terrasdebasto.pt\/?p=3733#breadcrumb","itemListElement":[{"@type":"ListItem","position":1,"name":"In\u00edcio","item":"https:\/\/terrasdebasto.pt\/"},{"@type":"ListItem","position":2,"name":"ULS do Alto Ave j\u00e1 usa \u201crobot\u201d cir\u00fargico"}]},{"@type":"WebSite","@id":"https:\/\/terrasdebasto.pt\/#website","url":"https:\/\/terrasdebasto.pt\/","name":"Jornal Terras de Basto","description":"","publisher":{"@id":"https:\/\/terrasdebasto.pt\/#organization"},"potentialAction":[{"@type":"SearchAction","target":{"@type":"EntryPoint","urlTemplate":"https:\/\/terrasdebasto.pt\/?s={search_term_string}"},"query-input":{"@type":"PropertyValueSpecification","valueRequired":true,"valueName":"search_term_string"}}],"inLanguage":"pt-PT"},{"@type":"Organization","@id":"https:\/\/terrasdebasto.pt\/#organization","name":"Jornal Terras de Basto","url":"https:\/\/terrasdebasto.pt\/","logo":{"@type":"ImageObject","inLanguage":"pt-PT","@id":"https:\/\/terrasdebasto.pt\/#\/schema\/logo\/image\/","url":"https:\/\/terrasdebasto.pt\/wp-content\/uploads\/2024\/06\/LogoNormal.png","contentUrl":"https:\/\/terrasdebasto.pt\/wp-content\/uploads\/2024\/06\/LogoNormal.png","width":5638,"height":809,"caption":"Jornal Terras de Basto"},"image":{"@id":"https:\/\/terrasdebasto.pt\/#\/schema\/logo\/image\/"}},{"@type":"Person","@id":"https:\/\/terrasdebasto.pt\/#\/schema\/person\/9f6739f5394ac65c802641773b278b84","name":"Jo\u00e3o Paulo Mesquita","image":{"@type":"ImageObject","inLanguage":"pt-PT","@id":"https:\/\/terrasdebasto.pt\/#\/schema\/person\/image\/","url":"https:\/\/secure.gravatar.com\/avatar\/9bd0f299e6d96336664aab64354168246a3ee3287c47891c50d450e47ed9d7f9?s=96&d=mm&r=g","contentUrl":"https:\/\/secure.gravatar.com\/avatar\/9bd0f299e6d96336664aab64354168246a3ee3287c47891c50d450e47ed9d7f9?s=96&d=mm&r=g","caption":"Jo\u00e3o Paulo Mesquita"},"url":"https:\/\/terrasdebasto.pt\/?author=7"}]}},"_links":{"self":[{"href":"https:\/\/terrasdebasto.pt\/index.php?rest_route=\/wp\/v2\/posts\/3733","targetHints":{"allow":["GET"]}}],"collection":[{"href":"https:\/\/terrasdebasto.pt\/index.php?rest_route=\/wp\/v2\/posts"}],"about":[{"href":"https:\/\/terrasdebasto.pt\/index.php?rest_route=\/wp\/v2\/types\/post"}],"author":[{"embeddable":true,"href":"https:\/\/terrasdebasto.pt\/index.php?rest_route=\/wp\/v2\/users\/7"}],"replies":[{"embeddable":true,"href":"https:\/\/terrasdebasto.pt\/index.php?rest_route=%2Fwp%2Fv2%2Fcomments&post=3733"}],"version-history":[{"count":1,"href":"https:\/\/terrasdebasto.pt\/index.php?rest_route=\/wp\/v2\/posts\/3733\/revisions"}],"predecessor-version":[{"id":3735,"href":"https:\/\/terrasdebasto.pt\/index.php?rest_route=\/wp\/v2\/posts\/3733\/revisions\/3735"}],"wp:featuredmedia":[{"embeddable":true,"href":"https:\/\/terrasdebasto.pt\/index.php?rest_route=\/wp\/v2\/media\/3734"}],"wp:attachment":[{"href":"https:\/\/terrasdebasto.pt\/index.php?rest_route=%2Fwp%2Fv2%2Fmedia&parent=3733"}],"wp:term":[{"taxonomy":"category","embeddable":true,"href":"https:\/\/terrasdebasto.pt\/index.php?rest_route=%2Fwp%2Fv2%2Fcategories&post=3733"},{"taxonomy":"post_tag","embeddable":true,"href":"https:\/\/terrasdebasto.pt\/index.php?rest_route=%2Fwp%2Fv2%2Ftags&post=3733"}],"curies":[{"name":"wp","href":"https:\/\/api.w.org\/{rel}","templated":true}]}}