{"id":3727,"date":"2025-03-14T12:38:19","date_gmt":"2025-03-14T12:38:19","guid":{"rendered":"https:\/\/terrasdebasto.pt\/?p=3727"},"modified":"2025-03-14T12:38:20","modified_gmt":"2025-03-14T12:38:20","slug":"cabeceiras-vai-construir-10-mini-apartamentos-nas-cerdeirinhas","status":"publish","type":"post","link":"https:\/\/terrasdebasto.pt\/?p=3727","title":{"rendered":"Cabeceiras vai construir 10 mini-apartamentos nas Cerdeirinhas"},"content":{"rendered":"\n<p><strong>Um bloco multifamiliar de habita\u00e7\u00e3o social com dez fra\u00e7\u00f5es \u2013 oito de tipologia \u201cT1\u201d e dois \u201cT2\u201d \u2013 \u00e9 a proposta do Munic\u00edpio de Cabeceiras de Basto para responder \u00e0s car\u00eancias habitacionais no concelho. O projeto dever\u00e1 ser executado no Loteamento das Cerdeirinhas, na freguesia de Refojos, e est\u00e1 or\u00e7ado em perto de um milh\u00e3o de euros.<\/strong><\/p>\n\n\n\n<p>Totalmente financiado por fundos do Programa de Recupera\u00e7\u00e3o e Resili\u00eancia (PRR), tem j\u00e1 o projeto de execu\u00e7\u00e3o aprovado pelo presidente da c\u00e2mara, mas s\u00f3 esta sexta-feira (14) ser\u00e1 apreciado pela restante verea\u00e7\u00e3o municipal, em sede de reuni\u00e3o ordin\u00e1ria do executivo.<\/p>\n\n\n\n<p>Pretendendo corresponder \u00e0 Estrat\u00e9gia Local de Habita\u00e7\u00e3o anteriormente aprovada, o bloco de dez mini-apartamentos, que dever\u00e1 estar constru\u00eddo at\u00e9 mar\u00e7o do pr\u00f3ximo ano, vai ser executado na Rua das Cerdeirinhas de Cima e significa um custo unit\u00e1rio \u2013 de acordo com o or\u00e7amento apresentado (948.647,67\u20ac) \u2013 de cerca de 95 mil euros.<\/p>\n\n\n\n<p>Desenhado pelo arquiteto Armando Barroso, o edif\u00edcio multifamiliar de habita\u00e7\u00e3o social \u2013 de tr\u00eas pisos \u2013 representa uma \u00e1rea bruta de constru\u00e7\u00e3o de 301,10m2 na Rua das Cerdeirinhas de Cima, frente ao campo de futebol da localidade.<\/p>\n\n\n\n<p>\u00abA habita\u00e7\u00e3o destaca-se pelas suas linhas minimalistas, em perfeita integra\u00e7\u00e3o com a genuinidade do terreno que se preservou; este projeto s\u00f3 resulta neste terreno\u00bb, diz o seu autor, adiantando que est\u00e1 previsto que a veda\u00e7\u00e3o do terreno em causa seja feita \u00abatrav\u00e9s de muros de veda\u00e7\u00e3o, o que permite a entrada e distribui\u00e7\u00e3o para o interior do terreno\u00bb.<\/p>\n\n\n\n<p>O piso do r\u00e9s-do-ch\u00e3o \u00e9 destinado a estacionamento, acessos e arrumos, enquanto que no primeiro piso se localizam quatro \u201cT1\u201d e um \u201cT2\u201d, o mesmo acontecendo no piso superior.<\/p>\n\n\n\n<p>A Estrat\u00e9gia Local de Habita\u00e7\u00e3o de Cabeceiras de Basto, plano desenvolvido para identificar e resolver as necessidades habitacionais do concelho, em alinhamento com a Nova Gera\u00e7\u00e3o de Pol\u00edticas de Habita\u00e7\u00e3o, identificou 84 fam\u00edlias em situa\u00e7\u00e3o de car\u00eancia habitacional, totalizando 184 pessoas. Dessas, 48 agregados necessitam de apoio na reabilita\u00e7\u00e3o das suas habita\u00e7\u00f5es, enquanto as restantes 36 requerem uma nova resposta.<\/p>\n\n\n\n<p>Para apoiar estas fam\u00edlias, o munic\u00edpio anunciou um acordo com o Instituto da Habita\u00e7\u00e3o e da Reabilita\u00e7\u00e3o Urbana (IHRU), visando \u00aba implementa\u00e7\u00e3o das solu\u00e7\u00f5es habitacionais adequadas\u00bb, propondo-se constituir \u00abuma equipa para apoiar os privados na apresenta\u00e7\u00e3o das respetivas candidaturas\u00bb ao programa \u201c1.\u00ba Direito\u201d, isto quando estava prevista a reabilita\u00e7\u00e3o de 48 fogos promovida por privados, num investimento total estimado de 4,5 milh\u00f5es de euros. [JPM].<\/p>\n\n\n\n<figure class=\"wp-block-gallery has-nested-images columns-default is-cropped wp-block-gallery-1 is-layout-flex wp-block-gallery-is-layout-flex\">\n<figure class=\"wp-block-image size-large\"><img loading=\"lazy\" decoding=\"async\" width=\"1024\" height=\"768\" data-id=\"3729\" src=\"https:\/\/terrasdebasto.pt\/wp-content\/uploads\/2025\/03\/HABITACAO-CERDEIRINHAS-2-1024x768.jpg\" alt=\"\" class=\"wp-image-3729\" srcset=\"https:\/\/terrasdebasto.pt\/wp-content\/uploads\/2025\/03\/HABITACAO-CERDEIRINHAS-2-1024x768.jpg 1024w, https:\/\/terrasdebasto.pt\/wp-content\/uploads\/2025\/03\/HABITACAO-CERDEIRINHAS-2-300x225.jpg 300w, https:\/\/terrasdebasto.pt\/wp-content\/uploads\/2025\/03\/HABITACAO-CERDEIRINHAS-2-768x576.jpg 768w, https:\/\/terrasdebasto.pt\/wp-content\/uploads\/2025\/03\/HABITACAO-CERDEIRINHAS-2-1536x1152.jpg 1536w, https:\/\/terrasdebasto.pt\/wp-content\/uploads\/2025\/03\/HABITACAO-CERDEIRINHAS-2-2048x1536.jpg 2048w, https:\/\/terrasdebasto.pt\/wp-content\/uploads\/2025\/03\/HABITACAO-CERDEIRINHAS-2-150x113.jpg 150w, https:\/\/terrasdebasto.pt\/wp-content\/uploads\/2025\/03\/HABITACAO-CERDEIRINHAS-2-696x522.jpg 696w, https:\/\/terrasdebasto.pt\/wp-content\/uploads\/2025\/03\/HABITACAO-CERDEIRINHAS-2-1068x801.jpg 1068w, https:\/\/terrasdebasto.pt\/wp-content\/uploads\/2025\/03\/HABITACAO-CERDEIRINHAS-2-1920x1440.jpg 1920w\" sizes=\"auto, (max-width: 1024px) 100vw, 1024px\" \/><\/figure>\n<\/figure>\n","protected":false},"excerpt":{"rendered":"<p>Um bloco multifamiliar de habita\u00e7\u00e3o social com dez fra\u00e7\u00f5es \u2013 oito de tipologia \u201cT1\u201d e dois \u201cT2\u201d \u2013 \u00e9 a proposta do Munic\u00edpio de Cabeceiras de Basto para responder \u00e0s car\u00eancias habitacionais no concelho. O projeto dever\u00e1 ser executado no Loteamento das Cerdeirinhas, na freguesia de Refojos, e est\u00e1 or\u00e7ado em perto de um milh\u00e3o [&hellip;]<\/p>\n","protected":false},"author":7,"featured_media":3728,"comment_status":"open","ping_status":"open","sticky":false,"template":"","format":"standard","meta":{"footnotes":""},"categories":[12,9],"tags":[830,829],"class_list":{"0":"post-3727","1":"post","2":"type-post","3":"status-publish","4":"format-standard","5":"has-post-thumbnail","7":"category-cabeceiras-de-basto","8":"category-terras-de-basto","9":"tag-estrategia-local-de-habitacao","10":"tag-habitacao-social"},"yoast_head":"<!-- This site is optimized with the Yoast SEO plugin v25.7 - https:\/\/yoast.com\/wordpress\/plugins\/seo\/ -->\n<title>Cabeceiras vai construir 10 mini-apartamentos nas Cerdeirinhas - Jornal Terras de Basto<\/title>\n<meta name=\"description\" content=\"Um bloco multifamiliar de habita\u00e7\u00e3o social com de dez fra\u00e7\u00f5es \u2013 oito da tipologia \u201cT1\u201d e dois \u201cT2\u201d \u2013 \u00e9 a proposta do Munic\u00edpio de Cabeceiras de Basto para responder \u00e0s car\u00eancias habitacionais no concelho. O projeto dever\u00e1 ser executado no Loteamento das Cerdeirinhas, na freguesia de Refojos, e est\u00e1 or\u00e7ado em perto de um milh\u00e3o de euros.\" \/>\n<meta name=\"robots\" content=\"index, follow, max-snippet:-1, max-image-preview:large, max-video-preview:-1\" \/>\n<link rel=\"canonical\" href=\"https:\/\/terrasdebasto.pt\/?p=3727\" \/>\n<meta property=\"og:locale\" content=\"pt_PT\" \/>\n<meta property=\"og:type\" content=\"article\" \/>\n<meta property=\"og:title\" content=\"Cabeceiras vai construir 10 mini-apartamentos nas Cerdeirinhas - Jornal Terras de Basto\" \/>\n<meta property=\"og:description\" content=\"Um bloco multifamiliar de habita\u00e7\u00e3o social com de dez fra\u00e7\u00f5es \u2013 oito da tipologia \u201cT1\u201d e dois \u201cT2\u201d \u2013 \u00e9 a proposta do Munic\u00edpio de Cabeceiras de Basto para responder \u00e0s car\u00eancias habitacionais no concelho. O projeto dever\u00e1 ser executado no Loteamento das Cerdeirinhas, na freguesia de Refojos, e est\u00e1 or\u00e7ado em perto de um milh\u00e3o de euros.\" \/>\n<meta property=\"og:url\" content=\"https:\/\/terrasdebasto.pt\/?p=3727\" \/>\n<meta property=\"og:site_name\" content=\"Jornal Terras de Basto\" \/>\n<meta property=\"article:published_time\" content=\"2025-03-14T12:38:19+00:00\" \/>\n<meta property=\"article:modified_time\" content=\"2025-03-14T12:38:20+00:00\" \/>\n<meta property=\"og:image\" content=\"https:\/\/terrasdebasto.pt\/wp-content\/uploads\/2025\/03\/HABITACAO-CERDEIRINHAS-1.jpg\" \/>\n\t<meta property=\"og:image:width\" content=\"1600\" \/>\n\t<meta property=\"og:image:height\" content=\"1200\" \/>\n\t<meta property=\"og:image:type\" content=\"image\/jpeg\" \/>\n<meta name=\"author\" content=\"Jo\u00e3o Paulo Mesquita\" \/>\n<meta name=\"twitter:card\" content=\"summary_large_image\" \/>\n<meta name=\"twitter:label1\" content=\"Escrito por\" \/>\n\t<meta name=\"twitter:data1\" content=\"Jo\u00e3o Paulo Mesquita\" \/>\n\t<meta name=\"twitter:label2\" content=\"Tempo estimado de leitura\" \/>\n\t<meta name=\"twitter:data2\" content=\"3 minutos\" \/>\n<script type=\"application\/ld+json\" class=\"yoast-schema-graph\">{\"@context\":\"https:\/\/schema.org\",\"@graph\":[{\"@type\":\"Article\",\"@id\":\"https:\/\/terrasdebasto.pt\/?p=3727#article\",\"isPartOf\":{\"@id\":\"https:\/\/terrasdebasto.pt\/?p=3727\"},\"author\":{\"name\":\"Jo\u00e3o Paulo Mesquita\",\"@id\":\"https:\/\/terrasdebasto.pt\/#\/schema\/person\/9f6739f5394ac65c802641773b278b84\"},\"headline\":\"Cabeceiras vai construir 10 mini-apartamentos nas Cerdeirinhas\",\"datePublished\":\"2025-03-14T12:38:19+00:00\",\"dateModified\":\"2025-03-14T12:38:20+00:00\",\"mainEntityOfPage\":{\"@id\":\"https:\/\/terrasdebasto.pt\/?p=3727\"},\"wordCount\":436,\"commentCount\":0,\"publisher\":{\"@id\":\"https:\/\/terrasdebasto.pt\/#organization\"},\"image\":{\"@id\":\"https:\/\/terrasdebasto.pt\/?p=3727#primaryimage\"},\"thumbnailUrl\":\"https:\/\/terrasdebasto.pt\/wp-content\/uploads\/2025\/03\/HABITACAO-CERDEIRINHAS-1.jpg\",\"keywords\":[\"Estrat\u00e9gia Local de Habita\u00e7\u00e3o\",\"Habita\u00e7\u00e3o Social\"],\"articleSection\":[\"Cabeceiras de Basto\",\"Terras de Basto\"],\"inLanguage\":\"pt-PT\",\"potentialAction\":[{\"@type\":\"CommentAction\",\"name\":\"Comment\",\"target\":[\"https:\/\/terrasdebasto.pt\/?p=3727#respond\"]}]},{\"@type\":\"WebPage\",\"@id\":\"https:\/\/terrasdebasto.pt\/?p=3727\",\"url\":\"https:\/\/terrasdebasto.pt\/?p=3727\",\"name\":\"Cabeceiras vai construir 10 mini-apartamentos nas Cerdeirinhas - Jornal Terras de Basto\",\"isPartOf\":{\"@id\":\"https:\/\/terrasdebasto.pt\/#website\"},\"primaryImageOfPage\":{\"@id\":\"https:\/\/terrasdebasto.pt\/?p=3727#primaryimage\"},\"image\":{\"@id\":\"https:\/\/terrasdebasto.pt\/?p=3727#primaryimage\"},\"thumbnailUrl\":\"https:\/\/terrasdebasto.pt\/wp-content\/uploads\/2025\/03\/HABITACAO-CERDEIRINHAS-1.jpg\",\"datePublished\":\"2025-03-14T12:38:19+00:00\",\"dateModified\":\"2025-03-14T12:38:20+00:00\",\"description\":\"Um bloco multifamiliar de habita\u00e7\u00e3o social com de dez fra\u00e7\u00f5es \u2013 oito da tipologia \u201cT1\u201d e dois \u201cT2\u201d \u2013 \u00e9 a proposta do Munic\u00edpio de Cabeceiras de Basto para responder \u00e0s car\u00eancias habitacionais no concelho. O projeto dever\u00e1 ser executado no Loteamento das Cerdeirinhas, na freguesia de Refojos, e est\u00e1 or\u00e7ado em perto de um milh\u00e3o de euros.\",\"breadcrumb\":{\"@id\":\"https:\/\/terrasdebasto.pt\/?p=3727#breadcrumb\"},\"inLanguage\":\"pt-PT\",\"potentialAction\":[{\"@type\":\"ReadAction\",\"target\":[\"https:\/\/terrasdebasto.pt\/?p=3727\"]}]},{\"@type\":\"ImageObject\",\"inLanguage\":\"pt-PT\",\"@id\":\"https:\/\/terrasdebasto.pt\/?p=3727#primaryimage\",\"url\":\"https:\/\/terrasdebasto.pt\/wp-content\/uploads\/2025\/03\/HABITACAO-CERDEIRINHAS-1.jpg\",\"contentUrl\":\"https:\/\/terrasdebasto.pt\/wp-content\/uploads\/2025\/03\/HABITACAO-CERDEIRINHAS-1.jpg\",\"width\":1600,\"height\":1200},{\"@type\":\"BreadcrumbList\",\"@id\":\"https:\/\/terrasdebasto.pt\/?p=3727#breadcrumb\",\"itemListElement\":[{\"@type\":\"ListItem\",\"position\":1,\"name\":\"In\u00edcio\",\"item\":\"https:\/\/terrasdebasto.pt\/\"},{\"@type\":\"ListItem\",\"position\":2,\"name\":\"Cabeceiras vai construir 10 mini-apartamentos nas Cerdeirinhas\"}]},{\"@type\":\"WebSite\",\"@id\":\"https:\/\/terrasdebasto.pt\/#website\",\"url\":\"https:\/\/terrasdebasto.pt\/\",\"name\":\"Jornal Terras de Basto\",\"description\":\"\",\"publisher\":{\"@id\":\"https:\/\/terrasdebasto.pt\/#organization\"},\"potentialAction\":[{\"@type\":\"SearchAction\",\"target\":{\"@type\":\"EntryPoint\",\"urlTemplate\":\"https:\/\/terrasdebasto.pt\/?s={search_term_string}\"},\"query-input\":{\"@type\":\"PropertyValueSpecification\",\"valueRequired\":true,\"valueName\":\"search_term_string\"}}],\"inLanguage\":\"pt-PT\"},{\"@type\":\"Organization\",\"@id\":\"https:\/\/terrasdebasto.pt\/#organization\",\"name\":\"Jornal Terras de Basto\",\"url\":\"https:\/\/terrasdebasto.pt\/\",\"logo\":{\"@type\":\"ImageObject\",\"inLanguage\":\"pt-PT\",\"@id\":\"https:\/\/terrasdebasto.pt\/#\/schema\/logo\/image\/\",\"url\":\"https:\/\/terrasdebasto.pt\/wp-content\/uploads\/2024\/06\/LogoNormal.png\",\"contentUrl\":\"https:\/\/terrasdebasto.pt\/wp-content\/uploads\/2024\/06\/LogoNormal.png\",\"width\":5638,\"height\":809,\"caption\":\"Jornal Terras de Basto\"},\"image\":{\"@id\":\"https:\/\/terrasdebasto.pt\/#\/schema\/logo\/image\/\"}},{\"@type\":\"Person\",\"@id\":\"https:\/\/terrasdebasto.pt\/#\/schema\/person\/9f6739f5394ac65c802641773b278b84\",\"name\":\"Jo\u00e3o Paulo Mesquita\",\"image\":{\"@type\":\"ImageObject\",\"inLanguage\":\"pt-PT\",\"@id\":\"https:\/\/terrasdebasto.pt\/#\/schema\/person\/image\/\",\"url\":\"https:\/\/secure.gravatar.com\/avatar\/9bd0f299e6d96336664aab64354168246a3ee3287c47891c50d450e47ed9d7f9?s=96&d=mm&r=g\",\"contentUrl\":\"https:\/\/secure.gravatar.com\/avatar\/9bd0f299e6d96336664aab64354168246a3ee3287c47891c50d450e47ed9d7f9?s=96&d=mm&r=g\",\"caption\":\"Jo\u00e3o Paulo Mesquita\"},\"url\":\"https:\/\/terrasdebasto.pt\/?author=7\"}]}<\/script>\n<!-- \/ Yoast SEO plugin. -->","yoast_head_json":{"title":"Cabeceiras vai construir 10 mini-apartamentos nas Cerdeirinhas - Jornal Terras de Basto","description":"Um bloco multifamiliar de habita\u00e7\u00e3o social com de dez fra\u00e7\u00f5es \u2013 oito da tipologia \u201cT1\u201d e dois \u201cT2\u201d \u2013 \u00e9 a proposta do Munic\u00edpio de Cabeceiras de Basto para responder \u00e0s car\u00eancias habitacionais no concelho. O projeto dever\u00e1 ser executado no Loteamento das Cerdeirinhas, na freguesia de Refojos, e est\u00e1 or\u00e7ado em perto de um milh\u00e3o de euros.","robots":{"index":"index","follow":"follow","max-snippet":"max-snippet:-1","max-image-preview":"max-image-preview:large","max-video-preview":"max-video-preview:-1"},"canonical":"https:\/\/terrasdebasto.pt\/?p=3727","og_locale":"pt_PT","og_type":"article","og_title":"Cabeceiras vai construir 10 mini-apartamentos nas Cerdeirinhas - Jornal Terras de Basto","og_description":"Um bloco multifamiliar de habita\u00e7\u00e3o social com de dez fra\u00e7\u00f5es \u2013 oito da tipologia \u201cT1\u201d e dois \u201cT2\u201d \u2013 \u00e9 a proposta do Munic\u00edpio de Cabeceiras de Basto para responder \u00e0s car\u00eancias habitacionais no concelho. O projeto dever\u00e1 ser executado no Loteamento das Cerdeirinhas, na freguesia de Refojos, e est\u00e1 or\u00e7ado em perto de um milh\u00e3o de euros.","og_url":"https:\/\/terrasdebasto.pt\/?p=3727","og_site_name":"Jornal Terras de Basto","article_published_time":"2025-03-14T12:38:19+00:00","article_modified_time":"2025-03-14T12:38:20+00:00","og_image":[{"width":1600,"height":1200,"url":"https:\/\/terrasdebasto.pt\/wp-content\/uploads\/2025\/03\/HABITACAO-CERDEIRINHAS-1.jpg","type":"image\/jpeg"}],"author":"Jo\u00e3o Paulo Mesquita","twitter_card":"summary_large_image","twitter_misc":{"Escrito por":"Jo\u00e3o Paulo Mesquita","Tempo estimado de leitura":"3 minutos"},"schema":{"@context":"https:\/\/schema.org","@graph":[{"@type":"Article","@id":"https:\/\/terrasdebasto.pt\/?p=3727#article","isPartOf":{"@id":"https:\/\/terrasdebasto.pt\/?p=3727"},"author":{"name":"Jo\u00e3o Paulo Mesquita","@id":"https:\/\/terrasdebasto.pt\/#\/schema\/person\/9f6739f5394ac65c802641773b278b84"},"headline":"Cabeceiras vai construir 10 mini-apartamentos nas Cerdeirinhas","datePublished":"2025-03-14T12:38:19+00:00","dateModified":"2025-03-14T12:38:20+00:00","mainEntityOfPage":{"@id":"https:\/\/terrasdebasto.pt\/?p=3727"},"wordCount":436,"commentCount":0,"publisher":{"@id":"https:\/\/terrasdebasto.pt\/#organization"},"image":{"@id":"https:\/\/terrasdebasto.pt\/?p=3727#primaryimage"},"thumbnailUrl":"https:\/\/terrasdebasto.pt\/wp-content\/uploads\/2025\/03\/HABITACAO-CERDEIRINHAS-1.jpg","keywords":["Estrat\u00e9gia Local de Habita\u00e7\u00e3o","Habita\u00e7\u00e3o Social"],"articleSection":["Cabeceiras de Basto","Terras de Basto"],"inLanguage":"pt-PT","potentialAction":[{"@type":"CommentAction","name":"Comment","target":["https:\/\/terrasdebasto.pt\/?p=3727#respond"]}]},{"@type":"WebPage","@id":"https:\/\/terrasdebasto.pt\/?p=3727","url":"https:\/\/terrasdebasto.pt\/?p=3727","name":"Cabeceiras vai construir 10 mini-apartamentos nas Cerdeirinhas - Jornal Terras de Basto","isPartOf":{"@id":"https:\/\/terrasdebasto.pt\/#website"},"primaryImageOfPage":{"@id":"https:\/\/terrasdebasto.pt\/?p=3727#primaryimage"},"image":{"@id":"https:\/\/terrasdebasto.pt\/?p=3727#primaryimage"},"thumbnailUrl":"https:\/\/terrasdebasto.pt\/wp-content\/uploads\/2025\/03\/HABITACAO-CERDEIRINHAS-1.jpg","datePublished":"2025-03-14T12:38:19+00:00","dateModified":"2025-03-14T12:38:20+00:00","description":"Um bloco multifamiliar de habita\u00e7\u00e3o social com de dez fra\u00e7\u00f5es \u2013 oito da tipologia \u201cT1\u201d e dois \u201cT2\u201d \u2013 \u00e9 a proposta do Munic\u00edpio de Cabeceiras de Basto para responder \u00e0s car\u00eancias habitacionais no concelho. O projeto dever\u00e1 ser executado no Loteamento das Cerdeirinhas, na freguesia de Refojos, e est\u00e1 or\u00e7ado em perto de um milh\u00e3o de euros.","breadcrumb":{"@id":"https:\/\/terrasdebasto.pt\/?p=3727#breadcrumb"},"inLanguage":"pt-PT","potentialAction":[{"@type":"ReadAction","target":["https:\/\/terrasdebasto.pt\/?p=3727"]}]},{"@type":"ImageObject","inLanguage":"pt-PT","@id":"https:\/\/terrasdebasto.pt\/?p=3727#primaryimage","url":"https:\/\/terrasdebasto.pt\/wp-content\/uploads\/2025\/03\/HABITACAO-CERDEIRINHAS-1.jpg","contentUrl":"https:\/\/terrasdebasto.pt\/wp-content\/uploads\/2025\/03\/HABITACAO-CERDEIRINHAS-1.jpg","width":1600,"height":1200},{"@type":"BreadcrumbList","@id":"https:\/\/terrasdebasto.pt\/?p=3727#breadcrumb","itemListElement":[{"@type":"ListItem","position":1,"name":"In\u00edcio","item":"https:\/\/terrasdebasto.pt\/"},{"@type":"ListItem","position":2,"name":"Cabeceiras vai construir 10 mini-apartamentos nas Cerdeirinhas"}]},{"@type":"WebSite","@id":"https:\/\/terrasdebasto.pt\/#website","url":"https:\/\/terrasdebasto.pt\/","name":"Jornal Terras de Basto","description":"","publisher":{"@id":"https:\/\/terrasdebasto.pt\/#organization"},"potentialAction":[{"@type":"SearchAction","target":{"@type":"EntryPoint","urlTemplate":"https:\/\/terrasdebasto.pt\/?s={search_term_string}"},"query-input":{"@type":"PropertyValueSpecification","valueRequired":true,"valueName":"search_term_string"}}],"inLanguage":"pt-PT"},{"@type":"Organization","@id":"https:\/\/terrasdebasto.pt\/#organization","name":"Jornal Terras de Basto","url":"https:\/\/terrasdebasto.pt\/","logo":{"@type":"ImageObject","inLanguage":"pt-PT","@id":"https:\/\/terrasdebasto.pt\/#\/schema\/logo\/image\/","url":"https:\/\/terrasdebasto.pt\/wp-content\/uploads\/2024\/06\/LogoNormal.png","contentUrl":"https:\/\/terrasdebasto.pt\/wp-content\/uploads\/2024\/06\/LogoNormal.png","width":5638,"height":809,"caption":"Jornal Terras de Basto"},"image":{"@id":"https:\/\/terrasdebasto.pt\/#\/schema\/logo\/image\/"}},{"@type":"Person","@id":"https:\/\/terrasdebasto.pt\/#\/schema\/person\/9f6739f5394ac65c802641773b278b84","name":"Jo\u00e3o Paulo Mesquita","image":{"@type":"ImageObject","inLanguage":"pt-PT","@id":"https:\/\/terrasdebasto.pt\/#\/schema\/person\/image\/","url":"https:\/\/secure.gravatar.com\/avatar\/9bd0f299e6d96336664aab64354168246a3ee3287c47891c50d450e47ed9d7f9?s=96&d=mm&r=g","contentUrl":"https:\/\/secure.gravatar.com\/avatar\/9bd0f299e6d96336664aab64354168246a3ee3287c47891c50d450e47ed9d7f9?s=96&d=mm&r=g","caption":"Jo\u00e3o Paulo Mesquita"},"url":"https:\/\/terrasdebasto.pt\/?author=7"}]}},"_links":{"self":[{"href":"https:\/\/terrasdebasto.pt\/index.php?rest_route=\/wp\/v2\/posts\/3727","targetHints":{"allow":["GET"]}}],"collection":[{"href":"https:\/\/terrasdebasto.pt\/index.php?rest_route=\/wp\/v2\/posts"}],"about":[{"href":"https:\/\/terrasdebasto.pt\/index.php?rest_route=\/wp\/v2\/types\/post"}],"author":[{"embeddable":true,"href":"https:\/\/terrasdebasto.pt\/index.php?rest_route=\/wp\/v2\/users\/7"}],"replies":[{"embeddable":true,"href":"https:\/\/terrasdebasto.pt\/index.php?rest_route=%2Fwp%2Fv2%2Fcomments&post=3727"}],"version-history":[{"count":1,"href":"https:\/\/terrasdebasto.pt\/index.php?rest_route=\/wp\/v2\/posts\/3727\/revisions"}],"predecessor-version":[{"id":3730,"href":"https:\/\/terrasdebasto.pt\/index.php?rest_route=\/wp\/v2\/posts\/3727\/revisions\/3730"}],"wp:featuredmedia":[{"embeddable":true,"href":"https:\/\/terrasdebasto.pt\/index.php?rest_route=\/wp\/v2\/media\/3728"}],"wp:attachment":[{"href":"https:\/\/terrasdebasto.pt\/index.php?rest_route=%2Fwp%2Fv2%2Fmedia&parent=3727"}],"wp:term":[{"taxonomy":"category","embeddable":true,"href":"https:\/\/terrasdebasto.pt\/index.php?rest_route=%2Fwp%2Fv2%2Fcategories&post=3727"},{"taxonomy":"post_tag","embeddable":true,"href":"https:\/\/terrasdebasto.pt\/index.php?rest_route=%2Fwp%2Fv2%2Ftags&post=3727"}],"curies":[{"name":"wp","href":"https:\/\/api.w.org\/{rel}","templated":true}]}}