{"id":3723,"date":"2025-03-13T23:52:51","date_gmt":"2025-03-13T23:52:51","guid":{"rendered":"https:\/\/terrasdebasto.pt\/?p=3723"},"modified":"2025-03-13T23:52:51","modified_gmt":"2025-03-13T23:52:51","slug":"campo-de-ferias-da-pascoa-em-mondim-de-basto","status":"publish","type":"post","link":"https:\/\/terrasdebasto.pt\/?p=3723","title":{"rendered":"Campo de F\u00e9rias da P\u00e1scoa em Mondim de Basto"},"content":{"rendered":"\n<p><\/p>\n\n\n\n<p><strong>O Munic\u00edpio de Mondim de Basto tem abertas as inscri\u00e7\u00f5es para o \u201cCampo de F\u00e9rias da P\u00e1scoa\u201d, que acontece entre 7 e 17 de abril, incluindo atividades l\u00fadicas e recreativas destinadas a crian\u00e7as e jovens com idades entre os 3 e os 12 anos. Para os jovens dos 13 aos 16 anos, a autarquia destinou dois dias para a pr\u00e1tica do \u201csurf\u201d e \u201cbodyboard\u201d, em Viana do Castelo. As inscri\u00e7\u00f5es decorrem at\u00e9 27 de mar\u00e7o, no Balc\u00e3o \u00danico da C\u00e2mara Municipal. As fichas de inscri\u00e7\u00e3o e demais informa\u00e7\u00f5es podem ser consultadas no s\u00edtio do munic\u00edpio em: https:\/\/municipio.mondimdebasto.pt\/&#8230;\/2757-campo-de&#8230;<\/strong><\/p>\n\n\n\n<figure class=\"wp-block-gallery has-nested-images columns-default is-cropped wp-block-gallery-1 is-layout-flex wp-block-gallery-is-layout-flex\">\n<figure class=\"wp-block-image size-large\"><img loading=\"lazy\" decoding=\"async\" width=\"1024\" height=\"461\" data-id=\"3725\" src=\"https:\/\/terrasdebasto.pt\/wp-content\/uploads\/2025\/03\/MONDIM-CAMPO-DE-FERIAS-DA-PASCOA-2-1024x461.jpg\" alt=\"\" class=\"wp-image-3725\" srcset=\"https:\/\/terrasdebasto.pt\/wp-content\/uploads\/2025\/03\/MONDIM-CAMPO-DE-FERIAS-DA-PASCOA-2-1024x461.jpg 1024w, https:\/\/terrasdebasto.pt\/wp-content\/uploads\/2025\/03\/MONDIM-CAMPO-DE-FERIAS-DA-PASCOA-2-300x135.jpg 300w, https:\/\/terrasdebasto.pt\/wp-content\/uploads\/2025\/03\/MONDIM-CAMPO-DE-FERIAS-DA-PASCOA-2-768x346.jpg 768w, https:\/\/terrasdebasto.pt\/wp-content\/uploads\/2025\/03\/MONDIM-CAMPO-DE-FERIAS-DA-PASCOA-2-150x68.jpg 150w, https:\/\/terrasdebasto.pt\/wp-content\/uploads\/2025\/03\/MONDIM-CAMPO-DE-FERIAS-DA-PASCOA-2-696x313.jpg 696w, https:\/\/terrasdebasto.pt\/wp-content\/uploads\/2025\/03\/MONDIM-CAMPO-DE-FERIAS-DA-PASCOA-2-1068x481.jpg 1068w, https:\/\/terrasdebasto.pt\/wp-content\/uploads\/2025\/03\/MONDIM-CAMPO-DE-FERIAS-DA-PASCOA-2.jpg 1397w\" sizes=\"auto, (max-width: 1024px) 100vw, 1024px\" \/><\/figure>\n<\/figure>\n\n\n\n<p><\/p>\n","protected":false},"excerpt":{"rendered":"<p>O Munic\u00edpio de Mondim de Basto tem abertas as inscri\u00e7\u00f5es para o \u201cCampo de F\u00e9rias da P\u00e1scoa\u201d, que acontece entre 7 e 17 de abril, incluindo atividades l\u00fadicas e recreativas destinadas a crian\u00e7as e jovens com idades entre os 3 e os 12 anos. Para os jovens dos 13 aos 16 anos, a autarquia destinou [&hellip;]<\/p>\n","protected":false},"author":7,"featured_media":3724,"comment_status":"open","ping_status":"open","sticky":false,"template":"","format":"standard","meta":{"footnotes":""},"categories":[7,16,9],"tags":[828],"class_list":{"0":"post-3723","1":"post","2":"type-post","3":"status-publish","4":"format-standard","5":"has-post-thumbnail","7":"category-cultura","8":"category-mondim-de-basto","9":"category-terras-de-basto","10":"tag-campo-de-ferias-da-pascoa"},"yoast_head":"<!-- This site is optimized with the Yoast SEO plugin v25.7 - https:\/\/yoast.com\/wordpress\/plugins\/seo\/ -->\n<title>Campo de F\u00e9rias da P\u00e1scoa em Mondim de Basto - Jornal Terras de Basto<\/title>\n<meta name=\"description\" content=\"O Munic\u00edpio de Mondim de Basto tem abertas as inscri\u00e7\u00f5es para o \u201cCampo de F\u00e9rias da P\u00e1scoa\u201d, que acontece entre 7 e 17 de abril, incluindo atividades l\u00fadicas e recreativas destinadas a crian\u00e7as e jovens com idades entre os 3 e os 12 anos. Para os jovens dos 13 aos 16 anos, a autarquia destinou dois dias para a pr\u00e1tica do \u201csurf\u201d e \u201cbodyboard\u201d, em Viana do Castelo.\" \/>\n<meta name=\"robots\" content=\"index, follow, max-snippet:-1, max-image-preview:large, max-video-preview:-1\" \/>\n<link rel=\"canonical\" href=\"https:\/\/terrasdebasto.pt\/?p=3723\" \/>\n<meta property=\"og:locale\" content=\"pt_PT\" \/>\n<meta property=\"og:type\" content=\"article\" \/>\n<meta property=\"og:title\" content=\"Campo de F\u00e9rias da P\u00e1scoa em Mondim de Basto - Jornal Terras de Basto\" \/>\n<meta property=\"og:description\" content=\"O Munic\u00edpio de Mondim de Basto tem abertas as inscri\u00e7\u00f5es para o \u201cCampo de F\u00e9rias da P\u00e1scoa\u201d, que acontece entre 7 e 17 de abril, incluindo atividades l\u00fadicas e recreativas destinadas a crian\u00e7as e jovens com idades entre os 3 e os 12 anos. Para os jovens dos 13 aos 16 anos, a autarquia destinou dois dias para a pr\u00e1tica do \u201csurf\u201d e \u201cbodyboard\u201d, em Viana do Castelo.\" \/>\n<meta property=\"og:url\" content=\"https:\/\/terrasdebasto.pt\/?p=3723\" \/>\n<meta property=\"og:site_name\" content=\"Jornal Terras de Basto\" \/>\n<meta property=\"article:published_time\" content=\"2025-03-13T23:52:51+00:00\" \/>\n<meta property=\"og:image\" content=\"https:\/\/terrasdebasto.pt\/wp-content\/uploads\/2025\/03\/CAMPO-DE-FERIAS-DA-PASCOA-1.jpg\" \/>\n\t<meta property=\"og:image:width\" content=\"1384\" \/>\n\t<meta property=\"og:image:height\" content=\"1344\" \/>\n\t<meta property=\"og:image:type\" content=\"image\/jpeg\" \/>\n<meta name=\"author\" content=\"Jo\u00e3o Paulo Mesquita\" \/>\n<meta name=\"twitter:card\" content=\"summary_large_image\" \/>\n<meta name=\"twitter:label1\" content=\"Escrito por\" \/>\n\t<meta name=\"twitter:data1\" content=\"Jo\u00e3o Paulo Mesquita\" \/>\n\t<meta name=\"twitter:label2\" content=\"Tempo estimado de leitura\" \/>\n\t<meta name=\"twitter:data2\" content=\"1 minuto\" \/>\n<script type=\"application\/ld+json\" class=\"yoast-schema-graph\">{\"@context\":\"https:\/\/schema.org\",\"@graph\":[{\"@type\":\"Article\",\"@id\":\"https:\/\/terrasdebasto.pt\/?p=3723#article\",\"isPartOf\":{\"@id\":\"https:\/\/terrasdebasto.pt\/?p=3723\"},\"author\":{\"name\":\"Jo\u00e3o Paulo Mesquita\",\"@id\":\"https:\/\/terrasdebasto.pt\/#\/schema\/person\/9f6739f5394ac65c802641773b278b84\"},\"headline\":\"Campo de F\u00e9rias da P\u00e1scoa em Mondim de Basto\",\"datePublished\":\"2025-03-13T23:52:51+00:00\",\"mainEntityOfPage\":{\"@id\":\"https:\/\/terrasdebasto.pt\/?p=3723\"},\"wordCount\":120,\"commentCount\":0,\"publisher\":{\"@id\":\"https:\/\/terrasdebasto.pt\/#organization\"},\"image\":{\"@id\":\"https:\/\/terrasdebasto.pt\/?p=3723#primaryimage\"},\"thumbnailUrl\":\"https:\/\/terrasdebasto.pt\/wp-content\/uploads\/2025\/03\/CAMPO-DE-FERIAS-DA-PASCOA-1.jpg\",\"keywords\":[\"Campo de F\u00e9rias da P\u00e1scoa\"],\"articleSection\":[\"Cultura\",\"Mondim de Basto\",\"Terras de Basto\"],\"inLanguage\":\"pt-PT\",\"potentialAction\":[{\"@type\":\"CommentAction\",\"name\":\"Comment\",\"target\":[\"https:\/\/terrasdebasto.pt\/?p=3723#respond\"]}]},{\"@type\":\"WebPage\",\"@id\":\"https:\/\/terrasdebasto.pt\/?p=3723\",\"url\":\"https:\/\/terrasdebasto.pt\/?p=3723\",\"name\":\"Campo de F\u00e9rias da P\u00e1scoa em Mondim de Basto - Jornal Terras de Basto\",\"isPartOf\":{\"@id\":\"https:\/\/terrasdebasto.pt\/#website\"},\"primaryImageOfPage\":{\"@id\":\"https:\/\/terrasdebasto.pt\/?p=3723#primaryimage\"},\"image\":{\"@id\":\"https:\/\/terrasdebasto.pt\/?p=3723#primaryimage\"},\"thumbnailUrl\":\"https:\/\/terrasdebasto.pt\/wp-content\/uploads\/2025\/03\/CAMPO-DE-FERIAS-DA-PASCOA-1.jpg\",\"datePublished\":\"2025-03-13T23:52:51+00:00\",\"description\":\"O Munic\u00edpio de Mondim de Basto tem abertas as inscri\u00e7\u00f5es para o \u201cCampo de F\u00e9rias da P\u00e1scoa\u201d, que acontece entre 7 e 17 de abril, incluindo atividades l\u00fadicas e recreativas destinadas a crian\u00e7as e jovens com idades entre os 3 e os 12 anos. Para os jovens dos 13 aos 16 anos, a autarquia destinou dois dias para a pr\u00e1tica do \u201csurf\u201d e \u201cbodyboard\u201d, em Viana do Castelo.\",\"breadcrumb\":{\"@id\":\"https:\/\/terrasdebasto.pt\/?p=3723#breadcrumb\"},\"inLanguage\":\"pt-PT\",\"potentialAction\":[{\"@type\":\"ReadAction\",\"target\":[\"https:\/\/terrasdebasto.pt\/?p=3723\"]}]},{\"@type\":\"ImageObject\",\"inLanguage\":\"pt-PT\",\"@id\":\"https:\/\/terrasdebasto.pt\/?p=3723#primaryimage\",\"url\":\"https:\/\/terrasdebasto.pt\/wp-content\/uploads\/2025\/03\/CAMPO-DE-FERIAS-DA-PASCOA-1.jpg\",\"contentUrl\":\"https:\/\/terrasdebasto.pt\/wp-content\/uploads\/2025\/03\/CAMPO-DE-FERIAS-DA-PASCOA-1.jpg\",\"width\":1384,\"height\":1344},{\"@type\":\"BreadcrumbList\",\"@id\":\"https:\/\/terrasdebasto.pt\/?p=3723#breadcrumb\",\"itemListElement\":[{\"@type\":\"ListItem\",\"position\":1,\"name\":\"In\u00edcio\",\"item\":\"https:\/\/terrasdebasto.pt\/\"},{\"@type\":\"ListItem\",\"position\":2,\"name\":\"Campo de F\u00e9rias da P\u00e1scoa em Mondim de Basto\"}]},{\"@type\":\"WebSite\",\"@id\":\"https:\/\/terrasdebasto.pt\/#website\",\"url\":\"https:\/\/terrasdebasto.pt\/\",\"name\":\"Jornal Terras de Basto\",\"description\":\"\",\"publisher\":{\"@id\":\"https:\/\/terrasdebasto.pt\/#organization\"},\"potentialAction\":[{\"@type\":\"SearchAction\",\"target\":{\"@type\":\"EntryPoint\",\"urlTemplate\":\"https:\/\/terrasdebasto.pt\/?s={search_term_string}\"},\"query-input\":{\"@type\":\"PropertyValueSpecification\",\"valueRequired\":true,\"valueName\":\"search_term_string\"}}],\"inLanguage\":\"pt-PT\"},{\"@type\":\"Organization\",\"@id\":\"https:\/\/terrasdebasto.pt\/#organization\",\"name\":\"Jornal Terras de Basto\",\"url\":\"https:\/\/terrasdebasto.pt\/\",\"logo\":{\"@type\":\"ImageObject\",\"inLanguage\":\"pt-PT\",\"@id\":\"https:\/\/terrasdebasto.pt\/#\/schema\/logo\/image\/\",\"url\":\"https:\/\/terrasdebasto.pt\/wp-content\/uploads\/2024\/06\/LogoNormal.png\",\"contentUrl\":\"https:\/\/terrasdebasto.pt\/wp-content\/uploads\/2024\/06\/LogoNormal.png\",\"width\":5638,\"height\":809,\"caption\":\"Jornal Terras de Basto\"},\"image\":{\"@id\":\"https:\/\/terrasdebasto.pt\/#\/schema\/logo\/image\/\"}},{\"@type\":\"Person\",\"@id\":\"https:\/\/terrasdebasto.pt\/#\/schema\/person\/9f6739f5394ac65c802641773b278b84\",\"name\":\"Jo\u00e3o Paulo Mesquita\",\"image\":{\"@type\":\"ImageObject\",\"inLanguage\":\"pt-PT\",\"@id\":\"https:\/\/terrasdebasto.pt\/#\/schema\/person\/image\/\",\"url\":\"https:\/\/secure.gravatar.com\/avatar\/9bd0f299e6d96336664aab64354168246a3ee3287c47891c50d450e47ed9d7f9?s=96&d=mm&r=g\",\"contentUrl\":\"https:\/\/secure.gravatar.com\/avatar\/9bd0f299e6d96336664aab64354168246a3ee3287c47891c50d450e47ed9d7f9?s=96&d=mm&r=g\",\"caption\":\"Jo\u00e3o Paulo Mesquita\"},\"url\":\"https:\/\/terrasdebasto.pt\/?author=7\"}]}<\/script>\n<!-- \/ Yoast SEO plugin. -->","yoast_head_json":{"title":"Campo de F\u00e9rias da P\u00e1scoa em Mondim de Basto - Jornal Terras de Basto","description":"O Munic\u00edpio de Mondim de Basto tem abertas as inscri\u00e7\u00f5es para o \u201cCampo de F\u00e9rias da P\u00e1scoa\u201d, que acontece entre 7 e 17 de abril, incluindo atividades l\u00fadicas e recreativas destinadas a crian\u00e7as e jovens com idades entre os 3 e os 12 anos. Para os jovens dos 13 aos 16 anos, a autarquia destinou dois dias para a pr\u00e1tica do \u201csurf\u201d e \u201cbodyboard\u201d, em Viana do Castelo.","robots":{"index":"index","follow":"follow","max-snippet":"max-snippet:-1","max-image-preview":"max-image-preview:large","max-video-preview":"max-video-preview:-1"},"canonical":"https:\/\/terrasdebasto.pt\/?p=3723","og_locale":"pt_PT","og_type":"article","og_title":"Campo de F\u00e9rias da P\u00e1scoa em Mondim de Basto - Jornal Terras de Basto","og_description":"O Munic\u00edpio de Mondim de Basto tem abertas as inscri\u00e7\u00f5es para o \u201cCampo de F\u00e9rias da P\u00e1scoa\u201d, que acontece entre 7 e 17 de abril, incluindo atividades l\u00fadicas e recreativas destinadas a crian\u00e7as e jovens com idades entre os 3 e os 12 anos. Para os jovens dos 13 aos 16 anos, a autarquia destinou dois dias para a pr\u00e1tica do \u201csurf\u201d e \u201cbodyboard\u201d, em Viana do Castelo.","og_url":"https:\/\/terrasdebasto.pt\/?p=3723","og_site_name":"Jornal Terras de Basto","article_published_time":"2025-03-13T23:52:51+00:00","og_image":[{"width":1384,"height":1344,"url":"https:\/\/terrasdebasto.pt\/wp-content\/uploads\/2025\/03\/CAMPO-DE-FERIAS-DA-PASCOA-1.jpg","type":"image\/jpeg"}],"author":"Jo\u00e3o Paulo Mesquita","twitter_card":"summary_large_image","twitter_misc":{"Escrito por":"Jo\u00e3o Paulo Mesquita","Tempo estimado de leitura":"1 minuto"},"schema":{"@context":"https:\/\/schema.org","@graph":[{"@type":"Article","@id":"https:\/\/terrasdebasto.pt\/?p=3723#article","isPartOf":{"@id":"https:\/\/terrasdebasto.pt\/?p=3723"},"author":{"name":"Jo\u00e3o Paulo Mesquita","@id":"https:\/\/terrasdebasto.pt\/#\/schema\/person\/9f6739f5394ac65c802641773b278b84"},"headline":"Campo de F\u00e9rias da P\u00e1scoa em Mondim de Basto","datePublished":"2025-03-13T23:52:51+00:00","mainEntityOfPage":{"@id":"https:\/\/terrasdebasto.pt\/?p=3723"},"wordCount":120,"commentCount":0,"publisher":{"@id":"https:\/\/terrasdebasto.pt\/#organization"},"image":{"@id":"https:\/\/terrasdebasto.pt\/?p=3723#primaryimage"},"thumbnailUrl":"https:\/\/terrasdebasto.pt\/wp-content\/uploads\/2025\/03\/CAMPO-DE-FERIAS-DA-PASCOA-1.jpg","keywords":["Campo de F\u00e9rias da P\u00e1scoa"],"articleSection":["Cultura","Mondim de Basto","Terras de Basto"],"inLanguage":"pt-PT","potentialAction":[{"@type":"CommentAction","name":"Comment","target":["https:\/\/terrasdebasto.pt\/?p=3723#respond"]}]},{"@type":"WebPage","@id":"https:\/\/terrasdebasto.pt\/?p=3723","url":"https:\/\/terrasdebasto.pt\/?p=3723","name":"Campo de F\u00e9rias da P\u00e1scoa em Mondim de Basto - Jornal Terras de Basto","isPartOf":{"@id":"https:\/\/terrasdebasto.pt\/#website"},"primaryImageOfPage":{"@id":"https:\/\/terrasdebasto.pt\/?p=3723#primaryimage"},"image":{"@id":"https:\/\/terrasdebasto.pt\/?p=3723#primaryimage"},"thumbnailUrl":"https:\/\/terrasdebasto.pt\/wp-content\/uploads\/2025\/03\/CAMPO-DE-FERIAS-DA-PASCOA-1.jpg","datePublished":"2025-03-13T23:52:51+00:00","description":"O Munic\u00edpio de Mondim de Basto tem abertas as inscri\u00e7\u00f5es para o \u201cCampo de F\u00e9rias da P\u00e1scoa\u201d, que acontece entre 7 e 17 de abril, incluindo atividades l\u00fadicas e recreativas destinadas a crian\u00e7as e jovens com idades entre os 3 e os 12 anos. Para os jovens dos 13 aos 16 anos, a autarquia destinou dois dias para a pr\u00e1tica do \u201csurf\u201d e \u201cbodyboard\u201d, em Viana do Castelo.","breadcrumb":{"@id":"https:\/\/terrasdebasto.pt\/?p=3723#breadcrumb"},"inLanguage":"pt-PT","potentialAction":[{"@type":"ReadAction","target":["https:\/\/terrasdebasto.pt\/?p=3723"]}]},{"@type":"ImageObject","inLanguage":"pt-PT","@id":"https:\/\/terrasdebasto.pt\/?p=3723#primaryimage","url":"https:\/\/terrasdebasto.pt\/wp-content\/uploads\/2025\/03\/CAMPO-DE-FERIAS-DA-PASCOA-1.jpg","contentUrl":"https:\/\/terrasdebasto.pt\/wp-content\/uploads\/2025\/03\/CAMPO-DE-FERIAS-DA-PASCOA-1.jpg","width":1384,"height":1344},{"@type":"BreadcrumbList","@id":"https:\/\/terrasdebasto.pt\/?p=3723#breadcrumb","itemListElement":[{"@type":"ListItem","position":1,"name":"In\u00edcio","item":"https:\/\/terrasdebasto.pt\/"},{"@type":"ListItem","position":2,"name":"Campo de F\u00e9rias da P\u00e1scoa em Mondim de Basto"}]},{"@type":"WebSite","@id":"https:\/\/terrasdebasto.pt\/#website","url":"https:\/\/terrasdebasto.pt\/","name":"Jornal Terras de Basto","description":"","publisher":{"@id":"https:\/\/terrasdebasto.pt\/#organization"},"potentialAction":[{"@type":"SearchAction","target":{"@type":"EntryPoint","urlTemplate":"https:\/\/terrasdebasto.pt\/?s={search_term_string}"},"query-input":{"@type":"PropertyValueSpecification","valueRequired":true,"valueName":"search_term_string"}}],"inLanguage":"pt-PT"},{"@type":"Organization","@id":"https:\/\/terrasdebasto.pt\/#organization","name":"Jornal Terras de Basto","url":"https:\/\/terrasdebasto.pt\/","logo":{"@type":"ImageObject","inLanguage":"pt-PT","@id":"https:\/\/terrasdebasto.pt\/#\/schema\/logo\/image\/","url":"https:\/\/terrasdebasto.pt\/wp-content\/uploads\/2024\/06\/LogoNormal.png","contentUrl":"https:\/\/terrasdebasto.pt\/wp-content\/uploads\/2024\/06\/LogoNormal.png","width":5638,"height":809,"caption":"Jornal Terras de Basto"},"image":{"@id":"https:\/\/terrasdebasto.pt\/#\/schema\/logo\/image\/"}},{"@type":"Person","@id":"https:\/\/terrasdebasto.pt\/#\/schema\/person\/9f6739f5394ac65c802641773b278b84","name":"Jo\u00e3o Paulo Mesquita","image":{"@type":"ImageObject","inLanguage":"pt-PT","@id":"https:\/\/terrasdebasto.pt\/#\/schema\/person\/image\/","url":"https:\/\/secure.gravatar.com\/avatar\/9bd0f299e6d96336664aab64354168246a3ee3287c47891c50d450e47ed9d7f9?s=96&d=mm&r=g","contentUrl":"https:\/\/secure.gravatar.com\/avatar\/9bd0f299e6d96336664aab64354168246a3ee3287c47891c50d450e47ed9d7f9?s=96&d=mm&r=g","caption":"Jo\u00e3o Paulo Mesquita"},"url":"https:\/\/terrasdebasto.pt\/?author=7"}]}},"_links":{"self":[{"href":"https:\/\/terrasdebasto.pt\/index.php?rest_route=\/wp\/v2\/posts\/3723","targetHints":{"allow":["GET"]}}],"collection":[{"href":"https:\/\/terrasdebasto.pt\/index.php?rest_route=\/wp\/v2\/posts"}],"about":[{"href":"https:\/\/terrasdebasto.pt\/index.php?rest_route=\/wp\/v2\/types\/post"}],"author":[{"embeddable":true,"href":"https:\/\/terrasdebasto.pt\/index.php?rest_route=\/wp\/v2\/users\/7"}],"replies":[{"embeddable":true,"href":"https:\/\/terrasdebasto.pt\/index.php?rest_route=%2Fwp%2Fv2%2Fcomments&post=3723"}],"version-history":[{"count":1,"href":"https:\/\/terrasdebasto.pt\/index.php?rest_route=\/wp\/v2\/posts\/3723\/revisions"}],"predecessor-version":[{"id":3726,"href":"https:\/\/terrasdebasto.pt\/index.php?rest_route=\/wp\/v2\/posts\/3723\/revisions\/3726"}],"wp:featuredmedia":[{"embeddable":true,"href":"https:\/\/terrasdebasto.pt\/index.php?rest_route=\/wp\/v2\/media\/3724"}],"wp:attachment":[{"href":"https:\/\/terrasdebasto.pt\/index.php?rest_route=%2Fwp%2Fv2%2Fmedia&parent=3723"}],"wp:term":[{"taxonomy":"category","embeddable":true,"href":"https:\/\/terrasdebasto.pt\/index.php?rest_route=%2Fwp%2Fv2%2Fcategories&post=3723"},{"taxonomy":"post_tag","embeddable":true,"href":"https:\/\/terrasdebasto.pt\/index.php?rest_route=%2Fwp%2Fv2%2Ftags&post=3723"}],"curies":[{"name":"wp","href":"https:\/\/api.w.org\/{rel}","templated":true}]}}