{"id":3654,"date":"2025-03-05T13:07:47","date_gmt":"2025-03-05T13:07:47","guid":{"rendered":"https:\/\/terrasdebasto.pt\/?p=3654"},"modified":"2025-03-05T13:07:47","modified_gmt":"2025-03-05T13:07:47","slug":"mais-uma-otima-edicao-do-terras-de-basto-9","status":"publish","type":"post","link":"https:\/\/terrasdebasto.pt\/?p=3654","title":{"rendered":"Mais uma \u00f3tima edi\u00e7\u00e3o do Terras de Basto"},"content":{"rendered":"\n<p><strong>O primeiro destaque de capa de mais uma \u00f3tima edi\u00e7\u00e3o impressa do Terras de Basto volta a ser de Cabeceiras de Basto, da pol\u00edtica local. Numa carta aos militantes, a que este jornal teve acesso exclusivo, o hist\u00f3rico socialista p\u00f5e preto-no-branco que o projeto de desenvolvimento aut\u00e1rquico que os socialistas iniciaram em 1993 no concelho, tanto \u00abno conte\u00fado pol\u00edtico, [como] na forma de o executar\u00bb, \u00abchegou ao fim\u00bb. A afirma\u00e7\u00e3o n\u00e3o \u00e9 feita por qualquer pessoa, \u00e9 feita por quem foi o grande obreiro desse projeto: Joaquim Barreto. A pr\u00e9-campanha aut\u00e1rquica em Cabeceiras de Basto segue animada em mais do que nenhum outro s\u00edtio.<\/strong><\/p>\n\n\n\n<p>\u00c9 tamb\u00e9m no contexto \u201cAut\u00e1rquicas 2025\u201d que damos destaque a uma entrevista com o presidente da C\u00e2mara Municipal de Mondim de Basto. Bruno Ferreira, que se assume \u00abum eterno insatisfeito\u00bb, faz um balan\u00e7o do mandato que se apresta a findar, queixa-se da realidade que diz ter herdado, mormente da m\u00e1 qualidade das estradas e da fraca cobertura de saneamento, e contrap\u00f5e o trabalho que diz ter feito, o que est\u00e1 em curso e o que j\u00e1 promete fazer nos pr\u00f3ximos tempos.<\/p>\n\n\n\n<p>Na caixa de chamadas, voltamos a Cabeceiras de Basto, concretamente \u00e0 freguesia da Faia, onde est\u00e1 em constru\u00e7\u00e3o um pavilh\u00e3o industrial junto \u00e0 igreja, obra que est\u00e1 a desagradar \u00e0 popula\u00e7\u00e3o local. O presidente da c\u00e2mara empurra o assunto, dizendo que mandou embargar, mas a obra continua o seu curso.<\/p>\n\n\n\n<p>J\u00e1 em Celorico de Basto, o enfoque vai ainda para a inaugura\u00e7\u00e3o da Ponte de Arame, em Lourido-Arnoia. Liga Celorico de Basto e Amarante, completa 100 anos em 2026, uma exist\u00eancia que perdeu fulgor e entrou em decl\u00ednio ap\u00f3s o an\u00fancio da constru\u00e7\u00e3o de uma barragem em Frid\u00e3o\/Amarante, que n\u00e3o veio a concretizar-se. Agora, tem uma nova miss\u00e3o, mais simb\u00f3lica e l\u00fadica.<\/p>\n\n\n\n<p>Voltando a Mondim de Basto, chamamos a aten\u00e7\u00e3o para a apresenta\u00e7\u00e3o do projeto \u201cCondom\u00ednio de Aldeia\u201d que o secret\u00e1rio de Estado das Florestas vem esta sexta-feira apresentar, um programa integrado de apoio \u00e0s aldeias situadas em territ\u00f3rios vulner\u00e1veis de floresta, com o objetivo de transformar a paisagem e promover a sustentabilidade nestas \u00e1reas. Ferven\u00e7a e Varzigueto j\u00e1 sabem do que se trata.<\/p>\n\n\n\n<p>A fechar a primeira p\u00e1gina, Ribeira de Pena e a Festa da Truta do Rio Be\u00e7a, que a freguesia de Canedo promove a 22 e 23 de mar\u00e7o. Frita e recheada com presunto, acompanhada de batata-a-murro. \u00c9 assim que \u2013 diz o presidente da Junta de Freguesia de Canedo, \u00e9 vulgarmente servida a truta nesta localidade. A festa come\u00e7a com uma pescaria, com cerca de uma centena de participantes.<\/p>\n\n\n\n<p>O jornal sai esta quinta-feira para distribui\u00e7\u00e3o. Boas leituras com o Terras de Basto.<\/p>\n\n\n\n<p>Jo\u00e3o Paulo Mesquita, diretor<\/p>\n","protected":false},"excerpt":{"rendered":"<p>O primeiro destaque de capa de mais uma \u00f3tima edi\u00e7\u00e3o impressa do Terras de Basto volta a ser de Cabeceiras de Basto, da pol\u00edtica local. Numa carta aos militantes, a que este jornal teve acesso exclusivo, o hist\u00f3rico socialista p\u00f5e preto-no-branco que o projeto de desenvolvimento aut\u00e1rquico que os socialistas iniciaram em 1993 no concelho, [&hellip;]<\/p>\n","protected":false},"author":7,"featured_media":3655,"comment_status":"open","ping_status":"open","sticky":false,"template":"","format":"standard","meta":{"footnotes":""},"categories":[12,13,7,8,11,28,2,14,16,26,10,15,9],"tags":[502,812],"class_list":{"0":"post-3654","1":"post","2":"type-post","3":"status-publish","4":"format-standard","5":"has-post-thumbnail","7":"category-cabeceiras-de-basto","8":"category-celorico-de-basto","9":"category-cultura","10":"category-desporto","11":"category-educacao","12":"category-entrevista","13":"category-featured","14":"category-gastronomia","15":"category-mondim-de-basto","16":"category-ribeira-de-pena","17":"category-saude","18":"category-technology","19":"category-terras-de-basto","20":"tag-jornal-terras-de-basto","21":"tag-nova-edicao-impressa"},"yoast_head":"<!-- This site is optimized with the Yoast SEO plugin v25.7 - https:\/\/yoast.com\/wordpress\/plugins\/seo\/ -->\n<title>Mais uma \u00f3tima edi\u00e7\u00e3o do Terras de Basto - Jornal Terras de Basto<\/title>\n<meta name=\"description\" content=\"O primeiro destaque de capa de mais uma \u00f3tima edi\u00e7\u00e3o impressa do Terras de Basto volta a ser de Cabeceiras de Basto, da pol\u00edtica local. Numa carta aos militantes, a que este jornal teve acesso exclusivo, o hist\u00f3rico socialista p\u00f5e preto-no-branco que o projeto de desenvolvimento aut\u00e1rquico que os socialistas iniciaram em 1993 no concelho, tanto \u00abno conte\u00fado pol\u00edtico, [como] na forma de o executar\u00bb, \u00abchegou ao fim\u00bb. A afirma\u00e7\u00e3o n\u00e3o \u00e9 feita por qualquer pessoa, \u00e9 feita por quem foi o grande obreiro desse projeto: Joaquim Barreto. A pr\u00e9-campanha aut\u00e1rquica em Cabeceiras de Basto segue animada em mais do que nenhum outro s\u00edtio.\" \/>\n<meta name=\"robots\" content=\"index, follow, max-snippet:-1, max-image-preview:large, max-video-preview:-1\" \/>\n<link rel=\"canonical\" href=\"https:\/\/terrasdebasto.pt\/?p=3654\" \/>\n<meta property=\"og:locale\" content=\"pt_PT\" \/>\n<meta property=\"og:type\" content=\"article\" \/>\n<meta property=\"og:title\" content=\"Mais uma \u00f3tima edi\u00e7\u00e3o do Terras de Basto - Jornal Terras de Basto\" \/>\n<meta property=\"og:description\" content=\"O primeiro destaque de capa de mais uma \u00f3tima edi\u00e7\u00e3o impressa do Terras de Basto volta a ser de Cabeceiras de Basto, da pol\u00edtica local. Numa carta aos militantes, a que este jornal teve acesso exclusivo, o hist\u00f3rico socialista p\u00f5e preto-no-branco que o projeto de desenvolvimento aut\u00e1rquico que os socialistas iniciaram em 1993 no concelho, tanto \u00abno conte\u00fado pol\u00edtico, [como] na forma de o executar\u00bb, \u00abchegou ao fim\u00bb. A afirma\u00e7\u00e3o n\u00e3o \u00e9 feita por qualquer pessoa, \u00e9 feita por quem foi o grande obreiro desse projeto: Joaquim Barreto. A pr\u00e9-campanha aut\u00e1rquica em Cabeceiras de Basto segue animada em mais do que nenhum outro s\u00edtio.\" \/>\n<meta property=\"og:url\" content=\"https:\/\/terrasdebasto.pt\/?p=3654\" \/>\n<meta property=\"og:site_name\" content=\"Jornal Terras de Basto\" \/>\n<meta property=\"article:published_time\" content=\"2025-03-05T13:07:47+00:00\" \/>\n<meta property=\"og:image\" content=\"https:\/\/terrasdebasto.pt\/wp-content\/uploads\/2025\/03\/CAPA-TB-06.03.25.jpg\" \/>\n\t<meta property=\"og:image:width\" content=\"1102\" \/>\n\t<meta property=\"og:image:height\" content=\"1280\" \/>\n\t<meta property=\"og:image:type\" content=\"image\/jpeg\" \/>\n<meta name=\"author\" content=\"Jo\u00e3o Paulo Mesquita\" \/>\n<meta name=\"twitter:card\" content=\"summary_large_image\" \/>\n<meta name=\"twitter:label1\" content=\"Escrito por\" \/>\n\t<meta name=\"twitter:data1\" content=\"Jo\u00e3o Paulo Mesquita\" \/>\n\t<meta name=\"twitter:label2\" content=\"Tempo estimado de leitura\" \/>\n\t<meta name=\"twitter:data2\" content=\"3 minutos\" \/>\n<script type=\"application\/ld+json\" class=\"yoast-schema-graph\">{\"@context\":\"https:\/\/schema.org\",\"@graph\":[{\"@type\":\"Article\",\"@id\":\"https:\/\/terrasdebasto.pt\/?p=3654#article\",\"isPartOf\":{\"@id\":\"https:\/\/terrasdebasto.pt\/?p=3654\"},\"author\":{\"name\":\"Jo\u00e3o Paulo Mesquita\",\"@id\":\"https:\/\/terrasdebasto.pt\/#\/schema\/person\/9f6739f5394ac65c802641773b278b84\"},\"headline\":\"Mais uma \u00f3tima edi\u00e7\u00e3o do Terras de Basto\",\"datePublished\":\"2025-03-05T13:07:47+00:00\",\"mainEntityOfPage\":{\"@id\":\"https:\/\/terrasdebasto.pt\/?p=3654\"},\"wordCount\":487,\"commentCount\":0,\"publisher\":{\"@id\":\"https:\/\/terrasdebasto.pt\/#organization\"},\"image\":{\"@id\":\"https:\/\/terrasdebasto.pt\/?p=3654#primaryimage\"},\"thumbnailUrl\":\"https:\/\/terrasdebasto.pt\/wp-content\/uploads\/2025\/03\/CAPA-TB-06.03.25.jpg\",\"keywords\":[\"Jornal Terras de Basto\",\"Nova edi\u00e7\u00e3o impressa\"],\"articleSection\":[\"Cabeceiras de Basto\",\"Celorico de Basto\",\"Cultura\",\"Desporto\",\"Educa\u00e7\u00e3o\",\"Entrevista\",\"Featured\",\"Gastronomia\",\"Mondim de Basto\",\"Ribeira de Pena\",\"Sa\u00fade\",\"Tecnologia\",\"Terras de Basto\"],\"inLanguage\":\"pt-PT\",\"potentialAction\":[{\"@type\":\"CommentAction\",\"name\":\"Comment\",\"target\":[\"https:\/\/terrasdebasto.pt\/?p=3654#respond\"]}]},{\"@type\":\"WebPage\",\"@id\":\"https:\/\/terrasdebasto.pt\/?p=3654\",\"url\":\"https:\/\/terrasdebasto.pt\/?p=3654\",\"name\":\"Mais uma \u00f3tima edi\u00e7\u00e3o do Terras de Basto - Jornal Terras de Basto\",\"isPartOf\":{\"@id\":\"https:\/\/terrasdebasto.pt\/#website\"},\"primaryImageOfPage\":{\"@id\":\"https:\/\/terrasdebasto.pt\/?p=3654#primaryimage\"},\"image\":{\"@id\":\"https:\/\/terrasdebasto.pt\/?p=3654#primaryimage\"},\"thumbnailUrl\":\"https:\/\/terrasdebasto.pt\/wp-content\/uploads\/2025\/03\/CAPA-TB-06.03.25.jpg\",\"datePublished\":\"2025-03-05T13:07:47+00:00\",\"description\":\"O primeiro destaque de capa de mais uma \u00f3tima edi\u00e7\u00e3o impressa do Terras de Basto volta a ser de Cabeceiras de Basto, da pol\u00edtica local. Numa carta aos militantes, a que este jornal teve acesso exclusivo, o hist\u00f3rico socialista p\u00f5e preto-no-branco que o projeto de desenvolvimento aut\u00e1rquico que os socialistas iniciaram em 1993 no concelho, tanto \u00abno conte\u00fado pol\u00edtico, [como] na forma de o executar\u00bb, \u00abchegou ao fim\u00bb. A afirma\u00e7\u00e3o n\u00e3o \u00e9 feita por qualquer pessoa, \u00e9 feita por quem foi o grande obreiro desse projeto: Joaquim Barreto. A pr\u00e9-campanha aut\u00e1rquica em Cabeceiras de Basto segue animada em mais do que nenhum outro s\u00edtio.\",\"breadcrumb\":{\"@id\":\"https:\/\/terrasdebasto.pt\/?p=3654#breadcrumb\"},\"inLanguage\":\"pt-PT\",\"potentialAction\":[{\"@type\":\"ReadAction\",\"target\":[\"https:\/\/terrasdebasto.pt\/?p=3654\"]}]},{\"@type\":\"ImageObject\",\"inLanguage\":\"pt-PT\",\"@id\":\"https:\/\/terrasdebasto.pt\/?p=3654#primaryimage\",\"url\":\"https:\/\/terrasdebasto.pt\/wp-content\/uploads\/2025\/03\/CAPA-TB-06.03.25.jpg\",\"contentUrl\":\"https:\/\/terrasdebasto.pt\/wp-content\/uploads\/2025\/03\/CAPA-TB-06.03.25.jpg\",\"width\":1102,\"height\":1280},{\"@type\":\"BreadcrumbList\",\"@id\":\"https:\/\/terrasdebasto.pt\/?p=3654#breadcrumb\",\"itemListElement\":[{\"@type\":\"ListItem\",\"position\":1,\"name\":\"In\u00edcio\",\"item\":\"https:\/\/terrasdebasto.pt\/\"},{\"@type\":\"ListItem\",\"position\":2,\"name\":\"Mais uma \u00f3tima edi\u00e7\u00e3o do Terras de Basto\"}]},{\"@type\":\"WebSite\",\"@id\":\"https:\/\/terrasdebasto.pt\/#website\",\"url\":\"https:\/\/terrasdebasto.pt\/\",\"name\":\"Jornal Terras de Basto\",\"description\":\"\",\"publisher\":{\"@id\":\"https:\/\/terrasdebasto.pt\/#organization\"},\"potentialAction\":[{\"@type\":\"SearchAction\",\"target\":{\"@type\":\"EntryPoint\",\"urlTemplate\":\"https:\/\/terrasdebasto.pt\/?s={search_term_string}\"},\"query-input\":{\"@type\":\"PropertyValueSpecification\",\"valueRequired\":true,\"valueName\":\"search_term_string\"}}],\"inLanguage\":\"pt-PT\"},{\"@type\":\"Organization\",\"@id\":\"https:\/\/terrasdebasto.pt\/#organization\",\"name\":\"Jornal Terras de Basto\",\"url\":\"https:\/\/terrasdebasto.pt\/\",\"logo\":{\"@type\":\"ImageObject\",\"inLanguage\":\"pt-PT\",\"@id\":\"https:\/\/terrasdebasto.pt\/#\/schema\/logo\/image\/\",\"url\":\"https:\/\/terrasdebasto.pt\/wp-content\/uploads\/2024\/06\/LogoNormal.png\",\"contentUrl\":\"https:\/\/terrasdebasto.pt\/wp-content\/uploads\/2024\/06\/LogoNormal.png\",\"width\":5638,\"height\":809,\"caption\":\"Jornal Terras de Basto\"},\"image\":{\"@id\":\"https:\/\/terrasdebasto.pt\/#\/schema\/logo\/image\/\"}},{\"@type\":\"Person\",\"@id\":\"https:\/\/terrasdebasto.pt\/#\/schema\/person\/9f6739f5394ac65c802641773b278b84\",\"name\":\"Jo\u00e3o Paulo Mesquita\",\"image\":{\"@type\":\"ImageObject\",\"inLanguage\":\"pt-PT\",\"@id\":\"https:\/\/terrasdebasto.pt\/#\/schema\/person\/image\/\",\"url\":\"https:\/\/secure.gravatar.com\/avatar\/9bd0f299e6d96336664aab64354168246a3ee3287c47891c50d450e47ed9d7f9?s=96&d=mm&r=g\",\"contentUrl\":\"https:\/\/secure.gravatar.com\/avatar\/9bd0f299e6d96336664aab64354168246a3ee3287c47891c50d450e47ed9d7f9?s=96&d=mm&r=g\",\"caption\":\"Jo\u00e3o Paulo Mesquita\"},\"url\":\"https:\/\/terrasdebasto.pt\/?author=7\"}]}<\/script>\n<!-- \/ Yoast SEO plugin. -->","yoast_head_json":{"title":"Mais uma \u00f3tima edi\u00e7\u00e3o do Terras de Basto - Jornal Terras de Basto","description":"O primeiro destaque de capa de mais uma \u00f3tima edi\u00e7\u00e3o impressa do Terras de Basto volta a ser de Cabeceiras de Basto, da pol\u00edtica local. Numa carta aos militantes, a que este jornal teve acesso exclusivo, o hist\u00f3rico socialista p\u00f5e preto-no-branco que o projeto de desenvolvimento aut\u00e1rquico que os socialistas iniciaram em 1993 no concelho, tanto \u00abno conte\u00fado pol\u00edtico, [como] na forma de o executar\u00bb, \u00abchegou ao fim\u00bb. A afirma\u00e7\u00e3o n\u00e3o \u00e9 feita por qualquer pessoa, \u00e9 feita por quem foi o grande obreiro desse projeto: Joaquim Barreto. A pr\u00e9-campanha aut\u00e1rquica em Cabeceiras de Basto segue animada em mais do que nenhum outro s\u00edtio.","robots":{"index":"index","follow":"follow","max-snippet":"max-snippet:-1","max-image-preview":"max-image-preview:large","max-video-preview":"max-video-preview:-1"},"canonical":"https:\/\/terrasdebasto.pt\/?p=3654","og_locale":"pt_PT","og_type":"article","og_title":"Mais uma \u00f3tima edi\u00e7\u00e3o do Terras de Basto - Jornal Terras de Basto","og_description":"O primeiro destaque de capa de mais uma \u00f3tima edi\u00e7\u00e3o impressa do Terras de Basto volta a ser de Cabeceiras de Basto, da pol\u00edtica local. Numa carta aos militantes, a que este jornal teve acesso exclusivo, o hist\u00f3rico socialista p\u00f5e preto-no-branco que o projeto de desenvolvimento aut\u00e1rquico que os socialistas iniciaram em 1993 no concelho, tanto \u00abno conte\u00fado pol\u00edtico, [como] na forma de o executar\u00bb, \u00abchegou ao fim\u00bb. A afirma\u00e7\u00e3o n\u00e3o \u00e9 feita por qualquer pessoa, \u00e9 feita por quem foi o grande obreiro desse projeto: Joaquim Barreto. A pr\u00e9-campanha aut\u00e1rquica em Cabeceiras de Basto segue animada em mais do que nenhum outro s\u00edtio.","og_url":"https:\/\/terrasdebasto.pt\/?p=3654","og_site_name":"Jornal Terras de Basto","article_published_time":"2025-03-05T13:07:47+00:00","og_image":[{"width":1102,"height":1280,"url":"https:\/\/terrasdebasto.pt\/wp-content\/uploads\/2025\/03\/CAPA-TB-06.03.25.jpg","type":"image\/jpeg"}],"author":"Jo\u00e3o Paulo Mesquita","twitter_card":"summary_large_image","twitter_misc":{"Escrito por":"Jo\u00e3o Paulo Mesquita","Tempo estimado de leitura":"3 minutos"},"schema":{"@context":"https:\/\/schema.org","@graph":[{"@type":"Article","@id":"https:\/\/terrasdebasto.pt\/?p=3654#article","isPartOf":{"@id":"https:\/\/terrasdebasto.pt\/?p=3654"},"author":{"name":"Jo\u00e3o Paulo Mesquita","@id":"https:\/\/terrasdebasto.pt\/#\/schema\/person\/9f6739f5394ac65c802641773b278b84"},"headline":"Mais uma \u00f3tima edi\u00e7\u00e3o do Terras de Basto","datePublished":"2025-03-05T13:07:47+00:00","mainEntityOfPage":{"@id":"https:\/\/terrasdebasto.pt\/?p=3654"},"wordCount":487,"commentCount":0,"publisher":{"@id":"https:\/\/terrasdebasto.pt\/#organization"},"image":{"@id":"https:\/\/terrasdebasto.pt\/?p=3654#primaryimage"},"thumbnailUrl":"https:\/\/terrasdebasto.pt\/wp-content\/uploads\/2025\/03\/CAPA-TB-06.03.25.jpg","keywords":["Jornal Terras de Basto","Nova edi\u00e7\u00e3o impressa"],"articleSection":["Cabeceiras de Basto","Celorico de Basto","Cultura","Desporto","Educa\u00e7\u00e3o","Entrevista","Featured","Gastronomia","Mondim de Basto","Ribeira de Pena","Sa\u00fade","Tecnologia","Terras de Basto"],"inLanguage":"pt-PT","potentialAction":[{"@type":"CommentAction","name":"Comment","target":["https:\/\/terrasdebasto.pt\/?p=3654#respond"]}]},{"@type":"WebPage","@id":"https:\/\/terrasdebasto.pt\/?p=3654","url":"https:\/\/terrasdebasto.pt\/?p=3654","name":"Mais uma \u00f3tima edi\u00e7\u00e3o do Terras de Basto - Jornal Terras de Basto","isPartOf":{"@id":"https:\/\/terrasdebasto.pt\/#website"},"primaryImageOfPage":{"@id":"https:\/\/terrasdebasto.pt\/?p=3654#primaryimage"},"image":{"@id":"https:\/\/terrasdebasto.pt\/?p=3654#primaryimage"},"thumbnailUrl":"https:\/\/terrasdebasto.pt\/wp-content\/uploads\/2025\/03\/CAPA-TB-06.03.25.jpg","datePublished":"2025-03-05T13:07:47+00:00","description":"O primeiro destaque de capa de mais uma \u00f3tima edi\u00e7\u00e3o impressa do Terras de Basto volta a ser de Cabeceiras de Basto, da pol\u00edtica local. Numa carta aos militantes, a que este jornal teve acesso exclusivo, o hist\u00f3rico socialista p\u00f5e preto-no-branco que o projeto de desenvolvimento aut\u00e1rquico que os socialistas iniciaram em 1993 no concelho, tanto \u00abno conte\u00fado pol\u00edtico, [como] na forma de o executar\u00bb, \u00abchegou ao fim\u00bb. A afirma\u00e7\u00e3o n\u00e3o \u00e9 feita por qualquer pessoa, \u00e9 feita por quem foi o grande obreiro desse projeto: Joaquim Barreto. A pr\u00e9-campanha aut\u00e1rquica em Cabeceiras de Basto segue animada em mais do que nenhum outro s\u00edtio.","breadcrumb":{"@id":"https:\/\/terrasdebasto.pt\/?p=3654#breadcrumb"},"inLanguage":"pt-PT","potentialAction":[{"@type":"ReadAction","target":["https:\/\/terrasdebasto.pt\/?p=3654"]}]},{"@type":"ImageObject","inLanguage":"pt-PT","@id":"https:\/\/terrasdebasto.pt\/?p=3654#primaryimage","url":"https:\/\/terrasdebasto.pt\/wp-content\/uploads\/2025\/03\/CAPA-TB-06.03.25.jpg","contentUrl":"https:\/\/terrasdebasto.pt\/wp-content\/uploads\/2025\/03\/CAPA-TB-06.03.25.jpg","width":1102,"height":1280},{"@type":"BreadcrumbList","@id":"https:\/\/terrasdebasto.pt\/?p=3654#breadcrumb","itemListElement":[{"@type":"ListItem","position":1,"name":"In\u00edcio","item":"https:\/\/terrasdebasto.pt\/"},{"@type":"ListItem","position":2,"name":"Mais uma \u00f3tima edi\u00e7\u00e3o do Terras de Basto"}]},{"@type":"WebSite","@id":"https:\/\/terrasdebasto.pt\/#website","url":"https:\/\/terrasdebasto.pt\/","name":"Jornal Terras de Basto","description":"","publisher":{"@id":"https:\/\/terrasdebasto.pt\/#organization"},"potentialAction":[{"@type":"SearchAction","target":{"@type":"EntryPoint","urlTemplate":"https:\/\/terrasdebasto.pt\/?s={search_term_string}"},"query-input":{"@type":"PropertyValueSpecification","valueRequired":true,"valueName":"search_term_string"}}],"inLanguage":"pt-PT"},{"@type":"Organization","@id":"https:\/\/terrasdebasto.pt\/#organization","name":"Jornal Terras de Basto","url":"https:\/\/terrasdebasto.pt\/","logo":{"@type":"ImageObject","inLanguage":"pt-PT","@id":"https:\/\/terrasdebasto.pt\/#\/schema\/logo\/image\/","url":"https:\/\/terrasdebasto.pt\/wp-content\/uploads\/2024\/06\/LogoNormal.png","contentUrl":"https:\/\/terrasdebasto.pt\/wp-content\/uploads\/2024\/06\/LogoNormal.png","width":5638,"height":809,"caption":"Jornal Terras de Basto"},"image":{"@id":"https:\/\/terrasdebasto.pt\/#\/schema\/logo\/image\/"}},{"@type":"Person","@id":"https:\/\/terrasdebasto.pt\/#\/schema\/person\/9f6739f5394ac65c802641773b278b84","name":"Jo\u00e3o Paulo Mesquita","image":{"@type":"ImageObject","inLanguage":"pt-PT","@id":"https:\/\/terrasdebasto.pt\/#\/schema\/person\/image\/","url":"https:\/\/secure.gravatar.com\/avatar\/9bd0f299e6d96336664aab64354168246a3ee3287c47891c50d450e47ed9d7f9?s=96&d=mm&r=g","contentUrl":"https:\/\/secure.gravatar.com\/avatar\/9bd0f299e6d96336664aab64354168246a3ee3287c47891c50d450e47ed9d7f9?s=96&d=mm&r=g","caption":"Jo\u00e3o Paulo Mesquita"},"url":"https:\/\/terrasdebasto.pt\/?author=7"}]}},"_links":{"self":[{"href":"https:\/\/terrasdebasto.pt\/index.php?rest_route=\/wp\/v2\/posts\/3654","targetHints":{"allow":["GET"]}}],"collection":[{"href":"https:\/\/terrasdebasto.pt\/index.php?rest_route=\/wp\/v2\/posts"}],"about":[{"href":"https:\/\/terrasdebasto.pt\/index.php?rest_route=\/wp\/v2\/types\/post"}],"author":[{"embeddable":true,"href":"https:\/\/terrasdebasto.pt\/index.php?rest_route=\/wp\/v2\/users\/7"}],"replies":[{"embeddable":true,"href":"https:\/\/terrasdebasto.pt\/index.php?rest_route=%2Fwp%2Fv2%2Fcomments&post=3654"}],"version-history":[{"count":1,"href":"https:\/\/terrasdebasto.pt\/index.php?rest_route=\/wp\/v2\/posts\/3654\/revisions"}],"predecessor-version":[{"id":3656,"href":"https:\/\/terrasdebasto.pt\/index.php?rest_route=\/wp\/v2\/posts\/3654\/revisions\/3656"}],"wp:featuredmedia":[{"embeddable":true,"href":"https:\/\/terrasdebasto.pt\/index.php?rest_route=\/wp\/v2\/media\/3655"}],"wp:attachment":[{"href":"https:\/\/terrasdebasto.pt\/index.php?rest_route=%2Fwp%2Fv2%2Fmedia&parent=3654"}],"wp:term":[{"taxonomy":"category","embeddable":true,"href":"https:\/\/terrasdebasto.pt\/index.php?rest_route=%2Fwp%2Fv2%2Fcategories&post=3654"},{"taxonomy":"post_tag","embeddable":true,"href":"https:\/\/terrasdebasto.pt\/index.php?rest_route=%2Fwp%2Fv2%2Ftags&post=3654"}],"curies":[{"name":"wp","href":"https:\/\/api.w.org\/{rel}","templated":true}]}}