{"id":3643,"date":"2025-02-28T12:43:12","date_gmt":"2025-02-28T12:43:12","guid":{"rendered":"https:\/\/terrasdebasto.pt\/?p=3643"},"modified":"2025-02-28T12:45:33","modified_gmt":"2025-02-28T12:45:33","slug":"faia-zangada-com-pavilhao-no-centro-da-freguesia","status":"publish","type":"post","link":"https:\/\/terrasdebasto.pt\/?p=3643","title":{"rendered":"Faia zangada com pavilh\u00e3o no centro da freguesia"},"content":{"rendered":"\n<p><strong>A constru\u00e7\u00e3o de um pavilh\u00e3o industrial no cora\u00e7\u00e3o da freguesia da Faia, em Cabeceiras de Basto, est\u00e1 a revoltar a popula\u00e7\u00e3o local, uma revolta que assenta essencialmente \u00abno impacto visual\u00bb que a constru\u00e7\u00e3o tem naquele espa\u00e7o nobre da localidade.<\/strong><\/p>\n\n\n\n<p>Alegadamente sem licen\u00e7a, a constru\u00e7\u00e3o, em bet\u00e3o, tem evolu\u00eddo lentamente \u00abdesde h\u00e1 cerca de um ano\u00bb, quando come\u00e7aram as terraplanagens e os muros de suporte, sempre sem qualquer informa\u00e7\u00e3o p\u00fablica sobre a obra.<\/p>\n\n\n\n<p>A constru\u00e7\u00e3o deste pavilh\u00e3o \u2013 que \u00e9 do conhecimento do presidente da C\u00e2mara Municipal de Cabeceiras de Basto desde o seu in\u00edcio \u2013 situa\u00e7\u00e3o nas imedia\u00e7\u00f5es da igreja paroquial e frente \u00e0 casa mortu\u00e1ria.<\/p>\n\n\n\n<p>Ao Terras de Basto, o presidente da Junta de Freguesia da Faia manifestou-se discordante do licenciamento de uma constru\u00e7\u00e3o deste tipo naquele local, tendo estabelecido contacto \u00abcom a C\u00e2mara Municipal\u00bb quando ela come\u00e7ou a notar-se. \u00abTanto quanto sei, j\u00e1 falaram com uns projetistas\u2026 para licenciar a obra\u00bb, disse Albino Magalh\u00e3es.<\/p>\n\n\n\n<p>O pavilh\u00e3o destina-se, de acordo com as nossas fontes, a uma empresa que se dedica \u00abao transporte, tratamento e armazenamento de viaturas\u00bb que \u00abtraz do estrangeiro\u00bb.<\/p>\n\n\n\n<p>O autarca da Faia, ele pr\u00f3prio vizinho da nova constru\u00e7\u00e3o, diz que o propriet\u00e1rio da empresa \u2013 com quem o Terras de Basto n\u00e3o logrou chegar \u00e0 fala &#8212; \u00abat\u00e9 colaborou com a freguesia, dando um bocado de terreno\u00bb para corrigir o tra\u00e7ado da estrada municipal que seve o centro da localidade, mas que, em contrapartida, \u00abest\u00e1 a causar problemas\u00bb, designadamente atrav\u00e9s da ocupa\u00e7\u00e3o abusiva do espa\u00e7o p\u00fablico com viaturas pesadas.<\/p>\n\n\n\n<p>H\u00e1 cerca de uma semana \u2013 foi poss\u00edvel saber \u2013 o p\u00e1roco local viu-se obrigado a chamara a GNR para solicitar a remo\u00e7\u00e3o de \u00abum reboque estacionado h\u00e1 dias junto \u00e0 capela\u00bb, o que prejudicava o contexto das celebra\u00e7\u00f5es religiosas para ali previstas.<\/p>\n\n\n\n<p>Embora a instala\u00e7\u00e3o deste pavilh\u00e3o e do seu impacto no ordenamento do territ\u00f3rio desagrade a todos os fregueses ouvidos por este jornal, todos os interlocutores pedem para n\u00e3o serem identificados \u00abcom medo de repres\u00e1lias\u00bb.<\/p>\n\n\n\n<p>\u00c0 C\u00e2mara Municipal, o Terras de Basto solicitou informa\u00e7\u00e3o, enviando ao gabinete do presidente, h\u00e1 dias, um conjunto de perguntas, que \u2013 como habitualmente \u2013 n\u00e3o tiveram ainda resposta. Pergunt\u00e1mos ent\u00e3o se:<\/p>\n\n\n\n<p>&#8212; s\u00e3o os competentes servi\u00e7os municipais que o senhor tutela conhecedores da constru\u00e7\u00e3o em curso \u2013 um pavilh\u00e3o industrial \u2013 cont\u00edguo \u00e0 capela\/igreja matriz da Faia? est\u00e1 devidamente licenciada a constru\u00e7\u00e3o em refer\u00eancia? quando foi emitida a licen\u00e7a de constru\u00e7\u00e3o? tendo em conta que a remo\u00e7\u00e3o de terras e a constru\u00e7\u00e3o de muros de suporte foi feita h\u00e1 cerca de um ano, foi esse procedimento devidamente licenciado pelos servi\u00e7os municipais? tendo em conta que n\u00e3o existe no local a obrigat\u00f3ria informa\u00e7\u00e3o legal, vai a c\u00e2mara municipal atual, como lhe compete? pode dizer-me qual o objeto do pavilh\u00e3o em causa? tem conhecimento da contesta\u00e7\u00e3o que os residentes das imedia\u00e7\u00f5es est\u00e3o a fazer a esta constru\u00e7\u00e3o no centro da freguesia? pode dizer-nos qual foi o destino da informa\u00e7\u00e3o que o presidente da junta de freguesia fez chegar \u00e0 c\u00e2mara municipal neste \u00e2mbito? que resposta pondera dar ao presidente da junta e \u00e0 popula\u00e7\u00e3o sobre a instala\u00e7\u00e3o de um pavilh\u00e3o industrial no centro c\u00edvico da freguesia da Faia?<\/p>\n\n\n\n<p>S\u00e3o estas as perguntas que continuam sem resposta por parte do presidente da C\u00e2mara Municipal de Cabeceiras de Basto, que dirige esta sexta-feira (28) mais uma reuni\u00e3o do executivo. [TB].<\/p>\n\n\n\n<figure class=\"wp-block-gallery has-nested-images columns-default is-cropped wp-block-gallery-1 is-layout-flex wp-block-gallery-is-layout-flex\">\n<figure class=\"wp-block-image size-large\"><img loading=\"lazy\" decoding=\"async\" width=\"1024\" height=\"683\" data-id=\"3650\" src=\"https:\/\/terrasdebasto.pt\/wp-content\/uploads\/2025\/02\/PAVILHAO-FAIA-1-1-1024x683.jpg\" alt=\"\" class=\"wp-image-3650\" srcset=\"https:\/\/terrasdebasto.pt\/wp-content\/uploads\/2025\/02\/PAVILHAO-FAIA-1-1-1024x683.jpg 1024w, https:\/\/terrasdebasto.pt\/wp-content\/uploads\/2025\/02\/PAVILHAO-FAIA-1-1-300x200.jpg 300w, https:\/\/terrasdebasto.pt\/wp-content\/uploads\/2025\/02\/PAVILHAO-FAIA-1-1-768x512.jpg 768w, https:\/\/terrasdebasto.pt\/wp-content\/uploads\/2025\/02\/PAVILHAO-FAIA-1-1-1536x1024.jpg 1536w, https:\/\/terrasdebasto.pt\/wp-content\/uploads\/2025\/02\/PAVILHAO-FAIA-1-1-2048x1365.jpg 2048w, https:\/\/terrasdebasto.pt\/wp-content\/uploads\/2025\/02\/PAVILHAO-FAIA-1-1-150x100.jpg 150w, https:\/\/terrasdebasto.pt\/wp-content\/uploads\/2025\/02\/PAVILHAO-FAIA-1-1-696x464.jpg 696w, https:\/\/terrasdebasto.pt\/wp-content\/uploads\/2025\/02\/PAVILHAO-FAIA-1-1-1068x712.jpg 1068w, https:\/\/terrasdebasto.pt\/wp-content\/uploads\/2025\/02\/PAVILHAO-FAIA-1-1-1920x1280.jpg 1920w\" sizes=\"auto, (max-width: 1024px) 100vw, 1024px\" \/><\/figure>\n<\/figure>\n\n\n\n<figure class=\"wp-block-gallery has-nested-images columns-default is-cropped wp-block-gallery-2 is-layout-flex wp-block-gallery-is-layout-flex\">\n<figure class=\"wp-block-image size-large\"><img loading=\"lazy\" decoding=\"async\" width=\"1024\" height=\"705\" data-id=\"3651\" src=\"https:\/\/terrasdebasto.pt\/wp-content\/uploads\/2025\/02\/FAIA-PAVILHAO-2-1-1024x705.jpg\" alt=\"\" class=\"wp-image-3651\" srcset=\"https:\/\/terrasdebasto.pt\/wp-content\/uploads\/2025\/02\/FAIA-PAVILHAO-2-1-1024x705.jpg 1024w, https:\/\/terrasdebasto.pt\/wp-content\/uploads\/2025\/02\/FAIA-PAVILHAO-2-1-300x206.jpg 300w, https:\/\/terrasdebasto.pt\/wp-content\/uploads\/2025\/02\/FAIA-PAVILHAO-2-1-768x529.jpg 768w, https:\/\/terrasdebasto.pt\/wp-content\/uploads\/2025\/02\/FAIA-PAVILHAO-2-1-1536x1057.jpg 1536w, https:\/\/terrasdebasto.pt\/wp-content\/uploads\/2025\/02\/FAIA-PAVILHAO-2-1-2048x1410.jpg 2048w, https:\/\/terrasdebasto.pt\/wp-content\/uploads\/2025\/02\/FAIA-PAVILHAO-2-1-150x103.jpg 150w, https:\/\/terrasdebasto.pt\/wp-content\/uploads\/2025\/02\/FAIA-PAVILHAO-2-1-218x150.jpg 218w, https:\/\/terrasdebasto.pt\/wp-content\/uploads\/2025\/02\/FAIA-PAVILHAO-2-1-696x479.jpg 696w, https:\/\/terrasdebasto.pt\/wp-content\/uploads\/2025\/02\/FAIA-PAVILHAO-2-1-1068x735.jpg 1068w, https:\/\/terrasdebasto.pt\/wp-content\/uploads\/2025\/02\/FAIA-PAVILHAO-2-1-1920x1322.jpg 1920w\" sizes=\"auto, (max-width: 1024px) 100vw, 1024px\" \/><\/figure>\n<\/figure>\n","protected":false},"excerpt":{"rendered":"<p>A constru\u00e7\u00e3o de um pavilh\u00e3o industrial no cora\u00e7\u00e3o da freguesia da Faia, em Cabeceiras de Basto, est\u00e1 a revoltar a popula\u00e7\u00e3o local, uma revolta que assenta essencialmente \u00abno impacto visual\u00bb que a constru\u00e7\u00e3o tem naquele espa\u00e7o nobre da localidade. Alegadamente sem licen\u00e7a, a constru\u00e7\u00e3o, em bet\u00e3o, tem evolu\u00eddo lentamente \u00abdesde h\u00e1 cerca de um ano\u00bb, [&hellip;]<\/p>\n","protected":false},"author":7,"featured_media":3648,"comment_status":"open","ping_status":"open","sticky":false,"template":"","format":"standard","meta":{"footnotes":""},"categories":[12,9],"tags":[811],"class_list":{"0":"post-3643","1":"post","2":"type-post","3":"status-publish","4":"format-standard","5":"has-post-thumbnail","7":"category-cabeceiras-de-basto","8":"category-terras-de-basto","9":"tag-faia"},"yoast_head":"<!-- This site is optimized with the Yoast SEO plugin v25.7 - https:\/\/yoast.com\/wordpress\/plugins\/seo\/ -->\n<title>Faia zangada com pavilh\u00e3o no centro da freguesia - Jornal Terras de Basto<\/title>\n<meta name=\"description\" content=\"A constru\u00e7\u00e3o de um pavilh\u00e3o industrial no cora\u00e7\u00e3o da freguesia da Faia, em Cabeceiras de Basto, est\u00e1 a revoltar a popula\u00e7\u00e3o local, uma revolta que assenta essencialmente \u00abno impacto visual\u00bb que a constru\u00e7\u00e3o tem naquele espa\u00e7o nobre da localidade.\" \/>\n<meta name=\"robots\" content=\"index, follow, max-snippet:-1, max-image-preview:large, max-video-preview:-1\" \/>\n<link rel=\"canonical\" href=\"https:\/\/terrasdebasto.pt\/?p=3643\" \/>\n<meta property=\"og:locale\" content=\"pt_PT\" \/>\n<meta property=\"og:type\" content=\"article\" \/>\n<meta property=\"og:title\" content=\"Faia zangada com pavilh\u00e3o no centro da freguesia - Jornal Terras de Basto\" \/>\n<meta property=\"og:description\" content=\"A constru\u00e7\u00e3o de um pavilh\u00e3o industrial no cora\u00e7\u00e3o da freguesia da Faia, em Cabeceiras de Basto, est\u00e1 a revoltar a popula\u00e7\u00e3o local, uma revolta que assenta essencialmente \u00abno impacto visual\u00bb que a constru\u00e7\u00e3o tem naquele espa\u00e7o nobre da localidade.\" \/>\n<meta property=\"og:url\" content=\"https:\/\/terrasdebasto.pt\/?p=3643\" \/>\n<meta property=\"og:site_name\" content=\"Jornal Terras de Basto\" \/>\n<meta property=\"article:published_time\" content=\"2025-02-28T12:43:12+00:00\" \/>\n<meta property=\"article:modified_time\" content=\"2025-02-28T12:45:33+00:00\" \/>\n<meta property=\"og:image\" content=\"https:\/\/terrasdebasto.pt\/wp-content\/uploads\/2025\/02\/FAIA-PAVILHAO-3-1.jpg\" \/>\n\t<meta property=\"og:image:width\" content=\"1743\" \/>\n\t<meta property=\"og:image:height\" content=\"1564\" \/>\n\t<meta property=\"og:image:type\" content=\"image\/jpeg\" \/>\n<meta name=\"author\" content=\"Jo\u00e3o Paulo Mesquita\" \/>\n<meta name=\"twitter:card\" content=\"summary_large_image\" \/>\n<meta name=\"twitter:label1\" content=\"Escrito por\" \/>\n\t<meta name=\"twitter:data1\" content=\"Jo\u00e3o Paulo Mesquita\" \/>\n\t<meta name=\"twitter:label2\" content=\"Tempo estimado de leitura\" \/>\n\t<meta name=\"twitter:data2\" content=\"4 minutos\" \/>\n<script type=\"application\/ld+json\" class=\"yoast-schema-graph\">{\"@context\":\"https:\/\/schema.org\",\"@graph\":[{\"@type\":\"Article\",\"@id\":\"https:\/\/terrasdebasto.pt\/?p=3643#article\",\"isPartOf\":{\"@id\":\"https:\/\/terrasdebasto.pt\/?p=3643\"},\"author\":{\"name\":\"Jo\u00e3o Paulo Mesquita\",\"@id\":\"https:\/\/terrasdebasto.pt\/#\/schema\/person\/9f6739f5394ac65c802641773b278b84\"},\"headline\":\"Faia zangada com pavilh\u00e3o no centro da freguesia\",\"datePublished\":\"2025-02-28T12:43:12+00:00\",\"dateModified\":\"2025-02-28T12:45:33+00:00\",\"mainEntityOfPage\":{\"@id\":\"https:\/\/terrasdebasto.pt\/?p=3643\"},\"wordCount\":627,\"commentCount\":0,\"publisher\":{\"@id\":\"https:\/\/terrasdebasto.pt\/#organization\"},\"image\":{\"@id\":\"https:\/\/terrasdebasto.pt\/?p=3643#primaryimage\"},\"thumbnailUrl\":\"https:\/\/terrasdebasto.pt\/wp-content\/uploads\/2025\/02\/FAIA-PAVILHAO-3-1.jpg\",\"keywords\":[\"Faia\"],\"articleSection\":[\"Cabeceiras de Basto\",\"Terras de Basto\"],\"inLanguage\":\"pt-PT\",\"potentialAction\":[{\"@type\":\"CommentAction\",\"name\":\"Comment\",\"target\":[\"https:\/\/terrasdebasto.pt\/?p=3643#respond\"]}]},{\"@type\":\"WebPage\",\"@id\":\"https:\/\/terrasdebasto.pt\/?p=3643\",\"url\":\"https:\/\/terrasdebasto.pt\/?p=3643\",\"name\":\"Faia zangada com pavilh\u00e3o no centro da freguesia - Jornal Terras de Basto\",\"isPartOf\":{\"@id\":\"https:\/\/terrasdebasto.pt\/#website\"},\"primaryImageOfPage\":{\"@id\":\"https:\/\/terrasdebasto.pt\/?p=3643#primaryimage\"},\"image\":{\"@id\":\"https:\/\/terrasdebasto.pt\/?p=3643#primaryimage\"},\"thumbnailUrl\":\"https:\/\/terrasdebasto.pt\/wp-content\/uploads\/2025\/02\/FAIA-PAVILHAO-3-1.jpg\",\"datePublished\":\"2025-02-28T12:43:12+00:00\",\"dateModified\":\"2025-02-28T12:45:33+00:00\",\"description\":\"A constru\u00e7\u00e3o de um pavilh\u00e3o industrial no cora\u00e7\u00e3o da freguesia da Faia, em Cabeceiras de Basto, est\u00e1 a revoltar a popula\u00e7\u00e3o local, uma revolta que assenta essencialmente \u00abno impacto visual\u00bb que a constru\u00e7\u00e3o tem naquele espa\u00e7o nobre da localidade.\",\"breadcrumb\":{\"@id\":\"https:\/\/terrasdebasto.pt\/?p=3643#breadcrumb\"},\"inLanguage\":\"pt-PT\",\"potentialAction\":[{\"@type\":\"ReadAction\",\"target\":[\"https:\/\/terrasdebasto.pt\/?p=3643\"]}]},{\"@type\":\"ImageObject\",\"inLanguage\":\"pt-PT\",\"@id\":\"https:\/\/terrasdebasto.pt\/?p=3643#primaryimage\",\"url\":\"https:\/\/terrasdebasto.pt\/wp-content\/uploads\/2025\/02\/FAIA-PAVILHAO-3-1.jpg\",\"contentUrl\":\"https:\/\/terrasdebasto.pt\/wp-content\/uploads\/2025\/02\/FAIA-PAVILHAO-3-1.jpg\",\"width\":1743,\"height\":1564},{\"@type\":\"BreadcrumbList\",\"@id\":\"https:\/\/terrasdebasto.pt\/?p=3643#breadcrumb\",\"itemListElement\":[{\"@type\":\"ListItem\",\"position\":1,\"name\":\"In\u00edcio\",\"item\":\"https:\/\/terrasdebasto.pt\/\"},{\"@type\":\"ListItem\",\"position\":2,\"name\":\"Faia zangada com pavilh\u00e3o no centro da freguesia\"}]},{\"@type\":\"WebSite\",\"@id\":\"https:\/\/terrasdebasto.pt\/#website\",\"url\":\"https:\/\/terrasdebasto.pt\/\",\"name\":\"Jornal Terras de Basto\",\"description\":\"\",\"publisher\":{\"@id\":\"https:\/\/terrasdebasto.pt\/#organization\"},\"potentialAction\":[{\"@type\":\"SearchAction\",\"target\":{\"@type\":\"EntryPoint\",\"urlTemplate\":\"https:\/\/terrasdebasto.pt\/?s={search_term_string}\"},\"query-input\":{\"@type\":\"PropertyValueSpecification\",\"valueRequired\":true,\"valueName\":\"search_term_string\"}}],\"inLanguage\":\"pt-PT\"},{\"@type\":\"Organization\",\"@id\":\"https:\/\/terrasdebasto.pt\/#organization\",\"name\":\"Jornal Terras de Basto\",\"url\":\"https:\/\/terrasdebasto.pt\/\",\"logo\":{\"@type\":\"ImageObject\",\"inLanguage\":\"pt-PT\",\"@id\":\"https:\/\/terrasdebasto.pt\/#\/schema\/logo\/image\/\",\"url\":\"https:\/\/terrasdebasto.pt\/wp-content\/uploads\/2024\/06\/LogoNormal.png\",\"contentUrl\":\"https:\/\/terrasdebasto.pt\/wp-content\/uploads\/2024\/06\/LogoNormal.png\",\"width\":5638,\"height\":809,\"caption\":\"Jornal Terras de Basto\"},\"image\":{\"@id\":\"https:\/\/terrasdebasto.pt\/#\/schema\/logo\/image\/\"}},{\"@type\":\"Person\",\"@id\":\"https:\/\/terrasdebasto.pt\/#\/schema\/person\/9f6739f5394ac65c802641773b278b84\",\"name\":\"Jo\u00e3o Paulo Mesquita\",\"image\":{\"@type\":\"ImageObject\",\"inLanguage\":\"pt-PT\",\"@id\":\"https:\/\/terrasdebasto.pt\/#\/schema\/person\/image\/\",\"url\":\"https:\/\/secure.gravatar.com\/avatar\/9bd0f299e6d96336664aab64354168246a3ee3287c47891c50d450e47ed9d7f9?s=96&d=mm&r=g\",\"contentUrl\":\"https:\/\/secure.gravatar.com\/avatar\/9bd0f299e6d96336664aab64354168246a3ee3287c47891c50d450e47ed9d7f9?s=96&d=mm&r=g\",\"caption\":\"Jo\u00e3o Paulo Mesquita\"},\"url\":\"https:\/\/terrasdebasto.pt\/?author=7\"}]}<\/script>\n<!-- \/ Yoast SEO plugin. -->","yoast_head_json":{"title":"Faia zangada com pavilh\u00e3o no centro da freguesia - Jornal Terras de Basto","description":"A constru\u00e7\u00e3o de um pavilh\u00e3o industrial no cora\u00e7\u00e3o da freguesia da Faia, em Cabeceiras de Basto, est\u00e1 a revoltar a popula\u00e7\u00e3o local, uma revolta que assenta essencialmente \u00abno impacto visual\u00bb que a constru\u00e7\u00e3o tem naquele espa\u00e7o nobre da localidade.","robots":{"index":"index","follow":"follow","max-snippet":"max-snippet:-1","max-image-preview":"max-image-preview:large","max-video-preview":"max-video-preview:-1"},"canonical":"https:\/\/terrasdebasto.pt\/?p=3643","og_locale":"pt_PT","og_type":"article","og_title":"Faia zangada com pavilh\u00e3o no centro da freguesia - Jornal Terras de Basto","og_description":"A constru\u00e7\u00e3o de um pavilh\u00e3o industrial no cora\u00e7\u00e3o da freguesia da Faia, em Cabeceiras de Basto, est\u00e1 a revoltar a popula\u00e7\u00e3o local, uma revolta que assenta essencialmente \u00abno impacto visual\u00bb que a constru\u00e7\u00e3o tem naquele espa\u00e7o nobre da localidade.","og_url":"https:\/\/terrasdebasto.pt\/?p=3643","og_site_name":"Jornal Terras de Basto","article_published_time":"2025-02-28T12:43:12+00:00","article_modified_time":"2025-02-28T12:45:33+00:00","og_image":[{"width":1743,"height":1564,"url":"https:\/\/terrasdebasto.pt\/wp-content\/uploads\/2025\/02\/FAIA-PAVILHAO-3-1.jpg","type":"image\/jpeg"}],"author":"Jo\u00e3o Paulo Mesquita","twitter_card":"summary_large_image","twitter_misc":{"Escrito por":"Jo\u00e3o Paulo Mesquita","Tempo estimado de leitura":"4 minutos"},"schema":{"@context":"https:\/\/schema.org","@graph":[{"@type":"Article","@id":"https:\/\/terrasdebasto.pt\/?p=3643#article","isPartOf":{"@id":"https:\/\/terrasdebasto.pt\/?p=3643"},"author":{"name":"Jo\u00e3o Paulo Mesquita","@id":"https:\/\/terrasdebasto.pt\/#\/schema\/person\/9f6739f5394ac65c802641773b278b84"},"headline":"Faia zangada com pavilh\u00e3o no centro da freguesia","datePublished":"2025-02-28T12:43:12+00:00","dateModified":"2025-02-28T12:45:33+00:00","mainEntityOfPage":{"@id":"https:\/\/terrasdebasto.pt\/?p=3643"},"wordCount":627,"commentCount":0,"publisher":{"@id":"https:\/\/terrasdebasto.pt\/#organization"},"image":{"@id":"https:\/\/terrasdebasto.pt\/?p=3643#primaryimage"},"thumbnailUrl":"https:\/\/terrasdebasto.pt\/wp-content\/uploads\/2025\/02\/FAIA-PAVILHAO-3-1.jpg","keywords":["Faia"],"articleSection":["Cabeceiras de Basto","Terras de Basto"],"inLanguage":"pt-PT","potentialAction":[{"@type":"CommentAction","name":"Comment","target":["https:\/\/terrasdebasto.pt\/?p=3643#respond"]}]},{"@type":"WebPage","@id":"https:\/\/terrasdebasto.pt\/?p=3643","url":"https:\/\/terrasdebasto.pt\/?p=3643","name":"Faia zangada com pavilh\u00e3o no centro da freguesia - Jornal Terras de Basto","isPartOf":{"@id":"https:\/\/terrasdebasto.pt\/#website"},"primaryImageOfPage":{"@id":"https:\/\/terrasdebasto.pt\/?p=3643#primaryimage"},"image":{"@id":"https:\/\/terrasdebasto.pt\/?p=3643#primaryimage"},"thumbnailUrl":"https:\/\/terrasdebasto.pt\/wp-content\/uploads\/2025\/02\/FAIA-PAVILHAO-3-1.jpg","datePublished":"2025-02-28T12:43:12+00:00","dateModified":"2025-02-28T12:45:33+00:00","description":"A constru\u00e7\u00e3o de um pavilh\u00e3o industrial no cora\u00e7\u00e3o da freguesia da Faia, em Cabeceiras de Basto, est\u00e1 a revoltar a popula\u00e7\u00e3o local, uma revolta que assenta essencialmente \u00abno impacto visual\u00bb que a constru\u00e7\u00e3o tem naquele espa\u00e7o nobre da localidade.","breadcrumb":{"@id":"https:\/\/terrasdebasto.pt\/?p=3643#breadcrumb"},"inLanguage":"pt-PT","potentialAction":[{"@type":"ReadAction","target":["https:\/\/terrasdebasto.pt\/?p=3643"]}]},{"@type":"ImageObject","inLanguage":"pt-PT","@id":"https:\/\/terrasdebasto.pt\/?p=3643#primaryimage","url":"https:\/\/terrasdebasto.pt\/wp-content\/uploads\/2025\/02\/FAIA-PAVILHAO-3-1.jpg","contentUrl":"https:\/\/terrasdebasto.pt\/wp-content\/uploads\/2025\/02\/FAIA-PAVILHAO-3-1.jpg","width":1743,"height":1564},{"@type":"BreadcrumbList","@id":"https:\/\/terrasdebasto.pt\/?p=3643#breadcrumb","itemListElement":[{"@type":"ListItem","position":1,"name":"In\u00edcio","item":"https:\/\/terrasdebasto.pt\/"},{"@type":"ListItem","position":2,"name":"Faia zangada com pavilh\u00e3o no centro da freguesia"}]},{"@type":"WebSite","@id":"https:\/\/terrasdebasto.pt\/#website","url":"https:\/\/terrasdebasto.pt\/","name":"Jornal Terras de Basto","description":"","publisher":{"@id":"https:\/\/terrasdebasto.pt\/#organization"},"potentialAction":[{"@type":"SearchAction","target":{"@type":"EntryPoint","urlTemplate":"https:\/\/terrasdebasto.pt\/?s={search_term_string}"},"query-input":{"@type":"PropertyValueSpecification","valueRequired":true,"valueName":"search_term_string"}}],"inLanguage":"pt-PT"},{"@type":"Organization","@id":"https:\/\/terrasdebasto.pt\/#organization","name":"Jornal Terras de Basto","url":"https:\/\/terrasdebasto.pt\/","logo":{"@type":"ImageObject","inLanguage":"pt-PT","@id":"https:\/\/terrasdebasto.pt\/#\/schema\/logo\/image\/","url":"https:\/\/terrasdebasto.pt\/wp-content\/uploads\/2024\/06\/LogoNormal.png","contentUrl":"https:\/\/terrasdebasto.pt\/wp-content\/uploads\/2024\/06\/LogoNormal.png","width":5638,"height":809,"caption":"Jornal Terras de Basto"},"image":{"@id":"https:\/\/terrasdebasto.pt\/#\/schema\/logo\/image\/"}},{"@type":"Person","@id":"https:\/\/terrasdebasto.pt\/#\/schema\/person\/9f6739f5394ac65c802641773b278b84","name":"Jo\u00e3o Paulo Mesquita","image":{"@type":"ImageObject","inLanguage":"pt-PT","@id":"https:\/\/terrasdebasto.pt\/#\/schema\/person\/image\/","url":"https:\/\/secure.gravatar.com\/avatar\/9bd0f299e6d96336664aab64354168246a3ee3287c47891c50d450e47ed9d7f9?s=96&d=mm&r=g","contentUrl":"https:\/\/secure.gravatar.com\/avatar\/9bd0f299e6d96336664aab64354168246a3ee3287c47891c50d450e47ed9d7f9?s=96&d=mm&r=g","caption":"Jo\u00e3o Paulo Mesquita"},"url":"https:\/\/terrasdebasto.pt\/?author=7"}]}},"_links":{"self":[{"href":"https:\/\/terrasdebasto.pt\/index.php?rest_route=\/wp\/v2\/posts\/3643","targetHints":{"allow":["GET"]}}],"collection":[{"href":"https:\/\/terrasdebasto.pt\/index.php?rest_route=\/wp\/v2\/posts"}],"about":[{"href":"https:\/\/terrasdebasto.pt\/index.php?rest_route=\/wp\/v2\/types\/post"}],"author":[{"embeddable":true,"href":"https:\/\/terrasdebasto.pt\/index.php?rest_route=\/wp\/v2\/users\/7"}],"replies":[{"embeddable":true,"href":"https:\/\/terrasdebasto.pt\/index.php?rest_route=%2Fwp%2Fv2%2Fcomments&post=3643"}],"version-history":[{"count":2,"href":"https:\/\/terrasdebasto.pt\/index.php?rest_route=\/wp\/v2\/posts\/3643\/revisions"}],"predecessor-version":[{"id":3652,"href":"https:\/\/terrasdebasto.pt\/index.php?rest_route=\/wp\/v2\/posts\/3643\/revisions\/3652"}],"wp:featuredmedia":[{"embeddable":true,"href":"https:\/\/terrasdebasto.pt\/index.php?rest_route=\/wp\/v2\/media\/3648"}],"wp:attachment":[{"href":"https:\/\/terrasdebasto.pt\/index.php?rest_route=%2Fwp%2Fv2%2Fmedia&parent=3643"}],"wp:term":[{"taxonomy":"category","embeddable":true,"href":"https:\/\/terrasdebasto.pt\/index.php?rest_route=%2Fwp%2Fv2%2Fcategories&post=3643"},{"taxonomy":"post_tag","embeddable":true,"href":"https:\/\/terrasdebasto.pt\/index.php?rest_route=%2Fwp%2Fv2%2Ftags&post=3643"}],"curies":[{"name":"wp","href":"https:\/\/api.w.org\/{rel}","templated":true}]}}