{"id":3623,"date":"2025-02-20T17:01:11","date_gmt":"2025-02-20T17:01:11","guid":{"rendered":"https:\/\/terrasdebasto.pt\/?p=3623"},"modified":"2025-02-20T17:01:12","modified_gmt":"2025-02-20T17:01:12","slug":"basto-vida-presidencia-a-um-terco-direcao-tecnica-e-clinica-a-meio-tempo","status":"publish","type":"post","link":"https:\/\/terrasdebasto.pt\/?p=3623","title":{"rendered":"&#8220;Basto Vida&#8221;: presid\u00eancia a &#8220;um ter\u00e7o&#8221;, dire\u00e7\u00e3o t\u00e9cnica e cl\u00ednica &#8220;a meio tempo&#8221;"},"content":{"rendered":"\n<p><\/p>\n\n\n\n<p><strong>Diretora-t\u00e9cnica da Unidade de Cuidados Continuados, mas apenas a meio-tempo, cumprindo um hor\u00e1rio livre de 17,5 horas por semana. \u00c9 este o novo estatuto da enfermeira Lu\u00edsa Pereira na r\u00e9gie-cooperativa \u201cBasto Vida\u201d, entidade que tem no Munic\u00edpio de Cabeceiras de Basto o seu principal cooperante.<\/strong><\/p>\n\n\n\n<p>A informa\u00e7\u00e3o \u2013 que se recusou a dar em tempo ao Terras de Basto \u2013 foi prestada pela presidente da dire\u00e7\u00e3o da institui\u00e7\u00e3o, que \u00e9 tamb\u00e9m vereadora municipal, durante a \u00faltima reuni\u00e3o do executivo, sexta-feira passada, instada que foi pela oposi\u00e7\u00e3o a pronunciar-se sobre o assunto.<\/p>\n\n\n\n<p>Carla Lousada \u2013 que preside ainda \u00e0 Funda\u00e7\u00e3o AJGomes da Cunha, de S\u00e3o Nicolau \u2013, disse n\u00e3o sentir \u00abnenhum desconforto com a situa\u00e7\u00e3o\u00bb, at\u00e9 porque \u00abo servi\u00e7o est\u00e1 assegurado\u00bb. Este jornal sabe, contudo, que a vereadora tem feito \u00abdesabafos\u00bb junto de pessoas que lhe s\u00e3o pr\u00f3ximas que d\u00e3o conta precisamente do contr\u00e1rio: \u00abela sente-se obviamente desconfort\u00e1vel com mais este caso, mas\u2026 n\u00e3o tem coragem de dizer ao presidente para resolver ele os seus problemas\u00bb, diz fonte municipal, que pode o anonimato.<\/p>\n\n\n\n<p>Na reuni\u00e3o de c\u00e2mara, a vereadora socialista respondeu ent\u00e3o a um conjunto de quest\u00f5es que lhe foram dirigidas pelo l\u00edder da oposi\u00e7\u00e3o, Manuel Ant\u00f3nio Teixeira: \u00abEst\u00e1 a diretora t\u00e9cnica a exercer fun\u00e7\u00f5es noutro local? Desde quando? Houve comunica\u00e7\u00e3o ao presidente da c\u00e2mara? Houve acordo? Quais os hor\u00e1rios que pratica? H\u00e1 sustenta\u00e7\u00e3o jur\u00eddica para esta situa\u00e7\u00e3o?\u00bb.<\/p>\n\n\n\n<p>Tal como o Terras de Basto noticiara, a vereadora explicou ent\u00e3o que Lu\u00edsa Pereira \u2013 atual mulher do presidente da c\u00e2mara \u2013 assumira fun\u00e7\u00f5es p\u00fablicas no \u00e2mbito da Unidade Local de Sa\u00fade do T\u00e2mega e Sousa, alegadamente por for\u00e7a de se encontrar numa bolsa de reserva de recrutamento decorrente de um concurso p\u00fablico em que participara.<\/p>\n\n\n\n<p>E \u00e9 neste contexto que s\u00e3o colocadas ao Terras de Basto novas d\u00favidas. Fonte que acompanha este processo p\u00f5e em causa a exist\u00eancia de tal bolsa de recrutamento. \u00abSe as ULS foram agora criadas, se a ULS do T\u00e2mega e Sousa promoveu um concurso em outubro ou novembro de 2024 e o nome dela n\u00e3o aparece entre os concorrentes\u2026 Se a ARS\/Norte foi oficialmente extinta em setembro de 2024, como \u00e9 que a chamam concorrentes com base numa bolsa de recrutamento criada no seu \u00e2mbito?\u00bb, interroga-se.<\/p>\n\n\n\n<p>De acordo com esta fonte, \u00abporque estamos perante factos pol\u00edticos muito sens\u00edveis\u00bb &#8212; n\u00e3o s\u00f3 porque \u00abest\u00e1 em causa uma familiar de um titular de poder executivo, como \u00e9 o presidente da c\u00e2mara, que representa oitenta por cento do capital da \u201cBasto Vida\u201d, o que lhe d\u00e1 mais poder do que \u00e0 pr\u00f3pria presidente da dire\u00e7\u00e3o\u00bb &#8212; \u00abmanda a \u00e9tica que eles sejam bem explicados, designadamente que sejam publicamente exibidas provas do processo burocr\u00e1tico-administrativo\u00bb, \u00abpara que n\u00e3o restem d\u00favidas\u00bb.<\/p>\n\n\n\n<p>Mas voltemos aos factos relatados pela vereadora e presidente da dire\u00e7\u00e3o em contexto de reuni\u00e3o de c\u00e2mara: \u00abA 28 de dezembro, a enfermeira Lu\u00edsa disse-me que tinha de agarrar o lugar e eu respondi-lhe que a \u201cBasto Vida\u201d n\u00e3o a ia impedir, mas que precisava dela\u00bb, disse Carla Lousada, numa narrativa notoriamente preparada com anteced\u00eancia.<\/p>\n\n\n\n<p>\u00abDia 30, reuni com os membros da dire\u00e7\u00e3o e autoriz\u00e1mo-la a acumular o cargo de dire\u00e7\u00e3o-t\u00e9cnica e que seria substitu\u00edda como enfermeira-coordenadora; pedimos um parecer jur\u00eddico ao advogado e foi-me dito que n\u00e3o haveria problema nenhum; para o lugar de enfermeira-coordenadora encontr\u00e1mos uma pessoa que j\u00e1 estava a ajudar\u2026 Ficou a meio tempo com a dire\u00e7\u00e3o-t\u00e9cnica, isenta de um hor\u00e1rio\u2026 17,5 horas, a meio tempo\u00bb, contou ainda a vereadora.<\/p>\n\n\n\n<p>O primeiro vereador da oposi\u00e7\u00e3o perguntou-lhe ent\u00e3o se \u00abachava suficiente\u00bb o meio tempo para o exerc\u00edcio daquelas fun\u00e7\u00f5es, ouvindo como resposta que \u00absim, atendendo a que tem uma enfermeira-coordenadora\u00bb.<\/p>\n\n\n\n<p>O candidato da coliga\u00e7\u00e3o PSD\/CDS \u00e0 presid\u00eancia da c\u00e2mara perguntou ainda \u00e0 vereadora socialista se considerava normal \u00abuma institui\u00e7\u00e3o que vive de dinheiros municipais, de comparticipa\u00e7\u00f5es do Estado e dos contribuintes, ter todos os seus dirigentes \u2013 presidente, dire\u00e7\u00e3o-cl\u00ednica e dire\u00e7\u00e3o-t\u00e9cnica \u2013 a gerirem a tempo parcial\u00bb. Carla Lousada respondeu que \u00absim\u00bb e que este facto \u00abn\u00e3o traz qualquer problema no seu funcionamento e na qualidade dos cuidados prestados\u00bb. Acrescentou, ali\u00e1s, que era \u00abnormal, noutras institui\u00e7\u00f5es do concelho, quer os cargos de dire\u00e7\u00e3o-t\u00e9cnica, quer de dire\u00e7\u00e3o-cl\u00ednica\u00bb, serem \u00abdesempenhados a tempo parcial\u00bb.<\/p>\n\n\n\n<p>Neste assunto \u2013 abordado no per\u00edodo de \u201cantes da ordem do dia\u201d \u2013 envolveram-se ligeiramente os dois vereadores do movimento de cidad\u00e3os \u201cIPC\u201d, Jorge Machado para dizer que \u00abestava \u00e0 espera\u00bb que, depois do que era p\u00fablico, por iniciativa do Terras de Basto, a presidente da dire\u00e7\u00e3o da \u201cBasto Vida\u201d tivesse tido a iniciativa de se explicar.<\/p>\n\n\n\n<p>J\u00e1 H\u00e9lder Vaz preferiu colocar a Carla Lousada uma pergunta ret\u00f3rica: \u00abse, desde que a dire\u00e7\u00e3o-t\u00e9cnica passou a ser exercida a meio-tempo, se tinha havido alguma queixa\u2026 se os servi\u00e7os t\u00eam sido concretizados\u2026\u00bb.<\/p>\n\n\n\n<p>MAT GARANTE QUE NUNCA HAVER\u00c1 CA\u00c7A \u00c0S BRUXAS<\/p>\n\n\n\n<p>O l\u00edder da oposi\u00e7\u00e3o aproveitou, entretanto, este ponto da discuss\u00e3o para fazer uma declara\u00e7\u00e3o p\u00fablica, que lhe foi suscitada por coment\u00e1rios surgidos nas redes sociais no \u00e2mbito das not\u00edcias divulgadas pelo Terras de Basto, \u00abcoment\u00e1rios que extravasaram as redes sociais e entraram nos servi\u00e7os municipais\u00bb.<\/p>\n\n\n\n<p>Garantiu ent\u00e3o Manuel Ant\u00f3nio Teixeira que, \u00abao contr\u00e1rio de situa\u00e7\u00f5es passadas ou recentes\u00bb, sendo eleito presidente da c\u00e2mara, como espera, assume \u00abo firme compromisso de que nunca haver\u00e1 qualquer persegui\u00e7\u00e3o pol\u00edtica a quadros do munic\u00edpio\u00bb, n\u00e3o s\u00f3 porque tal \u00e9 ilegal, mas porque vai contra os seus princ\u00edpios. \u00abHaver\u00e1 apenas a exig\u00eancia de profissionalismo, para assim correspondermos aos anseios da popula\u00e7\u00e3o\u00bb, reiterou. [Reda\u00e7\u00e3o].<\/p>\n","protected":false},"excerpt":{"rendered":"<p>Diretora-t\u00e9cnica da Unidade de Cuidados Continuados, mas apenas a meio-tempo, cumprindo um hor\u00e1rio livre de 17,5 horas por semana. \u00c9 este o novo estatuto da enfermeira Lu\u00edsa Pereira na r\u00e9gie-cooperativa \u201cBasto Vida\u201d, entidade que tem no Munic\u00edpio de Cabeceiras de Basto o seu principal cooperante. A informa\u00e7\u00e3o \u2013 que se recusou a dar em tempo [&hellip;]<\/p>\n","protected":false},"author":7,"featured_media":3624,"comment_status":"open","ping_status":"open","sticky":false,"template":"","format":"standard","meta":{"footnotes":""},"categories":[12,9],"tags":[785,29,786],"class_list":{"0":"post-3623","1":"post","2":"type-post","3":"status-publish","4":"format-standard","5":"has-post-thumbnail","7":"category-cabeceiras-de-basto","8":"category-terras-de-basto","9":"tag-basto-vida","10":"tag-cabeceiras-de-basto","11":"tag-direcao-tecnica"},"yoast_head":"<!-- This site is optimized with the Yoast SEO plugin v25.7 - https:\/\/yoast.com\/wordpress\/plugins\/seo\/ -->\n<title>&quot;Basto Vida&quot;: presid\u00eancia a &quot;um ter\u00e7o&quot;, dire\u00e7\u00e3o t\u00e9cnica e cl\u00ednica &quot;a meio tempo&quot; - Jornal Terras de Basto<\/title>\n<meta name=\"description\" content=\"Diretora-t\u00e9cnica da Unidade de Cuidados Continuados, mas apenas a meio-tempo, cumprindo um hor\u00e1rio livre de 17,5 horas por semana. \u00c9 este o novo estatuto da enfermeira Lu\u00edsa Pereira na r\u00e9gie-cooperativa \u201cBasto Vida\u201d, entidade que tem no Munic\u00edpio de Cabeceiras de Basto o seu principal cooperante.\" \/>\n<meta name=\"robots\" content=\"index, follow, max-snippet:-1, max-image-preview:large, max-video-preview:-1\" \/>\n<link rel=\"canonical\" href=\"https:\/\/terrasdebasto.pt\/?p=3623\" \/>\n<meta property=\"og:locale\" content=\"pt_PT\" \/>\n<meta property=\"og:type\" content=\"article\" \/>\n<meta property=\"og:title\" content=\"&quot;Basto Vida&quot;: presid\u00eancia a &quot;um ter\u00e7o&quot;, dire\u00e7\u00e3o t\u00e9cnica e cl\u00ednica &quot;a meio tempo&quot; - Jornal Terras de Basto\" \/>\n<meta property=\"og:description\" content=\"Diretora-t\u00e9cnica da Unidade de Cuidados Continuados, mas apenas a meio-tempo, cumprindo um hor\u00e1rio livre de 17,5 horas por semana. \u00c9 este o novo estatuto da enfermeira Lu\u00edsa Pereira na r\u00e9gie-cooperativa \u201cBasto Vida\u201d, entidade que tem no Munic\u00edpio de Cabeceiras de Basto o seu principal cooperante.\" \/>\n<meta property=\"og:url\" content=\"https:\/\/terrasdebasto.pt\/?p=3623\" \/>\n<meta property=\"og:site_name\" content=\"Jornal Terras de Basto\" \/>\n<meta property=\"article:published_time\" content=\"2025-02-20T17:01:11+00:00\" \/>\n<meta property=\"article:modified_time\" content=\"2025-02-20T17:01:12+00:00\" \/>\n<meta property=\"og:image\" content=\"https:\/\/terrasdebasto.pt\/wp-content\/uploads\/2025\/02\/FRABCISCO-ALVES-.-LUISA-PEREIRA.jpg\" \/>\n\t<meta property=\"og:image:width\" content=\"668\" \/>\n\t<meta property=\"og:image:height\" content=\"502\" \/>\n\t<meta property=\"og:image:type\" content=\"image\/jpeg\" \/>\n<meta name=\"author\" content=\"Jo\u00e3o Paulo Mesquita\" \/>\n<meta name=\"twitter:card\" content=\"summary_large_image\" \/>\n<meta name=\"twitter:label1\" content=\"Escrito por\" \/>\n\t<meta name=\"twitter:data1\" content=\"Jo\u00e3o Paulo Mesquita\" \/>\n\t<meta name=\"twitter:label2\" content=\"Tempo estimado de leitura\" \/>\n\t<meta name=\"twitter:data2\" content=\"6 minutos\" \/>\n<script type=\"application\/ld+json\" class=\"yoast-schema-graph\">{\"@context\":\"https:\/\/schema.org\",\"@graph\":[{\"@type\":\"Article\",\"@id\":\"https:\/\/terrasdebasto.pt\/?p=3623#article\",\"isPartOf\":{\"@id\":\"https:\/\/terrasdebasto.pt\/?p=3623\"},\"author\":{\"name\":\"Jo\u00e3o Paulo Mesquita\",\"@id\":\"https:\/\/terrasdebasto.pt\/#\/schema\/person\/9f6739f5394ac65c802641773b278b84\"},\"headline\":\"&#8220;Basto Vida&#8221;: presid\u00eancia a &#8220;um ter\u00e7o&#8221;, dire\u00e7\u00e3o t\u00e9cnica e cl\u00ednica &#8220;a meio tempo&#8221;\",\"datePublished\":\"2025-02-20T17:01:11+00:00\",\"dateModified\":\"2025-02-20T17:01:12+00:00\",\"mainEntityOfPage\":{\"@id\":\"https:\/\/terrasdebasto.pt\/?p=3623\"},\"wordCount\":1022,\"commentCount\":0,\"publisher\":{\"@id\":\"https:\/\/terrasdebasto.pt\/#organization\"},\"image\":{\"@id\":\"https:\/\/terrasdebasto.pt\/?p=3623#primaryimage\"},\"thumbnailUrl\":\"https:\/\/terrasdebasto.pt\/wp-content\/uploads\/2025\/02\/FRABCISCO-ALVES-.-LUISA-PEREIRA.jpg\",\"keywords\":[\"Basto Vida\",\"Cabeceiras de Basto\",\"Dire\u00e7\u00e3o T\u00e9cnica\"],\"articleSection\":[\"Cabeceiras de Basto\",\"Terras de Basto\"],\"inLanguage\":\"pt-PT\",\"potentialAction\":[{\"@type\":\"CommentAction\",\"name\":\"Comment\",\"target\":[\"https:\/\/terrasdebasto.pt\/?p=3623#respond\"]}]},{\"@type\":\"WebPage\",\"@id\":\"https:\/\/terrasdebasto.pt\/?p=3623\",\"url\":\"https:\/\/terrasdebasto.pt\/?p=3623\",\"name\":\"\\\"Basto Vida\\\": presid\u00eancia a \\\"um ter\u00e7o\\\", dire\u00e7\u00e3o t\u00e9cnica e cl\u00ednica \\\"a meio tempo\\\" - Jornal Terras de Basto\",\"isPartOf\":{\"@id\":\"https:\/\/terrasdebasto.pt\/#website\"},\"primaryImageOfPage\":{\"@id\":\"https:\/\/terrasdebasto.pt\/?p=3623#primaryimage\"},\"image\":{\"@id\":\"https:\/\/terrasdebasto.pt\/?p=3623#primaryimage\"},\"thumbnailUrl\":\"https:\/\/terrasdebasto.pt\/wp-content\/uploads\/2025\/02\/FRABCISCO-ALVES-.-LUISA-PEREIRA.jpg\",\"datePublished\":\"2025-02-20T17:01:11+00:00\",\"dateModified\":\"2025-02-20T17:01:12+00:00\",\"description\":\"Diretora-t\u00e9cnica da Unidade de Cuidados Continuados, mas apenas a meio-tempo, cumprindo um hor\u00e1rio livre de 17,5 horas por semana. \u00c9 este o novo estatuto da enfermeira Lu\u00edsa Pereira na r\u00e9gie-cooperativa \u201cBasto Vida\u201d, entidade que tem no Munic\u00edpio de Cabeceiras de Basto o seu principal cooperante.\",\"breadcrumb\":{\"@id\":\"https:\/\/terrasdebasto.pt\/?p=3623#breadcrumb\"},\"inLanguage\":\"pt-PT\",\"potentialAction\":[{\"@type\":\"ReadAction\",\"target\":[\"https:\/\/terrasdebasto.pt\/?p=3623\"]}]},{\"@type\":\"ImageObject\",\"inLanguage\":\"pt-PT\",\"@id\":\"https:\/\/terrasdebasto.pt\/?p=3623#primaryimage\",\"url\":\"https:\/\/terrasdebasto.pt\/wp-content\/uploads\/2025\/02\/FRABCISCO-ALVES-.-LUISA-PEREIRA.jpg\",\"contentUrl\":\"https:\/\/terrasdebasto.pt\/wp-content\/uploads\/2025\/02\/FRABCISCO-ALVES-.-LUISA-PEREIRA.jpg\",\"width\":668,\"height\":502},{\"@type\":\"BreadcrumbList\",\"@id\":\"https:\/\/terrasdebasto.pt\/?p=3623#breadcrumb\",\"itemListElement\":[{\"@type\":\"ListItem\",\"position\":1,\"name\":\"In\u00edcio\",\"item\":\"https:\/\/terrasdebasto.pt\/\"},{\"@type\":\"ListItem\",\"position\":2,\"name\":\"&#8220;Basto Vida&#8221;: presid\u00eancia a &#8220;um ter\u00e7o&#8221;, dire\u00e7\u00e3o t\u00e9cnica e cl\u00ednica &#8220;a meio tempo&#8221;\"}]},{\"@type\":\"WebSite\",\"@id\":\"https:\/\/terrasdebasto.pt\/#website\",\"url\":\"https:\/\/terrasdebasto.pt\/\",\"name\":\"Jornal Terras de Basto\",\"description\":\"\",\"publisher\":{\"@id\":\"https:\/\/terrasdebasto.pt\/#organization\"},\"potentialAction\":[{\"@type\":\"SearchAction\",\"target\":{\"@type\":\"EntryPoint\",\"urlTemplate\":\"https:\/\/terrasdebasto.pt\/?s={search_term_string}\"},\"query-input\":{\"@type\":\"PropertyValueSpecification\",\"valueRequired\":true,\"valueName\":\"search_term_string\"}}],\"inLanguage\":\"pt-PT\"},{\"@type\":\"Organization\",\"@id\":\"https:\/\/terrasdebasto.pt\/#organization\",\"name\":\"Jornal Terras de Basto\",\"url\":\"https:\/\/terrasdebasto.pt\/\",\"logo\":{\"@type\":\"ImageObject\",\"inLanguage\":\"pt-PT\",\"@id\":\"https:\/\/terrasdebasto.pt\/#\/schema\/logo\/image\/\",\"url\":\"https:\/\/terrasdebasto.pt\/wp-content\/uploads\/2024\/06\/LogoNormal.png\",\"contentUrl\":\"https:\/\/terrasdebasto.pt\/wp-content\/uploads\/2024\/06\/LogoNormal.png\",\"width\":5638,\"height\":809,\"caption\":\"Jornal Terras de Basto\"},\"image\":{\"@id\":\"https:\/\/terrasdebasto.pt\/#\/schema\/logo\/image\/\"}},{\"@type\":\"Person\",\"@id\":\"https:\/\/terrasdebasto.pt\/#\/schema\/person\/9f6739f5394ac65c802641773b278b84\",\"name\":\"Jo\u00e3o Paulo Mesquita\",\"image\":{\"@type\":\"ImageObject\",\"inLanguage\":\"pt-PT\",\"@id\":\"https:\/\/terrasdebasto.pt\/#\/schema\/person\/image\/\",\"url\":\"https:\/\/secure.gravatar.com\/avatar\/9bd0f299e6d96336664aab64354168246a3ee3287c47891c50d450e47ed9d7f9?s=96&d=mm&r=g\",\"contentUrl\":\"https:\/\/secure.gravatar.com\/avatar\/9bd0f299e6d96336664aab64354168246a3ee3287c47891c50d450e47ed9d7f9?s=96&d=mm&r=g\",\"caption\":\"Jo\u00e3o Paulo Mesquita\"},\"url\":\"https:\/\/terrasdebasto.pt\/?author=7\"}]}<\/script>\n<!-- \/ Yoast SEO plugin. -->","yoast_head_json":{"title":"\"Basto Vida\": presid\u00eancia a \"um ter\u00e7o\", dire\u00e7\u00e3o t\u00e9cnica e cl\u00ednica \"a meio tempo\" - Jornal Terras de Basto","description":"Diretora-t\u00e9cnica da Unidade de Cuidados Continuados, mas apenas a meio-tempo, cumprindo um hor\u00e1rio livre de 17,5 horas por semana. \u00c9 este o novo estatuto da enfermeira Lu\u00edsa Pereira na r\u00e9gie-cooperativa \u201cBasto Vida\u201d, entidade que tem no Munic\u00edpio de Cabeceiras de Basto o seu principal cooperante.","robots":{"index":"index","follow":"follow","max-snippet":"max-snippet:-1","max-image-preview":"max-image-preview:large","max-video-preview":"max-video-preview:-1"},"canonical":"https:\/\/terrasdebasto.pt\/?p=3623","og_locale":"pt_PT","og_type":"article","og_title":"\"Basto Vida\": presid\u00eancia a \"um ter\u00e7o\", dire\u00e7\u00e3o t\u00e9cnica e cl\u00ednica \"a meio tempo\" - Jornal Terras de Basto","og_description":"Diretora-t\u00e9cnica da Unidade de Cuidados Continuados, mas apenas a meio-tempo, cumprindo um hor\u00e1rio livre de 17,5 horas por semana. \u00c9 este o novo estatuto da enfermeira Lu\u00edsa Pereira na r\u00e9gie-cooperativa \u201cBasto Vida\u201d, entidade que tem no Munic\u00edpio de Cabeceiras de Basto o seu principal cooperante.","og_url":"https:\/\/terrasdebasto.pt\/?p=3623","og_site_name":"Jornal Terras de Basto","article_published_time":"2025-02-20T17:01:11+00:00","article_modified_time":"2025-02-20T17:01:12+00:00","og_image":[{"width":668,"height":502,"url":"https:\/\/terrasdebasto.pt\/wp-content\/uploads\/2025\/02\/FRABCISCO-ALVES-.-LUISA-PEREIRA.jpg","type":"image\/jpeg"}],"author":"Jo\u00e3o Paulo Mesquita","twitter_card":"summary_large_image","twitter_misc":{"Escrito por":"Jo\u00e3o Paulo Mesquita","Tempo estimado de leitura":"6 minutos"},"schema":{"@context":"https:\/\/schema.org","@graph":[{"@type":"Article","@id":"https:\/\/terrasdebasto.pt\/?p=3623#article","isPartOf":{"@id":"https:\/\/terrasdebasto.pt\/?p=3623"},"author":{"name":"Jo\u00e3o Paulo Mesquita","@id":"https:\/\/terrasdebasto.pt\/#\/schema\/person\/9f6739f5394ac65c802641773b278b84"},"headline":"&#8220;Basto Vida&#8221;: presid\u00eancia a &#8220;um ter\u00e7o&#8221;, dire\u00e7\u00e3o t\u00e9cnica e cl\u00ednica &#8220;a meio tempo&#8221;","datePublished":"2025-02-20T17:01:11+00:00","dateModified":"2025-02-20T17:01:12+00:00","mainEntityOfPage":{"@id":"https:\/\/terrasdebasto.pt\/?p=3623"},"wordCount":1022,"commentCount":0,"publisher":{"@id":"https:\/\/terrasdebasto.pt\/#organization"},"image":{"@id":"https:\/\/terrasdebasto.pt\/?p=3623#primaryimage"},"thumbnailUrl":"https:\/\/terrasdebasto.pt\/wp-content\/uploads\/2025\/02\/FRABCISCO-ALVES-.-LUISA-PEREIRA.jpg","keywords":["Basto Vida","Cabeceiras de Basto","Dire\u00e7\u00e3o T\u00e9cnica"],"articleSection":["Cabeceiras de Basto","Terras de Basto"],"inLanguage":"pt-PT","potentialAction":[{"@type":"CommentAction","name":"Comment","target":["https:\/\/terrasdebasto.pt\/?p=3623#respond"]}]},{"@type":"WebPage","@id":"https:\/\/terrasdebasto.pt\/?p=3623","url":"https:\/\/terrasdebasto.pt\/?p=3623","name":"\"Basto Vida\": presid\u00eancia a \"um ter\u00e7o\", dire\u00e7\u00e3o t\u00e9cnica e cl\u00ednica \"a meio tempo\" - Jornal Terras de Basto","isPartOf":{"@id":"https:\/\/terrasdebasto.pt\/#website"},"primaryImageOfPage":{"@id":"https:\/\/terrasdebasto.pt\/?p=3623#primaryimage"},"image":{"@id":"https:\/\/terrasdebasto.pt\/?p=3623#primaryimage"},"thumbnailUrl":"https:\/\/terrasdebasto.pt\/wp-content\/uploads\/2025\/02\/FRABCISCO-ALVES-.-LUISA-PEREIRA.jpg","datePublished":"2025-02-20T17:01:11+00:00","dateModified":"2025-02-20T17:01:12+00:00","description":"Diretora-t\u00e9cnica da Unidade de Cuidados Continuados, mas apenas a meio-tempo, cumprindo um hor\u00e1rio livre de 17,5 horas por semana. \u00c9 este o novo estatuto da enfermeira Lu\u00edsa Pereira na r\u00e9gie-cooperativa \u201cBasto Vida\u201d, entidade que tem no Munic\u00edpio de Cabeceiras de Basto o seu principal cooperante.","breadcrumb":{"@id":"https:\/\/terrasdebasto.pt\/?p=3623#breadcrumb"},"inLanguage":"pt-PT","potentialAction":[{"@type":"ReadAction","target":["https:\/\/terrasdebasto.pt\/?p=3623"]}]},{"@type":"ImageObject","inLanguage":"pt-PT","@id":"https:\/\/terrasdebasto.pt\/?p=3623#primaryimage","url":"https:\/\/terrasdebasto.pt\/wp-content\/uploads\/2025\/02\/FRABCISCO-ALVES-.-LUISA-PEREIRA.jpg","contentUrl":"https:\/\/terrasdebasto.pt\/wp-content\/uploads\/2025\/02\/FRABCISCO-ALVES-.-LUISA-PEREIRA.jpg","width":668,"height":502},{"@type":"BreadcrumbList","@id":"https:\/\/terrasdebasto.pt\/?p=3623#breadcrumb","itemListElement":[{"@type":"ListItem","position":1,"name":"In\u00edcio","item":"https:\/\/terrasdebasto.pt\/"},{"@type":"ListItem","position":2,"name":"&#8220;Basto Vida&#8221;: presid\u00eancia a &#8220;um ter\u00e7o&#8221;, dire\u00e7\u00e3o t\u00e9cnica e cl\u00ednica &#8220;a meio tempo&#8221;"}]},{"@type":"WebSite","@id":"https:\/\/terrasdebasto.pt\/#website","url":"https:\/\/terrasdebasto.pt\/","name":"Jornal Terras de Basto","description":"","publisher":{"@id":"https:\/\/terrasdebasto.pt\/#organization"},"potentialAction":[{"@type":"SearchAction","target":{"@type":"EntryPoint","urlTemplate":"https:\/\/terrasdebasto.pt\/?s={search_term_string}"},"query-input":{"@type":"PropertyValueSpecification","valueRequired":true,"valueName":"search_term_string"}}],"inLanguage":"pt-PT"},{"@type":"Organization","@id":"https:\/\/terrasdebasto.pt\/#organization","name":"Jornal Terras de Basto","url":"https:\/\/terrasdebasto.pt\/","logo":{"@type":"ImageObject","inLanguage":"pt-PT","@id":"https:\/\/terrasdebasto.pt\/#\/schema\/logo\/image\/","url":"https:\/\/terrasdebasto.pt\/wp-content\/uploads\/2024\/06\/LogoNormal.png","contentUrl":"https:\/\/terrasdebasto.pt\/wp-content\/uploads\/2024\/06\/LogoNormal.png","width":5638,"height":809,"caption":"Jornal Terras de Basto"},"image":{"@id":"https:\/\/terrasdebasto.pt\/#\/schema\/logo\/image\/"}},{"@type":"Person","@id":"https:\/\/terrasdebasto.pt\/#\/schema\/person\/9f6739f5394ac65c802641773b278b84","name":"Jo\u00e3o Paulo Mesquita","image":{"@type":"ImageObject","inLanguage":"pt-PT","@id":"https:\/\/terrasdebasto.pt\/#\/schema\/person\/image\/","url":"https:\/\/secure.gravatar.com\/avatar\/9bd0f299e6d96336664aab64354168246a3ee3287c47891c50d450e47ed9d7f9?s=96&d=mm&r=g","contentUrl":"https:\/\/secure.gravatar.com\/avatar\/9bd0f299e6d96336664aab64354168246a3ee3287c47891c50d450e47ed9d7f9?s=96&d=mm&r=g","caption":"Jo\u00e3o Paulo Mesquita"},"url":"https:\/\/terrasdebasto.pt\/?author=7"}]}},"_links":{"self":[{"href":"https:\/\/terrasdebasto.pt\/index.php?rest_route=\/wp\/v2\/posts\/3623","targetHints":{"allow":["GET"]}}],"collection":[{"href":"https:\/\/terrasdebasto.pt\/index.php?rest_route=\/wp\/v2\/posts"}],"about":[{"href":"https:\/\/terrasdebasto.pt\/index.php?rest_route=\/wp\/v2\/types\/post"}],"author":[{"embeddable":true,"href":"https:\/\/terrasdebasto.pt\/index.php?rest_route=\/wp\/v2\/users\/7"}],"replies":[{"embeddable":true,"href":"https:\/\/terrasdebasto.pt\/index.php?rest_route=%2Fwp%2Fv2%2Fcomments&post=3623"}],"version-history":[{"count":1,"href":"https:\/\/terrasdebasto.pt\/index.php?rest_route=\/wp\/v2\/posts\/3623\/revisions"}],"predecessor-version":[{"id":3625,"href":"https:\/\/terrasdebasto.pt\/index.php?rest_route=\/wp\/v2\/posts\/3623\/revisions\/3625"}],"wp:featuredmedia":[{"embeddable":true,"href":"https:\/\/terrasdebasto.pt\/index.php?rest_route=\/wp\/v2\/media\/3624"}],"wp:attachment":[{"href":"https:\/\/terrasdebasto.pt\/index.php?rest_route=%2Fwp%2Fv2%2Fmedia&parent=3623"}],"wp:term":[{"taxonomy":"category","embeddable":true,"href":"https:\/\/terrasdebasto.pt\/index.php?rest_route=%2Fwp%2Fv2%2Fcategories&post=3623"},{"taxonomy":"post_tag","embeddable":true,"href":"https:\/\/terrasdebasto.pt\/index.php?rest_route=%2Fwp%2Fv2%2Ftags&post=3623"}],"curies":[{"name":"wp","href":"https:\/\/api.w.org\/{rel}","templated":true}]}}