{"id":3602,"date":"2025-02-20T12:02:59","date_gmt":"2025-02-20T12:02:59","guid":{"rendered":"https:\/\/terrasdebasto.pt\/?p=3602"},"modified":"2025-02-20T12:02:59","modified_gmt":"2025-02-20T12:02:59","slug":"eventual-assedio-moral-a-funcionaria-aquece-relacoes-na-camara-de-cabeceiras","status":"publish","type":"post","link":"https:\/\/terrasdebasto.pt\/?p=3602","title":{"rendered":"Eventual ass\u00e9dio moral a funcion\u00e1ria aquece rela\u00e7\u00f5es na c\u00e2mara de Cabeceiras"},"content":{"rendered":"\n<p><\/p>\n\n\n\n<p><strong>O assunto promete ser, em contexto pr\u00e9-eleitoral, o primeiro desaguisado entre socialistas, no poder, e sociais-democratas, que pretendem vencer as pr\u00f3ximas aut\u00e1rquicas em Cabeceiras de Basto. Em causa est\u00e1 a tempestuosa rela\u00e7\u00e3o entre a tutela dos servi\u00e7os municipais e uma funcion\u00e1ria municipal, prov\u00e1vel candidata pela oposi\u00e7\u00e3o \u00e0 lideran\u00e7a de uma das mais relevantes autarquias locais.<\/strong><\/p>\n\n\n\n<p>Sob a forma de perguntas \u00e0 vereadora da tutela, o assunto foi levado \u00e0 \u00faltima reuni\u00e3o da c\u00e2mara pelo l\u00edder da oposi\u00e7\u00e3o e candidato anunciado \u00e0 presid\u00eancia, Manuel Ant\u00f3nio Teixeira, que quis saber se, nalgum momento, Carla Lousada tinha prometido fun\u00e7\u00f5es de coordena\u00e7\u00e3o de servi\u00e7os \u00e0 funcion\u00e1ria em causa \u2013 cujo nome nunca referiu \u2013 e se, nunca tendo cumprido a promessa, alguma vez alegara que tal se devia ao facto de o seu marido ter integrado as listas da coliga\u00e7\u00e3o \u201cFazer Diferente\u201d.<\/p>\n\n\n\n<p>Sem grandes demoras \u2013 e mesmo sem nenhuma das partes ter referido o nome da funcion\u00e1ria &#8211;, a vereadora da tutela garantia \u00abnunca\u00bb ter prometido \u00abnenhum cargo a nenhum trabalhador municipal\u00bb e que, como tal, \u00abnunca poderia ter feito tal afirma\u00e7\u00e3o\u00bb.<\/p>\n\n\n\n<p>Manuel Ant\u00f3nio Teixeira insistiu no assunto, perguntando \u00e0 tutela se confirmava o facto de, \u00abap\u00f3s regressar de uma baixa m\u00e9dica\u00bb, n\u00e3o ter sido permitido \u00e0 mesma colaboradora assumir as fun\u00e7\u00f5es que exercia, antes \u00abtendo sido deslocada para a Biblioteca Municipal de Arco de Ba\u00falhe\u00bb.<\/p>\n\n\n\n<p>Perguntava ainda o primeiro vereador da oposi\u00e7\u00e3o se, \u00abdepois de ter regressado ao seu antigo posto de trabalho\u00bb, era verdade \u00abn\u00e3o lhe ter sido distribu\u00edda qualquer tarefa\u00bb \u00e0 funcion\u00e1ria em causa e se \u00abn\u00e3o tinha posto de trabalho, nem sequer uma cadeira para se sentar\u00bb ou \u00abqualquer fun\u00e7\u00e3o para desempenhar\u00bb.<\/p>\n\n\n\n<p>Justificou Carla Lousada que, \u00abpor [a colaboradora em causa] ter estado de baixa m\u00e9dica por longo per\u00edodo, teve de atribuir as respetivas fun\u00e7\u00f5es a outra colaboradora\u00bb, n\u00e3o explicando se tinha sido ent\u00e3o extinto o posto de trabalho esta funcion\u00e1ria ou por que raz\u00e3o n\u00e3o lhe foi proposta nova fun\u00e7\u00e3o.<\/p>\n\n\n\n<p>O tema mereceu ainda uma breve interven\u00e7\u00e3o do primeiro vereador do movimento de cidad\u00e3os \u201cIPC\u201d, Jorge Machado, que discordou do facto que leva temas desta natureza profissional \u00e0 reuni\u00e3o de c\u00e2mara.<\/p>\n\n\n\n<p>O assunto \u2013 que implica com Sameiro Marques, a prov\u00e1vel candidata da coliga\u00e7\u00e3o PSD\/CDS \u00e0 Uni\u00e3o de Freguesias de Arco de Ba\u00falhe e Vila Nune \u2013 promete novos epis\u00f3dios para os pr\u00f3ximos dias, eventualmente j\u00e1 esta sexta-feira (21), em contexto de assembleia municipal. [Reda\u00e7\u00e3o].<\/p>\n","protected":false},"excerpt":{"rendered":"<p>O assunto promete ser, em contexto pr\u00e9-eleitoral, o primeiro desaguisado entre socialistas, no poder, e sociais-democratas, que pretendem vencer as pr\u00f3ximas aut\u00e1rquicas em Cabeceiras de Basto. Em causa est\u00e1 a tempestuosa rela\u00e7\u00e3o entre a tutela dos servi\u00e7os municipais e uma funcion\u00e1ria municipal, prov\u00e1vel candidata pela oposi\u00e7\u00e3o \u00e0 lideran\u00e7a de uma das mais relevantes autarquias locais. [&hellip;]<\/p>\n","protected":false},"author":7,"featured_media":3603,"comment_status":"open","ping_status":"open","sticky":false,"template":"","format":"standard","meta":{"footnotes":""},"categories":[12,9],"tags":[568],"class_list":{"0":"post-3602","1":"post","2":"type-post","3":"status-publish","4":"format-standard","5":"has-post-thumbnail","7":"category-cabeceiras-de-basto","8":"category-terras-de-basto","9":"tag-camara-municipal-de-cabeceiras-de-basto"},"yoast_head":"<!-- This site is optimized with the Yoast SEO plugin v25.7 - https:\/\/yoast.com\/wordpress\/plugins\/seo\/ -->\n<title>Eventual ass\u00e9dio moral a funcion\u00e1ria aquece rela\u00e7\u00f5es na c\u00e2mara de Cabeceiras - Jornal Terras de Basto<\/title>\n<meta name=\"description\" content=\"O assunto promete ser, em contexto pr\u00e9-eleitoral, o primeiro desaguisado entre socialistas, no poder, e sociais-democratas, que pretendem vencer as pr\u00f3ximas aut\u00e1rquicas em Cabeceiras de Basto. Em causa est\u00e1 a tempestuosa rela\u00e7\u00e3o entre a tutela dos servi\u00e7os municipais e uma funcion\u00e1ria municipal, prov\u00e1vel candidata pela oposi\u00e7\u00e3o \u00e0 lideran\u00e7a de uma das mais relevantes autarquias locais.\" \/>\n<meta name=\"robots\" content=\"index, follow, max-snippet:-1, max-image-preview:large, max-video-preview:-1\" \/>\n<link rel=\"canonical\" href=\"https:\/\/terrasdebasto.pt\/?p=3602\" \/>\n<meta property=\"og:locale\" content=\"pt_PT\" \/>\n<meta property=\"og:type\" content=\"article\" \/>\n<meta property=\"og:title\" content=\"Eventual ass\u00e9dio moral a funcion\u00e1ria aquece rela\u00e7\u00f5es na c\u00e2mara de Cabeceiras - Jornal Terras de Basto\" \/>\n<meta property=\"og:description\" content=\"O assunto promete ser, em contexto pr\u00e9-eleitoral, o primeiro desaguisado entre socialistas, no poder, e sociais-democratas, que pretendem vencer as pr\u00f3ximas aut\u00e1rquicas em Cabeceiras de Basto. Em causa est\u00e1 a tempestuosa rela\u00e7\u00e3o entre a tutela dos servi\u00e7os municipais e uma funcion\u00e1ria municipal, prov\u00e1vel candidata pela oposi\u00e7\u00e3o \u00e0 lideran\u00e7a de uma das mais relevantes autarquias locais.\" \/>\n<meta property=\"og:url\" content=\"https:\/\/terrasdebasto.pt\/?p=3602\" \/>\n<meta property=\"og:site_name\" content=\"Jornal Terras de Basto\" \/>\n<meta property=\"article:published_time\" content=\"2025-02-20T12:02:59+00:00\" \/>\n<meta property=\"og:image\" content=\"https:\/\/terrasdebasto.pt\/wp-content\/uploads\/2025\/02\/CAMARA-CABECEIRAS-scaled.jpg\" \/>\n\t<meta property=\"og:image:width\" content=\"2560\" \/>\n\t<meta property=\"og:image:height\" content=\"1721\" \/>\n\t<meta property=\"og:image:type\" content=\"image\/jpeg\" \/>\n<meta name=\"author\" content=\"Jo\u00e3o Paulo Mesquita\" \/>\n<meta name=\"twitter:card\" content=\"summary_large_image\" \/>\n<meta name=\"twitter:label1\" content=\"Escrito por\" \/>\n\t<meta name=\"twitter:data1\" content=\"Jo\u00e3o Paulo Mesquita\" \/>\n\t<meta name=\"twitter:label2\" content=\"Tempo estimado de leitura\" \/>\n\t<meta name=\"twitter:data2\" content=\"3 minutos\" \/>\n<script type=\"application\/ld+json\" class=\"yoast-schema-graph\">{\"@context\":\"https:\/\/schema.org\",\"@graph\":[{\"@type\":\"Article\",\"@id\":\"https:\/\/terrasdebasto.pt\/?p=3602#article\",\"isPartOf\":{\"@id\":\"https:\/\/terrasdebasto.pt\/?p=3602\"},\"author\":{\"name\":\"Jo\u00e3o Paulo Mesquita\",\"@id\":\"https:\/\/terrasdebasto.pt\/#\/schema\/person\/9f6739f5394ac65c802641773b278b84\"},\"headline\":\"Eventual ass\u00e9dio moral a funcion\u00e1ria aquece rela\u00e7\u00f5es na c\u00e2mara de Cabeceiras\",\"datePublished\":\"2025-02-20T12:02:59+00:00\",\"mainEntityOfPage\":{\"@id\":\"https:\/\/terrasdebasto.pt\/?p=3602\"},\"wordCount\":451,\"commentCount\":0,\"publisher\":{\"@id\":\"https:\/\/terrasdebasto.pt\/#organization\"},\"image\":{\"@id\":\"https:\/\/terrasdebasto.pt\/?p=3602#primaryimage\"},\"thumbnailUrl\":\"https:\/\/terrasdebasto.pt\/wp-content\/uploads\/2025\/02\/CAMARA-CABECEIRAS-scaled.jpg\",\"keywords\":[\"C\u00e2mara Municipal de Cabeceiras de Basto\"],\"articleSection\":[\"Cabeceiras de Basto\",\"Terras de Basto\"],\"inLanguage\":\"pt-PT\",\"potentialAction\":[{\"@type\":\"CommentAction\",\"name\":\"Comment\",\"target\":[\"https:\/\/terrasdebasto.pt\/?p=3602#respond\"]}]},{\"@type\":\"WebPage\",\"@id\":\"https:\/\/terrasdebasto.pt\/?p=3602\",\"url\":\"https:\/\/terrasdebasto.pt\/?p=3602\",\"name\":\"Eventual ass\u00e9dio moral a funcion\u00e1ria aquece rela\u00e7\u00f5es na c\u00e2mara de Cabeceiras - Jornal Terras de Basto\",\"isPartOf\":{\"@id\":\"https:\/\/terrasdebasto.pt\/#website\"},\"primaryImageOfPage\":{\"@id\":\"https:\/\/terrasdebasto.pt\/?p=3602#primaryimage\"},\"image\":{\"@id\":\"https:\/\/terrasdebasto.pt\/?p=3602#primaryimage\"},\"thumbnailUrl\":\"https:\/\/terrasdebasto.pt\/wp-content\/uploads\/2025\/02\/CAMARA-CABECEIRAS-scaled.jpg\",\"datePublished\":\"2025-02-20T12:02:59+00:00\",\"description\":\"O assunto promete ser, em contexto pr\u00e9-eleitoral, o primeiro desaguisado entre socialistas, no poder, e sociais-democratas, que pretendem vencer as pr\u00f3ximas aut\u00e1rquicas em Cabeceiras de Basto. Em causa est\u00e1 a tempestuosa rela\u00e7\u00e3o entre a tutela dos servi\u00e7os municipais e uma funcion\u00e1ria municipal, prov\u00e1vel candidata pela oposi\u00e7\u00e3o \u00e0 lideran\u00e7a de uma das mais relevantes autarquias locais.\",\"breadcrumb\":{\"@id\":\"https:\/\/terrasdebasto.pt\/?p=3602#breadcrumb\"},\"inLanguage\":\"pt-PT\",\"potentialAction\":[{\"@type\":\"ReadAction\",\"target\":[\"https:\/\/terrasdebasto.pt\/?p=3602\"]}]},{\"@type\":\"ImageObject\",\"inLanguage\":\"pt-PT\",\"@id\":\"https:\/\/terrasdebasto.pt\/?p=3602#primaryimage\",\"url\":\"https:\/\/terrasdebasto.pt\/wp-content\/uploads\/2025\/02\/CAMARA-CABECEIRAS-scaled.jpg\",\"contentUrl\":\"https:\/\/terrasdebasto.pt\/wp-content\/uploads\/2025\/02\/CAMARA-CABECEIRAS-scaled.jpg\",\"width\":2560,\"height\":1721},{\"@type\":\"BreadcrumbList\",\"@id\":\"https:\/\/terrasdebasto.pt\/?p=3602#breadcrumb\",\"itemListElement\":[{\"@type\":\"ListItem\",\"position\":1,\"name\":\"In\u00edcio\",\"item\":\"https:\/\/terrasdebasto.pt\/\"},{\"@type\":\"ListItem\",\"position\":2,\"name\":\"Eventual ass\u00e9dio moral a funcion\u00e1ria aquece rela\u00e7\u00f5es na c\u00e2mara de Cabeceiras\"}]},{\"@type\":\"WebSite\",\"@id\":\"https:\/\/terrasdebasto.pt\/#website\",\"url\":\"https:\/\/terrasdebasto.pt\/\",\"name\":\"Jornal Terras de Basto\",\"description\":\"\",\"publisher\":{\"@id\":\"https:\/\/terrasdebasto.pt\/#organization\"},\"potentialAction\":[{\"@type\":\"SearchAction\",\"target\":{\"@type\":\"EntryPoint\",\"urlTemplate\":\"https:\/\/terrasdebasto.pt\/?s={search_term_string}\"},\"query-input\":{\"@type\":\"PropertyValueSpecification\",\"valueRequired\":true,\"valueName\":\"search_term_string\"}}],\"inLanguage\":\"pt-PT\"},{\"@type\":\"Organization\",\"@id\":\"https:\/\/terrasdebasto.pt\/#organization\",\"name\":\"Jornal Terras de Basto\",\"url\":\"https:\/\/terrasdebasto.pt\/\",\"logo\":{\"@type\":\"ImageObject\",\"inLanguage\":\"pt-PT\",\"@id\":\"https:\/\/terrasdebasto.pt\/#\/schema\/logo\/image\/\",\"url\":\"https:\/\/terrasdebasto.pt\/wp-content\/uploads\/2024\/06\/LogoNormal.png\",\"contentUrl\":\"https:\/\/terrasdebasto.pt\/wp-content\/uploads\/2024\/06\/LogoNormal.png\",\"width\":5638,\"height\":809,\"caption\":\"Jornal Terras de Basto\"},\"image\":{\"@id\":\"https:\/\/terrasdebasto.pt\/#\/schema\/logo\/image\/\"}},{\"@type\":\"Person\",\"@id\":\"https:\/\/terrasdebasto.pt\/#\/schema\/person\/9f6739f5394ac65c802641773b278b84\",\"name\":\"Jo\u00e3o Paulo Mesquita\",\"image\":{\"@type\":\"ImageObject\",\"inLanguage\":\"pt-PT\",\"@id\":\"https:\/\/terrasdebasto.pt\/#\/schema\/person\/image\/\",\"url\":\"https:\/\/secure.gravatar.com\/avatar\/9bd0f299e6d96336664aab64354168246a3ee3287c47891c50d450e47ed9d7f9?s=96&d=mm&r=g\",\"contentUrl\":\"https:\/\/secure.gravatar.com\/avatar\/9bd0f299e6d96336664aab64354168246a3ee3287c47891c50d450e47ed9d7f9?s=96&d=mm&r=g\",\"caption\":\"Jo\u00e3o Paulo Mesquita\"},\"url\":\"https:\/\/terrasdebasto.pt\/?author=7\"}]}<\/script>\n<!-- \/ Yoast SEO plugin. -->","yoast_head_json":{"title":"Eventual ass\u00e9dio moral a funcion\u00e1ria aquece rela\u00e7\u00f5es na c\u00e2mara de Cabeceiras - Jornal Terras de Basto","description":"O assunto promete ser, em contexto pr\u00e9-eleitoral, o primeiro desaguisado entre socialistas, no poder, e sociais-democratas, que pretendem vencer as pr\u00f3ximas aut\u00e1rquicas em Cabeceiras de Basto. Em causa est\u00e1 a tempestuosa rela\u00e7\u00e3o entre a tutela dos servi\u00e7os municipais e uma funcion\u00e1ria municipal, prov\u00e1vel candidata pela oposi\u00e7\u00e3o \u00e0 lideran\u00e7a de uma das mais relevantes autarquias locais.","robots":{"index":"index","follow":"follow","max-snippet":"max-snippet:-1","max-image-preview":"max-image-preview:large","max-video-preview":"max-video-preview:-1"},"canonical":"https:\/\/terrasdebasto.pt\/?p=3602","og_locale":"pt_PT","og_type":"article","og_title":"Eventual ass\u00e9dio moral a funcion\u00e1ria aquece rela\u00e7\u00f5es na c\u00e2mara de Cabeceiras - Jornal Terras de Basto","og_description":"O assunto promete ser, em contexto pr\u00e9-eleitoral, o primeiro desaguisado entre socialistas, no poder, e sociais-democratas, que pretendem vencer as pr\u00f3ximas aut\u00e1rquicas em Cabeceiras de Basto. Em causa est\u00e1 a tempestuosa rela\u00e7\u00e3o entre a tutela dos servi\u00e7os municipais e uma funcion\u00e1ria municipal, prov\u00e1vel candidata pela oposi\u00e7\u00e3o \u00e0 lideran\u00e7a de uma das mais relevantes autarquias locais.","og_url":"https:\/\/terrasdebasto.pt\/?p=3602","og_site_name":"Jornal Terras de Basto","article_published_time":"2025-02-20T12:02:59+00:00","og_image":[{"width":2560,"height":1721,"url":"https:\/\/terrasdebasto.pt\/wp-content\/uploads\/2025\/02\/CAMARA-CABECEIRAS-scaled.jpg","type":"image\/jpeg"}],"author":"Jo\u00e3o Paulo Mesquita","twitter_card":"summary_large_image","twitter_misc":{"Escrito por":"Jo\u00e3o Paulo Mesquita","Tempo estimado de leitura":"3 minutos"},"schema":{"@context":"https:\/\/schema.org","@graph":[{"@type":"Article","@id":"https:\/\/terrasdebasto.pt\/?p=3602#article","isPartOf":{"@id":"https:\/\/terrasdebasto.pt\/?p=3602"},"author":{"name":"Jo\u00e3o Paulo Mesquita","@id":"https:\/\/terrasdebasto.pt\/#\/schema\/person\/9f6739f5394ac65c802641773b278b84"},"headline":"Eventual ass\u00e9dio moral a funcion\u00e1ria aquece rela\u00e7\u00f5es na c\u00e2mara de Cabeceiras","datePublished":"2025-02-20T12:02:59+00:00","mainEntityOfPage":{"@id":"https:\/\/terrasdebasto.pt\/?p=3602"},"wordCount":451,"commentCount":0,"publisher":{"@id":"https:\/\/terrasdebasto.pt\/#organization"},"image":{"@id":"https:\/\/terrasdebasto.pt\/?p=3602#primaryimage"},"thumbnailUrl":"https:\/\/terrasdebasto.pt\/wp-content\/uploads\/2025\/02\/CAMARA-CABECEIRAS-scaled.jpg","keywords":["C\u00e2mara Municipal de Cabeceiras de Basto"],"articleSection":["Cabeceiras de Basto","Terras de Basto"],"inLanguage":"pt-PT","potentialAction":[{"@type":"CommentAction","name":"Comment","target":["https:\/\/terrasdebasto.pt\/?p=3602#respond"]}]},{"@type":"WebPage","@id":"https:\/\/terrasdebasto.pt\/?p=3602","url":"https:\/\/terrasdebasto.pt\/?p=3602","name":"Eventual ass\u00e9dio moral a funcion\u00e1ria aquece rela\u00e7\u00f5es na c\u00e2mara de Cabeceiras - Jornal Terras de Basto","isPartOf":{"@id":"https:\/\/terrasdebasto.pt\/#website"},"primaryImageOfPage":{"@id":"https:\/\/terrasdebasto.pt\/?p=3602#primaryimage"},"image":{"@id":"https:\/\/terrasdebasto.pt\/?p=3602#primaryimage"},"thumbnailUrl":"https:\/\/terrasdebasto.pt\/wp-content\/uploads\/2025\/02\/CAMARA-CABECEIRAS-scaled.jpg","datePublished":"2025-02-20T12:02:59+00:00","description":"O assunto promete ser, em contexto pr\u00e9-eleitoral, o primeiro desaguisado entre socialistas, no poder, e sociais-democratas, que pretendem vencer as pr\u00f3ximas aut\u00e1rquicas em Cabeceiras de Basto. Em causa est\u00e1 a tempestuosa rela\u00e7\u00e3o entre a tutela dos servi\u00e7os municipais e uma funcion\u00e1ria municipal, prov\u00e1vel candidata pela oposi\u00e7\u00e3o \u00e0 lideran\u00e7a de uma das mais relevantes autarquias locais.","breadcrumb":{"@id":"https:\/\/terrasdebasto.pt\/?p=3602#breadcrumb"},"inLanguage":"pt-PT","potentialAction":[{"@type":"ReadAction","target":["https:\/\/terrasdebasto.pt\/?p=3602"]}]},{"@type":"ImageObject","inLanguage":"pt-PT","@id":"https:\/\/terrasdebasto.pt\/?p=3602#primaryimage","url":"https:\/\/terrasdebasto.pt\/wp-content\/uploads\/2025\/02\/CAMARA-CABECEIRAS-scaled.jpg","contentUrl":"https:\/\/terrasdebasto.pt\/wp-content\/uploads\/2025\/02\/CAMARA-CABECEIRAS-scaled.jpg","width":2560,"height":1721},{"@type":"BreadcrumbList","@id":"https:\/\/terrasdebasto.pt\/?p=3602#breadcrumb","itemListElement":[{"@type":"ListItem","position":1,"name":"In\u00edcio","item":"https:\/\/terrasdebasto.pt\/"},{"@type":"ListItem","position":2,"name":"Eventual ass\u00e9dio moral a funcion\u00e1ria aquece rela\u00e7\u00f5es na c\u00e2mara de Cabeceiras"}]},{"@type":"WebSite","@id":"https:\/\/terrasdebasto.pt\/#website","url":"https:\/\/terrasdebasto.pt\/","name":"Jornal Terras de Basto","description":"","publisher":{"@id":"https:\/\/terrasdebasto.pt\/#organization"},"potentialAction":[{"@type":"SearchAction","target":{"@type":"EntryPoint","urlTemplate":"https:\/\/terrasdebasto.pt\/?s={search_term_string}"},"query-input":{"@type":"PropertyValueSpecification","valueRequired":true,"valueName":"search_term_string"}}],"inLanguage":"pt-PT"},{"@type":"Organization","@id":"https:\/\/terrasdebasto.pt\/#organization","name":"Jornal Terras de Basto","url":"https:\/\/terrasdebasto.pt\/","logo":{"@type":"ImageObject","inLanguage":"pt-PT","@id":"https:\/\/terrasdebasto.pt\/#\/schema\/logo\/image\/","url":"https:\/\/terrasdebasto.pt\/wp-content\/uploads\/2024\/06\/LogoNormal.png","contentUrl":"https:\/\/terrasdebasto.pt\/wp-content\/uploads\/2024\/06\/LogoNormal.png","width":5638,"height":809,"caption":"Jornal Terras de Basto"},"image":{"@id":"https:\/\/terrasdebasto.pt\/#\/schema\/logo\/image\/"}},{"@type":"Person","@id":"https:\/\/terrasdebasto.pt\/#\/schema\/person\/9f6739f5394ac65c802641773b278b84","name":"Jo\u00e3o Paulo Mesquita","image":{"@type":"ImageObject","inLanguage":"pt-PT","@id":"https:\/\/terrasdebasto.pt\/#\/schema\/person\/image\/","url":"https:\/\/secure.gravatar.com\/avatar\/9bd0f299e6d96336664aab64354168246a3ee3287c47891c50d450e47ed9d7f9?s=96&d=mm&r=g","contentUrl":"https:\/\/secure.gravatar.com\/avatar\/9bd0f299e6d96336664aab64354168246a3ee3287c47891c50d450e47ed9d7f9?s=96&d=mm&r=g","caption":"Jo\u00e3o Paulo Mesquita"},"url":"https:\/\/terrasdebasto.pt\/?author=7"}]}},"_links":{"self":[{"href":"https:\/\/terrasdebasto.pt\/index.php?rest_route=\/wp\/v2\/posts\/3602","targetHints":{"allow":["GET"]}}],"collection":[{"href":"https:\/\/terrasdebasto.pt\/index.php?rest_route=\/wp\/v2\/posts"}],"about":[{"href":"https:\/\/terrasdebasto.pt\/index.php?rest_route=\/wp\/v2\/types\/post"}],"author":[{"embeddable":true,"href":"https:\/\/terrasdebasto.pt\/index.php?rest_route=\/wp\/v2\/users\/7"}],"replies":[{"embeddable":true,"href":"https:\/\/terrasdebasto.pt\/index.php?rest_route=%2Fwp%2Fv2%2Fcomments&post=3602"}],"version-history":[{"count":1,"href":"https:\/\/terrasdebasto.pt\/index.php?rest_route=\/wp\/v2\/posts\/3602\/revisions"}],"predecessor-version":[{"id":3604,"href":"https:\/\/terrasdebasto.pt\/index.php?rest_route=\/wp\/v2\/posts\/3602\/revisions\/3604"}],"wp:featuredmedia":[{"embeddable":true,"href":"https:\/\/terrasdebasto.pt\/index.php?rest_route=\/wp\/v2\/media\/3603"}],"wp:attachment":[{"href":"https:\/\/terrasdebasto.pt\/index.php?rest_route=%2Fwp%2Fv2%2Fmedia&parent=3602"}],"wp:term":[{"taxonomy":"category","embeddable":true,"href":"https:\/\/terrasdebasto.pt\/index.php?rest_route=%2Fwp%2Fv2%2Fcategories&post=3602"},{"taxonomy":"post_tag","embeddable":true,"href":"https:\/\/terrasdebasto.pt\/index.php?rest_route=%2Fwp%2Fv2%2Ftags&post=3602"}],"curies":[{"name":"wp","href":"https:\/\/api.w.org\/{rel}","templated":true}]}}