{"id":3599,"date":"2025-02-19T11:20:38","date_gmt":"2025-02-19T11:20:38","guid":{"rendered":"https:\/\/terrasdebasto.pt\/?p=3599"},"modified":"2025-02-19T11:20:38","modified_gmt":"2025-02-19T11:20:38","slug":"mais-uma-otima-edicao-do-terras-de-basto-8","status":"publish","type":"post","link":"https:\/\/terrasdebasto.pt\/?p=3599","title":{"rendered":"Mais uma \u00f3tima edi\u00e7\u00e3o do Terras de Basto"},"content":{"rendered":"\n<p><strong>Rompeu o \u00faltimo fio, como prev\u00edramos. A pol\u00edtica local est\u00e1 ao rubro em Cabeceiras de Basto. O bloco camar\u00e1rio, liderado pelo presidente e pelo vice-presidente da c\u00e2mara, despachou do cen\u00e1rio aut\u00e1rquico o hist\u00f3rico socialista Joaquim Barreto. Depois de arranjarem algumas querelas, vieram agora a p\u00fablico confirmar: est\u00e3o \u00e0 procura de novo candidato \u00e0 assembleia. Dizem v\u00e1rias fontes que o putativo pretendente a substituto ser\u00e1 mesmo o \u201cinimigo pol\u00edtico\u201d de Barreto.<\/strong><\/p>\n\n\n\n<p>E este tema volta a ser, mais uma vez, o primeiro destaque de capa de mais uma \u00f3tima edi\u00e7\u00e3o impressa do quinzen\u00e1rio Terras de Basto, a sair agora para as bancas.<\/p>\n\n\n\n<p>Com esta edi\u00e7\u00e3o, o Terras de Basto inicia tamb\u00e9m um ciclo de entrevistas que pretende levar a cabo at\u00e9 \u00e0s elei\u00e7\u00f5es aut\u00e1rquicas deste ano, com enfoque nos autarcas e putativos autarcas dos principais polos urbanos dos quatro concelhos. Come\u00e7amos por Celorico de Basto. Por raz\u00f5es estrat\u00e9gicas, Jos\u00e9 Peixoto Lima, que cumpre agora o seu primeiro mandato, n\u00e3o quer assumir ainda a \u00f3bvia recandidatura. Responde de outra forma: \u00abh\u00e1 obra inacabada e objetivos por cumprir\u00bb. O que quer dizer que\u2026<\/p>\n\n\n\n<p>Na habitual caixa de chamadas, vamos a Ribeira de Pena. \u00c9 apresentado como um fim-de-semana cheio de sabor. S\u00e3o os \u201cmilhos\u201d de Ribeira de Pena, tr\u00eas dias dedicados ao cartaz gastron\u00f3mico mais forte do concelho. Acontece a 28 de fevereiro e a 1 e 2 de mar\u00e7o. Leia a entrevista com o t\u00e9cnico municipal de turismo Daniel Cardoso e saiba o que distingue os \u201cesfu\u00e7ados\u201d, os \u201cencornados\u201d e os \u201cesgravatados\u201d.<\/p>\n\n\n\n<p>Em contexto semelhante, saltamos a Mondim de Basto. Mondim de Basto que est\u00e1 em contagem decrescente para o \u201cdomingo magro\u201d de Carnaval e para o tradicional \u201cLeil\u00e3o das Carnes\u201d que todos os anos se realiza na Aldeia de Travassos, na freguesia do Bilh\u00f3. Nesta aldeia revive-se, assim, uma das tradi\u00e7\u00f5es mais genu\u00ednas da \u00e9poca carnavalesca.<\/p>\n\n\n\n<p>E com mar\u00e7o \u00e0 porta, a\u00ed est\u00e3o as cam\u00e9lias. Celorico de Basto quer que a marca registada de \u201ccapital das cam\u00e9lias\u201d seja um valor acrescentado para o concelho durante todo o ano, preparando-se para celebrar neste contexto um protocolo com o programa \u201cCi\u00eancia Viva\u201d para criar a \u201cQuinta das Cam\u00e9lias\u201d, um projeto pedag\u00f3gico e cient\u00edfico visit\u00e1vel pelo p\u00fablico.<\/p>\n\n\n\n<p>Num trabalho do nosso colaborador Pedro Teixeira Gon\u00e7alves, voltamos ainda \u201cAos primeiros pontap\u00e9s na bola em Terras de Basto\u201d. Fique a saber mais sobre a funda\u00e7\u00e3o dos hist\u00f3ricos Arcoense Futebol Clube e Desportivo Cabeceirense, nesta que \u00e9 a segunda parte de um trabalho de investiga\u00e7\u00e3o do historiador Pedro Teixeira Gon\u00e7alves.<\/p>\n\n\n\n<p>Por n\u00f3s, boas leituras com o Terras de Basto.<\/p>\n\n\n\n<p>Jo\u00e3o Paulo Mesquita, diretor<\/p>\n","protected":false},"excerpt":{"rendered":"<p>Rompeu o \u00faltimo fio, como prev\u00edramos. A pol\u00edtica local est\u00e1 ao rubro em Cabeceiras de Basto. O bloco camar\u00e1rio, liderado pelo presidente e pelo vice-presidente da c\u00e2mara, despachou do cen\u00e1rio aut\u00e1rquico o hist\u00f3rico socialista Joaquim Barreto. Depois de arranjarem algumas querelas, vieram agora a p\u00fablico confirmar: est\u00e3o \u00e0 procura de novo candidato \u00e0 assembleia. Dizem [&hellip;]<\/p>\n","protected":false},"author":7,"featured_media":3600,"comment_status":"open","ping_status":"open","sticky":false,"template":"","format":"standard","meta":{"footnotes":""},"categories":[27,12,13,7,28,14,16,26,9],"tags":[502],"class_list":{"0":"post-3599","1":"post","2":"type-post","3":"status-publish","4":"format-standard","5":"has-post-thumbnail","7":"category-artigo-de-opiniao","8":"category-cabeceiras-de-basto","9":"category-celorico-de-basto","10":"category-cultura","11":"category-entrevista","12":"category-gastronomia","13":"category-mondim-de-basto","14":"category-ribeira-de-pena","15":"category-terras-de-basto","16":"tag-jornal-terras-de-basto"},"yoast_head":"<!-- This site is optimized with the Yoast SEO plugin v25.7 - https:\/\/yoast.com\/wordpress\/plugins\/seo\/ -->\n<title>Mais uma \u00f3tima edi\u00e7\u00e3o do Terras de Basto - Jornal Terras de Basto<\/title>\n<meta name=\"description\" content=\"Rompeu o \u00faltimo fio, como prev\u00edramos. A pol\u00edtica local est\u00e1 ao rubro em Cabeceiras de Basto. O bloco camar\u00e1rio, liderado pelo presidente e pelo vice-presidente da c\u00e2mara, despachou do cen\u00e1rio aut\u00e1rquico o hist\u00f3rico socialista Joaquim Barreto. Depois de arranjarem algumas querelas, vieram agora a p\u00fablico confirmar: est\u00e3o \u00e0 procura de novo candidato \u00e0 assembleia. Dizem v\u00e1rias fontes que o putativo pretendente a substituto ser\u00e1 mesmo o \u201cinimigo pol\u00edtico\u201d de Barreto.\" \/>\n<meta name=\"robots\" content=\"index, follow, max-snippet:-1, max-image-preview:large, max-video-preview:-1\" \/>\n<link rel=\"canonical\" href=\"https:\/\/terrasdebasto.pt\/?p=3599\" \/>\n<meta property=\"og:locale\" content=\"pt_PT\" \/>\n<meta property=\"og:type\" content=\"article\" \/>\n<meta property=\"og:title\" content=\"Mais uma \u00f3tima edi\u00e7\u00e3o do Terras de Basto - Jornal Terras de Basto\" \/>\n<meta property=\"og:description\" content=\"Rompeu o \u00faltimo fio, como prev\u00edramos. A pol\u00edtica local est\u00e1 ao rubro em Cabeceiras de Basto. O bloco camar\u00e1rio, liderado pelo presidente e pelo vice-presidente da c\u00e2mara, despachou do cen\u00e1rio aut\u00e1rquico o hist\u00f3rico socialista Joaquim Barreto. Depois de arranjarem algumas querelas, vieram agora a p\u00fablico confirmar: est\u00e3o \u00e0 procura de novo candidato \u00e0 assembleia. Dizem v\u00e1rias fontes que o putativo pretendente a substituto ser\u00e1 mesmo o \u201cinimigo pol\u00edtico\u201d de Barreto.\" \/>\n<meta property=\"og:url\" content=\"https:\/\/terrasdebasto.pt\/?p=3599\" \/>\n<meta property=\"og:site_name\" content=\"Jornal Terras de Basto\" \/>\n<meta property=\"article:published_time\" content=\"2025-02-19T11:20:38+00:00\" \/>\n<meta property=\"og:image\" content=\"https:\/\/terrasdebasto.pt\/wp-content\/uploads\/2025\/02\/CAPA-TB-20.02.25.jpg\" \/>\n\t<meta property=\"og:image:width\" content=\"1065\" \/>\n\t<meta property=\"og:image:height\" content=\"1280\" \/>\n\t<meta property=\"og:image:type\" content=\"image\/jpeg\" \/>\n<meta name=\"author\" content=\"Jo\u00e3o Paulo Mesquita\" \/>\n<meta name=\"twitter:card\" content=\"summary_large_image\" \/>\n<meta name=\"twitter:label1\" content=\"Escrito por\" \/>\n\t<meta name=\"twitter:data1\" content=\"Jo\u00e3o Paulo Mesquita\" \/>\n\t<meta name=\"twitter:label2\" content=\"Tempo estimado de leitura\" \/>\n\t<meta name=\"twitter:data2\" content=\"3 minutos\" \/>\n<script type=\"application\/ld+json\" class=\"yoast-schema-graph\">{\"@context\":\"https:\/\/schema.org\",\"@graph\":[{\"@type\":\"Article\",\"@id\":\"https:\/\/terrasdebasto.pt\/?p=3599#article\",\"isPartOf\":{\"@id\":\"https:\/\/terrasdebasto.pt\/?p=3599\"},\"author\":{\"name\":\"Jo\u00e3o Paulo Mesquita\",\"@id\":\"https:\/\/terrasdebasto.pt\/#\/schema\/person\/9f6739f5394ac65c802641773b278b84\"},\"headline\":\"Mais uma \u00f3tima edi\u00e7\u00e3o do Terras de Basto\",\"datePublished\":\"2025-02-19T11:20:38+00:00\",\"mainEntityOfPage\":{\"@id\":\"https:\/\/terrasdebasto.pt\/?p=3599\"},\"wordCount\":475,\"commentCount\":0,\"publisher\":{\"@id\":\"https:\/\/terrasdebasto.pt\/#organization\"},\"image\":{\"@id\":\"https:\/\/terrasdebasto.pt\/?p=3599#primaryimage\"},\"thumbnailUrl\":\"https:\/\/terrasdebasto.pt\/wp-content\/uploads\/2025\/02\/CAPA-TB-20.02.25.jpg\",\"keywords\":[\"Jornal Terras de Basto\"],\"articleSection\":[\"Artigo de opini\u00e3o\",\"Cabeceiras de Basto\",\"Celorico de Basto\",\"Cultura\",\"Entrevista\",\"Gastronomia\",\"Mondim de Basto\",\"Ribeira de Pena\",\"Terras de Basto\"],\"inLanguage\":\"pt-PT\",\"potentialAction\":[{\"@type\":\"CommentAction\",\"name\":\"Comment\",\"target\":[\"https:\/\/terrasdebasto.pt\/?p=3599#respond\"]}]},{\"@type\":\"WebPage\",\"@id\":\"https:\/\/terrasdebasto.pt\/?p=3599\",\"url\":\"https:\/\/terrasdebasto.pt\/?p=3599\",\"name\":\"Mais uma \u00f3tima edi\u00e7\u00e3o do Terras de Basto - Jornal Terras de Basto\",\"isPartOf\":{\"@id\":\"https:\/\/terrasdebasto.pt\/#website\"},\"primaryImageOfPage\":{\"@id\":\"https:\/\/terrasdebasto.pt\/?p=3599#primaryimage\"},\"image\":{\"@id\":\"https:\/\/terrasdebasto.pt\/?p=3599#primaryimage\"},\"thumbnailUrl\":\"https:\/\/terrasdebasto.pt\/wp-content\/uploads\/2025\/02\/CAPA-TB-20.02.25.jpg\",\"datePublished\":\"2025-02-19T11:20:38+00:00\",\"description\":\"Rompeu o \u00faltimo fio, como prev\u00edramos. A pol\u00edtica local est\u00e1 ao rubro em Cabeceiras de Basto. O bloco camar\u00e1rio, liderado pelo presidente e pelo vice-presidente da c\u00e2mara, despachou do cen\u00e1rio aut\u00e1rquico o hist\u00f3rico socialista Joaquim Barreto. Depois de arranjarem algumas querelas, vieram agora a p\u00fablico confirmar: est\u00e3o \u00e0 procura de novo candidato \u00e0 assembleia. Dizem v\u00e1rias fontes que o putativo pretendente a substituto ser\u00e1 mesmo o \u201cinimigo pol\u00edtico\u201d de Barreto.\",\"breadcrumb\":{\"@id\":\"https:\/\/terrasdebasto.pt\/?p=3599#breadcrumb\"},\"inLanguage\":\"pt-PT\",\"potentialAction\":[{\"@type\":\"ReadAction\",\"target\":[\"https:\/\/terrasdebasto.pt\/?p=3599\"]}]},{\"@type\":\"ImageObject\",\"inLanguage\":\"pt-PT\",\"@id\":\"https:\/\/terrasdebasto.pt\/?p=3599#primaryimage\",\"url\":\"https:\/\/terrasdebasto.pt\/wp-content\/uploads\/2025\/02\/CAPA-TB-20.02.25.jpg\",\"contentUrl\":\"https:\/\/terrasdebasto.pt\/wp-content\/uploads\/2025\/02\/CAPA-TB-20.02.25.jpg\",\"width\":1065,\"height\":1280},{\"@type\":\"BreadcrumbList\",\"@id\":\"https:\/\/terrasdebasto.pt\/?p=3599#breadcrumb\",\"itemListElement\":[{\"@type\":\"ListItem\",\"position\":1,\"name\":\"In\u00edcio\",\"item\":\"https:\/\/terrasdebasto.pt\/\"},{\"@type\":\"ListItem\",\"position\":2,\"name\":\"Mais uma \u00f3tima edi\u00e7\u00e3o do Terras de Basto\"}]},{\"@type\":\"WebSite\",\"@id\":\"https:\/\/terrasdebasto.pt\/#website\",\"url\":\"https:\/\/terrasdebasto.pt\/\",\"name\":\"Jornal Terras de Basto\",\"description\":\"\",\"publisher\":{\"@id\":\"https:\/\/terrasdebasto.pt\/#organization\"},\"potentialAction\":[{\"@type\":\"SearchAction\",\"target\":{\"@type\":\"EntryPoint\",\"urlTemplate\":\"https:\/\/terrasdebasto.pt\/?s={search_term_string}\"},\"query-input\":{\"@type\":\"PropertyValueSpecification\",\"valueRequired\":true,\"valueName\":\"search_term_string\"}}],\"inLanguage\":\"pt-PT\"},{\"@type\":\"Organization\",\"@id\":\"https:\/\/terrasdebasto.pt\/#organization\",\"name\":\"Jornal Terras de Basto\",\"url\":\"https:\/\/terrasdebasto.pt\/\",\"logo\":{\"@type\":\"ImageObject\",\"inLanguage\":\"pt-PT\",\"@id\":\"https:\/\/terrasdebasto.pt\/#\/schema\/logo\/image\/\",\"url\":\"https:\/\/terrasdebasto.pt\/wp-content\/uploads\/2024\/06\/LogoNormal.png\",\"contentUrl\":\"https:\/\/terrasdebasto.pt\/wp-content\/uploads\/2024\/06\/LogoNormal.png\",\"width\":5638,\"height\":809,\"caption\":\"Jornal Terras de Basto\"},\"image\":{\"@id\":\"https:\/\/terrasdebasto.pt\/#\/schema\/logo\/image\/\"}},{\"@type\":\"Person\",\"@id\":\"https:\/\/terrasdebasto.pt\/#\/schema\/person\/9f6739f5394ac65c802641773b278b84\",\"name\":\"Jo\u00e3o Paulo Mesquita\",\"image\":{\"@type\":\"ImageObject\",\"inLanguage\":\"pt-PT\",\"@id\":\"https:\/\/terrasdebasto.pt\/#\/schema\/person\/image\/\",\"url\":\"https:\/\/secure.gravatar.com\/avatar\/9bd0f299e6d96336664aab64354168246a3ee3287c47891c50d450e47ed9d7f9?s=96&d=mm&r=g\",\"contentUrl\":\"https:\/\/secure.gravatar.com\/avatar\/9bd0f299e6d96336664aab64354168246a3ee3287c47891c50d450e47ed9d7f9?s=96&d=mm&r=g\",\"caption\":\"Jo\u00e3o Paulo Mesquita\"},\"url\":\"https:\/\/terrasdebasto.pt\/?author=7\"}]}<\/script>\n<!-- \/ Yoast SEO plugin. -->","yoast_head_json":{"title":"Mais uma \u00f3tima edi\u00e7\u00e3o do Terras de Basto - Jornal Terras de Basto","description":"Rompeu o \u00faltimo fio, como prev\u00edramos. A pol\u00edtica local est\u00e1 ao rubro em Cabeceiras de Basto. O bloco camar\u00e1rio, liderado pelo presidente e pelo vice-presidente da c\u00e2mara, despachou do cen\u00e1rio aut\u00e1rquico o hist\u00f3rico socialista Joaquim Barreto. Depois de arranjarem algumas querelas, vieram agora a p\u00fablico confirmar: est\u00e3o \u00e0 procura de novo candidato \u00e0 assembleia. Dizem v\u00e1rias fontes que o putativo pretendente a substituto ser\u00e1 mesmo o \u201cinimigo pol\u00edtico\u201d de Barreto.","robots":{"index":"index","follow":"follow","max-snippet":"max-snippet:-1","max-image-preview":"max-image-preview:large","max-video-preview":"max-video-preview:-1"},"canonical":"https:\/\/terrasdebasto.pt\/?p=3599","og_locale":"pt_PT","og_type":"article","og_title":"Mais uma \u00f3tima edi\u00e7\u00e3o do Terras de Basto - Jornal Terras de Basto","og_description":"Rompeu o \u00faltimo fio, como prev\u00edramos. A pol\u00edtica local est\u00e1 ao rubro em Cabeceiras de Basto. O bloco camar\u00e1rio, liderado pelo presidente e pelo vice-presidente da c\u00e2mara, despachou do cen\u00e1rio aut\u00e1rquico o hist\u00f3rico socialista Joaquim Barreto. Depois de arranjarem algumas querelas, vieram agora a p\u00fablico confirmar: est\u00e3o \u00e0 procura de novo candidato \u00e0 assembleia. Dizem v\u00e1rias fontes que o putativo pretendente a substituto ser\u00e1 mesmo o \u201cinimigo pol\u00edtico\u201d de Barreto.","og_url":"https:\/\/terrasdebasto.pt\/?p=3599","og_site_name":"Jornal Terras de Basto","article_published_time":"2025-02-19T11:20:38+00:00","og_image":[{"width":1065,"height":1280,"url":"https:\/\/terrasdebasto.pt\/wp-content\/uploads\/2025\/02\/CAPA-TB-20.02.25.jpg","type":"image\/jpeg"}],"author":"Jo\u00e3o Paulo Mesquita","twitter_card":"summary_large_image","twitter_misc":{"Escrito por":"Jo\u00e3o Paulo Mesquita","Tempo estimado de leitura":"3 minutos"},"schema":{"@context":"https:\/\/schema.org","@graph":[{"@type":"Article","@id":"https:\/\/terrasdebasto.pt\/?p=3599#article","isPartOf":{"@id":"https:\/\/terrasdebasto.pt\/?p=3599"},"author":{"name":"Jo\u00e3o Paulo Mesquita","@id":"https:\/\/terrasdebasto.pt\/#\/schema\/person\/9f6739f5394ac65c802641773b278b84"},"headline":"Mais uma \u00f3tima edi\u00e7\u00e3o do Terras de Basto","datePublished":"2025-02-19T11:20:38+00:00","mainEntityOfPage":{"@id":"https:\/\/terrasdebasto.pt\/?p=3599"},"wordCount":475,"commentCount":0,"publisher":{"@id":"https:\/\/terrasdebasto.pt\/#organization"},"image":{"@id":"https:\/\/terrasdebasto.pt\/?p=3599#primaryimage"},"thumbnailUrl":"https:\/\/terrasdebasto.pt\/wp-content\/uploads\/2025\/02\/CAPA-TB-20.02.25.jpg","keywords":["Jornal Terras de Basto"],"articleSection":["Artigo de opini\u00e3o","Cabeceiras de Basto","Celorico de Basto","Cultura","Entrevista","Gastronomia","Mondim de Basto","Ribeira de Pena","Terras de Basto"],"inLanguage":"pt-PT","potentialAction":[{"@type":"CommentAction","name":"Comment","target":["https:\/\/terrasdebasto.pt\/?p=3599#respond"]}]},{"@type":"WebPage","@id":"https:\/\/terrasdebasto.pt\/?p=3599","url":"https:\/\/terrasdebasto.pt\/?p=3599","name":"Mais uma \u00f3tima edi\u00e7\u00e3o do Terras de Basto - Jornal Terras de Basto","isPartOf":{"@id":"https:\/\/terrasdebasto.pt\/#website"},"primaryImageOfPage":{"@id":"https:\/\/terrasdebasto.pt\/?p=3599#primaryimage"},"image":{"@id":"https:\/\/terrasdebasto.pt\/?p=3599#primaryimage"},"thumbnailUrl":"https:\/\/terrasdebasto.pt\/wp-content\/uploads\/2025\/02\/CAPA-TB-20.02.25.jpg","datePublished":"2025-02-19T11:20:38+00:00","description":"Rompeu o \u00faltimo fio, como prev\u00edramos. A pol\u00edtica local est\u00e1 ao rubro em Cabeceiras de Basto. O bloco camar\u00e1rio, liderado pelo presidente e pelo vice-presidente da c\u00e2mara, despachou do cen\u00e1rio aut\u00e1rquico o hist\u00f3rico socialista Joaquim Barreto. Depois de arranjarem algumas querelas, vieram agora a p\u00fablico confirmar: est\u00e3o \u00e0 procura de novo candidato \u00e0 assembleia. Dizem v\u00e1rias fontes que o putativo pretendente a substituto ser\u00e1 mesmo o \u201cinimigo pol\u00edtico\u201d de Barreto.","breadcrumb":{"@id":"https:\/\/terrasdebasto.pt\/?p=3599#breadcrumb"},"inLanguage":"pt-PT","potentialAction":[{"@type":"ReadAction","target":["https:\/\/terrasdebasto.pt\/?p=3599"]}]},{"@type":"ImageObject","inLanguage":"pt-PT","@id":"https:\/\/terrasdebasto.pt\/?p=3599#primaryimage","url":"https:\/\/terrasdebasto.pt\/wp-content\/uploads\/2025\/02\/CAPA-TB-20.02.25.jpg","contentUrl":"https:\/\/terrasdebasto.pt\/wp-content\/uploads\/2025\/02\/CAPA-TB-20.02.25.jpg","width":1065,"height":1280},{"@type":"BreadcrumbList","@id":"https:\/\/terrasdebasto.pt\/?p=3599#breadcrumb","itemListElement":[{"@type":"ListItem","position":1,"name":"In\u00edcio","item":"https:\/\/terrasdebasto.pt\/"},{"@type":"ListItem","position":2,"name":"Mais uma \u00f3tima edi\u00e7\u00e3o do Terras de Basto"}]},{"@type":"WebSite","@id":"https:\/\/terrasdebasto.pt\/#website","url":"https:\/\/terrasdebasto.pt\/","name":"Jornal Terras de Basto","description":"","publisher":{"@id":"https:\/\/terrasdebasto.pt\/#organization"},"potentialAction":[{"@type":"SearchAction","target":{"@type":"EntryPoint","urlTemplate":"https:\/\/terrasdebasto.pt\/?s={search_term_string}"},"query-input":{"@type":"PropertyValueSpecification","valueRequired":true,"valueName":"search_term_string"}}],"inLanguage":"pt-PT"},{"@type":"Organization","@id":"https:\/\/terrasdebasto.pt\/#organization","name":"Jornal Terras de Basto","url":"https:\/\/terrasdebasto.pt\/","logo":{"@type":"ImageObject","inLanguage":"pt-PT","@id":"https:\/\/terrasdebasto.pt\/#\/schema\/logo\/image\/","url":"https:\/\/terrasdebasto.pt\/wp-content\/uploads\/2024\/06\/LogoNormal.png","contentUrl":"https:\/\/terrasdebasto.pt\/wp-content\/uploads\/2024\/06\/LogoNormal.png","width":5638,"height":809,"caption":"Jornal Terras de Basto"},"image":{"@id":"https:\/\/terrasdebasto.pt\/#\/schema\/logo\/image\/"}},{"@type":"Person","@id":"https:\/\/terrasdebasto.pt\/#\/schema\/person\/9f6739f5394ac65c802641773b278b84","name":"Jo\u00e3o Paulo Mesquita","image":{"@type":"ImageObject","inLanguage":"pt-PT","@id":"https:\/\/terrasdebasto.pt\/#\/schema\/person\/image\/","url":"https:\/\/secure.gravatar.com\/avatar\/9bd0f299e6d96336664aab64354168246a3ee3287c47891c50d450e47ed9d7f9?s=96&d=mm&r=g","contentUrl":"https:\/\/secure.gravatar.com\/avatar\/9bd0f299e6d96336664aab64354168246a3ee3287c47891c50d450e47ed9d7f9?s=96&d=mm&r=g","caption":"Jo\u00e3o Paulo Mesquita"},"url":"https:\/\/terrasdebasto.pt\/?author=7"}]}},"_links":{"self":[{"href":"https:\/\/terrasdebasto.pt\/index.php?rest_route=\/wp\/v2\/posts\/3599","targetHints":{"allow":["GET"]}}],"collection":[{"href":"https:\/\/terrasdebasto.pt\/index.php?rest_route=\/wp\/v2\/posts"}],"about":[{"href":"https:\/\/terrasdebasto.pt\/index.php?rest_route=\/wp\/v2\/types\/post"}],"author":[{"embeddable":true,"href":"https:\/\/terrasdebasto.pt\/index.php?rest_route=\/wp\/v2\/users\/7"}],"replies":[{"embeddable":true,"href":"https:\/\/terrasdebasto.pt\/index.php?rest_route=%2Fwp%2Fv2%2Fcomments&post=3599"}],"version-history":[{"count":1,"href":"https:\/\/terrasdebasto.pt\/index.php?rest_route=\/wp\/v2\/posts\/3599\/revisions"}],"predecessor-version":[{"id":3601,"href":"https:\/\/terrasdebasto.pt\/index.php?rest_route=\/wp\/v2\/posts\/3599\/revisions\/3601"}],"wp:featuredmedia":[{"embeddable":true,"href":"https:\/\/terrasdebasto.pt\/index.php?rest_route=\/wp\/v2\/media\/3600"}],"wp:attachment":[{"href":"https:\/\/terrasdebasto.pt\/index.php?rest_route=%2Fwp%2Fv2%2Fmedia&parent=3599"}],"wp:term":[{"taxonomy":"category","embeddable":true,"href":"https:\/\/terrasdebasto.pt\/index.php?rest_route=%2Fwp%2Fv2%2Fcategories&post=3599"},{"taxonomy":"post_tag","embeddable":true,"href":"https:\/\/terrasdebasto.pt\/index.php?rest_route=%2Fwp%2Fv2%2Ftags&post=3599"}],"curies":[{"name":"wp","href":"https:\/\/api.w.org\/{rel}","templated":true}]}}