{"id":3594,"date":"2025-02-14T14:05:57","date_gmt":"2025-02-14T14:05:57","guid":{"rendered":"https:\/\/terrasdebasto.pt\/?p=3594"},"modified":"2025-02-14T14:05:57","modified_gmt":"2025-02-14T14:05:57","slug":"joaquim-barreto-acusa-francisco-alves-de-ingerencia-inaceitavel","status":"publish","type":"post","link":"https:\/\/terrasdebasto.pt\/?p=3594","title":{"rendered":"Joaquim Barreto acusa Francisco Alves de \u00abinger\u00eancia inaceit\u00e1vel\u00bb"},"content":{"rendered":"\n<p><\/p>\n\n\n\n<p><strong>\u00abMais do que desadequada e ileg\u00edtima, a atitude tomada &#8212; de impedir, desconsiderar e desautorizar o presidente da Assembleia Municipal e o \u00f3rg\u00e3o a que preside de exercer as suas compet\u00eancias, previstas na lei \u2013 constitui uma inger\u00eancia a todos os t\u00edtulos inaceit\u00e1vel e at\u00e9 conden\u00e1vel no normal funcionamento da Assembleia Municipal\u00bb. \u00c9 nestes termos que o presidente deste \u00f3rg\u00e3o municipal em Cabeceiras de Basto, o hist\u00f3rico socialista Joaquim Barreto, se dirige, em documento oficial a que o Terras de Basto acaba de ter acesso, ao presidente da c\u00e2mara municipal, o tamb\u00e9m socialista Francisco Teixeira Alves.<\/strong><\/p>\n\n\n\n<figure class=\"wp-block-gallery has-nested-images columns-default is-cropped wp-block-gallery-1 is-layout-flex wp-block-gallery-is-layout-flex\">\n<figure class=\"wp-block-image size-large\"><img loading=\"lazy\" decoding=\"async\" width=\"687\" height=\"478\" data-id=\"3596\" src=\"https:\/\/terrasdebasto.pt\/wp-content\/uploads\/2025\/02\/JOAQUIM-BARRETO-FRANCISCO-ALVES-1.jpg\" alt=\"\" class=\"wp-image-3596\" srcset=\"https:\/\/terrasdebasto.pt\/wp-content\/uploads\/2025\/02\/JOAQUIM-BARRETO-FRANCISCO-ALVES-1.jpg 687w, https:\/\/terrasdebasto.pt\/wp-content\/uploads\/2025\/02\/JOAQUIM-BARRETO-FRANCISCO-ALVES-1-300x209.jpg 300w, https:\/\/terrasdebasto.pt\/wp-content\/uploads\/2025\/02\/JOAQUIM-BARRETO-FRANCISCO-ALVES-1-150x104.jpg 150w\" sizes=\"auto, (max-width: 687px) 100vw, 687px\" \/><\/figure>\n<\/figure>\n\n\n\n<p>Substancialmente, em causa est\u00e1 a recusa do presidente da c\u00e2mara de validar o pagamento de parte da despesa da desloca\u00e7\u00e3o de uma delega\u00e7\u00e3o cabeceirense \u00e0 Assembleia da Rep\u00fablica, a 17 de janeiro, para assistir \u00e0 vota\u00e7\u00e3o final da lei que desagrega a Uni\u00e3o de Freguesias de Refojos, Outeiro e Painzela.<\/p>\n\n\n\n<p>A despesa em causa \u2013 1.390 euros, relativa \u00e0 estadia de uma noite, para que as duas dezenas de participantes pudessem aceder, em tempo, \u00e0s galerias do parlamento \u2013 foi autorizada pelo presidente da assembleia municipal, no uso das suas compet\u00eancias, mas o presidente da c\u00e2mara recusou-se at\u00e9 ao momento a validar, como lhe compete, o pagamento desse montante.<\/p>\n\n\n\n<p>Nos documentos trocados, designadamente num \u201cdossier\u201d enviado a 3 de fevereiro ao presidente da c\u00e2mara, em que historia o processo e sublinha \u00aba necessidade&nbsp; urgente\u00bb de que sejam dadas indica\u00e7\u00f5es aos servi\u00e7os municipais para que regularizem a situa\u00e7\u00e3o junto da empresa prestadora do servi\u00e7o, o presidente da assembleia sublinha que a desloca\u00e7\u00e3o desta comitiva \u2013 membros da mesa da assembleia, do executivo municipal e dos \u00f3rg\u00e3os da uni\u00e3o de freguesias: os implicados nas v\u00e1rias aprova\u00e7\u00f5es un\u00e2nimes da proposta de desagrega\u00e7\u00e3o \u2013 teve \u00abo maior significado e import\u00e2ncia pol\u00edtica e p\u00fablica para o concelho, j\u00e1 que esta mat\u00e9ria foi decidida por unanimidade em todos os \u00f3rg\u00e3os aut\u00e1rquicos e a sua aprova\u00e7\u00e3o era uma aspira\u00e7\u00e3o leg\u00edtima das popula\u00e7\u00f5es\u00bb de Refojos, Outeiro e Painzela.<\/p>\n\n\n\n<p>Nove dias depois, em resposta, o presidente da c\u00e2mara responde ao presidente da assembleia para o informar de que a sua \u00abdecis\u00e3o formal n\u00e3o cont\u00e9m todos os elementos legalmente necess\u00e1rios, visto que n\u00e3o individualiza as despesas\u00bb, raz\u00e3o por que \u00abestava legalmente impedido de promover o andamento do processo\u00bb.<\/p>\n\n\n\n<p>Esta alega\u00e7\u00e3o \u2013 que envia acompanhada de um parecer jur\u00eddico solicitado aos servi\u00e7os jur\u00eddicos contratados pelo munic\u00edpio \u2013 acontece apesar de terem sido cumpridos os procedimentos habituais nos \u00faltimos 11 anos e depois de ter j\u00e1 validado o pagamento da despesa com o transporte da comitiva.<\/p>\n\n\n\n<p>Embora o procedimento interno, a tramitar desde 3 de janeiro, se perca em argumenta\u00e7\u00f5es do foro legal \u2013 processo em que, al\u00e9m dos pol\u00edticos, foi envolvida uma t\u00e9cnica superior, que considerou por escrito, embora sem o sustentar, que, \u00abpor inexist\u00eancia de base legal\u00bb, o procedimento para pagamento da estadia n\u00e3o podia prosseguir; apesar de ter aceite j\u00e1 o mesmo enquadramento de lei para o pagamento do transporte, no valor de 1.250 euros \u2013, a quest\u00e3o de fundo ultrapassa as burocracias administrativas, as raz\u00f5es legais e os advogados entretanto envolvidos, isto para ganhar dimens\u00e3o pol\u00edtica: a hostilidade do presidente da c\u00e2mara ao presidente da assembleia, particularmente evidente no que se refere a este processo de desagrega\u00e7\u00e3o das tr\u00eas freguesias cabeceirenses.<\/p>\n\n\n\n<p>N\u00e3o tendo nutrido nunca simpatia pelo processo de desagrega\u00e7\u00e3o em causa, o presidente da c\u00e2mara tem-se mostrado hostil perante os seus mais diretos promotores \u2013 al\u00e9m do presidente da assembleia municipal, os presidentes da junta e da assembleia da uni\u00e3o de freguesias \u2013, numa atitude que remete para os tempos do in\u00edcio do atual mandato aut\u00e1rquico, 100 dias depois das elei\u00e7\u00f5es, quando o presidente-eleito para a junta estabeleceu um acordo de governabilidade com o candidato do movimento de cidad\u00e3os \u201cIPC\u201d, que assumiu a presid\u00eancia da assembleia, cen\u00e1rio que se manteve com sucesso at\u00e9 aos dias de hoje.<\/p>\n\n\n\n<p>Embora, por for\u00e7a das circunst\u00e2ncias, tenha apadrinhado este acordo que viabilizou a gest\u00e3o da autarquia local, o presidente da c\u00e2mara prefere hoje negar tal facto, tudo tendo feito, mormente na segunda parte do mandato, para o seu insucesso, pretendendo com isso agradar aos dirigentes do \u201cIPC\u201d, que nunca aceitaram o teor daquele acordo, alegadamente feito \u00e0 sua revelia pelo seu candidato, de cujo apoio os resultados eleitorais deixaram o candidato socialista dependente.<\/p>\n\n\n\n<p>Naquela circunst\u00e2ncia p\u00f3s-elei\u00e7\u00f5es, depois de v\u00e1rias tentativas para viabilizar os \u00f3rg\u00e3os aut\u00e1rquicos da uni\u00e3o de freguesias, os dirigentes do \u201cIPC\u201d almejavam trocar desiderato por um lugar na verea\u00e7\u00e3o, conforme foi v\u00e1rias vezes tornado p\u00fablico e nunca desmentido.<\/p>\n\n\n\n<p>Tamb\u00e9m dependente dos dois vereadores do \u201cIPC\u201d, designadamente para a aprova\u00e7\u00e3o dos or\u00e7amentos e das mais relevantes delibera\u00e7\u00f5es municipais, o presidente da c\u00e2mara passou a estabelecer com eles uma estreia rela\u00e7\u00e3o ao longo do mandato, governando o munic\u00edpio com a sua total cumplicidade, o que torna agora prov\u00e1vel um, formal ou informal, acordo de incid\u00eancia eleitoral, que permita, designadamente, o regresso de alguns ex-socialistas ao partido e a sua simult\u00e2nea candidatura em nome do PS.<\/p>\n\n\n\n<p>Comentada, neste contexto, e nunca desmentida, tem sido a eventualidade de o primeiro vereador do \u201cIPC\u201d poder assumir a candidatura do PS \u00e0 assembleia municipal e de o segundo vereador vir a integrar a lista socialista \u00e0 c\u00e2mara em lugar eleg\u00edvel.<\/p>\n\n\n\n<p>\u00c9, assim, neste contexto que acontece a rutura entre os dois socialistas de maior relevo na autarquia cabeceirense, sendo que o presidente da assembleia municipal n\u00e3o respondeu ainda ao convite que o partido lhe fez para se recandidatar, convite a que o presidente da c\u00e2mara j\u00e1 n\u00e3o quis ficar associado, n\u00e3o tendo participado no momento em que ele foi formalizado pelo l\u00edder da concelhia do PS.<\/p>\n\n\n\n<p>O Terras de Basto \u2013 que se prop\u00f5e esmiu\u00e7ar este assunto na sua pr\u00f3xima edi\u00e7\u00e3o impressa, designadamente atrav\u00e9s do \u201cdossier\u201d a que agora teve acesso e que foi distribu\u00eddo pelo presidente da assembleia a v\u00e1rios autarcas do concelho e a membros dos \u00f3rg\u00e3os da uni\u00e3o de freguesias \u2013 tentou obter rea\u00e7\u00f5es dos dois mais diretos intervenientes: atrav\u00e9s do seu chefe de gabinete, o presidente da c\u00e2mara mandou responder \u00abque n\u00e3o tem tempo para dar entrevista\u00bb, mas que o jornalista poderia formular as perguntas por escrito, \u00abque a seu tempo ser\u00e3o respondidas\u00bb; j\u00e1 o presidente da assembleia respondeu que \u00abpreferia n\u00e3o tecer, para j\u00e1, considera\u00e7\u00f5es p\u00fablicas\u00bb sobre o assunto. [Jo\u00e3o Paulo Mesquita, CP8809].<\/p>\n","protected":false},"excerpt":{"rendered":"<p>\u00abMais do que desadequada e ileg\u00edtima, a atitude tomada &#8212; de impedir, desconsiderar e desautorizar o presidente da Assembleia Municipal e o \u00f3rg\u00e3o a que preside de exercer as suas compet\u00eancias, previstas na lei \u2013 constitui uma inger\u00eancia a todos os t\u00edtulos inaceit\u00e1vel e at\u00e9 conden\u00e1vel no normal funcionamento da Assembleia Municipal\u00bb. \u00c9 nestes termos [&hellip;]<\/p>\n","protected":false},"author":7,"featured_media":3595,"comment_status":"open","ping_status":"open","sticky":false,"template":"","format":"standard","meta":{"footnotes":""},"categories":[12,9],"tags":[803,568,255],"class_list":{"0":"post-3594","1":"post","2":"type-post","3":"status-publish","4":"format-standard","5":"has-post-thumbnail","7":"category-cabeceiras-de-basto","8":"category-terras-de-basto","9":"tag-assembleia-municipal-de-cabeceiras-de-basto","10":"tag-camara-municipal-de-cabeceiras-de-basto","11":"tag-partido-socialista"},"yoast_head":"<!-- This site is optimized with the Yoast SEO plugin v25.7 - https:\/\/yoast.com\/wordpress\/plugins\/seo\/ -->\n<title>Joaquim Barreto acusa Francisco Alves de \u00abinger\u00eancia inaceit\u00e1vel\u00bb - Jornal Terras de Basto<\/title>\n<meta name=\"description\" content=\"\u00abMais do que desadequada e ileg\u00edtima, a atitude tomada -- de impedir, desconsiderar e desautorizar o presidente da Assembleia Municipal e o \u00f3rg\u00e3o a que preside de exercer as suas compet\u00eancias, previstas na lei \u2013 constitui uma inger\u00eancia a todos os t\u00edtulos inaceit\u00e1vel e at\u00e9 conden\u00e1vel no normal funcionamento da Assembleia Municipal\u00bb. \u00c9 nestes termos que o presidente deste \u00f3rg\u00e3o municipal em Cabeceiras de Basto, o hist\u00f3rico socialista Joaquim Barreto, se dirige, em documento oficial a que o Terras de Basto acaba de ter acesso, ao presidente da c\u00e2mara municipal, o tamb\u00e9m socialista Francisco Teixeira Alves.\" \/>\n<meta name=\"robots\" content=\"index, follow, max-snippet:-1, max-image-preview:large, max-video-preview:-1\" \/>\n<link rel=\"canonical\" href=\"https:\/\/terrasdebasto.pt\/?p=3594\" \/>\n<meta property=\"og:locale\" content=\"pt_PT\" \/>\n<meta property=\"og:type\" content=\"article\" \/>\n<meta property=\"og:title\" content=\"Joaquim Barreto acusa Francisco Alves de \u00abinger\u00eancia inaceit\u00e1vel\u00bb - Jornal Terras de Basto\" \/>\n<meta property=\"og:description\" content=\"\u00abMais do que desadequada e ileg\u00edtima, a atitude tomada -- de impedir, desconsiderar e desautorizar o presidente da Assembleia Municipal e o \u00f3rg\u00e3o a que preside de exercer as suas compet\u00eancias, previstas na lei \u2013 constitui uma inger\u00eancia a todos os t\u00edtulos inaceit\u00e1vel e at\u00e9 conden\u00e1vel no normal funcionamento da Assembleia Municipal\u00bb. \u00c9 nestes termos que o presidente deste \u00f3rg\u00e3o municipal em Cabeceiras de Basto, o hist\u00f3rico socialista Joaquim Barreto, se dirige, em documento oficial a que o Terras de Basto acaba de ter acesso, ao presidente da c\u00e2mara municipal, o tamb\u00e9m socialista Francisco Teixeira Alves.\" \/>\n<meta property=\"og:url\" content=\"https:\/\/terrasdebasto.pt\/?p=3594\" \/>\n<meta property=\"og:site_name\" content=\"Jornal Terras de Basto\" \/>\n<meta property=\"article:published_time\" content=\"2025-02-14T14:05:57+00:00\" \/>\n<meta property=\"og:image\" content=\"https:\/\/terrasdebasto.pt\/wp-content\/uploads\/2025\/02\/JOAQUIM-BARRETO-FRANCISCO-ALVES-2.jpg\" \/>\n\t<meta property=\"og:image:width\" content=\"450\" \/>\n\t<meta property=\"og:image:height\" content=\"318\" \/>\n\t<meta property=\"og:image:type\" content=\"image\/jpeg\" \/>\n<meta name=\"author\" content=\"Jo\u00e3o Paulo Mesquita\" \/>\n<meta name=\"twitter:card\" content=\"summary_large_image\" \/>\n<meta name=\"twitter:label1\" content=\"Escrito por\" \/>\n\t<meta name=\"twitter:data1\" content=\"Jo\u00e3o Paulo Mesquita\" \/>\n\t<meta name=\"twitter:label2\" content=\"Tempo estimado de leitura\" \/>\n\t<meta name=\"twitter:data2\" content=\"7 minutos\" \/>\n<script type=\"application\/ld+json\" class=\"yoast-schema-graph\">{\"@context\":\"https:\/\/schema.org\",\"@graph\":[{\"@type\":\"Article\",\"@id\":\"https:\/\/terrasdebasto.pt\/?p=3594#article\",\"isPartOf\":{\"@id\":\"https:\/\/terrasdebasto.pt\/?p=3594\"},\"author\":{\"name\":\"Jo\u00e3o Paulo Mesquita\",\"@id\":\"https:\/\/terrasdebasto.pt\/#\/schema\/person\/9f6739f5394ac65c802641773b278b84\"},\"headline\":\"Joaquim Barreto acusa Francisco Alves de \u00abinger\u00eancia inaceit\u00e1vel\u00bb\",\"datePublished\":\"2025-02-14T14:05:57+00:00\",\"mainEntityOfPage\":{\"@id\":\"https:\/\/terrasdebasto.pt\/?p=3594\"},\"wordCount\":1148,\"commentCount\":0,\"publisher\":{\"@id\":\"https:\/\/terrasdebasto.pt\/#organization\"},\"image\":{\"@id\":\"https:\/\/terrasdebasto.pt\/?p=3594#primaryimage\"},\"thumbnailUrl\":\"https:\/\/terrasdebasto.pt\/wp-content\/uploads\/2025\/02\/JOAQUIM-BARRETO-FRANCISCO-ALVES-2.jpg\",\"keywords\":[\"Assembleia Municipal de Cabeceiras de Basto\",\"C\u00e2mara Municipal de Cabeceiras de Basto\",\"Partido Socialista\"],\"articleSection\":[\"Cabeceiras de Basto\",\"Terras de Basto\"],\"inLanguage\":\"pt-PT\",\"potentialAction\":[{\"@type\":\"CommentAction\",\"name\":\"Comment\",\"target\":[\"https:\/\/terrasdebasto.pt\/?p=3594#respond\"]}]},{\"@type\":\"WebPage\",\"@id\":\"https:\/\/terrasdebasto.pt\/?p=3594\",\"url\":\"https:\/\/terrasdebasto.pt\/?p=3594\",\"name\":\"Joaquim Barreto acusa Francisco Alves de \u00abinger\u00eancia inaceit\u00e1vel\u00bb - Jornal Terras de Basto\",\"isPartOf\":{\"@id\":\"https:\/\/terrasdebasto.pt\/#website\"},\"primaryImageOfPage\":{\"@id\":\"https:\/\/terrasdebasto.pt\/?p=3594#primaryimage\"},\"image\":{\"@id\":\"https:\/\/terrasdebasto.pt\/?p=3594#primaryimage\"},\"thumbnailUrl\":\"https:\/\/terrasdebasto.pt\/wp-content\/uploads\/2025\/02\/JOAQUIM-BARRETO-FRANCISCO-ALVES-2.jpg\",\"datePublished\":\"2025-02-14T14:05:57+00:00\",\"description\":\"\u00abMais do que desadequada e ileg\u00edtima, a atitude tomada -- de impedir, desconsiderar e desautorizar o presidente da Assembleia Municipal e o \u00f3rg\u00e3o a que preside de exercer as suas compet\u00eancias, previstas na lei \u2013 constitui uma inger\u00eancia a todos os t\u00edtulos inaceit\u00e1vel e at\u00e9 conden\u00e1vel no normal funcionamento da Assembleia Municipal\u00bb. \u00c9 nestes termos que o presidente deste \u00f3rg\u00e3o municipal em Cabeceiras de Basto, o hist\u00f3rico socialista Joaquim Barreto, se dirige, em documento oficial a que o Terras de Basto acaba de ter acesso, ao presidente da c\u00e2mara municipal, o tamb\u00e9m socialista Francisco Teixeira Alves.\",\"breadcrumb\":{\"@id\":\"https:\/\/terrasdebasto.pt\/?p=3594#breadcrumb\"},\"inLanguage\":\"pt-PT\",\"potentialAction\":[{\"@type\":\"ReadAction\",\"target\":[\"https:\/\/terrasdebasto.pt\/?p=3594\"]}]},{\"@type\":\"ImageObject\",\"inLanguage\":\"pt-PT\",\"@id\":\"https:\/\/terrasdebasto.pt\/?p=3594#primaryimage\",\"url\":\"https:\/\/terrasdebasto.pt\/wp-content\/uploads\/2025\/02\/JOAQUIM-BARRETO-FRANCISCO-ALVES-2.jpg\",\"contentUrl\":\"https:\/\/terrasdebasto.pt\/wp-content\/uploads\/2025\/02\/JOAQUIM-BARRETO-FRANCISCO-ALVES-2.jpg\",\"width\":450,\"height\":318},{\"@type\":\"BreadcrumbList\",\"@id\":\"https:\/\/terrasdebasto.pt\/?p=3594#breadcrumb\",\"itemListElement\":[{\"@type\":\"ListItem\",\"position\":1,\"name\":\"In\u00edcio\",\"item\":\"https:\/\/terrasdebasto.pt\/\"},{\"@type\":\"ListItem\",\"position\":2,\"name\":\"Joaquim Barreto acusa Francisco Alves de \u00abinger\u00eancia inaceit\u00e1vel\u00bb\"}]},{\"@type\":\"WebSite\",\"@id\":\"https:\/\/terrasdebasto.pt\/#website\",\"url\":\"https:\/\/terrasdebasto.pt\/\",\"name\":\"Jornal Terras de Basto\",\"description\":\"\",\"publisher\":{\"@id\":\"https:\/\/terrasdebasto.pt\/#organization\"},\"potentialAction\":[{\"@type\":\"SearchAction\",\"target\":{\"@type\":\"EntryPoint\",\"urlTemplate\":\"https:\/\/terrasdebasto.pt\/?s={search_term_string}\"},\"query-input\":{\"@type\":\"PropertyValueSpecification\",\"valueRequired\":true,\"valueName\":\"search_term_string\"}}],\"inLanguage\":\"pt-PT\"},{\"@type\":\"Organization\",\"@id\":\"https:\/\/terrasdebasto.pt\/#organization\",\"name\":\"Jornal Terras de Basto\",\"url\":\"https:\/\/terrasdebasto.pt\/\",\"logo\":{\"@type\":\"ImageObject\",\"inLanguage\":\"pt-PT\",\"@id\":\"https:\/\/terrasdebasto.pt\/#\/schema\/logo\/image\/\",\"url\":\"https:\/\/terrasdebasto.pt\/wp-content\/uploads\/2024\/06\/LogoNormal.png\",\"contentUrl\":\"https:\/\/terrasdebasto.pt\/wp-content\/uploads\/2024\/06\/LogoNormal.png\",\"width\":5638,\"height\":809,\"caption\":\"Jornal Terras de Basto\"},\"image\":{\"@id\":\"https:\/\/terrasdebasto.pt\/#\/schema\/logo\/image\/\"}},{\"@type\":\"Person\",\"@id\":\"https:\/\/terrasdebasto.pt\/#\/schema\/person\/9f6739f5394ac65c802641773b278b84\",\"name\":\"Jo\u00e3o Paulo Mesquita\",\"image\":{\"@type\":\"ImageObject\",\"inLanguage\":\"pt-PT\",\"@id\":\"https:\/\/terrasdebasto.pt\/#\/schema\/person\/image\/\",\"url\":\"https:\/\/secure.gravatar.com\/avatar\/9bd0f299e6d96336664aab64354168246a3ee3287c47891c50d450e47ed9d7f9?s=96&d=mm&r=g\",\"contentUrl\":\"https:\/\/secure.gravatar.com\/avatar\/9bd0f299e6d96336664aab64354168246a3ee3287c47891c50d450e47ed9d7f9?s=96&d=mm&r=g\",\"caption\":\"Jo\u00e3o Paulo Mesquita\"},\"url\":\"https:\/\/terrasdebasto.pt\/?author=7\"}]}<\/script>\n<!-- \/ Yoast SEO plugin. -->","yoast_head_json":{"title":"Joaquim Barreto acusa Francisco Alves de \u00abinger\u00eancia inaceit\u00e1vel\u00bb - Jornal Terras de Basto","description":"\u00abMais do que desadequada e ileg\u00edtima, a atitude tomada -- de impedir, desconsiderar e desautorizar o presidente da Assembleia Municipal e o \u00f3rg\u00e3o a que preside de exercer as suas compet\u00eancias, previstas na lei \u2013 constitui uma inger\u00eancia a todos os t\u00edtulos inaceit\u00e1vel e at\u00e9 conden\u00e1vel no normal funcionamento da Assembleia Municipal\u00bb. \u00c9 nestes termos que o presidente deste \u00f3rg\u00e3o municipal em Cabeceiras de Basto, o hist\u00f3rico socialista Joaquim Barreto, se dirige, em documento oficial a que o Terras de Basto acaba de ter acesso, ao presidente da c\u00e2mara municipal, o tamb\u00e9m socialista Francisco Teixeira Alves.","robots":{"index":"index","follow":"follow","max-snippet":"max-snippet:-1","max-image-preview":"max-image-preview:large","max-video-preview":"max-video-preview:-1"},"canonical":"https:\/\/terrasdebasto.pt\/?p=3594","og_locale":"pt_PT","og_type":"article","og_title":"Joaquim Barreto acusa Francisco Alves de \u00abinger\u00eancia inaceit\u00e1vel\u00bb - Jornal Terras de Basto","og_description":"\u00abMais do que desadequada e ileg\u00edtima, a atitude tomada -- de impedir, desconsiderar e desautorizar o presidente da Assembleia Municipal e o \u00f3rg\u00e3o a que preside de exercer as suas compet\u00eancias, previstas na lei \u2013 constitui uma inger\u00eancia a todos os t\u00edtulos inaceit\u00e1vel e at\u00e9 conden\u00e1vel no normal funcionamento da Assembleia Municipal\u00bb. \u00c9 nestes termos que o presidente deste \u00f3rg\u00e3o municipal em Cabeceiras de Basto, o hist\u00f3rico socialista Joaquim Barreto, se dirige, em documento oficial a que o Terras de Basto acaba de ter acesso, ao presidente da c\u00e2mara municipal, o tamb\u00e9m socialista Francisco Teixeira Alves.","og_url":"https:\/\/terrasdebasto.pt\/?p=3594","og_site_name":"Jornal Terras de Basto","article_published_time":"2025-02-14T14:05:57+00:00","og_image":[{"width":450,"height":318,"url":"https:\/\/terrasdebasto.pt\/wp-content\/uploads\/2025\/02\/JOAQUIM-BARRETO-FRANCISCO-ALVES-2.jpg","type":"image\/jpeg"}],"author":"Jo\u00e3o Paulo Mesquita","twitter_card":"summary_large_image","twitter_misc":{"Escrito por":"Jo\u00e3o Paulo Mesquita","Tempo estimado de leitura":"7 minutos"},"schema":{"@context":"https:\/\/schema.org","@graph":[{"@type":"Article","@id":"https:\/\/terrasdebasto.pt\/?p=3594#article","isPartOf":{"@id":"https:\/\/terrasdebasto.pt\/?p=3594"},"author":{"name":"Jo\u00e3o Paulo Mesquita","@id":"https:\/\/terrasdebasto.pt\/#\/schema\/person\/9f6739f5394ac65c802641773b278b84"},"headline":"Joaquim Barreto acusa Francisco Alves de \u00abinger\u00eancia inaceit\u00e1vel\u00bb","datePublished":"2025-02-14T14:05:57+00:00","mainEntityOfPage":{"@id":"https:\/\/terrasdebasto.pt\/?p=3594"},"wordCount":1148,"commentCount":0,"publisher":{"@id":"https:\/\/terrasdebasto.pt\/#organization"},"image":{"@id":"https:\/\/terrasdebasto.pt\/?p=3594#primaryimage"},"thumbnailUrl":"https:\/\/terrasdebasto.pt\/wp-content\/uploads\/2025\/02\/JOAQUIM-BARRETO-FRANCISCO-ALVES-2.jpg","keywords":["Assembleia Municipal de Cabeceiras de Basto","C\u00e2mara Municipal de Cabeceiras de Basto","Partido Socialista"],"articleSection":["Cabeceiras de Basto","Terras de Basto"],"inLanguage":"pt-PT","potentialAction":[{"@type":"CommentAction","name":"Comment","target":["https:\/\/terrasdebasto.pt\/?p=3594#respond"]}]},{"@type":"WebPage","@id":"https:\/\/terrasdebasto.pt\/?p=3594","url":"https:\/\/terrasdebasto.pt\/?p=3594","name":"Joaquim Barreto acusa Francisco Alves de \u00abinger\u00eancia inaceit\u00e1vel\u00bb - Jornal Terras de Basto","isPartOf":{"@id":"https:\/\/terrasdebasto.pt\/#website"},"primaryImageOfPage":{"@id":"https:\/\/terrasdebasto.pt\/?p=3594#primaryimage"},"image":{"@id":"https:\/\/terrasdebasto.pt\/?p=3594#primaryimage"},"thumbnailUrl":"https:\/\/terrasdebasto.pt\/wp-content\/uploads\/2025\/02\/JOAQUIM-BARRETO-FRANCISCO-ALVES-2.jpg","datePublished":"2025-02-14T14:05:57+00:00","description":"\u00abMais do que desadequada e ileg\u00edtima, a atitude tomada -- de impedir, desconsiderar e desautorizar o presidente da Assembleia Municipal e o \u00f3rg\u00e3o a que preside de exercer as suas compet\u00eancias, previstas na lei \u2013 constitui uma inger\u00eancia a todos os t\u00edtulos inaceit\u00e1vel e at\u00e9 conden\u00e1vel no normal funcionamento da Assembleia Municipal\u00bb. \u00c9 nestes termos que o presidente deste \u00f3rg\u00e3o municipal em Cabeceiras de Basto, o hist\u00f3rico socialista Joaquim Barreto, se dirige, em documento oficial a que o Terras de Basto acaba de ter acesso, ao presidente da c\u00e2mara municipal, o tamb\u00e9m socialista Francisco Teixeira Alves.","breadcrumb":{"@id":"https:\/\/terrasdebasto.pt\/?p=3594#breadcrumb"},"inLanguage":"pt-PT","potentialAction":[{"@type":"ReadAction","target":["https:\/\/terrasdebasto.pt\/?p=3594"]}]},{"@type":"ImageObject","inLanguage":"pt-PT","@id":"https:\/\/terrasdebasto.pt\/?p=3594#primaryimage","url":"https:\/\/terrasdebasto.pt\/wp-content\/uploads\/2025\/02\/JOAQUIM-BARRETO-FRANCISCO-ALVES-2.jpg","contentUrl":"https:\/\/terrasdebasto.pt\/wp-content\/uploads\/2025\/02\/JOAQUIM-BARRETO-FRANCISCO-ALVES-2.jpg","width":450,"height":318},{"@type":"BreadcrumbList","@id":"https:\/\/terrasdebasto.pt\/?p=3594#breadcrumb","itemListElement":[{"@type":"ListItem","position":1,"name":"In\u00edcio","item":"https:\/\/terrasdebasto.pt\/"},{"@type":"ListItem","position":2,"name":"Joaquim Barreto acusa Francisco Alves de \u00abinger\u00eancia inaceit\u00e1vel\u00bb"}]},{"@type":"WebSite","@id":"https:\/\/terrasdebasto.pt\/#website","url":"https:\/\/terrasdebasto.pt\/","name":"Jornal Terras de Basto","description":"","publisher":{"@id":"https:\/\/terrasdebasto.pt\/#organization"},"potentialAction":[{"@type":"SearchAction","target":{"@type":"EntryPoint","urlTemplate":"https:\/\/terrasdebasto.pt\/?s={search_term_string}"},"query-input":{"@type":"PropertyValueSpecification","valueRequired":true,"valueName":"search_term_string"}}],"inLanguage":"pt-PT"},{"@type":"Organization","@id":"https:\/\/terrasdebasto.pt\/#organization","name":"Jornal Terras de Basto","url":"https:\/\/terrasdebasto.pt\/","logo":{"@type":"ImageObject","inLanguage":"pt-PT","@id":"https:\/\/terrasdebasto.pt\/#\/schema\/logo\/image\/","url":"https:\/\/terrasdebasto.pt\/wp-content\/uploads\/2024\/06\/LogoNormal.png","contentUrl":"https:\/\/terrasdebasto.pt\/wp-content\/uploads\/2024\/06\/LogoNormal.png","width":5638,"height":809,"caption":"Jornal Terras de Basto"},"image":{"@id":"https:\/\/terrasdebasto.pt\/#\/schema\/logo\/image\/"}},{"@type":"Person","@id":"https:\/\/terrasdebasto.pt\/#\/schema\/person\/9f6739f5394ac65c802641773b278b84","name":"Jo\u00e3o Paulo Mesquita","image":{"@type":"ImageObject","inLanguage":"pt-PT","@id":"https:\/\/terrasdebasto.pt\/#\/schema\/person\/image\/","url":"https:\/\/secure.gravatar.com\/avatar\/9bd0f299e6d96336664aab64354168246a3ee3287c47891c50d450e47ed9d7f9?s=96&d=mm&r=g","contentUrl":"https:\/\/secure.gravatar.com\/avatar\/9bd0f299e6d96336664aab64354168246a3ee3287c47891c50d450e47ed9d7f9?s=96&d=mm&r=g","caption":"Jo\u00e3o Paulo Mesquita"},"url":"https:\/\/terrasdebasto.pt\/?author=7"}]}},"_links":{"self":[{"href":"https:\/\/terrasdebasto.pt\/index.php?rest_route=\/wp\/v2\/posts\/3594","targetHints":{"allow":["GET"]}}],"collection":[{"href":"https:\/\/terrasdebasto.pt\/index.php?rest_route=\/wp\/v2\/posts"}],"about":[{"href":"https:\/\/terrasdebasto.pt\/index.php?rest_route=\/wp\/v2\/types\/post"}],"author":[{"embeddable":true,"href":"https:\/\/terrasdebasto.pt\/index.php?rest_route=\/wp\/v2\/users\/7"}],"replies":[{"embeddable":true,"href":"https:\/\/terrasdebasto.pt\/index.php?rest_route=%2Fwp%2Fv2%2Fcomments&post=3594"}],"version-history":[{"count":1,"href":"https:\/\/terrasdebasto.pt\/index.php?rest_route=\/wp\/v2\/posts\/3594\/revisions"}],"predecessor-version":[{"id":3597,"href":"https:\/\/terrasdebasto.pt\/index.php?rest_route=\/wp\/v2\/posts\/3594\/revisions\/3597"}],"wp:featuredmedia":[{"embeddable":true,"href":"https:\/\/terrasdebasto.pt\/index.php?rest_route=\/wp\/v2\/media\/3595"}],"wp:attachment":[{"href":"https:\/\/terrasdebasto.pt\/index.php?rest_route=%2Fwp%2Fv2%2Fmedia&parent=3594"}],"wp:term":[{"taxonomy":"category","embeddable":true,"href":"https:\/\/terrasdebasto.pt\/index.php?rest_route=%2Fwp%2Fv2%2Fcategories&post=3594"},{"taxonomy":"post_tag","embeddable":true,"href":"https:\/\/terrasdebasto.pt\/index.php?rest_route=%2Fwp%2Fv2%2Ftags&post=3594"}],"curies":[{"name":"wp","href":"https:\/\/api.w.org\/{rel}","templated":true}]}}