{"id":356,"date":"2024-07-05T10:38:45","date_gmt":"2024-07-05T10:38:45","guid":{"rendered":"https:\/\/terrasdebasto.pt\/?p=356"},"modified":"2024-07-05T10:41:38","modified_gmt":"2024-07-05T10:41:38","slug":"pelas-terras-de-basto","status":"publish","type":"post","link":"https:\/\/terrasdebasto.pt\/?p=356","title":{"rendered":"Pelas Terras de Basto"},"content":{"rendered":"\n<p><\/p>\n\n\n\n<p><strong>Muitas raz\u00f5es h\u00e1 para que levemos at\u00e9 si este jornal impresso, mas duas se afiguram fundamentais e preponderantemente relevantes para que o tenhamos pensado, desenhado, escrito, impresso e distribu\u00eddo.<\/strong><\/p>\n\n\n\n<p>A primeira \u00e9 a raz\u00e3o que lhe d\u00e1 o pr\u00f3prio t\u00edtulo, Terras de Basto. Um territ\u00f3rio \u2026com gente dentro, sublinhamos n\u00f3s. Um lugar com hist\u00f3ria, com muita hist\u00f3ria humana, que lhe imprimiu uma identidade forte e lhe deu coes\u00e3o. A terra e as suas gentes, como s\u00f3i dizer-se. Sim, \u00e9 esse o nosso primeiro objeto, o lugar e as pessoas que o fizeram e continuam a fazer, o espa\u00e7o e as pessoas que o habitam e nele interferem.<\/p>\n\n\n\n<p>\u00c9 neste espa\u00e7o que encontramos cerca de 50 mil raz\u00f5es para desenvolver este projeto jornal\u00edstico, tantas quantas as que enformam estes quatro concelhos de Cabeceiras de Basto, Celorico de Basto, Mondim de Basto e Ribeira de Pena, uma identidade feita bem longe, mas que carece de ser potenciada a v\u00e1rios n\u00edveis, para l\u00e1 de pol\u00edticas do momento e de decis\u00f5es de outras \u00edndoles.<\/p>\n\n\n\n<p>Permitam-me justifique, ali\u00e1s, a representa\u00e7\u00e3o gr\u00e1fica que escolhemos, tamb\u00e9m para responder ao oficial registo junto da entidade reguladora: a imagem estilizada de quem empresta o nome a esta regi\u00e3o. T\u00ednhamos a alternativa do castelo ou do monte, mas ser\u00e1 que algum deles representaria melhor do que a estatueta este conceito de coes\u00e3o por que nos propomos pugnar?! Pois, ach\u00e1mos que n\u00e3o. Perdoem-nos, se n\u00e3o concordarem.<\/p>\n\n\n\n<p>Mas falemos da segunda raz\u00e3o capital para esta materializa\u00e7\u00e3o que tem em m\u00e3os. Ela \u00e9 puramente jornal\u00edstica. O Terras de Basto \u2013 sublinhe-se \u2013 \u00e9 um projeto jornal\u00edstico \u00abde informa\u00e7\u00e3o geral e opini\u00e3o livre\u00bb, \u00e9 \u00abum \u00f3rg\u00e3o de comunica\u00e7\u00e3o republicano, democrata e independente de qualquer credo, ideologia ou poder econ\u00f3mico\u00bb, como enunciamos no nosso estatuto editorial.<\/p>\n\n\n\n<p>Se estas s\u00e3o as premissas de que n\u00e3o abdicaremos, outra coisa \u00e9 por que o fazemos. E se a primeira raz\u00e3o seria bastante, esta segunda tem em conta a evidente car\u00eancia de uma plataforma de comunica\u00e7\u00e3o que ajude a coser a malha social em que se envolvem todos quantos d\u00e3o corpo a esta realidade territorial, socio-pol\u00edtica e cultural.<\/p>\n\n\n\n<p>Por muito que as vicissitudes do momento nos desaconselhem investimentos em projetos de comunica\u00e7\u00e3o \u00e0 escala regional, designadamente em suportes que alguns teorizam de outras eras, acreditamos que propostas v\u00e1lidas de jornalismo s\u00e9rio, a que se prop\u00f5e o Terras de Basto, ser\u00e3o capazes de granjear a confian\u00e7a dos seus destinat\u00e1rios e de merecer a ades\u00e3o das gentes de Basto.<\/p>\n\n\n\n<p>E se acreditamos poder alcan\u00e7ar esse desiderato, temos em conta, por exemplo, a reflex\u00e3o que ora se imp\u00f5e aos fazedores de comunica\u00e7\u00e3o sobre os sinais que d\u00e3o conta de um certo \u00abevitar ativo de not\u00edcias\u00bb, consequ\u00eancia, desde logo, da satura\u00e7\u00e3o com que nos entram pelos olhos adentro, verdadeiras ou falsas, numa oferta vinda de desconhecidos, que no-las p\u00f5em nas palmas da m\u00e3o. Imp\u00f5e-se.por isso, um jornalismo cred\u00edvel, em que as pessoas possam confiar.<\/p>\n\n\n\n<p>Claro que n\u00e3o podemos ignorar o incomensur\u00e1vel mundo que a digitaliza\u00e7\u00e3o nos oferece, at\u00e9 porque j\u00e1 nada acontece sem a tecnologia que faz esta aldeia global.<\/p>\n\n\n\n<p>Mas \u00e0 plataforma digital por onde nos propomos veicular, instante a instante, a informa\u00e7\u00e3o que vamos produzir e \u00e0 complementaridade que as designadas redes sociais lhe podem acrescentar, ajuntamos, tal como o \u201cEinkommende Zeitungen\u201d impresso a meio do s\u00e9culo XVII na cidade de Leipzig, um jornal convencional, em papel e com cheiro a tinta, que, acreditamos, vai agradar a muitos, mais velhos e mais novos.<\/p>\n\n\n\n<p>Aduzindo justifica\u00e7\u00f5es para esta convic\u00e7\u00e3o, afiguram-se oportunas as conclus\u00f5es por estes dias sa\u00eddas do \u201cDigital News Report Portugal 2024\u201d, um relat\u00f3rio produzido pelo Observat\u00f3rio da Comunica\u00e7\u00e3o que se dedica a dar a conhecer \u00aba rela\u00e7\u00e3o dos portugueses utilizadores de Internet com os conte\u00fados informativos, as marcas de not\u00edcias e o jornalismo\u00bb: \u00aba transpar\u00eancia dos media \u00e9 o aspeto que os portugueses dizem ser mais importante para a defini\u00e7\u00e3o da sua confian\u00e7a em not\u00edcias\u00bb.<\/p>\n\n\n\n<p>E se para a transpar\u00eancia do projeto jornal\u00edstico em apre\u00e7o&nbsp; pode contribuir a b\u00e1sica informa\u00e7\u00e3o de sobre quem recai a sua responsabilidade editorial e financeira, ela aqui fica: os conte\u00fados jornal\u00edsticos desta plataforma multimodal s\u00e3o tutelados por este que vos fala e assina, com a carteira profissional 4625, e longos anos de experi\u00eancia; j\u00e1 a estrutura administrativo-financeira que se prop\u00f5e suportar esta empreitada \u00e9 liderada por um parceiro experiente na gest\u00e3o empresarial, homem de sensibilidade social e olhar atento \u00e0 realidade envolvente; ambos subscrevemos em exclusivo o capital social da \u201cLetras Estrat\u00e9gicas\u201d, embrulho em que se apresenta o Terras de Basto.<\/p>\n\n\n\n<p>Resta-nos agradecer a colabora\u00e7\u00e3o de quantos t\u00eam contribu\u00eddo para este processo fundacional e de quantos v\u00e3o poder contribuir para o seu \u00eaxito, seja enquanto leitores, seja como investidores na vertente comercial deste suporte de comunica\u00e7\u00e3o que se prop\u00f5e plural. Desejamos que venham connosco.<\/p>\n","protected":false},"excerpt":{"rendered":"<p>Muitas raz\u00f5es h\u00e1 para que levemos at\u00e9 si este jornal impresso, mas duas se afiguram fundamentais e preponderantemente relevantes para que o tenhamos pensado, desenhado, escrito, impresso e distribu\u00eddo. A primeira \u00e9 a raz\u00e3o que lhe d\u00e1 o pr\u00f3prio t\u00edtulo, Terras de Basto. Um territ\u00f3rio \u2026com gente dentro, sublinhamos n\u00f3s. Um lugar com hist\u00f3ria, com [&hellip;]<\/p>\n","protected":false},"author":7,"featured_media":359,"comment_status":"open","ping_status":"open","sticky":false,"template":"","format":"standard","meta":{"footnotes":""},"categories":[27],"tags":[],"class_list":{"0":"post-356","1":"post","2":"type-post","3":"status-publish","4":"format-standard","5":"has-post-thumbnail","7":"category-artigo-de-opiniao"},"yoast_head":"<!-- This site is optimized with the Yoast SEO plugin v25.7 - https:\/\/yoast.com\/wordpress\/plugins\/seo\/ -->\n<title>Pelas Terras de Basto - Jornal Terras de Basto<\/title>\n<meta name=\"robots\" content=\"index, follow, max-snippet:-1, max-image-preview:large, max-video-preview:-1\" \/>\n<link rel=\"canonical\" href=\"https:\/\/terrasdebasto.pt\/?p=356\" \/>\n<meta property=\"og:locale\" content=\"pt_PT\" \/>\n<meta property=\"og:type\" content=\"article\" \/>\n<meta property=\"og:title\" content=\"Pelas Terras de Basto - Jornal Terras de Basto\" \/>\n<meta property=\"og:description\" content=\"Muitas raz\u00f5es h\u00e1 para que levemos at\u00e9 si este jornal impresso, mas duas se afiguram fundamentais e preponderantemente relevantes para que o tenhamos pensado, desenhado, escrito, impresso e distribu\u00eddo. A primeira \u00e9 a raz\u00e3o que lhe d\u00e1 o pr\u00f3prio t\u00edtulo, Terras de Basto. Um territ\u00f3rio \u2026com gente dentro, sublinhamos n\u00f3s. Um lugar com hist\u00f3ria, com [&hellip;]\" \/>\n<meta property=\"og:url\" content=\"https:\/\/terrasdebasto.pt\/?p=356\" \/>\n<meta property=\"og:site_name\" content=\"Jornal Terras de Basto\" \/>\n<meta property=\"article:published_time\" content=\"2024-07-05T10:38:45+00:00\" \/>\n<meta property=\"article:modified_time\" content=\"2024-07-05T10:41:38+00:00\" \/>\n<meta property=\"og:image\" content=\"https:\/\/terrasdebasto.pt\/wp-content\/uploads\/2024\/07\/FOTO-01-JOAO-PAULO-MESQUITA.jpg\" \/>\n\t<meta property=\"og:image:width\" content=\"817\" \/>\n\t<meta property=\"og:image:height\" content=\"848\" \/>\n\t<meta property=\"og:image:type\" content=\"image\/jpeg\" \/>\n<meta name=\"author\" content=\"Jo\u00e3o Paulo Mesquita\" \/>\n<meta name=\"twitter:card\" content=\"summary_large_image\" \/>\n<meta name=\"twitter:label1\" content=\"Escrito por\" \/>\n\t<meta name=\"twitter:data1\" content=\"Jo\u00e3o Paulo Mesquita\" \/>\n\t<meta name=\"twitter:label2\" content=\"Tempo estimado de leitura\" \/>\n\t<meta name=\"twitter:data2\" content=\"5 minutos\" \/>\n<script type=\"application\/ld+json\" class=\"yoast-schema-graph\">{\"@context\":\"https:\/\/schema.org\",\"@graph\":[{\"@type\":\"Article\",\"@id\":\"https:\/\/terrasdebasto.pt\/?p=356#article\",\"isPartOf\":{\"@id\":\"https:\/\/terrasdebasto.pt\/?p=356\"},\"author\":{\"name\":\"Jo\u00e3o Paulo Mesquita\",\"@id\":\"https:\/\/terrasdebasto.pt\/#\/schema\/person\/9f6739f5394ac65c802641773b278b84\"},\"headline\":\"Pelas Terras de Basto\",\"datePublished\":\"2024-07-05T10:38:45+00:00\",\"dateModified\":\"2024-07-05T10:41:38+00:00\",\"mainEntityOfPage\":{\"@id\":\"https:\/\/terrasdebasto.pt\/?p=356\"},\"wordCount\":880,\"commentCount\":0,\"publisher\":{\"@id\":\"https:\/\/terrasdebasto.pt\/#organization\"},\"image\":{\"@id\":\"https:\/\/terrasdebasto.pt\/?p=356#primaryimage\"},\"thumbnailUrl\":\"https:\/\/terrasdebasto.pt\/wp-content\/uploads\/2024\/07\/FOTO-01-JOAO-PAULO-MESQUITA.jpg\",\"articleSection\":[\"Artigo de opini\u00e3o\"],\"inLanguage\":\"pt-PT\",\"potentialAction\":[{\"@type\":\"CommentAction\",\"name\":\"Comment\",\"target\":[\"https:\/\/terrasdebasto.pt\/?p=356#respond\"]}]},{\"@type\":\"WebPage\",\"@id\":\"https:\/\/terrasdebasto.pt\/?p=356\",\"url\":\"https:\/\/terrasdebasto.pt\/?p=356\",\"name\":\"Pelas Terras de Basto - Jornal Terras de Basto\",\"isPartOf\":{\"@id\":\"https:\/\/terrasdebasto.pt\/#website\"},\"primaryImageOfPage\":{\"@id\":\"https:\/\/terrasdebasto.pt\/?p=356#primaryimage\"},\"image\":{\"@id\":\"https:\/\/terrasdebasto.pt\/?p=356#primaryimage\"},\"thumbnailUrl\":\"https:\/\/terrasdebasto.pt\/wp-content\/uploads\/2024\/07\/FOTO-01-JOAO-PAULO-MESQUITA.jpg\",\"datePublished\":\"2024-07-05T10:38:45+00:00\",\"dateModified\":\"2024-07-05T10:41:38+00:00\",\"breadcrumb\":{\"@id\":\"https:\/\/terrasdebasto.pt\/?p=356#breadcrumb\"},\"inLanguage\":\"pt-PT\",\"potentialAction\":[{\"@type\":\"ReadAction\",\"target\":[\"https:\/\/terrasdebasto.pt\/?p=356\"]}]},{\"@type\":\"ImageObject\",\"inLanguage\":\"pt-PT\",\"@id\":\"https:\/\/terrasdebasto.pt\/?p=356#primaryimage\",\"url\":\"https:\/\/terrasdebasto.pt\/wp-content\/uploads\/2024\/07\/FOTO-01-JOAO-PAULO-MESQUITA.jpg\",\"contentUrl\":\"https:\/\/terrasdebasto.pt\/wp-content\/uploads\/2024\/07\/FOTO-01-JOAO-PAULO-MESQUITA.jpg\",\"width\":817,\"height\":848},{\"@type\":\"BreadcrumbList\",\"@id\":\"https:\/\/terrasdebasto.pt\/?p=356#breadcrumb\",\"itemListElement\":[{\"@type\":\"ListItem\",\"position\":1,\"name\":\"In\u00edcio\",\"item\":\"https:\/\/terrasdebasto.pt\/\"},{\"@type\":\"ListItem\",\"position\":2,\"name\":\"Pelas Terras de Basto\"}]},{\"@type\":\"WebSite\",\"@id\":\"https:\/\/terrasdebasto.pt\/#website\",\"url\":\"https:\/\/terrasdebasto.pt\/\",\"name\":\"Jornal Terras de Basto\",\"description\":\"\",\"publisher\":{\"@id\":\"https:\/\/terrasdebasto.pt\/#organization\"},\"potentialAction\":[{\"@type\":\"SearchAction\",\"target\":{\"@type\":\"EntryPoint\",\"urlTemplate\":\"https:\/\/terrasdebasto.pt\/?s={search_term_string}\"},\"query-input\":{\"@type\":\"PropertyValueSpecification\",\"valueRequired\":true,\"valueName\":\"search_term_string\"}}],\"inLanguage\":\"pt-PT\"},{\"@type\":\"Organization\",\"@id\":\"https:\/\/terrasdebasto.pt\/#organization\",\"name\":\"Jornal Terras de Basto\",\"url\":\"https:\/\/terrasdebasto.pt\/\",\"logo\":{\"@type\":\"ImageObject\",\"inLanguage\":\"pt-PT\",\"@id\":\"https:\/\/terrasdebasto.pt\/#\/schema\/logo\/image\/\",\"url\":\"https:\/\/terrasdebasto.pt\/wp-content\/uploads\/2024\/06\/LogoNormal.png\",\"contentUrl\":\"https:\/\/terrasdebasto.pt\/wp-content\/uploads\/2024\/06\/LogoNormal.png\",\"width\":5638,\"height\":809,\"caption\":\"Jornal Terras de Basto\"},\"image\":{\"@id\":\"https:\/\/terrasdebasto.pt\/#\/schema\/logo\/image\/\"}},{\"@type\":\"Person\",\"@id\":\"https:\/\/terrasdebasto.pt\/#\/schema\/person\/9f6739f5394ac65c802641773b278b84\",\"name\":\"Jo\u00e3o Paulo Mesquita\",\"image\":{\"@type\":\"ImageObject\",\"inLanguage\":\"pt-PT\",\"@id\":\"https:\/\/terrasdebasto.pt\/#\/schema\/person\/image\/\",\"url\":\"https:\/\/secure.gravatar.com\/avatar\/9bd0f299e6d96336664aab64354168246a3ee3287c47891c50d450e47ed9d7f9?s=96&d=mm&r=g\",\"contentUrl\":\"https:\/\/secure.gravatar.com\/avatar\/9bd0f299e6d96336664aab64354168246a3ee3287c47891c50d450e47ed9d7f9?s=96&d=mm&r=g\",\"caption\":\"Jo\u00e3o Paulo Mesquita\"},\"url\":\"https:\/\/terrasdebasto.pt\/?author=7\"}]}<\/script>\n<!-- \/ Yoast SEO plugin. -->","yoast_head_json":{"title":"Pelas Terras de Basto - Jornal Terras de Basto","robots":{"index":"index","follow":"follow","max-snippet":"max-snippet:-1","max-image-preview":"max-image-preview:large","max-video-preview":"max-video-preview:-1"},"canonical":"https:\/\/terrasdebasto.pt\/?p=356","og_locale":"pt_PT","og_type":"article","og_title":"Pelas Terras de Basto - Jornal Terras de Basto","og_description":"Muitas raz\u00f5es h\u00e1 para que levemos at\u00e9 si este jornal impresso, mas duas se afiguram fundamentais e preponderantemente relevantes para que o tenhamos pensado, desenhado, escrito, impresso e distribu\u00eddo. A primeira \u00e9 a raz\u00e3o que lhe d\u00e1 o pr\u00f3prio t\u00edtulo, Terras de Basto. Um territ\u00f3rio \u2026com gente dentro, sublinhamos n\u00f3s. Um lugar com hist\u00f3ria, com [&hellip;]","og_url":"https:\/\/terrasdebasto.pt\/?p=356","og_site_name":"Jornal Terras de Basto","article_published_time":"2024-07-05T10:38:45+00:00","article_modified_time":"2024-07-05T10:41:38+00:00","og_image":[{"width":817,"height":848,"url":"https:\/\/terrasdebasto.pt\/wp-content\/uploads\/2024\/07\/FOTO-01-JOAO-PAULO-MESQUITA.jpg","type":"image\/jpeg"}],"author":"Jo\u00e3o Paulo Mesquita","twitter_card":"summary_large_image","twitter_misc":{"Escrito por":"Jo\u00e3o Paulo Mesquita","Tempo estimado de leitura":"5 minutos"},"schema":{"@context":"https:\/\/schema.org","@graph":[{"@type":"Article","@id":"https:\/\/terrasdebasto.pt\/?p=356#article","isPartOf":{"@id":"https:\/\/terrasdebasto.pt\/?p=356"},"author":{"name":"Jo\u00e3o Paulo Mesquita","@id":"https:\/\/terrasdebasto.pt\/#\/schema\/person\/9f6739f5394ac65c802641773b278b84"},"headline":"Pelas Terras de Basto","datePublished":"2024-07-05T10:38:45+00:00","dateModified":"2024-07-05T10:41:38+00:00","mainEntityOfPage":{"@id":"https:\/\/terrasdebasto.pt\/?p=356"},"wordCount":880,"commentCount":0,"publisher":{"@id":"https:\/\/terrasdebasto.pt\/#organization"},"image":{"@id":"https:\/\/terrasdebasto.pt\/?p=356#primaryimage"},"thumbnailUrl":"https:\/\/terrasdebasto.pt\/wp-content\/uploads\/2024\/07\/FOTO-01-JOAO-PAULO-MESQUITA.jpg","articleSection":["Artigo de opini\u00e3o"],"inLanguage":"pt-PT","potentialAction":[{"@type":"CommentAction","name":"Comment","target":["https:\/\/terrasdebasto.pt\/?p=356#respond"]}]},{"@type":"WebPage","@id":"https:\/\/terrasdebasto.pt\/?p=356","url":"https:\/\/terrasdebasto.pt\/?p=356","name":"Pelas Terras de Basto - Jornal Terras de Basto","isPartOf":{"@id":"https:\/\/terrasdebasto.pt\/#website"},"primaryImageOfPage":{"@id":"https:\/\/terrasdebasto.pt\/?p=356#primaryimage"},"image":{"@id":"https:\/\/terrasdebasto.pt\/?p=356#primaryimage"},"thumbnailUrl":"https:\/\/terrasdebasto.pt\/wp-content\/uploads\/2024\/07\/FOTO-01-JOAO-PAULO-MESQUITA.jpg","datePublished":"2024-07-05T10:38:45+00:00","dateModified":"2024-07-05T10:41:38+00:00","breadcrumb":{"@id":"https:\/\/terrasdebasto.pt\/?p=356#breadcrumb"},"inLanguage":"pt-PT","potentialAction":[{"@type":"ReadAction","target":["https:\/\/terrasdebasto.pt\/?p=356"]}]},{"@type":"ImageObject","inLanguage":"pt-PT","@id":"https:\/\/terrasdebasto.pt\/?p=356#primaryimage","url":"https:\/\/terrasdebasto.pt\/wp-content\/uploads\/2024\/07\/FOTO-01-JOAO-PAULO-MESQUITA.jpg","contentUrl":"https:\/\/terrasdebasto.pt\/wp-content\/uploads\/2024\/07\/FOTO-01-JOAO-PAULO-MESQUITA.jpg","width":817,"height":848},{"@type":"BreadcrumbList","@id":"https:\/\/terrasdebasto.pt\/?p=356#breadcrumb","itemListElement":[{"@type":"ListItem","position":1,"name":"In\u00edcio","item":"https:\/\/terrasdebasto.pt\/"},{"@type":"ListItem","position":2,"name":"Pelas Terras de Basto"}]},{"@type":"WebSite","@id":"https:\/\/terrasdebasto.pt\/#website","url":"https:\/\/terrasdebasto.pt\/","name":"Jornal Terras de Basto","description":"","publisher":{"@id":"https:\/\/terrasdebasto.pt\/#organization"},"potentialAction":[{"@type":"SearchAction","target":{"@type":"EntryPoint","urlTemplate":"https:\/\/terrasdebasto.pt\/?s={search_term_string}"},"query-input":{"@type":"PropertyValueSpecification","valueRequired":true,"valueName":"search_term_string"}}],"inLanguage":"pt-PT"},{"@type":"Organization","@id":"https:\/\/terrasdebasto.pt\/#organization","name":"Jornal Terras de Basto","url":"https:\/\/terrasdebasto.pt\/","logo":{"@type":"ImageObject","inLanguage":"pt-PT","@id":"https:\/\/terrasdebasto.pt\/#\/schema\/logo\/image\/","url":"https:\/\/terrasdebasto.pt\/wp-content\/uploads\/2024\/06\/LogoNormal.png","contentUrl":"https:\/\/terrasdebasto.pt\/wp-content\/uploads\/2024\/06\/LogoNormal.png","width":5638,"height":809,"caption":"Jornal Terras de Basto"},"image":{"@id":"https:\/\/terrasdebasto.pt\/#\/schema\/logo\/image\/"}},{"@type":"Person","@id":"https:\/\/terrasdebasto.pt\/#\/schema\/person\/9f6739f5394ac65c802641773b278b84","name":"Jo\u00e3o Paulo Mesquita","image":{"@type":"ImageObject","inLanguage":"pt-PT","@id":"https:\/\/terrasdebasto.pt\/#\/schema\/person\/image\/","url":"https:\/\/secure.gravatar.com\/avatar\/9bd0f299e6d96336664aab64354168246a3ee3287c47891c50d450e47ed9d7f9?s=96&d=mm&r=g","contentUrl":"https:\/\/secure.gravatar.com\/avatar\/9bd0f299e6d96336664aab64354168246a3ee3287c47891c50d450e47ed9d7f9?s=96&d=mm&r=g","caption":"Jo\u00e3o Paulo Mesquita"},"url":"https:\/\/terrasdebasto.pt\/?author=7"}]}},"_links":{"self":[{"href":"https:\/\/terrasdebasto.pt\/index.php?rest_route=\/wp\/v2\/posts\/356","targetHints":{"allow":["GET"]}}],"collection":[{"href":"https:\/\/terrasdebasto.pt\/index.php?rest_route=\/wp\/v2\/posts"}],"about":[{"href":"https:\/\/terrasdebasto.pt\/index.php?rest_route=\/wp\/v2\/types\/post"}],"author":[{"embeddable":true,"href":"https:\/\/terrasdebasto.pt\/index.php?rest_route=\/wp\/v2\/users\/7"}],"replies":[{"embeddable":true,"href":"https:\/\/terrasdebasto.pt\/index.php?rest_route=%2Fwp%2Fv2%2Fcomments&post=356"}],"version-history":[{"count":2,"href":"https:\/\/terrasdebasto.pt\/index.php?rest_route=\/wp\/v2\/posts\/356\/revisions"}],"predecessor-version":[{"id":360,"href":"https:\/\/terrasdebasto.pt\/index.php?rest_route=\/wp\/v2\/posts\/356\/revisions\/360"}],"wp:featuredmedia":[{"embeddable":true,"href":"https:\/\/terrasdebasto.pt\/index.php?rest_route=\/wp\/v2\/media\/359"}],"wp:attachment":[{"href":"https:\/\/terrasdebasto.pt\/index.php?rest_route=%2Fwp%2Fv2%2Fmedia&parent=356"}],"wp:term":[{"taxonomy":"category","embeddable":true,"href":"https:\/\/terrasdebasto.pt\/index.php?rest_route=%2Fwp%2Fv2%2Fcategories&post=356"},{"taxonomy":"post_tag","embeddable":true,"href":"https:\/\/terrasdebasto.pt\/index.php?rest_route=%2Fwp%2Fv2%2Ftags&post=356"}],"curies":[{"name":"wp","href":"https:\/\/api.w.org\/{rel}","templated":true}]}}