{"id":3554,"date":"2025-01-31T22:36:17","date_gmt":"2025-01-31T22:36:17","guid":{"rendered":"https:\/\/terrasdebasto.pt\/?p=3554"},"modified":"2025-01-31T22:36:18","modified_gmt":"2025-01-31T22:36:18","slug":"coligacao-psd-cds-preocupada-com-acumulacao-de-funcoes-na-basto-vida","status":"publish","type":"post","link":"https:\/\/terrasdebasto.pt\/?p=3554","title":{"rendered":"Coliga\u00e7\u00e3o PSD\/CDS preocupada com acumula\u00e7\u00e3o de fun\u00e7\u00f5es na \u201cBasto Vida\u201d"},"content":{"rendered":"\n<p><strong>A coliga\u00e7\u00e3o \u201cFazer Diferente\u201d, que junta sociais-democratas e centristas em Cabeceiras de Basto, veio agora a p\u00fablico manifestar \u00abprofundas preocupa\u00e7\u00f5es\u00bb relativamente ao funcionamento da r\u00e9gie-cooperativa \u201cBasto Vida\u201d.<\/strong><\/p>\n\n\n\n<p>Em nota p\u00fablica, a estrutura eleitoral \u2013 que anunciou j\u00e1 a candidatura do engenheiro-civil Manuel Ant\u00f3nio Teixeira \u00e0 presid\u00eancia da C\u00e2mara Municipal \u2013 reage, assim, \u00e0 not\u00edcia avan\u00e7ada esta quinta-feira (30) pelo Terras de Basto sobre a acumula\u00e7\u00e3o de fun\u00e7\u00f5es p\u00fablicas e privadas por parte da diretora-t\u00e9cnica da Unidade de Cuidados Continuados da \u201cBasto Vida\u201d, que assumiu a 2 de janeiro fun\u00e7\u00f5es como enfermeira da Unidade Local de Sa\u00fade do T\u00e2mega e Sousa.<\/p>\n\n\n\n<p>Considerando que a r\u00e9gie-cooperativa \u00e9 participada em 80% pelo munic\u00edpio cabeceirense, a coliga\u00e7\u00e3o \u201cFazer Diferente\u201d manifesta, assim, \u00abprofundas preocupa\u00e7\u00f5es em rela\u00e7\u00e3o ao pleno funcionamento da institui\u00e7\u00e3o\u00bb.<\/p>\n\n\n\n<p>Exige, entretanto, que o presidente da C\u00e2mara Municipal e a presidente da Dire\u00e7\u00e3o da regie-cooperativa, a vereadora Carla Lousada, \u00abesclare\u00e7am publicamente os cabeceirenses sobre este assunto\u00bb, que considera \u00abparticularmente importante\u00bb.<\/p>\n\n\n\n<p>Tal exig\u00eancia \u2013 sublinha \u2013 acontece \u00abem nome da transpar\u00eancia e \u00e9tica na gest\u00e3o p\u00fablica de uma entidade financiada com dinheiros p\u00fablicos, que deve estar ao servi\u00e7o dos cabeceirenses\u00bb, refor\u00e7ando, assim, aquilo que tem defendido: \u00abuma gest\u00e3o totalmente imparcial, independente do poder pol\u00edtico\u00bb.<\/p>\n\n\n\n<p>De acordo com as fontes contactadas pelo Terras de Basto, Lu\u00edsa Maria Teixeira Pereira \u2013 atual mulher do presidente da C\u00e2mara Municipal, Francisco Alves, tomou posse como enfermeira da ULS do T\u00e2mega e Sousa h\u00e1 cerca de um m\u00eas, facto que at\u00e9 hoje n\u00e3o foi dado a conhecer aos cooperantes.<\/p>\n\n\n\n<p>Embora tenha ficado afeta \u00e0 Unidade de Cuidados Continuados de Amarante, a respons\u00e1vel pelo quotidiano da \u201cBasto Vida\u201d tem-se mantido por Cabeceiras de Basto, alegadamente \u00aba frequentar uma a\u00e7\u00e3o de forma\u00e7\u00e3o no centro de sa\u00fade\u00bb, no \u00e2mbito de uma Equipa de Cuidados Continuados Integrados.<\/p>\n\n\n\n<p>Embora o ingresso na fun\u00e7\u00e3o p\u00fablica fosse um desejo antigo da enfermeira cabeceirense, algumas das fontes contactadas relevam o contrato agora estabelecido para ingresso na fun\u00e7\u00e3o p\u00fablica como \u00abuma forma de tratar da vidinha enquanto \u00e9 tempo\u00bb, temendo dias profissionalmente menos agrad\u00e1veis na eventualidade de o marido perder as elei\u00e7\u00f5es deste ano.<\/p>\n\n\n\n<p>As mesmas fontes comentam, entretanto, que \u00abs\u00f3 um eventual desconforto interno\u00bb, motivado por querelas no seio da estrutura, ou ent\u00e3o \u00aba falta de confian\u00e7a nos pr\u00f3ximos resultados eleitorais\u00bb dos socialistas liderados pelo marido, podem justificar a prefer\u00eancia pelo exerc\u00edcio profissional em s\u00edtio distante da sua \u00e1rea de resid\u00eancia. [Reda\u00e7\u00e3o].<\/p>\n","protected":false},"excerpt":{"rendered":"<p>A coliga\u00e7\u00e3o \u201cFazer Diferente\u201d, que junta sociais-democratas e centristas em Cabeceiras de Basto, veio agora a p\u00fablico manifestar \u00abprofundas preocupa\u00e7\u00f5es\u00bb relativamente ao funcionamento da r\u00e9gie-cooperativa \u201cBasto Vida\u201d. Em nota p\u00fablica, a estrutura eleitoral \u2013 que anunciou j\u00e1 a candidatura do engenheiro-civil Manuel Ant\u00f3nio Teixeira \u00e0 presid\u00eancia da C\u00e2mara Municipal \u2013 reage, assim, \u00e0 not\u00edcia avan\u00e7ada [&hellip;]<\/p>\n","protected":false},"author":7,"featured_media":3555,"comment_status":"open","ping_status":"open","sticky":false,"template":"","format":"standard","meta":{"footnotes":""},"categories":[12,10,9],"tags":[785,789],"class_list":{"0":"post-3554","1":"post","2":"type-post","3":"status-publish","4":"format-standard","5":"has-post-thumbnail","7":"category-cabeceiras-de-basto","8":"category-saude","9":"category-terras-de-basto","10":"tag-basto-vida","11":"tag-directora-tecnica"},"yoast_head":"<!-- This site is optimized with the Yoast SEO plugin v25.7 - https:\/\/yoast.com\/wordpress\/plugins\/seo\/ -->\n<title>Coliga\u00e7\u00e3o PSD\/CDS preocupada com acumula\u00e7\u00e3o de fun\u00e7\u00f5es na \u201cBasto Vida\u201d - Jornal Terras de Basto<\/title>\n<meta name=\"description\" content=\"A coliga\u00e7\u00e3o \u201cFazer Diferente\u201d, que junta sociais-democratas e centristas em Cabeceiras de Basto, veio agora a p\u00fablico manifestar \u00abprofundas preocupa\u00e7\u00f5es\u00bb relativamente ao funcionamento da r\u00e9gie-cooperativa \u201cBasto Vida\u201d.\" \/>\n<meta name=\"robots\" content=\"index, follow, max-snippet:-1, max-image-preview:large, max-video-preview:-1\" \/>\n<link rel=\"canonical\" href=\"https:\/\/terrasdebasto.pt\/?p=3554\" \/>\n<meta property=\"og:locale\" content=\"pt_PT\" \/>\n<meta property=\"og:type\" content=\"article\" \/>\n<meta property=\"og:title\" content=\"Coliga\u00e7\u00e3o PSD\/CDS preocupada com acumula\u00e7\u00e3o de fun\u00e7\u00f5es na \u201cBasto Vida\u201d - Jornal Terras de Basto\" \/>\n<meta property=\"og:description\" content=\"A coliga\u00e7\u00e3o \u201cFazer Diferente\u201d, que junta sociais-democratas e centristas em Cabeceiras de Basto, veio agora a p\u00fablico manifestar \u00abprofundas preocupa\u00e7\u00f5es\u00bb relativamente ao funcionamento da r\u00e9gie-cooperativa \u201cBasto Vida\u201d.\" \/>\n<meta property=\"og:url\" content=\"https:\/\/terrasdebasto.pt\/?p=3554\" \/>\n<meta property=\"og:site_name\" content=\"Jornal Terras de Basto\" \/>\n<meta property=\"article:published_time\" content=\"2025-01-31T22:36:17+00:00\" \/>\n<meta property=\"article:modified_time\" content=\"2025-01-31T22:36:18+00:00\" \/>\n<meta property=\"og:image\" content=\"https:\/\/terrasdebasto.pt\/wp-content\/uploads\/2025\/01\/LUISA-PEREIRA-01.jpg\" \/>\n\t<meta property=\"og:image:width\" content=\"577\" \/>\n\t<meta property=\"og:image:height\" content=\"334\" \/>\n\t<meta property=\"og:image:type\" content=\"image\/jpeg\" \/>\n<meta name=\"author\" content=\"Jo\u00e3o Paulo Mesquita\" \/>\n<meta name=\"twitter:card\" content=\"summary_large_image\" \/>\n<meta name=\"twitter:label1\" content=\"Escrito por\" \/>\n\t<meta name=\"twitter:data1\" content=\"Jo\u00e3o Paulo Mesquita\" \/>\n\t<meta name=\"twitter:label2\" content=\"Tempo estimado de leitura\" \/>\n\t<meta name=\"twitter:data2\" content=\"3 minutos\" \/>\n<script type=\"application\/ld+json\" class=\"yoast-schema-graph\">{\"@context\":\"https:\/\/schema.org\",\"@graph\":[{\"@type\":\"Article\",\"@id\":\"https:\/\/terrasdebasto.pt\/?p=3554#article\",\"isPartOf\":{\"@id\":\"https:\/\/terrasdebasto.pt\/?p=3554\"},\"author\":{\"name\":\"Jo\u00e3o Paulo Mesquita\",\"@id\":\"https:\/\/terrasdebasto.pt\/#\/schema\/person\/9f6739f5394ac65c802641773b278b84\"},\"headline\":\"Coliga\u00e7\u00e3o PSD\/CDS preocupada com acumula\u00e7\u00e3o de fun\u00e7\u00f5es na \u201cBasto Vida\u201d\",\"datePublished\":\"2025-01-31T22:36:17+00:00\",\"dateModified\":\"2025-01-31T22:36:18+00:00\",\"mainEntityOfPage\":{\"@id\":\"https:\/\/terrasdebasto.pt\/?p=3554\"},\"wordCount\":453,\"commentCount\":0,\"publisher\":{\"@id\":\"https:\/\/terrasdebasto.pt\/#organization\"},\"image\":{\"@id\":\"https:\/\/terrasdebasto.pt\/?p=3554#primaryimage\"},\"thumbnailUrl\":\"https:\/\/terrasdebasto.pt\/wp-content\/uploads\/2025\/01\/LUISA-PEREIRA-01.jpg\",\"keywords\":[\"Basto Vida\",\"Directora-t\u00e9cnica\"],\"articleSection\":[\"Cabeceiras de Basto\",\"Sa\u00fade\",\"Terras de Basto\"],\"inLanguage\":\"pt-PT\",\"potentialAction\":[{\"@type\":\"CommentAction\",\"name\":\"Comment\",\"target\":[\"https:\/\/terrasdebasto.pt\/?p=3554#respond\"]}]},{\"@type\":\"WebPage\",\"@id\":\"https:\/\/terrasdebasto.pt\/?p=3554\",\"url\":\"https:\/\/terrasdebasto.pt\/?p=3554\",\"name\":\"Coliga\u00e7\u00e3o PSD\/CDS preocupada com acumula\u00e7\u00e3o de fun\u00e7\u00f5es na \u201cBasto Vida\u201d - Jornal Terras de Basto\",\"isPartOf\":{\"@id\":\"https:\/\/terrasdebasto.pt\/#website\"},\"primaryImageOfPage\":{\"@id\":\"https:\/\/terrasdebasto.pt\/?p=3554#primaryimage\"},\"image\":{\"@id\":\"https:\/\/terrasdebasto.pt\/?p=3554#primaryimage\"},\"thumbnailUrl\":\"https:\/\/terrasdebasto.pt\/wp-content\/uploads\/2025\/01\/LUISA-PEREIRA-01.jpg\",\"datePublished\":\"2025-01-31T22:36:17+00:00\",\"dateModified\":\"2025-01-31T22:36:18+00:00\",\"description\":\"A coliga\u00e7\u00e3o \u201cFazer Diferente\u201d, que junta sociais-democratas e centristas em Cabeceiras de Basto, veio agora a p\u00fablico manifestar \u00abprofundas preocupa\u00e7\u00f5es\u00bb relativamente ao funcionamento da r\u00e9gie-cooperativa \u201cBasto Vida\u201d.\",\"breadcrumb\":{\"@id\":\"https:\/\/terrasdebasto.pt\/?p=3554#breadcrumb\"},\"inLanguage\":\"pt-PT\",\"potentialAction\":[{\"@type\":\"ReadAction\",\"target\":[\"https:\/\/terrasdebasto.pt\/?p=3554\"]}]},{\"@type\":\"ImageObject\",\"inLanguage\":\"pt-PT\",\"@id\":\"https:\/\/terrasdebasto.pt\/?p=3554#primaryimage\",\"url\":\"https:\/\/terrasdebasto.pt\/wp-content\/uploads\/2025\/01\/LUISA-PEREIRA-01.jpg\",\"contentUrl\":\"https:\/\/terrasdebasto.pt\/wp-content\/uploads\/2025\/01\/LUISA-PEREIRA-01.jpg\",\"width\":577,\"height\":334},{\"@type\":\"BreadcrumbList\",\"@id\":\"https:\/\/terrasdebasto.pt\/?p=3554#breadcrumb\",\"itemListElement\":[{\"@type\":\"ListItem\",\"position\":1,\"name\":\"In\u00edcio\",\"item\":\"https:\/\/terrasdebasto.pt\/\"},{\"@type\":\"ListItem\",\"position\":2,\"name\":\"Coliga\u00e7\u00e3o PSD\/CDS preocupada com acumula\u00e7\u00e3o de fun\u00e7\u00f5es na \u201cBasto Vida\u201d\"}]},{\"@type\":\"WebSite\",\"@id\":\"https:\/\/terrasdebasto.pt\/#website\",\"url\":\"https:\/\/terrasdebasto.pt\/\",\"name\":\"Jornal Terras de Basto\",\"description\":\"\",\"publisher\":{\"@id\":\"https:\/\/terrasdebasto.pt\/#organization\"},\"potentialAction\":[{\"@type\":\"SearchAction\",\"target\":{\"@type\":\"EntryPoint\",\"urlTemplate\":\"https:\/\/terrasdebasto.pt\/?s={search_term_string}\"},\"query-input\":{\"@type\":\"PropertyValueSpecification\",\"valueRequired\":true,\"valueName\":\"search_term_string\"}}],\"inLanguage\":\"pt-PT\"},{\"@type\":\"Organization\",\"@id\":\"https:\/\/terrasdebasto.pt\/#organization\",\"name\":\"Jornal Terras de Basto\",\"url\":\"https:\/\/terrasdebasto.pt\/\",\"logo\":{\"@type\":\"ImageObject\",\"inLanguage\":\"pt-PT\",\"@id\":\"https:\/\/terrasdebasto.pt\/#\/schema\/logo\/image\/\",\"url\":\"https:\/\/terrasdebasto.pt\/wp-content\/uploads\/2024\/06\/LogoNormal.png\",\"contentUrl\":\"https:\/\/terrasdebasto.pt\/wp-content\/uploads\/2024\/06\/LogoNormal.png\",\"width\":5638,\"height\":809,\"caption\":\"Jornal Terras de Basto\"},\"image\":{\"@id\":\"https:\/\/terrasdebasto.pt\/#\/schema\/logo\/image\/\"}},{\"@type\":\"Person\",\"@id\":\"https:\/\/terrasdebasto.pt\/#\/schema\/person\/9f6739f5394ac65c802641773b278b84\",\"name\":\"Jo\u00e3o Paulo Mesquita\",\"image\":{\"@type\":\"ImageObject\",\"inLanguage\":\"pt-PT\",\"@id\":\"https:\/\/terrasdebasto.pt\/#\/schema\/person\/image\/\",\"url\":\"https:\/\/secure.gravatar.com\/avatar\/9bd0f299e6d96336664aab64354168246a3ee3287c47891c50d450e47ed9d7f9?s=96&d=mm&r=g\",\"contentUrl\":\"https:\/\/secure.gravatar.com\/avatar\/9bd0f299e6d96336664aab64354168246a3ee3287c47891c50d450e47ed9d7f9?s=96&d=mm&r=g\",\"caption\":\"Jo\u00e3o Paulo Mesquita\"},\"url\":\"https:\/\/terrasdebasto.pt\/?author=7\"}]}<\/script>\n<!-- \/ Yoast SEO plugin. -->","yoast_head_json":{"title":"Coliga\u00e7\u00e3o PSD\/CDS preocupada com acumula\u00e7\u00e3o de fun\u00e7\u00f5es na \u201cBasto Vida\u201d - Jornal Terras de Basto","description":"A coliga\u00e7\u00e3o \u201cFazer Diferente\u201d, que junta sociais-democratas e centristas em Cabeceiras de Basto, veio agora a p\u00fablico manifestar \u00abprofundas preocupa\u00e7\u00f5es\u00bb relativamente ao funcionamento da r\u00e9gie-cooperativa \u201cBasto Vida\u201d.","robots":{"index":"index","follow":"follow","max-snippet":"max-snippet:-1","max-image-preview":"max-image-preview:large","max-video-preview":"max-video-preview:-1"},"canonical":"https:\/\/terrasdebasto.pt\/?p=3554","og_locale":"pt_PT","og_type":"article","og_title":"Coliga\u00e7\u00e3o PSD\/CDS preocupada com acumula\u00e7\u00e3o de fun\u00e7\u00f5es na \u201cBasto Vida\u201d - Jornal Terras de Basto","og_description":"A coliga\u00e7\u00e3o \u201cFazer Diferente\u201d, que junta sociais-democratas e centristas em Cabeceiras de Basto, veio agora a p\u00fablico manifestar \u00abprofundas preocupa\u00e7\u00f5es\u00bb relativamente ao funcionamento da r\u00e9gie-cooperativa \u201cBasto Vida\u201d.","og_url":"https:\/\/terrasdebasto.pt\/?p=3554","og_site_name":"Jornal Terras de Basto","article_published_time":"2025-01-31T22:36:17+00:00","article_modified_time":"2025-01-31T22:36:18+00:00","og_image":[{"width":577,"height":334,"url":"https:\/\/terrasdebasto.pt\/wp-content\/uploads\/2025\/01\/LUISA-PEREIRA-01.jpg","type":"image\/jpeg"}],"author":"Jo\u00e3o Paulo Mesquita","twitter_card":"summary_large_image","twitter_misc":{"Escrito por":"Jo\u00e3o Paulo Mesquita","Tempo estimado de leitura":"3 minutos"},"schema":{"@context":"https:\/\/schema.org","@graph":[{"@type":"Article","@id":"https:\/\/terrasdebasto.pt\/?p=3554#article","isPartOf":{"@id":"https:\/\/terrasdebasto.pt\/?p=3554"},"author":{"name":"Jo\u00e3o Paulo Mesquita","@id":"https:\/\/terrasdebasto.pt\/#\/schema\/person\/9f6739f5394ac65c802641773b278b84"},"headline":"Coliga\u00e7\u00e3o PSD\/CDS preocupada com acumula\u00e7\u00e3o de fun\u00e7\u00f5es na \u201cBasto Vida\u201d","datePublished":"2025-01-31T22:36:17+00:00","dateModified":"2025-01-31T22:36:18+00:00","mainEntityOfPage":{"@id":"https:\/\/terrasdebasto.pt\/?p=3554"},"wordCount":453,"commentCount":0,"publisher":{"@id":"https:\/\/terrasdebasto.pt\/#organization"},"image":{"@id":"https:\/\/terrasdebasto.pt\/?p=3554#primaryimage"},"thumbnailUrl":"https:\/\/terrasdebasto.pt\/wp-content\/uploads\/2025\/01\/LUISA-PEREIRA-01.jpg","keywords":["Basto Vida","Directora-t\u00e9cnica"],"articleSection":["Cabeceiras de Basto","Sa\u00fade","Terras de Basto"],"inLanguage":"pt-PT","potentialAction":[{"@type":"CommentAction","name":"Comment","target":["https:\/\/terrasdebasto.pt\/?p=3554#respond"]}]},{"@type":"WebPage","@id":"https:\/\/terrasdebasto.pt\/?p=3554","url":"https:\/\/terrasdebasto.pt\/?p=3554","name":"Coliga\u00e7\u00e3o PSD\/CDS preocupada com acumula\u00e7\u00e3o de fun\u00e7\u00f5es na \u201cBasto Vida\u201d - Jornal Terras de Basto","isPartOf":{"@id":"https:\/\/terrasdebasto.pt\/#website"},"primaryImageOfPage":{"@id":"https:\/\/terrasdebasto.pt\/?p=3554#primaryimage"},"image":{"@id":"https:\/\/terrasdebasto.pt\/?p=3554#primaryimage"},"thumbnailUrl":"https:\/\/terrasdebasto.pt\/wp-content\/uploads\/2025\/01\/LUISA-PEREIRA-01.jpg","datePublished":"2025-01-31T22:36:17+00:00","dateModified":"2025-01-31T22:36:18+00:00","description":"A coliga\u00e7\u00e3o \u201cFazer Diferente\u201d, que junta sociais-democratas e centristas em Cabeceiras de Basto, veio agora a p\u00fablico manifestar \u00abprofundas preocupa\u00e7\u00f5es\u00bb relativamente ao funcionamento da r\u00e9gie-cooperativa \u201cBasto Vida\u201d.","breadcrumb":{"@id":"https:\/\/terrasdebasto.pt\/?p=3554#breadcrumb"},"inLanguage":"pt-PT","potentialAction":[{"@type":"ReadAction","target":["https:\/\/terrasdebasto.pt\/?p=3554"]}]},{"@type":"ImageObject","inLanguage":"pt-PT","@id":"https:\/\/terrasdebasto.pt\/?p=3554#primaryimage","url":"https:\/\/terrasdebasto.pt\/wp-content\/uploads\/2025\/01\/LUISA-PEREIRA-01.jpg","contentUrl":"https:\/\/terrasdebasto.pt\/wp-content\/uploads\/2025\/01\/LUISA-PEREIRA-01.jpg","width":577,"height":334},{"@type":"BreadcrumbList","@id":"https:\/\/terrasdebasto.pt\/?p=3554#breadcrumb","itemListElement":[{"@type":"ListItem","position":1,"name":"In\u00edcio","item":"https:\/\/terrasdebasto.pt\/"},{"@type":"ListItem","position":2,"name":"Coliga\u00e7\u00e3o PSD\/CDS preocupada com acumula\u00e7\u00e3o de fun\u00e7\u00f5es na \u201cBasto Vida\u201d"}]},{"@type":"WebSite","@id":"https:\/\/terrasdebasto.pt\/#website","url":"https:\/\/terrasdebasto.pt\/","name":"Jornal Terras de Basto","description":"","publisher":{"@id":"https:\/\/terrasdebasto.pt\/#organization"},"potentialAction":[{"@type":"SearchAction","target":{"@type":"EntryPoint","urlTemplate":"https:\/\/terrasdebasto.pt\/?s={search_term_string}"},"query-input":{"@type":"PropertyValueSpecification","valueRequired":true,"valueName":"search_term_string"}}],"inLanguage":"pt-PT"},{"@type":"Organization","@id":"https:\/\/terrasdebasto.pt\/#organization","name":"Jornal Terras de Basto","url":"https:\/\/terrasdebasto.pt\/","logo":{"@type":"ImageObject","inLanguage":"pt-PT","@id":"https:\/\/terrasdebasto.pt\/#\/schema\/logo\/image\/","url":"https:\/\/terrasdebasto.pt\/wp-content\/uploads\/2024\/06\/LogoNormal.png","contentUrl":"https:\/\/terrasdebasto.pt\/wp-content\/uploads\/2024\/06\/LogoNormal.png","width":5638,"height":809,"caption":"Jornal Terras de Basto"},"image":{"@id":"https:\/\/terrasdebasto.pt\/#\/schema\/logo\/image\/"}},{"@type":"Person","@id":"https:\/\/terrasdebasto.pt\/#\/schema\/person\/9f6739f5394ac65c802641773b278b84","name":"Jo\u00e3o Paulo Mesquita","image":{"@type":"ImageObject","inLanguage":"pt-PT","@id":"https:\/\/terrasdebasto.pt\/#\/schema\/person\/image\/","url":"https:\/\/secure.gravatar.com\/avatar\/9bd0f299e6d96336664aab64354168246a3ee3287c47891c50d450e47ed9d7f9?s=96&d=mm&r=g","contentUrl":"https:\/\/secure.gravatar.com\/avatar\/9bd0f299e6d96336664aab64354168246a3ee3287c47891c50d450e47ed9d7f9?s=96&d=mm&r=g","caption":"Jo\u00e3o Paulo Mesquita"},"url":"https:\/\/terrasdebasto.pt\/?author=7"}]}},"_links":{"self":[{"href":"https:\/\/terrasdebasto.pt\/index.php?rest_route=\/wp\/v2\/posts\/3554","targetHints":{"allow":["GET"]}}],"collection":[{"href":"https:\/\/terrasdebasto.pt\/index.php?rest_route=\/wp\/v2\/posts"}],"about":[{"href":"https:\/\/terrasdebasto.pt\/index.php?rest_route=\/wp\/v2\/types\/post"}],"author":[{"embeddable":true,"href":"https:\/\/terrasdebasto.pt\/index.php?rest_route=\/wp\/v2\/users\/7"}],"replies":[{"embeddable":true,"href":"https:\/\/terrasdebasto.pt\/index.php?rest_route=%2Fwp%2Fv2%2Fcomments&post=3554"}],"version-history":[{"count":1,"href":"https:\/\/terrasdebasto.pt\/index.php?rest_route=\/wp\/v2\/posts\/3554\/revisions"}],"predecessor-version":[{"id":3556,"href":"https:\/\/terrasdebasto.pt\/index.php?rest_route=\/wp\/v2\/posts\/3554\/revisions\/3556"}],"wp:featuredmedia":[{"embeddable":true,"href":"https:\/\/terrasdebasto.pt\/index.php?rest_route=\/wp\/v2\/media\/3555"}],"wp:attachment":[{"href":"https:\/\/terrasdebasto.pt\/index.php?rest_route=%2Fwp%2Fv2%2Fmedia&parent=3554"}],"wp:term":[{"taxonomy":"category","embeddable":true,"href":"https:\/\/terrasdebasto.pt\/index.php?rest_route=%2Fwp%2Fv2%2Fcategories&post=3554"},{"taxonomy":"post_tag","embeddable":true,"href":"https:\/\/terrasdebasto.pt\/index.php?rest_route=%2Fwp%2Fv2%2Ftags&post=3554"}],"curies":[{"name":"wp","href":"https:\/\/api.w.org\/{rel}","templated":true}]}}