{"id":3549,"date":"2025-01-30T01:19:55","date_gmt":"2025-01-30T01:19:55","guid":{"rendered":"https:\/\/terrasdebasto.pt\/?p=3549"},"modified":"2025-01-30T01:20:58","modified_gmt":"2025-01-30T01:20:58","slug":"cabeceiras-diretora-tecnica-da-basto-vida-acumula-com-funcoes-publicas","status":"publish","type":"post","link":"https:\/\/terrasdebasto.pt\/?p=3549","title":{"rendered":"Cabeceiras: diretora-t\u00e9cnica da \u201cBasto Vida\u201d acumula com fun\u00e7\u00f5es p\u00fablicas"},"content":{"rendered":"\n<p><\/p>\n\n\n\n<p><strong>A diretora-t\u00e9cnica e coordenadora <a>da Unidade de Cuidados Continuados Integrados de M\u00e9dia Dura\u00e7\u00e3o e Reabilita\u00e7\u00e3o da \u201cBasto Vida\u201d <\/a>\u2013 cooperativa de solidariedade social de Cabeceiras de Basto \u2013 continua a exercer a fun\u00e7\u00e3o, mesmo depois de ter ingressado na fun\u00e7\u00e3o p\u00fablica como enfermeira da Unidade Local de Sa\u00fade do T\u00e2mega e Sousa, soube o Terras de Basto.<\/strong><\/p>\n\n\n\n<p>De acordo com as fontes contactadas, que pedem o anonimato, Lu\u00edsa Maria Teixeira Pereira tomou posse como enfermeira daquela ULS h\u00e1 cerca de um m\u00eas, facto que at\u00e9 hoje n\u00e3o foi dado a conhecer aos cooperantes.<\/p>\n\n\n\n<p>Embora tenha sido afetada, depois do respetivo concurso, ao Hospital de Amarante, a respons\u00e1vel pelo quotidiano da \u201cBasto Vida\u201d tem-se mantido por Cabeceiras de Basto, alegadamente \u00aba frequentar uma a\u00e7\u00e3o de forma\u00e7\u00e3o no centro de sa\u00fade\u00bb, no \u00e2mbito de uma Equipa de Cuidados Continuados Integrados.<\/p>\n\n\n\n<p>O Terras de Basto tentou chegar \u00e0 fala com Lu\u00edsa Pereira a partir da \u201cBasto Vida\u201d, mas foi telefonicamente informado de que n\u00e3o se encontrava nas instala\u00e7\u00f5es, \u00abtalvez por ser quase a hora de sair\u00bb.<\/p>\n\n\n\n<p>Embora o ingresso na fun\u00e7\u00e3o p\u00fablica fosse um desejo antigo da enfermeira cabeceirense \u2013 atual mulher do presidente e candidato socialista \u00e0 C\u00e2mara Municipal de Cabeceiras de Basto, Francisco Teixeira Alves \u2013, algumas das fontes contactadas relevam o contrato agora estabelecido com a ULS do T\u00e2mega e Sousa como \u00abuma forma de tratar da vidinha enquanto \u00e9 tempo\u00bb, temendo dias profissionalmente menos agrad\u00e1veis na eventualidade de o marido perder as elei\u00e7\u00f5es deste ano.<\/p>\n\n\n\n<p>As mesmas fontes comentam, entretanto, que \u00abs\u00f3 um eventual desconforto interno\u00bb, motivado por querelas no seio da estrutura, ou ent\u00e3o \u00aba falta de confian\u00e7a nos pr\u00f3ximos resultados eleitorais\u00bb dos socialistas liderados pelo marido, podem justificar a prefer\u00eancia pelo exerc\u00edcio profissional em s\u00edtio distante da sua \u00e1rea de resid\u00eancia, em Outeiro &#8211; Cabeceiras de Basto.<\/p>\n\n\n\n<p>A acumula\u00e7\u00e3o de fun\u00e7\u00f5es p\u00fablicas e de dire\u00e7\u00e3o-t\u00e9cnica daquela exigente unidade de sa\u00fade da cooperativa cabeceirense \u2013 participada em cerca de 80 por cento pelo pr\u00f3prio munic\u00edpio \u2013 n\u00e3o est\u00e1 a agradar aos dois cooperantes ouvidos por este jornal, particularmente pelo facto de, um m\u00eas depois, n\u00e3o lhe ter sido dada ainda qualquer informa\u00e7\u00e3o pela dire\u00e7\u00e3o da \u201cBasto Vida\u201d, a cuja dire\u00e7\u00e3o preside a vereadora Carla Lousada.<\/p>\n\n\n\n<p>O Terras de Basto tentou, igualmente, chegar \u00e0 fala sobre este assunto com a presidente da dire\u00e7\u00e3o, mas Lousada, invocando raz\u00f5es familiares, manifestou \u00abdisponibilidade bastante reduzida\u00bb para isso, sugerindo \u00abo envio dos assuntos que pretende ver esclarecidos para o e-mail da \u201cBasto Vida\u201d\u00bb.<\/p>\n\n\n\n<p>Embora desconfiem da legalidade da acumula\u00e7\u00e3o de fun\u00e7\u00f5es por parte da diretora-t\u00e9cnica, eventualidade que querem ver devidamente explicada, os cooperantes ouvidos comungam raz\u00f5es \u00e9ticas para defenderem \u00abo esclarecimento r\u00e1pido desta situa\u00e7\u00e3o\u00bb, que, em sua opini\u00e3o, \u00abvai afetar o dia-a-dia da institui\u00e7\u00e3o\u00bb, particularmente quando a diretora-t\u00e9cnica estiver a exercer enfermagem \u00abfora de Cabeceiras de Basto\u00bb.<\/p>\n\n\n\n<p>Lu\u00edsa Teixeira, funcion\u00e1ria da cooperativa e formada em Enfermagem pela Escola Superior do Vale do Ave, assumiu fun\u00e7\u00f5es de diretora-t\u00e9cnica e coordenadora da Unidade de Cuidados Continuados Integrados de M\u00e9dia Dura\u00e7\u00e3o e Reabilita\u00e7\u00e3o da \u201cBasto Vida\u201d no primeiro semestre de 2019, depois de uma \u201cguerra\u201d interna em que exigiu o lugar, facto que levou \u00e0 demiss\u00e3o da ent\u00e3o presidente da dire\u00e7\u00e3o, F\u00e1tima Oliveira, dirigente t\u00e9cnica do Munic\u00edpio.<\/p>\n\n\n\n<p>Depois de ter assumido em sede partid\u00e1ria que, tamb\u00e9m ele, \u00abse podia demitir de presidente da C\u00e2mara Municipal\u00bb, Francisco Teixeira Alves acabou por assumir o lugar deixado vago pela efetiva demiss\u00e3o de F\u00e1tima Oliveira, abrindo caminho para a nomea\u00e7\u00e3o da sua mulher como diretora-t\u00e9cnica.<\/p>\n\n\n\n<p>Desta turbul\u00eancia provocada pela nomea\u00e7\u00e3o de Lu\u00edsa Oliveira n\u00e3o est\u00e1 isento de culpas o ex-presidente da C\u00e2mara Municipal e fundador da \u201cBasto Vida\u201d Joaquim Barreto, que acabou por garantir conforto aos interesses do casal, assumindo as quotas-partes de F\u00e1tima Oliveira e a presid\u00eancia da assembleia geral, que ainda exerce.<\/p>\n\n\n\n<p>Mais recentemente, consequ\u00eancia da suspeita ilegalidade da acumula\u00e7\u00e3o de fun\u00e7\u00f5es de presidente da C\u00e2mara Municipal e de presidente da dire\u00e7\u00e3o da sua participada \u201cBasto Vida\u201d, Francisco Alves acabou substitu\u00eddo nesta fun\u00e7\u00e3o pela vereadora socialista Carla Lousada.<\/p>\n\n\n\n<p>Reconhecida como Institui\u00e7\u00e3o Particular de Solidariedade Social (IPSS) desde 2 de novembro de 2010, a \u201cBasto Vida\u201d tem como principal objetivo a \u00abpresta\u00e7\u00e3o de servi\u00e7os de interesse geral e a promo\u00e7\u00e3o do acesso dos cidad\u00e3os a bens e servi\u00e7os essenciais, especialmente nas \u00e1reas da sa\u00fade e a\u00e7\u00e3o social\u00bb, no munic\u00edpio de Cabeceiras de Basto.<\/p>\n\n\n\n<p>Entre as suas val\u00eancias, destaca-se a Unidade de Cuidados Continuados Integrados de M\u00e9dia Dura\u00e7\u00e3o e Reabilita\u00e7\u00e3o, inaugurada a 26 de novembro de 2018. Esta unidade, integrada na Rede Nacional de Cuidados Continuados Integrados (RNCCI), disp\u00f5e de 30 camas e destina-se a utentes de todas as idades que se encontrem em situa\u00e7\u00e3o de depend\u00eancia tempor\u00e1ria ou permanente, necessitando de cuidados de reabilita\u00e7\u00e3o e\/ou manuten\u00e7\u00e3o do estado de sa\u00fade e de apoio psicossocial.<\/p>\n\n\n\n<p>Al\u00e9m disso, a cooperativa desenvolve respostas sociais inovadoras, como o Posto M\u00f3vel de Atendimento \u2013 em que Lu\u00edsa Pereira iniciou fun\u00e7\u00f5es \u2013, os Espa\u00e7os de Conv\u00edvio e Lazer, o programa &#8220;Livros Sociais&#8221; e o programa &#8220;Medicamentos Sociais&#8221;, procurando, desta forma, responder \u00e0s necessidades da popula\u00e7\u00e3o local e promover o bem-estar da comunidade. [JPM].<\/p>\n","protected":false},"excerpt":{"rendered":"<p>A diretora-t\u00e9cnica e coordenadora da Unidade de Cuidados Continuados Integrados de M\u00e9dia Dura\u00e7\u00e3o e Reabilita\u00e7\u00e3o da \u201cBasto Vida\u201d \u2013 cooperativa de solidariedade social de Cabeceiras de Basto \u2013 continua a exercer a fun\u00e7\u00e3o, mesmo depois de ter ingressado na fun\u00e7\u00e3o p\u00fablica como enfermeira da Unidade Local de Sa\u00fade do T\u00e2mega e Sousa, soube o Terras [&hellip;]<\/p>\n","protected":false},"author":7,"featured_media":3551,"comment_status":"open","ping_status":"open","sticky":false,"template":"","format":"standard","meta":{"footnotes":""},"categories":[12,10,9],"tags":[788,785,786,787],"class_list":{"0":"post-3549","1":"post","2":"type-post","3":"status-publish","4":"format-standard","5":"has-post-thumbnail","7":"category-cabeceiras-de-basto","8":"category-saude","9":"category-terras-de-basto","10":"tag-acumulacao-de-funcoes","11":"tag-basto-vida","12":"tag-direcao-tecnica","13":"tag-luisa-pereira"},"yoast_head":"<!-- This site is optimized with the Yoast SEO plugin v25.7 - https:\/\/yoast.com\/wordpress\/plugins\/seo\/ -->\n<title>Cabeceiras: diretora-t\u00e9cnica da \u201cBasto Vida\u201d acumula com fun\u00e7\u00f5es p\u00fablicas - Jornal Terras de Basto<\/title>\n<meta name=\"description\" content=\"A diretora-t\u00e9cnica e coordenadora da Unidade de Cuidados Continuados Integrados de M\u00e9dia Dura\u00e7\u00e3o e Reabilita\u00e7\u00e3o da \u201cBasto Vida\u201d \u2013 cooperativa de solidariedade social de Cabeceiras de Basto \u2013 continua a exercer a fun\u00e7\u00e3o, mesmo depois de ter ingressado na fun\u00e7\u00e3o p\u00fablica como enfermeira da Unidade Local de Sa\u00fade do T\u00e2mega e Sousa, soube o Terras de Basto.\" \/>\n<meta name=\"robots\" content=\"index, follow, max-snippet:-1, max-image-preview:large, max-video-preview:-1\" \/>\n<link rel=\"canonical\" href=\"https:\/\/terrasdebasto.pt\/?p=3549\" \/>\n<meta property=\"og:locale\" content=\"pt_PT\" \/>\n<meta property=\"og:type\" content=\"article\" \/>\n<meta property=\"og:title\" content=\"Cabeceiras: diretora-t\u00e9cnica da \u201cBasto Vida\u201d acumula com fun\u00e7\u00f5es p\u00fablicas - Jornal Terras de Basto\" \/>\n<meta property=\"og:description\" content=\"A diretora-t\u00e9cnica e coordenadora da Unidade de Cuidados Continuados Integrados de M\u00e9dia Dura\u00e7\u00e3o e Reabilita\u00e7\u00e3o da \u201cBasto Vida\u201d \u2013 cooperativa de solidariedade social de Cabeceiras de Basto \u2013 continua a exercer a fun\u00e7\u00e3o, mesmo depois de ter ingressado na fun\u00e7\u00e3o p\u00fablica como enfermeira da Unidade Local de Sa\u00fade do T\u00e2mega e Sousa, soube o Terras de Basto.\" \/>\n<meta property=\"og:url\" content=\"https:\/\/terrasdebasto.pt\/?p=3549\" \/>\n<meta property=\"og:site_name\" content=\"Jornal Terras de Basto\" \/>\n<meta property=\"article:published_time\" content=\"2025-01-30T01:19:55+00:00\" \/>\n<meta property=\"article:modified_time\" content=\"2025-01-30T01:20:58+00:00\" \/>\n<meta property=\"og:image\" content=\"https:\/\/terrasdebasto.pt\/wp-content\/uploads\/2025\/01\/LUISA-PEREIRA-02.jpg\" \/>\n\t<meta property=\"og:image:width\" content=\"720\" \/>\n\t<meta property=\"og:image:height\" content=\"598\" \/>\n\t<meta property=\"og:image:type\" content=\"image\/jpeg\" \/>\n<meta name=\"author\" content=\"Jo\u00e3o Paulo Mesquita\" \/>\n<meta name=\"twitter:card\" content=\"summary_large_image\" \/>\n<meta name=\"twitter:label1\" content=\"Escrito por\" \/>\n\t<meta name=\"twitter:data1\" content=\"Jo\u00e3o Paulo Mesquita\" \/>\n\t<meta name=\"twitter:label2\" content=\"Tempo estimado de leitura\" \/>\n\t<meta name=\"twitter:data2\" content=\"5 minutos\" \/>\n<script type=\"application\/ld+json\" class=\"yoast-schema-graph\">{\"@context\":\"https:\/\/schema.org\",\"@graph\":[{\"@type\":\"Article\",\"@id\":\"https:\/\/terrasdebasto.pt\/?p=3549#article\",\"isPartOf\":{\"@id\":\"https:\/\/terrasdebasto.pt\/?p=3549\"},\"author\":{\"name\":\"Jo\u00e3o Paulo Mesquita\",\"@id\":\"https:\/\/terrasdebasto.pt\/#\/schema\/person\/9f6739f5394ac65c802641773b278b84\"},\"headline\":\"Cabeceiras: diretora-t\u00e9cnica da \u201cBasto Vida\u201d acumula com fun\u00e7\u00f5es p\u00fablicas\",\"datePublished\":\"2025-01-30T01:19:55+00:00\",\"dateModified\":\"2025-01-30T01:20:58+00:00\",\"mainEntityOfPage\":{\"@id\":\"https:\/\/terrasdebasto.pt\/?p=3549\"},\"wordCount\":949,\"commentCount\":0,\"publisher\":{\"@id\":\"https:\/\/terrasdebasto.pt\/#organization\"},\"image\":{\"@id\":\"https:\/\/terrasdebasto.pt\/?p=3549#primaryimage\"},\"thumbnailUrl\":\"https:\/\/terrasdebasto.pt\/wp-content\/uploads\/2025\/01\/LUISA-PEREIRA-02.jpg\",\"keywords\":[\"Acumula\u00e7\u00e3o de Fun\u00e7\u00f5es\",\"Basto Vida\",\"Dire\u00e7\u00e3o T\u00e9cnica\",\"Lu\u00edsa Pereira\"],\"articleSection\":[\"Cabeceiras de Basto\",\"Sa\u00fade\",\"Terras de Basto\"],\"inLanguage\":\"pt-PT\",\"potentialAction\":[{\"@type\":\"CommentAction\",\"name\":\"Comment\",\"target\":[\"https:\/\/terrasdebasto.pt\/?p=3549#respond\"]}]},{\"@type\":\"WebPage\",\"@id\":\"https:\/\/terrasdebasto.pt\/?p=3549\",\"url\":\"https:\/\/terrasdebasto.pt\/?p=3549\",\"name\":\"Cabeceiras: diretora-t\u00e9cnica da \u201cBasto Vida\u201d acumula com fun\u00e7\u00f5es p\u00fablicas - Jornal Terras de Basto\",\"isPartOf\":{\"@id\":\"https:\/\/terrasdebasto.pt\/#website\"},\"primaryImageOfPage\":{\"@id\":\"https:\/\/terrasdebasto.pt\/?p=3549#primaryimage\"},\"image\":{\"@id\":\"https:\/\/terrasdebasto.pt\/?p=3549#primaryimage\"},\"thumbnailUrl\":\"https:\/\/terrasdebasto.pt\/wp-content\/uploads\/2025\/01\/LUISA-PEREIRA-02.jpg\",\"datePublished\":\"2025-01-30T01:19:55+00:00\",\"dateModified\":\"2025-01-30T01:20:58+00:00\",\"description\":\"A diretora-t\u00e9cnica e coordenadora da Unidade de Cuidados Continuados Integrados de M\u00e9dia Dura\u00e7\u00e3o e Reabilita\u00e7\u00e3o da \u201cBasto Vida\u201d \u2013 cooperativa de solidariedade social de Cabeceiras de Basto \u2013 continua a exercer a fun\u00e7\u00e3o, mesmo depois de ter ingressado na fun\u00e7\u00e3o p\u00fablica como enfermeira da Unidade Local de Sa\u00fade do T\u00e2mega e Sousa, soube o Terras de Basto.\",\"breadcrumb\":{\"@id\":\"https:\/\/terrasdebasto.pt\/?p=3549#breadcrumb\"},\"inLanguage\":\"pt-PT\",\"potentialAction\":[{\"@type\":\"ReadAction\",\"target\":[\"https:\/\/terrasdebasto.pt\/?p=3549\"]}]},{\"@type\":\"ImageObject\",\"inLanguage\":\"pt-PT\",\"@id\":\"https:\/\/terrasdebasto.pt\/?p=3549#primaryimage\",\"url\":\"https:\/\/terrasdebasto.pt\/wp-content\/uploads\/2025\/01\/LUISA-PEREIRA-02.jpg\",\"contentUrl\":\"https:\/\/terrasdebasto.pt\/wp-content\/uploads\/2025\/01\/LUISA-PEREIRA-02.jpg\",\"width\":720,\"height\":598},{\"@type\":\"BreadcrumbList\",\"@id\":\"https:\/\/terrasdebasto.pt\/?p=3549#breadcrumb\",\"itemListElement\":[{\"@type\":\"ListItem\",\"position\":1,\"name\":\"In\u00edcio\",\"item\":\"https:\/\/terrasdebasto.pt\/\"},{\"@type\":\"ListItem\",\"position\":2,\"name\":\"Cabeceiras: diretora-t\u00e9cnica da \u201cBasto Vida\u201d acumula com fun\u00e7\u00f5es p\u00fablicas\"}]},{\"@type\":\"WebSite\",\"@id\":\"https:\/\/terrasdebasto.pt\/#website\",\"url\":\"https:\/\/terrasdebasto.pt\/\",\"name\":\"Jornal Terras de Basto\",\"description\":\"\",\"publisher\":{\"@id\":\"https:\/\/terrasdebasto.pt\/#organization\"},\"potentialAction\":[{\"@type\":\"SearchAction\",\"target\":{\"@type\":\"EntryPoint\",\"urlTemplate\":\"https:\/\/terrasdebasto.pt\/?s={search_term_string}\"},\"query-input\":{\"@type\":\"PropertyValueSpecification\",\"valueRequired\":true,\"valueName\":\"search_term_string\"}}],\"inLanguage\":\"pt-PT\"},{\"@type\":\"Organization\",\"@id\":\"https:\/\/terrasdebasto.pt\/#organization\",\"name\":\"Jornal Terras de Basto\",\"url\":\"https:\/\/terrasdebasto.pt\/\",\"logo\":{\"@type\":\"ImageObject\",\"inLanguage\":\"pt-PT\",\"@id\":\"https:\/\/terrasdebasto.pt\/#\/schema\/logo\/image\/\",\"url\":\"https:\/\/terrasdebasto.pt\/wp-content\/uploads\/2024\/06\/LogoNormal.png\",\"contentUrl\":\"https:\/\/terrasdebasto.pt\/wp-content\/uploads\/2024\/06\/LogoNormal.png\",\"width\":5638,\"height\":809,\"caption\":\"Jornal Terras de Basto\"},\"image\":{\"@id\":\"https:\/\/terrasdebasto.pt\/#\/schema\/logo\/image\/\"}},{\"@type\":\"Person\",\"@id\":\"https:\/\/terrasdebasto.pt\/#\/schema\/person\/9f6739f5394ac65c802641773b278b84\",\"name\":\"Jo\u00e3o Paulo Mesquita\",\"image\":{\"@type\":\"ImageObject\",\"inLanguage\":\"pt-PT\",\"@id\":\"https:\/\/terrasdebasto.pt\/#\/schema\/person\/image\/\",\"url\":\"https:\/\/secure.gravatar.com\/avatar\/9bd0f299e6d96336664aab64354168246a3ee3287c47891c50d450e47ed9d7f9?s=96&d=mm&r=g\",\"contentUrl\":\"https:\/\/secure.gravatar.com\/avatar\/9bd0f299e6d96336664aab64354168246a3ee3287c47891c50d450e47ed9d7f9?s=96&d=mm&r=g\",\"caption\":\"Jo\u00e3o Paulo Mesquita\"},\"url\":\"https:\/\/terrasdebasto.pt\/?author=7\"}]}<\/script>\n<!-- \/ Yoast SEO plugin. -->","yoast_head_json":{"title":"Cabeceiras: diretora-t\u00e9cnica da \u201cBasto Vida\u201d acumula com fun\u00e7\u00f5es p\u00fablicas - Jornal Terras de Basto","description":"A diretora-t\u00e9cnica e coordenadora da Unidade de Cuidados Continuados Integrados de M\u00e9dia Dura\u00e7\u00e3o e Reabilita\u00e7\u00e3o da \u201cBasto Vida\u201d \u2013 cooperativa de solidariedade social de Cabeceiras de Basto \u2013 continua a exercer a fun\u00e7\u00e3o, mesmo depois de ter ingressado na fun\u00e7\u00e3o p\u00fablica como enfermeira da Unidade Local de Sa\u00fade do T\u00e2mega e Sousa, soube o Terras de Basto.","robots":{"index":"index","follow":"follow","max-snippet":"max-snippet:-1","max-image-preview":"max-image-preview:large","max-video-preview":"max-video-preview:-1"},"canonical":"https:\/\/terrasdebasto.pt\/?p=3549","og_locale":"pt_PT","og_type":"article","og_title":"Cabeceiras: diretora-t\u00e9cnica da \u201cBasto Vida\u201d acumula com fun\u00e7\u00f5es p\u00fablicas - Jornal Terras de Basto","og_description":"A diretora-t\u00e9cnica e coordenadora da Unidade de Cuidados Continuados Integrados de M\u00e9dia Dura\u00e7\u00e3o e Reabilita\u00e7\u00e3o da \u201cBasto Vida\u201d \u2013 cooperativa de solidariedade social de Cabeceiras de Basto \u2013 continua a exercer a fun\u00e7\u00e3o, mesmo depois de ter ingressado na fun\u00e7\u00e3o p\u00fablica como enfermeira da Unidade Local de Sa\u00fade do T\u00e2mega e Sousa, soube o Terras de Basto.","og_url":"https:\/\/terrasdebasto.pt\/?p=3549","og_site_name":"Jornal Terras de Basto","article_published_time":"2025-01-30T01:19:55+00:00","article_modified_time":"2025-01-30T01:20:58+00:00","og_image":[{"width":720,"height":598,"url":"https:\/\/terrasdebasto.pt\/wp-content\/uploads\/2025\/01\/LUISA-PEREIRA-02.jpg","type":"image\/jpeg"}],"author":"Jo\u00e3o Paulo Mesquita","twitter_card":"summary_large_image","twitter_misc":{"Escrito por":"Jo\u00e3o Paulo Mesquita","Tempo estimado de leitura":"5 minutos"},"schema":{"@context":"https:\/\/schema.org","@graph":[{"@type":"Article","@id":"https:\/\/terrasdebasto.pt\/?p=3549#article","isPartOf":{"@id":"https:\/\/terrasdebasto.pt\/?p=3549"},"author":{"name":"Jo\u00e3o Paulo Mesquita","@id":"https:\/\/terrasdebasto.pt\/#\/schema\/person\/9f6739f5394ac65c802641773b278b84"},"headline":"Cabeceiras: diretora-t\u00e9cnica da \u201cBasto Vida\u201d acumula com fun\u00e7\u00f5es p\u00fablicas","datePublished":"2025-01-30T01:19:55+00:00","dateModified":"2025-01-30T01:20:58+00:00","mainEntityOfPage":{"@id":"https:\/\/terrasdebasto.pt\/?p=3549"},"wordCount":949,"commentCount":0,"publisher":{"@id":"https:\/\/terrasdebasto.pt\/#organization"},"image":{"@id":"https:\/\/terrasdebasto.pt\/?p=3549#primaryimage"},"thumbnailUrl":"https:\/\/terrasdebasto.pt\/wp-content\/uploads\/2025\/01\/LUISA-PEREIRA-02.jpg","keywords":["Acumula\u00e7\u00e3o de Fun\u00e7\u00f5es","Basto Vida","Dire\u00e7\u00e3o T\u00e9cnica","Lu\u00edsa Pereira"],"articleSection":["Cabeceiras de Basto","Sa\u00fade","Terras de Basto"],"inLanguage":"pt-PT","potentialAction":[{"@type":"CommentAction","name":"Comment","target":["https:\/\/terrasdebasto.pt\/?p=3549#respond"]}]},{"@type":"WebPage","@id":"https:\/\/terrasdebasto.pt\/?p=3549","url":"https:\/\/terrasdebasto.pt\/?p=3549","name":"Cabeceiras: diretora-t\u00e9cnica da \u201cBasto Vida\u201d acumula com fun\u00e7\u00f5es p\u00fablicas - Jornal Terras de Basto","isPartOf":{"@id":"https:\/\/terrasdebasto.pt\/#website"},"primaryImageOfPage":{"@id":"https:\/\/terrasdebasto.pt\/?p=3549#primaryimage"},"image":{"@id":"https:\/\/terrasdebasto.pt\/?p=3549#primaryimage"},"thumbnailUrl":"https:\/\/terrasdebasto.pt\/wp-content\/uploads\/2025\/01\/LUISA-PEREIRA-02.jpg","datePublished":"2025-01-30T01:19:55+00:00","dateModified":"2025-01-30T01:20:58+00:00","description":"A diretora-t\u00e9cnica e coordenadora da Unidade de Cuidados Continuados Integrados de M\u00e9dia Dura\u00e7\u00e3o e Reabilita\u00e7\u00e3o da \u201cBasto Vida\u201d \u2013 cooperativa de solidariedade social de Cabeceiras de Basto \u2013 continua a exercer a fun\u00e7\u00e3o, mesmo depois de ter ingressado na fun\u00e7\u00e3o p\u00fablica como enfermeira da Unidade Local de Sa\u00fade do T\u00e2mega e Sousa, soube o Terras de Basto.","breadcrumb":{"@id":"https:\/\/terrasdebasto.pt\/?p=3549#breadcrumb"},"inLanguage":"pt-PT","potentialAction":[{"@type":"ReadAction","target":["https:\/\/terrasdebasto.pt\/?p=3549"]}]},{"@type":"ImageObject","inLanguage":"pt-PT","@id":"https:\/\/terrasdebasto.pt\/?p=3549#primaryimage","url":"https:\/\/terrasdebasto.pt\/wp-content\/uploads\/2025\/01\/LUISA-PEREIRA-02.jpg","contentUrl":"https:\/\/terrasdebasto.pt\/wp-content\/uploads\/2025\/01\/LUISA-PEREIRA-02.jpg","width":720,"height":598},{"@type":"BreadcrumbList","@id":"https:\/\/terrasdebasto.pt\/?p=3549#breadcrumb","itemListElement":[{"@type":"ListItem","position":1,"name":"In\u00edcio","item":"https:\/\/terrasdebasto.pt\/"},{"@type":"ListItem","position":2,"name":"Cabeceiras: diretora-t\u00e9cnica da \u201cBasto Vida\u201d acumula com fun\u00e7\u00f5es p\u00fablicas"}]},{"@type":"WebSite","@id":"https:\/\/terrasdebasto.pt\/#website","url":"https:\/\/terrasdebasto.pt\/","name":"Jornal Terras de Basto","description":"","publisher":{"@id":"https:\/\/terrasdebasto.pt\/#organization"},"potentialAction":[{"@type":"SearchAction","target":{"@type":"EntryPoint","urlTemplate":"https:\/\/terrasdebasto.pt\/?s={search_term_string}"},"query-input":{"@type":"PropertyValueSpecification","valueRequired":true,"valueName":"search_term_string"}}],"inLanguage":"pt-PT"},{"@type":"Organization","@id":"https:\/\/terrasdebasto.pt\/#organization","name":"Jornal Terras de Basto","url":"https:\/\/terrasdebasto.pt\/","logo":{"@type":"ImageObject","inLanguage":"pt-PT","@id":"https:\/\/terrasdebasto.pt\/#\/schema\/logo\/image\/","url":"https:\/\/terrasdebasto.pt\/wp-content\/uploads\/2024\/06\/LogoNormal.png","contentUrl":"https:\/\/terrasdebasto.pt\/wp-content\/uploads\/2024\/06\/LogoNormal.png","width":5638,"height":809,"caption":"Jornal Terras de Basto"},"image":{"@id":"https:\/\/terrasdebasto.pt\/#\/schema\/logo\/image\/"}},{"@type":"Person","@id":"https:\/\/terrasdebasto.pt\/#\/schema\/person\/9f6739f5394ac65c802641773b278b84","name":"Jo\u00e3o Paulo Mesquita","image":{"@type":"ImageObject","inLanguage":"pt-PT","@id":"https:\/\/terrasdebasto.pt\/#\/schema\/person\/image\/","url":"https:\/\/secure.gravatar.com\/avatar\/9bd0f299e6d96336664aab64354168246a3ee3287c47891c50d450e47ed9d7f9?s=96&d=mm&r=g","contentUrl":"https:\/\/secure.gravatar.com\/avatar\/9bd0f299e6d96336664aab64354168246a3ee3287c47891c50d450e47ed9d7f9?s=96&d=mm&r=g","caption":"Jo\u00e3o Paulo Mesquita"},"url":"https:\/\/terrasdebasto.pt\/?author=7"}]}},"_links":{"self":[{"href":"https:\/\/terrasdebasto.pt\/index.php?rest_route=\/wp\/v2\/posts\/3549","targetHints":{"allow":["GET"]}}],"collection":[{"href":"https:\/\/terrasdebasto.pt\/index.php?rest_route=\/wp\/v2\/posts"}],"about":[{"href":"https:\/\/terrasdebasto.pt\/index.php?rest_route=\/wp\/v2\/types\/post"}],"author":[{"embeddable":true,"href":"https:\/\/terrasdebasto.pt\/index.php?rest_route=\/wp\/v2\/users\/7"}],"replies":[{"embeddable":true,"href":"https:\/\/terrasdebasto.pt\/index.php?rest_route=%2Fwp%2Fv2%2Fcomments&post=3549"}],"version-history":[{"count":2,"href":"https:\/\/terrasdebasto.pt\/index.php?rest_route=\/wp\/v2\/posts\/3549\/revisions"}],"predecessor-version":[{"id":3553,"href":"https:\/\/terrasdebasto.pt\/index.php?rest_route=\/wp\/v2\/posts\/3549\/revisions\/3553"}],"wp:featuredmedia":[{"embeddable":true,"href":"https:\/\/terrasdebasto.pt\/index.php?rest_route=\/wp\/v2\/media\/3551"}],"wp:attachment":[{"href":"https:\/\/terrasdebasto.pt\/index.php?rest_route=%2Fwp%2Fv2%2Fmedia&parent=3549"}],"wp:term":[{"taxonomy":"category","embeddable":true,"href":"https:\/\/terrasdebasto.pt\/index.php?rest_route=%2Fwp%2Fv2%2Fcategories&post=3549"},{"taxonomy":"post_tag","embeddable":true,"href":"https:\/\/terrasdebasto.pt\/index.php?rest_route=%2Fwp%2Fv2%2Ftags&post=3549"}],"curies":[{"name":"wp","href":"https:\/\/api.w.org\/{rel}","templated":true}]}}