{"id":3505,"date":"2024-12-17T17:25:29","date_gmt":"2024-12-17T17:25:29","guid":{"rendered":"https:\/\/terrasdebasto.pt\/?p=3505"},"modified":"2024-12-17T17:25:29","modified_gmt":"2024-12-17T17:25:29","slug":"populacoes-foram-enganadas-na-desagregacao-de-arco-de-baulhe-e-vila-nune","status":"publish","type":"post","link":"https:\/\/terrasdebasto.pt\/?p=3505","title":{"rendered":"Popula\u00e7\u00f5es \u00abforam enganadas\u00bb na desagrega\u00e7\u00e3o de Arco de Ba\u00falhe e Vila Nune"},"content":{"rendered":"\n<p><strong>Os vereadores da coliga\u00e7\u00e3o PSD\/CDS de Cabeceiras de Basto dizem que, no pretenso processo de desagrega\u00e7\u00e3o, as popula\u00e7\u00f5es das freguesias de Arco de Ba\u00falhe e de Vila Nune \u00abforam enganadas por quem os representa\u00bb.<\/strong><\/p>\n\n\n\n<p>A afirma\u00e7\u00e3o foi feita numa \u00abtomada de posi\u00e7\u00e3o\u00bb dos dois eleitos sociais-democratas na \u00faltima reuni\u00e3o do executivo municipal, a 13 de dezembro, depois de lhes ter sido proposto que se associassem ao teor de uma missiva enviada pelo presidente da Junta a v\u00e1rias inst\u00e2ncias da Assembleia da Rep\u00fablica a solicitar a aprecia\u00e7\u00e3o do respetivo processo de desagrega\u00e7\u00e3o.<\/p>\n\n\n\n<p>Tal como o Terras de Basto adiantou h\u00e1 algum tempo, a desagrega\u00e7\u00e3o de Arco de Ba\u00falhe e de Vila Nune foi um dos 78 processos que nem sequer foi votado, muito menos aprovado, alegadamente por ter sido instru\u00eddo junto da Assembleia Municipal de Cabeceiras de Basto ap\u00f3s a data-limite de 22 de dezembro de 2022, isto depois de ter sido dado o prazo de um ano para a sua elabora\u00e7\u00e3o.<\/p>\n\n\n\n<p>Apesar de considerarem que os fregueses \u00abforam enganados\u00bb, os dois autarcas da coliga\u00e7\u00e3o \u201cFazer Diferente\u201d n\u00e3o votaram contra a proposta de solidariedade com a autarquia arcuense, optando por sublinhar \u00abos factos hist\u00f3ricos\u00bb.<\/p>\n\n\n\n<p>Come\u00e7am, assim, por lembrar que \u00abas entidades competentes para promover a desagrega\u00e7\u00e3o s\u00e3o o \u00f3rg\u00e3o deliberativo da freguesia ou um grupo m\u00ednimo de cidad\u00e3os eleitores\u00bb, o que significa que o pedido de aprecia\u00e7\u00e3o agora remetido \u00e0s inst\u00e2ncias de Lisboa \u00abdeveria ser deliberado e endere\u00e7ado atrav\u00e9s da assembleia da Uni\u00e3o de Freguesias, ou seja, da sua presidente\u00bb.<\/p>\n\n\n\n<p>\u00abEntendemos o inc\u00f3modo do senhor presidente da Junta pela exclus\u00e3o desta freguesia do processo de desagrega\u00e7\u00e3o simplificado, pois sempre quis ser ele a conduzir o processo, em detrimento da assembleia de freguesia, mas o arrependimento \u00e9 agora um bocadinho tardio\u00bb, insistem.<\/p>\n\n\n\n<p>Lembram os vereadores Manuel Ant\u00f3nio Teixeira e Ant\u00f3nio Ribeiro Fernandes que os representantes da coliga\u00e7\u00e3o na autarquia local chamaram \u00e0 aten\u00e7\u00e3o, j\u00e1 em 26 de abril de 2022, para o \u00abmuito trabalho\u00bb que havia para ser realizado \u00abpreviamente pelo executivo\u00bb.<\/p>\n\n\n\n<p>\u00ab\u00c9 importante referir que s\u00f3 quando os fregueses da extinta freguesia de Vila Nune resolveram juntar-se e fazer uma reuni\u00e3o p\u00fablica, o presidente da Junta apareceu para se disponibilizar a ajudar no que fosse necess\u00e1rio. Chegou mesmo a \u201cpresidir\u201d a essa reuni\u00e3o, com a companhia de um outro representante da Anafre\u00bb, recordam.<\/p>\n\n\n\n<p>Real\u00e7am os autarcas municipais que \u00aba falta de vontade demonstrada pelos representantes socialistas de Arco de Ba\u00falhe e Vila Nune era t\u00e3o evidente que \u00abtiveram de ser os membros da coliga\u00e7\u00e3o \u201cFazer Diferente\u201d e os eleitos do IPC nesta uni\u00e3o de freguesias a solicitar \u00e0 presidente da assembleia o agendamento de uma reuni\u00e3o extraordin\u00e1ria\u00bb e de recolher, eles pr\u00f3prios, alguns documentos que lhes foram, \u00abincrivelmente\u00bb, solicitados \u00abquase com o prazo a esvair-se\u00bb.<\/p>\n\n\n\n<p>Quando o assunto chegou ao executivo municipal, a 10 de fevereiro de 2023, dizem ainda os sociais-democratas ter alertado para o facto de a vota\u00e7\u00e3o ter sido feita fora do prazo legal. \u00abInfelizmente, durante este mandato, muitos alertas fizemos ao n\u00edvel do munic\u00edpio e das freguesias; nunca nos ouviram, antes comentavam fora dos locais pr\u00f3prios que est\u00e1vamos a fazer propostas eleitoralistas e inconsequentes; temos, agora, o resultado de tanta in\u00e9rcia, incompet\u00eancia e prepot\u00eancia\u00bb, concluem.<\/p>\n\n\n\n<p>Embora se tenham manifestado solid\u00e1rios com a missiva enviada \u00e0 Assembleia da Rep\u00fablica pela autarquia arcuense, os vereadores sociais-democratas solicitaram que esta tomada de posi\u00e7\u00e3o n\u00e3o fosse anexada \u00e0 vota\u00e7\u00e3o da reuni\u00e3o do executivo, \u00abpara que n\u00e3o venha a afetar a<\/p>\n\n\n\n<p>desagrega\u00e7\u00e3o j\u00e1 pr\u00e9-aprovada da Uni\u00e3o de Freguesias de Refojos de Basto, Outeiro e Painzela\u00bb.<\/p>\n\n\n\n<p>\u00abSabemos que o que falhou na agrega\u00e7\u00e3o de freguesias do concelho foi, acima de tudo, a incapacidade dos presidentes de junta para dar resposta a todos os fregueses, fossem eles da freguesia \u201coriginal\u201d (chamemos-lhe assim) ou das que foram agregadas e, neste aspeto, podemos salientar o trabalho efetuado numa das maiores uni\u00f5es, a Uni\u00e3o de Freguesias de Gondi\u00e3es e Vilar de Cunhas, onde o seu presidente e restantes membros da Junta e da Assembleia sempre olharam para as freguesias como uma \u00fanica, estando pr\u00f3ximo dos fregueses como estavam antes da agrega\u00e7\u00e3o. Isto faz a diferen\u00e7a!\u00bb, sublinham.<\/p>\n\n\n\n<p>Relativamente ao pedido feito pela autarquia arcuense pela aprecia\u00e7\u00e3o do processo no modo simplificado, os sociais-democratas dizem esperar que esta tomada de posi\u00e7\u00e3o tenha algum sucesso, de que \u00abmuito duvidam\u00bb, mas que, mesmo assim, continuar\u00e3o a lutar pela desagrega\u00e7\u00e3o, designadamente \u00abquando, em breve, os cabeceirenses, arcuenses e vila-nunenses\u00bb lhes \u00abderem a sua confian\u00e7a\u00bb. [Reda\u00e7\u00e3o].<\/p>\n","protected":false},"excerpt":{"rendered":"<p>Os vereadores da coliga\u00e7\u00e3o PSD\/CDS de Cabeceiras de Basto dizem que, no pretenso processo de desagrega\u00e7\u00e3o, as popula\u00e7\u00f5es das freguesias de Arco de Ba\u00falhe e de Vila Nune \u00abforam enganadas por quem os representa\u00bb. A afirma\u00e7\u00e3o foi feita numa \u00abtomada de posi\u00e7\u00e3o\u00bb dos dois eleitos sociais-democratas na \u00faltima reuni\u00e3o do executivo municipal, a 13 de [&hellip;]<\/p>\n","protected":false},"author":7,"featured_media":3506,"comment_status":"open","ping_status":"open","sticky":false,"template":"","format":"standard","meta":{"footnotes":""},"categories":[12,1,9],"tags":[762,763],"class_list":{"0":"post-3505","1":"post","2":"type-post","3":"status-publish","4":"format-standard","5":"has-post-thumbnail","7":"category-cabeceiras-de-basto","8":"category-sem-categoria","9":"category-terras-de-basto","10":"tag-arco-de-baulhe-e-vila-nune","11":"tag-desagregacao"},"yoast_head":"<!-- This site is optimized with the Yoast SEO plugin v25.7 - https:\/\/yoast.com\/wordpress\/plugins\/seo\/ -->\n<title>Popula\u00e7\u00f5es \u00abforam enganadas\u00bb na desagrega\u00e7\u00e3o de Arco de Ba\u00falhe e Vila Nune - Jornal Terras de Basto<\/title>\n<meta name=\"description\" content=\"Os vereadores da coliga\u00e7\u00e3o PSD\/CDS de Cabeceiras de Basto dizem que, no pretenso processo de desagrega\u00e7\u00e3o, as popula\u00e7\u00f5es das freguesias de Arco de Ba\u00falhe e de Vila Nune \u00abforam enganadas por quem os representa\u00bb.\" \/>\n<meta name=\"robots\" content=\"index, follow, max-snippet:-1, max-image-preview:large, max-video-preview:-1\" \/>\n<link rel=\"canonical\" href=\"https:\/\/terrasdebasto.pt\/?p=3505\" \/>\n<meta property=\"og:locale\" content=\"pt_PT\" \/>\n<meta property=\"og:type\" content=\"article\" \/>\n<meta property=\"og:title\" content=\"Popula\u00e7\u00f5es \u00abforam enganadas\u00bb na desagrega\u00e7\u00e3o de Arco de Ba\u00falhe e Vila Nune - Jornal Terras de Basto\" \/>\n<meta property=\"og:description\" content=\"Os vereadores da coliga\u00e7\u00e3o PSD\/CDS de Cabeceiras de Basto dizem que, no pretenso processo de desagrega\u00e7\u00e3o, as popula\u00e7\u00f5es das freguesias de Arco de Ba\u00falhe e de Vila Nune \u00abforam enganadas por quem os representa\u00bb.\" \/>\n<meta property=\"og:url\" content=\"https:\/\/terrasdebasto.pt\/?p=3505\" \/>\n<meta property=\"og:site_name\" content=\"Jornal Terras de Basto\" \/>\n<meta property=\"article:published_time\" content=\"2024-12-17T17:25:29+00:00\" \/>\n<meta property=\"og:image\" content=\"https:\/\/terrasdebasto.pt\/wp-content\/uploads\/2024\/12\/CASA-DO-POVO-ARCO-DE-BAULHE.jpg\" \/>\n\t<meta property=\"og:image:width\" content=\"480\" \/>\n\t<meta property=\"og:image:height\" content=\"371\" \/>\n\t<meta property=\"og:image:type\" content=\"image\/jpeg\" \/>\n<meta name=\"author\" content=\"Jo\u00e3o Paulo Mesquita\" \/>\n<meta name=\"twitter:card\" content=\"summary_large_image\" \/>\n<meta name=\"twitter:label1\" content=\"Escrito por\" \/>\n\t<meta name=\"twitter:data1\" content=\"Jo\u00e3o Paulo Mesquita\" \/>\n\t<meta name=\"twitter:label2\" content=\"Tempo estimado de leitura\" \/>\n\t<meta name=\"twitter:data2\" content=\"5 minutos\" \/>\n<script type=\"application\/ld+json\" class=\"yoast-schema-graph\">{\"@context\":\"https:\/\/schema.org\",\"@graph\":[{\"@type\":\"Article\",\"@id\":\"https:\/\/terrasdebasto.pt\/?p=3505#article\",\"isPartOf\":{\"@id\":\"https:\/\/terrasdebasto.pt\/?p=3505\"},\"author\":{\"name\":\"Jo\u00e3o Paulo Mesquita\",\"@id\":\"https:\/\/terrasdebasto.pt\/#\/schema\/person\/9f6739f5394ac65c802641773b278b84\"},\"headline\":\"Popula\u00e7\u00f5es \u00abforam enganadas\u00bb na desagrega\u00e7\u00e3o de Arco de Ba\u00falhe e Vila Nune\",\"datePublished\":\"2024-12-17T17:25:29+00:00\",\"mainEntityOfPage\":{\"@id\":\"https:\/\/terrasdebasto.pt\/?p=3505\"},\"wordCount\":816,\"commentCount\":0,\"publisher\":{\"@id\":\"https:\/\/terrasdebasto.pt\/#organization\"},\"image\":{\"@id\":\"https:\/\/terrasdebasto.pt\/?p=3505#primaryimage\"},\"thumbnailUrl\":\"https:\/\/terrasdebasto.pt\/wp-content\/uploads\/2024\/12\/CASA-DO-POVO-ARCO-DE-BAULHE.jpg\",\"keywords\":[\"Arco de Ba\u00falhe e Vila Nune\",\"Desagrega\u00e7\u00e3o\"],\"articleSection\":{\"0\":\"Cabeceiras de Basto\",\"2\":\"Terras de Basto\"},\"inLanguage\":\"pt-PT\",\"potentialAction\":[{\"@type\":\"CommentAction\",\"name\":\"Comment\",\"target\":[\"https:\/\/terrasdebasto.pt\/?p=3505#respond\"]}]},{\"@type\":\"WebPage\",\"@id\":\"https:\/\/terrasdebasto.pt\/?p=3505\",\"url\":\"https:\/\/terrasdebasto.pt\/?p=3505\",\"name\":\"Popula\u00e7\u00f5es \u00abforam enganadas\u00bb na desagrega\u00e7\u00e3o de Arco de Ba\u00falhe e Vila Nune - Jornal Terras de Basto\",\"isPartOf\":{\"@id\":\"https:\/\/terrasdebasto.pt\/#website\"},\"primaryImageOfPage\":{\"@id\":\"https:\/\/terrasdebasto.pt\/?p=3505#primaryimage\"},\"image\":{\"@id\":\"https:\/\/terrasdebasto.pt\/?p=3505#primaryimage\"},\"thumbnailUrl\":\"https:\/\/terrasdebasto.pt\/wp-content\/uploads\/2024\/12\/CASA-DO-POVO-ARCO-DE-BAULHE.jpg\",\"datePublished\":\"2024-12-17T17:25:29+00:00\",\"description\":\"Os vereadores da coliga\u00e7\u00e3o PSD\/CDS de Cabeceiras de Basto dizem que, no pretenso processo de desagrega\u00e7\u00e3o, as popula\u00e7\u00f5es das freguesias de Arco de Ba\u00falhe e de Vila Nune \u00abforam enganadas por quem os representa\u00bb.\",\"breadcrumb\":{\"@id\":\"https:\/\/terrasdebasto.pt\/?p=3505#breadcrumb\"},\"inLanguage\":\"pt-PT\",\"potentialAction\":[{\"@type\":\"ReadAction\",\"target\":[\"https:\/\/terrasdebasto.pt\/?p=3505\"]}]},{\"@type\":\"ImageObject\",\"inLanguage\":\"pt-PT\",\"@id\":\"https:\/\/terrasdebasto.pt\/?p=3505#primaryimage\",\"url\":\"https:\/\/terrasdebasto.pt\/wp-content\/uploads\/2024\/12\/CASA-DO-POVO-ARCO-DE-BAULHE.jpg\",\"contentUrl\":\"https:\/\/terrasdebasto.pt\/wp-content\/uploads\/2024\/12\/CASA-DO-POVO-ARCO-DE-BAULHE.jpg\",\"width\":480,\"height\":371},{\"@type\":\"BreadcrumbList\",\"@id\":\"https:\/\/terrasdebasto.pt\/?p=3505#breadcrumb\",\"itemListElement\":[{\"@type\":\"ListItem\",\"position\":1,\"name\":\"In\u00edcio\",\"item\":\"https:\/\/terrasdebasto.pt\/\"},{\"@type\":\"ListItem\",\"position\":2,\"name\":\"Popula\u00e7\u00f5es \u00abforam enganadas\u00bb na desagrega\u00e7\u00e3o de Arco de Ba\u00falhe e Vila Nune\"}]},{\"@type\":\"WebSite\",\"@id\":\"https:\/\/terrasdebasto.pt\/#website\",\"url\":\"https:\/\/terrasdebasto.pt\/\",\"name\":\"Jornal Terras de Basto\",\"description\":\"\",\"publisher\":{\"@id\":\"https:\/\/terrasdebasto.pt\/#organization\"},\"potentialAction\":[{\"@type\":\"SearchAction\",\"target\":{\"@type\":\"EntryPoint\",\"urlTemplate\":\"https:\/\/terrasdebasto.pt\/?s={search_term_string}\"},\"query-input\":{\"@type\":\"PropertyValueSpecification\",\"valueRequired\":true,\"valueName\":\"search_term_string\"}}],\"inLanguage\":\"pt-PT\"},{\"@type\":\"Organization\",\"@id\":\"https:\/\/terrasdebasto.pt\/#organization\",\"name\":\"Jornal Terras de Basto\",\"url\":\"https:\/\/terrasdebasto.pt\/\",\"logo\":{\"@type\":\"ImageObject\",\"inLanguage\":\"pt-PT\",\"@id\":\"https:\/\/terrasdebasto.pt\/#\/schema\/logo\/image\/\",\"url\":\"https:\/\/terrasdebasto.pt\/wp-content\/uploads\/2024\/06\/LogoNormal.png\",\"contentUrl\":\"https:\/\/terrasdebasto.pt\/wp-content\/uploads\/2024\/06\/LogoNormal.png\",\"width\":5638,\"height\":809,\"caption\":\"Jornal Terras de Basto\"},\"image\":{\"@id\":\"https:\/\/terrasdebasto.pt\/#\/schema\/logo\/image\/\"}},{\"@type\":\"Person\",\"@id\":\"https:\/\/terrasdebasto.pt\/#\/schema\/person\/9f6739f5394ac65c802641773b278b84\",\"name\":\"Jo\u00e3o Paulo Mesquita\",\"image\":{\"@type\":\"ImageObject\",\"inLanguage\":\"pt-PT\",\"@id\":\"https:\/\/terrasdebasto.pt\/#\/schema\/person\/image\/\",\"url\":\"https:\/\/secure.gravatar.com\/avatar\/9bd0f299e6d96336664aab64354168246a3ee3287c47891c50d450e47ed9d7f9?s=96&d=mm&r=g\",\"contentUrl\":\"https:\/\/secure.gravatar.com\/avatar\/9bd0f299e6d96336664aab64354168246a3ee3287c47891c50d450e47ed9d7f9?s=96&d=mm&r=g\",\"caption\":\"Jo\u00e3o Paulo Mesquita\"},\"url\":\"https:\/\/terrasdebasto.pt\/?author=7\"}]}<\/script>\n<!-- \/ Yoast SEO plugin. -->","yoast_head_json":{"title":"Popula\u00e7\u00f5es \u00abforam enganadas\u00bb na desagrega\u00e7\u00e3o de Arco de Ba\u00falhe e Vila Nune - Jornal Terras de Basto","description":"Os vereadores da coliga\u00e7\u00e3o PSD\/CDS de Cabeceiras de Basto dizem que, no pretenso processo de desagrega\u00e7\u00e3o, as popula\u00e7\u00f5es das freguesias de Arco de Ba\u00falhe e de Vila Nune \u00abforam enganadas por quem os representa\u00bb.","robots":{"index":"index","follow":"follow","max-snippet":"max-snippet:-1","max-image-preview":"max-image-preview:large","max-video-preview":"max-video-preview:-1"},"canonical":"https:\/\/terrasdebasto.pt\/?p=3505","og_locale":"pt_PT","og_type":"article","og_title":"Popula\u00e7\u00f5es \u00abforam enganadas\u00bb na desagrega\u00e7\u00e3o de Arco de Ba\u00falhe e Vila Nune - Jornal Terras de Basto","og_description":"Os vereadores da coliga\u00e7\u00e3o PSD\/CDS de Cabeceiras de Basto dizem que, no pretenso processo de desagrega\u00e7\u00e3o, as popula\u00e7\u00f5es das freguesias de Arco de Ba\u00falhe e de Vila Nune \u00abforam enganadas por quem os representa\u00bb.","og_url":"https:\/\/terrasdebasto.pt\/?p=3505","og_site_name":"Jornal Terras de Basto","article_published_time":"2024-12-17T17:25:29+00:00","og_image":[{"width":480,"height":371,"url":"https:\/\/terrasdebasto.pt\/wp-content\/uploads\/2024\/12\/CASA-DO-POVO-ARCO-DE-BAULHE.jpg","type":"image\/jpeg"}],"author":"Jo\u00e3o Paulo Mesquita","twitter_card":"summary_large_image","twitter_misc":{"Escrito por":"Jo\u00e3o Paulo Mesquita","Tempo estimado de leitura":"5 minutos"},"schema":{"@context":"https:\/\/schema.org","@graph":[{"@type":"Article","@id":"https:\/\/terrasdebasto.pt\/?p=3505#article","isPartOf":{"@id":"https:\/\/terrasdebasto.pt\/?p=3505"},"author":{"name":"Jo\u00e3o Paulo Mesquita","@id":"https:\/\/terrasdebasto.pt\/#\/schema\/person\/9f6739f5394ac65c802641773b278b84"},"headline":"Popula\u00e7\u00f5es \u00abforam enganadas\u00bb na desagrega\u00e7\u00e3o de Arco de Ba\u00falhe e Vila Nune","datePublished":"2024-12-17T17:25:29+00:00","mainEntityOfPage":{"@id":"https:\/\/terrasdebasto.pt\/?p=3505"},"wordCount":816,"commentCount":0,"publisher":{"@id":"https:\/\/terrasdebasto.pt\/#organization"},"image":{"@id":"https:\/\/terrasdebasto.pt\/?p=3505#primaryimage"},"thumbnailUrl":"https:\/\/terrasdebasto.pt\/wp-content\/uploads\/2024\/12\/CASA-DO-POVO-ARCO-DE-BAULHE.jpg","keywords":["Arco de Ba\u00falhe e Vila Nune","Desagrega\u00e7\u00e3o"],"articleSection":{"0":"Cabeceiras de Basto","2":"Terras de Basto"},"inLanguage":"pt-PT","potentialAction":[{"@type":"CommentAction","name":"Comment","target":["https:\/\/terrasdebasto.pt\/?p=3505#respond"]}]},{"@type":"WebPage","@id":"https:\/\/terrasdebasto.pt\/?p=3505","url":"https:\/\/terrasdebasto.pt\/?p=3505","name":"Popula\u00e7\u00f5es \u00abforam enganadas\u00bb na desagrega\u00e7\u00e3o de Arco de Ba\u00falhe e Vila Nune - Jornal Terras de Basto","isPartOf":{"@id":"https:\/\/terrasdebasto.pt\/#website"},"primaryImageOfPage":{"@id":"https:\/\/terrasdebasto.pt\/?p=3505#primaryimage"},"image":{"@id":"https:\/\/terrasdebasto.pt\/?p=3505#primaryimage"},"thumbnailUrl":"https:\/\/terrasdebasto.pt\/wp-content\/uploads\/2024\/12\/CASA-DO-POVO-ARCO-DE-BAULHE.jpg","datePublished":"2024-12-17T17:25:29+00:00","description":"Os vereadores da coliga\u00e7\u00e3o PSD\/CDS de Cabeceiras de Basto dizem que, no pretenso processo de desagrega\u00e7\u00e3o, as popula\u00e7\u00f5es das freguesias de Arco de Ba\u00falhe e de Vila Nune \u00abforam enganadas por quem os representa\u00bb.","breadcrumb":{"@id":"https:\/\/terrasdebasto.pt\/?p=3505#breadcrumb"},"inLanguage":"pt-PT","potentialAction":[{"@type":"ReadAction","target":["https:\/\/terrasdebasto.pt\/?p=3505"]}]},{"@type":"ImageObject","inLanguage":"pt-PT","@id":"https:\/\/terrasdebasto.pt\/?p=3505#primaryimage","url":"https:\/\/terrasdebasto.pt\/wp-content\/uploads\/2024\/12\/CASA-DO-POVO-ARCO-DE-BAULHE.jpg","contentUrl":"https:\/\/terrasdebasto.pt\/wp-content\/uploads\/2024\/12\/CASA-DO-POVO-ARCO-DE-BAULHE.jpg","width":480,"height":371},{"@type":"BreadcrumbList","@id":"https:\/\/terrasdebasto.pt\/?p=3505#breadcrumb","itemListElement":[{"@type":"ListItem","position":1,"name":"In\u00edcio","item":"https:\/\/terrasdebasto.pt\/"},{"@type":"ListItem","position":2,"name":"Popula\u00e7\u00f5es \u00abforam enganadas\u00bb na desagrega\u00e7\u00e3o de Arco de Ba\u00falhe e Vila Nune"}]},{"@type":"WebSite","@id":"https:\/\/terrasdebasto.pt\/#website","url":"https:\/\/terrasdebasto.pt\/","name":"Jornal Terras de Basto","description":"","publisher":{"@id":"https:\/\/terrasdebasto.pt\/#organization"},"potentialAction":[{"@type":"SearchAction","target":{"@type":"EntryPoint","urlTemplate":"https:\/\/terrasdebasto.pt\/?s={search_term_string}"},"query-input":{"@type":"PropertyValueSpecification","valueRequired":true,"valueName":"search_term_string"}}],"inLanguage":"pt-PT"},{"@type":"Organization","@id":"https:\/\/terrasdebasto.pt\/#organization","name":"Jornal Terras de Basto","url":"https:\/\/terrasdebasto.pt\/","logo":{"@type":"ImageObject","inLanguage":"pt-PT","@id":"https:\/\/terrasdebasto.pt\/#\/schema\/logo\/image\/","url":"https:\/\/terrasdebasto.pt\/wp-content\/uploads\/2024\/06\/LogoNormal.png","contentUrl":"https:\/\/terrasdebasto.pt\/wp-content\/uploads\/2024\/06\/LogoNormal.png","width":5638,"height":809,"caption":"Jornal Terras de Basto"},"image":{"@id":"https:\/\/terrasdebasto.pt\/#\/schema\/logo\/image\/"}},{"@type":"Person","@id":"https:\/\/terrasdebasto.pt\/#\/schema\/person\/9f6739f5394ac65c802641773b278b84","name":"Jo\u00e3o Paulo Mesquita","image":{"@type":"ImageObject","inLanguage":"pt-PT","@id":"https:\/\/terrasdebasto.pt\/#\/schema\/person\/image\/","url":"https:\/\/secure.gravatar.com\/avatar\/9bd0f299e6d96336664aab64354168246a3ee3287c47891c50d450e47ed9d7f9?s=96&d=mm&r=g","contentUrl":"https:\/\/secure.gravatar.com\/avatar\/9bd0f299e6d96336664aab64354168246a3ee3287c47891c50d450e47ed9d7f9?s=96&d=mm&r=g","caption":"Jo\u00e3o Paulo Mesquita"},"url":"https:\/\/terrasdebasto.pt\/?author=7"}]}},"_links":{"self":[{"href":"https:\/\/terrasdebasto.pt\/index.php?rest_route=\/wp\/v2\/posts\/3505","targetHints":{"allow":["GET"]}}],"collection":[{"href":"https:\/\/terrasdebasto.pt\/index.php?rest_route=\/wp\/v2\/posts"}],"about":[{"href":"https:\/\/terrasdebasto.pt\/index.php?rest_route=\/wp\/v2\/types\/post"}],"author":[{"embeddable":true,"href":"https:\/\/terrasdebasto.pt\/index.php?rest_route=\/wp\/v2\/users\/7"}],"replies":[{"embeddable":true,"href":"https:\/\/terrasdebasto.pt\/index.php?rest_route=%2Fwp%2Fv2%2Fcomments&post=3505"}],"version-history":[{"count":1,"href":"https:\/\/terrasdebasto.pt\/index.php?rest_route=\/wp\/v2\/posts\/3505\/revisions"}],"predecessor-version":[{"id":3507,"href":"https:\/\/terrasdebasto.pt\/index.php?rest_route=\/wp\/v2\/posts\/3505\/revisions\/3507"}],"wp:featuredmedia":[{"embeddable":true,"href":"https:\/\/terrasdebasto.pt\/index.php?rest_route=\/wp\/v2\/media\/3506"}],"wp:attachment":[{"href":"https:\/\/terrasdebasto.pt\/index.php?rest_route=%2Fwp%2Fv2%2Fmedia&parent=3505"}],"wp:term":[{"taxonomy":"category","embeddable":true,"href":"https:\/\/terrasdebasto.pt\/index.php?rest_route=%2Fwp%2Fv2%2Fcategories&post=3505"},{"taxonomy":"post_tag","embeddable":true,"href":"https:\/\/terrasdebasto.pt\/index.php?rest_route=%2Fwp%2Fv2%2Ftags&post=3505"}],"curies":[{"name":"wp","href":"https:\/\/api.w.org\/{rel}","templated":true}]}}