{"id":3422,"date":"2024-12-05T15:15:55","date_gmt":"2024-12-05T15:15:55","guid":{"rendered":"https:\/\/terrasdebasto.pt\/?p=3422"},"modified":"2024-12-05T15:15:55","modified_gmt":"2024-12-05T15:15:55","slug":"parceiros-do-verde-sentido-preparam-em-celorico-plano-de-enoturismo","status":"publish","type":"post","link":"https:\/\/terrasdebasto.pt\/?p=3422","title":{"rendered":"Parceiros do \u201cVerde Sentido\u201d preparam em Celorico plano de enoturismo"},"content":{"rendered":"\n<p><strong>Mais de quatro dezenas de parceiros tur\u00edsticos integrados no projeto \u201cVerde Sentido do Douro e T\u00e2mega\u201d reuniram-se agora em Celorico de Basto com o objetivo de discutir a estrutura\u00e7\u00e3o do plano de a\u00e7\u00e3o bienal, com foco no enoturismo, para o per\u00edodo 2025-2026<\/strong><\/p>\n\n\n\n<p>O encontro, que decorreu na Quinta de Santa Cristina a 2 de dezembro, registou a participa\u00e7\u00e3o ativa da Entidade de Turismo do Porto e Norte e destacou-se pelas sess\u00f5es de trabalho colaborativo entre os parceiros do projeto e os respons\u00e1veis municipais da \u00e1rea do turismo.<\/p>\n\n\n\n<p>\u00abFortalecer o enoturismo do Roteiro Verde Sentido, unindo empres\u00e1rios e l\u00edderes locais para discutir desafios e oportunidades do Douro e T\u00e2mega \u00e9 o objetivo destas sess\u00f5es; pretendemos promover uma troca de ideias, incentivar a inova\u00e7\u00e3o e aumentar a competitividade\u00bb, justificou a presidente do conselho diretivo da Associa\u00e7\u00e3o de Munic\u00edpios de Douro e T\u00e2mega, Cristina Vieira.<\/p>\n\n\n\n<p>Tamb\u00e9m o presidente do Munic\u00edpio de Celorico de Basto, Jos\u00e9 Peixoto Lima, refor\u00e7ou o compromisso local com o desenvolvimento tur\u00edstico. \u00abCelorico de Basto orgulha-se de receber este importante encontro; o turismo, em particular o enoturismo, \u00e9 uma pe\u00e7a fundamental na estrat\u00e9gia de valoriza\u00e7\u00e3o do nosso territ\u00f3rio; este plano de a\u00e7\u00e3o ser\u00e1 uma ferramenta essencial para unir esfor\u00e7os, melhorar a nossa oferta e atrair mais visitantes, garantindo um crescimento sustent\u00e1vel e integrador para todos os munic\u00edpios envolvidos\u00bb, disse.<\/p>\n\n\n\n<p>O projeto \u201cVerde Sentido\u201d pretende consolidar o Douro e T\u00e2mega como destino de refer\u00eancia no enoturismo, promovendo o patrim\u00f3nio natural, cultural e gastron\u00f3mico da regi\u00e3o. [Reda\u00e7\u00e3o].<\/p>\n","protected":false},"excerpt":{"rendered":"<p>Mais de quatro dezenas de parceiros tur\u00edsticos integrados no projeto \u201cVerde Sentido do Douro e T\u00e2mega\u201d reuniram-se agora em Celorico de Basto com o objetivo de discutir a estrutura\u00e7\u00e3o do plano de a\u00e7\u00e3o bienal, com foco no enoturismo, para o per\u00edodo 2025-2026 O encontro, que decorreu na Quinta de Santa Cristina a 2 de dezembro, [&hellip;]<\/p>\n","protected":false},"author":7,"featured_media":3423,"comment_status":"open","ping_status":"open","sticky":false,"template":"","format":"standard","meta":{"footnotes":""},"categories":[13,14,9],"tags":[40,736,737,323],"class_list":{"0":"post-3422","1":"post","2":"type-post","3":"status-publish","4":"format-standard","5":"has-post-thumbnail","7":"category-celorico-de-basto","8":"category-gastronomia","9":"category-terras-de-basto","10":"tag-celorico-de-basto","11":"tag-enoturismo","12":"tag-verde-sentido","13":"tag-vinhos-verdes"},"yoast_head":"<!-- This site is optimized with the Yoast SEO plugin v25.7 - https:\/\/yoast.com\/wordpress\/plugins\/seo\/ -->\n<title>Parceiros do \u201cVerde Sentido\u201d preparam em Celorico plano de enoturismo - Jornal Terras de Basto<\/title>\n<meta name=\"description\" content=\"Mais de quatro dezenas de parceiros tur\u00edsticos integrados no projeto \u201cVerde Sentido do Douro e T\u00e2mega\u201d reuniram-se agora em Celorico de Basto com o objetivo de discutir a estrutura\u00e7\u00e3o do plano de a\u00e7\u00e3o bienal, com foco no enoturismo, para o per\u00edodo 2025-2026\" \/>\n<meta name=\"robots\" content=\"index, follow, max-snippet:-1, max-image-preview:large, max-video-preview:-1\" \/>\n<link rel=\"canonical\" href=\"https:\/\/terrasdebasto.pt\/?p=3422\" \/>\n<meta property=\"og:locale\" content=\"pt_PT\" \/>\n<meta property=\"og:type\" content=\"article\" \/>\n<meta property=\"og:title\" content=\"Parceiros do \u201cVerde Sentido\u201d preparam em Celorico plano de enoturismo - Jornal Terras de Basto\" \/>\n<meta property=\"og:description\" content=\"Mais de quatro dezenas de parceiros tur\u00edsticos integrados no projeto \u201cVerde Sentido do Douro e T\u00e2mega\u201d reuniram-se agora em Celorico de Basto com o objetivo de discutir a estrutura\u00e7\u00e3o do plano de a\u00e7\u00e3o bienal, com foco no enoturismo, para o per\u00edodo 2025-2026\" \/>\n<meta property=\"og:url\" content=\"https:\/\/terrasdebasto.pt\/?p=3422\" \/>\n<meta property=\"og:site_name\" content=\"Jornal Terras de Basto\" \/>\n<meta property=\"article:published_time\" content=\"2024-12-05T15:15:55+00:00\" \/>\n<meta property=\"og:image\" content=\"https:\/\/terrasdebasto.pt\/wp-content\/uploads\/2024\/12\/VERDE-SENTIDO.jpg\" \/>\n\t<meta property=\"og:image:width\" content=\"1024\" \/>\n\t<meta property=\"og:image:height\" content=\"768\" \/>\n\t<meta property=\"og:image:type\" content=\"image\/jpeg\" \/>\n<meta name=\"author\" content=\"Jo\u00e3o Paulo Mesquita\" \/>\n<meta name=\"twitter:card\" content=\"summary_large_image\" \/>\n<meta name=\"twitter:label1\" content=\"Escrito por\" \/>\n\t<meta name=\"twitter:data1\" content=\"Jo\u00e3o Paulo Mesquita\" \/>\n\t<meta name=\"twitter:label2\" content=\"Tempo estimado de leitura\" \/>\n\t<meta name=\"twitter:data2\" content=\"2 minutos\" \/>\n<script type=\"application\/ld+json\" class=\"yoast-schema-graph\">{\"@context\":\"https:\/\/schema.org\",\"@graph\":[{\"@type\":\"Article\",\"@id\":\"https:\/\/terrasdebasto.pt\/?p=3422#article\",\"isPartOf\":{\"@id\":\"https:\/\/terrasdebasto.pt\/?p=3422\"},\"author\":{\"name\":\"Jo\u00e3o Paulo Mesquita\",\"@id\":\"https:\/\/terrasdebasto.pt\/#\/schema\/person\/9f6739f5394ac65c802641773b278b84\"},\"headline\":\"Parceiros do \u201cVerde Sentido\u201d preparam em Celorico plano de enoturismo\",\"datePublished\":\"2024-12-05T15:15:55+00:00\",\"mainEntityOfPage\":{\"@id\":\"https:\/\/terrasdebasto.pt\/?p=3422\"},\"wordCount\":286,\"commentCount\":0,\"publisher\":{\"@id\":\"https:\/\/terrasdebasto.pt\/#organization\"},\"image\":{\"@id\":\"https:\/\/terrasdebasto.pt\/?p=3422#primaryimage\"},\"thumbnailUrl\":\"https:\/\/terrasdebasto.pt\/wp-content\/uploads\/2024\/12\/VERDE-SENTIDO.jpg\",\"keywords\":[\"Celorico de Basto\",\"Enoturismo\",\"Verde Sentido\",\"vinhos verdes\"],\"articleSection\":[\"Celorico de Basto\",\"Gastronomia\",\"Terras de Basto\"],\"inLanguage\":\"pt-PT\",\"potentialAction\":[{\"@type\":\"CommentAction\",\"name\":\"Comment\",\"target\":[\"https:\/\/terrasdebasto.pt\/?p=3422#respond\"]}]},{\"@type\":\"WebPage\",\"@id\":\"https:\/\/terrasdebasto.pt\/?p=3422\",\"url\":\"https:\/\/terrasdebasto.pt\/?p=3422\",\"name\":\"Parceiros do \u201cVerde Sentido\u201d preparam em Celorico plano de enoturismo - Jornal Terras de Basto\",\"isPartOf\":{\"@id\":\"https:\/\/terrasdebasto.pt\/#website\"},\"primaryImageOfPage\":{\"@id\":\"https:\/\/terrasdebasto.pt\/?p=3422#primaryimage\"},\"image\":{\"@id\":\"https:\/\/terrasdebasto.pt\/?p=3422#primaryimage\"},\"thumbnailUrl\":\"https:\/\/terrasdebasto.pt\/wp-content\/uploads\/2024\/12\/VERDE-SENTIDO.jpg\",\"datePublished\":\"2024-12-05T15:15:55+00:00\",\"description\":\"Mais de quatro dezenas de parceiros tur\u00edsticos integrados no projeto \u201cVerde Sentido do Douro e T\u00e2mega\u201d reuniram-se agora em Celorico de Basto com o objetivo de discutir a estrutura\u00e7\u00e3o do plano de a\u00e7\u00e3o bienal, com foco no enoturismo, para o per\u00edodo 2025-2026\",\"breadcrumb\":{\"@id\":\"https:\/\/terrasdebasto.pt\/?p=3422#breadcrumb\"},\"inLanguage\":\"pt-PT\",\"potentialAction\":[{\"@type\":\"ReadAction\",\"target\":[\"https:\/\/terrasdebasto.pt\/?p=3422\"]}]},{\"@type\":\"ImageObject\",\"inLanguage\":\"pt-PT\",\"@id\":\"https:\/\/terrasdebasto.pt\/?p=3422#primaryimage\",\"url\":\"https:\/\/terrasdebasto.pt\/wp-content\/uploads\/2024\/12\/VERDE-SENTIDO.jpg\",\"contentUrl\":\"https:\/\/terrasdebasto.pt\/wp-content\/uploads\/2024\/12\/VERDE-SENTIDO.jpg\",\"width\":1024,\"height\":768},{\"@type\":\"BreadcrumbList\",\"@id\":\"https:\/\/terrasdebasto.pt\/?p=3422#breadcrumb\",\"itemListElement\":[{\"@type\":\"ListItem\",\"position\":1,\"name\":\"In\u00edcio\",\"item\":\"https:\/\/terrasdebasto.pt\/\"},{\"@type\":\"ListItem\",\"position\":2,\"name\":\"Parceiros do \u201cVerde Sentido\u201d preparam em Celorico plano de enoturismo\"}]},{\"@type\":\"WebSite\",\"@id\":\"https:\/\/terrasdebasto.pt\/#website\",\"url\":\"https:\/\/terrasdebasto.pt\/\",\"name\":\"Jornal Terras de Basto\",\"description\":\"\",\"publisher\":{\"@id\":\"https:\/\/terrasdebasto.pt\/#organization\"},\"potentialAction\":[{\"@type\":\"SearchAction\",\"target\":{\"@type\":\"EntryPoint\",\"urlTemplate\":\"https:\/\/terrasdebasto.pt\/?s={search_term_string}\"},\"query-input\":{\"@type\":\"PropertyValueSpecification\",\"valueRequired\":true,\"valueName\":\"search_term_string\"}}],\"inLanguage\":\"pt-PT\"},{\"@type\":\"Organization\",\"@id\":\"https:\/\/terrasdebasto.pt\/#organization\",\"name\":\"Jornal Terras de Basto\",\"url\":\"https:\/\/terrasdebasto.pt\/\",\"logo\":{\"@type\":\"ImageObject\",\"inLanguage\":\"pt-PT\",\"@id\":\"https:\/\/terrasdebasto.pt\/#\/schema\/logo\/image\/\",\"url\":\"https:\/\/terrasdebasto.pt\/wp-content\/uploads\/2024\/06\/LogoNormal.png\",\"contentUrl\":\"https:\/\/terrasdebasto.pt\/wp-content\/uploads\/2024\/06\/LogoNormal.png\",\"width\":5638,\"height\":809,\"caption\":\"Jornal Terras de Basto\"},\"image\":{\"@id\":\"https:\/\/terrasdebasto.pt\/#\/schema\/logo\/image\/\"}},{\"@type\":\"Person\",\"@id\":\"https:\/\/terrasdebasto.pt\/#\/schema\/person\/9f6739f5394ac65c802641773b278b84\",\"name\":\"Jo\u00e3o Paulo Mesquita\",\"image\":{\"@type\":\"ImageObject\",\"inLanguage\":\"pt-PT\",\"@id\":\"https:\/\/terrasdebasto.pt\/#\/schema\/person\/image\/\",\"url\":\"https:\/\/secure.gravatar.com\/avatar\/9bd0f299e6d96336664aab64354168246a3ee3287c47891c50d450e47ed9d7f9?s=96&d=mm&r=g\",\"contentUrl\":\"https:\/\/secure.gravatar.com\/avatar\/9bd0f299e6d96336664aab64354168246a3ee3287c47891c50d450e47ed9d7f9?s=96&d=mm&r=g\",\"caption\":\"Jo\u00e3o Paulo Mesquita\"},\"url\":\"https:\/\/terrasdebasto.pt\/?author=7\"}]}<\/script>\n<!-- \/ Yoast SEO plugin. -->","yoast_head_json":{"title":"Parceiros do \u201cVerde Sentido\u201d preparam em Celorico plano de enoturismo - Jornal Terras de Basto","description":"Mais de quatro dezenas de parceiros tur\u00edsticos integrados no projeto \u201cVerde Sentido do Douro e T\u00e2mega\u201d reuniram-se agora em Celorico de Basto com o objetivo de discutir a estrutura\u00e7\u00e3o do plano de a\u00e7\u00e3o bienal, com foco no enoturismo, para o per\u00edodo 2025-2026","robots":{"index":"index","follow":"follow","max-snippet":"max-snippet:-1","max-image-preview":"max-image-preview:large","max-video-preview":"max-video-preview:-1"},"canonical":"https:\/\/terrasdebasto.pt\/?p=3422","og_locale":"pt_PT","og_type":"article","og_title":"Parceiros do \u201cVerde Sentido\u201d preparam em Celorico plano de enoturismo - Jornal Terras de Basto","og_description":"Mais de quatro dezenas de parceiros tur\u00edsticos integrados no projeto \u201cVerde Sentido do Douro e T\u00e2mega\u201d reuniram-se agora em Celorico de Basto com o objetivo de discutir a estrutura\u00e7\u00e3o do plano de a\u00e7\u00e3o bienal, com foco no enoturismo, para o per\u00edodo 2025-2026","og_url":"https:\/\/terrasdebasto.pt\/?p=3422","og_site_name":"Jornal Terras de Basto","article_published_time":"2024-12-05T15:15:55+00:00","og_image":[{"width":1024,"height":768,"url":"https:\/\/terrasdebasto.pt\/wp-content\/uploads\/2024\/12\/VERDE-SENTIDO.jpg","type":"image\/jpeg"}],"author":"Jo\u00e3o Paulo Mesquita","twitter_card":"summary_large_image","twitter_misc":{"Escrito por":"Jo\u00e3o Paulo Mesquita","Tempo estimado de leitura":"2 minutos"},"schema":{"@context":"https:\/\/schema.org","@graph":[{"@type":"Article","@id":"https:\/\/terrasdebasto.pt\/?p=3422#article","isPartOf":{"@id":"https:\/\/terrasdebasto.pt\/?p=3422"},"author":{"name":"Jo\u00e3o Paulo Mesquita","@id":"https:\/\/terrasdebasto.pt\/#\/schema\/person\/9f6739f5394ac65c802641773b278b84"},"headline":"Parceiros do \u201cVerde Sentido\u201d preparam em Celorico plano de enoturismo","datePublished":"2024-12-05T15:15:55+00:00","mainEntityOfPage":{"@id":"https:\/\/terrasdebasto.pt\/?p=3422"},"wordCount":286,"commentCount":0,"publisher":{"@id":"https:\/\/terrasdebasto.pt\/#organization"},"image":{"@id":"https:\/\/terrasdebasto.pt\/?p=3422#primaryimage"},"thumbnailUrl":"https:\/\/terrasdebasto.pt\/wp-content\/uploads\/2024\/12\/VERDE-SENTIDO.jpg","keywords":["Celorico de Basto","Enoturismo","Verde Sentido","vinhos verdes"],"articleSection":["Celorico de Basto","Gastronomia","Terras de Basto"],"inLanguage":"pt-PT","potentialAction":[{"@type":"CommentAction","name":"Comment","target":["https:\/\/terrasdebasto.pt\/?p=3422#respond"]}]},{"@type":"WebPage","@id":"https:\/\/terrasdebasto.pt\/?p=3422","url":"https:\/\/terrasdebasto.pt\/?p=3422","name":"Parceiros do \u201cVerde Sentido\u201d preparam em Celorico plano de enoturismo - Jornal Terras de Basto","isPartOf":{"@id":"https:\/\/terrasdebasto.pt\/#website"},"primaryImageOfPage":{"@id":"https:\/\/terrasdebasto.pt\/?p=3422#primaryimage"},"image":{"@id":"https:\/\/terrasdebasto.pt\/?p=3422#primaryimage"},"thumbnailUrl":"https:\/\/terrasdebasto.pt\/wp-content\/uploads\/2024\/12\/VERDE-SENTIDO.jpg","datePublished":"2024-12-05T15:15:55+00:00","description":"Mais de quatro dezenas de parceiros tur\u00edsticos integrados no projeto \u201cVerde Sentido do Douro e T\u00e2mega\u201d reuniram-se agora em Celorico de Basto com o objetivo de discutir a estrutura\u00e7\u00e3o do plano de a\u00e7\u00e3o bienal, com foco no enoturismo, para o per\u00edodo 2025-2026","breadcrumb":{"@id":"https:\/\/terrasdebasto.pt\/?p=3422#breadcrumb"},"inLanguage":"pt-PT","potentialAction":[{"@type":"ReadAction","target":["https:\/\/terrasdebasto.pt\/?p=3422"]}]},{"@type":"ImageObject","inLanguage":"pt-PT","@id":"https:\/\/terrasdebasto.pt\/?p=3422#primaryimage","url":"https:\/\/terrasdebasto.pt\/wp-content\/uploads\/2024\/12\/VERDE-SENTIDO.jpg","contentUrl":"https:\/\/terrasdebasto.pt\/wp-content\/uploads\/2024\/12\/VERDE-SENTIDO.jpg","width":1024,"height":768},{"@type":"BreadcrumbList","@id":"https:\/\/terrasdebasto.pt\/?p=3422#breadcrumb","itemListElement":[{"@type":"ListItem","position":1,"name":"In\u00edcio","item":"https:\/\/terrasdebasto.pt\/"},{"@type":"ListItem","position":2,"name":"Parceiros do \u201cVerde Sentido\u201d preparam em Celorico plano de enoturismo"}]},{"@type":"WebSite","@id":"https:\/\/terrasdebasto.pt\/#website","url":"https:\/\/terrasdebasto.pt\/","name":"Jornal Terras de Basto","description":"","publisher":{"@id":"https:\/\/terrasdebasto.pt\/#organization"},"potentialAction":[{"@type":"SearchAction","target":{"@type":"EntryPoint","urlTemplate":"https:\/\/terrasdebasto.pt\/?s={search_term_string}"},"query-input":{"@type":"PropertyValueSpecification","valueRequired":true,"valueName":"search_term_string"}}],"inLanguage":"pt-PT"},{"@type":"Organization","@id":"https:\/\/terrasdebasto.pt\/#organization","name":"Jornal Terras de Basto","url":"https:\/\/terrasdebasto.pt\/","logo":{"@type":"ImageObject","inLanguage":"pt-PT","@id":"https:\/\/terrasdebasto.pt\/#\/schema\/logo\/image\/","url":"https:\/\/terrasdebasto.pt\/wp-content\/uploads\/2024\/06\/LogoNormal.png","contentUrl":"https:\/\/terrasdebasto.pt\/wp-content\/uploads\/2024\/06\/LogoNormal.png","width":5638,"height":809,"caption":"Jornal Terras de Basto"},"image":{"@id":"https:\/\/terrasdebasto.pt\/#\/schema\/logo\/image\/"}},{"@type":"Person","@id":"https:\/\/terrasdebasto.pt\/#\/schema\/person\/9f6739f5394ac65c802641773b278b84","name":"Jo\u00e3o Paulo Mesquita","image":{"@type":"ImageObject","inLanguage":"pt-PT","@id":"https:\/\/terrasdebasto.pt\/#\/schema\/person\/image\/","url":"https:\/\/secure.gravatar.com\/avatar\/9bd0f299e6d96336664aab64354168246a3ee3287c47891c50d450e47ed9d7f9?s=96&d=mm&r=g","contentUrl":"https:\/\/secure.gravatar.com\/avatar\/9bd0f299e6d96336664aab64354168246a3ee3287c47891c50d450e47ed9d7f9?s=96&d=mm&r=g","caption":"Jo\u00e3o Paulo Mesquita"},"url":"https:\/\/terrasdebasto.pt\/?author=7"}]}},"_links":{"self":[{"href":"https:\/\/terrasdebasto.pt\/index.php?rest_route=\/wp\/v2\/posts\/3422","targetHints":{"allow":["GET"]}}],"collection":[{"href":"https:\/\/terrasdebasto.pt\/index.php?rest_route=\/wp\/v2\/posts"}],"about":[{"href":"https:\/\/terrasdebasto.pt\/index.php?rest_route=\/wp\/v2\/types\/post"}],"author":[{"embeddable":true,"href":"https:\/\/terrasdebasto.pt\/index.php?rest_route=\/wp\/v2\/users\/7"}],"replies":[{"embeddable":true,"href":"https:\/\/terrasdebasto.pt\/index.php?rest_route=%2Fwp%2Fv2%2Fcomments&post=3422"}],"version-history":[{"count":1,"href":"https:\/\/terrasdebasto.pt\/index.php?rest_route=\/wp\/v2\/posts\/3422\/revisions"}],"predecessor-version":[{"id":3424,"href":"https:\/\/terrasdebasto.pt\/index.php?rest_route=\/wp\/v2\/posts\/3422\/revisions\/3424"}],"wp:featuredmedia":[{"embeddable":true,"href":"https:\/\/terrasdebasto.pt\/index.php?rest_route=\/wp\/v2\/media\/3423"}],"wp:attachment":[{"href":"https:\/\/terrasdebasto.pt\/index.php?rest_route=%2Fwp%2Fv2%2Fmedia&parent=3422"}],"wp:term":[{"taxonomy":"category","embeddable":true,"href":"https:\/\/terrasdebasto.pt\/index.php?rest_route=%2Fwp%2Fv2%2Fcategories&post=3422"},{"taxonomy":"post_tag","embeddable":true,"href":"https:\/\/terrasdebasto.pt\/index.php?rest_route=%2Fwp%2Fv2%2Ftags&post=3422"}],"curies":[{"name":"wp","href":"https:\/\/api.w.org\/{rel}","templated":true}]}}