{"id":3243,"date":"2024-11-21T16:50:45","date_gmt":"2024-11-21T16:50:45","guid":{"rendered":"https:\/\/terrasdebasto.pt\/?p=3243"},"modified":"2024-11-21T16:50:46","modified_gmt":"2024-11-21T16:50:46","slug":"nao-va-as-urgencias-ligue-o-808-24-24-24","status":"publish","type":"post","link":"https:\/\/terrasdebasto.pt\/?p=3243","title":{"rendered":"N\u00e3o v\u00e1 \u00e0s urg\u00eancias, ligue o 808 24 24 24"},"content":{"rendered":"\n<p><strong>\u00abSabia que a triagem, a partir do dia 21 de novembro, passa a ser no \u201cSNS 24\u201d e que pode ser encaminhado para consulta, com hora marcada, na sua unidade de sa\u00fade? Fa\u00e7a como o jornalista Carlos Daniel: n\u00e3o v\u00e1 \u00e0s urg\u00eancias, ligue antes SNS 24 \u2013 808 24 24 24\u00bb. \u00c9 assim que a campanha \u00e9 apresentada aos utentes da Unidade Local de Sa\u00fade do Alto Ave, que serve tr\u00eas dos concelhos de Basto: Cabeceiras, Celorico e Mondim de Basto.<\/strong><\/p>\n\n\n\n<p>Trata-se de uma nova fase do projeto-piloto \u201cLigue Antes, Salve Vidas\u201d, que pretende reduzir a utiliza\u00e7\u00e3o inapropriada dos servi\u00e7os de urg\u00eancia e que teve uma primeira fase, no segundo semestre do ano passado, circunscrita \u00e0 Unidade Local de Sa\u00fade da P\u00f3voa de Varzim\/Vila do Conde, com uma avalia\u00e7\u00e3o \u00abextremamente favor\u00e1vel\u00bb.<\/p>\n\n\n\n<p>De acordo com a dire\u00e7\u00e3o-executiva do SNS, durante a experi\u00eancia-piloto foi poss\u00edvel evitar \u00abatendimentos n\u00e3o justificados em servi\u00e7o de urg\u00eancia hospitalar\u00bb, al\u00e9m de melhorar a qualidade da resposta, \u00abassegurando sempre a seguran\u00e7a dos processos\u00bb.<\/p>\n\n\n\n<p>\u00abFoi poss\u00edvel ainda que, atrav\u00e9s da Linha de Sa\u00fade SNS 24, cerca de 7.000 utentes ficassem em autocuidados, do mesmo modo que a Medicina Geral e Familiar (CSP) procedeu ao agendamento direto de 265 consultas abertas hospitalares, em diferentes especialidades, bem como sess\u00f5es de hospital de dia, para utentes com agudiza\u00e7\u00f5es de doen\u00e7as cr\u00f3nicas\u00bb, afirma-se em comunicado ent\u00e3o divulgado.<\/p>\n\n\n\n<p>Por outro lado, com a referencia\u00e7\u00e3o direta de doentes para o servi\u00e7o de hospitaliza\u00e7\u00e3o domicili\u00e1ria, evitou-se o recurso ao servi\u00e7o de urg\u00eancia, \u00abcumprindo com o verdadeiro esp\u00edrito das unidades locais de sa\u00fade recentemente criadas\u00bb.<\/p>\n\n\n\n<p>O objetivo desta mudan\u00e7a \u00e9 que o doente, em caso de doen\u00e7a aguda, ligue sempre primeiro para a linha SNS24, \u00abde forma a poder ser orientado para o local mais adequado \u00e0 sua situa\u00e7\u00e3o cl\u00ednica, evitando desloca\u00e7\u00f5es e perda de tempo desnecess\u00e1rias e sobrecarga do servi\u00e7o de urg\u00eancia\u00bb.<\/p>\n\n\n\n<p>Desta forma \u2013 sublinha-se \u2013 as urg\u00eancias ficam mais dispon\u00edveis para as situa\u00e7\u00f5es de doen\u00e7a grave. [Reda\u00e7\u00e3o, com Lusa].<\/p>\n","protected":false},"excerpt":{"rendered":"<p>\u00abSabia que a triagem, a partir do dia 21 de novembro, passa a ser no \u201cSNS 24\u201d e que pode ser encaminhado para consulta, com hora marcada, na sua unidade de sa\u00fade? Fa\u00e7a como o jornalista Carlos Daniel: n\u00e3o v\u00e1 \u00e0s urg\u00eancias, ligue antes SNS 24 \u2013 808 24 24 24\u00bb. \u00c9 assim que a [&hellip;]<\/p>\n","protected":false},"author":7,"featured_media":3244,"comment_status":"open","ping_status":"open","sticky":false,"template":"","format":"standard","meta":{"footnotes":""},"categories":[12,13,16,10,9],"tags":[694,693,221,692],"class_list":{"0":"post-3243","1":"post","2":"type-post","3":"status-publish","4":"format-standard","5":"has-post-thumbnail","7":"category-cabeceiras-de-basto","8":"category-celorico-de-basto","9":"category-mondim-de-basto","10":"category-saude","11":"category-terras-de-basto","12":"tag-808-24-24-24","13":"tag-saude-24","14":"tag-uls-do-alto-ave","15":"tag-urgencias"},"yoast_head":"<!-- This site is optimized with the Yoast SEO plugin v25.7 - https:\/\/yoast.com\/wordpress\/plugins\/seo\/ -->\n<title>N\u00e3o v\u00e1 \u00e0s urg\u00eancias, ligue o 808 24 24 24 - Jornal Terras de Basto<\/title>\n<meta name=\"description\" content=\"\u00abSabia que a triagem, a partir do dia 21 de novembro, passa a ser no \u201cSNS 24\u201d e que pode ser encaminhado para consulta, com hora marcada, na sua unidade de sa\u00fade? Fa\u00e7a como o jornalista Carlos Daniel: n\u00e3o v\u00e1 \u00e0s urg\u00eancias, ligue antes SNS 24 \u2013 808 24 24 24\u00bb. \u00c9 assim que a campanha \u00e9 apresentada aos utentes da Unidade Local de Sa\u00fade do Alto Ave, que serve tr\u00eas dos concelhos de Basto: Cabeceiras, Celorico e Mondim de Basto.\" \/>\n<meta name=\"robots\" content=\"index, follow, max-snippet:-1, max-image-preview:large, max-video-preview:-1\" \/>\n<link rel=\"canonical\" href=\"https:\/\/terrasdebasto.pt\/?p=3243\" \/>\n<meta property=\"og:locale\" content=\"pt_PT\" \/>\n<meta property=\"og:type\" content=\"article\" \/>\n<meta property=\"og:title\" content=\"N\u00e3o v\u00e1 \u00e0s urg\u00eancias, ligue o 808 24 24 24 - Jornal Terras de Basto\" \/>\n<meta property=\"og:description\" content=\"\u00abSabia que a triagem, a partir do dia 21 de novembro, passa a ser no \u201cSNS 24\u201d e que pode ser encaminhado para consulta, com hora marcada, na sua unidade de sa\u00fade? Fa\u00e7a como o jornalista Carlos Daniel: n\u00e3o v\u00e1 \u00e0s urg\u00eancias, ligue antes SNS 24 \u2013 808 24 24 24\u00bb. \u00c9 assim que a campanha \u00e9 apresentada aos utentes da Unidade Local de Sa\u00fade do Alto Ave, que serve tr\u00eas dos concelhos de Basto: Cabeceiras, Celorico e Mondim de Basto.\" \/>\n<meta property=\"og:url\" content=\"https:\/\/terrasdebasto.pt\/?p=3243\" \/>\n<meta property=\"og:site_name\" content=\"Jornal Terras de Basto\" \/>\n<meta property=\"article:published_time\" content=\"2024-11-21T16:50:45+00:00\" \/>\n<meta property=\"article:modified_time\" content=\"2024-11-21T16:50:46+00:00\" \/>\n<meta property=\"og:image\" content=\"https:\/\/terrasdebasto.pt\/wp-content\/uploads\/2024\/11\/ULSAAVE_Banner-Site-ULS_720x350px.png\" \/>\n\t<meta property=\"og:image:width\" content=\"721\" \/>\n\t<meta property=\"og:image:height\" content=\"351\" \/>\n\t<meta property=\"og:image:type\" content=\"image\/png\" \/>\n<meta name=\"author\" content=\"Jo\u00e3o Paulo Mesquita\" \/>\n<meta name=\"twitter:card\" content=\"summary_large_image\" \/>\n<meta name=\"twitter:label1\" content=\"Escrito por\" \/>\n\t<meta name=\"twitter:data1\" content=\"Jo\u00e3o Paulo Mesquita\" \/>\n\t<meta name=\"twitter:label2\" content=\"Tempo estimado de leitura\" \/>\n\t<meta name=\"twitter:data2\" content=\"2 minutos\" \/>\n<script type=\"application\/ld+json\" class=\"yoast-schema-graph\">{\"@context\":\"https:\/\/schema.org\",\"@graph\":[{\"@type\":\"Article\",\"@id\":\"https:\/\/terrasdebasto.pt\/?p=3243#article\",\"isPartOf\":{\"@id\":\"https:\/\/terrasdebasto.pt\/?p=3243\"},\"author\":{\"name\":\"Jo\u00e3o Paulo Mesquita\",\"@id\":\"https:\/\/terrasdebasto.pt\/#\/schema\/person\/9f6739f5394ac65c802641773b278b84\"},\"headline\":\"N\u00e3o v\u00e1 \u00e0s urg\u00eancias, ligue o 808 24 24 24\",\"datePublished\":\"2024-11-21T16:50:45+00:00\",\"dateModified\":\"2024-11-21T16:50:46+00:00\",\"mainEntityOfPage\":{\"@id\":\"https:\/\/terrasdebasto.pt\/?p=3243\"},\"wordCount\":366,\"commentCount\":0,\"publisher\":{\"@id\":\"https:\/\/terrasdebasto.pt\/#organization\"},\"image\":{\"@id\":\"https:\/\/terrasdebasto.pt\/?p=3243#primaryimage\"},\"thumbnailUrl\":\"https:\/\/terrasdebasto.pt\/wp-content\/uploads\/2024\/11\/ULSAAVE_Banner-Site-ULS_720x350px.png\",\"keywords\":[\"808 24 24 24\",\"Sa\u00fade 24\",\"ULS do Alto Ave\",\"Urg\u00eancias\"],\"articleSection\":[\"Cabeceiras de Basto\",\"Celorico de Basto\",\"Mondim de Basto\",\"Sa\u00fade\",\"Terras de Basto\"],\"inLanguage\":\"pt-PT\",\"potentialAction\":[{\"@type\":\"CommentAction\",\"name\":\"Comment\",\"target\":[\"https:\/\/terrasdebasto.pt\/?p=3243#respond\"]}]},{\"@type\":\"WebPage\",\"@id\":\"https:\/\/terrasdebasto.pt\/?p=3243\",\"url\":\"https:\/\/terrasdebasto.pt\/?p=3243\",\"name\":\"N\u00e3o v\u00e1 \u00e0s urg\u00eancias, ligue o 808 24 24 24 - Jornal Terras de Basto\",\"isPartOf\":{\"@id\":\"https:\/\/terrasdebasto.pt\/#website\"},\"primaryImageOfPage\":{\"@id\":\"https:\/\/terrasdebasto.pt\/?p=3243#primaryimage\"},\"image\":{\"@id\":\"https:\/\/terrasdebasto.pt\/?p=3243#primaryimage\"},\"thumbnailUrl\":\"https:\/\/terrasdebasto.pt\/wp-content\/uploads\/2024\/11\/ULSAAVE_Banner-Site-ULS_720x350px.png\",\"datePublished\":\"2024-11-21T16:50:45+00:00\",\"dateModified\":\"2024-11-21T16:50:46+00:00\",\"description\":\"\u00abSabia que a triagem, a partir do dia 21 de novembro, passa a ser no \u201cSNS 24\u201d e que pode ser encaminhado para consulta, com hora marcada, na sua unidade de sa\u00fade? Fa\u00e7a como o jornalista Carlos Daniel: n\u00e3o v\u00e1 \u00e0s urg\u00eancias, ligue antes SNS 24 \u2013 808 24 24 24\u00bb. \u00c9 assim que a campanha \u00e9 apresentada aos utentes da Unidade Local de Sa\u00fade do Alto Ave, que serve tr\u00eas dos concelhos de Basto: Cabeceiras, Celorico e Mondim de Basto.\",\"breadcrumb\":{\"@id\":\"https:\/\/terrasdebasto.pt\/?p=3243#breadcrumb\"},\"inLanguage\":\"pt-PT\",\"potentialAction\":[{\"@type\":\"ReadAction\",\"target\":[\"https:\/\/terrasdebasto.pt\/?p=3243\"]}]},{\"@type\":\"ImageObject\",\"inLanguage\":\"pt-PT\",\"@id\":\"https:\/\/terrasdebasto.pt\/?p=3243#primaryimage\",\"url\":\"https:\/\/terrasdebasto.pt\/wp-content\/uploads\/2024\/11\/ULSAAVE_Banner-Site-ULS_720x350px.png\",\"contentUrl\":\"https:\/\/terrasdebasto.pt\/wp-content\/uploads\/2024\/11\/ULSAAVE_Banner-Site-ULS_720x350px.png\",\"width\":721,\"height\":351},{\"@type\":\"BreadcrumbList\",\"@id\":\"https:\/\/terrasdebasto.pt\/?p=3243#breadcrumb\",\"itemListElement\":[{\"@type\":\"ListItem\",\"position\":1,\"name\":\"In\u00edcio\",\"item\":\"https:\/\/terrasdebasto.pt\/\"},{\"@type\":\"ListItem\",\"position\":2,\"name\":\"N\u00e3o v\u00e1 \u00e0s urg\u00eancias, ligue o 808 24 24 24\"}]},{\"@type\":\"WebSite\",\"@id\":\"https:\/\/terrasdebasto.pt\/#website\",\"url\":\"https:\/\/terrasdebasto.pt\/\",\"name\":\"Jornal Terras de Basto\",\"description\":\"\",\"publisher\":{\"@id\":\"https:\/\/terrasdebasto.pt\/#organization\"},\"potentialAction\":[{\"@type\":\"SearchAction\",\"target\":{\"@type\":\"EntryPoint\",\"urlTemplate\":\"https:\/\/terrasdebasto.pt\/?s={search_term_string}\"},\"query-input\":{\"@type\":\"PropertyValueSpecification\",\"valueRequired\":true,\"valueName\":\"search_term_string\"}}],\"inLanguage\":\"pt-PT\"},{\"@type\":\"Organization\",\"@id\":\"https:\/\/terrasdebasto.pt\/#organization\",\"name\":\"Jornal Terras de Basto\",\"url\":\"https:\/\/terrasdebasto.pt\/\",\"logo\":{\"@type\":\"ImageObject\",\"inLanguage\":\"pt-PT\",\"@id\":\"https:\/\/terrasdebasto.pt\/#\/schema\/logo\/image\/\",\"url\":\"https:\/\/terrasdebasto.pt\/wp-content\/uploads\/2024\/06\/LogoNormal.png\",\"contentUrl\":\"https:\/\/terrasdebasto.pt\/wp-content\/uploads\/2024\/06\/LogoNormal.png\",\"width\":5638,\"height\":809,\"caption\":\"Jornal Terras de Basto\"},\"image\":{\"@id\":\"https:\/\/terrasdebasto.pt\/#\/schema\/logo\/image\/\"}},{\"@type\":\"Person\",\"@id\":\"https:\/\/terrasdebasto.pt\/#\/schema\/person\/9f6739f5394ac65c802641773b278b84\",\"name\":\"Jo\u00e3o Paulo Mesquita\",\"image\":{\"@type\":\"ImageObject\",\"inLanguage\":\"pt-PT\",\"@id\":\"https:\/\/terrasdebasto.pt\/#\/schema\/person\/image\/\",\"url\":\"https:\/\/secure.gravatar.com\/avatar\/9bd0f299e6d96336664aab64354168246a3ee3287c47891c50d450e47ed9d7f9?s=96&d=mm&r=g\",\"contentUrl\":\"https:\/\/secure.gravatar.com\/avatar\/9bd0f299e6d96336664aab64354168246a3ee3287c47891c50d450e47ed9d7f9?s=96&d=mm&r=g\",\"caption\":\"Jo\u00e3o Paulo Mesquita\"},\"url\":\"https:\/\/terrasdebasto.pt\/?author=7\"}]}<\/script>\n<!-- \/ Yoast SEO plugin. -->","yoast_head_json":{"title":"N\u00e3o v\u00e1 \u00e0s urg\u00eancias, ligue o 808 24 24 24 - Jornal Terras de Basto","description":"\u00abSabia que a triagem, a partir do dia 21 de novembro, passa a ser no \u201cSNS 24\u201d e que pode ser encaminhado para consulta, com hora marcada, na sua unidade de sa\u00fade? Fa\u00e7a como o jornalista Carlos Daniel: n\u00e3o v\u00e1 \u00e0s urg\u00eancias, ligue antes SNS 24 \u2013 808 24 24 24\u00bb. \u00c9 assim que a campanha \u00e9 apresentada aos utentes da Unidade Local de Sa\u00fade do Alto Ave, que serve tr\u00eas dos concelhos de Basto: Cabeceiras, Celorico e Mondim de Basto.","robots":{"index":"index","follow":"follow","max-snippet":"max-snippet:-1","max-image-preview":"max-image-preview:large","max-video-preview":"max-video-preview:-1"},"canonical":"https:\/\/terrasdebasto.pt\/?p=3243","og_locale":"pt_PT","og_type":"article","og_title":"N\u00e3o v\u00e1 \u00e0s urg\u00eancias, ligue o 808 24 24 24 - Jornal Terras de Basto","og_description":"\u00abSabia que a triagem, a partir do dia 21 de novembro, passa a ser no \u201cSNS 24\u201d e que pode ser encaminhado para consulta, com hora marcada, na sua unidade de sa\u00fade? Fa\u00e7a como o jornalista Carlos Daniel: n\u00e3o v\u00e1 \u00e0s urg\u00eancias, ligue antes SNS 24 \u2013 808 24 24 24\u00bb. \u00c9 assim que a campanha \u00e9 apresentada aos utentes da Unidade Local de Sa\u00fade do Alto Ave, que serve tr\u00eas dos concelhos de Basto: Cabeceiras, Celorico e Mondim de Basto.","og_url":"https:\/\/terrasdebasto.pt\/?p=3243","og_site_name":"Jornal Terras de Basto","article_published_time":"2024-11-21T16:50:45+00:00","article_modified_time":"2024-11-21T16:50:46+00:00","og_image":[{"width":721,"height":351,"url":"https:\/\/terrasdebasto.pt\/wp-content\/uploads\/2024\/11\/ULSAAVE_Banner-Site-ULS_720x350px.png","type":"image\/png"}],"author":"Jo\u00e3o Paulo Mesquita","twitter_card":"summary_large_image","twitter_misc":{"Escrito por":"Jo\u00e3o Paulo Mesquita","Tempo estimado de leitura":"2 minutos"},"schema":{"@context":"https:\/\/schema.org","@graph":[{"@type":"Article","@id":"https:\/\/terrasdebasto.pt\/?p=3243#article","isPartOf":{"@id":"https:\/\/terrasdebasto.pt\/?p=3243"},"author":{"name":"Jo\u00e3o Paulo Mesquita","@id":"https:\/\/terrasdebasto.pt\/#\/schema\/person\/9f6739f5394ac65c802641773b278b84"},"headline":"N\u00e3o v\u00e1 \u00e0s urg\u00eancias, ligue o 808 24 24 24","datePublished":"2024-11-21T16:50:45+00:00","dateModified":"2024-11-21T16:50:46+00:00","mainEntityOfPage":{"@id":"https:\/\/terrasdebasto.pt\/?p=3243"},"wordCount":366,"commentCount":0,"publisher":{"@id":"https:\/\/terrasdebasto.pt\/#organization"},"image":{"@id":"https:\/\/terrasdebasto.pt\/?p=3243#primaryimage"},"thumbnailUrl":"https:\/\/terrasdebasto.pt\/wp-content\/uploads\/2024\/11\/ULSAAVE_Banner-Site-ULS_720x350px.png","keywords":["808 24 24 24","Sa\u00fade 24","ULS do Alto Ave","Urg\u00eancias"],"articleSection":["Cabeceiras de Basto","Celorico de Basto","Mondim de Basto","Sa\u00fade","Terras de Basto"],"inLanguage":"pt-PT","potentialAction":[{"@type":"CommentAction","name":"Comment","target":["https:\/\/terrasdebasto.pt\/?p=3243#respond"]}]},{"@type":"WebPage","@id":"https:\/\/terrasdebasto.pt\/?p=3243","url":"https:\/\/terrasdebasto.pt\/?p=3243","name":"N\u00e3o v\u00e1 \u00e0s urg\u00eancias, ligue o 808 24 24 24 - Jornal Terras de Basto","isPartOf":{"@id":"https:\/\/terrasdebasto.pt\/#website"},"primaryImageOfPage":{"@id":"https:\/\/terrasdebasto.pt\/?p=3243#primaryimage"},"image":{"@id":"https:\/\/terrasdebasto.pt\/?p=3243#primaryimage"},"thumbnailUrl":"https:\/\/terrasdebasto.pt\/wp-content\/uploads\/2024\/11\/ULSAAVE_Banner-Site-ULS_720x350px.png","datePublished":"2024-11-21T16:50:45+00:00","dateModified":"2024-11-21T16:50:46+00:00","description":"\u00abSabia que a triagem, a partir do dia 21 de novembro, passa a ser no \u201cSNS 24\u201d e que pode ser encaminhado para consulta, com hora marcada, na sua unidade de sa\u00fade? Fa\u00e7a como o jornalista Carlos Daniel: n\u00e3o v\u00e1 \u00e0s urg\u00eancias, ligue antes SNS 24 \u2013 808 24 24 24\u00bb. \u00c9 assim que a campanha \u00e9 apresentada aos utentes da Unidade Local de Sa\u00fade do Alto Ave, que serve tr\u00eas dos concelhos de Basto: Cabeceiras, Celorico e Mondim de Basto.","breadcrumb":{"@id":"https:\/\/terrasdebasto.pt\/?p=3243#breadcrumb"},"inLanguage":"pt-PT","potentialAction":[{"@type":"ReadAction","target":["https:\/\/terrasdebasto.pt\/?p=3243"]}]},{"@type":"ImageObject","inLanguage":"pt-PT","@id":"https:\/\/terrasdebasto.pt\/?p=3243#primaryimage","url":"https:\/\/terrasdebasto.pt\/wp-content\/uploads\/2024\/11\/ULSAAVE_Banner-Site-ULS_720x350px.png","contentUrl":"https:\/\/terrasdebasto.pt\/wp-content\/uploads\/2024\/11\/ULSAAVE_Banner-Site-ULS_720x350px.png","width":721,"height":351},{"@type":"BreadcrumbList","@id":"https:\/\/terrasdebasto.pt\/?p=3243#breadcrumb","itemListElement":[{"@type":"ListItem","position":1,"name":"In\u00edcio","item":"https:\/\/terrasdebasto.pt\/"},{"@type":"ListItem","position":2,"name":"N\u00e3o v\u00e1 \u00e0s urg\u00eancias, ligue o 808 24 24 24"}]},{"@type":"WebSite","@id":"https:\/\/terrasdebasto.pt\/#website","url":"https:\/\/terrasdebasto.pt\/","name":"Jornal Terras de Basto","description":"","publisher":{"@id":"https:\/\/terrasdebasto.pt\/#organization"},"potentialAction":[{"@type":"SearchAction","target":{"@type":"EntryPoint","urlTemplate":"https:\/\/terrasdebasto.pt\/?s={search_term_string}"},"query-input":{"@type":"PropertyValueSpecification","valueRequired":true,"valueName":"search_term_string"}}],"inLanguage":"pt-PT"},{"@type":"Organization","@id":"https:\/\/terrasdebasto.pt\/#organization","name":"Jornal Terras de Basto","url":"https:\/\/terrasdebasto.pt\/","logo":{"@type":"ImageObject","inLanguage":"pt-PT","@id":"https:\/\/terrasdebasto.pt\/#\/schema\/logo\/image\/","url":"https:\/\/terrasdebasto.pt\/wp-content\/uploads\/2024\/06\/LogoNormal.png","contentUrl":"https:\/\/terrasdebasto.pt\/wp-content\/uploads\/2024\/06\/LogoNormal.png","width":5638,"height":809,"caption":"Jornal Terras de Basto"},"image":{"@id":"https:\/\/terrasdebasto.pt\/#\/schema\/logo\/image\/"}},{"@type":"Person","@id":"https:\/\/terrasdebasto.pt\/#\/schema\/person\/9f6739f5394ac65c802641773b278b84","name":"Jo\u00e3o Paulo Mesquita","image":{"@type":"ImageObject","inLanguage":"pt-PT","@id":"https:\/\/terrasdebasto.pt\/#\/schema\/person\/image\/","url":"https:\/\/secure.gravatar.com\/avatar\/9bd0f299e6d96336664aab64354168246a3ee3287c47891c50d450e47ed9d7f9?s=96&d=mm&r=g","contentUrl":"https:\/\/secure.gravatar.com\/avatar\/9bd0f299e6d96336664aab64354168246a3ee3287c47891c50d450e47ed9d7f9?s=96&d=mm&r=g","caption":"Jo\u00e3o Paulo Mesquita"},"url":"https:\/\/terrasdebasto.pt\/?author=7"}]}},"_links":{"self":[{"href":"https:\/\/terrasdebasto.pt\/index.php?rest_route=\/wp\/v2\/posts\/3243","targetHints":{"allow":["GET"]}}],"collection":[{"href":"https:\/\/terrasdebasto.pt\/index.php?rest_route=\/wp\/v2\/posts"}],"about":[{"href":"https:\/\/terrasdebasto.pt\/index.php?rest_route=\/wp\/v2\/types\/post"}],"author":[{"embeddable":true,"href":"https:\/\/terrasdebasto.pt\/index.php?rest_route=\/wp\/v2\/users\/7"}],"replies":[{"embeddable":true,"href":"https:\/\/terrasdebasto.pt\/index.php?rest_route=%2Fwp%2Fv2%2Fcomments&post=3243"}],"version-history":[{"count":1,"href":"https:\/\/terrasdebasto.pt\/index.php?rest_route=\/wp\/v2\/posts\/3243\/revisions"}],"predecessor-version":[{"id":3245,"href":"https:\/\/terrasdebasto.pt\/index.php?rest_route=\/wp\/v2\/posts\/3243\/revisions\/3245"}],"wp:featuredmedia":[{"embeddable":true,"href":"https:\/\/terrasdebasto.pt\/index.php?rest_route=\/wp\/v2\/media\/3244"}],"wp:attachment":[{"href":"https:\/\/terrasdebasto.pt\/index.php?rest_route=%2Fwp%2Fv2%2Fmedia&parent=3243"}],"wp:term":[{"taxonomy":"category","embeddable":true,"href":"https:\/\/terrasdebasto.pt\/index.php?rest_route=%2Fwp%2Fv2%2Fcategories&post=3243"},{"taxonomy":"post_tag","embeddable":true,"href":"https:\/\/terrasdebasto.pt\/index.php?rest_route=%2Fwp%2Fv2%2Ftags&post=3243"}],"curies":[{"name":"wp","href":"https:\/\/api.w.org\/{rel}","templated":true}]}}