{"id":2968,"date":"2024-11-10T23:53:41","date_gmt":"2024-11-10T23:53:41","guid":{"rendered":"https:\/\/terrasdebasto.pt\/?p=2968"},"modified":"2024-11-10T23:54:17","modified_gmt":"2024-11-10T23:54:17","slug":"basto-perde-representatividade-nos-orgaos-dirigentes-do-ps-braga","status":"publish","type":"post","link":"https:\/\/terrasdebasto.pt\/?p=2968","title":{"rendered":"Basto perde peso nos \u00f3rg\u00e3os dirigentes do PS\/Braga"},"content":{"rendered":"\n<p><\/p>\n\n\n\n<p><strong>As estruturas socialistas das Terras de Basto afetas \u00e0 Federa\u00e7\u00e3o Distrital do PS\/Braga est\u00e3o representadas no secretariado federativo por um membro que \u00e9 militante do partido na Federa\u00e7\u00e3o do Porto, disse ao Terras de Basto fonte partid\u00e1ria.<\/strong><\/p>\n\n\n\n<p>Segundo a fonte, Manuel Machado, um empres\u00e1rio natural de Celorico de Basto, que ainda se mant\u00e9m como primeiro vereador na C\u00e2mara de Celorico de Basto, que assumiu depois de ter perdido pela terceira vez as elei\u00e7\u00f5es aut\u00e1rquicas, \u00e9 agora militante da Sec\u00e7\u00e3o Concelhia de Felgueiras, afeta \u00e0 federa\u00e7\u00e3o portuense.<\/p>\n\n\n\n<p>Apesar disso e apesar de n\u00e3o desenvolver hoje qualquer atividade partid\u00e1ria em Celorico de Basto, Machado \u2013 que tem agora aspira\u00e7\u00f5es pol\u00edticas em Felgueiras \u2013 foi anunciado como membro do secretariado de Braga, \u00f3rg\u00e3o mais pr\u00f3ximo do presidente da Federa\u00e7\u00e3o, Vitor Hugo Salgado.<\/p>\n\n\n\n<p>De acordo com a fonte, \u00abeste \u00e9 um facto muito estranho\u00bb, que \u00abs\u00f3 prova que os interesses pol\u00edtico-partid\u00e1rios dos dirigentes da Federa\u00e7\u00e3o v\u00e3o muito al\u00e9m dos interesses do distrito de Braga e das suas concelhias\u00bb.<\/p>\n\n\n\n<p>A par da perda do militante, a concelhia de Celorico de Basto ficou tamb\u00e9m sem sede, que funcionava num edif\u00edcio propriedade de um familiar de Machado, sendo este um dos problemas que Eug\u00e9nio Carvalho, entretanto eleito l\u00edder dos socialistas celoricenses, tem para resolver.<\/p>\n\n\n\n<p>Assim sendo, a perda de representatividade das sec\u00e7\u00f5es de Basto nos \u00f3rg\u00e3os da Federa\u00e7\u00e3o torna-se mais evidente.<\/p>\n\n\n\n<p>Os \u00f3rg\u00e3os federativos, designadamente a comiss\u00e3o pol\u00edtica, tomaram posse a 30 de setembro, na primeira reuni\u00e3o ap\u00f3s o congresso, sendo ent\u00e3o eleita a mesa da comiss\u00e3o pol\u00edtica, presidida agora pelo vimaranense Ricardo Costa e com Sandra Lopes e Hern\u00e2ni Loureiro como secret\u00e1rios. Liliana Pereira assumiu o lugar de vice-presidente da Federa\u00e7\u00e3o.<\/p>\n\n\n\n<p>J\u00e1 o secretariado, ficou ent\u00e3o composto pela mesma Liliana Pereira e por Francisco Teixeira, S\u00e9rgio Rocha, Filipa Marques, Miguel Pereira, Nuno Meneses, Liliane Pereira, Nuno Martins, Ant\u00f3nio Faria, Joana Cunha, Manuel Machado, Carlos Cunha, Marta Maranh\u00e3o, Arnaldo Sousa e Helena Pereira. S\u00e3o inerentes V\u00e2nia Cruz e Hugo Teixeira. [Reda\u00e7\u00e3o].<\/p>\n","protected":false},"excerpt":{"rendered":"<p>As estruturas socialistas das Terras de Basto afetas \u00e0 Federa\u00e7\u00e3o Distrital do PS\/Braga est\u00e3o representadas no secretariado federativo por um membro que \u00e9 militante do partido na Federa\u00e7\u00e3o do Porto, disse ao Terras de Basto fonte partid\u00e1ria. Segundo a fonte, Manuel Machado, um empres\u00e1rio natural de Celorico de Basto, que ainda se mant\u00e9m como primeiro [&hellip;]<\/p>\n","protected":false},"author":7,"featured_media":2969,"comment_status":"open","ping_status":"open","sticky":false,"template":"","format":"standard","meta":{"footnotes":""},"categories":[9],"tags":[433,256,251,641],"class_list":{"0":"post-2968","1":"post","2":"type-post","3":"status-publish","4":"format-standard","5":"has-post-thumbnail","7":"category-terras-de-basto","8":"tag-federacao-do-ps-braga","9":"tag-ps","10":"tag-ps-cabeceiras-de-basto","11":"tag-ps-celorico-de-basto-2"},"yoast_head":"<!-- This site is optimized with the Yoast SEO plugin v25.7 - https:\/\/yoast.com\/wordpress\/plugins\/seo\/ -->\n<title>Basto perde peso nos \u00f3rg\u00e3os dirigentes do PS\/Braga - Jornal Terras de Basto<\/title>\n<meta name=\"description\" content=\"As estruturas socialistas das Terras de Basto afetas \u00e0 Federa\u00e7\u00e3o Distrital do PS\/Braga est\u00e3o representadas no secretariado federativo por um membro que \u00e9 militante do partido na Federa\u00e7\u00e3o do Porto, disse ao Terras de Basto fonte partid\u00e1ria.\" \/>\n<meta name=\"robots\" content=\"index, follow, max-snippet:-1, max-image-preview:large, max-video-preview:-1\" \/>\n<link rel=\"canonical\" href=\"https:\/\/terrasdebasto.pt\/?p=2968\" \/>\n<meta property=\"og:locale\" content=\"pt_PT\" \/>\n<meta property=\"og:type\" content=\"article\" \/>\n<meta property=\"og:title\" content=\"Basto perde peso nos \u00f3rg\u00e3os dirigentes do PS\/Braga - Jornal Terras de Basto\" \/>\n<meta property=\"og:description\" content=\"As estruturas socialistas das Terras de Basto afetas \u00e0 Federa\u00e7\u00e3o Distrital do PS\/Braga est\u00e3o representadas no secretariado federativo por um membro que \u00e9 militante do partido na Federa\u00e7\u00e3o do Porto, disse ao Terras de Basto fonte partid\u00e1ria.\" \/>\n<meta property=\"og:url\" content=\"https:\/\/terrasdebasto.pt\/?p=2968\" \/>\n<meta property=\"og:site_name\" content=\"Jornal Terras de Basto\" \/>\n<meta property=\"article:published_time\" content=\"2024-11-10T23:53:41+00:00\" \/>\n<meta property=\"article:modified_time\" content=\"2024-11-10T23:54:17+00:00\" \/>\n<meta property=\"og:image\" content=\"https:\/\/terrasdebasto.pt\/wp-content\/uploads\/2024\/11\/MANUEL-MACHADO.jpg\" \/>\n\t<meta property=\"og:image:width\" content=\"516\" \/>\n\t<meta property=\"og:image:height\" content=\"346\" \/>\n\t<meta property=\"og:image:type\" content=\"image\/jpeg\" \/>\n<meta name=\"author\" content=\"Jo\u00e3o Paulo Mesquita\" \/>\n<meta name=\"twitter:card\" content=\"summary_large_image\" \/>\n<meta name=\"twitter:label1\" content=\"Escrito por\" \/>\n\t<meta name=\"twitter:data1\" content=\"Jo\u00e3o Paulo Mesquita\" \/>\n\t<meta name=\"twitter:label2\" content=\"Tempo estimado de leitura\" \/>\n\t<meta name=\"twitter:data2\" content=\"2 minutos\" \/>\n<script type=\"application\/ld+json\" class=\"yoast-schema-graph\">{\"@context\":\"https:\/\/schema.org\",\"@graph\":[{\"@type\":\"Article\",\"@id\":\"https:\/\/terrasdebasto.pt\/?p=2968#article\",\"isPartOf\":{\"@id\":\"https:\/\/terrasdebasto.pt\/?p=2968\"},\"author\":{\"name\":\"Jo\u00e3o Paulo Mesquita\",\"@id\":\"https:\/\/terrasdebasto.pt\/#\/schema\/person\/9f6739f5394ac65c802641773b278b84\"},\"headline\":\"Basto perde peso nos \u00f3rg\u00e3os dirigentes do PS\/Braga\",\"datePublished\":\"2024-11-10T23:53:41+00:00\",\"dateModified\":\"2024-11-10T23:54:17+00:00\",\"mainEntityOfPage\":{\"@id\":\"https:\/\/terrasdebasto.pt\/?p=2968\"},\"wordCount\":375,\"commentCount\":0,\"publisher\":{\"@id\":\"https:\/\/terrasdebasto.pt\/#organization\"},\"image\":{\"@id\":\"https:\/\/terrasdebasto.pt\/?p=2968#primaryimage\"},\"thumbnailUrl\":\"https:\/\/terrasdebasto.pt\/wp-content\/uploads\/2024\/11\/MANUEL-MACHADO.jpg\",\"keywords\":[\"Federa\u00e7\u00e3o do PS\/Braga\",\"PS\",\"PS\/Cabeceiras de Basto\",\"PS\/Celorico de Basto\"],\"articleSection\":[\"Terras de Basto\"],\"inLanguage\":\"pt-PT\",\"potentialAction\":[{\"@type\":\"CommentAction\",\"name\":\"Comment\",\"target\":[\"https:\/\/terrasdebasto.pt\/?p=2968#respond\"]}]},{\"@type\":\"WebPage\",\"@id\":\"https:\/\/terrasdebasto.pt\/?p=2968\",\"url\":\"https:\/\/terrasdebasto.pt\/?p=2968\",\"name\":\"Basto perde peso nos \u00f3rg\u00e3os dirigentes do PS\/Braga - Jornal Terras de Basto\",\"isPartOf\":{\"@id\":\"https:\/\/terrasdebasto.pt\/#website\"},\"primaryImageOfPage\":{\"@id\":\"https:\/\/terrasdebasto.pt\/?p=2968#primaryimage\"},\"image\":{\"@id\":\"https:\/\/terrasdebasto.pt\/?p=2968#primaryimage\"},\"thumbnailUrl\":\"https:\/\/terrasdebasto.pt\/wp-content\/uploads\/2024\/11\/MANUEL-MACHADO.jpg\",\"datePublished\":\"2024-11-10T23:53:41+00:00\",\"dateModified\":\"2024-11-10T23:54:17+00:00\",\"description\":\"As estruturas socialistas das Terras de Basto afetas \u00e0 Federa\u00e7\u00e3o Distrital do PS\/Braga est\u00e3o representadas no secretariado federativo por um membro que \u00e9 militante do partido na Federa\u00e7\u00e3o do Porto, disse ao Terras de Basto fonte partid\u00e1ria.\",\"breadcrumb\":{\"@id\":\"https:\/\/terrasdebasto.pt\/?p=2968#breadcrumb\"},\"inLanguage\":\"pt-PT\",\"potentialAction\":[{\"@type\":\"ReadAction\",\"target\":[\"https:\/\/terrasdebasto.pt\/?p=2968\"]}]},{\"@type\":\"ImageObject\",\"inLanguage\":\"pt-PT\",\"@id\":\"https:\/\/terrasdebasto.pt\/?p=2968#primaryimage\",\"url\":\"https:\/\/terrasdebasto.pt\/wp-content\/uploads\/2024\/11\/MANUEL-MACHADO.jpg\",\"contentUrl\":\"https:\/\/terrasdebasto.pt\/wp-content\/uploads\/2024\/11\/MANUEL-MACHADO.jpg\",\"width\":516,\"height\":346},{\"@type\":\"BreadcrumbList\",\"@id\":\"https:\/\/terrasdebasto.pt\/?p=2968#breadcrumb\",\"itemListElement\":[{\"@type\":\"ListItem\",\"position\":1,\"name\":\"In\u00edcio\",\"item\":\"https:\/\/terrasdebasto.pt\/\"},{\"@type\":\"ListItem\",\"position\":2,\"name\":\"Basto perde peso nos \u00f3rg\u00e3os dirigentes do PS\/Braga\"}]},{\"@type\":\"WebSite\",\"@id\":\"https:\/\/terrasdebasto.pt\/#website\",\"url\":\"https:\/\/terrasdebasto.pt\/\",\"name\":\"Jornal Terras de Basto\",\"description\":\"\",\"publisher\":{\"@id\":\"https:\/\/terrasdebasto.pt\/#organization\"},\"potentialAction\":[{\"@type\":\"SearchAction\",\"target\":{\"@type\":\"EntryPoint\",\"urlTemplate\":\"https:\/\/terrasdebasto.pt\/?s={search_term_string}\"},\"query-input\":{\"@type\":\"PropertyValueSpecification\",\"valueRequired\":true,\"valueName\":\"search_term_string\"}}],\"inLanguage\":\"pt-PT\"},{\"@type\":\"Organization\",\"@id\":\"https:\/\/terrasdebasto.pt\/#organization\",\"name\":\"Jornal Terras de Basto\",\"url\":\"https:\/\/terrasdebasto.pt\/\",\"logo\":{\"@type\":\"ImageObject\",\"inLanguage\":\"pt-PT\",\"@id\":\"https:\/\/terrasdebasto.pt\/#\/schema\/logo\/image\/\",\"url\":\"https:\/\/terrasdebasto.pt\/wp-content\/uploads\/2024\/06\/LogoNormal.png\",\"contentUrl\":\"https:\/\/terrasdebasto.pt\/wp-content\/uploads\/2024\/06\/LogoNormal.png\",\"width\":5638,\"height\":809,\"caption\":\"Jornal Terras de Basto\"},\"image\":{\"@id\":\"https:\/\/terrasdebasto.pt\/#\/schema\/logo\/image\/\"}},{\"@type\":\"Person\",\"@id\":\"https:\/\/terrasdebasto.pt\/#\/schema\/person\/9f6739f5394ac65c802641773b278b84\",\"name\":\"Jo\u00e3o Paulo Mesquita\",\"image\":{\"@type\":\"ImageObject\",\"inLanguage\":\"pt-PT\",\"@id\":\"https:\/\/terrasdebasto.pt\/#\/schema\/person\/image\/\",\"url\":\"https:\/\/secure.gravatar.com\/avatar\/9bd0f299e6d96336664aab64354168246a3ee3287c47891c50d450e47ed9d7f9?s=96&d=mm&r=g\",\"contentUrl\":\"https:\/\/secure.gravatar.com\/avatar\/9bd0f299e6d96336664aab64354168246a3ee3287c47891c50d450e47ed9d7f9?s=96&d=mm&r=g\",\"caption\":\"Jo\u00e3o Paulo Mesquita\"},\"url\":\"https:\/\/terrasdebasto.pt\/?author=7\"}]}<\/script>\n<!-- \/ Yoast SEO plugin. -->","yoast_head_json":{"title":"Basto perde peso nos \u00f3rg\u00e3os dirigentes do PS\/Braga - Jornal Terras de Basto","description":"As estruturas socialistas das Terras de Basto afetas \u00e0 Federa\u00e7\u00e3o Distrital do PS\/Braga est\u00e3o representadas no secretariado federativo por um membro que \u00e9 militante do partido na Federa\u00e7\u00e3o do Porto, disse ao Terras de Basto fonte partid\u00e1ria.","robots":{"index":"index","follow":"follow","max-snippet":"max-snippet:-1","max-image-preview":"max-image-preview:large","max-video-preview":"max-video-preview:-1"},"canonical":"https:\/\/terrasdebasto.pt\/?p=2968","og_locale":"pt_PT","og_type":"article","og_title":"Basto perde peso nos \u00f3rg\u00e3os dirigentes do PS\/Braga - Jornal Terras de Basto","og_description":"As estruturas socialistas das Terras de Basto afetas \u00e0 Federa\u00e7\u00e3o Distrital do PS\/Braga est\u00e3o representadas no secretariado federativo por um membro que \u00e9 militante do partido na Federa\u00e7\u00e3o do Porto, disse ao Terras de Basto fonte partid\u00e1ria.","og_url":"https:\/\/terrasdebasto.pt\/?p=2968","og_site_name":"Jornal Terras de Basto","article_published_time":"2024-11-10T23:53:41+00:00","article_modified_time":"2024-11-10T23:54:17+00:00","og_image":[{"width":516,"height":346,"url":"https:\/\/terrasdebasto.pt\/wp-content\/uploads\/2024\/11\/MANUEL-MACHADO.jpg","type":"image\/jpeg"}],"author":"Jo\u00e3o Paulo Mesquita","twitter_card":"summary_large_image","twitter_misc":{"Escrito por":"Jo\u00e3o Paulo Mesquita","Tempo estimado de leitura":"2 minutos"},"schema":{"@context":"https:\/\/schema.org","@graph":[{"@type":"Article","@id":"https:\/\/terrasdebasto.pt\/?p=2968#article","isPartOf":{"@id":"https:\/\/terrasdebasto.pt\/?p=2968"},"author":{"name":"Jo\u00e3o Paulo Mesquita","@id":"https:\/\/terrasdebasto.pt\/#\/schema\/person\/9f6739f5394ac65c802641773b278b84"},"headline":"Basto perde peso nos \u00f3rg\u00e3os dirigentes do PS\/Braga","datePublished":"2024-11-10T23:53:41+00:00","dateModified":"2024-11-10T23:54:17+00:00","mainEntityOfPage":{"@id":"https:\/\/terrasdebasto.pt\/?p=2968"},"wordCount":375,"commentCount":0,"publisher":{"@id":"https:\/\/terrasdebasto.pt\/#organization"},"image":{"@id":"https:\/\/terrasdebasto.pt\/?p=2968#primaryimage"},"thumbnailUrl":"https:\/\/terrasdebasto.pt\/wp-content\/uploads\/2024\/11\/MANUEL-MACHADO.jpg","keywords":["Federa\u00e7\u00e3o do PS\/Braga","PS","PS\/Cabeceiras de Basto","PS\/Celorico de Basto"],"articleSection":["Terras de Basto"],"inLanguage":"pt-PT","potentialAction":[{"@type":"CommentAction","name":"Comment","target":["https:\/\/terrasdebasto.pt\/?p=2968#respond"]}]},{"@type":"WebPage","@id":"https:\/\/terrasdebasto.pt\/?p=2968","url":"https:\/\/terrasdebasto.pt\/?p=2968","name":"Basto perde peso nos \u00f3rg\u00e3os dirigentes do PS\/Braga - Jornal Terras de Basto","isPartOf":{"@id":"https:\/\/terrasdebasto.pt\/#website"},"primaryImageOfPage":{"@id":"https:\/\/terrasdebasto.pt\/?p=2968#primaryimage"},"image":{"@id":"https:\/\/terrasdebasto.pt\/?p=2968#primaryimage"},"thumbnailUrl":"https:\/\/terrasdebasto.pt\/wp-content\/uploads\/2024\/11\/MANUEL-MACHADO.jpg","datePublished":"2024-11-10T23:53:41+00:00","dateModified":"2024-11-10T23:54:17+00:00","description":"As estruturas socialistas das Terras de Basto afetas \u00e0 Federa\u00e7\u00e3o Distrital do PS\/Braga est\u00e3o representadas no secretariado federativo por um membro que \u00e9 militante do partido na Federa\u00e7\u00e3o do Porto, disse ao Terras de Basto fonte partid\u00e1ria.","breadcrumb":{"@id":"https:\/\/terrasdebasto.pt\/?p=2968#breadcrumb"},"inLanguage":"pt-PT","potentialAction":[{"@type":"ReadAction","target":["https:\/\/terrasdebasto.pt\/?p=2968"]}]},{"@type":"ImageObject","inLanguage":"pt-PT","@id":"https:\/\/terrasdebasto.pt\/?p=2968#primaryimage","url":"https:\/\/terrasdebasto.pt\/wp-content\/uploads\/2024\/11\/MANUEL-MACHADO.jpg","contentUrl":"https:\/\/terrasdebasto.pt\/wp-content\/uploads\/2024\/11\/MANUEL-MACHADO.jpg","width":516,"height":346},{"@type":"BreadcrumbList","@id":"https:\/\/terrasdebasto.pt\/?p=2968#breadcrumb","itemListElement":[{"@type":"ListItem","position":1,"name":"In\u00edcio","item":"https:\/\/terrasdebasto.pt\/"},{"@type":"ListItem","position":2,"name":"Basto perde peso nos \u00f3rg\u00e3os dirigentes do PS\/Braga"}]},{"@type":"WebSite","@id":"https:\/\/terrasdebasto.pt\/#website","url":"https:\/\/terrasdebasto.pt\/","name":"Jornal Terras de Basto","description":"","publisher":{"@id":"https:\/\/terrasdebasto.pt\/#organization"},"potentialAction":[{"@type":"SearchAction","target":{"@type":"EntryPoint","urlTemplate":"https:\/\/terrasdebasto.pt\/?s={search_term_string}"},"query-input":{"@type":"PropertyValueSpecification","valueRequired":true,"valueName":"search_term_string"}}],"inLanguage":"pt-PT"},{"@type":"Organization","@id":"https:\/\/terrasdebasto.pt\/#organization","name":"Jornal Terras de Basto","url":"https:\/\/terrasdebasto.pt\/","logo":{"@type":"ImageObject","inLanguage":"pt-PT","@id":"https:\/\/terrasdebasto.pt\/#\/schema\/logo\/image\/","url":"https:\/\/terrasdebasto.pt\/wp-content\/uploads\/2024\/06\/LogoNormal.png","contentUrl":"https:\/\/terrasdebasto.pt\/wp-content\/uploads\/2024\/06\/LogoNormal.png","width":5638,"height":809,"caption":"Jornal Terras de Basto"},"image":{"@id":"https:\/\/terrasdebasto.pt\/#\/schema\/logo\/image\/"}},{"@type":"Person","@id":"https:\/\/terrasdebasto.pt\/#\/schema\/person\/9f6739f5394ac65c802641773b278b84","name":"Jo\u00e3o Paulo Mesquita","image":{"@type":"ImageObject","inLanguage":"pt-PT","@id":"https:\/\/terrasdebasto.pt\/#\/schema\/person\/image\/","url":"https:\/\/secure.gravatar.com\/avatar\/9bd0f299e6d96336664aab64354168246a3ee3287c47891c50d450e47ed9d7f9?s=96&d=mm&r=g","contentUrl":"https:\/\/secure.gravatar.com\/avatar\/9bd0f299e6d96336664aab64354168246a3ee3287c47891c50d450e47ed9d7f9?s=96&d=mm&r=g","caption":"Jo\u00e3o Paulo Mesquita"},"url":"https:\/\/terrasdebasto.pt\/?author=7"}]}},"_links":{"self":[{"href":"https:\/\/terrasdebasto.pt\/index.php?rest_route=\/wp\/v2\/posts\/2968","targetHints":{"allow":["GET"]}}],"collection":[{"href":"https:\/\/terrasdebasto.pt\/index.php?rest_route=\/wp\/v2\/posts"}],"about":[{"href":"https:\/\/terrasdebasto.pt\/index.php?rest_route=\/wp\/v2\/types\/post"}],"author":[{"embeddable":true,"href":"https:\/\/terrasdebasto.pt\/index.php?rest_route=\/wp\/v2\/users\/7"}],"replies":[{"embeddable":true,"href":"https:\/\/terrasdebasto.pt\/index.php?rest_route=%2Fwp%2Fv2%2Fcomments&post=2968"}],"version-history":[{"count":2,"href":"https:\/\/terrasdebasto.pt\/index.php?rest_route=\/wp\/v2\/posts\/2968\/revisions"}],"predecessor-version":[{"id":2971,"href":"https:\/\/terrasdebasto.pt\/index.php?rest_route=\/wp\/v2\/posts\/2968\/revisions\/2971"}],"wp:featuredmedia":[{"embeddable":true,"href":"https:\/\/terrasdebasto.pt\/index.php?rest_route=\/wp\/v2\/media\/2969"}],"wp:attachment":[{"href":"https:\/\/terrasdebasto.pt\/index.php?rest_route=%2Fwp%2Fv2%2Fmedia&parent=2968"}],"wp:term":[{"taxonomy":"category","embeddable":true,"href":"https:\/\/terrasdebasto.pt\/index.php?rest_route=%2Fwp%2Fv2%2Fcategories&post=2968"},{"taxonomy":"post_tag","embeddable":true,"href":"https:\/\/terrasdebasto.pt\/index.php?rest_route=%2Fwp%2Fv2%2Ftags&post=2968"}],"curies":[{"name":"wp","href":"https:\/\/api.w.org\/{rel}","templated":true}]}}