{"id":2955,"date":"2024-11-10T14:46:49","date_gmt":"2024-11-10T14:46:49","guid":{"rendered":"https:\/\/terrasdebasto.pt\/?p=2955"},"modified":"2024-11-10T14:46:52","modified_gmt":"2024-11-10T14:46:52","slug":"centro-comunitario-de-borba-da-montanha-mostrou-novas-capacidades","status":"publish","type":"post","link":"https:\/\/terrasdebasto.pt\/?p=2955","title":{"rendered":"Centro Comunit\u00e1rio de Borba da Montanha mostrou novas capacidades"},"content":{"rendered":"\n<p><strong>O Centro Comunit\u00e1rio Bento XVI, institui\u00e7\u00e3o particular de solidariedade social de Borba da Montanha, em Celorico de Basto, apresentou este s\u00e1bado (9) novas instala\u00e7\u00f5es dedicadas a lar-residencial e creche, estruturas que significaram um investimento superior a 1,6 milh\u00f5es de euros e que permitiram um aumento consider\u00e1vel da oferta.<\/strong><\/p>\n\n\n\n<p>A sess\u00e3o p\u00fablica teve a participa\u00e7\u00e3o da secret\u00e1ria de Estado da A\u00e7\u00e3o Social e Inclus\u00e3o, a fafense Clara Marques Mendes, a par de outros convidados. \u00abAs v\u00e1rias respostas que aqui existem s\u00e3o um verdadeiro sinal de servi\u00e7o p\u00fablico \u00e0 comunidade e isso tem de ser reconhecido\u00bb, disse na circunst\u00e2ncia.<\/p>\n\n\n\n<p>A governante aproveitou para repetir que o Governo est\u00e1 a \u00abtentar perceber quais os custos associados \u00e0s respostas sociais\u00bb para proceder \u00ab\u00e0s devidas atualiza\u00e7\u00f5es\u00bb, sublinhando que j\u00e1 \u00abfoi feita uma atualiza\u00e7\u00e3o extraordin\u00e1ria que beneficiou as respostas sociais que estavam muito aqu\u00e9m do que era suposto, uma atualiza\u00e7\u00e3o de 3,5% para ERPI, centros de dia e apoio domicili\u00e1rio\u00bb.<\/p>\n\n\n\n<p>Assumindo a necessidade de previsibilidade que as \u201cipss\u2019s\u201d t\u00eam, Clara Marques Mendes reafirmou a vontade de ter definidos \u00abno in\u00edcio de 2025\u00bb os valores a atualizar nas comparticipa\u00e7\u00f5es do Estado, at\u00e9 porque \u2013 disse \u2013 \u00abo Estado n\u00e3o pode falhar com as institui\u00e7\u00f5es\u00bb.<\/p>\n\n\n\n<p>Agradecendo publicamente o trabalho do munic\u00edpio celoricense em \u00e1reas fundamentais como a a\u00e7\u00e3o social e a sa\u00fade, a secret\u00e1ria de Estado relevou a import\u00e2ncia \u00abde termos respostas para todos os ciclos da vida\u00bb, defendendo, por exemplo, a urg\u00eancia de \u00abmodificar o conceito de apoio domicili\u00e1rio\u00bb, em que \u00abdevem ser inclu\u00eddos aspetos fundamentais da qualidade-de-vida e n\u00e3o apenas a higiene e a alimenta\u00e7\u00e3o\u00bb.<\/p>\n\n\n\n<p>\u00ab\u00c9 preciso dar aos nossos idosos a possibilidade de permanecerem nas suas casas; para isso, \u00e9 preciso articular sa\u00fade com a a\u00e7\u00e3o social e potenciar os servi\u00e7os desenvolvidos em cada setor\u00bb, defendeu, adiantando que a sua \u00e1rea governativa est\u00e1 a trabalhar na estrat\u00e9gia \u201clongevidade\u201d, que envolver\u00e1 respostas para todos os ciclos de vida.<\/p>\n\n\n\n<figure class=\"wp-block-gallery has-nested-images columns-default is-cropped wp-block-gallery-1 is-layout-flex wp-block-gallery-is-layout-flex\">\n<figure class=\"wp-block-image size-large\"><img loading=\"lazy\" decoding=\"async\" width=\"1024\" height=\"643\" data-id=\"2957\" src=\"https:\/\/terrasdebasto.pt\/wp-content\/uploads\/2024\/11\/CENTRO-COMUNITARIO-DE-BORBA-10-1024x643.jpg\" alt=\"\" class=\"wp-image-2957\" srcset=\"https:\/\/terrasdebasto.pt\/wp-content\/uploads\/2024\/11\/CENTRO-COMUNITARIO-DE-BORBA-10-1024x643.jpg 1024w, https:\/\/terrasdebasto.pt\/wp-content\/uploads\/2024\/11\/CENTRO-COMUNITARIO-DE-BORBA-10-300x189.jpg 300w, https:\/\/terrasdebasto.pt\/wp-content\/uploads\/2024\/11\/CENTRO-COMUNITARIO-DE-BORBA-10-768x483.jpg 768w, https:\/\/terrasdebasto.pt\/wp-content\/uploads\/2024\/11\/CENTRO-COMUNITARIO-DE-BORBA-10-1536x965.jpg 1536w, https:\/\/terrasdebasto.pt\/wp-content\/uploads\/2024\/11\/CENTRO-COMUNITARIO-DE-BORBA-10-150x94.jpg 150w, https:\/\/terrasdebasto.pt\/wp-content\/uploads\/2024\/11\/CENTRO-COMUNITARIO-DE-BORBA-10-696x437.jpg 696w, https:\/\/terrasdebasto.pt\/wp-content\/uploads\/2024\/11\/CENTRO-COMUNITARIO-DE-BORBA-10-1068x671.jpg 1068w, https:\/\/terrasdebasto.pt\/wp-content\/uploads\/2024\/11\/CENTRO-COMUNITARIO-DE-BORBA-10.jpg 1690w\" sizes=\"auto, (max-width: 1024px) 100vw, 1024px\" \/><\/figure>\n<\/figure>\n\n\n\n<p>Peixoto Lima reivindica<\/p>\n\n\n\n<p>Na interven\u00e7\u00e3o que fez na circunst\u00e2ncia, o presidente da C\u00e2mara de Celorico de Basto enalteceu o trabalho de todos aqueles que se dedicam em perman\u00eancia \u00e0 miss\u00e3o do Centro Comunit\u00e1rio Bento XVI, elogiando o seu presidente, o tamb\u00e9m vereador municipal Domingos Teixeira, pelo trabalho e capacidade de execu\u00e7\u00e3o, \u00abcujos resultados est\u00e3o \u00e0 vista\u00bb.<\/p>\n\n\n\n<p>\u00abEste foi um desafio agarrado com coragem, fundamental para este n\u00facleo habitacional da Mota e para todo o concelho\u2026&nbsp; Uma importante infraestrutura, muito jovem, que tem crescido de forma consistente, com respostas sociais que servem de facto as pessoas\u00bb, relevou Jos\u00e9 Peixoto Lima.<\/p>\n\n\n\n<p>O autarca lembrou o trabalho que a autarquia tem vindo a desenvolver com as \u201cipss\u00b4s\u201d, orgulhando-se da rede social j\u00e1 constru\u00edmos, mas reconhecendo que, neste \u00e2mbito h\u00e1 ainda \u00abum longo caminho a percorrer\u00bb. \u00abDeixei recentemente um caderno reivindicativo no gabinete da senhora secret\u00e1ria de Estado, com problemas para resolver no concelho; n\u00e3o estamos satisfeitos com o que j\u00e1 temos e sabemos perfeitamente qual o percurso que temos de percorrer\u00bb, disse.<\/p>\n\n\n\n<p>Neste \u00e2mbito, Peixoto Lima chamou a aten\u00e7\u00e3o para a falta de vagas nas creches, consequ\u00eancia da sua gratuitidade. \u00abTemos 142 lugares no concelho, n\u00famero significativo, mas insuficiente para aquilo que \u00e9 preciso; por isso, metemos m\u00e3os \u00e0 obra\u2026 temos duas creches em execu\u00e7\u00e3o, com 80 vagas, uma na freguesia do Rego e outra em Basto S\u00e3o Clemente; neste aspeto, tamb\u00e9m as \u201cipss\u00b4s\u201d alargaram o n\u00famero de vagas, para que haja oferta plena\u00bb, disse.<\/p>\n\n\n\n<p>O autarca social-democrata deu, entretanto, conta da lacuna nos centros de dia, alegadamente \u00abinsuficientes para as necessidades\u00bb, sendo um setor \u00abpouco apelativo para as \u201cipss\u00b4s\u201d\u00bb, pelo que o apoio do Estado \u00abdeve ser revisto\u00bb.<\/p>\n\n\n\n<p>Peixoto Lima apelou \u00e0 secret\u00e1ria de Estado \u00aba revis\u00e3o dos valores com que os munic\u00edpios est\u00e3o a ser comparticipados\u00bb nas mais recentes transfer\u00eancias de compet\u00eancias, \u00abmanifestamente insuficientes\u00bb, que significam \u00abmais encargos e menos dinheiro\u00bb.<\/p>\n\n\n\n<p>Perante o presidente da Unidade Local de Sa\u00fade do Alto Ave, o autarca fez ainda refer\u00eancia ao Centro de Sa\u00fade e \u00e0 sua Unidade de Reabilita\u00e7\u00e3o e Internamento, a inaugurar no fim de novembro. \u00abEstamos a dar, em estreita parceria com a ULS do Alto Ave, uma nova vida ao nosso centro de sa\u00fade, um espa\u00e7o que vai sendo intervencionado de forma cumulativa para que tenha as melhores condi\u00e7\u00f5es para os profissionais e para as pessoas que necessitam dos seus servi\u00e7os, queremos transform\u00e1-lo num servi\u00e7o de refer\u00eancia\u00bb, disse.<\/p>\n\n\n\n<figure class=\"wp-block-gallery has-nested-images columns-default is-cropped wp-block-gallery-2 is-layout-flex wp-block-gallery-is-layout-flex\">\n<figure class=\"wp-block-image size-large\"><img loading=\"lazy\" decoding=\"async\" width=\"1024\" height=\"716\" data-id=\"2958\" src=\"https:\/\/terrasdebasto.pt\/wp-content\/uploads\/2024\/11\/CENTRO-COMUNITARIO-DE-BORBA-11-1024x716.jpg\" alt=\"\" class=\"wp-image-2958\" srcset=\"https:\/\/terrasdebasto.pt\/wp-content\/uploads\/2024\/11\/CENTRO-COMUNITARIO-DE-BORBA-11-1024x716.jpg 1024w, https:\/\/terrasdebasto.pt\/wp-content\/uploads\/2024\/11\/CENTRO-COMUNITARIO-DE-BORBA-11-300x210.jpg 300w, https:\/\/terrasdebasto.pt\/wp-content\/uploads\/2024\/11\/CENTRO-COMUNITARIO-DE-BORBA-11-768x537.jpg 768w, https:\/\/terrasdebasto.pt\/wp-content\/uploads\/2024\/11\/CENTRO-COMUNITARIO-DE-BORBA-11-1536x1074.jpg 1536w, https:\/\/terrasdebasto.pt\/wp-content\/uploads\/2024\/11\/CENTRO-COMUNITARIO-DE-BORBA-11-150x105.jpg 150w, https:\/\/terrasdebasto.pt\/wp-content\/uploads\/2024\/11\/CENTRO-COMUNITARIO-DE-BORBA-11-696x487.jpg 696w, https:\/\/terrasdebasto.pt\/wp-content\/uploads\/2024\/11\/CENTRO-COMUNITARIO-DE-BORBA-11-1068x747.jpg 1068w, https:\/\/terrasdebasto.pt\/wp-content\/uploads\/2024\/11\/CENTRO-COMUNITARIO-DE-BORBA-11.jpg 1809w\" sizes=\"auto, (max-width: 1024px) 100vw, 1024px\" \/><\/figure>\n<\/figure>\n\n\n\n<p>83 lugares no lar,<\/p>\n\n\n\n<p>91 apoios domicili\u00e1rios<\/p>\n\n\n\n<p>e 38 lugares na creche<\/p>\n\n\n\n<p>Depois da inaugura\u00e7\u00e3o deste s\u00e1bado, o Centro Comunit\u00e1rio Bento XVI conta agora, em Borba da Montanha, com 83 lugares no seu lar-residencial (Estrutura Residencial para Pessoas Idosas), 91 Servi\u00e7o de Apoio Domicili\u00e1rio e 38 lugares na Creche.<\/p>\n\n\n\n<p>A amplia\u00e7\u00e3o \u2013 foi dito \u2013 derivou de um investimento superior a 1,6 milh\u00f5es de euros, \u00abgrande parte\u00bb pago pela pr\u00f3pria \u201cipss\u201d. De acordo com Domingos Teixeira, a entidade propriet\u00e1ria \u00absuportou mais de 1,2 milh\u00f5es de euros, sem recorrer \u00e0 banca\u00bb, o que \u00ab\u00e9 sinal da boa gest\u00e3o da institui\u00e7\u00e3o\u00bb. \u00abConseguimos um apoio estatal de 400 mil euros, pelo programa \u201cPARES\u201d, para os lugares da ERPI, e 15 mil euros do \u201cPRR\u201d para os lugares de creche\u00bb, explicitou.<\/p>\n\n\n\n<p>Domingos Teixeira mostrou-se, entretanto, orgulhoso do trabalho desenvolvido ao longo de 14 anos. \u00abTemos mais de 60 colaboradores, que se dedicam com alma e cora\u00e7\u00e3o \u00e0 IPSS; passamos, com esta amplia\u00e7\u00e3o, de 53 utentes da ERPI, ap\u00f3s a remodela\u00e7\u00e3o de 2012, para 83 lugares, e de 33 de creche, para 38 lugares; \u00e9 com o compromisso renovado que trabalhamos diariamente para proporcionar o melhor aos nossos utentes\u00bb, disse.<\/p>\n\n\n\n<p>Teixeira prometeu continuar a trabalhar e a projetar novos investimentos ao encontro das necessidades dos celoricenses: \u00abs\u00e3o 14 anos de trabalho, 14 anos de saldo positivo\u00bb, disse, esperando a atualiza\u00e7\u00e3o dos acordos para o lar-residencial e da creche para a totalidade da capacidade instalada. \u00abA lista de espera \u00e9 elevada, existem muitas pessoas a viver com baixos rendimentos, com pouca dignidade\u00bb, lembrou.<\/p>\n\n\n\n<p>Entre entidades locais e regionais, nesta sess\u00e3o esteve presente Caldas Afonso, o presidente da Comiss\u00e3o Nacional da Sa\u00fade da Mulher, da Crian\u00e7a e do Adolescente, \u00f3rg\u00e3o de consulta do Minist\u00e9rio da Sa\u00fade, de \u00e2mbito tecnico-cient\u00edfico, recentemente institu\u00eddo. Associaram-se igualmente ao momento o presidente da ULS do Alto Ave, Pedro Cunha, e o diretor da estrutura distrital de Braga da Seguran\u00e7a Social, Jo\u00e3o Ferreira.<\/p>\n\n\n\n<p>O descerramento da placa alusiva a esta apresenta\u00e7\u00e3o p\u00fablica decorreu na entrada do edif\u00edcio principal, seguindo-se a b\u00ean\u00e7\u00e3o das instala\u00e7\u00f5es pelo arcipreste de Celorico de Basto, padre Francisco Medeiros tendo como assistente o padre S\u00e9rgio Ara\u00fajo, p\u00e1roco de Borba da Montanha. [Reda\u00e7\u00e3o].<\/p>\n\n\n\n<figure class=\"wp-block-gallery has-nested-images columns-default is-cropped wp-block-gallery-3 is-layout-flex wp-block-gallery-is-layout-flex\">\n<figure class=\"wp-block-image size-large\"><img loading=\"lazy\" decoding=\"async\" width=\"1024\" height=\"683\" data-id=\"2959\" src=\"https:\/\/terrasdebasto.pt\/wp-content\/uploads\/2024\/11\/CENTRO-COMUNITARIO-DE-BORBA-12-1024x683.jpg\" alt=\"\" class=\"wp-image-2959\" srcset=\"https:\/\/terrasdebasto.pt\/wp-content\/uploads\/2024\/11\/CENTRO-COMUNITARIO-DE-BORBA-12-1024x683.jpg 1024w, https:\/\/terrasdebasto.pt\/wp-content\/uploads\/2024\/11\/CENTRO-COMUNITARIO-DE-BORBA-12-300x200.jpg 300w, https:\/\/terrasdebasto.pt\/wp-content\/uploads\/2024\/11\/CENTRO-COMUNITARIO-DE-BORBA-12-768x512.jpg 768w, https:\/\/terrasdebasto.pt\/wp-content\/uploads\/2024\/11\/CENTRO-COMUNITARIO-DE-BORBA-12-1536x1024.jpg 1536w, https:\/\/terrasdebasto.pt\/wp-content\/uploads\/2024\/11\/CENTRO-COMUNITARIO-DE-BORBA-12-150x100.jpg 150w, https:\/\/terrasdebasto.pt\/wp-content\/uploads\/2024\/11\/CENTRO-COMUNITARIO-DE-BORBA-12-696x464.jpg 696w, https:\/\/terrasdebasto.pt\/wp-content\/uploads\/2024\/11\/CENTRO-COMUNITARIO-DE-BORBA-12-1068x712.jpg 1068w, https:\/\/terrasdebasto.pt\/wp-content\/uploads\/2024\/11\/CENTRO-COMUNITARIO-DE-BORBA-12-1920x1280.jpg 1920w, https:\/\/terrasdebasto.pt\/wp-content\/uploads\/2024\/11\/CENTRO-COMUNITARIO-DE-BORBA-12.jpg 2048w\" sizes=\"auto, (max-width: 1024px) 100vw, 1024px\" \/><\/figure>\n<\/figure>\n\n\n\n<figure class=\"wp-block-gallery has-nested-images columns-default is-cropped wp-block-gallery-4 is-layout-flex wp-block-gallery-is-layout-flex\">\n<figure class=\"wp-block-image size-large\"><img loading=\"lazy\" decoding=\"async\" width=\"1024\" height=\"683\" data-id=\"2960\" src=\"https:\/\/terrasdebasto.pt\/wp-content\/uploads\/2024\/11\/CENTRO-COMUNITARIO-DE-BORBA-13-1024x683.jpg\" alt=\"\" class=\"wp-image-2960\" srcset=\"https:\/\/terrasdebasto.pt\/wp-content\/uploads\/2024\/11\/CENTRO-COMUNITARIO-DE-BORBA-13-1024x683.jpg 1024w, https:\/\/terrasdebasto.pt\/wp-content\/uploads\/2024\/11\/CENTRO-COMUNITARIO-DE-BORBA-13-300x200.jpg 300w, https:\/\/terrasdebasto.pt\/wp-content\/uploads\/2024\/11\/CENTRO-COMUNITARIO-DE-BORBA-13-768x512.jpg 768w, https:\/\/terrasdebasto.pt\/wp-content\/uploads\/2024\/11\/CENTRO-COMUNITARIO-DE-BORBA-13-1536x1024.jpg 1536w, https:\/\/terrasdebasto.pt\/wp-content\/uploads\/2024\/11\/CENTRO-COMUNITARIO-DE-BORBA-13-150x100.jpg 150w, https:\/\/terrasdebasto.pt\/wp-content\/uploads\/2024\/11\/CENTRO-COMUNITARIO-DE-BORBA-13-696x464.jpg 696w, https:\/\/terrasdebasto.pt\/wp-content\/uploads\/2024\/11\/CENTRO-COMUNITARIO-DE-BORBA-13-1068x712.jpg 1068w, https:\/\/terrasdebasto.pt\/wp-content\/uploads\/2024\/11\/CENTRO-COMUNITARIO-DE-BORBA-13-1920x1280.jpg 1920w, https:\/\/terrasdebasto.pt\/wp-content\/uploads\/2024\/11\/CENTRO-COMUNITARIO-DE-BORBA-13.jpg 2048w\" sizes=\"auto, (max-width: 1024px) 100vw, 1024px\" \/><\/figure>\n<\/figure>\n\n\n\n<figure class=\"wp-block-gallery has-nested-images columns-default is-cropped wp-block-gallery-5 is-layout-flex wp-block-gallery-is-layout-flex\">\n<figure class=\"wp-block-image size-large\"><img loading=\"lazy\" decoding=\"async\" width=\"1024\" height=\"683\" data-id=\"2961\" src=\"https:\/\/terrasdebasto.pt\/wp-content\/uploads\/2024\/11\/CENTRO-COMUNITARIO-DE-BORBA-14-1024x683.jpg\" alt=\"\" class=\"wp-image-2961\" srcset=\"https:\/\/terrasdebasto.pt\/wp-content\/uploads\/2024\/11\/CENTRO-COMUNITARIO-DE-BORBA-14-1024x683.jpg 1024w, https:\/\/terrasdebasto.pt\/wp-content\/uploads\/2024\/11\/CENTRO-COMUNITARIO-DE-BORBA-14-300x200.jpg 300w, https:\/\/terrasdebasto.pt\/wp-content\/uploads\/2024\/11\/CENTRO-COMUNITARIO-DE-BORBA-14-768x512.jpg 768w, https:\/\/terrasdebasto.pt\/wp-content\/uploads\/2024\/11\/CENTRO-COMUNITARIO-DE-BORBA-14-1536x1024.jpg 1536w, https:\/\/terrasdebasto.pt\/wp-content\/uploads\/2024\/11\/CENTRO-COMUNITARIO-DE-BORBA-14-150x100.jpg 150w, https:\/\/terrasdebasto.pt\/wp-content\/uploads\/2024\/11\/CENTRO-COMUNITARIO-DE-BORBA-14-696x464.jpg 696w, https:\/\/terrasdebasto.pt\/wp-content\/uploads\/2024\/11\/CENTRO-COMUNITARIO-DE-BORBA-14-1068x712.jpg 1068w, https:\/\/terrasdebasto.pt\/wp-content\/uploads\/2024\/11\/CENTRO-COMUNITARIO-DE-BORBA-14-1920x1280.jpg 1920w, https:\/\/terrasdebasto.pt\/wp-content\/uploads\/2024\/11\/CENTRO-COMUNITARIO-DE-BORBA-14.jpg 2048w\" sizes=\"auto, (max-width: 1024px) 100vw, 1024px\" \/><\/figure>\n<\/figure>\n\n\n\n<figure class=\"wp-block-gallery has-nested-images columns-default is-cropped wp-block-gallery-6 is-layout-flex wp-block-gallery-is-layout-flex\">\n<figure class=\"wp-block-image size-large\"><img loading=\"lazy\" decoding=\"async\" width=\"1024\" height=\"683\" data-id=\"2962\" src=\"https:\/\/terrasdebasto.pt\/wp-content\/uploads\/2024\/11\/CENTRO-COMUNITARIO-DE-BORBA-15-1024x683.jpg\" alt=\"\" class=\"wp-image-2962\" srcset=\"https:\/\/terrasdebasto.pt\/wp-content\/uploads\/2024\/11\/CENTRO-COMUNITARIO-DE-BORBA-15-1024x683.jpg 1024w, https:\/\/terrasdebasto.pt\/wp-content\/uploads\/2024\/11\/CENTRO-COMUNITARIO-DE-BORBA-15-300x200.jpg 300w, https:\/\/terrasdebasto.pt\/wp-content\/uploads\/2024\/11\/CENTRO-COMUNITARIO-DE-BORBA-15-768x512.jpg 768w, https:\/\/terrasdebasto.pt\/wp-content\/uploads\/2024\/11\/CENTRO-COMUNITARIO-DE-BORBA-15-1536x1024.jpg 1536w, https:\/\/terrasdebasto.pt\/wp-content\/uploads\/2024\/11\/CENTRO-COMUNITARIO-DE-BORBA-15-150x100.jpg 150w, https:\/\/terrasdebasto.pt\/wp-content\/uploads\/2024\/11\/CENTRO-COMUNITARIO-DE-BORBA-15-696x464.jpg 696w, https:\/\/terrasdebasto.pt\/wp-content\/uploads\/2024\/11\/CENTRO-COMUNITARIO-DE-BORBA-15-1068x712.jpg 1068w, https:\/\/terrasdebasto.pt\/wp-content\/uploads\/2024\/11\/CENTRO-COMUNITARIO-DE-BORBA-15-1920x1280.jpg 1920w, https:\/\/terrasdebasto.pt\/wp-content\/uploads\/2024\/11\/CENTRO-COMUNITARIO-DE-BORBA-15.jpg 2048w\" sizes=\"auto, (max-width: 1024px) 100vw, 1024px\" \/><\/figure>\n<\/figure>\n\n\n\n<figure class=\"wp-block-gallery has-nested-images columns-default is-cropped wp-block-gallery-7 is-layout-flex wp-block-gallery-is-layout-flex\">\n<figure class=\"wp-block-image size-large\"><img loading=\"lazy\" decoding=\"async\" width=\"1024\" height=\"683\" data-id=\"2963\" src=\"https:\/\/terrasdebasto.pt\/wp-content\/uploads\/2024\/11\/CENTRO-COMUNITARIO-DE-BORBA-16-1024x683.jpg\" alt=\"\" class=\"wp-image-2963\" srcset=\"https:\/\/terrasdebasto.pt\/wp-content\/uploads\/2024\/11\/CENTRO-COMUNITARIO-DE-BORBA-16-1024x683.jpg 1024w, https:\/\/terrasdebasto.pt\/wp-content\/uploads\/2024\/11\/CENTRO-COMUNITARIO-DE-BORBA-16-300x200.jpg 300w, https:\/\/terrasdebasto.pt\/wp-content\/uploads\/2024\/11\/CENTRO-COMUNITARIO-DE-BORBA-16-768x512.jpg 768w, https:\/\/terrasdebasto.pt\/wp-content\/uploads\/2024\/11\/CENTRO-COMUNITARIO-DE-BORBA-16-1536x1024.jpg 1536w, https:\/\/terrasdebasto.pt\/wp-content\/uploads\/2024\/11\/CENTRO-COMUNITARIO-DE-BORBA-16-150x100.jpg 150w, https:\/\/terrasdebasto.pt\/wp-content\/uploads\/2024\/11\/CENTRO-COMUNITARIO-DE-BORBA-16-696x464.jpg 696w, https:\/\/terrasdebasto.pt\/wp-content\/uploads\/2024\/11\/CENTRO-COMUNITARIO-DE-BORBA-16-1068x712.jpg 1068w, https:\/\/terrasdebasto.pt\/wp-content\/uploads\/2024\/11\/CENTRO-COMUNITARIO-DE-BORBA-16-1920x1280.jpg 1920w, https:\/\/terrasdebasto.pt\/wp-content\/uploads\/2024\/11\/CENTRO-COMUNITARIO-DE-BORBA-16.jpg 2048w\" sizes=\"auto, (max-width: 1024px) 100vw, 1024px\" \/><\/figure>\n<\/figure>\n\n\n\n<figure class=\"wp-block-gallery has-nested-images columns-default is-cropped wp-block-gallery-8 is-layout-flex wp-block-gallery-is-layout-flex\">\n<figure class=\"wp-block-image size-large\"><img loading=\"lazy\" decoding=\"async\" width=\"1024\" height=\"683\" data-id=\"2964\" src=\"https:\/\/terrasdebasto.pt\/wp-content\/uploads\/2024\/11\/CENTRO-COMUNITARIO-DE-BORBA-17-1024x683.jpg\" alt=\"\" class=\"wp-image-2964\" srcset=\"https:\/\/terrasdebasto.pt\/wp-content\/uploads\/2024\/11\/CENTRO-COMUNITARIO-DE-BORBA-17-1024x683.jpg 1024w, https:\/\/terrasdebasto.pt\/wp-content\/uploads\/2024\/11\/CENTRO-COMUNITARIO-DE-BORBA-17-300x200.jpg 300w, https:\/\/terrasdebasto.pt\/wp-content\/uploads\/2024\/11\/CENTRO-COMUNITARIO-DE-BORBA-17-768x512.jpg 768w, https:\/\/terrasdebasto.pt\/wp-content\/uploads\/2024\/11\/CENTRO-COMUNITARIO-DE-BORBA-17-1536x1024.jpg 1536w, https:\/\/terrasdebasto.pt\/wp-content\/uploads\/2024\/11\/CENTRO-COMUNITARIO-DE-BORBA-17-150x100.jpg 150w, https:\/\/terrasdebasto.pt\/wp-content\/uploads\/2024\/11\/CENTRO-COMUNITARIO-DE-BORBA-17-696x464.jpg 696w, https:\/\/terrasdebasto.pt\/wp-content\/uploads\/2024\/11\/CENTRO-COMUNITARIO-DE-BORBA-17-1068x712.jpg 1068w, https:\/\/terrasdebasto.pt\/wp-content\/uploads\/2024\/11\/CENTRO-COMUNITARIO-DE-BORBA-17-1920x1280.jpg 1920w, https:\/\/terrasdebasto.pt\/wp-content\/uploads\/2024\/11\/CENTRO-COMUNITARIO-DE-BORBA-17.jpg 2048w\" sizes=\"auto, (max-width: 1024px) 100vw, 1024px\" \/><\/figure>\n<\/figure>\n","protected":false},"excerpt":{"rendered":"<p>O Centro Comunit\u00e1rio Bento XVI, institui\u00e7\u00e3o particular de solidariedade social de Borba da Montanha, em Celorico de Basto, apresentou este s\u00e1bado (9) novas instala\u00e7\u00f5es dedicadas a lar-residencial e creche, estruturas que significaram um investimento superior a 1,6 milh\u00f5es de euros e que permitiram um aumento consider\u00e1vel da oferta. A sess\u00e3o p\u00fablica teve a participa\u00e7\u00e3o da [&hellip;]<\/p>\n","protected":false},"author":7,"featured_media":2956,"comment_status":"open","ping_status":"open","sticky":false,"template":"","format":"standard","meta":{"footnotes":""},"categories":[13,9],"tags":[608,607,637],"class_list":{"0":"post-2955","1":"post","2":"type-post","3":"status-publish","4":"format-standard","5":"has-post-thumbnail","7":"category-celorico-de-basto","8":"category-terras-de-basto","9":"tag-borba-da-montanha","10":"tag-centro-comunitario-bento-xvi","11":"tag-ipss"},"yoast_head":"<!-- This site is optimized with the Yoast SEO plugin v25.7 - https:\/\/yoast.com\/wordpress\/plugins\/seo\/ -->\n<title>Centro Comunit\u00e1rio de Borba da Montanha mostrou novas capacidades - Jornal Terras de Basto<\/title>\n<meta name=\"description\" content=\"O Centro Comunit\u00e1rio Bento XVI, institui\u00e7\u00e3o particular de solidariedade social de Borba da Montanha, em Celorico de Basto, apresentou este s\u00e1bado (9) novas instala\u00e7\u00f5es dedicadas a lar-residencial e creche, estruturas que significaram um investimento superior a 1,6 milh\u00f5es de euros e que permitiram um aumento consider\u00e1vel da oferta.\" \/>\n<meta name=\"robots\" content=\"index, follow, max-snippet:-1, max-image-preview:large, max-video-preview:-1\" \/>\n<link rel=\"canonical\" href=\"https:\/\/terrasdebasto.pt\/?p=2955\" \/>\n<meta property=\"og:locale\" content=\"pt_PT\" \/>\n<meta property=\"og:type\" content=\"article\" \/>\n<meta property=\"og:title\" content=\"Centro Comunit\u00e1rio de Borba da Montanha mostrou novas capacidades - Jornal Terras de Basto\" \/>\n<meta property=\"og:description\" content=\"O Centro Comunit\u00e1rio Bento XVI, institui\u00e7\u00e3o particular de solidariedade social de Borba da Montanha, em Celorico de Basto, apresentou este s\u00e1bado (9) novas instala\u00e7\u00f5es dedicadas a lar-residencial e creche, estruturas que significaram um investimento superior a 1,6 milh\u00f5es de euros e que permitiram um aumento consider\u00e1vel da oferta.\" \/>\n<meta property=\"og:url\" content=\"https:\/\/terrasdebasto.pt\/?p=2955\" \/>\n<meta property=\"og:site_name\" content=\"Jornal Terras de Basto\" \/>\n<meta property=\"article:published_time\" content=\"2024-11-10T14:46:49+00:00\" \/>\n<meta property=\"article:modified_time\" content=\"2024-11-10T14:46:52+00:00\" \/>\n<meta property=\"og:image\" content=\"https:\/\/terrasdebasto.pt\/wp-content\/uploads\/2024\/11\/CENTRO-COMUNITARIO-DE-BORBA-02.jpg\" \/>\n\t<meta property=\"og:image:width\" content=\"2048\" \/>\n\t<meta property=\"og:image:height\" content=\"1365\" \/>\n\t<meta property=\"og:image:type\" content=\"image\/jpeg\" \/>\n<meta name=\"author\" content=\"Jo\u00e3o Paulo Mesquita\" \/>\n<meta name=\"twitter:card\" content=\"summary_large_image\" \/>\n<meta name=\"twitter:label1\" content=\"Escrito por\" \/>\n\t<meta name=\"twitter:data1\" content=\"Jo\u00e3o Paulo Mesquita\" \/>\n\t<meta name=\"twitter:label2\" content=\"Tempo estimado de leitura\" \/>\n\t<meta name=\"twitter:data2\" content=\"8 minutos\" \/>\n<script type=\"application\/ld+json\" class=\"yoast-schema-graph\">{\"@context\":\"https:\/\/schema.org\",\"@graph\":[{\"@type\":\"Article\",\"@id\":\"https:\/\/terrasdebasto.pt\/?p=2955#article\",\"isPartOf\":{\"@id\":\"https:\/\/terrasdebasto.pt\/?p=2955\"},\"author\":{\"name\":\"Jo\u00e3o Paulo Mesquita\",\"@id\":\"https:\/\/terrasdebasto.pt\/#\/schema\/person\/9f6739f5394ac65c802641773b278b84\"},\"headline\":\"Centro Comunit\u00e1rio de Borba da Montanha mostrou novas capacidades\",\"datePublished\":\"2024-11-10T14:46:49+00:00\",\"dateModified\":\"2024-11-10T14:46:52+00:00\",\"mainEntityOfPage\":{\"@id\":\"https:\/\/terrasdebasto.pt\/?p=2955\"},\"wordCount\":1164,\"commentCount\":0,\"publisher\":{\"@id\":\"https:\/\/terrasdebasto.pt\/#organization\"},\"image\":{\"@id\":\"https:\/\/terrasdebasto.pt\/?p=2955#primaryimage\"},\"thumbnailUrl\":\"https:\/\/terrasdebasto.pt\/wp-content\/uploads\/2024\/11\/CENTRO-COMUNITARIO-DE-BORBA-02.jpg\",\"keywords\":[\"Borba da Montanha\",\"Centro Comunit\u00e1rio Bento XVI\",\"IPSS\"],\"articleSection\":[\"Celorico de Basto\",\"Terras de Basto\"],\"inLanguage\":\"pt-PT\",\"potentialAction\":[{\"@type\":\"CommentAction\",\"name\":\"Comment\",\"target\":[\"https:\/\/terrasdebasto.pt\/?p=2955#respond\"]}]},{\"@type\":\"WebPage\",\"@id\":\"https:\/\/terrasdebasto.pt\/?p=2955\",\"url\":\"https:\/\/terrasdebasto.pt\/?p=2955\",\"name\":\"Centro Comunit\u00e1rio de Borba da Montanha mostrou novas capacidades - Jornal Terras de Basto\",\"isPartOf\":{\"@id\":\"https:\/\/terrasdebasto.pt\/#website\"},\"primaryImageOfPage\":{\"@id\":\"https:\/\/terrasdebasto.pt\/?p=2955#primaryimage\"},\"image\":{\"@id\":\"https:\/\/terrasdebasto.pt\/?p=2955#primaryimage\"},\"thumbnailUrl\":\"https:\/\/terrasdebasto.pt\/wp-content\/uploads\/2024\/11\/CENTRO-COMUNITARIO-DE-BORBA-02.jpg\",\"datePublished\":\"2024-11-10T14:46:49+00:00\",\"dateModified\":\"2024-11-10T14:46:52+00:00\",\"description\":\"O Centro Comunit\u00e1rio Bento XVI, institui\u00e7\u00e3o particular de solidariedade social de Borba da Montanha, em Celorico de Basto, apresentou este s\u00e1bado (9) novas instala\u00e7\u00f5es dedicadas a lar-residencial e creche, estruturas que significaram um investimento superior a 1,6 milh\u00f5es de euros e que permitiram um aumento consider\u00e1vel da oferta.\",\"breadcrumb\":{\"@id\":\"https:\/\/terrasdebasto.pt\/?p=2955#breadcrumb\"},\"inLanguage\":\"pt-PT\",\"potentialAction\":[{\"@type\":\"ReadAction\",\"target\":[\"https:\/\/terrasdebasto.pt\/?p=2955\"]}]},{\"@type\":\"ImageObject\",\"inLanguage\":\"pt-PT\",\"@id\":\"https:\/\/terrasdebasto.pt\/?p=2955#primaryimage\",\"url\":\"https:\/\/terrasdebasto.pt\/wp-content\/uploads\/2024\/11\/CENTRO-COMUNITARIO-DE-BORBA-02.jpg\",\"contentUrl\":\"https:\/\/terrasdebasto.pt\/wp-content\/uploads\/2024\/11\/CENTRO-COMUNITARIO-DE-BORBA-02.jpg\",\"width\":2048,\"height\":1365},{\"@type\":\"BreadcrumbList\",\"@id\":\"https:\/\/terrasdebasto.pt\/?p=2955#breadcrumb\",\"itemListElement\":[{\"@type\":\"ListItem\",\"position\":1,\"name\":\"In\u00edcio\",\"item\":\"https:\/\/terrasdebasto.pt\/\"},{\"@type\":\"ListItem\",\"position\":2,\"name\":\"Centro Comunit\u00e1rio de Borba da Montanha mostrou novas capacidades\"}]},{\"@type\":\"WebSite\",\"@id\":\"https:\/\/terrasdebasto.pt\/#website\",\"url\":\"https:\/\/terrasdebasto.pt\/\",\"name\":\"Jornal Terras de Basto\",\"description\":\"\",\"publisher\":{\"@id\":\"https:\/\/terrasdebasto.pt\/#organization\"},\"potentialAction\":[{\"@type\":\"SearchAction\",\"target\":{\"@type\":\"EntryPoint\",\"urlTemplate\":\"https:\/\/terrasdebasto.pt\/?s={search_term_string}\"},\"query-input\":{\"@type\":\"PropertyValueSpecification\",\"valueRequired\":true,\"valueName\":\"search_term_string\"}}],\"inLanguage\":\"pt-PT\"},{\"@type\":\"Organization\",\"@id\":\"https:\/\/terrasdebasto.pt\/#organization\",\"name\":\"Jornal Terras de Basto\",\"url\":\"https:\/\/terrasdebasto.pt\/\",\"logo\":{\"@type\":\"ImageObject\",\"inLanguage\":\"pt-PT\",\"@id\":\"https:\/\/terrasdebasto.pt\/#\/schema\/logo\/image\/\",\"url\":\"https:\/\/terrasdebasto.pt\/wp-content\/uploads\/2024\/06\/LogoNormal.png\",\"contentUrl\":\"https:\/\/terrasdebasto.pt\/wp-content\/uploads\/2024\/06\/LogoNormal.png\",\"width\":5638,\"height\":809,\"caption\":\"Jornal Terras de Basto\"},\"image\":{\"@id\":\"https:\/\/terrasdebasto.pt\/#\/schema\/logo\/image\/\"}},{\"@type\":\"Person\",\"@id\":\"https:\/\/terrasdebasto.pt\/#\/schema\/person\/9f6739f5394ac65c802641773b278b84\",\"name\":\"Jo\u00e3o Paulo Mesquita\",\"image\":{\"@type\":\"ImageObject\",\"inLanguage\":\"pt-PT\",\"@id\":\"https:\/\/terrasdebasto.pt\/#\/schema\/person\/image\/\",\"url\":\"https:\/\/secure.gravatar.com\/avatar\/9bd0f299e6d96336664aab64354168246a3ee3287c47891c50d450e47ed9d7f9?s=96&d=mm&r=g\",\"contentUrl\":\"https:\/\/secure.gravatar.com\/avatar\/9bd0f299e6d96336664aab64354168246a3ee3287c47891c50d450e47ed9d7f9?s=96&d=mm&r=g\",\"caption\":\"Jo\u00e3o Paulo Mesquita\"},\"url\":\"https:\/\/terrasdebasto.pt\/?author=7\"}]}<\/script>\n<!-- \/ Yoast SEO plugin. -->","yoast_head_json":{"title":"Centro Comunit\u00e1rio de Borba da Montanha mostrou novas capacidades - Jornal Terras de Basto","description":"O Centro Comunit\u00e1rio Bento XVI, institui\u00e7\u00e3o particular de solidariedade social de Borba da Montanha, em Celorico de Basto, apresentou este s\u00e1bado (9) novas instala\u00e7\u00f5es dedicadas a lar-residencial e creche, estruturas que significaram um investimento superior a 1,6 milh\u00f5es de euros e que permitiram um aumento consider\u00e1vel da oferta.","robots":{"index":"index","follow":"follow","max-snippet":"max-snippet:-1","max-image-preview":"max-image-preview:large","max-video-preview":"max-video-preview:-1"},"canonical":"https:\/\/terrasdebasto.pt\/?p=2955","og_locale":"pt_PT","og_type":"article","og_title":"Centro Comunit\u00e1rio de Borba da Montanha mostrou novas capacidades - Jornal Terras de Basto","og_description":"O Centro Comunit\u00e1rio Bento XVI, institui\u00e7\u00e3o particular de solidariedade social de Borba da Montanha, em Celorico de Basto, apresentou este s\u00e1bado (9) novas instala\u00e7\u00f5es dedicadas a lar-residencial e creche, estruturas que significaram um investimento superior a 1,6 milh\u00f5es de euros e que permitiram um aumento consider\u00e1vel da oferta.","og_url":"https:\/\/terrasdebasto.pt\/?p=2955","og_site_name":"Jornal Terras de Basto","article_published_time":"2024-11-10T14:46:49+00:00","article_modified_time":"2024-11-10T14:46:52+00:00","og_image":[{"width":2048,"height":1365,"url":"https:\/\/terrasdebasto.pt\/wp-content\/uploads\/2024\/11\/CENTRO-COMUNITARIO-DE-BORBA-02.jpg","type":"image\/jpeg"}],"author":"Jo\u00e3o Paulo Mesquita","twitter_card":"summary_large_image","twitter_misc":{"Escrito por":"Jo\u00e3o Paulo Mesquita","Tempo estimado de leitura":"8 minutos"},"schema":{"@context":"https:\/\/schema.org","@graph":[{"@type":"Article","@id":"https:\/\/terrasdebasto.pt\/?p=2955#article","isPartOf":{"@id":"https:\/\/terrasdebasto.pt\/?p=2955"},"author":{"name":"Jo\u00e3o Paulo Mesquita","@id":"https:\/\/terrasdebasto.pt\/#\/schema\/person\/9f6739f5394ac65c802641773b278b84"},"headline":"Centro Comunit\u00e1rio de Borba da Montanha mostrou novas capacidades","datePublished":"2024-11-10T14:46:49+00:00","dateModified":"2024-11-10T14:46:52+00:00","mainEntityOfPage":{"@id":"https:\/\/terrasdebasto.pt\/?p=2955"},"wordCount":1164,"commentCount":0,"publisher":{"@id":"https:\/\/terrasdebasto.pt\/#organization"},"image":{"@id":"https:\/\/terrasdebasto.pt\/?p=2955#primaryimage"},"thumbnailUrl":"https:\/\/terrasdebasto.pt\/wp-content\/uploads\/2024\/11\/CENTRO-COMUNITARIO-DE-BORBA-02.jpg","keywords":["Borba da Montanha","Centro Comunit\u00e1rio Bento XVI","IPSS"],"articleSection":["Celorico de Basto","Terras de Basto"],"inLanguage":"pt-PT","potentialAction":[{"@type":"CommentAction","name":"Comment","target":["https:\/\/terrasdebasto.pt\/?p=2955#respond"]}]},{"@type":"WebPage","@id":"https:\/\/terrasdebasto.pt\/?p=2955","url":"https:\/\/terrasdebasto.pt\/?p=2955","name":"Centro Comunit\u00e1rio de Borba da Montanha mostrou novas capacidades - Jornal Terras de Basto","isPartOf":{"@id":"https:\/\/terrasdebasto.pt\/#website"},"primaryImageOfPage":{"@id":"https:\/\/terrasdebasto.pt\/?p=2955#primaryimage"},"image":{"@id":"https:\/\/terrasdebasto.pt\/?p=2955#primaryimage"},"thumbnailUrl":"https:\/\/terrasdebasto.pt\/wp-content\/uploads\/2024\/11\/CENTRO-COMUNITARIO-DE-BORBA-02.jpg","datePublished":"2024-11-10T14:46:49+00:00","dateModified":"2024-11-10T14:46:52+00:00","description":"O Centro Comunit\u00e1rio Bento XVI, institui\u00e7\u00e3o particular de solidariedade social de Borba da Montanha, em Celorico de Basto, apresentou este s\u00e1bado (9) novas instala\u00e7\u00f5es dedicadas a lar-residencial e creche, estruturas que significaram um investimento superior a 1,6 milh\u00f5es de euros e que permitiram um aumento consider\u00e1vel da oferta.","breadcrumb":{"@id":"https:\/\/terrasdebasto.pt\/?p=2955#breadcrumb"},"inLanguage":"pt-PT","potentialAction":[{"@type":"ReadAction","target":["https:\/\/terrasdebasto.pt\/?p=2955"]}]},{"@type":"ImageObject","inLanguage":"pt-PT","@id":"https:\/\/terrasdebasto.pt\/?p=2955#primaryimage","url":"https:\/\/terrasdebasto.pt\/wp-content\/uploads\/2024\/11\/CENTRO-COMUNITARIO-DE-BORBA-02.jpg","contentUrl":"https:\/\/terrasdebasto.pt\/wp-content\/uploads\/2024\/11\/CENTRO-COMUNITARIO-DE-BORBA-02.jpg","width":2048,"height":1365},{"@type":"BreadcrumbList","@id":"https:\/\/terrasdebasto.pt\/?p=2955#breadcrumb","itemListElement":[{"@type":"ListItem","position":1,"name":"In\u00edcio","item":"https:\/\/terrasdebasto.pt\/"},{"@type":"ListItem","position":2,"name":"Centro Comunit\u00e1rio de Borba da Montanha mostrou novas capacidades"}]},{"@type":"WebSite","@id":"https:\/\/terrasdebasto.pt\/#website","url":"https:\/\/terrasdebasto.pt\/","name":"Jornal Terras de Basto","description":"","publisher":{"@id":"https:\/\/terrasdebasto.pt\/#organization"},"potentialAction":[{"@type":"SearchAction","target":{"@type":"EntryPoint","urlTemplate":"https:\/\/terrasdebasto.pt\/?s={search_term_string}"},"query-input":{"@type":"PropertyValueSpecification","valueRequired":true,"valueName":"search_term_string"}}],"inLanguage":"pt-PT"},{"@type":"Organization","@id":"https:\/\/terrasdebasto.pt\/#organization","name":"Jornal Terras de Basto","url":"https:\/\/terrasdebasto.pt\/","logo":{"@type":"ImageObject","inLanguage":"pt-PT","@id":"https:\/\/terrasdebasto.pt\/#\/schema\/logo\/image\/","url":"https:\/\/terrasdebasto.pt\/wp-content\/uploads\/2024\/06\/LogoNormal.png","contentUrl":"https:\/\/terrasdebasto.pt\/wp-content\/uploads\/2024\/06\/LogoNormal.png","width":5638,"height":809,"caption":"Jornal Terras de Basto"},"image":{"@id":"https:\/\/terrasdebasto.pt\/#\/schema\/logo\/image\/"}},{"@type":"Person","@id":"https:\/\/terrasdebasto.pt\/#\/schema\/person\/9f6739f5394ac65c802641773b278b84","name":"Jo\u00e3o Paulo Mesquita","image":{"@type":"ImageObject","inLanguage":"pt-PT","@id":"https:\/\/terrasdebasto.pt\/#\/schema\/person\/image\/","url":"https:\/\/secure.gravatar.com\/avatar\/9bd0f299e6d96336664aab64354168246a3ee3287c47891c50d450e47ed9d7f9?s=96&d=mm&r=g","contentUrl":"https:\/\/secure.gravatar.com\/avatar\/9bd0f299e6d96336664aab64354168246a3ee3287c47891c50d450e47ed9d7f9?s=96&d=mm&r=g","caption":"Jo\u00e3o Paulo Mesquita"},"url":"https:\/\/terrasdebasto.pt\/?author=7"}]}},"_links":{"self":[{"href":"https:\/\/terrasdebasto.pt\/index.php?rest_route=\/wp\/v2\/posts\/2955","targetHints":{"allow":["GET"]}}],"collection":[{"href":"https:\/\/terrasdebasto.pt\/index.php?rest_route=\/wp\/v2\/posts"}],"about":[{"href":"https:\/\/terrasdebasto.pt\/index.php?rest_route=\/wp\/v2\/types\/post"}],"author":[{"embeddable":true,"href":"https:\/\/terrasdebasto.pt\/index.php?rest_route=\/wp\/v2\/users\/7"}],"replies":[{"embeddable":true,"href":"https:\/\/terrasdebasto.pt\/index.php?rest_route=%2Fwp%2Fv2%2Fcomments&post=2955"}],"version-history":[{"count":2,"href":"https:\/\/terrasdebasto.pt\/index.php?rest_route=\/wp\/v2\/posts\/2955\/revisions"}],"predecessor-version":[{"id":2966,"href":"https:\/\/terrasdebasto.pt\/index.php?rest_route=\/wp\/v2\/posts\/2955\/revisions\/2966"}],"wp:featuredmedia":[{"embeddable":true,"href":"https:\/\/terrasdebasto.pt\/index.php?rest_route=\/wp\/v2\/media\/2956"}],"wp:attachment":[{"href":"https:\/\/terrasdebasto.pt\/index.php?rest_route=%2Fwp%2Fv2%2Fmedia&parent=2955"}],"wp:term":[{"taxonomy":"category","embeddable":true,"href":"https:\/\/terrasdebasto.pt\/index.php?rest_route=%2Fwp%2Fv2%2Fcategories&post=2955"},{"taxonomy":"post_tag","embeddable":true,"href":"https:\/\/terrasdebasto.pt\/index.php?rest_route=%2Fwp%2Fv2%2Ftags&post=2955"}],"curies":[{"name":"wp","href":"https:\/\/api.w.org\/{rel}","templated":true}]}}