{"id":2920,"date":"2024-11-06T23:46:49","date_gmt":"2024-11-06T23:46:49","guid":{"rendered":"https:\/\/terrasdebasto.pt\/?p=2920"},"modified":"2024-11-06T23:46:51","modified_gmt":"2024-11-06T23:46:51","slug":"ai-esta-a-feira-de-santa-catarina","status":"publish","type":"post","link":"https:\/\/terrasdebasto.pt\/?p=2920","title":{"rendered":"A\u00ed est\u00e1 a Feira de Santa Catarina"},"content":{"rendered":"\n<p><strong>A Feira de Santa Catarina, feira franca de periodicidade anual organizada pelo Munic\u00edpio de Celorico de Basto, decorre este ano de 22 a 25 de novembro e inclui uma mostra gastron\u00f3mica e uma exposi\u00e7\u00e3o animal, pretendendo valorizar, assim, a gastronomia t\u00edpica e os vinhos do concelho, o turismo e o patrim\u00f3nio cultural.<\/strong><\/p>\n\n\n\n<p>De acordo com a organiza\u00e7\u00e3o, a exposi\u00e7\u00e3o animal acontece na Quinta do Prado, a partir do dia 23 e a mostra gastron\u00f3mica realiza-se no mercado, compreendendo um programa de anima\u00e7\u00e3o permanente.<\/p>\n\n\n\n<p>O programa de anima\u00e7\u00e3o musical para os quatro dias do evento compreende, na sexta-feira (22), as atua\u00e7\u00f5es de \u201c\u00c0 Torneira\u201d e \u201cArraial Minhoto\u201d, integradas no Festival de Tunas Universit\u00e1rias de Celorico de Basto. J\u00e1 no s\u00e1bado (23), atuam \u201cKantobasto\u201d e \u201cBandalhoca\u201d. No domingo (24), \u00e9 a vez dos \u201cAmigos das Tainadas\u201d e do \u201cGrupo de Concertinas da ACR Ourilhe\u201d. J\u00e1 na segunda-feira (25), \u00e9 a vez do Grupo de Cavaquinhos da Escola Profissional Agr\u00edcola de Fermil.<\/p>\n\n\n\n<p>A Feira de Santa Catarina, organizada anualmente em novembro, \u00e9 um certame tradicional que prioriza a venda de produtos de \u00e9poca, \u00e1rvores de fruto, alfaias agr\u00edcolas e utens\u00edlios agr\u00edcolas, sendo nesta circunst\u00e2ncia que os celoricenses de antanho adquiriam os agasalhos para o frio do inverno.<\/p>\n\n\n\n<p>De acordo com os relatos populares, era pela Santa Catarina que se comiam as \u00faltimas sardinhas do ano, iguaria que volta agora a ser consumida por altura dos santos populares.<\/p>\n\n\n\n<p>A inova\u00e7\u00e3o associada a esta feira est\u00e1 patente na mostra gastron\u00f3mica, que promove a gastronomia e vinhos do concelho em ambiente festivo. Pode ser frequentada, a 22 e 23, das 18h00 \u00e0s 02h00; a 24, das 08h00 \u00e0 00h00; e a 25, das 9h00 \u00e0s 00h00. [Reda\u00e7\u00e3o].<\/p>\n\n\n\n<figure class=\"wp-block-gallery has-nested-images columns-default is-cropped wp-block-gallery-1 is-layout-flex wp-block-gallery-is-layout-flex\">\n<figure class=\"wp-block-image size-large\"><img loading=\"lazy\" decoding=\"async\" width=\"1024\" height=\"683\" data-id=\"2922\" src=\"https:\/\/terrasdebasto.pt\/wp-content\/uploads\/2024\/11\/100-1024x683.jpg\" alt=\"\" class=\"wp-image-2922\" srcset=\"https:\/\/terrasdebasto.pt\/wp-content\/uploads\/2024\/11\/100-1024x683.jpg 1024w, https:\/\/terrasdebasto.pt\/wp-content\/uploads\/2024\/11\/100-300x200.jpg 300w, https:\/\/terrasdebasto.pt\/wp-content\/uploads\/2024\/11\/100-768x512.jpg 768w, https:\/\/terrasdebasto.pt\/wp-content\/uploads\/2024\/11\/100-1536x1024.jpg 1536w, https:\/\/terrasdebasto.pt\/wp-content\/uploads\/2024\/11\/100-150x100.jpg 150w, https:\/\/terrasdebasto.pt\/wp-content\/uploads\/2024\/11\/100-696x464.jpg 696w, https:\/\/terrasdebasto.pt\/wp-content\/uploads\/2024\/11\/100-1068x712.jpg 1068w, https:\/\/terrasdebasto.pt\/wp-content\/uploads\/2024\/11\/100-1920x1280.jpg 1920w, https:\/\/terrasdebasto.pt\/wp-content\/uploads\/2024\/11\/100.jpg 2048w\" sizes=\"auto, (max-width: 1024px) 100vw, 1024px\" \/><\/figure>\n<\/figure>\n\n\n\n<figure class=\"wp-block-gallery has-nested-images columns-default is-cropped wp-block-gallery-2 is-layout-flex wp-block-gallery-is-layout-flex\">\n<figure class=\"wp-block-image\"><img decoding=\"async\" src=\"https:\/\/terrasdebasto.pt\/6a47565f-d445-4092-9921-f1ed1db84556\" alt=\"\" \/><\/figure>\n\n\n\n<figure class=\"wp-block-image\"><img decoding=\"async\" src=\"https:\/\/terrasdebasto.pt\/5b32a569-849c-4b2d-9e23-f500cf6d2f40\" alt=\"\" \/><\/figure>\n\n\n\n<figure class=\"wp-block-image\"><img decoding=\"async\" src=\"https:\/\/terrasdebasto.pt\/2e3f548d-2d6e-4bba-99b4-51c4cc583bed\" alt=\"\" \/><\/figure>\n\n\n\n<figure class=\"wp-block-image\"><img decoding=\"async\" src=\"https:\/\/terrasdebasto.pt\/c5818063-5f9b-4b69-9d3b-3da970925d74\" alt=\"\" \/><\/figure>\n\n\n\n<figure class=\"wp-block-image\"><img decoding=\"async\" src=\"https:\/\/terrasdebasto.pt\/a3781bb2-bc21-4b03-b650-f1e96a55b577\" alt=\"\" \/><\/figure>\n\n\n\n<figure class=\"wp-block-image\"><img decoding=\"async\" src=\"https:\/\/terrasdebasto.pt\/d8922c07-c88a-4d88-b9bb-af4e7f6cb305\" alt=\"\" \/><\/figure>\n\n\n\n<figure class=\"wp-block-image\"><img decoding=\"async\" src=\"https:\/\/terrasdebasto.pt\/f19e922b-79d4-46c1-8eb0-35a1ec321ab9\" alt=\"\" \/><\/figure>\n\n\n\n<figure class=\"wp-block-image\"><img decoding=\"async\" src=\"https:\/\/terrasdebasto.pt\/a6ffee07-1ec5-4050-9fb6-afb00426bfe8\" alt=\"\" \/><\/figure>\n\n\n\n<figure class=\"wp-block-image\"><img decoding=\"async\" src=\"https:\/\/terrasdebasto.pt\/25edf969-c46c-41df-a9e6-3b6d7e435485\" alt=\"\" \/><\/figure>\n<\/figure>\n","protected":false},"excerpt":{"rendered":"<p>A Feira de Santa Catarina, feira franca de periodicidade anual organizada pelo Munic\u00edpio de Celorico de Basto, decorre este ano de 22 a 25 de novembro e inclui uma mostra gastron\u00f3mica e uma exposi\u00e7\u00e3o animal, pretendendo valorizar, assim, a gastronomia t\u00edpica e os vinhos do concelho, o turismo e o patrim\u00f3nio cultural. De acordo com [&hellip;]<\/p>\n","protected":false},"author":7,"featured_media":2921,"comment_status":"open","ping_status":"open","sticky":false,"template":"","format":"standard","meta":{"footnotes":""},"categories":[13,7,14],"tags":[40,628,629],"class_list":{"0":"post-2920","1":"post","2":"type-post","3":"status-publish","4":"format-standard","5":"has-post-thumbnail","7":"category-celorico-de-basto","8":"category-cultura","9":"category-gastronomia","10":"tag-celorico-de-basto","11":"tag-feira-de-santa-catarina","12":"tag-feira-franca"},"yoast_head":"<!-- This site is optimized with the Yoast SEO plugin v25.7 - https:\/\/yoast.com\/wordpress\/plugins\/seo\/ -->\n<title>A\u00ed est\u00e1 a Feira de Santa Catarina - Jornal Terras de Basto<\/title>\n<meta name=\"description\" content=\"A Feira de Santa Catarina, feira franca de periodicidade anual organizada pelo Munic\u00edpio de Celorico de Basto, decorre este ano de 22 a 25 de novembro e inclui uma mostra gastron\u00f3mica e uma exposi\u00e7\u00e3o animal, pretendendo valorizar, assim, a gastronomia t\u00edpica e os vinhos do concelho, o turismo e o patrim\u00f3nio cultural.\" \/>\n<meta name=\"robots\" content=\"index, follow, max-snippet:-1, max-image-preview:large, max-video-preview:-1\" \/>\n<link rel=\"canonical\" href=\"https:\/\/terrasdebasto.pt\/?p=2920\" \/>\n<meta property=\"og:locale\" content=\"pt_PT\" \/>\n<meta property=\"og:type\" content=\"article\" \/>\n<meta property=\"og:title\" content=\"A\u00ed est\u00e1 a Feira de Santa Catarina - Jornal Terras de Basto\" \/>\n<meta property=\"og:description\" content=\"A Feira de Santa Catarina, feira franca de periodicidade anual organizada pelo Munic\u00edpio de Celorico de Basto, decorre este ano de 22 a 25 de novembro e inclui uma mostra gastron\u00f3mica e uma exposi\u00e7\u00e3o animal, pretendendo valorizar, assim, a gastronomia t\u00edpica e os vinhos do concelho, o turismo e o patrim\u00f3nio cultural.\" \/>\n<meta property=\"og:url\" content=\"https:\/\/terrasdebasto.pt\/?p=2920\" \/>\n<meta property=\"og:site_name\" content=\"Jornal Terras de Basto\" \/>\n<meta property=\"article:published_time\" content=\"2024-11-06T23:46:49+00:00\" \/>\n<meta property=\"article:modified_time\" content=\"2024-11-06T23:46:51+00:00\" \/>\n<meta property=\"og:image\" content=\"https:\/\/terrasdebasto.pt\/wp-content\/uploads\/2024\/11\/99.jpg\" \/>\n\t<meta property=\"og:image:width\" content=\"2048\" \/>\n\t<meta property=\"og:image:height\" content=\"2048\" \/>\n\t<meta property=\"og:image:type\" content=\"image\/jpeg\" \/>\n<meta name=\"author\" content=\"Jo\u00e3o Paulo Mesquita\" \/>\n<meta name=\"twitter:card\" content=\"summary_large_image\" \/>\n<meta name=\"twitter:label1\" content=\"Escrito por\" \/>\n\t<meta name=\"twitter:data1\" content=\"Jo\u00e3o Paulo Mesquita\" \/>\n\t<meta name=\"twitter:label2\" content=\"Tempo estimado de leitura\" \/>\n\t<meta name=\"twitter:data2\" content=\"4 minutos\" \/>\n<script type=\"application\/ld+json\" class=\"yoast-schema-graph\">{\"@context\":\"https:\/\/schema.org\",\"@graph\":[{\"@type\":\"Article\",\"@id\":\"https:\/\/terrasdebasto.pt\/?p=2920#article\",\"isPartOf\":{\"@id\":\"https:\/\/terrasdebasto.pt\/?p=2920\"},\"author\":{\"name\":\"Jo\u00e3o Paulo Mesquita\",\"@id\":\"https:\/\/terrasdebasto.pt\/#\/schema\/person\/9f6739f5394ac65c802641773b278b84\"},\"headline\":\"A\u00ed est\u00e1 a Feira de Santa Catarina\",\"datePublished\":\"2024-11-06T23:46:49+00:00\",\"dateModified\":\"2024-11-06T23:46:51+00:00\",\"mainEntityOfPage\":{\"@id\":\"https:\/\/terrasdebasto.pt\/?p=2920\"},\"wordCount\":293,\"commentCount\":0,\"publisher\":{\"@id\":\"https:\/\/terrasdebasto.pt\/#organization\"},\"image\":{\"@id\":\"https:\/\/terrasdebasto.pt\/?p=2920#primaryimage\"},\"thumbnailUrl\":\"https:\/\/terrasdebasto.pt\/wp-content\/uploads\/2024\/11\/99.jpg\",\"keywords\":[\"Celorico de Basto\",\"Feira de Santa Catarina\",\"Feira Franca\"],\"articleSection\":[\"Celorico de Basto\",\"Cultura\",\"Gastronomia\"],\"inLanguage\":\"pt-PT\",\"potentialAction\":[{\"@type\":\"CommentAction\",\"name\":\"Comment\",\"target\":[\"https:\/\/terrasdebasto.pt\/?p=2920#respond\"]}]},{\"@type\":\"WebPage\",\"@id\":\"https:\/\/terrasdebasto.pt\/?p=2920\",\"url\":\"https:\/\/terrasdebasto.pt\/?p=2920\",\"name\":\"A\u00ed est\u00e1 a Feira de Santa Catarina - Jornal Terras de Basto\",\"isPartOf\":{\"@id\":\"https:\/\/terrasdebasto.pt\/#website\"},\"primaryImageOfPage\":{\"@id\":\"https:\/\/terrasdebasto.pt\/?p=2920#primaryimage\"},\"image\":{\"@id\":\"https:\/\/terrasdebasto.pt\/?p=2920#primaryimage\"},\"thumbnailUrl\":\"https:\/\/terrasdebasto.pt\/wp-content\/uploads\/2024\/11\/99.jpg\",\"datePublished\":\"2024-11-06T23:46:49+00:00\",\"dateModified\":\"2024-11-06T23:46:51+00:00\",\"description\":\"A Feira de Santa Catarina, feira franca de periodicidade anual organizada pelo Munic\u00edpio de Celorico de Basto, decorre este ano de 22 a 25 de novembro e inclui uma mostra gastron\u00f3mica e uma exposi\u00e7\u00e3o animal, pretendendo valorizar, assim, a gastronomia t\u00edpica e os vinhos do concelho, o turismo e o patrim\u00f3nio cultural.\",\"breadcrumb\":{\"@id\":\"https:\/\/terrasdebasto.pt\/?p=2920#breadcrumb\"},\"inLanguage\":\"pt-PT\",\"potentialAction\":[{\"@type\":\"ReadAction\",\"target\":[\"https:\/\/terrasdebasto.pt\/?p=2920\"]}]},{\"@type\":\"ImageObject\",\"inLanguage\":\"pt-PT\",\"@id\":\"https:\/\/terrasdebasto.pt\/?p=2920#primaryimage\",\"url\":\"https:\/\/terrasdebasto.pt\/wp-content\/uploads\/2024\/11\/99.jpg\",\"contentUrl\":\"https:\/\/terrasdebasto.pt\/wp-content\/uploads\/2024\/11\/99.jpg\",\"width\":2048,\"height\":2048},{\"@type\":\"BreadcrumbList\",\"@id\":\"https:\/\/terrasdebasto.pt\/?p=2920#breadcrumb\",\"itemListElement\":[{\"@type\":\"ListItem\",\"position\":1,\"name\":\"In\u00edcio\",\"item\":\"https:\/\/terrasdebasto.pt\/\"},{\"@type\":\"ListItem\",\"position\":2,\"name\":\"A\u00ed est\u00e1 a Feira de Santa Catarina\"}]},{\"@type\":\"WebSite\",\"@id\":\"https:\/\/terrasdebasto.pt\/#website\",\"url\":\"https:\/\/terrasdebasto.pt\/\",\"name\":\"Jornal Terras de Basto\",\"description\":\"\",\"publisher\":{\"@id\":\"https:\/\/terrasdebasto.pt\/#organization\"},\"potentialAction\":[{\"@type\":\"SearchAction\",\"target\":{\"@type\":\"EntryPoint\",\"urlTemplate\":\"https:\/\/terrasdebasto.pt\/?s={search_term_string}\"},\"query-input\":{\"@type\":\"PropertyValueSpecification\",\"valueRequired\":true,\"valueName\":\"search_term_string\"}}],\"inLanguage\":\"pt-PT\"},{\"@type\":\"Organization\",\"@id\":\"https:\/\/terrasdebasto.pt\/#organization\",\"name\":\"Jornal Terras de Basto\",\"url\":\"https:\/\/terrasdebasto.pt\/\",\"logo\":{\"@type\":\"ImageObject\",\"inLanguage\":\"pt-PT\",\"@id\":\"https:\/\/terrasdebasto.pt\/#\/schema\/logo\/image\/\",\"url\":\"https:\/\/terrasdebasto.pt\/wp-content\/uploads\/2024\/06\/LogoNormal.png\",\"contentUrl\":\"https:\/\/terrasdebasto.pt\/wp-content\/uploads\/2024\/06\/LogoNormal.png\",\"width\":5638,\"height\":809,\"caption\":\"Jornal Terras de Basto\"},\"image\":{\"@id\":\"https:\/\/terrasdebasto.pt\/#\/schema\/logo\/image\/\"}},{\"@type\":\"Person\",\"@id\":\"https:\/\/terrasdebasto.pt\/#\/schema\/person\/9f6739f5394ac65c802641773b278b84\",\"name\":\"Jo\u00e3o Paulo Mesquita\",\"image\":{\"@type\":\"ImageObject\",\"inLanguage\":\"pt-PT\",\"@id\":\"https:\/\/terrasdebasto.pt\/#\/schema\/person\/image\/\",\"url\":\"https:\/\/secure.gravatar.com\/avatar\/9bd0f299e6d96336664aab64354168246a3ee3287c47891c50d450e47ed9d7f9?s=96&d=mm&r=g\",\"contentUrl\":\"https:\/\/secure.gravatar.com\/avatar\/9bd0f299e6d96336664aab64354168246a3ee3287c47891c50d450e47ed9d7f9?s=96&d=mm&r=g\",\"caption\":\"Jo\u00e3o Paulo Mesquita\"},\"url\":\"https:\/\/terrasdebasto.pt\/?author=7\"}]}<\/script>\n<!-- \/ Yoast SEO plugin. -->","yoast_head_json":{"title":"A\u00ed est\u00e1 a Feira de Santa Catarina - Jornal Terras de Basto","description":"A Feira de Santa Catarina, feira franca de periodicidade anual organizada pelo Munic\u00edpio de Celorico de Basto, decorre este ano de 22 a 25 de novembro e inclui uma mostra gastron\u00f3mica e uma exposi\u00e7\u00e3o animal, pretendendo valorizar, assim, a gastronomia t\u00edpica e os vinhos do concelho, o turismo e o patrim\u00f3nio cultural.","robots":{"index":"index","follow":"follow","max-snippet":"max-snippet:-1","max-image-preview":"max-image-preview:large","max-video-preview":"max-video-preview:-1"},"canonical":"https:\/\/terrasdebasto.pt\/?p=2920","og_locale":"pt_PT","og_type":"article","og_title":"A\u00ed est\u00e1 a Feira de Santa Catarina - Jornal Terras de Basto","og_description":"A Feira de Santa Catarina, feira franca de periodicidade anual organizada pelo Munic\u00edpio de Celorico de Basto, decorre este ano de 22 a 25 de novembro e inclui uma mostra gastron\u00f3mica e uma exposi\u00e7\u00e3o animal, pretendendo valorizar, assim, a gastronomia t\u00edpica e os vinhos do concelho, o turismo e o patrim\u00f3nio cultural.","og_url":"https:\/\/terrasdebasto.pt\/?p=2920","og_site_name":"Jornal Terras de Basto","article_published_time":"2024-11-06T23:46:49+00:00","article_modified_time":"2024-11-06T23:46:51+00:00","og_image":[{"width":2048,"height":2048,"url":"https:\/\/terrasdebasto.pt\/wp-content\/uploads\/2024\/11\/99.jpg","type":"image\/jpeg"}],"author":"Jo\u00e3o Paulo Mesquita","twitter_card":"summary_large_image","twitter_misc":{"Escrito por":"Jo\u00e3o Paulo Mesquita","Tempo estimado de leitura":"4 minutos"},"schema":{"@context":"https:\/\/schema.org","@graph":[{"@type":"Article","@id":"https:\/\/terrasdebasto.pt\/?p=2920#article","isPartOf":{"@id":"https:\/\/terrasdebasto.pt\/?p=2920"},"author":{"name":"Jo\u00e3o Paulo Mesquita","@id":"https:\/\/terrasdebasto.pt\/#\/schema\/person\/9f6739f5394ac65c802641773b278b84"},"headline":"A\u00ed est\u00e1 a Feira de Santa Catarina","datePublished":"2024-11-06T23:46:49+00:00","dateModified":"2024-11-06T23:46:51+00:00","mainEntityOfPage":{"@id":"https:\/\/terrasdebasto.pt\/?p=2920"},"wordCount":293,"commentCount":0,"publisher":{"@id":"https:\/\/terrasdebasto.pt\/#organization"},"image":{"@id":"https:\/\/terrasdebasto.pt\/?p=2920#primaryimage"},"thumbnailUrl":"https:\/\/terrasdebasto.pt\/wp-content\/uploads\/2024\/11\/99.jpg","keywords":["Celorico de Basto","Feira de Santa Catarina","Feira Franca"],"articleSection":["Celorico de Basto","Cultura","Gastronomia"],"inLanguage":"pt-PT","potentialAction":[{"@type":"CommentAction","name":"Comment","target":["https:\/\/terrasdebasto.pt\/?p=2920#respond"]}]},{"@type":"WebPage","@id":"https:\/\/terrasdebasto.pt\/?p=2920","url":"https:\/\/terrasdebasto.pt\/?p=2920","name":"A\u00ed est\u00e1 a Feira de Santa Catarina - Jornal Terras de Basto","isPartOf":{"@id":"https:\/\/terrasdebasto.pt\/#website"},"primaryImageOfPage":{"@id":"https:\/\/terrasdebasto.pt\/?p=2920#primaryimage"},"image":{"@id":"https:\/\/terrasdebasto.pt\/?p=2920#primaryimage"},"thumbnailUrl":"https:\/\/terrasdebasto.pt\/wp-content\/uploads\/2024\/11\/99.jpg","datePublished":"2024-11-06T23:46:49+00:00","dateModified":"2024-11-06T23:46:51+00:00","description":"A Feira de Santa Catarina, feira franca de periodicidade anual organizada pelo Munic\u00edpio de Celorico de Basto, decorre este ano de 22 a 25 de novembro e inclui uma mostra gastron\u00f3mica e uma exposi\u00e7\u00e3o animal, pretendendo valorizar, assim, a gastronomia t\u00edpica e os vinhos do concelho, o turismo e o patrim\u00f3nio cultural.","breadcrumb":{"@id":"https:\/\/terrasdebasto.pt\/?p=2920#breadcrumb"},"inLanguage":"pt-PT","potentialAction":[{"@type":"ReadAction","target":["https:\/\/terrasdebasto.pt\/?p=2920"]}]},{"@type":"ImageObject","inLanguage":"pt-PT","@id":"https:\/\/terrasdebasto.pt\/?p=2920#primaryimage","url":"https:\/\/terrasdebasto.pt\/wp-content\/uploads\/2024\/11\/99.jpg","contentUrl":"https:\/\/terrasdebasto.pt\/wp-content\/uploads\/2024\/11\/99.jpg","width":2048,"height":2048},{"@type":"BreadcrumbList","@id":"https:\/\/terrasdebasto.pt\/?p=2920#breadcrumb","itemListElement":[{"@type":"ListItem","position":1,"name":"In\u00edcio","item":"https:\/\/terrasdebasto.pt\/"},{"@type":"ListItem","position":2,"name":"A\u00ed est\u00e1 a Feira de Santa Catarina"}]},{"@type":"WebSite","@id":"https:\/\/terrasdebasto.pt\/#website","url":"https:\/\/terrasdebasto.pt\/","name":"Jornal Terras de Basto","description":"","publisher":{"@id":"https:\/\/terrasdebasto.pt\/#organization"},"potentialAction":[{"@type":"SearchAction","target":{"@type":"EntryPoint","urlTemplate":"https:\/\/terrasdebasto.pt\/?s={search_term_string}"},"query-input":{"@type":"PropertyValueSpecification","valueRequired":true,"valueName":"search_term_string"}}],"inLanguage":"pt-PT"},{"@type":"Organization","@id":"https:\/\/terrasdebasto.pt\/#organization","name":"Jornal Terras de Basto","url":"https:\/\/terrasdebasto.pt\/","logo":{"@type":"ImageObject","inLanguage":"pt-PT","@id":"https:\/\/terrasdebasto.pt\/#\/schema\/logo\/image\/","url":"https:\/\/terrasdebasto.pt\/wp-content\/uploads\/2024\/06\/LogoNormal.png","contentUrl":"https:\/\/terrasdebasto.pt\/wp-content\/uploads\/2024\/06\/LogoNormal.png","width":5638,"height":809,"caption":"Jornal Terras de Basto"},"image":{"@id":"https:\/\/terrasdebasto.pt\/#\/schema\/logo\/image\/"}},{"@type":"Person","@id":"https:\/\/terrasdebasto.pt\/#\/schema\/person\/9f6739f5394ac65c802641773b278b84","name":"Jo\u00e3o Paulo Mesquita","image":{"@type":"ImageObject","inLanguage":"pt-PT","@id":"https:\/\/terrasdebasto.pt\/#\/schema\/person\/image\/","url":"https:\/\/secure.gravatar.com\/avatar\/9bd0f299e6d96336664aab64354168246a3ee3287c47891c50d450e47ed9d7f9?s=96&d=mm&r=g","contentUrl":"https:\/\/secure.gravatar.com\/avatar\/9bd0f299e6d96336664aab64354168246a3ee3287c47891c50d450e47ed9d7f9?s=96&d=mm&r=g","caption":"Jo\u00e3o Paulo Mesquita"},"url":"https:\/\/terrasdebasto.pt\/?author=7"}]}},"_links":{"self":[{"href":"https:\/\/terrasdebasto.pt\/index.php?rest_route=\/wp\/v2\/posts\/2920","targetHints":{"allow":["GET"]}}],"collection":[{"href":"https:\/\/terrasdebasto.pt\/index.php?rest_route=\/wp\/v2\/posts"}],"about":[{"href":"https:\/\/terrasdebasto.pt\/index.php?rest_route=\/wp\/v2\/types\/post"}],"author":[{"embeddable":true,"href":"https:\/\/terrasdebasto.pt\/index.php?rest_route=\/wp\/v2\/users\/7"}],"replies":[{"embeddable":true,"href":"https:\/\/terrasdebasto.pt\/index.php?rest_route=%2Fwp%2Fv2%2Fcomments&post=2920"}],"version-history":[{"count":1,"href":"https:\/\/terrasdebasto.pt\/index.php?rest_route=\/wp\/v2\/posts\/2920\/revisions"}],"predecessor-version":[{"id":2932,"href":"https:\/\/terrasdebasto.pt\/index.php?rest_route=\/wp\/v2\/posts\/2920\/revisions\/2932"}],"wp:featuredmedia":[{"embeddable":true,"href":"https:\/\/terrasdebasto.pt\/index.php?rest_route=\/wp\/v2\/media\/2921"}],"wp:attachment":[{"href":"https:\/\/terrasdebasto.pt\/index.php?rest_route=%2Fwp%2Fv2%2Fmedia&parent=2920"}],"wp:term":[{"taxonomy":"category","embeddable":true,"href":"https:\/\/terrasdebasto.pt\/index.php?rest_route=%2Fwp%2Fv2%2Fcategories&post=2920"},{"taxonomy":"post_tag","embeddable":true,"href":"https:\/\/terrasdebasto.pt\/index.php?rest_route=%2Fwp%2Fv2%2Ftags&post=2920"}],"curies":[{"name":"wp","href":"https:\/\/api.w.org\/{rel}","templated":true}]}}