{"id":2917,"date":"2024-11-06T23:23:26","date_gmt":"2024-11-06T23:23:26","guid":{"rendered":"https:\/\/terrasdebasto.pt\/?p=2917"},"modified":"2024-11-06T23:23:26","modified_gmt":"2024-11-06T23:23:26","slug":"homem-detido-por-violencia-domestica","status":"publish","type":"post","link":"https:\/\/terrasdebasto.pt\/?p=2917","title":{"rendered":"Homem detido por viol\u00eancia dom\u00e9stica"},"content":{"rendered":"\n<p><strong>Um homem, de 48 anos, foi detido esta ter\u00e7a-feira (5), pela GNR, em Cabeceiras de Basto, por alegada viol\u00eancia dom\u00e9stica, anunciou aquela for\u00e7a militar.<\/strong><\/p>\n\n\n\n<p>\u00abNo \u00e2mbito de uma investiga\u00e7\u00e3o de viol\u00eancia dom\u00e9stica, os militares da Guarda realizaram dilig\u00eancias policiais que permitiram apurar que o suspeito amea\u00e7ava a v\u00edtima, sua ex-companheira, de 44 anos, com recurso a arma de fogo\u00bb, <a><\/a>adiantou em comunicado.<\/p>\n\n\n\n<p>Segundo a GNR, no decurso da investiga\u00e7\u00e3o, foi dado cumprimento a um mandado de deten\u00e7\u00e3o fora de flagrante delito, a dois mandados de busca domicili\u00e1ria e a um mandado de busca em ve\u00edculo.<\/p>\n\n\n\n<p>A a\u00e7\u00e3o culminou na apreens\u00e3o de duas armas de fogo, uma arma de ar comprimido, 153 cartuchos e 150 chumbos.<\/p>\n\n\n\n<p>\u00abO suspeito foi detido e os factos foram comunicados ao Tribunal Judicial de Guimar\u00e3es\u00bb, disse ainda. [Redacao]<\/p>\n","protected":false},"excerpt":{"rendered":"<p>Um homem, de 48 anos, foi detido esta ter\u00e7a-feira (5), pela GNR, em Cabeceiras de Basto, por alegada viol\u00eancia dom\u00e9stica, anunciou aquela for\u00e7a militar. \u00abNo \u00e2mbito de uma investiga\u00e7\u00e3o de viol\u00eancia dom\u00e9stica, os militares da Guarda realizaram dilig\u00eancias policiais que permitiram apurar que o suspeito amea\u00e7ava a v\u00edtima, sua ex-companheira, de 44 anos, com recurso [&hellip;]<\/p>\n","protected":false},"author":7,"featured_media":2918,"comment_status":"open","ping_status":"open","sticky":false,"template":"","format":"standard","meta":{"footnotes":""},"categories":[12],"tags":[29,626,627],"class_list":{"0":"post-2917","1":"post","2":"type-post","3":"status-publish","4":"format-standard","5":"has-post-thumbnail","7":"category-cabeceiras-de-basto","8":"tag-cabeceiras-de-basto","9":"tag-gnr","10":"tag-violencia-domestica"},"yoast_head":"<!-- This site is optimized with the Yoast SEO plugin v25.7 - https:\/\/yoast.com\/wordpress\/plugins\/seo\/ -->\n<title>Homem detido por viol\u00eancia dom\u00e9stica - Jornal Terras de Basto<\/title>\n<meta name=\"description\" content=\"Um homem, de 48 anos, foi detido esta ter\u00e7a-feira (5), pela GNR, em Cabeceiras de Basto, por alegada viol\u00eancia dom\u00e9stica, anunciou aquela for\u00e7a militar.\" \/>\n<meta name=\"robots\" content=\"index, follow, max-snippet:-1, max-image-preview:large, max-video-preview:-1\" \/>\n<link rel=\"canonical\" href=\"https:\/\/terrasdebasto.pt\/?p=2917\" \/>\n<meta property=\"og:locale\" content=\"pt_PT\" \/>\n<meta property=\"og:type\" content=\"article\" \/>\n<meta property=\"og:title\" content=\"Homem detido por viol\u00eancia dom\u00e9stica - Jornal Terras de Basto\" \/>\n<meta property=\"og:description\" content=\"Um homem, de 48 anos, foi detido esta ter\u00e7a-feira (5), pela GNR, em Cabeceiras de Basto, por alegada viol\u00eancia dom\u00e9stica, anunciou aquela for\u00e7a militar.\" \/>\n<meta property=\"og:url\" content=\"https:\/\/terrasdebasto.pt\/?p=2917\" \/>\n<meta property=\"og:site_name\" content=\"Jornal Terras de Basto\" \/>\n<meta property=\"article:published_time\" content=\"2024-11-06T23:23:26+00:00\" \/>\n<meta property=\"og:image\" content=\"https:\/\/terrasdebasto.pt\/wp-content\/uploads\/2024\/11\/armas.jpg\" \/>\n\t<meta property=\"og:image:width\" content=\"962\" \/>\n\t<meta property=\"og:image:height\" content=\"591\" \/>\n\t<meta property=\"og:image:type\" content=\"image\/jpeg\" \/>\n<meta name=\"author\" content=\"Jo\u00e3o Paulo Mesquita\" \/>\n<meta name=\"twitter:card\" content=\"summary_large_image\" \/>\n<meta name=\"twitter:label1\" content=\"Escrito por\" \/>\n\t<meta name=\"twitter:data1\" content=\"Jo\u00e3o Paulo Mesquita\" \/>\n\t<meta name=\"twitter:label2\" content=\"Tempo estimado de leitura\" \/>\n\t<meta name=\"twitter:data2\" content=\"1 minuto\" \/>\n<script type=\"application\/ld+json\" class=\"yoast-schema-graph\">{\"@context\":\"https:\/\/schema.org\",\"@graph\":[{\"@type\":\"Article\",\"@id\":\"https:\/\/terrasdebasto.pt\/?p=2917#article\",\"isPartOf\":{\"@id\":\"https:\/\/terrasdebasto.pt\/?p=2917\"},\"author\":{\"name\":\"Jo\u00e3o Paulo Mesquita\",\"@id\":\"https:\/\/terrasdebasto.pt\/#\/schema\/person\/9f6739f5394ac65c802641773b278b84\"},\"headline\":\"Homem detido por viol\u00eancia dom\u00e9stica\",\"datePublished\":\"2024-11-06T23:23:26+00:00\",\"mainEntityOfPage\":{\"@id\":\"https:\/\/terrasdebasto.pt\/?p=2917\"},\"wordCount\":151,\"commentCount\":0,\"publisher\":{\"@id\":\"https:\/\/terrasdebasto.pt\/#organization\"},\"image\":{\"@id\":\"https:\/\/terrasdebasto.pt\/?p=2917#primaryimage\"},\"thumbnailUrl\":\"https:\/\/terrasdebasto.pt\/wp-content\/uploads\/2024\/11\/armas.jpg\",\"keywords\":[\"Cabeceiras de Basto\",\"GNR\",\"Viol\u00eancia Dom\u00e9stica\"],\"articleSection\":[\"Cabeceiras de Basto\"],\"inLanguage\":\"pt-PT\",\"potentialAction\":[{\"@type\":\"CommentAction\",\"name\":\"Comment\",\"target\":[\"https:\/\/terrasdebasto.pt\/?p=2917#respond\"]}]},{\"@type\":\"WebPage\",\"@id\":\"https:\/\/terrasdebasto.pt\/?p=2917\",\"url\":\"https:\/\/terrasdebasto.pt\/?p=2917\",\"name\":\"Homem detido por viol\u00eancia dom\u00e9stica - Jornal Terras de Basto\",\"isPartOf\":{\"@id\":\"https:\/\/terrasdebasto.pt\/#website\"},\"primaryImageOfPage\":{\"@id\":\"https:\/\/terrasdebasto.pt\/?p=2917#primaryimage\"},\"image\":{\"@id\":\"https:\/\/terrasdebasto.pt\/?p=2917#primaryimage\"},\"thumbnailUrl\":\"https:\/\/terrasdebasto.pt\/wp-content\/uploads\/2024\/11\/armas.jpg\",\"datePublished\":\"2024-11-06T23:23:26+00:00\",\"description\":\"Um homem, de 48 anos, foi detido esta ter\u00e7a-feira (5), pela GNR, em Cabeceiras de Basto, por alegada viol\u00eancia dom\u00e9stica, anunciou aquela for\u00e7a militar.\",\"breadcrumb\":{\"@id\":\"https:\/\/terrasdebasto.pt\/?p=2917#breadcrumb\"},\"inLanguage\":\"pt-PT\",\"potentialAction\":[{\"@type\":\"ReadAction\",\"target\":[\"https:\/\/terrasdebasto.pt\/?p=2917\"]}]},{\"@type\":\"ImageObject\",\"inLanguage\":\"pt-PT\",\"@id\":\"https:\/\/terrasdebasto.pt\/?p=2917#primaryimage\",\"url\":\"https:\/\/terrasdebasto.pt\/wp-content\/uploads\/2024\/11\/armas.jpg\",\"contentUrl\":\"https:\/\/terrasdebasto.pt\/wp-content\/uploads\/2024\/11\/armas.jpg\",\"width\":962,\"height\":591},{\"@type\":\"BreadcrumbList\",\"@id\":\"https:\/\/terrasdebasto.pt\/?p=2917#breadcrumb\",\"itemListElement\":[{\"@type\":\"ListItem\",\"position\":1,\"name\":\"In\u00edcio\",\"item\":\"https:\/\/terrasdebasto.pt\/\"},{\"@type\":\"ListItem\",\"position\":2,\"name\":\"Homem detido por viol\u00eancia dom\u00e9stica\"}]},{\"@type\":\"WebSite\",\"@id\":\"https:\/\/terrasdebasto.pt\/#website\",\"url\":\"https:\/\/terrasdebasto.pt\/\",\"name\":\"Jornal Terras de Basto\",\"description\":\"\",\"publisher\":{\"@id\":\"https:\/\/terrasdebasto.pt\/#organization\"},\"potentialAction\":[{\"@type\":\"SearchAction\",\"target\":{\"@type\":\"EntryPoint\",\"urlTemplate\":\"https:\/\/terrasdebasto.pt\/?s={search_term_string}\"},\"query-input\":{\"@type\":\"PropertyValueSpecification\",\"valueRequired\":true,\"valueName\":\"search_term_string\"}}],\"inLanguage\":\"pt-PT\"},{\"@type\":\"Organization\",\"@id\":\"https:\/\/terrasdebasto.pt\/#organization\",\"name\":\"Jornal Terras de Basto\",\"url\":\"https:\/\/terrasdebasto.pt\/\",\"logo\":{\"@type\":\"ImageObject\",\"inLanguage\":\"pt-PT\",\"@id\":\"https:\/\/terrasdebasto.pt\/#\/schema\/logo\/image\/\",\"url\":\"https:\/\/terrasdebasto.pt\/wp-content\/uploads\/2024\/06\/LogoNormal.png\",\"contentUrl\":\"https:\/\/terrasdebasto.pt\/wp-content\/uploads\/2024\/06\/LogoNormal.png\",\"width\":5638,\"height\":809,\"caption\":\"Jornal Terras de Basto\"},\"image\":{\"@id\":\"https:\/\/terrasdebasto.pt\/#\/schema\/logo\/image\/\"}},{\"@type\":\"Person\",\"@id\":\"https:\/\/terrasdebasto.pt\/#\/schema\/person\/9f6739f5394ac65c802641773b278b84\",\"name\":\"Jo\u00e3o Paulo Mesquita\",\"image\":{\"@type\":\"ImageObject\",\"inLanguage\":\"pt-PT\",\"@id\":\"https:\/\/terrasdebasto.pt\/#\/schema\/person\/image\/\",\"url\":\"https:\/\/secure.gravatar.com\/avatar\/9bd0f299e6d96336664aab64354168246a3ee3287c47891c50d450e47ed9d7f9?s=96&d=mm&r=g\",\"contentUrl\":\"https:\/\/secure.gravatar.com\/avatar\/9bd0f299e6d96336664aab64354168246a3ee3287c47891c50d450e47ed9d7f9?s=96&d=mm&r=g\",\"caption\":\"Jo\u00e3o Paulo Mesquita\"},\"url\":\"https:\/\/terrasdebasto.pt\/?author=7\"}]}<\/script>\n<!-- \/ Yoast SEO plugin. -->","yoast_head_json":{"title":"Homem detido por viol\u00eancia dom\u00e9stica - Jornal Terras de Basto","description":"Um homem, de 48 anos, foi detido esta ter\u00e7a-feira (5), pela GNR, em Cabeceiras de Basto, por alegada viol\u00eancia dom\u00e9stica, anunciou aquela for\u00e7a militar.","robots":{"index":"index","follow":"follow","max-snippet":"max-snippet:-1","max-image-preview":"max-image-preview:large","max-video-preview":"max-video-preview:-1"},"canonical":"https:\/\/terrasdebasto.pt\/?p=2917","og_locale":"pt_PT","og_type":"article","og_title":"Homem detido por viol\u00eancia dom\u00e9stica - Jornal Terras de Basto","og_description":"Um homem, de 48 anos, foi detido esta ter\u00e7a-feira (5), pela GNR, em Cabeceiras de Basto, por alegada viol\u00eancia dom\u00e9stica, anunciou aquela for\u00e7a militar.","og_url":"https:\/\/terrasdebasto.pt\/?p=2917","og_site_name":"Jornal Terras de Basto","article_published_time":"2024-11-06T23:23:26+00:00","og_image":[{"width":962,"height":591,"url":"https:\/\/terrasdebasto.pt\/wp-content\/uploads\/2024\/11\/armas.jpg","type":"image\/jpeg"}],"author":"Jo\u00e3o Paulo Mesquita","twitter_card":"summary_large_image","twitter_misc":{"Escrito por":"Jo\u00e3o Paulo Mesquita","Tempo estimado de leitura":"1 minuto"},"schema":{"@context":"https:\/\/schema.org","@graph":[{"@type":"Article","@id":"https:\/\/terrasdebasto.pt\/?p=2917#article","isPartOf":{"@id":"https:\/\/terrasdebasto.pt\/?p=2917"},"author":{"name":"Jo\u00e3o Paulo Mesquita","@id":"https:\/\/terrasdebasto.pt\/#\/schema\/person\/9f6739f5394ac65c802641773b278b84"},"headline":"Homem detido por viol\u00eancia dom\u00e9stica","datePublished":"2024-11-06T23:23:26+00:00","mainEntityOfPage":{"@id":"https:\/\/terrasdebasto.pt\/?p=2917"},"wordCount":151,"commentCount":0,"publisher":{"@id":"https:\/\/terrasdebasto.pt\/#organization"},"image":{"@id":"https:\/\/terrasdebasto.pt\/?p=2917#primaryimage"},"thumbnailUrl":"https:\/\/terrasdebasto.pt\/wp-content\/uploads\/2024\/11\/armas.jpg","keywords":["Cabeceiras de Basto","GNR","Viol\u00eancia Dom\u00e9stica"],"articleSection":["Cabeceiras de Basto"],"inLanguage":"pt-PT","potentialAction":[{"@type":"CommentAction","name":"Comment","target":["https:\/\/terrasdebasto.pt\/?p=2917#respond"]}]},{"@type":"WebPage","@id":"https:\/\/terrasdebasto.pt\/?p=2917","url":"https:\/\/terrasdebasto.pt\/?p=2917","name":"Homem detido por viol\u00eancia dom\u00e9stica - Jornal Terras de Basto","isPartOf":{"@id":"https:\/\/terrasdebasto.pt\/#website"},"primaryImageOfPage":{"@id":"https:\/\/terrasdebasto.pt\/?p=2917#primaryimage"},"image":{"@id":"https:\/\/terrasdebasto.pt\/?p=2917#primaryimage"},"thumbnailUrl":"https:\/\/terrasdebasto.pt\/wp-content\/uploads\/2024\/11\/armas.jpg","datePublished":"2024-11-06T23:23:26+00:00","description":"Um homem, de 48 anos, foi detido esta ter\u00e7a-feira (5), pela GNR, em Cabeceiras de Basto, por alegada viol\u00eancia dom\u00e9stica, anunciou aquela for\u00e7a militar.","breadcrumb":{"@id":"https:\/\/terrasdebasto.pt\/?p=2917#breadcrumb"},"inLanguage":"pt-PT","potentialAction":[{"@type":"ReadAction","target":["https:\/\/terrasdebasto.pt\/?p=2917"]}]},{"@type":"ImageObject","inLanguage":"pt-PT","@id":"https:\/\/terrasdebasto.pt\/?p=2917#primaryimage","url":"https:\/\/terrasdebasto.pt\/wp-content\/uploads\/2024\/11\/armas.jpg","contentUrl":"https:\/\/terrasdebasto.pt\/wp-content\/uploads\/2024\/11\/armas.jpg","width":962,"height":591},{"@type":"BreadcrumbList","@id":"https:\/\/terrasdebasto.pt\/?p=2917#breadcrumb","itemListElement":[{"@type":"ListItem","position":1,"name":"In\u00edcio","item":"https:\/\/terrasdebasto.pt\/"},{"@type":"ListItem","position":2,"name":"Homem detido por viol\u00eancia dom\u00e9stica"}]},{"@type":"WebSite","@id":"https:\/\/terrasdebasto.pt\/#website","url":"https:\/\/terrasdebasto.pt\/","name":"Jornal Terras de Basto","description":"","publisher":{"@id":"https:\/\/terrasdebasto.pt\/#organization"},"potentialAction":[{"@type":"SearchAction","target":{"@type":"EntryPoint","urlTemplate":"https:\/\/terrasdebasto.pt\/?s={search_term_string}"},"query-input":{"@type":"PropertyValueSpecification","valueRequired":true,"valueName":"search_term_string"}}],"inLanguage":"pt-PT"},{"@type":"Organization","@id":"https:\/\/terrasdebasto.pt\/#organization","name":"Jornal Terras de Basto","url":"https:\/\/terrasdebasto.pt\/","logo":{"@type":"ImageObject","inLanguage":"pt-PT","@id":"https:\/\/terrasdebasto.pt\/#\/schema\/logo\/image\/","url":"https:\/\/terrasdebasto.pt\/wp-content\/uploads\/2024\/06\/LogoNormal.png","contentUrl":"https:\/\/terrasdebasto.pt\/wp-content\/uploads\/2024\/06\/LogoNormal.png","width":5638,"height":809,"caption":"Jornal Terras de Basto"},"image":{"@id":"https:\/\/terrasdebasto.pt\/#\/schema\/logo\/image\/"}},{"@type":"Person","@id":"https:\/\/terrasdebasto.pt\/#\/schema\/person\/9f6739f5394ac65c802641773b278b84","name":"Jo\u00e3o Paulo Mesquita","image":{"@type":"ImageObject","inLanguage":"pt-PT","@id":"https:\/\/terrasdebasto.pt\/#\/schema\/person\/image\/","url":"https:\/\/secure.gravatar.com\/avatar\/9bd0f299e6d96336664aab64354168246a3ee3287c47891c50d450e47ed9d7f9?s=96&d=mm&r=g","contentUrl":"https:\/\/secure.gravatar.com\/avatar\/9bd0f299e6d96336664aab64354168246a3ee3287c47891c50d450e47ed9d7f9?s=96&d=mm&r=g","caption":"Jo\u00e3o Paulo Mesquita"},"url":"https:\/\/terrasdebasto.pt\/?author=7"}]}},"_links":{"self":[{"href":"https:\/\/terrasdebasto.pt\/index.php?rest_route=\/wp\/v2\/posts\/2917","targetHints":{"allow":["GET"]}}],"collection":[{"href":"https:\/\/terrasdebasto.pt\/index.php?rest_route=\/wp\/v2\/posts"}],"about":[{"href":"https:\/\/terrasdebasto.pt\/index.php?rest_route=\/wp\/v2\/types\/post"}],"author":[{"embeddable":true,"href":"https:\/\/terrasdebasto.pt\/index.php?rest_route=\/wp\/v2\/users\/7"}],"replies":[{"embeddable":true,"href":"https:\/\/terrasdebasto.pt\/index.php?rest_route=%2Fwp%2Fv2%2Fcomments&post=2917"}],"version-history":[{"count":1,"href":"https:\/\/terrasdebasto.pt\/index.php?rest_route=\/wp\/v2\/posts\/2917\/revisions"}],"predecessor-version":[{"id":2919,"href":"https:\/\/terrasdebasto.pt\/index.php?rest_route=\/wp\/v2\/posts\/2917\/revisions\/2919"}],"wp:featuredmedia":[{"embeddable":true,"href":"https:\/\/terrasdebasto.pt\/index.php?rest_route=\/wp\/v2\/media\/2918"}],"wp:attachment":[{"href":"https:\/\/terrasdebasto.pt\/index.php?rest_route=%2Fwp%2Fv2%2Fmedia&parent=2917"}],"wp:term":[{"taxonomy":"category","embeddable":true,"href":"https:\/\/terrasdebasto.pt\/index.php?rest_route=%2Fwp%2Fv2%2Fcategories&post=2917"},{"taxonomy":"post_tag","embeddable":true,"href":"https:\/\/terrasdebasto.pt\/index.php?rest_route=%2Fwp%2Fv2%2Ftags&post=2917"}],"curies":[{"name":"wp","href":"https:\/\/api.w.org\/{rel}","templated":true}]}}