{"id":2914,"date":"2024-11-06T23:09:36","date_gmt":"2024-11-06T23:09:36","guid":{"rendered":"https:\/\/terrasdebasto.pt\/?p=2914"},"modified":"2024-11-06T23:09:36","modified_gmt":"2024-11-06T23:09:36","slug":"celorico-sensibiliza-para-prevencao-da-diabetes","status":"publish","type":"post","link":"https:\/\/terrasdebasto.pt\/?p=2914","title":{"rendered":"Celorico sensibiliza para preven\u00e7\u00e3o da diabetes"},"content":{"rendered":"\n<p><strong>Fazer a preven\u00e7\u00e3o da diabetes a partir dos membros mais novos e mais velhos da comunidade \u00e9 aquilo a que se prop\u00f5e o Munic\u00edpio de Celorico de Basto na semana de 11 a 14 de novembro, aproveitando a evoca\u00e7\u00e3o do dia mundial da doen\u00e7a.<\/strong><\/p>\n\n\n\n<p>Vai envolver, assim, as crian\u00e7as e jovens do agrupamento escolar e os seniores que frequentam o programa \u201cCelorico a Mexer\u201d, a que junta os rastreios feitos na Unidade M\u00f3vel de Sa\u00fade.<\/p>\n\n\n\n<p>\u00abN\u00e3o podemos deixar de sensibilizar para uma doen\u00e7a, infelizmente muito frequente, que condiciona a vida das pessoas; esta sensibiliza\u00e7\u00e3o contribui positivamente para a mudan\u00e7a de comportamentos na nossa comunidade e melhora substancialmente a qualidade de vida de todos\u00bb, diz a vereadora da tutela, Maria Jos\u00e9 Marinho.<\/p>\n\n\n\n<p>As crian\u00e7as do agrupamento de escolas v\u00e3o desfrutar, neste contexto, de uma sobremesa saud\u00e1vel, com enfoque em v\u00e1rias frutas da \u00e9poca, apresentadas de forma l\u00fadica para potenciar o h\u00e1bito do seu consumo pelos mais pequenos.<\/p>\n\n\n\n<p>J\u00e1 os seniores do \u201cCelorico a Mexer\u201d v\u00e3o ser convidados a meter as \u201cm\u00e3os na massa\u201d e a preparar o seu pr\u00f3prio lanche saud\u00e1vel, \u00abcom o objetivo de ensinar receitas simples, mas que podem fazer a diferen\u00e7a no bem-estar geral da popula\u00e7\u00e3o\u00bb.<\/p>\n\n\n\n<p>\u00abNestas faixas et\u00e1rias h\u00e1 maior propens\u00e3o para o sedentarismo e para a alimenta\u00e7\u00e3o descuidada, contribuindo para o aparecimento da diabetes; \u00e9, por isso, nossa inten\u00e7\u00e3o sensibilizar de forma cont\u00ednua e ininterrupta para as problem\u00e1ticas da sa\u00fade\u00bb, justifica Helena Martinho, coordenadora da A\u00e7\u00e3o Social e Sa\u00fade do Munic\u00edpio.<\/p>\n\n\n\n<p>Tamb\u00e9m a Unidade M\u00f3vel de Sa\u00fade vai promover, durante todo o m\u00eas de novembro, rastreios e o c\u00e1lculo do risco de diabetes.<\/p>\n\n\n\n<p>A diabetes \u00e9 uma doen\u00e7a cr\u00f3nica (de longa dura\u00e7\u00e3o) que ocorre quando o corpo n\u00e3o produz insulina suficiente ou n\u00e3o a consegue utilizar. A insulina \u00e9 uma hormona produzida no p\u00e2ncreas, necess\u00e1ria para mover a glicose (a\u00e7\u00facar) do sangue para as c\u00e9lulas do corpo, onde \u00e9 utilizada para produzir energia. Quando a insulina est\u00e1 em falta ou n\u00e3o atua adequadamente, os n\u00edveis de glicose no sangue sobem. A diabetes \u00e9 diagnosticada atrav\u00e9s de testes sangu\u00edneos que apresentam n\u00edveis elevados de glicose no sangue.<\/p>\n\n\n\n<p>Com o tempo, os n\u00edveis elevados de glicose no sangue (conhecido como hiperglicemia) podem provocar danos em v\u00e1rios tecidos do corpo, originando problemas limitadores e potencialmente fatais. [Reda\u00e7\u00e3o].<\/p>\n","protected":false},"excerpt":{"rendered":"<p>Fazer a preven\u00e7\u00e3o da diabetes a partir dos membros mais novos e mais velhos da comunidade \u00e9 aquilo a que se prop\u00f5e o Munic\u00edpio de Celorico de Basto na semana de 11 a 14 de novembro, aproveitando a evoca\u00e7\u00e3o do dia mundial da doen\u00e7a. Vai envolver, assim, as crian\u00e7as e jovens do agrupamento escolar e [&hellip;]<\/p>\n","protected":false},"author":7,"featured_media":2915,"comment_status":"open","ping_status":"open","sticky":false,"template":"","format":"standard","meta":{"footnotes":""},"categories":[13,10],"tags":[40,624,625],"class_list":{"0":"post-2914","1":"post","2":"type-post","3":"status-publish","4":"format-standard","5":"has-post-thumbnail","7":"category-celorico-de-basto","8":"category-saude","9":"tag-celorico-de-basto","10":"tag-diabetes","11":"tag-sensibilizacao"},"yoast_head":"<!-- This site is optimized with the Yoast SEO plugin v25.7 - https:\/\/yoast.com\/wordpress\/plugins\/seo\/ -->\n<title>Celorico sensibiliza para preven\u00e7\u00e3o da diabetes - Jornal Terras de Basto<\/title>\n<meta name=\"description\" content=\"Fazer a preven\u00e7\u00e3o da diabetes a partir dos membros mais novos e mais velhos da comunidade \u00e9 aquilo a que se prop\u00f5e o Munic\u00edpio de Celorico de Basto na semana de 11 a 14 de novembro, aproveitando a evoca\u00e7\u00e3o do dia mundial da doen\u00e7a.\" \/>\n<meta name=\"robots\" content=\"index, follow, max-snippet:-1, max-image-preview:large, max-video-preview:-1\" \/>\n<link rel=\"canonical\" href=\"https:\/\/terrasdebasto.pt\/?p=2914\" \/>\n<meta property=\"og:locale\" content=\"pt_PT\" \/>\n<meta property=\"og:type\" content=\"article\" \/>\n<meta property=\"og:title\" content=\"Celorico sensibiliza para preven\u00e7\u00e3o da diabetes - Jornal Terras de Basto\" \/>\n<meta property=\"og:description\" content=\"Fazer a preven\u00e7\u00e3o da diabetes a partir dos membros mais novos e mais velhos da comunidade \u00e9 aquilo a que se prop\u00f5e o Munic\u00edpio de Celorico de Basto na semana de 11 a 14 de novembro, aproveitando a evoca\u00e7\u00e3o do dia mundial da doen\u00e7a.\" \/>\n<meta property=\"og:url\" content=\"https:\/\/terrasdebasto.pt\/?p=2914\" \/>\n<meta property=\"og:site_name\" content=\"Jornal Terras de Basto\" \/>\n<meta property=\"article:published_time\" content=\"2024-11-06T23:09:36+00:00\" \/>\n<meta property=\"og:image\" content=\"https:\/\/terrasdebasto.pt\/wp-content\/uploads\/2024\/11\/cartaz-diabetes.png\" \/>\n\t<meta property=\"og:image:width\" content=\"1414\" \/>\n\t<meta property=\"og:image:height\" content=\"2000\" \/>\n\t<meta property=\"og:image:type\" content=\"image\/png\" \/>\n<meta name=\"author\" content=\"Jo\u00e3o Paulo Mesquita\" \/>\n<meta name=\"twitter:card\" content=\"summary_large_image\" \/>\n<meta name=\"twitter:label1\" content=\"Escrito por\" \/>\n\t<meta name=\"twitter:data1\" content=\"Jo\u00e3o Paulo Mesquita\" \/>\n\t<meta name=\"twitter:label2\" content=\"Tempo estimado de leitura\" \/>\n\t<meta name=\"twitter:data2\" content=\"3 minutos\" \/>\n<script type=\"application\/ld+json\" class=\"yoast-schema-graph\">{\"@context\":\"https:\/\/schema.org\",\"@graph\":[{\"@type\":\"Article\",\"@id\":\"https:\/\/terrasdebasto.pt\/?p=2914#article\",\"isPartOf\":{\"@id\":\"https:\/\/terrasdebasto.pt\/?p=2914\"},\"author\":{\"name\":\"Jo\u00e3o Paulo Mesquita\",\"@id\":\"https:\/\/terrasdebasto.pt\/#\/schema\/person\/9f6739f5394ac65c802641773b278b84\"},\"headline\":\"Celorico sensibiliza para preven\u00e7\u00e3o da diabetes\",\"datePublished\":\"2024-11-06T23:09:36+00:00\",\"mainEntityOfPage\":{\"@id\":\"https:\/\/terrasdebasto.pt\/?p=2914\"},\"wordCount\":433,\"commentCount\":0,\"publisher\":{\"@id\":\"https:\/\/terrasdebasto.pt\/#organization\"},\"image\":{\"@id\":\"https:\/\/terrasdebasto.pt\/?p=2914#primaryimage\"},\"thumbnailUrl\":\"https:\/\/terrasdebasto.pt\/wp-content\/uploads\/2024\/11\/cartaz-diabetes.png\",\"keywords\":[\"Celorico de Basto\",\"Diabetes\",\"Sensibiliza\u00e7\u00e3o\"],\"articleSection\":[\"Celorico de Basto\",\"Sa\u00fade\"],\"inLanguage\":\"pt-PT\",\"potentialAction\":[{\"@type\":\"CommentAction\",\"name\":\"Comment\",\"target\":[\"https:\/\/terrasdebasto.pt\/?p=2914#respond\"]}]},{\"@type\":\"WebPage\",\"@id\":\"https:\/\/terrasdebasto.pt\/?p=2914\",\"url\":\"https:\/\/terrasdebasto.pt\/?p=2914\",\"name\":\"Celorico sensibiliza para preven\u00e7\u00e3o da diabetes - Jornal Terras de Basto\",\"isPartOf\":{\"@id\":\"https:\/\/terrasdebasto.pt\/#website\"},\"primaryImageOfPage\":{\"@id\":\"https:\/\/terrasdebasto.pt\/?p=2914#primaryimage\"},\"image\":{\"@id\":\"https:\/\/terrasdebasto.pt\/?p=2914#primaryimage\"},\"thumbnailUrl\":\"https:\/\/terrasdebasto.pt\/wp-content\/uploads\/2024\/11\/cartaz-diabetes.png\",\"datePublished\":\"2024-11-06T23:09:36+00:00\",\"description\":\"Fazer a preven\u00e7\u00e3o da diabetes a partir dos membros mais novos e mais velhos da comunidade \u00e9 aquilo a que se prop\u00f5e o Munic\u00edpio de Celorico de Basto na semana de 11 a 14 de novembro, aproveitando a evoca\u00e7\u00e3o do dia mundial da doen\u00e7a.\",\"breadcrumb\":{\"@id\":\"https:\/\/terrasdebasto.pt\/?p=2914#breadcrumb\"},\"inLanguage\":\"pt-PT\",\"potentialAction\":[{\"@type\":\"ReadAction\",\"target\":[\"https:\/\/terrasdebasto.pt\/?p=2914\"]}]},{\"@type\":\"ImageObject\",\"inLanguage\":\"pt-PT\",\"@id\":\"https:\/\/terrasdebasto.pt\/?p=2914#primaryimage\",\"url\":\"https:\/\/terrasdebasto.pt\/wp-content\/uploads\/2024\/11\/cartaz-diabetes.png\",\"contentUrl\":\"https:\/\/terrasdebasto.pt\/wp-content\/uploads\/2024\/11\/cartaz-diabetes.png\",\"width\":1414,\"height\":2000},{\"@type\":\"BreadcrumbList\",\"@id\":\"https:\/\/terrasdebasto.pt\/?p=2914#breadcrumb\",\"itemListElement\":[{\"@type\":\"ListItem\",\"position\":1,\"name\":\"In\u00edcio\",\"item\":\"https:\/\/terrasdebasto.pt\/\"},{\"@type\":\"ListItem\",\"position\":2,\"name\":\"Celorico sensibiliza para preven\u00e7\u00e3o da diabetes\"}]},{\"@type\":\"WebSite\",\"@id\":\"https:\/\/terrasdebasto.pt\/#website\",\"url\":\"https:\/\/terrasdebasto.pt\/\",\"name\":\"Jornal Terras de Basto\",\"description\":\"\",\"publisher\":{\"@id\":\"https:\/\/terrasdebasto.pt\/#organization\"},\"potentialAction\":[{\"@type\":\"SearchAction\",\"target\":{\"@type\":\"EntryPoint\",\"urlTemplate\":\"https:\/\/terrasdebasto.pt\/?s={search_term_string}\"},\"query-input\":{\"@type\":\"PropertyValueSpecification\",\"valueRequired\":true,\"valueName\":\"search_term_string\"}}],\"inLanguage\":\"pt-PT\"},{\"@type\":\"Organization\",\"@id\":\"https:\/\/terrasdebasto.pt\/#organization\",\"name\":\"Jornal Terras de Basto\",\"url\":\"https:\/\/terrasdebasto.pt\/\",\"logo\":{\"@type\":\"ImageObject\",\"inLanguage\":\"pt-PT\",\"@id\":\"https:\/\/terrasdebasto.pt\/#\/schema\/logo\/image\/\",\"url\":\"https:\/\/terrasdebasto.pt\/wp-content\/uploads\/2024\/06\/LogoNormal.png\",\"contentUrl\":\"https:\/\/terrasdebasto.pt\/wp-content\/uploads\/2024\/06\/LogoNormal.png\",\"width\":5638,\"height\":809,\"caption\":\"Jornal Terras de Basto\"},\"image\":{\"@id\":\"https:\/\/terrasdebasto.pt\/#\/schema\/logo\/image\/\"}},{\"@type\":\"Person\",\"@id\":\"https:\/\/terrasdebasto.pt\/#\/schema\/person\/9f6739f5394ac65c802641773b278b84\",\"name\":\"Jo\u00e3o Paulo Mesquita\",\"image\":{\"@type\":\"ImageObject\",\"inLanguage\":\"pt-PT\",\"@id\":\"https:\/\/terrasdebasto.pt\/#\/schema\/person\/image\/\",\"url\":\"https:\/\/secure.gravatar.com\/avatar\/9bd0f299e6d96336664aab64354168246a3ee3287c47891c50d450e47ed9d7f9?s=96&d=mm&r=g\",\"contentUrl\":\"https:\/\/secure.gravatar.com\/avatar\/9bd0f299e6d96336664aab64354168246a3ee3287c47891c50d450e47ed9d7f9?s=96&d=mm&r=g\",\"caption\":\"Jo\u00e3o Paulo Mesquita\"},\"url\":\"https:\/\/terrasdebasto.pt\/?author=7\"}]}<\/script>\n<!-- \/ Yoast SEO plugin. -->","yoast_head_json":{"title":"Celorico sensibiliza para preven\u00e7\u00e3o da diabetes - Jornal Terras de Basto","description":"Fazer a preven\u00e7\u00e3o da diabetes a partir dos membros mais novos e mais velhos da comunidade \u00e9 aquilo a que se prop\u00f5e o Munic\u00edpio de Celorico de Basto na semana de 11 a 14 de novembro, aproveitando a evoca\u00e7\u00e3o do dia mundial da doen\u00e7a.","robots":{"index":"index","follow":"follow","max-snippet":"max-snippet:-1","max-image-preview":"max-image-preview:large","max-video-preview":"max-video-preview:-1"},"canonical":"https:\/\/terrasdebasto.pt\/?p=2914","og_locale":"pt_PT","og_type":"article","og_title":"Celorico sensibiliza para preven\u00e7\u00e3o da diabetes - Jornal Terras de Basto","og_description":"Fazer a preven\u00e7\u00e3o da diabetes a partir dos membros mais novos e mais velhos da comunidade \u00e9 aquilo a que se prop\u00f5e o Munic\u00edpio de Celorico de Basto na semana de 11 a 14 de novembro, aproveitando a evoca\u00e7\u00e3o do dia mundial da doen\u00e7a.","og_url":"https:\/\/terrasdebasto.pt\/?p=2914","og_site_name":"Jornal Terras de Basto","article_published_time":"2024-11-06T23:09:36+00:00","og_image":[{"width":1414,"height":2000,"url":"https:\/\/terrasdebasto.pt\/wp-content\/uploads\/2024\/11\/cartaz-diabetes.png","type":"image\/png"}],"author":"Jo\u00e3o Paulo Mesquita","twitter_card":"summary_large_image","twitter_misc":{"Escrito por":"Jo\u00e3o Paulo Mesquita","Tempo estimado de leitura":"3 minutos"},"schema":{"@context":"https:\/\/schema.org","@graph":[{"@type":"Article","@id":"https:\/\/terrasdebasto.pt\/?p=2914#article","isPartOf":{"@id":"https:\/\/terrasdebasto.pt\/?p=2914"},"author":{"name":"Jo\u00e3o Paulo Mesquita","@id":"https:\/\/terrasdebasto.pt\/#\/schema\/person\/9f6739f5394ac65c802641773b278b84"},"headline":"Celorico sensibiliza para preven\u00e7\u00e3o da diabetes","datePublished":"2024-11-06T23:09:36+00:00","mainEntityOfPage":{"@id":"https:\/\/terrasdebasto.pt\/?p=2914"},"wordCount":433,"commentCount":0,"publisher":{"@id":"https:\/\/terrasdebasto.pt\/#organization"},"image":{"@id":"https:\/\/terrasdebasto.pt\/?p=2914#primaryimage"},"thumbnailUrl":"https:\/\/terrasdebasto.pt\/wp-content\/uploads\/2024\/11\/cartaz-diabetes.png","keywords":["Celorico de Basto","Diabetes","Sensibiliza\u00e7\u00e3o"],"articleSection":["Celorico de Basto","Sa\u00fade"],"inLanguage":"pt-PT","potentialAction":[{"@type":"CommentAction","name":"Comment","target":["https:\/\/terrasdebasto.pt\/?p=2914#respond"]}]},{"@type":"WebPage","@id":"https:\/\/terrasdebasto.pt\/?p=2914","url":"https:\/\/terrasdebasto.pt\/?p=2914","name":"Celorico sensibiliza para preven\u00e7\u00e3o da diabetes - Jornal Terras de Basto","isPartOf":{"@id":"https:\/\/terrasdebasto.pt\/#website"},"primaryImageOfPage":{"@id":"https:\/\/terrasdebasto.pt\/?p=2914#primaryimage"},"image":{"@id":"https:\/\/terrasdebasto.pt\/?p=2914#primaryimage"},"thumbnailUrl":"https:\/\/terrasdebasto.pt\/wp-content\/uploads\/2024\/11\/cartaz-diabetes.png","datePublished":"2024-11-06T23:09:36+00:00","description":"Fazer a preven\u00e7\u00e3o da diabetes a partir dos membros mais novos e mais velhos da comunidade \u00e9 aquilo a que se prop\u00f5e o Munic\u00edpio de Celorico de Basto na semana de 11 a 14 de novembro, aproveitando a evoca\u00e7\u00e3o do dia mundial da doen\u00e7a.","breadcrumb":{"@id":"https:\/\/terrasdebasto.pt\/?p=2914#breadcrumb"},"inLanguage":"pt-PT","potentialAction":[{"@type":"ReadAction","target":["https:\/\/terrasdebasto.pt\/?p=2914"]}]},{"@type":"ImageObject","inLanguage":"pt-PT","@id":"https:\/\/terrasdebasto.pt\/?p=2914#primaryimage","url":"https:\/\/terrasdebasto.pt\/wp-content\/uploads\/2024\/11\/cartaz-diabetes.png","contentUrl":"https:\/\/terrasdebasto.pt\/wp-content\/uploads\/2024\/11\/cartaz-diabetes.png","width":1414,"height":2000},{"@type":"BreadcrumbList","@id":"https:\/\/terrasdebasto.pt\/?p=2914#breadcrumb","itemListElement":[{"@type":"ListItem","position":1,"name":"In\u00edcio","item":"https:\/\/terrasdebasto.pt\/"},{"@type":"ListItem","position":2,"name":"Celorico sensibiliza para preven\u00e7\u00e3o da diabetes"}]},{"@type":"WebSite","@id":"https:\/\/terrasdebasto.pt\/#website","url":"https:\/\/terrasdebasto.pt\/","name":"Jornal Terras de Basto","description":"","publisher":{"@id":"https:\/\/terrasdebasto.pt\/#organization"},"potentialAction":[{"@type":"SearchAction","target":{"@type":"EntryPoint","urlTemplate":"https:\/\/terrasdebasto.pt\/?s={search_term_string}"},"query-input":{"@type":"PropertyValueSpecification","valueRequired":true,"valueName":"search_term_string"}}],"inLanguage":"pt-PT"},{"@type":"Organization","@id":"https:\/\/terrasdebasto.pt\/#organization","name":"Jornal Terras de Basto","url":"https:\/\/terrasdebasto.pt\/","logo":{"@type":"ImageObject","inLanguage":"pt-PT","@id":"https:\/\/terrasdebasto.pt\/#\/schema\/logo\/image\/","url":"https:\/\/terrasdebasto.pt\/wp-content\/uploads\/2024\/06\/LogoNormal.png","contentUrl":"https:\/\/terrasdebasto.pt\/wp-content\/uploads\/2024\/06\/LogoNormal.png","width":5638,"height":809,"caption":"Jornal Terras de Basto"},"image":{"@id":"https:\/\/terrasdebasto.pt\/#\/schema\/logo\/image\/"}},{"@type":"Person","@id":"https:\/\/terrasdebasto.pt\/#\/schema\/person\/9f6739f5394ac65c802641773b278b84","name":"Jo\u00e3o Paulo Mesquita","image":{"@type":"ImageObject","inLanguage":"pt-PT","@id":"https:\/\/terrasdebasto.pt\/#\/schema\/person\/image\/","url":"https:\/\/secure.gravatar.com\/avatar\/9bd0f299e6d96336664aab64354168246a3ee3287c47891c50d450e47ed9d7f9?s=96&d=mm&r=g","contentUrl":"https:\/\/secure.gravatar.com\/avatar\/9bd0f299e6d96336664aab64354168246a3ee3287c47891c50d450e47ed9d7f9?s=96&d=mm&r=g","caption":"Jo\u00e3o Paulo Mesquita"},"url":"https:\/\/terrasdebasto.pt\/?author=7"}]}},"_links":{"self":[{"href":"https:\/\/terrasdebasto.pt\/index.php?rest_route=\/wp\/v2\/posts\/2914","targetHints":{"allow":["GET"]}}],"collection":[{"href":"https:\/\/terrasdebasto.pt\/index.php?rest_route=\/wp\/v2\/posts"}],"about":[{"href":"https:\/\/terrasdebasto.pt\/index.php?rest_route=\/wp\/v2\/types\/post"}],"author":[{"embeddable":true,"href":"https:\/\/terrasdebasto.pt\/index.php?rest_route=\/wp\/v2\/users\/7"}],"replies":[{"embeddable":true,"href":"https:\/\/terrasdebasto.pt\/index.php?rest_route=%2Fwp%2Fv2%2Fcomments&post=2914"}],"version-history":[{"count":1,"href":"https:\/\/terrasdebasto.pt\/index.php?rest_route=\/wp\/v2\/posts\/2914\/revisions"}],"predecessor-version":[{"id":2916,"href":"https:\/\/terrasdebasto.pt\/index.php?rest_route=\/wp\/v2\/posts\/2914\/revisions\/2916"}],"wp:featuredmedia":[{"embeddable":true,"href":"https:\/\/terrasdebasto.pt\/index.php?rest_route=\/wp\/v2\/media\/2915"}],"wp:attachment":[{"href":"https:\/\/terrasdebasto.pt\/index.php?rest_route=%2Fwp%2Fv2%2Fmedia&parent=2914"}],"wp:term":[{"taxonomy":"category","embeddable":true,"href":"https:\/\/terrasdebasto.pt\/index.php?rest_route=%2Fwp%2Fv2%2Fcategories&post=2914"},{"taxonomy":"post_tag","embeddable":true,"href":"https:\/\/terrasdebasto.pt\/index.php?rest_route=%2Fwp%2Fv2%2Ftags&post=2914"}],"curies":[{"name":"wp","href":"https:\/\/api.w.org\/{rel}","templated":true}]}}