{"id":2911,"date":"2024-11-06T12:00:43","date_gmt":"2024-11-06T12:00:43","guid":{"rendered":"https:\/\/terrasdebasto.pt\/?p=2911"},"modified":"2024-11-06T12:00:44","modified_gmt":"2024-11-06T12:00:44","slug":"mais-uma-otima-edicao-do-terras-de-basto-4","status":"publish","type":"post","link":"https:\/\/terrasdebasto.pt\/?p=2911","title":{"rendered":"Mais uma \u00f3tima edi\u00e7\u00e3o do Terras de Basto"},"content":{"rendered":"\n<p><strong>Dois temas fazem os principais destaques da primeira p\u00e1gina de mais uma \u00f3tima edi\u00e7\u00e3o impressa do Terras de Basto, agora a sair para as bancas. S\u00e3o eles a anunciada constru\u00e7\u00e3o de um centro desportivo nas Cerdeirinhas, em Cabeceiras de Basto, que est\u00e1 a condicionar o discurso pol\u00edtico da presid\u00eancia da autarquia, depois de, h\u00e1 j\u00e1 quatro anos, ter motivado um dos n\u00fameros mais falsos da pr\u00e9-campanha aut\u00e1rquica, com a apresenta\u00e7\u00e3o de uma proje\u00e7\u00e3o \u201c3D\u201d daquele que seria \u2013 assim o fizeram crer \u2013 o novo est\u00e1dio municipal.<\/strong><\/p>\n\n\n\n<p>O outro destaque vai para uma entrevista a Jo\u00e3o Varej\u00e3o, \u201calma mater\u201d do BECA, um clube escolar que trouxe o andebol para Celorico de Basto, um projeto que se tem transformado num caso singular de reconhecimento e de envolv\u00eancia da comunidade. \u00abO andebol tem contribu\u00eddo para o sucesso escolar\u00bb, diz.<\/p>\n\n\n\n<p>A primeira p\u00e1gina chama ainda a aten\u00e7\u00e3o para a sess\u00e3o de presenta\u00e7\u00e3o de uma biografia do pol\u00edtico cabeceirense Joaquim Barreto. Publicado em 1926, \u201cC\u00e2ntico Negro\u201d, o poema-manifesto de Jos\u00e9 R\u00e9gio, foi a mais clara interven\u00e7\u00e3o de entre todas as que enformaram esta sess\u00e3o, dizemos n\u00f3s.<\/p>\n\n\n\n<p>A Feira de Santa Catarina, feira franca de periodicidade anual organizada pelo Munic\u00edpio de Celorico de Basto, que acontece de 22 a 25 de novembro e inclui uma mostra gastron\u00f3mica e uma exposi\u00e7\u00e3o animal, tem tamb\u00e9m chamada de primeira p\u00e1gina, que d\u00e1 conta de uma palestra de Laborinho L\u00facio em Mondim de Basto. Foi muito na dicotomia entre o \u201cantes\u201d e o \u201cdepois\u201d que o ex-ministro alicer\u00e7ou a confer\u00eancia, evocativa do cinquenten\u00e1rio do \u201c25 de Abril\u201d, o que o levou, v\u00e1rias vezes, a trazer \u00e0 mem\u00f3ria circunst\u00e2ncias pessoais.<\/p>\n\n\n\n<p>Desejo-lhe Boas Leituras.<\/p>\n\n\n\n<p>Jo\u00e3o Paulo Mesquita, diretor<\/p>\n","protected":false},"excerpt":{"rendered":"<p>Dois temas fazem os principais destaques da primeira p\u00e1gina de mais uma \u00f3tima edi\u00e7\u00e3o impressa do Terras de Basto, agora a sair para as bancas. S\u00e3o eles a anunciada constru\u00e7\u00e3o de um centro desportivo nas Cerdeirinhas, em Cabeceiras de Basto, que est\u00e1 a condicionar o discurso pol\u00edtico da presid\u00eancia da autarquia, depois de, h\u00e1 j\u00e1 [&hellip;]<\/p>\n","protected":false},"author":7,"featured_media":2912,"comment_status":"open","ping_status":"open","sticky":false,"template":"","format":"standard","meta":{"footnotes":""},"categories":[12,13,7,16,26,9],"tags":[502,623],"class_list":{"0":"post-2911","1":"post","2":"type-post","3":"status-publish","4":"format-standard","5":"has-post-thumbnail","7":"category-cabeceiras-de-basto","8":"category-celorico-de-basto","9":"category-cultura","10":"category-mondim-de-basto","11":"category-ribeira-de-pena","12":"category-terras-de-basto","13":"tag-jornal-terras-de-basto","14":"tag-mais-uma-otima-edicao"},"yoast_head":"<!-- This site is optimized with the Yoast SEO plugin v25.7 - https:\/\/yoast.com\/wordpress\/plugins\/seo\/ -->\n<title>Mais uma \u00f3tima edi\u00e7\u00e3o do Terras de Basto - Jornal Terras de Basto<\/title>\n<meta name=\"description\" content=\"Dois temas fazem os principais destaques da primeira p\u00e1gina de mais uma \u00f3tima edi\u00e7\u00e3o impressa do Terras de Basto, agora a sair para as bancas. S\u00e3o eles a anunciada constru\u00e7\u00e3o de um centro desportivo nas Cerdeirinhas, em Cabeceiras de Basto, que est\u00e1 a condicionar o discurso pol\u00edtico da presid\u00eancia da autarquia, depois de, h\u00e1 j\u00e1 quatro anos, ter motivado um dos n\u00fameros mais falsos da pr\u00e9-campanha aut\u00e1rquica, com a apresenta\u00e7\u00e3o de uma proje\u00e7\u00e3o \u201c3D\u201d daquele que seria \u2013 assim o fizeram crer \u2013 o novo est\u00e1dio municipal.\" \/>\n<meta name=\"robots\" content=\"index, follow, max-snippet:-1, max-image-preview:large, max-video-preview:-1\" \/>\n<link rel=\"canonical\" href=\"https:\/\/terrasdebasto.pt\/?p=2911\" \/>\n<meta property=\"og:locale\" content=\"pt_PT\" \/>\n<meta property=\"og:type\" content=\"article\" \/>\n<meta property=\"og:title\" content=\"Mais uma \u00f3tima edi\u00e7\u00e3o do Terras de Basto - Jornal Terras de Basto\" \/>\n<meta property=\"og:description\" content=\"Dois temas fazem os principais destaques da primeira p\u00e1gina de mais uma \u00f3tima edi\u00e7\u00e3o impressa do Terras de Basto, agora a sair para as bancas. S\u00e3o eles a anunciada constru\u00e7\u00e3o de um centro desportivo nas Cerdeirinhas, em Cabeceiras de Basto, que est\u00e1 a condicionar o discurso pol\u00edtico da presid\u00eancia da autarquia, depois de, h\u00e1 j\u00e1 quatro anos, ter motivado um dos n\u00fameros mais falsos da pr\u00e9-campanha aut\u00e1rquica, com a apresenta\u00e7\u00e3o de uma proje\u00e7\u00e3o \u201c3D\u201d daquele que seria \u2013 assim o fizeram crer \u2013 o novo est\u00e1dio municipal.\" \/>\n<meta property=\"og:url\" content=\"https:\/\/terrasdebasto.pt\/?p=2911\" \/>\n<meta property=\"og:site_name\" content=\"Jornal Terras de Basto\" \/>\n<meta property=\"article:published_time\" content=\"2024-11-06T12:00:43+00:00\" \/>\n<meta property=\"article:modified_time\" content=\"2024-11-06T12:00:44+00:00\" \/>\n<meta property=\"og:image\" content=\"https:\/\/terrasdebasto.pt\/wp-content\/uploads\/2024\/11\/TB-CAPA-9.jpg\" \/>\n\t<meta property=\"og:image:width\" content=\"1042\" \/>\n\t<meta property=\"og:image:height\" content=\"1280\" \/>\n\t<meta property=\"og:image:type\" content=\"image\/jpeg\" \/>\n<meta name=\"author\" content=\"Jo\u00e3o Paulo Mesquita\" \/>\n<meta name=\"twitter:card\" content=\"summary_large_image\" \/>\n<meta name=\"twitter:label1\" content=\"Escrito por\" \/>\n\t<meta name=\"twitter:data1\" content=\"Jo\u00e3o Paulo Mesquita\" \/>\n\t<meta name=\"twitter:label2\" content=\"Tempo estimado de leitura\" \/>\n\t<meta name=\"twitter:data2\" content=\"2 minutos\" \/>\n<script type=\"application\/ld+json\" class=\"yoast-schema-graph\">{\"@context\":\"https:\/\/schema.org\",\"@graph\":[{\"@type\":\"Article\",\"@id\":\"https:\/\/terrasdebasto.pt\/?p=2911#article\",\"isPartOf\":{\"@id\":\"https:\/\/terrasdebasto.pt\/?p=2911\"},\"author\":{\"name\":\"Jo\u00e3o Paulo Mesquita\",\"@id\":\"https:\/\/terrasdebasto.pt\/#\/schema\/person\/9f6739f5394ac65c802641773b278b84\"},\"headline\":\"Mais uma \u00f3tima edi\u00e7\u00e3o do Terras de Basto\",\"datePublished\":\"2024-11-06T12:00:43+00:00\",\"dateModified\":\"2024-11-06T12:00:44+00:00\",\"mainEntityOfPage\":{\"@id\":\"https:\/\/terrasdebasto.pt\/?p=2911\"},\"wordCount\":318,\"commentCount\":0,\"publisher\":{\"@id\":\"https:\/\/terrasdebasto.pt\/#organization\"},\"image\":{\"@id\":\"https:\/\/terrasdebasto.pt\/?p=2911#primaryimage\"},\"thumbnailUrl\":\"https:\/\/terrasdebasto.pt\/wp-content\/uploads\/2024\/11\/TB-CAPA-9.jpg\",\"keywords\":[\"Jornal Terras de Basto\",\"Mais uma \u00f3tima edi\u00e7\u00e3o\"],\"articleSection\":[\"Cabeceiras de Basto\",\"Celorico de Basto\",\"Cultura\",\"Mondim de Basto\",\"Ribeira de Pena\",\"Terras de Basto\"],\"inLanguage\":\"pt-PT\",\"potentialAction\":[{\"@type\":\"CommentAction\",\"name\":\"Comment\",\"target\":[\"https:\/\/terrasdebasto.pt\/?p=2911#respond\"]}]},{\"@type\":\"WebPage\",\"@id\":\"https:\/\/terrasdebasto.pt\/?p=2911\",\"url\":\"https:\/\/terrasdebasto.pt\/?p=2911\",\"name\":\"Mais uma \u00f3tima edi\u00e7\u00e3o do Terras de Basto - Jornal Terras de Basto\",\"isPartOf\":{\"@id\":\"https:\/\/terrasdebasto.pt\/#website\"},\"primaryImageOfPage\":{\"@id\":\"https:\/\/terrasdebasto.pt\/?p=2911#primaryimage\"},\"image\":{\"@id\":\"https:\/\/terrasdebasto.pt\/?p=2911#primaryimage\"},\"thumbnailUrl\":\"https:\/\/terrasdebasto.pt\/wp-content\/uploads\/2024\/11\/TB-CAPA-9.jpg\",\"datePublished\":\"2024-11-06T12:00:43+00:00\",\"dateModified\":\"2024-11-06T12:00:44+00:00\",\"description\":\"Dois temas fazem os principais destaques da primeira p\u00e1gina de mais uma \u00f3tima edi\u00e7\u00e3o impressa do Terras de Basto, agora a sair para as bancas. S\u00e3o eles a anunciada constru\u00e7\u00e3o de um centro desportivo nas Cerdeirinhas, em Cabeceiras de Basto, que est\u00e1 a condicionar o discurso pol\u00edtico da presid\u00eancia da autarquia, depois de, h\u00e1 j\u00e1 quatro anos, ter motivado um dos n\u00fameros mais falsos da pr\u00e9-campanha aut\u00e1rquica, com a apresenta\u00e7\u00e3o de uma proje\u00e7\u00e3o \u201c3D\u201d daquele que seria \u2013 assim o fizeram crer \u2013 o novo est\u00e1dio municipal.\",\"breadcrumb\":{\"@id\":\"https:\/\/terrasdebasto.pt\/?p=2911#breadcrumb\"},\"inLanguage\":\"pt-PT\",\"potentialAction\":[{\"@type\":\"ReadAction\",\"target\":[\"https:\/\/terrasdebasto.pt\/?p=2911\"]}]},{\"@type\":\"ImageObject\",\"inLanguage\":\"pt-PT\",\"@id\":\"https:\/\/terrasdebasto.pt\/?p=2911#primaryimage\",\"url\":\"https:\/\/terrasdebasto.pt\/wp-content\/uploads\/2024\/11\/TB-CAPA-9.jpg\",\"contentUrl\":\"https:\/\/terrasdebasto.pt\/wp-content\/uploads\/2024\/11\/TB-CAPA-9.jpg\",\"width\":1042,\"height\":1280},{\"@type\":\"BreadcrumbList\",\"@id\":\"https:\/\/terrasdebasto.pt\/?p=2911#breadcrumb\",\"itemListElement\":[{\"@type\":\"ListItem\",\"position\":1,\"name\":\"In\u00edcio\",\"item\":\"https:\/\/terrasdebasto.pt\/\"},{\"@type\":\"ListItem\",\"position\":2,\"name\":\"Mais uma \u00f3tima edi\u00e7\u00e3o do Terras de Basto\"}]},{\"@type\":\"WebSite\",\"@id\":\"https:\/\/terrasdebasto.pt\/#website\",\"url\":\"https:\/\/terrasdebasto.pt\/\",\"name\":\"Jornal Terras de Basto\",\"description\":\"\",\"publisher\":{\"@id\":\"https:\/\/terrasdebasto.pt\/#organization\"},\"potentialAction\":[{\"@type\":\"SearchAction\",\"target\":{\"@type\":\"EntryPoint\",\"urlTemplate\":\"https:\/\/terrasdebasto.pt\/?s={search_term_string}\"},\"query-input\":{\"@type\":\"PropertyValueSpecification\",\"valueRequired\":true,\"valueName\":\"search_term_string\"}}],\"inLanguage\":\"pt-PT\"},{\"@type\":\"Organization\",\"@id\":\"https:\/\/terrasdebasto.pt\/#organization\",\"name\":\"Jornal Terras de Basto\",\"url\":\"https:\/\/terrasdebasto.pt\/\",\"logo\":{\"@type\":\"ImageObject\",\"inLanguage\":\"pt-PT\",\"@id\":\"https:\/\/terrasdebasto.pt\/#\/schema\/logo\/image\/\",\"url\":\"https:\/\/terrasdebasto.pt\/wp-content\/uploads\/2024\/06\/LogoNormal.png\",\"contentUrl\":\"https:\/\/terrasdebasto.pt\/wp-content\/uploads\/2024\/06\/LogoNormal.png\",\"width\":5638,\"height\":809,\"caption\":\"Jornal Terras de Basto\"},\"image\":{\"@id\":\"https:\/\/terrasdebasto.pt\/#\/schema\/logo\/image\/\"}},{\"@type\":\"Person\",\"@id\":\"https:\/\/terrasdebasto.pt\/#\/schema\/person\/9f6739f5394ac65c802641773b278b84\",\"name\":\"Jo\u00e3o Paulo Mesquita\",\"image\":{\"@type\":\"ImageObject\",\"inLanguage\":\"pt-PT\",\"@id\":\"https:\/\/terrasdebasto.pt\/#\/schema\/person\/image\/\",\"url\":\"https:\/\/secure.gravatar.com\/avatar\/9bd0f299e6d96336664aab64354168246a3ee3287c47891c50d450e47ed9d7f9?s=96&d=mm&r=g\",\"contentUrl\":\"https:\/\/secure.gravatar.com\/avatar\/9bd0f299e6d96336664aab64354168246a3ee3287c47891c50d450e47ed9d7f9?s=96&d=mm&r=g\",\"caption\":\"Jo\u00e3o Paulo Mesquita\"},\"url\":\"https:\/\/terrasdebasto.pt\/?author=7\"}]}<\/script>\n<!-- \/ Yoast SEO plugin. -->","yoast_head_json":{"title":"Mais uma \u00f3tima edi\u00e7\u00e3o do Terras de Basto - Jornal Terras de Basto","description":"Dois temas fazem os principais destaques da primeira p\u00e1gina de mais uma \u00f3tima edi\u00e7\u00e3o impressa do Terras de Basto, agora a sair para as bancas. S\u00e3o eles a anunciada constru\u00e7\u00e3o de um centro desportivo nas Cerdeirinhas, em Cabeceiras de Basto, que est\u00e1 a condicionar o discurso pol\u00edtico da presid\u00eancia da autarquia, depois de, h\u00e1 j\u00e1 quatro anos, ter motivado um dos n\u00fameros mais falsos da pr\u00e9-campanha aut\u00e1rquica, com a apresenta\u00e7\u00e3o de uma proje\u00e7\u00e3o \u201c3D\u201d daquele que seria \u2013 assim o fizeram crer \u2013 o novo est\u00e1dio municipal.","robots":{"index":"index","follow":"follow","max-snippet":"max-snippet:-1","max-image-preview":"max-image-preview:large","max-video-preview":"max-video-preview:-1"},"canonical":"https:\/\/terrasdebasto.pt\/?p=2911","og_locale":"pt_PT","og_type":"article","og_title":"Mais uma \u00f3tima edi\u00e7\u00e3o do Terras de Basto - Jornal Terras de Basto","og_description":"Dois temas fazem os principais destaques da primeira p\u00e1gina de mais uma \u00f3tima edi\u00e7\u00e3o impressa do Terras de Basto, agora a sair para as bancas. S\u00e3o eles a anunciada constru\u00e7\u00e3o de um centro desportivo nas Cerdeirinhas, em Cabeceiras de Basto, que est\u00e1 a condicionar o discurso pol\u00edtico da presid\u00eancia da autarquia, depois de, h\u00e1 j\u00e1 quatro anos, ter motivado um dos n\u00fameros mais falsos da pr\u00e9-campanha aut\u00e1rquica, com a apresenta\u00e7\u00e3o de uma proje\u00e7\u00e3o \u201c3D\u201d daquele que seria \u2013 assim o fizeram crer \u2013 o novo est\u00e1dio municipal.","og_url":"https:\/\/terrasdebasto.pt\/?p=2911","og_site_name":"Jornal Terras de Basto","article_published_time":"2024-11-06T12:00:43+00:00","article_modified_time":"2024-11-06T12:00:44+00:00","og_image":[{"width":1042,"height":1280,"url":"https:\/\/terrasdebasto.pt\/wp-content\/uploads\/2024\/11\/TB-CAPA-9.jpg","type":"image\/jpeg"}],"author":"Jo\u00e3o Paulo Mesquita","twitter_card":"summary_large_image","twitter_misc":{"Escrito por":"Jo\u00e3o Paulo Mesquita","Tempo estimado de leitura":"2 minutos"},"schema":{"@context":"https:\/\/schema.org","@graph":[{"@type":"Article","@id":"https:\/\/terrasdebasto.pt\/?p=2911#article","isPartOf":{"@id":"https:\/\/terrasdebasto.pt\/?p=2911"},"author":{"name":"Jo\u00e3o Paulo Mesquita","@id":"https:\/\/terrasdebasto.pt\/#\/schema\/person\/9f6739f5394ac65c802641773b278b84"},"headline":"Mais uma \u00f3tima edi\u00e7\u00e3o do Terras de Basto","datePublished":"2024-11-06T12:00:43+00:00","dateModified":"2024-11-06T12:00:44+00:00","mainEntityOfPage":{"@id":"https:\/\/terrasdebasto.pt\/?p=2911"},"wordCount":318,"commentCount":0,"publisher":{"@id":"https:\/\/terrasdebasto.pt\/#organization"},"image":{"@id":"https:\/\/terrasdebasto.pt\/?p=2911#primaryimage"},"thumbnailUrl":"https:\/\/terrasdebasto.pt\/wp-content\/uploads\/2024\/11\/TB-CAPA-9.jpg","keywords":["Jornal Terras de Basto","Mais uma \u00f3tima edi\u00e7\u00e3o"],"articleSection":["Cabeceiras de Basto","Celorico de Basto","Cultura","Mondim de Basto","Ribeira de Pena","Terras de Basto"],"inLanguage":"pt-PT","potentialAction":[{"@type":"CommentAction","name":"Comment","target":["https:\/\/terrasdebasto.pt\/?p=2911#respond"]}]},{"@type":"WebPage","@id":"https:\/\/terrasdebasto.pt\/?p=2911","url":"https:\/\/terrasdebasto.pt\/?p=2911","name":"Mais uma \u00f3tima edi\u00e7\u00e3o do Terras de Basto - Jornal Terras de Basto","isPartOf":{"@id":"https:\/\/terrasdebasto.pt\/#website"},"primaryImageOfPage":{"@id":"https:\/\/terrasdebasto.pt\/?p=2911#primaryimage"},"image":{"@id":"https:\/\/terrasdebasto.pt\/?p=2911#primaryimage"},"thumbnailUrl":"https:\/\/terrasdebasto.pt\/wp-content\/uploads\/2024\/11\/TB-CAPA-9.jpg","datePublished":"2024-11-06T12:00:43+00:00","dateModified":"2024-11-06T12:00:44+00:00","description":"Dois temas fazem os principais destaques da primeira p\u00e1gina de mais uma \u00f3tima edi\u00e7\u00e3o impressa do Terras de Basto, agora a sair para as bancas. S\u00e3o eles a anunciada constru\u00e7\u00e3o de um centro desportivo nas Cerdeirinhas, em Cabeceiras de Basto, que est\u00e1 a condicionar o discurso pol\u00edtico da presid\u00eancia da autarquia, depois de, h\u00e1 j\u00e1 quatro anos, ter motivado um dos n\u00fameros mais falsos da pr\u00e9-campanha aut\u00e1rquica, com a apresenta\u00e7\u00e3o de uma proje\u00e7\u00e3o \u201c3D\u201d daquele que seria \u2013 assim o fizeram crer \u2013 o novo est\u00e1dio municipal.","breadcrumb":{"@id":"https:\/\/terrasdebasto.pt\/?p=2911#breadcrumb"},"inLanguage":"pt-PT","potentialAction":[{"@type":"ReadAction","target":["https:\/\/terrasdebasto.pt\/?p=2911"]}]},{"@type":"ImageObject","inLanguage":"pt-PT","@id":"https:\/\/terrasdebasto.pt\/?p=2911#primaryimage","url":"https:\/\/terrasdebasto.pt\/wp-content\/uploads\/2024\/11\/TB-CAPA-9.jpg","contentUrl":"https:\/\/terrasdebasto.pt\/wp-content\/uploads\/2024\/11\/TB-CAPA-9.jpg","width":1042,"height":1280},{"@type":"BreadcrumbList","@id":"https:\/\/terrasdebasto.pt\/?p=2911#breadcrumb","itemListElement":[{"@type":"ListItem","position":1,"name":"In\u00edcio","item":"https:\/\/terrasdebasto.pt\/"},{"@type":"ListItem","position":2,"name":"Mais uma \u00f3tima edi\u00e7\u00e3o do Terras de Basto"}]},{"@type":"WebSite","@id":"https:\/\/terrasdebasto.pt\/#website","url":"https:\/\/terrasdebasto.pt\/","name":"Jornal Terras de Basto","description":"","publisher":{"@id":"https:\/\/terrasdebasto.pt\/#organization"},"potentialAction":[{"@type":"SearchAction","target":{"@type":"EntryPoint","urlTemplate":"https:\/\/terrasdebasto.pt\/?s={search_term_string}"},"query-input":{"@type":"PropertyValueSpecification","valueRequired":true,"valueName":"search_term_string"}}],"inLanguage":"pt-PT"},{"@type":"Organization","@id":"https:\/\/terrasdebasto.pt\/#organization","name":"Jornal Terras de Basto","url":"https:\/\/terrasdebasto.pt\/","logo":{"@type":"ImageObject","inLanguage":"pt-PT","@id":"https:\/\/terrasdebasto.pt\/#\/schema\/logo\/image\/","url":"https:\/\/terrasdebasto.pt\/wp-content\/uploads\/2024\/06\/LogoNormal.png","contentUrl":"https:\/\/terrasdebasto.pt\/wp-content\/uploads\/2024\/06\/LogoNormal.png","width":5638,"height":809,"caption":"Jornal Terras de Basto"},"image":{"@id":"https:\/\/terrasdebasto.pt\/#\/schema\/logo\/image\/"}},{"@type":"Person","@id":"https:\/\/terrasdebasto.pt\/#\/schema\/person\/9f6739f5394ac65c802641773b278b84","name":"Jo\u00e3o Paulo Mesquita","image":{"@type":"ImageObject","inLanguage":"pt-PT","@id":"https:\/\/terrasdebasto.pt\/#\/schema\/person\/image\/","url":"https:\/\/secure.gravatar.com\/avatar\/9bd0f299e6d96336664aab64354168246a3ee3287c47891c50d450e47ed9d7f9?s=96&d=mm&r=g","contentUrl":"https:\/\/secure.gravatar.com\/avatar\/9bd0f299e6d96336664aab64354168246a3ee3287c47891c50d450e47ed9d7f9?s=96&d=mm&r=g","caption":"Jo\u00e3o Paulo Mesquita"},"url":"https:\/\/terrasdebasto.pt\/?author=7"}]}},"_links":{"self":[{"href":"https:\/\/terrasdebasto.pt\/index.php?rest_route=\/wp\/v2\/posts\/2911","targetHints":{"allow":["GET"]}}],"collection":[{"href":"https:\/\/terrasdebasto.pt\/index.php?rest_route=\/wp\/v2\/posts"}],"about":[{"href":"https:\/\/terrasdebasto.pt\/index.php?rest_route=\/wp\/v2\/types\/post"}],"author":[{"embeddable":true,"href":"https:\/\/terrasdebasto.pt\/index.php?rest_route=\/wp\/v2\/users\/7"}],"replies":[{"embeddable":true,"href":"https:\/\/terrasdebasto.pt\/index.php?rest_route=%2Fwp%2Fv2%2Fcomments&post=2911"}],"version-history":[{"count":1,"href":"https:\/\/terrasdebasto.pt\/index.php?rest_route=\/wp\/v2\/posts\/2911\/revisions"}],"predecessor-version":[{"id":2913,"href":"https:\/\/terrasdebasto.pt\/index.php?rest_route=\/wp\/v2\/posts\/2911\/revisions\/2913"}],"wp:featuredmedia":[{"embeddable":true,"href":"https:\/\/terrasdebasto.pt\/index.php?rest_route=\/wp\/v2\/media\/2912"}],"wp:attachment":[{"href":"https:\/\/terrasdebasto.pt\/index.php?rest_route=%2Fwp%2Fv2%2Fmedia&parent=2911"}],"wp:term":[{"taxonomy":"category","embeddable":true,"href":"https:\/\/terrasdebasto.pt\/index.php?rest_route=%2Fwp%2Fv2%2Fcategories&post=2911"},{"taxonomy":"post_tag","embeddable":true,"href":"https:\/\/terrasdebasto.pt\/index.php?rest_route=%2Fwp%2Fv2%2Ftags&post=2911"}],"curies":[{"name":"wp","href":"https:\/\/api.w.org\/{rel}","templated":true}]}}