{"id":2411,"date":"2024-10-07T12:16:22","date_gmt":"2024-10-07T12:16:22","guid":{"rendered":"https:\/\/terrasdebasto.pt\/?p=2411"},"modified":"2024-10-07T18:14:58","modified_gmt":"2024-10-07T18:14:58","slug":"aluno-de-ribeira-de-pena-vence-nos-special-olympics","status":"publish","type":"post","link":"https:\/\/terrasdebasto.pt\/?p=2411","title":{"rendered":"Aluno de Ribeira de Pena vence nos \u201cWorking Trails\u201d do Campeonato de Equita\u00e7\u00e3o"},"content":{"rendered":"\n<p><strong>Diogo Almeida, aluno do Agrupamento de Escolas de Ribeira de Pena, venceu a prova de \u201cWorking Trails\u201d nos VI Jogos de Portugal &#8211; Campeonato Nacional Equita\u00e7\u00e3o Norte\/2024, que decorreram de 2 a 4 de outubro em Oeiras, anunciou fonte do Centro H\u00edpico de Pedras Salgadas.<\/strong><\/p>\n\n\n\n<p>O jovem ribeirapenense frequenta o servi\u00e7o de terapia assistida por cavalos ministrada por aquele centro h\u00edpico, facto que levou \u00e0 sua inscri\u00e7\u00e3o nos \u201cSpecial Olympics Portugal\u201d. \u00abEstamos todos muito orgulhosos do teu percurso\u00bb, diz, entretanto, fonte do agrupamento escolar, que parabeniza o aluno.<\/p>\n\n\n\n<p>O jovem atleta \u2013 refere o centro h\u00edpico \u2013 participou naquela prova em representa\u00e7\u00e3o do munic\u00edpio de Vila Pouca de Aguiar, tendo ganho o Grupo I (N\u00edvel CI).<\/p>\n\n\n\n<p>O Centro H\u00edpico de Pedras Salgadas desenvolve desde 2015 um projeto de terapia assistida por cavalos, que cresce fundamentalmente na ideia de tornar a equita\u00e7\u00e3o com fins terap\u00eauticos acess\u00edvel a todos os indiv\u00edduos com defici\u00eancia.<\/p>\n\n\n\n<p>O Centro H\u00edpico de Pedras Salgadas \u00e9 o primeiro e \u00fanico espa\u00e7o no Alto T\u00e2mega a desenvolver um projeto de equita\u00e7\u00e3o terap\u00eautica com uma equipa constitu\u00edda por t\u00e9cnicos profissionais de sa\u00fade e instrutores de equita\u00e7\u00e3o, com forma\u00e7\u00e3o espec\u00edfica na \u00e1rea da equita\u00e7\u00e3o terap\u00eautica, que para a realiza\u00e7\u00e3o das diversas atividades recorrem a cavalos treinados para o efeito.<\/p>\n\n\n\n<p>O projeto \u00e9 constitu\u00eddo pelas val\u00eancias de psicoterapia, hipoterapia, equita\u00e7\u00e3o terap\u00eautica e equita\u00e7\u00e3o desportiva adaptada, com uma equipa multidisciplinar, com t\u00e9cnicos de sa\u00fade e equita\u00e7\u00e3o.<\/p>\n\n\n\n<p>A terapia assistida por cavalos \u00e9 um m\u00e9todo terap\u00eautico, rico em est\u00edmulos motores, sensoriais, emocionais e cognitivos, em que se recorre \u00e0 utiliza\u00e7\u00e3o do cavalo dentro de uma abordagem multidisciplinar e transdisciplinar nas \u00e1reas da sa\u00fade, educa\u00e7\u00e3o e equita\u00e7\u00e3o, promovendo mais consciencializa\u00e7\u00e3o corporal, resultando em melhorias na orienta\u00e7\u00e3o espacial, equil\u00edbrio, coordena\u00e7\u00e3o motora, desenvolvimento intelectual e psicol\u00f3gico, visando o desenvolvimento biopsicossocial de pessoas com defici\u00eancia e\/ou com necessidades especiais.<\/p>\n\n\n\n<p><\/p>\n\n\n\n<figure class=\"wp-block-gallery has-nested-images columns-default is-cropped wp-block-gallery-1 is-layout-flex wp-block-gallery-is-layout-flex\">\n<figure class=\"wp-block-image size-large\"><img loading=\"lazy\" decoding=\"async\" width=\"1024\" height=\"614\" data-id=\"2413\" src=\"https:\/\/terrasdebasto.pt\/wp-content\/uploads\/2024\/10\/DIOGO-ALMEIDA-2-1024x614.jpg\" alt=\"\" class=\"wp-image-2413\" srcset=\"https:\/\/terrasdebasto.pt\/wp-content\/uploads\/2024\/10\/DIOGO-ALMEIDA-2-1024x614.jpg 1024w, https:\/\/terrasdebasto.pt\/wp-content\/uploads\/2024\/10\/DIOGO-ALMEIDA-2-300x180.jpg 300w, https:\/\/terrasdebasto.pt\/wp-content\/uploads\/2024\/10\/DIOGO-ALMEIDA-2-768x460.jpg 768w, https:\/\/terrasdebasto.pt\/wp-content\/uploads\/2024\/10\/DIOGO-ALMEIDA-2-1536x921.jpg 1536w, https:\/\/terrasdebasto.pt\/wp-content\/uploads\/2024\/10\/DIOGO-ALMEIDA-2-150x90.jpg 150w, https:\/\/terrasdebasto.pt\/wp-content\/uploads\/2024\/10\/DIOGO-ALMEIDA-2-696x417.jpg 696w, https:\/\/terrasdebasto.pt\/wp-content\/uploads\/2024\/10\/DIOGO-ALMEIDA-2-1068x640.jpg 1068w, https:\/\/terrasdebasto.pt\/wp-content\/uploads\/2024\/10\/DIOGO-ALMEIDA-2.jpg 1873w\" sizes=\"auto, (max-width: 1024px) 100vw, 1024px\" \/><\/figure>\n<\/figure>\n\n\n\n<figure class=\"wp-block-gallery has-nested-images columns-default is-cropped wp-block-gallery-2 is-layout-flex wp-block-gallery-is-layout-flex\">\n<figure class=\"wp-block-image size-large\"><img loading=\"lazy\" decoding=\"async\" width=\"1024\" height=\"643\" data-id=\"2414\" src=\"https:\/\/terrasdebasto.pt\/wp-content\/uploads\/2024\/10\/DIOGO-ALMEIDA-3-1024x643.jpg\" alt=\"\" class=\"wp-image-2414\" srcset=\"https:\/\/terrasdebasto.pt\/wp-content\/uploads\/2024\/10\/DIOGO-ALMEIDA-3-1024x643.jpg 1024w, https:\/\/terrasdebasto.pt\/wp-content\/uploads\/2024\/10\/DIOGO-ALMEIDA-3-300x188.jpg 300w, https:\/\/terrasdebasto.pt\/wp-content\/uploads\/2024\/10\/DIOGO-ALMEIDA-3-768x482.jpg 768w, https:\/\/terrasdebasto.pt\/wp-content\/uploads\/2024\/10\/DIOGO-ALMEIDA-3-150x94.jpg 150w, https:\/\/terrasdebasto.pt\/wp-content\/uploads\/2024\/10\/DIOGO-ALMEIDA-3-696x437.jpg 696w, https:\/\/terrasdebasto.pt\/wp-content\/uploads\/2024\/10\/DIOGO-ALMEIDA-3.jpg 1030w\" sizes=\"auto, (max-width: 1024px) 100vw, 1024px\" \/><\/figure>\n<\/figure>\n","protected":false},"excerpt":{"rendered":"<p>Diogo Almeida, aluno do Agrupamento de Escolas de Ribeira de Pena, venceu a prova de \u201cWorking Trails\u201d nos VI Jogos de Portugal &#8211; Campeonato Nacional Equita\u00e7\u00e3o Norte\/2024, que decorreram de 2 a 4 de outubro em Oeiras, anunciou fonte do Centro H\u00edpico de Pedras Salgadas. O jovem ribeirapenense frequenta o servi\u00e7o de terapia assistida por [&hellip;]<\/p>\n","protected":false},"author":7,"featured_media":2412,"comment_status":"open","ping_status":"open","sticky":false,"template":"","format":"standard","meta":{"footnotes":""},"categories":[11,26],"tags":[535,115,56,534],"class_list":{"0":"post-2411","1":"post","2":"type-post","3":"status-publish","4":"format-standard","5":"has-post-thumbnail","7":"category-educacao","8":"category-ribeira-de-pena","9":"tag-diogo-almeida","10":"tag-educacao","11":"tag-ribeira-de-pena","12":"tag-special-plympics"},"yoast_head":"<!-- This site is optimized with the Yoast SEO plugin v25.7 - https:\/\/yoast.com\/wordpress\/plugins\/seo\/ -->\n<title>Aluno de Ribeira de Pena vence nos \u201cWorking Trails\u201d do Campeonato de Equita\u00e7\u00e3o - Jornal Terras de Basto<\/title>\n<meta name=\"description\" content=\"Diogo Almeida, aluno do Agrupamento de Escolas de Ribeira de Pena, venceu a prova de \u201cWorking Trails\u201d nos VI Jogos de Portugal - Campeonato Nacional Equita\u00e7\u00e3o Norte\/2024, que decorreram de 2 a 4 de outubro em Oeiras, anunciou fonte do Centro H\u00edpico de Pedras Salgadas.\" \/>\n<meta name=\"robots\" content=\"index, follow, max-snippet:-1, max-image-preview:large, max-video-preview:-1\" \/>\n<link rel=\"canonical\" href=\"https:\/\/terrasdebasto.pt\/?p=2411\" \/>\n<meta property=\"og:locale\" content=\"pt_PT\" \/>\n<meta property=\"og:type\" content=\"article\" \/>\n<meta property=\"og:title\" content=\"Aluno de Ribeira de Pena vence nos \u201cWorking Trails\u201d do Campeonato de Equita\u00e7\u00e3o - Jornal Terras de Basto\" \/>\n<meta property=\"og:description\" content=\"Diogo Almeida, aluno do Agrupamento de Escolas de Ribeira de Pena, venceu a prova de \u201cWorking Trails\u201d nos VI Jogos de Portugal - Campeonato Nacional Equita\u00e7\u00e3o Norte\/2024, que decorreram de 2 a 4 de outubro em Oeiras, anunciou fonte do Centro H\u00edpico de Pedras Salgadas.\" \/>\n<meta property=\"og:url\" content=\"https:\/\/terrasdebasto.pt\/?p=2411\" \/>\n<meta property=\"og:site_name\" content=\"Jornal Terras de Basto\" \/>\n<meta property=\"article:published_time\" content=\"2024-10-07T12:16:22+00:00\" \/>\n<meta property=\"article:modified_time\" content=\"2024-10-07T18:14:58+00:00\" \/>\n<meta property=\"og:image\" content=\"https:\/\/terrasdebasto.pt\/wp-content\/uploads\/2024\/10\/DIOGO-ALMEIDA-1.jpg\" \/>\n\t<meta property=\"og:image:width\" content=\"1029\" \/>\n\t<meta property=\"og:image:height\" content=\"738\" \/>\n\t<meta property=\"og:image:type\" content=\"image\/jpeg\" \/>\n<meta name=\"author\" content=\"Jo\u00e3o Paulo Mesquita\" \/>\n<meta name=\"twitter:card\" content=\"summary_large_image\" \/>\n<meta name=\"twitter:label1\" content=\"Escrito por\" \/>\n\t<meta name=\"twitter:data1\" content=\"Jo\u00e3o Paulo Mesquita\" \/>\n\t<meta name=\"twitter:label2\" content=\"Tempo estimado de leitura\" \/>\n\t<meta name=\"twitter:data2\" content=\"3 minutos\" \/>\n<script type=\"application\/ld+json\" class=\"yoast-schema-graph\">{\"@context\":\"https:\/\/schema.org\",\"@graph\":[{\"@type\":\"Article\",\"@id\":\"https:\/\/terrasdebasto.pt\/?p=2411#article\",\"isPartOf\":{\"@id\":\"https:\/\/terrasdebasto.pt\/?p=2411\"},\"author\":{\"name\":\"Jo\u00e3o Paulo Mesquita\",\"@id\":\"https:\/\/terrasdebasto.pt\/#\/schema\/person\/9f6739f5394ac65c802641773b278b84\"},\"headline\":\"Aluno de Ribeira de Pena vence nos \u201cWorking Trails\u201d do Campeonato de Equita\u00e7\u00e3o\",\"datePublished\":\"2024-10-07T12:16:22+00:00\",\"dateModified\":\"2024-10-07T18:14:58+00:00\",\"mainEntityOfPage\":{\"@id\":\"https:\/\/terrasdebasto.pt\/?p=2411\"},\"wordCount\":356,\"commentCount\":0,\"publisher\":{\"@id\":\"https:\/\/terrasdebasto.pt\/#organization\"},\"image\":{\"@id\":\"https:\/\/terrasdebasto.pt\/?p=2411#primaryimage\"},\"thumbnailUrl\":\"https:\/\/terrasdebasto.pt\/wp-content\/uploads\/2024\/10\/DIOGO-ALMEIDA-1.jpg\",\"keywords\":[\"Diogo Almeida\",\"Educa\u00e7\u00e3o\",\"Ribeira de Pena\",\"Special Plympics\"],\"articleSection\":[\"Educa\u00e7\u00e3o\",\"Ribeira de Pena\"],\"inLanguage\":\"pt-PT\",\"potentialAction\":[{\"@type\":\"CommentAction\",\"name\":\"Comment\",\"target\":[\"https:\/\/terrasdebasto.pt\/?p=2411#respond\"]}]},{\"@type\":\"WebPage\",\"@id\":\"https:\/\/terrasdebasto.pt\/?p=2411\",\"url\":\"https:\/\/terrasdebasto.pt\/?p=2411\",\"name\":\"Aluno de Ribeira de Pena vence nos \u201cWorking Trails\u201d do Campeonato de Equita\u00e7\u00e3o - Jornal Terras de Basto\",\"isPartOf\":{\"@id\":\"https:\/\/terrasdebasto.pt\/#website\"},\"primaryImageOfPage\":{\"@id\":\"https:\/\/terrasdebasto.pt\/?p=2411#primaryimage\"},\"image\":{\"@id\":\"https:\/\/terrasdebasto.pt\/?p=2411#primaryimage\"},\"thumbnailUrl\":\"https:\/\/terrasdebasto.pt\/wp-content\/uploads\/2024\/10\/DIOGO-ALMEIDA-1.jpg\",\"datePublished\":\"2024-10-07T12:16:22+00:00\",\"dateModified\":\"2024-10-07T18:14:58+00:00\",\"description\":\"Diogo Almeida, aluno do Agrupamento de Escolas de Ribeira de Pena, venceu a prova de \u201cWorking Trails\u201d nos VI Jogos de Portugal - Campeonato Nacional Equita\u00e7\u00e3o Norte\/2024, que decorreram de 2 a 4 de outubro em Oeiras, anunciou fonte do Centro H\u00edpico de Pedras Salgadas.\",\"breadcrumb\":{\"@id\":\"https:\/\/terrasdebasto.pt\/?p=2411#breadcrumb\"},\"inLanguage\":\"pt-PT\",\"potentialAction\":[{\"@type\":\"ReadAction\",\"target\":[\"https:\/\/terrasdebasto.pt\/?p=2411\"]}]},{\"@type\":\"ImageObject\",\"inLanguage\":\"pt-PT\",\"@id\":\"https:\/\/terrasdebasto.pt\/?p=2411#primaryimage\",\"url\":\"https:\/\/terrasdebasto.pt\/wp-content\/uploads\/2024\/10\/DIOGO-ALMEIDA-1.jpg\",\"contentUrl\":\"https:\/\/terrasdebasto.pt\/wp-content\/uploads\/2024\/10\/DIOGO-ALMEIDA-1.jpg\",\"width\":1029,\"height\":738},{\"@type\":\"BreadcrumbList\",\"@id\":\"https:\/\/terrasdebasto.pt\/?p=2411#breadcrumb\",\"itemListElement\":[{\"@type\":\"ListItem\",\"position\":1,\"name\":\"In\u00edcio\",\"item\":\"https:\/\/terrasdebasto.pt\/\"},{\"@type\":\"ListItem\",\"position\":2,\"name\":\"Aluno de Ribeira de Pena vence nos \u201cWorking Trails\u201d do Campeonato de Equita\u00e7\u00e3o\"}]},{\"@type\":\"WebSite\",\"@id\":\"https:\/\/terrasdebasto.pt\/#website\",\"url\":\"https:\/\/terrasdebasto.pt\/\",\"name\":\"Jornal Terras de Basto\",\"description\":\"\",\"publisher\":{\"@id\":\"https:\/\/terrasdebasto.pt\/#organization\"},\"potentialAction\":[{\"@type\":\"SearchAction\",\"target\":{\"@type\":\"EntryPoint\",\"urlTemplate\":\"https:\/\/terrasdebasto.pt\/?s={search_term_string}\"},\"query-input\":{\"@type\":\"PropertyValueSpecification\",\"valueRequired\":true,\"valueName\":\"search_term_string\"}}],\"inLanguage\":\"pt-PT\"},{\"@type\":\"Organization\",\"@id\":\"https:\/\/terrasdebasto.pt\/#organization\",\"name\":\"Jornal Terras de Basto\",\"url\":\"https:\/\/terrasdebasto.pt\/\",\"logo\":{\"@type\":\"ImageObject\",\"inLanguage\":\"pt-PT\",\"@id\":\"https:\/\/terrasdebasto.pt\/#\/schema\/logo\/image\/\",\"url\":\"https:\/\/terrasdebasto.pt\/wp-content\/uploads\/2024\/06\/LogoNormal.png\",\"contentUrl\":\"https:\/\/terrasdebasto.pt\/wp-content\/uploads\/2024\/06\/LogoNormal.png\",\"width\":5638,\"height\":809,\"caption\":\"Jornal Terras de Basto\"},\"image\":{\"@id\":\"https:\/\/terrasdebasto.pt\/#\/schema\/logo\/image\/\"}},{\"@type\":\"Person\",\"@id\":\"https:\/\/terrasdebasto.pt\/#\/schema\/person\/9f6739f5394ac65c802641773b278b84\",\"name\":\"Jo\u00e3o Paulo Mesquita\",\"image\":{\"@type\":\"ImageObject\",\"inLanguage\":\"pt-PT\",\"@id\":\"https:\/\/terrasdebasto.pt\/#\/schema\/person\/image\/\",\"url\":\"https:\/\/secure.gravatar.com\/avatar\/9bd0f299e6d96336664aab64354168246a3ee3287c47891c50d450e47ed9d7f9?s=96&d=mm&r=g\",\"contentUrl\":\"https:\/\/secure.gravatar.com\/avatar\/9bd0f299e6d96336664aab64354168246a3ee3287c47891c50d450e47ed9d7f9?s=96&d=mm&r=g\",\"caption\":\"Jo\u00e3o Paulo Mesquita\"},\"url\":\"https:\/\/terrasdebasto.pt\/?author=7\"}]}<\/script>\n<!-- \/ Yoast SEO plugin. -->","yoast_head_json":{"title":"Aluno de Ribeira de Pena vence nos \u201cWorking Trails\u201d do Campeonato de Equita\u00e7\u00e3o - Jornal Terras de Basto","description":"Diogo Almeida, aluno do Agrupamento de Escolas de Ribeira de Pena, venceu a prova de \u201cWorking Trails\u201d nos VI Jogos de Portugal - Campeonato Nacional Equita\u00e7\u00e3o Norte\/2024, que decorreram de 2 a 4 de outubro em Oeiras, anunciou fonte do Centro H\u00edpico de Pedras Salgadas.","robots":{"index":"index","follow":"follow","max-snippet":"max-snippet:-1","max-image-preview":"max-image-preview:large","max-video-preview":"max-video-preview:-1"},"canonical":"https:\/\/terrasdebasto.pt\/?p=2411","og_locale":"pt_PT","og_type":"article","og_title":"Aluno de Ribeira de Pena vence nos \u201cWorking Trails\u201d do Campeonato de Equita\u00e7\u00e3o - Jornal Terras de Basto","og_description":"Diogo Almeida, aluno do Agrupamento de Escolas de Ribeira de Pena, venceu a prova de \u201cWorking Trails\u201d nos VI Jogos de Portugal - Campeonato Nacional Equita\u00e7\u00e3o Norte\/2024, que decorreram de 2 a 4 de outubro em Oeiras, anunciou fonte do Centro H\u00edpico de Pedras Salgadas.","og_url":"https:\/\/terrasdebasto.pt\/?p=2411","og_site_name":"Jornal Terras de Basto","article_published_time":"2024-10-07T12:16:22+00:00","article_modified_time":"2024-10-07T18:14:58+00:00","og_image":[{"width":1029,"height":738,"url":"https:\/\/terrasdebasto.pt\/wp-content\/uploads\/2024\/10\/DIOGO-ALMEIDA-1.jpg","type":"image\/jpeg"}],"author":"Jo\u00e3o Paulo Mesquita","twitter_card":"summary_large_image","twitter_misc":{"Escrito por":"Jo\u00e3o Paulo Mesquita","Tempo estimado de leitura":"3 minutos"},"schema":{"@context":"https:\/\/schema.org","@graph":[{"@type":"Article","@id":"https:\/\/terrasdebasto.pt\/?p=2411#article","isPartOf":{"@id":"https:\/\/terrasdebasto.pt\/?p=2411"},"author":{"name":"Jo\u00e3o Paulo Mesquita","@id":"https:\/\/terrasdebasto.pt\/#\/schema\/person\/9f6739f5394ac65c802641773b278b84"},"headline":"Aluno de Ribeira de Pena vence nos \u201cWorking Trails\u201d do Campeonato de Equita\u00e7\u00e3o","datePublished":"2024-10-07T12:16:22+00:00","dateModified":"2024-10-07T18:14:58+00:00","mainEntityOfPage":{"@id":"https:\/\/terrasdebasto.pt\/?p=2411"},"wordCount":356,"commentCount":0,"publisher":{"@id":"https:\/\/terrasdebasto.pt\/#organization"},"image":{"@id":"https:\/\/terrasdebasto.pt\/?p=2411#primaryimage"},"thumbnailUrl":"https:\/\/terrasdebasto.pt\/wp-content\/uploads\/2024\/10\/DIOGO-ALMEIDA-1.jpg","keywords":["Diogo Almeida","Educa\u00e7\u00e3o","Ribeira de Pena","Special Plympics"],"articleSection":["Educa\u00e7\u00e3o","Ribeira de Pena"],"inLanguage":"pt-PT","potentialAction":[{"@type":"CommentAction","name":"Comment","target":["https:\/\/terrasdebasto.pt\/?p=2411#respond"]}]},{"@type":"WebPage","@id":"https:\/\/terrasdebasto.pt\/?p=2411","url":"https:\/\/terrasdebasto.pt\/?p=2411","name":"Aluno de Ribeira de Pena vence nos \u201cWorking Trails\u201d do Campeonato de Equita\u00e7\u00e3o - Jornal Terras de Basto","isPartOf":{"@id":"https:\/\/terrasdebasto.pt\/#website"},"primaryImageOfPage":{"@id":"https:\/\/terrasdebasto.pt\/?p=2411#primaryimage"},"image":{"@id":"https:\/\/terrasdebasto.pt\/?p=2411#primaryimage"},"thumbnailUrl":"https:\/\/terrasdebasto.pt\/wp-content\/uploads\/2024\/10\/DIOGO-ALMEIDA-1.jpg","datePublished":"2024-10-07T12:16:22+00:00","dateModified":"2024-10-07T18:14:58+00:00","description":"Diogo Almeida, aluno do Agrupamento de Escolas de Ribeira de Pena, venceu a prova de \u201cWorking Trails\u201d nos VI Jogos de Portugal - Campeonato Nacional Equita\u00e7\u00e3o Norte\/2024, que decorreram de 2 a 4 de outubro em Oeiras, anunciou fonte do Centro H\u00edpico de Pedras Salgadas.","breadcrumb":{"@id":"https:\/\/terrasdebasto.pt\/?p=2411#breadcrumb"},"inLanguage":"pt-PT","potentialAction":[{"@type":"ReadAction","target":["https:\/\/terrasdebasto.pt\/?p=2411"]}]},{"@type":"ImageObject","inLanguage":"pt-PT","@id":"https:\/\/terrasdebasto.pt\/?p=2411#primaryimage","url":"https:\/\/terrasdebasto.pt\/wp-content\/uploads\/2024\/10\/DIOGO-ALMEIDA-1.jpg","contentUrl":"https:\/\/terrasdebasto.pt\/wp-content\/uploads\/2024\/10\/DIOGO-ALMEIDA-1.jpg","width":1029,"height":738},{"@type":"BreadcrumbList","@id":"https:\/\/terrasdebasto.pt\/?p=2411#breadcrumb","itemListElement":[{"@type":"ListItem","position":1,"name":"In\u00edcio","item":"https:\/\/terrasdebasto.pt\/"},{"@type":"ListItem","position":2,"name":"Aluno de Ribeira de Pena vence nos \u201cWorking Trails\u201d do Campeonato de Equita\u00e7\u00e3o"}]},{"@type":"WebSite","@id":"https:\/\/terrasdebasto.pt\/#website","url":"https:\/\/terrasdebasto.pt\/","name":"Jornal Terras de Basto","description":"","publisher":{"@id":"https:\/\/terrasdebasto.pt\/#organization"},"potentialAction":[{"@type":"SearchAction","target":{"@type":"EntryPoint","urlTemplate":"https:\/\/terrasdebasto.pt\/?s={search_term_string}"},"query-input":{"@type":"PropertyValueSpecification","valueRequired":true,"valueName":"search_term_string"}}],"inLanguage":"pt-PT"},{"@type":"Organization","@id":"https:\/\/terrasdebasto.pt\/#organization","name":"Jornal Terras de Basto","url":"https:\/\/terrasdebasto.pt\/","logo":{"@type":"ImageObject","inLanguage":"pt-PT","@id":"https:\/\/terrasdebasto.pt\/#\/schema\/logo\/image\/","url":"https:\/\/terrasdebasto.pt\/wp-content\/uploads\/2024\/06\/LogoNormal.png","contentUrl":"https:\/\/terrasdebasto.pt\/wp-content\/uploads\/2024\/06\/LogoNormal.png","width":5638,"height":809,"caption":"Jornal Terras de Basto"},"image":{"@id":"https:\/\/terrasdebasto.pt\/#\/schema\/logo\/image\/"}},{"@type":"Person","@id":"https:\/\/terrasdebasto.pt\/#\/schema\/person\/9f6739f5394ac65c802641773b278b84","name":"Jo\u00e3o Paulo Mesquita","image":{"@type":"ImageObject","inLanguage":"pt-PT","@id":"https:\/\/terrasdebasto.pt\/#\/schema\/person\/image\/","url":"https:\/\/secure.gravatar.com\/avatar\/9bd0f299e6d96336664aab64354168246a3ee3287c47891c50d450e47ed9d7f9?s=96&d=mm&r=g","contentUrl":"https:\/\/secure.gravatar.com\/avatar\/9bd0f299e6d96336664aab64354168246a3ee3287c47891c50d450e47ed9d7f9?s=96&d=mm&r=g","caption":"Jo\u00e3o Paulo Mesquita"},"url":"https:\/\/terrasdebasto.pt\/?author=7"}]}},"_links":{"self":[{"href":"https:\/\/terrasdebasto.pt\/index.php?rest_route=\/wp\/v2\/posts\/2411","targetHints":{"allow":["GET"]}}],"collection":[{"href":"https:\/\/terrasdebasto.pt\/index.php?rest_route=\/wp\/v2\/posts"}],"about":[{"href":"https:\/\/terrasdebasto.pt\/index.php?rest_route=\/wp\/v2\/types\/post"}],"author":[{"embeddable":true,"href":"https:\/\/terrasdebasto.pt\/index.php?rest_route=\/wp\/v2\/users\/7"}],"replies":[{"embeddable":true,"href":"https:\/\/terrasdebasto.pt\/index.php?rest_route=%2Fwp%2Fv2%2Fcomments&post=2411"}],"version-history":[{"count":2,"href":"https:\/\/terrasdebasto.pt\/index.php?rest_route=\/wp\/v2\/posts\/2411\/revisions"}],"predecessor-version":[{"id":2420,"href":"https:\/\/terrasdebasto.pt\/index.php?rest_route=\/wp\/v2\/posts\/2411\/revisions\/2420"}],"wp:featuredmedia":[{"embeddable":true,"href":"https:\/\/terrasdebasto.pt\/index.php?rest_route=\/wp\/v2\/media\/2412"}],"wp:attachment":[{"href":"https:\/\/terrasdebasto.pt\/index.php?rest_route=%2Fwp%2Fv2%2Fmedia&parent=2411"}],"wp:term":[{"taxonomy":"category","embeddable":true,"href":"https:\/\/terrasdebasto.pt\/index.php?rest_route=%2Fwp%2Fv2%2Fcategories&post=2411"},{"taxonomy":"post_tag","embeddable":true,"href":"https:\/\/terrasdebasto.pt\/index.php?rest_route=%2Fwp%2Fv2%2Ftags&post=2411"}],"curies":[{"name":"wp","href":"https:\/\/api.w.org\/{rel}","templated":true}]}}