{"id":2031,"date":"2024-09-14T22:29:43","date_gmt":"2024-09-14T22:29:43","guid":{"rendered":"https:\/\/terrasdebasto.pt\/?p=2031"},"modified":"2024-09-15T00:08:12","modified_gmt":"2024-09-15T00:08:12","slug":"cemiterio-municipal-de-cabeceiras-recusa-enterramento","status":"publish","type":"post","link":"https:\/\/terrasdebasto.pt\/?p=2031","title":{"rendered":"Cemit\u00e9rio Municipal de Cabeceiras recusa enterramento"},"content":{"rendered":"\n<p><strong>O Cemit\u00e9rio Municipal de Refojos, em Cabeceiras de Basto, recusou este s\u00e1bado (14) o enterramento de uma senhora, falecida num lar residencial da vila, o que acontece, alegadamente, por falta de espa\u00e7o.<\/strong><\/p>\n\n\n\n<p><strong>Fonte familiar disse ao Terras de Basto que lhe foi sugerido o enterramento no cemit\u00e9rio de Santa Senhorinha ou ent\u00e3o na terra natal da falecida, a freguesia de Atei, em Mondim de Basto.<\/strong><\/p>\n\n\n\n<p>\u00abSomos naturais de Atei, mas vivemos h\u00e1 muitos anos no concelho de Cabeceiras de Basto, primeiro em Vila Nune e, desde 2017, na vila, antes de irmos os dois para o lar da Miseric\u00f3rdia; t\u00ednhamos falado, eu e a minha mulher, que ir\u00edamos ficar enterrados no cemit\u00e9rio de Cabeceiras e agora fazem-nos isto\u201d, contou Arlindo M. a este jornal.<\/p>\n\n\n\n<p>As cerim\u00f3nias f\u00fanebres \u2014 foi poss\u00edvel saber junto da ag\u00eancia funer\u00e1ria \u2014 chegaram a estar agendadas com o p\u00e1roco de Refojos, estando \u00abtudo marcado\u00bb para que se realizasse a traslada\u00e7\u00e3o do corpo para o Cemit\u00e9rio Municipal.<\/p>\n\n\n\n<p>\u00abDepois de tudo tratado com o senhor padre, foi-nos dito pelo coveiro que n\u00e3o iria ser poss\u00edvel sepultar ali a minha mulher\u2026 Que tinha de ir para terra dela; ora, t\u00ednhamos combinado que ir\u00edamos ficar os dois aqui; isto n\u00e3o tem jeito nenhum\u00bb, diz o marido, adiantando que o assunto motivou \u00abum contacto do coveiro com o vereador\u00bb, que n\u00e3o resultou em nada de diferente.<\/p>\n\n\n\n<p>\u00abDisseram-me para a levar para Santa Senhorinha, mas Santa Senhorinha n\u00e3o me diz nada\u2026 Ela queria ficar em Cabeceiras, como eu queria\u00bb, adianta o familiar, acrescentando que, face a esta situa\u00e7\u00e3o, resolveu fazer o funeral em Atei, onde vai de facto acontecer este domingo (15).<\/p>\n\n\n\n<p>\u00abEstou revoltado com isto; a minha mulher n\u00e3o p\u00f4de ser enterrada na terra de que gostava, onde estava recenseada, como eu estou, h\u00e1 tantos anos\u00bb, desabafou.<\/p>\n\n\n\n<p>O Terras de Basto sabe que os servi\u00e7os municipais fizeram, h\u00e1 mais de um ano, o levantamento das sepulturas abandonadas, altura em que existiam seis sepulturas de reserva, que, entretanto, ter\u00e3o sido tamb\u00e9m vendidas.<\/p>\n\n\n\n<p>Sabe tamb\u00e9m que durante a recente pandemia j\u00e1 se falava da necessidade de ampliar o cemit\u00e9rio e que essa vontade tem esbarrado na indisponibilidade dos propriet\u00e1rios circundantes para vender terreno \u00e0 autarquia.<\/p>\n\n\n\n<p>\u00abHoje, se acontecer alguma trag\u00e9dia em que morram v\u00e1rias pessoas, n\u00e3o h\u00e1 sepulturas\u00bb, sublinha outra fonte ouvida por este jornal.<\/p>\n\n\n\n<p>Uma outra fonte aduziu, entretanto, que o Cemit\u00e9rio Municipal poderia ter espa\u00e7os vagos \u00abse a sua gest\u00e3o fosse mais cuidada\u00bb, afirma\u00e7\u00e3o que tentou provar com um caso pessoal: \u00abem mar\u00e7o, pedi a traslada\u00e7\u00e3o de um familiar meu de uma sepultura tempor\u00e1ria para a sepultura adquirida pela fam\u00edlia; at\u00e9 hoje n\u00e3o obtive qualquer resposta; ou seja, se tivessem sido mais r\u00e1pidos, conforme me foi prometido, talvez j\u00e1 houvesse o espa\u00e7o de que precisam no cemit\u00e9rio\u00bb, conta.<\/p>\n\n\n\n<p>O Terras de Basto tentou ouvir o Munic\u00edpio de Cabeceiras de Basto sobre este assunto, mas ainda n\u00e3o foi poss\u00edvel. [JPM].<\/p>\n","protected":false},"excerpt":{"rendered":"<p>O Cemit\u00e9rio Municipal de Refojos, em Cabeceiras de Basto, recusou este s\u00e1bado (14) o enterramento de uma senhora, falecida num lar residencial da vila, o que acontece, alegadamente, por falta de espa\u00e7o. Fonte familiar disse ao Terras de Basto que lhe foi sugerido o enterramento no cemit\u00e9rio de Santa Senhorinha ou ent\u00e3o na terra natal [&hellip;]<\/p>\n","protected":false},"author":7,"featured_media":2032,"comment_status":"open","ping_status":"open","sticky":false,"template":"","format":"standard","meta":{"footnotes":""},"categories":[12],"tags":[29,444,445],"class_list":{"0":"post-2031","1":"post","2":"type-post","3":"status-publish","4":"format-standard","5":"has-post-thumbnail","7":"category-cabeceiras-de-basto","8":"tag-cabeceiras-de-basto","9":"tag-cemiterio-municipal-de-refojos","10":"tag-enterramento"},"yoast_head":"<!-- This site is optimized with the Yoast SEO plugin v25.7 - https:\/\/yoast.com\/wordpress\/plugins\/seo\/ -->\n<title>Cemit\u00e9rio Municipal de Cabeceiras recusa enterramento - Jornal Terras de Basto<\/title>\n<meta name=\"description\" content=\"O Cemit\u00e9rio Municipal de Cabeceiras de Basto recusou, este s\u00e1bado (14), o enterramento de uma senhora, falecida num lar residencial da vila, o que acontece, alegadamente, por falta de espa\u00e7o.\" \/>\n<meta name=\"robots\" content=\"index, follow, max-snippet:-1, max-image-preview:large, max-video-preview:-1\" \/>\n<link rel=\"canonical\" href=\"https:\/\/terrasdebasto.pt\/?p=2031\" \/>\n<meta property=\"og:locale\" content=\"pt_PT\" \/>\n<meta property=\"og:type\" content=\"article\" \/>\n<meta property=\"og:title\" content=\"Cemit\u00e9rio Municipal de Cabeceiras recusa enterramento - Jornal Terras de Basto\" \/>\n<meta property=\"og:description\" content=\"O Cemit\u00e9rio Municipal de Cabeceiras de Basto recusou, este s\u00e1bado (14), o enterramento de uma senhora, falecida num lar residencial da vila, o que acontece, alegadamente, por falta de espa\u00e7o.\" \/>\n<meta property=\"og:url\" content=\"https:\/\/terrasdebasto.pt\/?p=2031\" \/>\n<meta property=\"og:site_name\" content=\"Jornal Terras de Basto\" \/>\n<meta property=\"article:published_time\" content=\"2024-09-14T22:29:43+00:00\" \/>\n<meta property=\"article:modified_time\" content=\"2024-09-15T00:08:12+00:00\" \/>\n<meta property=\"og:image\" content=\"https:\/\/terrasdebasto.pt\/wp-content\/uploads\/2024\/09\/CEMITERIO-REFOJOS.jpg\" \/>\n\t<meta property=\"og:image:width\" content=\"864\" \/>\n\t<meta property=\"og:image:height\" content=\"451\" \/>\n\t<meta property=\"og:image:type\" content=\"image\/jpeg\" \/>\n<meta name=\"author\" content=\"Jo\u00e3o Paulo Mesquita\" \/>\n<meta name=\"twitter:card\" content=\"summary_large_image\" \/>\n<meta name=\"twitter:label1\" content=\"Escrito por\" \/>\n\t<meta name=\"twitter:data1\" content=\"Jo\u00e3o Paulo Mesquita\" \/>\n\t<meta name=\"twitter:label2\" content=\"Tempo estimado de leitura\" \/>\n\t<meta name=\"twitter:data2\" content=\"3 minutos\" \/>\n<script type=\"application\/ld+json\" class=\"yoast-schema-graph\">{\"@context\":\"https:\/\/schema.org\",\"@graph\":[{\"@type\":\"Article\",\"@id\":\"https:\/\/terrasdebasto.pt\/?p=2031#article\",\"isPartOf\":{\"@id\":\"https:\/\/terrasdebasto.pt\/?p=2031\"},\"author\":{\"name\":\"Jo\u00e3o Paulo Mesquita\",\"@id\":\"https:\/\/terrasdebasto.pt\/#\/schema\/person\/9f6739f5394ac65c802641773b278b84\"},\"headline\":\"Cemit\u00e9rio Municipal de Cabeceiras recusa enterramento\",\"datePublished\":\"2024-09-14T22:29:43+00:00\",\"dateModified\":\"2024-09-15T00:08:12+00:00\",\"mainEntityOfPage\":{\"@id\":\"https:\/\/terrasdebasto.pt\/?p=2031\"},\"wordCount\":530,\"commentCount\":0,\"publisher\":{\"@id\":\"https:\/\/terrasdebasto.pt\/#organization\"},\"image\":{\"@id\":\"https:\/\/terrasdebasto.pt\/?p=2031#primaryimage\"},\"thumbnailUrl\":\"https:\/\/terrasdebasto.pt\/wp-content\/uploads\/2024\/09\/CEMITERIO-REFOJOS.jpg\",\"keywords\":[\"Cabeceiras de Basto\",\"Cemit\u00e9rio Municipal de Refojos\",\"Enterramento\"],\"articleSection\":[\"Cabeceiras de Basto\"],\"inLanguage\":\"pt-PT\",\"potentialAction\":[{\"@type\":\"CommentAction\",\"name\":\"Comment\",\"target\":[\"https:\/\/terrasdebasto.pt\/?p=2031#respond\"]}]},{\"@type\":\"WebPage\",\"@id\":\"https:\/\/terrasdebasto.pt\/?p=2031\",\"url\":\"https:\/\/terrasdebasto.pt\/?p=2031\",\"name\":\"Cemit\u00e9rio Municipal de Cabeceiras recusa enterramento - Jornal Terras de Basto\",\"isPartOf\":{\"@id\":\"https:\/\/terrasdebasto.pt\/#website\"},\"primaryImageOfPage\":{\"@id\":\"https:\/\/terrasdebasto.pt\/?p=2031#primaryimage\"},\"image\":{\"@id\":\"https:\/\/terrasdebasto.pt\/?p=2031#primaryimage\"},\"thumbnailUrl\":\"https:\/\/terrasdebasto.pt\/wp-content\/uploads\/2024\/09\/CEMITERIO-REFOJOS.jpg\",\"datePublished\":\"2024-09-14T22:29:43+00:00\",\"dateModified\":\"2024-09-15T00:08:12+00:00\",\"description\":\"O Cemit\u00e9rio Municipal de Cabeceiras de Basto recusou, este s\u00e1bado (14), o enterramento de uma senhora, falecida num lar residencial da vila, o que acontece, alegadamente, por falta de espa\u00e7o.\",\"breadcrumb\":{\"@id\":\"https:\/\/terrasdebasto.pt\/?p=2031#breadcrumb\"},\"inLanguage\":\"pt-PT\",\"potentialAction\":[{\"@type\":\"ReadAction\",\"target\":[\"https:\/\/terrasdebasto.pt\/?p=2031\"]}]},{\"@type\":\"ImageObject\",\"inLanguage\":\"pt-PT\",\"@id\":\"https:\/\/terrasdebasto.pt\/?p=2031#primaryimage\",\"url\":\"https:\/\/terrasdebasto.pt\/wp-content\/uploads\/2024\/09\/CEMITERIO-REFOJOS.jpg\",\"contentUrl\":\"https:\/\/terrasdebasto.pt\/wp-content\/uploads\/2024\/09\/CEMITERIO-REFOJOS.jpg\",\"width\":864,\"height\":451},{\"@type\":\"BreadcrumbList\",\"@id\":\"https:\/\/terrasdebasto.pt\/?p=2031#breadcrumb\",\"itemListElement\":[{\"@type\":\"ListItem\",\"position\":1,\"name\":\"In\u00edcio\",\"item\":\"https:\/\/terrasdebasto.pt\/\"},{\"@type\":\"ListItem\",\"position\":2,\"name\":\"Cemit\u00e9rio Municipal de Cabeceiras recusa enterramento\"}]},{\"@type\":\"WebSite\",\"@id\":\"https:\/\/terrasdebasto.pt\/#website\",\"url\":\"https:\/\/terrasdebasto.pt\/\",\"name\":\"Jornal Terras de Basto\",\"description\":\"\",\"publisher\":{\"@id\":\"https:\/\/terrasdebasto.pt\/#organization\"},\"potentialAction\":[{\"@type\":\"SearchAction\",\"target\":{\"@type\":\"EntryPoint\",\"urlTemplate\":\"https:\/\/terrasdebasto.pt\/?s={search_term_string}\"},\"query-input\":{\"@type\":\"PropertyValueSpecification\",\"valueRequired\":true,\"valueName\":\"search_term_string\"}}],\"inLanguage\":\"pt-PT\"},{\"@type\":\"Organization\",\"@id\":\"https:\/\/terrasdebasto.pt\/#organization\",\"name\":\"Jornal Terras de Basto\",\"url\":\"https:\/\/terrasdebasto.pt\/\",\"logo\":{\"@type\":\"ImageObject\",\"inLanguage\":\"pt-PT\",\"@id\":\"https:\/\/terrasdebasto.pt\/#\/schema\/logo\/image\/\",\"url\":\"https:\/\/terrasdebasto.pt\/wp-content\/uploads\/2024\/06\/LogoNormal.png\",\"contentUrl\":\"https:\/\/terrasdebasto.pt\/wp-content\/uploads\/2024\/06\/LogoNormal.png\",\"width\":5638,\"height\":809,\"caption\":\"Jornal Terras de Basto\"},\"image\":{\"@id\":\"https:\/\/terrasdebasto.pt\/#\/schema\/logo\/image\/\"}},{\"@type\":\"Person\",\"@id\":\"https:\/\/terrasdebasto.pt\/#\/schema\/person\/9f6739f5394ac65c802641773b278b84\",\"name\":\"Jo\u00e3o Paulo Mesquita\",\"image\":{\"@type\":\"ImageObject\",\"inLanguage\":\"pt-PT\",\"@id\":\"https:\/\/terrasdebasto.pt\/#\/schema\/person\/image\/\",\"url\":\"https:\/\/secure.gravatar.com\/avatar\/9bd0f299e6d96336664aab64354168246a3ee3287c47891c50d450e47ed9d7f9?s=96&d=mm&r=g\",\"contentUrl\":\"https:\/\/secure.gravatar.com\/avatar\/9bd0f299e6d96336664aab64354168246a3ee3287c47891c50d450e47ed9d7f9?s=96&d=mm&r=g\",\"caption\":\"Jo\u00e3o Paulo Mesquita\"},\"url\":\"https:\/\/terrasdebasto.pt\/?author=7\"}]}<\/script>\n<!-- \/ Yoast SEO plugin. -->","yoast_head_json":{"title":"Cemit\u00e9rio Municipal de Cabeceiras recusa enterramento - Jornal Terras de Basto","description":"O Cemit\u00e9rio Municipal de Cabeceiras de Basto recusou, este s\u00e1bado (14), o enterramento de uma senhora, falecida num lar residencial da vila, o que acontece, alegadamente, por falta de espa\u00e7o.","robots":{"index":"index","follow":"follow","max-snippet":"max-snippet:-1","max-image-preview":"max-image-preview:large","max-video-preview":"max-video-preview:-1"},"canonical":"https:\/\/terrasdebasto.pt\/?p=2031","og_locale":"pt_PT","og_type":"article","og_title":"Cemit\u00e9rio Municipal de Cabeceiras recusa enterramento - Jornal Terras de Basto","og_description":"O Cemit\u00e9rio Municipal de Cabeceiras de Basto recusou, este s\u00e1bado (14), o enterramento de uma senhora, falecida num lar residencial da vila, o que acontece, alegadamente, por falta de espa\u00e7o.","og_url":"https:\/\/terrasdebasto.pt\/?p=2031","og_site_name":"Jornal Terras de Basto","article_published_time":"2024-09-14T22:29:43+00:00","article_modified_time":"2024-09-15T00:08:12+00:00","og_image":[{"width":864,"height":451,"url":"https:\/\/terrasdebasto.pt\/wp-content\/uploads\/2024\/09\/CEMITERIO-REFOJOS.jpg","type":"image\/jpeg"}],"author":"Jo\u00e3o Paulo Mesquita","twitter_card":"summary_large_image","twitter_misc":{"Escrito por":"Jo\u00e3o Paulo Mesquita","Tempo estimado de leitura":"3 minutos"},"schema":{"@context":"https:\/\/schema.org","@graph":[{"@type":"Article","@id":"https:\/\/terrasdebasto.pt\/?p=2031#article","isPartOf":{"@id":"https:\/\/terrasdebasto.pt\/?p=2031"},"author":{"name":"Jo\u00e3o Paulo Mesquita","@id":"https:\/\/terrasdebasto.pt\/#\/schema\/person\/9f6739f5394ac65c802641773b278b84"},"headline":"Cemit\u00e9rio Municipal de Cabeceiras recusa enterramento","datePublished":"2024-09-14T22:29:43+00:00","dateModified":"2024-09-15T00:08:12+00:00","mainEntityOfPage":{"@id":"https:\/\/terrasdebasto.pt\/?p=2031"},"wordCount":530,"commentCount":0,"publisher":{"@id":"https:\/\/terrasdebasto.pt\/#organization"},"image":{"@id":"https:\/\/terrasdebasto.pt\/?p=2031#primaryimage"},"thumbnailUrl":"https:\/\/terrasdebasto.pt\/wp-content\/uploads\/2024\/09\/CEMITERIO-REFOJOS.jpg","keywords":["Cabeceiras de Basto","Cemit\u00e9rio Municipal de Refojos","Enterramento"],"articleSection":["Cabeceiras de Basto"],"inLanguage":"pt-PT","potentialAction":[{"@type":"CommentAction","name":"Comment","target":["https:\/\/terrasdebasto.pt\/?p=2031#respond"]}]},{"@type":"WebPage","@id":"https:\/\/terrasdebasto.pt\/?p=2031","url":"https:\/\/terrasdebasto.pt\/?p=2031","name":"Cemit\u00e9rio Municipal de Cabeceiras recusa enterramento - Jornal Terras de Basto","isPartOf":{"@id":"https:\/\/terrasdebasto.pt\/#website"},"primaryImageOfPage":{"@id":"https:\/\/terrasdebasto.pt\/?p=2031#primaryimage"},"image":{"@id":"https:\/\/terrasdebasto.pt\/?p=2031#primaryimage"},"thumbnailUrl":"https:\/\/terrasdebasto.pt\/wp-content\/uploads\/2024\/09\/CEMITERIO-REFOJOS.jpg","datePublished":"2024-09-14T22:29:43+00:00","dateModified":"2024-09-15T00:08:12+00:00","description":"O Cemit\u00e9rio Municipal de Cabeceiras de Basto recusou, este s\u00e1bado (14), o enterramento de uma senhora, falecida num lar residencial da vila, o que acontece, alegadamente, por falta de espa\u00e7o.","breadcrumb":{"@id":"https:\/\/terrasdebasto.pt\/?p=2031#breadcrumb"},"inLanguage":"pt-PT","potentialAction":[{"@type":"ReadAction","target":["https:\/\/terrasdebasto.pt\/?p=2031"]}]},{"@type":"ImageObject","inLanguage":"pt-PT","@id":"https:\/\/terrasdebasto.pt\/?p=2031#primaryimage","url":"https:\/\/terrasdebasto.pt\/wp-content\/uploads\/2024\/09\/CEMITERIO-REFOJOS.jpg","contentUrl":"https:\/\/terrasdebasto.pt\/wp-content\/uploads\/2024\/09\/CEMITERIO-REFOJOS.jpg","width":864,"height":451},{"@type":"BreadcrumbList","@id":"https:\/\/terrasdebasto.pt\/?p=2031#breadcrumb","itemListElement":[{"@type":"ListItem","position":1,"name":"In\u00edcio","item":"https:\/\/terrasdebasto.pt\/"},{"@type":"ListItem","position":2,"name":"Cemit\u00e9rio Municipal de Cabeceiras recusa enterramento"}]},{"@type":"WebSite","@id":"https:\/\/terrasdebasto.pt\/#website","url":"https:\/\/terrasdebasto.pt\/","name":"Jornal Terras de Basto","description":"","publisher":{"@id":"https:\/\/terrasdebasto.pt\/#organization"},"potentialAction":[{"@type":"SearchAction","target":{"@type":"EntryPoint","urlTemplate":"https:\/\/terrasdebasto.pt\/?s={search_term_string}"},"query-input":{"@type":"PropertyValueSpecification","valueRequired":true,"valueName":"search_term_string"}}],"inLanguage":"pt-PT"},{"@type":"Organization","@id":"https:\/\/terrasdebasto.pt\/#organization","name":"Jornal Terras de Basto","url":"https:\/\/terrasdebasto.pt\/","logo":{"@type":"ImageObject","inLanguage":"pt-PT","@id":"https:\/\/terrasdebasto.pt\/#\/schema\/logo\/image\/","url":"https:\/\/terrasdebasto.pt\/wp-content\/uploads\/2024\/06\/LogoNormal.png","contentUrl":"https:\/\/terrasdebasto.pt\/wp-content\/uploads\/2024\/06\/LogoNormal.png","width":5638,"height":809,"caption":"Jornal Terras de Basto"},"image":{"@id":"https:\/\/terrasdebasto.pt\/#\/schema\/logo\/image\/"}},{"@type":"Person","@id":"https:\/\/terrasdebasto.pt\/#\/schema\/person\/9f6739f5394ac65c802641773b278b84","name":"Jo\u00e3o Paulo Mesquita","image":{"@type":"ImageObject","inLanguage":"pt-PT","@id":"https:\/\/terrasdebasto.pt\/#\/schema\/person\/image\/","url":"https:\/\/secure.gravatar.com\/avatar\/9bd0f299e6d96336664aab64354168246a3ee3287c47891c50d450e47ed9d7f9?s=96&d=mm&r=g","contentUrl":"https:\/\/secure.gravatar.com\/avatar\/9bd0f299e6d96336664aab64354168246a3ee3287c47891c50d450e47ed9d7f9?s=96&d=mm&r=g","caption":"Jo\u00e3o Paulo Mesquita"},"url":"https:\/\/terrasdebasto.pt\/?author=7"}]}},"_links":{"self":[{"href":"https:\/\/terrasdebasto.pt\/index.php?rest_route=\/wp\/v2\/posts\/2031","targetHints":{"allow":["GET"]}}],"collection":[{"href":"https:\/\/terrasdebasto.pt\/index.php?rest_route=\/wp\/v2\/posts"}],"about":[{"href":"https:\/\/terrasdebasto.pt\/index.php?rest_route=\/wp\/v2\/types\/post"}],"author":[{"embeddable":true,"href":"https:\/\/terrasdebasto.pt\/index.php?rest_route=\/wp\/v2\/users\/7"}],"replies":[{"embeddable":true,"href":"https:\/\/terrasdebasto.pt\/index.php?rest_route=%2Fwp%2Fv2%2Fcomments&post=2031"}],"version-history":[{"count":1,"href":"https:\/\/terrasdebasto.pt\/index.php?rest_route=\/wp\/v2\/posts\/2031\/revisions"}],"predecessor-version":[{"id":2033,"href":"https:\/\/terrasdebasto.pt\/index.php?rest_route=\/wp\/v2\/posts\/2031\/revisions\/2033"}],"wp:featuredmedia":[{"embeddable":true,"href":"https:\/\/terrasdebasto.pt\/index.php?rest_route=\/wp\/v2\/media\/2032"}],"wp:attachment":[{"href":"https:\/\/terrasdebasto.pt\/index.php?rest_route=%2Fwp%2Fv2%2Fmedia&parent=2031"}],"wp:term":[{"taxonomy":"category","embeddable":true,"href":"https:\/\/terrasdebasto.pt\/index.php?rest_route=%2Fwp%2Fv2%2Fcategories&post=2031"},{"taxonomy":"post_tag","embeddable":true,"href":"https:\/\/terrasdebasto.pt\/index.php?rest_route=%2Fwp%2Fv2%2Ftags&post=2031"}],"curies":[{"name":"wp","href":"https:\/\/api.w.org\/{rel}","templated":true}]}}