{"id":2028,"date":"2024-09-14T22:02:47","date_gmt":"2024-09-14T22:02:47","guid":{"rendered":"https:\/\/terrasdebasto.pt\/?p=2028"},"modified":"2024-09-14T22:03:54","modified_gmt":"2024-09-14T22:03:54","slug":"sapadores-de-moimenta-sem-viatura-para-ir-combater-fogo","status":"publish","type":"post","link":"https:\/\/terrasdebasto.pt\/?p=2028","title":{"rendered":"Sapadores de Moimenta sem viatura para ir combater fogo"},"content":{"rendered":"\n<p><\/p>\n\n\n\n<p><strong>A equipa de sapadores florestais da Comunidade Local dos Baldios de Moimenta e Rabi\u00e7ais, em Cabeceiras de Basto, n\u00e3o p\u00f4de participar no combate ao fogo que tem assolado a localidade por falta de transporte.<\/strong><\/p>\n\n\n\n<p>A informa\u00e7\u00e3o foi dada ao Terras de Basto por mais do que um comparte e posteriormente confirmada pelo presidente da dire\u00e7\u00e3o daquela comunidade de baldios, que justificou a situa\u00e7\u00e3o com um impedimento administrativo ao uso da viatura adstrita \u00e0quela equipa.<\/p>\n\n\n\n<p>\u00abEstamos de facto com essa limita\u00e7\u00e3o, que \u00e9 circunstancial, uma quest\u00e3o de homologa\u00e7\u00e3o da viatura pelo ICNF e tem de voltar \u00e0 inspe\u00e7\u00e3o\u00bb, disse Paulo Teixeira, em viagem, desconhecendo a exist\u00eancia do inc\u00eandio que lavrou desde as 00h20 de s\u00e1bado at\u00e9 ao final da tarde nas imedia\u00e7\u00f5es da Casa Florestal do Rolo, precisamente uma \u00e1rea recentemente concessionada a uma empresa privada no \u00e2mbito do \u201cmercado do carbono\u201d. [Reda\u00e7\u00e3o].<\/p>\n","protected":false},"excerpt":{"rendered":"<p>A equipa de sapadores florestais da Comunidade Local dos Baldios de Moimenta e Rabi\u00e7ais, em Cabeceiras de Basto, n\u00e3o p\u00f4de participar no combate ao fogo que tem assolado a localidade por falta de transporte. A informa\u00e7\u00e3o foi dada ao Terras de Basto por mais do que um comparte e posteriormente confirmada pelo presidente da dire\u00e7\u00e3o [&hellip;]<\/p>\n","protected":false},"author":7,"featured_media":2029,"comment_status":"open","ping_status":"open","sticky":false,"template":"","format":"standard","meta":{"footnotes":""},"categories":[12],"tags":[443,94,173,246],"class_list":{"0":"post-2028","1":"post","2":"type-post","3":"status-publish","4":"format-standard","5":"has-post-thumbnail","7":"category-cabeceiras-de-basto","8":"tag-baldios","9":"tag-incendio","10":"tag-moimenta","11":"tag-sapadores-florestais"},"yoast_head":"<!-- This site is optimized with the Yoast SEO plugin v25.7 - https:\/\/yoast.com\/wordpress\/plugins\/seo\/ -->\n<title>Sapadores de Moimenta sem viatura para ir combater fogo - Jornal Terras de Basto<\/title>\n<meta name=\"description\" content=\"A equipa de sapadores florestais da Comunidade Local dos Baldios de Moimenta e Rabi\u00e7ais, em Cabeceiras de Basto, n\u00e3o p\u00f4de participar no combate ao fogo que tem assolado a localidade por falta de transporte.\" \/>\n<meta name=\"robots\" content=\"index, follow, max-snippet:-1, max-image-preview:large, max-video-preview:-1\" \/>\n<link rel=\"canonical\" href=\"https:\/\/terrasdebasto.pt\/?p=2028\" \/>\n<meta property=\"og:locale\" content=\"pt_PT\" \/>\n<meta property=\"og:type\" content=\"article\" \/>\n<meta property=\"og:title\" content=\"Sapadores de Moimenta sem viatura para ir combater fogo - Jornal Terras de Basto\" \/>\n<meta property=\"og:description\" content=\"A equipa de sapadores florestais da Comunidade Local dos Baldios de Moimenta e Rabi\u00e7ais, em Cabeceiras de Basto, n\u00e3o p\u00f4de participar no combate ao fogo que tem assolado a localidade por falta de transporte.\" \/>\n<meta property=\"og:url\" content=\"https:\/\/terrasdebasto.pt\/?p=2028\" \/>\n<meta property=\"og:site_name\" content=\"Jornal Terras de Basto\" \/>\n<meta property=\"article:published_time\" content=\"2024-09-14T22:02:47+00:00\" \/>\n<meta property=\"article:modified_time\" content=\"2024-09-14T22:03:54+00:00\" \/>\n<meta property=\"og:image\" content=\"https:\/\/terrasdebasto.pt\/wp-content\/uploads\/2024\/09\/SAPADORES-1.jpg\" \/>\n\t<meta property=\"og:image:width\" content=\"860\" \/>\n\t<meta property=\"og:image:height\" content=\"484\" \/>\n\t<meta property=\"og:image:type\" content=\"image\/jpeg\" \/>\n<meta name=\"author\" content=\"Jo\u00e3o Paulo Mesquita\" \/>\n<meta name=\"twitter:card\" content=\"summary_large_image\" \/>\n<meta name=\"twitter:label1\" content=\"Escrito por\" \/>\n\t<meta name=\"twitter:data1\" content=\"Jo\u00e3o Paulo Mesquita\" \/>\n\t<meta name=\"twitter:label2\" content=\"Tempo estimado de leitura\" \/>\n\t<meta name=\"twitter:data2\" content=\"1 minuto\" \/>\n<script type=\"application\/ld+json\" class=\"yoast-schema-graph\">{\"@context\":\"https:\/\/schema.org\",\"@graph\":[{\"@type\":\"Article\",\"@id\":\"https:\/\/terrasdebasto.pt\/?p=2028#article\",\"isPartOf\":{\"@id\":\"https:\/\/terrasdebasto.pt\/?p=2028\"},\"author\":{\"name\":\"Jo\u00e3o Paulo Mesquita\",\"@id\":\"https:\/\/terrasdebasto.pt\/#\/schema\/person\/9f6739f5394ac65c802641773b278b84\"},\"headline\":\"Sapadores de Moimenta sem viatura para ir combater fogo\",\"datePublished\":\"2024-09-14T22:02:47+00:00\",\"dateModified\":\"2024-09-14T22:03:54+00:00\",\"mainEntityOfPage\":{\"@id\":\"https:\/\/terrasdebasto.pt\/?p=2028\"},\"wordCount\":164,\"commentCount\":0,\"publisher\":{\"@id\":\"https:\/\/terrasdebasto.pt\/#organization\"},\"image\":{\"@id\":\"https:\/\/terrasdebasto.pt\/?p=2028#primaryimage\"},\"thumbnailUrl\":\"https:\/\/terrasdebasto.pt\/wp-content\/uploads\/2024\/09\/SAPADORES-1.jpg\",\"keywords\":[\"Baldios\",\"inc\u00eandio\",\"Moimenta\",\"Sapadores Florestais\"],\"articleSection\":[\"Cabeceiras de Basto\"],\"inLanguage\":\"pt-PT\",\"potentialAction\":[{\"@type\":\"CommentAction\",\"name\":\"Comment\",\"target\":[\"https:\/\/terrasdebasto.pt\/?p=2028#respond\"]}]},{\"@type\":\"WebPage\",\"@id\":\"https:\/\/terrasdebasto.pt\/?p=2028\",\"url\":\"https:\/\/terrasdebasto.pt\/?p=2028\",\"name\":\"Sapadores de Moimenta sem viatura para ir combater fogo - Jornal Terras de Basto\",\"isPartOf\":{\"@id\":\"https:\/\/terrasdebasto.pt\/#website\"},\"primaryImageOfPage\":{\"@id\":\"https:\/\/terrasdebasto.pt\/?p=2028#primaryimage\"},\"image\":{\"@id\":\"https:\/\/terrasdebasto.pt\/?p=2028#primaryimage\"},\"thumbnailUrl\":\"https:\/\/terrasdebasto.pt\/wp-content\/uploads\/2024\/09\/SAPADORES-1.jpg\",\"datePublished\":\"2024-09-14T22:02:47+00:00\",\"dateModified\":\"2024-09-14T22:03:54+00:00\",\"description\":\"A equipa de sapadores florestais da Comunidade Local dos Baldios de Moimenta e Rabi\u00e7ais, em Cabeceiras de Basto, n\u00e3o p\u00f4de participar no combate ao fogo que tem assolado a localidade por falta de transporte.\",\"breadcrumb\":{\"@id\":\"https:\/\/terrasdebasto.pt\/?p=2028#breadcrumb\"},\"inLanguage\":\"pt-PT\",\"potentialAction\":[{\"@type\":\"ReadAction\",\"target\":[\"https:\/\/terrasdebasto.pt\/?p=2028\"]}]},{\"@type\":\"ImageObject\",\"inLanguage\":\"pt-PT\",\"@id\":\"https:\/\/terrasdebasto.pt\/?p=2028#primaryimage\",\"url\":\"https:\/\/terrasdebasto.pt\/wp-content\/uploads\/2024\/09\/SAPADORES-1.jpg\",\"contentUrl\":\"https:\/\/terrasdebasto.pt\/wp-content\/uploads\/2024\/09\/SAPADORES-1.jpg\",\"width\":860,\"height\":484,\"caption\":\"[Imagem meramente ilustrativa]\"},{\"@type\":\"BreadcrumbList\",\"@id\":\"https:\/\/terrasdebasto.pt\/?p=2028#breadcrumb\",\"itemListElement\":[{\"@type\":\"ListItem\",\"position\":1,\"name\":\"In\u00edcio\",\"item\":\"https:\/\/terrasdebasto.pt\/\"},{\"@type\":\"ListItem\",\"position\":2,\"name\":\"Sapadores de Moimenta sem viatura para ir combater fogo\"}]},{\"@type\":\"WebSite\",\"@id\":\"https:\/\/terrasdebasto.pt\/#website\",\"url\":\"https:\/\/terrasdebasto.pt\/\",\"name\":\"Jornal Terras de Basto\",\"description\":\"\",\"publisher\":{\"@id\":\"https:\/\/terrasdebasto.pt\/#organization\"},\"potentialAction\":[{\"@type\":\"SearchAction\",\"target\":{\"@type\":\"EntryPoint\",\"urlTemplate\":\"https:\/\/terrasdebasto.pt\/?s={search_term_string}\"},\"query-input\":{\"@type\":\"PropertyValueSpecification\",\"valueRequired\":true,\"valueName\":\"search_term_string\"}}],\"inLanguage\":\"pt-PT\"},{\"@type\":\"Organization\",\"@id\":\"https:\/\/terrasdebasto.pt\/#organization\",\"name\":\"Jornal Terras de Basto\",\"url\":\"https:\/\/terrasdebasto.pt\/\",\"logo\":{\"@type\":\"ImageObject\",\"inLanguage\":\"pt-PT\",\"@id\":\"https:\/\/terrasdebasto.pt\/#\/schema\/logo\/image\/\",\"url\":\"https:\/\/terrasdebasto.pt\/wp-content\/uploads\/2024\/06\/LogoNormal.png\",\"contentUrl\":\"https:\/\/terrasdebasto.pt\/wp-content\/uploads\/2024\/06\/LogoNormal.png\",\"width\":5638,\"height\":809,\"caption\":\"Jornal Terras de Basto\"},\"image\":{\"@id\":\"https:\/\/terrasdebasto.pt\/#\/schema\/logo\/image\/\"}},{\"@type\":\"Person\",\"@id\":\"https:\/\/terrasdebasto.pt\/#\/schema\/person\/9f6739f5394ac65c802641773b278b84\",\"name\":\"Jo\u00e3o Paulo Mesquita\",\"image\":{\"@type\":\"ImageObject\",\"inLanguage\":\"pt-PT\",\"@id\":\"https:\/\/terrasdebasto.pt\/#\/schema\/person\/image\/\",\"url\":\"https:\/\/secure.gravatar.com\/avatar\/9bd0f299e6d96336664aab64354168246a3ee3287c47891c50d450e47ed9d7f9?s=96&d=mm&r=g\",\"contentUrl\":\"https:\/\/secure.gravatar.com\/avatar\/9bd0f299e6d96336664aab64354168246a3ee3287c47891c50d450e47ed9d7f9?s=96&d=mm&r=g\",\"caption\":\"Jo\u00e3o Paulo Mesquita\"},\"url\":\"https:\/\/terrasdebasto.pt\/?author=7\"}]}<\/script>\n<!-- \/ Yoast SEO plugin. -->","yoast_head_json":{"title":"Sapadores de Moimenta sem viatura para ir combater fogo - Jornal Terras de Basto","description":"A equipa de sapadores florestais da Comunidade Local dos Baldios de Moimenta e Rabi\u00e7ais, em Cabeceiras de Basto, n\u00e3o p\u00f4de participar no combate ao fogo que tem assolado a localidade por falta de transporte.","robots":{"index":"index","follow":"follow","max-snippet":"max-snippet:-1","max-image-preview":"max-image-preview:large","max-video-preview":"max-video-preview:-1"},"canonical":"https:\/\/terrasdebasto.pt\/?p=2028","og_locale":"pt_PT","og_type":"article","og_title":"Sapadores de Moimenta sem viatura para ir combater fogo - Jornal Terras de Basto","og_description":"A equipa de sapadores florestais da Comunidade Local dos Baldios de Moimenta e Rabi\u00e7ais, em Cabeceiras de Basto, n\u00e3o p\u00f4de participar no combate ao fogo que tem assolado a localidade por falta de transporte.","og_url":"https:\/\/terrasdebasto.pt\/?p=2028","og_site_name":"Jornal Terras de Basto","article_published_time":"2024-09-14T22:02:47+00:00","article_modified_time":"2024-09-14T22:03:54+00:00","og_image":[{"width":860,"height":484,"url":"https:\/\/terrasdebasto.pt\/wp-content\/uploads\/2024\/09\/SAPADORES-1.jpg","type":"image\/jpeg"}],"author":"Jo\u00e3o Paulo Mesquita","twitter_card":"summary_large_image","twitter_misc":{"Escrito por":"Jo\u00e3o Paulo Mesquita","Tempo estimado de leitura":"1 minuto"},"schema":{"@context":"https:\/\/schema.org","@graph":[{"@type":"Article","@id":"https:\/\/terrasdebasto.pt\/?p=2028#article","isPartOf":{"@id":"https:\/\/terrasdebasto.pt\/?p=2028"},"author":{"name":"Jo\u00e3o Paulo Mesquita","@id":"https:\/\/terrasdebasto.pt\/#\/schema\/person\/9f6739f5394ac65c802641773b278b84"},"headline":"Sapadores de Moimenta sem viatura para ir combater fogo","datePublished":"2024-09-14T22:02:47+00:00","dateModified":"2024-09-14T22:03:54+00:00","mainEntityOfPage":{"@id":"https:\/\/terrasdebasto.pt\/?p=2028"},"wordCount":164,"commentCount":0,"publisher":{"@id":"https:\/\/terrasdebasto.pt\/#organization"},"image":{"@id":"https:\/\/terrasdebasto.pt\/?p=2028#primaryimage"},"thumbnailUrl":"https:\/\/terrasdebasto.pt\/wp-content\/uploads\/2024\/09\/SAPADORES-1.jpg","keywords":["Baldios","inc\u00eandio","Moimenta","Sapadores Florestais"],"articleSection":["Cabeceiras de Basto"],"inLanguage":"pt-PT","potentialAction":[{"@type":"CommentAction","name":"Comment","target":["https:\/\/terrasdebasto.pt\/?p=2028#respond"]}]},{"@type":"WebPage","@id":"https:\/\/terrasdebasto.pt\/?p=2028","url":"https:\/\/terrasdebasto.pt\/?p=2028","name":"Sapadores de Moimenta sem viatura para ir combater fogo - Jornal Terras de Basto","isPartOf":{"@id":"https:\/\/terrasdebasto.pt\/#website"},"primaryImageOfPage":{"@id":"https:\/\/terrasdebasto.pt\/?p=2028#primaryimage"},"image":{"@id":"https:\/\/terrasdebasto.pt\/?p=2028#primaryimage"},"thumbnailUrl":"https:\/\/terrasdebasto.pt\/wp-content\/uploads\/2024\/09\/SAPADORES-1.jpg","datePublished":"2024-09-14T22:02:47+00:00","dateModified":"2024-09-14T22:03:54+00:00","description":"A equipa de sapadores florestais da Comunidade Local dos Baldios de Moimenta e Rabi\u00e7ais, em Cabeceiras de Basto, n\u00e3o p\u00f4de participar no combate ao fogo que tem assolado a localidade por falta de transporte.","breadcrumb":{"@id":"https:\/\/terrasdebasto.pt\/?p=2028#breadcrumb"},"inLanguage":"pt-PT","potentialAction":[{"@type":"ReadAction","target":["https:\/\/terrasdebasto.pt\/?p=2028"]}]},{"@type":"ImageObject","inLanguage":"pt-PT","@id":"https:\/\/terrasdebasto.pt\/?p=2028#primaryimage","url":"https:\/\/terrasdebasto.pt\/wp-content\/uploads\/2024\/09\/SAPADORES-1.jpg","contentUrl":"https:\/\/terrasdebasto.pt\/wp-content\/uploads\/2024\/09\/SAPADORES-1.jpg","width":860,"height":484,"caption":"[Imagem meramente ilustrativa]"},{"@type":"BreadcrumbList","@id":"https:\/\/terrasdebasto.pt\/?p=2028#breadcrumb","itemListElement":[{"@type":"ListItem","position":1,"name":"In\u00edcio","item":"https:\/\/terrasdebasto.pt\/"},{"@type":"ListItem","position":2,"name":"Sapadores de Moimenta sem viatura para ir combater fogo"}]},{"@type":"WebSite","@id":"https:\/\/terrasdebasto.pt\/#website","url":"https:\/\/terrasdebasto.pt\/","name":"Jornal Terras de Basto","description":"","publisher":{"@id":"https:\/\/terrasdebasto.pt\/#organization"},"potentialAction":[{"@type":"SearchAction","target":{"@type":"EntryPoint","urlTemplate":"https:\/\/terrasdebasto.pt\/?s={search_term_string}"},"query-input":{"@type":"PropertyValueSpecification","valueRequired":true,"valueName":"search_term_string"}}],"inLanguage":"pt-PT"},{"@type":"Organization","@id":"https:\/\/terrasdebasto.pt\/#organization","name":"Jornal Terras de Basto","url":"https:\/\/terrasdebasto.pt\/","logo":{"@type":"ImageObject","inLanguage":"pt-PT","@id":"https:\/\/terrasdebasto.pt\/#\/schema\/logo\/image\/","url":"https:\/\/terrasdebasto.pt\/wp-content\/uploads\/2024\/06\/LogoNormal.png","contentUrl":"https:\/\/terrasdebasto.pt\/wp-content\/uploads\/2024\/06\/LogoNormal.png","width":5638,"height":809,"caption":"Jornal Terras de Basto"},"image":{"@id":"https:\/\/terrasdebasto.pt\/#\/schema\/logo\/image\/"}},{"@type":"Person","@id":"https:\/\/terrasdebasto.pt\/#\/schema\/person\/9f6739f5394ac65c802641773b278b84","name":"Jo\u00e3o Paulo Mesquita","image":{"@type":"ImageObject","inLanguage":"pt-PT","@id":"https:\/\/terrasdebasto.pt\/#\/schema\/person\/image\/","url":"https:\/\/secure.gravatar.com\/avatar\/9bd0f299e6d96336664aab64354168246a3ee3287c47891c50d450e47ed9d7f9?s=96&d=mm&r=g","contentUrl":"https:\/\/secure.gravatar.com\/avatar\/9bd0f299e6d96336664aab64354168246a3ee3287c47891c50d450e47ed9d7f9?s=96&d=mm&r=g","caption":"Jo\u00e3o Paulo Mesquita"},"url":"https:\/\/terrasdebasto.pt\/?author=7"}]}},"_links":{"self":[{"href":"https:\/\/terrasdebasto.pt\/index.php?rest_route=\/wp\/v2\/posts\/2028","targetHints":{"allow":["GET"]}}],"collection":[{"href":"https:\/\/terrasdebasto.pt\/index.php?rest_route=\/wp\/v2\/posts"}],"about":[{"href":"https:\/\/terrasdebasto.pt\/index.php?rest_route=\/wp\/v2\/types\/post"}],"author":[{"embeddable":true,"href":"https:\/\/terrasdebasto.pt\/index.php?rest_route=\/wp\/v2\/users\/7"}],"replies":[{"embeddable":true,"href":"https:\/\/terrasdebasto.pt\/index.php?rest_route=%2Fwp%2Fv2%2Fcomments&post=2028"}],"version-history":[{"count":1,"href":"https:\/\/terrasdebasto.pt\/index.php?rest_route=\/wp\/v2\/posts\/2028\/revisions"}],"predecessor-version":[{"id":2030,"href":"https:\/\/terrasdebasto.pt\/index.php?rest_route=\/wp\/v2\/posts\/2028\/revisions\/2030"}],"wp:featuredmedia":[{"embeddable":true,"href":"https:\/\/terrasdebasto.pt\/index.php?rest_route=\/wp\/v2\/media\/2029"}],"wp:attachment":[{"href":"https:\/\/terrasdebasto.pt\/index.php?rest_route=%2Fwp%2Fv2%2Fmedia&parent=2028"}],"wp:term":[{"taxonomy":"category","embeddable":true,"href":"https:\/\/terrasdebasto.pt\/index.php?rest_route=%2Fwp%2Fv2%2Fcategories&post=2028"},{"taxonomy":"post_tag","embeddable":true,"href":"https:\/\/terrasdebasto.pt\/index.php?rest_route=%2Fwp%2Fv2%2Ftags&post=2028"}],"curies":[{"name":"wp","href":"https:\/\/api.w.org\/{rel}","templated":true}]}}