{"id":2015,"date":"2024-09-13T12:02:02","date_gmt":"2024-09-13T12:02:02","guid":{"rendered":"https:\/\/terrasdebasto.pt\/?p=2015"},"modified":"2024-09-13T12:02:03","modified_gmt":"2024-09-13T12:02:03","slug":"bilho-alimenta-pressao-partidaria-em-mondim","status":"publish","type":"post","link":"https:\/\/terrasdebasto.pt\/?p=2015","title":{"rendered":"Bilh\u00f3 alimenta press\u00e3o partid\u00e1ria em Mondim"},"content":{"rendered":"\n<p><strong>A \u201cguerra\u201d de comunicados em torno de investimentos na freguesia de Bilh\u00f3, em Mondim de Basto, est\u00e1 mais viva do que nunca, sucedendo-se as tomadas de posi\u00e7\u00e3o das duas principais estruturas partid\u00e1rias, uma no poder, outra na oposi\u00e7\u00e3o.<\/strong><\/p>\n\n\n\n<p>Esta quinta-feira (12) foi dia de mais duas investidas, a primeira dos sociais-democratas, que, reagindo ao comunicado dos socialistas no dia anterior, preferiram sublinhar que o \u201cprojeto de requalifica\u00e7\u00e3o da envolvente da igreja e de constru\u00e7\u00e3o da casa mortu\u00e1ria\u201d corresponde ao \u00abmaior investimento municipal das \u00faltimas d\u00e9cadas\u00bb na freguesia, significando \u00abaproximadamente 350&nbsp;000 euros\u00bb.<\/p>\n\n\n\n<p>Al\u00e9m da constru\u00e7\u00e3o da casa mortu\u00e1ria, o PSD\/Mondim de Basto real\u00e7a que, neste contexto, \u00abser\u00e1 executado o alargamento da estrada municipal, a cria\u00e7\u00e3o de lugares de estacionamento, acessos condignos \u00e0s infraestruturas envolventes \u2013 igreja e casa paroquial &#8211; e a constru\u00e7\u00e3o de casas de banho\u00bb.<\/p>\n\n\n\n<p>Para esta interven\u00e7\u00e3o \u2013 dizem \u2013 ser\u00e1 necess\u00e1rio demolir muros e equipamentos j\u00e1 existentes, de uso da casa paroquial, nomeadamente uma zona de lazer que ser\u00e1 reposta noutra local do edif\u00edcio paroquial.<\/p>\n\n\n\n<p>Em resposta a este comunicado, os socialistas trazem de novo \u00e0 cola\u00e7\u00e3o a quest\u00e3o \u2013 por si denunciada no dia anterior \u2013 da alegada constru\u00e7\u00e3o de uma churrasqueira no projeto da casa mortu\u00e1ria do Bilh\u00f3: \u00abna impossibilidade de o desmentir, [o PSD] tentou um argument\u00e1rio que apenas confirma o inc\u00f3modo\u00bb, dizem.<\/p>\n\n\n\n<p>\u00abIncapaz de negar a constru\u00e7\u00e3o da churrasqueira, o projeto e documentos p\u00fablicos assim o impedem, opta por alterar o nome: zona de lazer; fica claro que h\u00e1 a constru\u00e7\u00e3o de uma churrasqueira, que n\u00e3o existia, constru\u00edda apenas e s\u00f3 por op\u00e7\u00e3o; fica, por isso, claro que na publica\u00e7\u00e3o do PS n\u00e3o h\u00e1 qualquer mentira, mas haver\u00e1 muito por esclarecer sobre as op\u00e7\u00f5es que sustentam esta obra\u00bb, insinuam.<\/p>\n\n\n\n<p>Referindo-se ao \u00abmaior investimento p\u00fablico no Bilh\u00f3\u00bb, diz o PS\/Mondim de Basto que os sociais-democratas omitem que \u00abtodo o investimento, \u00e0 exce\u00e7\u00e3o de uma pequena faixa, n\u00e3o ficar\u00e1 no dom\u00ednio p\u00fablico\u00bb. \u00abNa imagem, extra\u00edda do projeto, identifica a roxo a pequena faixa que reverte para o dom\u00ednio p\u00fablico. O maior investimento no Bilh\u00f3 em d\u00e9cadas passar\u00e1 a ser patrim\u00f3nio da F\u00e1brica da Igreja do Bilh\u00f3\u00bb, acusa.<\/p>\n\n\n\n<p>Quanto a outros benef\u00edcios, entre os quais a estrada, o partido liderado por Nuno Lage diz que, al\u00e9m de ser falso que ela vai ser alargada, \u00ab\u00e9 inaceit\u00e1vel que numa empreitada desta envergadura se desperdice a oportunidade para efetivamente alargar\u00bb aquela via.<\/p>\n\n\n\n<p>Os sociais-democratas \u2013 no poder, em primeiro mandato \u2013 acusam, entretanto, os dirigentes socialistas, que dizem ter sido \u00abincapazes de executar projetos desta grandeza nas freguesias do concelho\u00bb, de \u00abmentir deliberadamente\u00bb.<\/p>\n\n\n\n<p>\u00abDescendo ainda mais a linha da \u00e9tica e da pol\u00edtica suja, pretendem desqualificar os investimentos projetados\u00bb, acusam ainda, afirmando que as cr\u00edticas socialistas \u00abespelham o vazio de ideias e de projeto para o futuro do concelho\u00bb.<\/p>\n\n\n\n<p>Ensaiando a vitimiza\u00e7\u00e3o, o PSD\/Mondim de Basto conclui o seu comunicado afirmando que esta press\u00e3o pol\u00edtica sobre a sua governa\u00e7\u00e3o n\u00e3o o far\u00e1 desistir de \u00abmelhorar as condi\u00e7\u00f5es de vida de todos os mondinenses\u00bb.<\/p>\n\n\n\n<p>Respondem os socialistas que continuar\u00e3o \u00aba denunciar a m\u00e1 utiliza\u00e7\u00e3o do dinheiro p\u00fablico, em obras fara\u00f3nicas, com detalhes ins\u00f3litos, sempre que assim se justifique\u00bb. [Reda\u00e7\u00e3o].<\/p>\n","protected":false},"excerpt":{"rendered":"<p>A \u201cguerra\u201d de comunicados em torno de investimentos na freguesia de Bilh\u00f3, em Mondim de Basto, est\u00e1 mais viva do que nunca, sucedendo-se as tomadas de posi\u00e7\u00e3o das duas principais estruturas partid\u00e1rias, uma no poder, outra na oposi\u00e7\u00e3o. Esta quinta-feira (12) foi dia de mais duas investidas, a primeira dos sociais-democratas, que, reagindo ao comunicado [&hellip;]<\/p>\n","protected":false},"author":7,"featured_media":2016,"comment_status":"open","ping_status":"open","sticky":false,"template":"","format":"standard","meta":{"footnotes":""},"categories":[16],"tags":[441,442,421,440],"class_list":{"0":"post-2015","1":"post","2":"type-post","3":"status-publish","4":"format-standard","5":"has-post-thumbnail","7":"category-mondim-de-basto","8":"tag-bilho","9":"tag-comunicados","10":"tag-ps-mondim-de-basto","11":"tag-psd-mondim-de-basto"},"yoast_head":"<!-- This site is optimized with the Yoast SEO plugin v25.7 - https:\/\/yoast.com\/wordpress\/plugins\/seo\/ -->\n<title>Bilh\u00f3 alimenta press\u00e3o partid\u00e1ria em Mondim - Jornal Terras de Basto<\/title>\n<meta name=\"description\" content=\"A \u201cguerra\u201d de comunicados em torno de investimentos na freguesia de Bilh\u00f3, em Mondim de Basto, est\u00e1 mais viva do que nunca, sucedendo-se as tomadas de posi\u00e7\u00e3o das duas principais estruturas partid\u00e1rias, uma no poder, outra na oposi\u00e7\u00e3o.\" \/>\n<meta name=\"robots\" content=\"index, follow, max-snippet:-1, max-image-preview:large, max-video-preview:-1\" \/>\n<link rel=\"canonical\" href=\"https:\/\/terrasdebasto.pt\/?p=2015\" \/>\n<meta property=\"og:locale\" content=\"pt_PT\" \/>\n<meta property=\"og:type\" content=\"article\" \/>\n<meta property=\"og:title\" content=\"Bilh\u00f3 alimenta press\u00e3o partid\u00e1ria em Mondim - Jornal Terras de Basto\" \/>\n<meta property=\"og:description\" content=\"A \u201cguerra\u201d de comunicados em torno de investimentos na freguesia de Bilh\u00f3, em Mondim de Basto, est\u00e1 mais viva do que nunca, sucedendo-se as tomadas de posi\u00e7\u00e3o das duas principais estruturas partid\u00e1rias, uma no poder, outra na oposi\u00e7\u00e3o.\" \/>\n<meta property=\"og:url\" content=\"https:\/\/terrasdebasto.pt\/?p=2015\" \/>\n<meta property=\"og:site_name\" content=\"Jornal Terras de Basto\" \/>\n<meta property=\"article:published_time\" content=\"2024-09-13T12:02:02+00:00\" \/>\n<meta property=\"article:modified_time\" content=\"2024-09-13T12:02:03+00:00\" \/>\n<meta property=\"og:image\" content=\"https:\/\/terrasdebasto.pt\/wp-content\/uploads\/2024\/09\/BILHO-COMUNICADOS.jpg\" \/>\n\t<meta property=\"og:image:width\" content=\"940\" \/>\n\t<meta property=\"og:image:height\" content=\"788\" \/>\n\t<meta property=\"og:image:type\" content=\"image\/jpeg\" \/>\n<meta name=\"author\" content=\"Jo\u00e3o Paulo Mesquita\" \/>\n<meta name=\"twitter:card\" content=\"summary_large_image\" \/>\n<meta name=\"twitter:label1\" content=\"Escrito por\" \/>\n\t<meta name=\"twitter:data1\" content=\"Jo\u00e3o Paulo Mesquita\" \/>\n\t<meta name=\"twitter:label2\" content=\"Tempo estimado de leitura\" \/>\n\t<meta name=\"twitter:data2\" content=\"4 minutos\" \/>\n<script type=\"application\/ld+json\" class=\"yoast-schema-graph\">{\"@context\":\"https:\/\/schema.org\",\"@graph\":[{\"@type\":\"Article\",\"@id\":\"https:\/\/terrasdebasto.pt\/?p=2015#article\",\"isPartOf\":{\"@id\":\"https:\/\/terrasdebasto.pt\/?p=2015\"},\"author\":{\"name\":\"Jo\u00e3o Paulo Mesquita\",\"@id\":\"https:\/\/terrasdebasto.pt\/#\/schema\/person\/9f6739f5394ac65c802641773b278b84\"},\"headline\":\"Bilh\u00f3 alimenta press\u00e3o partid\u00e1ria em Mondim\",\"datePublished\":\"2024-09-13T12:02:02+00:00\",\"dateModified\":\"2024-09-13T12:02:03+00:00\",\"mainEntityOfPage\":{\"@id\":\"https:\/\/terrasdebasto.pt\/?p=2015\"},\"wordCount\":579,\"commentCount\":0,\"publisher\":{\"@id\":\"https:\/\/terrasdebasto.pt\/#organization\"},\"image\":{\"@id\":\"https:\/\/terrasdebasto.pt\/?p=2015#primaryimage\"},\"thumbnailUrl\":\"https:\/\/terrasdebasto.pt\/wp-content\/uploads\/2024\/09\/BILHO-COMUNICADOS.jpg\",\"keywords\":[\"Bilh\u00f3\",\"Comunicados\",\"PS Mondim de Basto\",\"PSD Mondim de Basto\"],\"articleSection\":[\"Mondim de Basto\"],\"inLanguage\":\"pt-PT\",\"potentialAction\":[{\"@type\":\"CommentAction\",\"name\":\"Comment\",\"target\":[\"https:\/\/terrasdebasto.pt\/?p=2015#respond\"]}]},{\"@type\":\"WebPage\",\"@id\":\"https:\/\/terrasdebasto.pt\/?p=2015\",\"url\":\"https:\/\/terrasdebasto.pt\/?p=2015\",\"name\":\"Bilh\u00f3 alimenta press\u00e3o partid\u00e1ria em Mondim - Jornal Terras de Basto\",\"isPartOf\":{\"@id\":\"https:\/\/terrasdebasto.pt\/#website\"},\"primaryImageOfPage\":{\"@id\":\"https:\/\/terrasdebasto.pt\/?p=2015#primaryimage\"},\"image\":{\"@id\":\"https:\/\/terrasdebasto.pt\/?p=2015#primaryimage\"},\"thumbnailUrl\":\"https:\/\/terrasdebasto.pt\/wp-content\/uploads\/2024\/09\/BILHO-COMUNICADOS.jpg\",\"datePublished\":\"2024-09-13T12:02:02+00:00\",\"dateModified\":\"2024-09-13T12:02:03+00:00\",\"description\":\"A \u201cguerra\u201d de comunicados em torno de investimentos na freguesia de Bilh\u00f3, em Mondim de Basto, est\u00e1 mais viva do que nunca, sucedendo-se as tomadas de posi\u00e7\u00e3o das duas principais estruturas partid\u00e1rias, uma no poder, outra na oposi\u00e7\u00e3o.\",\"breadcrumb\":{\"@id\":\"https:\/\/terrasdebasto.pt\/?p=2015#breadcrumb\"},\"inLanguage\":\"pt-PT\",\"potentialAction\":[{\"@type\":\"ReadAction\",\"target\":[\"https:\/\/terrasdebasto.pt\/?p=2015\"]}]},{\"@type\":\"ImageObject\",\"inLanguage\":\"pt-PT\",\"@id\":\"https:\/\/terrasdebasto.pt\/?p=2015#primaryimage\",\"url\":\"https:\/\/terrasdebasto.pt\/wp-content\/uploads\/2024\/09\/BILHO-COMUNICADOS.jpg\",\"contentUrl\":\"https:\/\/terrasdebasto.pt\/wp-content\/uploads\/2024\/09\/BILHO-COMUNICADOS.jpg\",\"width\":940,\"height\":788},{\"@type\":\"BreadcrumbList\",\"@id\":\"https:\/\/terrasdebasto.pt\/?p=2015#breadcrumb\",\"itemListElement\":[{\"@type\":\"ListItem\",\"position\":1,\"name\":\"In\u00edcio\",\"item\":\"https:\/\/terrasdebasto.pt\/\"},{\"@type\":\"ListItem\",\"position\":2,\"name\":\"Bilh\u00f3 alimenta press\u00e3o partid\u00e1ria em Mondim\"}]},{\"@type\":\"WebSite\",\"@id\":\"https:\/\/terrasdebasto.pt\/#website\",\"url\":\"https:\/\/terrasdebasto.pt\/\",\"name\":\"Jornal Terras de Basto\",\"description\":\"\",\"publisher\":{\"@id\":\"https:\/\/terrasdebasto.pt\/#organization\"},\"potentialAction\":[{\"@type\":\"SearchAction\",\"target\":{\"@type\":\"EntryPoint\",\"urlTemplate\":\"https:\/\/terrasdebasto.pt\/?s={search_term_string}\"},\"query-input\":{\"@type\":\"PropertyValueSpecification\",\"valueRequired\":true,\"valueName\":\"search_term_string\"}}],\"inLanguage\":\"pt-PT\"},{\"@type\":\"Organization\",\"@id\":\"https:\/\/terrasdebasto.pt\/#organization\",\"name\":\"Jornal Terras de Basto\",\"url\":\"https:\/\/terrasdebasto.pt\/\",\"logo\":{\"@type\":\"ImageObject\",\"inLanguage\":\"pt-PT\",\"@id\":\"https:\/\/terrasdebasto.pt\/#\/schema\/logo\/image\/\",\"url\":\"https:\/\/terrasdebasto.pt\/wp-content\/uploads\/2024\/06\/LogoNormal.png\",\"contentUrl\":\"https:\/\/terrasdebasto.pt\/wp-content\/uploads\/2024\/06\/LogoNormal.png\",\"width\":5638,\"height\":809,\"caption\":\"Jornal Terras de Basto\"},\"image\":{\"@id\":\"https:\/\/terrasdebasto.pt\/#\/schema\/logo\/image\/\"}},{\"@type\":\"Person\",\"@id\":\"https:\/\/terrasdebasto.pt\/#\/schema\/person\/9f6739f5394ac65c802641773b278b84\",\"name\":\"Jo\u00e3o Paulo Mesquita\",\"image\":{\"@type\":\"ImageObject\",\"inLanguage\":\"pt-PT\",\"@id\":\"https:\/\/terrasdebasto.pt\/#\/schema\/person\/image\/\",\"url\":\"https:\/\/secure.gravatar.com\/avatar\/9bd0f299e6d96336664aab64354168246a3ee3287c47891c50d450e47ed9d7f9?s=96&d=mm&r=g\",\"contentUrl\":\"https:\/\/secure.gravatar.com\/avatar\/9bd0f299e6d96336664aab64354168246a3ee3287c47891c50d450e47ed9d7f9?s=96&d=mm&r=g\",\"caption\":\"Jo\u00e3o Paulo Mesquita\"},\"url\":\"https:\/\/terrasdebasto.pt\/?author=7\"}]}<\/script>\n<!-- \/ Yoast SEO plugin. -->","yoast_head_json":{"title":"Bilh\u00f3 alimenta press\u00e3o partid\u00e1ria em Mondim - Jornal Terras de Basto","description":"A \u201cguerra\u201d de comunicados em torno de investimentos na freguesia de Bilh\u00f3, em Mondim de Basto, est\u00e1 mais viva do que nunca, sucedendo-se as tomadas de posi\u00e7\u00e3o das duas principais estruturas partid\u00e1rias, uma no poder, outra na oposi\u00e7\u00e3o.","robots":{"index":"index","follow":"follow","max-snippet":"max-snippet:-1","max-image-preview":"max-image-preview:large","max-video-preview":"max-video-preview:-1"},"canonical":"https:\/\/terrasdebasto.pt\/?p=2015","og_locale":"pt_PT","og_type":"article","og_title":"Bilh\u00f3 alimenta press\u00e3o partid\u00e1ria em Mondim - Jornal Terras de Basto","og_description":"A \u201cguerra\u201d de comunicados em torno de investimentos na freguesia de Bilh\u00f3, em Mondim de Basto, est\u00e1 mais viva do que nunca, sucedendo-se as tomadas de posi\u00e7\u00e3o das duas principais estruturas partid\u00e1rias, uma no poder, outra na oposi\u00e7\u00e3o.","og_url":"https:\/\/terrasdebasto.pt\/?p=2015","og_site_name":"Jornal Terras de Basto","article_published_time":"2024-09-13T12:02:02+00:00","article_modified_time":"2024-09-13T12:02:03+00:00","og_image":[{"width":940,"height":788,"url":"https:\/\/terrasdebasto.pt\/wp-content\/uploads\/2024\/09\/BILHO-COMUNICADOS.jpg","type":"image\/jpeg"}],"author":"Jo\u00e3o Paulo Mesquita","twitter_card":"summary_large_image","twitter_misc":{"Escrito por":"Jo\u00e3o Paulo Mesquita","Tempo estimado de leitura":"4 minutos"},"schema":{"@context":"https:\/\/schema.org","@graph":[{"@type":"Article","@id":"https:\/\/terrasdebasto.pt\/?p=2015#article","isPartOf":{"@id":"https:\/\/terrasdebasto.pt\/?p=2015"},"author":{"name":"Jo\u00e3o Paulo Mesquita","@id":"https:\/\/terrasdebasto.pt\/#\/schema\/person\/9f6739f5394ac65c802641773b278b84"},"headline":"Bilh\u00f3 alimenta press\u00e3o partid\u00e1ria em Mondim","datePublished":"2024-09-13T12:02:02+00:00","dateModified":"2024-09-13T12:02:03+00:00","mainEntityOfPage":{"@id":"https:\/\/terrasdebasto.pt\/?p=2015"},"wordCount":579,"commentCount":0,"publisher":{"@id":"https:\/\/terrasdebasto.pt\/#organization"},"image":{"@id":"https:\/\/terrasdebasto.pt\/?p=2015#primaryimage"},"thumbnailUrl":"https:\/\/terrasdebasto.pt\/wp-content\/uploads\/2024\/09\/BILHO-COMUNICADOS.jpg","keywords":["Bilh\u00f3","Comunicados","PS Mondim de Basto","PSD Mondim de Basto"],"articleSection":["Mondim de Basto"],"inLanguage":"pt-PT","potentialAction":[{"@type":"CommentAction","name":"Comment","target":["https:\/\/terrasdebasto.pt\/?p=2015#respond"]}]},{"@type":"WebPage","@id":"https:\/\/terrasdebasto.pt\/?p=2015","url":"https:\/\/terrasdebasto.pt\/?p=2015","name":"Bilh\u00f3 alimenta press\u00e3o partid\u00e1ria em Mondim - Jornal Terras de Basto","isPartOf":{"@id":"https:\/\/terrasdebasto.pt\/#website"},"primaryImageOfPage":{"@id":"https:\/\/terrasdebasto.pt\/?p=2015#primaryimage"},"image":{"@id":"https:\/\/terrasdebasto.pt\/?p=2015#primaryimage"},"thumbnailUrl":"https:\/\/terrasdebasto.pt\/wp-content\/uploads\/2024\/09\/BILHO-COMUNICADOS.jpg","datePublished":"2024-09-13T12:02:02+00:00","dateModified":"2024-09-13T12:02:03+00:00","description":"A \u201cguerra\u201d de comunicados em torno de investimentos na freguesia de Bilh\u00f3, em Mondim de Basto, est\u00e1 mais viva do que nunca, sucedendo-se as tomadas de posi\u00e7\u00e3o das duas principais estruturas partid\u00e1rias, uma no poder, outra na oposi\u00e7\u00e3o.","breadcrumb":{"@id":"https:\/\/terrasdebasto.pt\/?p=2015#breadcrumb"},"inLanguage":"pt-PT","potentialAction":[{"@type":"ReadAction","target":["https:\/\/terrasdebasto.pt\/?p=2015"]}]},{"@type":"ImageObject","inLanguage":"pt-PT","@id":"https:\/\/terrasdebasto.pt\/?p=2015#primaryimage","url":"https:\/\/terrasdebasto.pt\/wp-content\/uploads\/2024\/09\/BILHO-COMUNICADOS.jpg","contentUrl":"https:\/\/terrasdebasto.pt\/wp-content\/uploads\/2024\/09\/BILHO-COMUNICADOS.jpg","width":940,"height":788},{"@type":"BreadcrumbList","@id":"https:\/\/terrasdebasto.pt\/?p=2015#breadcrumb","itemListElement":[{"@type":"ListItem","position":1,"name":"In\u00edcio","item":"https:\/\/terrasdebasto.pt\/"},{"@type":"ListItem","position":2,"name":"Bilh\u00f3 alimenta press\u00e3o partid\u00e1ria em Mondim"}]},{"@type":"WebSite","@id":"https:\/\/terrasdebasto.pt\/#website","url":"https:\/\/terrasdebasto.pt\/","name":"Jornal Terras de Basto","description":"","publisher":{"@id":"https:\/\/terrasdebasto.pt\/#organization"},"potentialAction":[{"@type":"SearchAction","target":{"@type":"EntryPoint","urlTemplate":"https:\/\/terrasdebasto.pt\/?s={search_term_string}"},"query-input":{"@type":"PropertyValueSpecification","valueRequired":true,"valueName":"search_term_string"}}],"inLanguage":"pt-PT"},{"@type":"Organization","@id":"https:\/\/terrasdebasto.pt\/#organization","name":"Jornal Terras de Basto","url":"https:\/\/terrasdebasto.pt\/","logo":{"@type":"ImageObject","inLanguage":"pt-PT","@id":"https:\/\/terrasdebasto.pt\/#\/schema\/logo\/image\/","url":"https:\/\/terrasdebasto.pt\/wp-content\/uploads\/2024\/06\/LogoNormal.png","contentUrl":"https:\/\/terrasdebasto.pt\/wp-content\/uploads\/2024\/06\/LogoNormal.png","width":5638,"height":809,"caption":"Jornal Terras de Basto"},"image":{"@id":"https:\/\/terrasdebasto.pt\/#\/schema\/logo\/image\/"}},{"@type":"Person","@id":"https:\/\/terrasdebasto.pt\/#\/schema\/person\/9f6739f5394ac65c802641773b278b84","name":"Jo\u00e3o Paulo Mesquita","image":{"@type":"ImageObject","inLanguage":"pt-PT","@id":"https:\/\/terrasdebasto.pt\/#\/schema\/person\/image\/","url":"https:\/\/secure.gravatar.com\/avatar\/9bd0f299e6d96336664aab64354168246a3ee3287c47891c50d450e47ed9d7f9?s=96&d=mm&r=g","contentUrl":"https:\/\/secure.gravatar.com\/avatar\/9bd0f299e6d96336664aab64354168246a3ee3287c47891c50d450e47ed9d7f9?s=96&d=mm&r=g","caption":"Jo\u00e3o Paulo Mesquita"},"url":"https:\/\/terrasdebasto.pt\/?author=7"}]}},"_links":{"self":[{"href":"https:\/\/terrasdebasto.pt\/index.php?rest_route=\/wp\/v2\/posts\/2015","targetHints":{"allow":["GET"]}}],"collection":[{"href":"https:\/\/terrasdebasto.pt\/index.php?rest_route=\/wp\/v2\/posts"}],"about":[{"href":"https:\/\/terrasdebasto.pt\/index.php?rest_route=\/wp\/v2\/types\/post"}],"author":[{"embeddable":true,"href":"https:\/\/terrasdebasto.pt\/index.php?rest_route=\/wp\/v2\/users\/7"}],"replies":[{"embeddable":true,"href":"https:\/\/terrasdebasto.pt\/index.php?rest_route=%2Fwp%2Fv2%2Fcomments&post=2015"}],"version-history":[{"count":1,"href":"https:\/\/terrasdebasto.pt\/index.php?rest_route=\/wp\/v2\/posts\/2015\/revisions"}],"predecessor-version":[{"id":2017,"href":"https:\/\/terrasdebasto.pt\/index.php?rest_route=\/wp\/v2\/posts\/2015\/revisions\/2017"}],"wp:featuredmedia":[{"embeddable":true,"href":"https:\/\/terrasdebasto.pt\/index.php?rest_route=\/wp\/v2\/media\/2016"}],"wp:attachment":[{"href":"https:\/\/terrasdebasto.pt\/index.php?rest_route=%2Fwp%2Fv2%2Fmedia&parent=2015"}],"wp:term":[{"taxonomy":"category","embeddable":true,"href":"https:\/\/terrasdebasto.pt\/index.php?rest_route=%2Fwp%2Fv2%2Fcategories&post=2015"},{"taxonomy":"post_tag","embeddable":true,"href":"https:\/\/terrasdebasto.pt\/index.php?rest_route=%2Fwp%2Fv2%2Ftags&post=2015"}],"curies":[{"name":"wp","href":"https:\/\/api.w.org\/{rel}","templated":true}]}}