{"id":2009,"date":"2024-09-13T01:27:16","date_gmt":"2024-09-13T01:27:16","guid":{"rendered":"https:\/\/terrasdebasto.pt\/?p=2009"},"modified":"2024-09-13T01:27:17","modified_gmt":"2024-09-13T01:27:17","slug":"andreia-vieira-preside-a-casa-do-povo-de-cabeceiras","status":"publish","type":"post","link":"https:\/\/terrasdebasto.pt\/?p=2009","title":{"rendered":"Andreia Vieira preside \u00e0 Casa do Povo de Cabeceiras"},"content":{"rendered":"\n<p><strong>A enfermeira Andreia Santos Vieira foi eleita esta quinta-feira (12) presidente da dire\u00e7\u00e3o da Casa do Povo de Cabeceiras de Basto num ato eleitoral com lista \u00fanica em que participaram \u2013 segundo fonte ligada ao processo \u2013 52 por cento dos associados.<\/strong><\/p>\n\n\n\n<figure class=\"wp-block-gallery has-nested-images columns-default is-cropped wp-block-gallery-1 is-layout-flex wp-block-gallery-is-layout-flex\">\n<figure class=\"wp-block-image size-large\"><img loading=\"lazy\" decoding=\"async\" width=\"1024\" height=\"865\" data-id=\"2011\" src=\"https:\/\/terrasdebasto.pt\/wp-content\/uploads\/2024\/09\/CASA-DO-POVO-1-1024x865.jpg\" alt=\"\" class=\"wp-image-2011\" srcset=\"https:\/\/terrasdebasto.pt\/wp-content\/uploads\/2024\/09\/CASA-DO-POVO-1-1024x865.jpg 1024w, https:\/\/terrasdebasto.pt\/wp-content\/uploads\/2024\/09\/CASA-DO-POVO-1-300x253.jpg 300w, https:\/\/terrasdebasto.pt\/wp-content\/uploads\/2024\/09\/CASA-DO-POVO-1-768x649.jpg 768w, https:\/\/terrasdebasto.pt\/wp-content\/uploads\/2024\/09\/CASA-DO-POVO-1-150x127.jpg 150w, https:\/\/terrasdebasto.pt\/wp-content\/uploads\/2024\/09\/CASA-DO-POVO-1-696x588.jpg 696w, https:\/\/terrasdebasto.pt\/wp-content\/uploads\/2024\/09\/CASA-DO-POVO-1-1068x902.jpg 1068w, https:\/\/terrasdebasto.pt\/wp-content\/uploads\/2024\/09\/CASA-DO-POVO-1.jpg 1535w\" sizes=\"auto, (max-width: 1024px) 100vw, 1024px\" \/><\/figure>\n<\/figure>\n\n\n\n<p>Na circunst\u00e2ncia, Laura Monteiro Magalh\u00e3es foi eleita vice-presidente, sendo sete os vogais da dire\u00e7\u00e3o: M\u00e1rio Gon\u00e7alves Pereira, Ana Maria Pires Fernandes, L\u00facia da Costa Batista, V\u00edtor Nuno Teixeira, In\u00eas Fonseca Bastos, Sofia Gomes Carneiro e Elisa Vilela de Magalh\u00e3es. Foi eleito como suplente Hugo Andr\u00e9 Martins Pacheco.<\/p>\n\n\n\n<p>A assembleia geral \u00e9 presidida por Francisco Martins Pacheco, que tem como secret\u00e1rios Andr\u00e9 Gustavo Magalh\u00e3es e Ana Patr\u00edcia Oliveira, sendo suplente Sandra Daniela Rodrigues.<\/p>\n\n\n\n<p>O Conselho Fiscal \u00e9 presidido por Francisco Sampaio de Magalh\u00e3es, que tem como vogais Jo\u00e3o Andr\u00e9 Teixeira e Jo\u00e3o Avelino Lima Leite, sendo suplente Elisabete Fernandes.<\/p>\n\n\n\n<p>A assembleia geral eletiva decorreu nas instala\u00e7\u00f5es-sede da Junta da Uni\u00e3o de Freguesias de Refojos, Outeiro e Painzela.<\/p>\n\n\n\n<figure class=\"wp-block-gallery has-nested-images columns-default is-cropped wp-block-gallery-2 is-layout-flex wp-block-gallery-is-layout-flex\">\n<figure class=\"wp-block-image size-large\"><img loading=\"lazy\" decoding=\"async\" width=\"1024\" height=\"881\" data-id=\"2012\" src=\"https:\/\/terrasdebasto.pt\/wp-content\/uploads\/2024\/09\/CASA-DO-POVO-2-1024x881.jpg\" alt=\"\" class=\"wp-image-2012\" srcset=\"https:\/\/terrasdebasto.pt\/wp-content\/uploads\/2024\/09\/CASA-DO-POVO-2-1024x881.jpg 1024w, https:\/\/terrasdebasto.pt\/wp-content\/uploads\/2024\/09\/CASA-DO-POVO-2-300x258.jpg 300w, https:\/\/terrasdebasto.pt\/wp-content\/uploads\/2024\/09\/CASA-DO-POVO-2-768x661.jpg 768w, https:\/\/terrasdebasto.pt\/wp-content\/uploads\/2024\/09\/CASA-DO-POVO-2-150x129.jpg 150w, https:\/\/terrasdebasto.pt\/wp-content\/uploads\/2024\/09\/CASA-DO-POVO-2-696x599.jpg 696w, https:\/\/terrasdebasto.pt\/wp-content\/uploads\/2024\/09\/CASA-DO-POVO-2-1068x919.jpg 1068w, https:\/\/terrasdebasto.pt\/wp-content\/uploads\/2024\/09\/CASA-DO-POVO-2.jpg 1254w\" sizes=\"auto, (max-width: 1024px) 100vw, 1024px\" \/><\/figure>\n<\/figure>\n\n\n\n<figure class=\"wp-block-gallery has-nested-images columns-default is-cropped wp-block-gallery-3 is-layout-flex wp-block-gallery-is-layout-flex\">\n<figure class=\"wp-block-image size-large\"><img loading=\"lazy\" decoding=\"async\" width=\"1024\" height=\"903\" data-id=\"2013\" src=\"https:\/\/terrasdebasto.pt\/wp-content\/uploads\/2024\/09\/CASA-DO-POVO-3-1024x903.jpg\" alt=\"\" class=\"wp-image-2013\" srcset=\"https:\/\/terrasdebasto.pt\/wp-content\/uploads\/2024\/09\/CASA-DO-POVO-3-1024x903.jpg 1024w, https:\/\/terrasdebasto.pt\/wp-content\/uploads\/2024\/09\/CASA-DO-POVO-3-300x265.jpg 300w, https:\/\/terrasdebasto.pt\/wp-content\/uploads\/2024\/09\/CASA-DO-POVO-3-768x677.jpg 768w, https:\/\/terrasdebasto.pt\/wp-content\/uploads\/2024\/09\/CASA-DO-POVO-3-150x132.jpg 150w, https:\/\/terrasdebasto.pt\/wp-content\/uploads\/2024\/09\/CASA-DO-POVO-3-696x614.jpg 696w, https:\/\/terrasdebasto.pt\/wp-content\/uploads\/2024\/09\/CASA-DO-POVO-3-1068x942.jpg 1068w, https:\/\/terrasdebasto.pt\/wp-content\/uploads\/2024\/09\/CASA-DO-POVO-3.jpg 1408w\" sizes=\"auto, (max-width: 1024px) 100vw, 1024px\" \/><\/figure>\n<\/figure>\n","protected":false},"excerpt":{"rendered":"<p>A enfermeira Andreia Santos Vieira foi eleita esta quinta-feira (12) presidente da dire\u00e7\u00e3o da Casa do Povo de Cabeceiras de Basto num ato eleitoral com lista \u00fanica em que participaram \u2013 segundo fonte ligada ao processo \u2013 52 por cento dos associados. Na circunst\u00e2ncia, Laura Monteiro Magalh\u00e3es foi eleita vice-presidente, sendo sete os vogais da [&hellip;]<\/p>\n","protected":false},"author":7,"featured_media":2010,"comment_status":"open","ping_status":"open","sticky":false,"template":"","format":"standard","meta":{"footnotes":""},"categories":[1],"tags":[439,395,438],"class_list":{"0":"post-2009","1":"post","2":"type-post","3":"status-publish","4":"format-standard","5":"has-post-thumbnail","7":"category-sem-categoria","8":"tag-andreia-vieira","9":"tag-casa-do-povo-de-cabeceiras-de-basto-vitor-nuno-teixeira","10":"tag-eleicoes-orgao-sociais"},"yoast_head":"<!-- This site is optimized with the Yoast SEO plugin v25.7 - https:\/\/yoast.com\/wordpress\/plugins\/seo\/ -->\n<title>Andreia Vieira preside \u00e0 Casa do Povo de Cabeceiras - Jornal Terras de Basto<\/title>\n<meta name=\"description\" content=\"A enfermeira Andreia Santos Vieira foi eleita esta quinta-feira (12) presidente da dire\u00e7\u00e3o da Casa do Povo de Cabeceiras de Basto num ato eleitoral com lista \u00fanica em que participaram \u2013 segundo fonte ligada ao processo \u2013 52 por cento dos associados.\" \/>\n<meta name=\"robots\" content=\"index, follow, max-snippet:-1, max-image-preview:large, max-video-preview:-1\" \/>\n<link rel=\"canonical\" href=\"https:\/\/terrasdebasto.pt\/?p=2009\" \/>\n<meta property=\"og:locale\" content=\"pt_PT\" \/>\n<meta property=\"og:type\" content=\"article\" \/>\n<meta property=\"og:title\" content=\"Andreia Vieira preside \u00e0 Casa do Povo de Cabeceiras - Jornal Terras de Basto\" \/>\n<meta property=\"og:description\" content=\"A enfermeira Andreia Santos Vieira foi eleita esta quinta-feira (12) presidente da dire\u00e7\u00e3o da Casa do Povo de Cabeceiras de Basto num ato eleitoral com lista \u00fanica em que participaram \u2013 segundo fonte ligada ao processo \u2013 52 por cento dos associados.\" \/>\n<meta property=\"og:url\" content=\"https:\/\/terrasdebasto.pt\/?p=2009\" \/>\n<meta property=\"og:site_name\" content=\"Jornal Terras de Basto\" \/>\n<meta property=\"article:published_time\" content=\"2024-09-13T01:27:16+00:00\" \/>\n<meta property=\"article:modified_time\" content=\"2024-09-13T01:27:17+00:00\" \/>\n<meta property=\"og:image\" content=\"https:\/\/terrasdebasto.pt\/wp-content\/uploads\/2024\/09\/ANDREIA-VIEIRA.jpg\" \/>\n\t<meta property=\"og:image:width\" content=\"750\" \/>\n\t<meta property=\"og:image:height\" content=\"1101\" \/>\n\t<meta property=\"og:image:type\" content=\"image\/jpeg\" \/>\n<meta name=\"author\" content=\"Jo\u00e3o Paulo Mesquita\" \/>\n<meta name=\"twitter:card\" content=\"summary_large_image\" \/>\n<meta name=\"twitter:label1\" content=\"Escrito por\" \/>\n\t<meta name=\"twitter:data1\" content=\"Jo\u00e3o Paulo Mesquita\" \/>\n\t<meta name=\"twitter:label2\" content=\"Tempo estimado de leitura\" \/>\n\t<meta name=\"twitter:data2\" content=\"2 minutos\" \/>\n<script type=\"application\/ld+json\" class=\"yoast-schema-graph\">{\"@context\":\"https:\/\/schema.org\",\"@graph\":[{\"@type\":\"Article\",\"@id\":\"https:\/\/terrasdebasto.pt\/?p=2009#article\",\"isPartOf\":{\"@id\":\"https:\/\/terrasdebasto.pt\/?p=2009\"},\"author\":{\"name\":\"Jo\u00e3o Paulo Mesquita\",\"@id\":\"https:\/\/terrasdebasto.pt\/#\/schema\/person\/9f6739f5394ac65c802641773b278b84\"},\"headline\":\"Andreia Vieira preside \u00e0 Casa do Povo de Cabeceiras\",\"datePublished\":\"2024-09-13T01:27:16+00:00\",\"dateModified\":\"2024-09-13T01:27:17+00:00\",\"mainEntityOfPage\":{\"@id\":\"https:\/\/terrasdebasto.pt\/?p=2009\"},\"wordCount\":178,\"commentCount\":0,\"publisher\":{\"@id\":\"https:\/\/terrasdebasto.pt\/#organization\"},\"image\":{\"@id\":\"https:\/\/terrasdebasto.pt\/?p=2009#primaryimage\"},\"thumbnailUrl\":\"https:\/\/terrasdebasto.pt\/wp-content\/uploads\/2024\/09\/ANDREIA-VIEIRA.jpg\",\"keywords\":[\"Andreia Vieira\",\"Casa do Povo de Cabeceiras de Basto Vitor Nuno Teixeira\",\"Elei\u00e7\u00f5es \u00d3rg\u00e3o Sociais\"],\"inLanguage\":\"pt-PT\",\"potentialAction\":[{\"@type\":\"CommentAction\",\"name\":\"Comment\",\"target\":[\"https:\/\/terrasdebasto.pt\/?p=2009#respond\"]}]},{\"@type\":\"WebPage\",\"@id\":\"https:\/\/terrasdebasto.pt\/?p=2009\",\"url\":\"https:\/\/terrasdebasto.pt\/?p=2009\",\"name\":\"Andreia Vieira preside \u00e0 Casa do Povo de Cabeceiras - Jornal Terras de Basto\",\"isPartOf\":{\"@id\":\"https:\/\/terrasdebasto.pt\/#website\"},\"primaryImageOfPage\":{\"@id\":\"https:\/\/terrasdebasto.pt\/?p=2009#primaryimage\"},\"image\":{\"@id\":\"https:\/\/terrasdebasto.pt\/?p=2009#primaryimage\"},\"thumbnailUrl\":\"https:\/\/terrasdebasto.pt\/wp-content\/uploads\/2024\/09\/ANDREIA-VIEIRA.jpg\",\"datePublished\":\"2024-09-13T01:27:16+00:00\",\"dateModified\":\"2024-09-13T01:27:17+00:00\",\"description\":\"A enfermeira Andreia Santos Vieira foi eleita esta quinta-feira (12) presidente da dire\u00e7\u00e3o da Casa do Povo de Cabeceiras de Basto num ato eleitoral com lista \u00fanica em que participaram \u2013 segundo fonte ligada ao processo \u2013 52 por cento dos associados.\",\"breadcrumb\":{\"@id\":\"https:\/\/terrasdebasto.pt\/?p=2009#breadcrumb\"},\"inLanguage\":\"pt-PT\",\"potentialAction\":[{\"@type\":\"ReadAction\",\"target\":[\"https:\/\/terrasdebasto.pt\/?p=2009\"]}]},{\"@type\":\"ImageObject\",\"inLanguage\":\"pt-PT\",\"@id\":\"https:\/\/terrasdebasto.pt\/?p=2009#primaryimage\",\"url\":\"https:\/\/terrasdebasto.pt\/wp-content\/uploads\/2024\/09\/ANDREIA-VIEIRA.jpg\",\"contentUrl\":\"https:\/\/terrasdebasto.pt\/wp-content\/uploads\/2024\/09\/ANDREIA-VIEIRA.jpg\",\"width\":750,\"height\":1101,\"caption\":\"Screenshot\"},{\"@type\":\"BreadcrumbList\",\"@id\":\"https:\/\/terrasdebasto.pt\/?p=2009#breadcrumb\",\"itemListElement\":[{\"@type\":\"ListItem\",\"position\":1,\"name\":\"In\u00edcio\",\"item\":\"https:\/\/terrasdebasto.pt\/\"},{\"@type\":\"ListItem\",\"position\":2,\"name\":\"Andreia Vieira preside \u00e0 Casa do Povo de Cabeceiras\"}]},{\"@type\":\"WebSite\",\"@id\":\"https:\/\/terrasdebasto.pt\/#website\",\"url\":\"https:\/\/terrasdebasto.pt\/\",\"name\":\"Jornal Terras de Basto\",\"description\":\"\",\"publisher\":{\"@id\":\"https:\/\/terrasdebasto.pt\/#organization\"},\"potentialAction\":[{\"@type\":\"SearchAction\",\"target\":{\"@type\":\"EntryPoint\",\"urlTemplate\":\"https:\/\/terrasdebasto.pt\/?s={search_term_string}\"},\"query-input\":{\"@type\":\"PropertyValueSpecification\",\"valueRequired\":true,\"valueName\":\"search_term_string\"}}],\"inLanguage\":\"pt-PT\"},{\"@type\":\"Organization\",\"@id\":\"https:\/\/terrasdebasto.pt\/#organization\",\"name\":\"Jornal Terras de Basto\",\"url\":\"https:\/\/terrasdebasto.pt\/\",\"logo\":{\"@type\":\"ImageObject\",\"inLanguage\":\"pt-PT\",\"@id\":\"https:\/\/terrasdebasto.pt\/#\/schema\/logo\/image\/\",\"url\":\"https:\/\/terrasdebasto.pt\/wp-content\/uploads\/2024\/06\/LogoNormal.png\",\"contentUrl\":\"https:\/\/terrasdebasto.pt\/wp-content\/uploads\/2024\/06\/LogoNormal.png\",\"width\":5638,\"height\":809,\"caption\":\"Jornal Terras de Basto\"},\"image\":{\"@id\":\"https:\/\/terrasdebasto.pt\/#\/schema\/logo\/image\/\"}},{\"@type\":\"Person\",\"@id\":\"https:\/\/terrasdebasto.pt\/#\/schema\/person\/9f6739f5394ac65c802641773b278b84\",\"name\":\"Jo\u00e3o Paulo Mesquita\",\"image\":{\"@type\":\"ImageObject\",\"inLanguage\":\"pt-PT\",\"@id\":\"https:\/\/terrasdebasto.pt\/#\/schema\/person\/image\/\",\"url\":\"https:\/\/secure.gravatar.com\/avatar\/9bd0f299e6d96336664aab64354168246a3ee3287c47891c50d450e47ed9d7f9?s=96&d=mm&r=g\",\"contentUrl\":\"https:\/\/secure.gravatar.com\/avatar\/9bd0f299e6d96336664aab64354168246a3ee3287c47891c50d450e47ed9d7f9?s=96&d=mm&r=g\",\"caption\":\"Jo\u00e3o Paulo Mesquita\"},\"url\":\"https:\/\/terrasdebasto.pt\/?author=7\"}]}<\/script>\n<!-- \/ Yoast SEO plugin. -->","yoast_head_json":{"title":"Andreia Vieira preside \u00e0 Casa do Povo de Cabeceiras - Jornal Terras de Basto","description":"A enfermeira Andreia Santos Vieira foi eleita esta quinta-feira (12) presidente da dire\u00e7\u00e3o da Casa do Povo de Cabeceiras de Basto num ato eleitoral com lista \u00fanica em que participaram \u2013 segundo fonte ligada ao processo \u2013 52 por cento dos associados.","robots":{"index":"index","follow":"follow","max-snippet":"max-snippet:-1","max-image-preview":"max-image-preview:large","max-video-preview":"max-video-preview:-1"},"canonical":"https:\/\/terrasdebasto.pt\/?p=2009","og_locale":"pt_PT","og_type":"article","og_title":"Andreia Vieira preside \u00e0 Casa do Povo de Cabeceiras - Jornal Terras de Basto","og_description":"A enfermeira Andreia Santos Vieira foi eleita esta quinta-feira (12) presidente da dire\u00e7\u00e3o da Casa do Povo de Cabeceiras de Basto num ato eleitoral com lista \u00fanica em que participaram \u2013 segundo fonte ligada ao processo \u2013 52 por cento dos associados.","og_url":"https:\/\/terrasdebasto.pt\/?p=2009","og_site_name":"Jornal Terras de Basto","article_published_time":"2024-09-13T01:27:16+00:00","article_modified_time":"2024-09-13T01:27:17+00:00","og_image":[{"width":750,"height":1101,"url":"https:\/\/terrasdebasto.pt\/wp-content\/uploads\/2024\/09\/ANDREIA-VIEIRA.jpg","type":"image\/jpeg"}],"author":"Jo\u00e3o Paulo Mesquita","twitter_card":"summary_large_image","twitter_misc":{"Escrito por":"Jo\u00e3o Paulo Mesquita","Tempo estimado de leitura":"2 minutos"},"schema":{"@context":"https:\/\/schema.org","@graph":[{"@type":"Article","@id":"https:\/\/terrasdebasto.pt\/?p=2009#article","isPartOf":{"@id":"https:\/\/terrasdebasto.pt\/?p=2009"},"author":{"name":"Jo\u00e3o Paulo Mesquita","@id":"https:\/\/terrasdebasto.pt\/#\/schema\/person\/9f6739f5394ac65c802641773b278b84"},"headline":"Andreia Vieira preside \u00e0 Casa do Povo de Cabeceiras","datePublished":"2024-09-13T01:27:16+00:00","dateModified":"2024-09-13T01:27:17+00:00","mainEntityOfPage":{"@id":"https:\/\/terrasdebasto.pt\/?p=2009"},"wordCount":178,"commentCount":0,"publisher":{"@id":"https:\/\/terrasdebasto.pt\/#organization"},"image":{"@id":"https:\/\/terrasdebasto.pt\/?p=2009#primaryimage"},"thumbnailUrl":"https:\/\/terrasdebasto.pt\/wp-content\/uploads\/2024\/09\/ANDREIA-VIEIRA.jpg","keywords":["Andreia Vieira","Casa do Povo de Cabeceiras de Basto Vitor Nuno Teixeira","Elei\u00e7\u00f5es \u00d3rg\u00e3o Sociais"],"inLanguage":"pt-PT","potentialAction":[{"@type":"CommentAction","name":"Comment","target":["https:\/\/terrasdebasto.pt\/?p=2009#respond"]}]},{"@type":"WebPage","@id":"https:\/\/terrasdebasto.pt\/?p=2009","url":"https:\/\/terrasdebasto.pt\/?p=2009","name":"Andreia Vieira preside \u00e0 Casa do Povo de Cabeceiras - Jornal Terras de Basto","isPartOf":{"@id":"https:\/\/terrasdebasto.pt\/#website"},"primaryImageOfPage":{"@id":"https:\/\/terrasdebasto.pt\/?p=2009#primaryimage"},"image":{"@id":"https:\/\/terrasdebasto.pt\/?p=2009#primaryimage"},"thumbnailUrl":"https:\/\/terrasdebasto.pt\/wp-content\/uploads\/2024\/09\/ANDREIA-VIEIRA.jpg","datePublished":"2024-09-13T01:27:16+00:00","dateModified":"2024-09-13T01:27:17+00:00","description":"A enfermeira Andreia Santos Vieira foi eleita esta quinta-feira (12) presidente da dire\u00e7\u00e3o da Casa do Povo de Cabeceiras de Basto num ato eleitoral com lista \u00fanica em que participaram \u2013 segundo fonte ligada ao processo \u2013 52 por cento dos associados.","breadcrumb":{"@id":"https:\/\/terrasdebasto.pt\/?p=2009#breadcrumb"},"inLanguage":"pt-PT","potentialAction":[{"@type":"ReadAction","target":["https:\/\/terrasdebasto.pt\/?p=2009"]}]},{"@type":"ImageObject","inLanguage":"pt-PT","@id":"https:\/\/terrasdebasto.pt\/?p=2009#primaryimage","url":"https:\/\/terrasdebasto.pt\/wp-content\/uploads\/2024\/09\/ANDREIA-VIEIRA.jpg","contentUrl":"https:\/\/terrasdebasto.pt\/wp-content\/uploads\/2024\/09\/ANDREIA-VIEIRA.jpg","width":750,"height":1101,"caption":"Screenshot"},{"@type":"BreadcrumbList","@id":"https:\/\/terrasdebasto.pt\/?p=2009#breadcrumb","itemListElement":[{"@type":"ListItem","position":1,"name":"In\u00edcio","item":"https:\/\/terrasdebasto.pt\/"},{"@type":"ListItem","position":2,"name":"Andreia Vieira preside \u00e0 Casa do Povo de Cabeceiras"}]},{"@type":"WebSite","@id":"https:\/\/terrasdebasto.pt\/#website","url":"https:\/\/terrasdebasto.pt\/","name":"Jornal Terras de Basto","description":"","publisher":{"@id":"https:\/\/terrasdebasto.pt\/#organization"},"potentialAction":[{"@type":"SearchAction","target":{"@type":"EntryPoint","urlTemplate":"https:\/\/terrasdebasto.pt\/?s={search_term_string}"},"query-input":{"@type":"PropertyValueSpecification","valueRequired":true,"valueName":"search_term_string"}}],"inLanguage":"pt-PT"},{"@type":"Organization","@id":"https:\/\/terrasdebasto.pt\/#organization","name":"Jornal Terras de Basto","url":"https:\/\/terrasdebasto.pt\/","logo":{"@type":"ImageObject","inLanguage":"pt-PT","@id":"https:\/\/terrasdebasto.pt\/#\/schema\/logo\/image\/","url":"https:\/\/terrasdebasto.pt\/wp-content\/uploads\/2024\/06\/LogoNormal.png","contentUrl":"https:\/\/terrasdebasto.pt\/wp-content\/uploads\/2024\/06\/LogoNormal.png","width":5638,"height":809,"caption":"Jornal Terras de Basto"},"image":{"@id":"https:\/\/terrasdebasto.pt\/#\/schema\/logo\/image\/"}},{"@type":"Person","@id":"https:\/\/terrasdebasto.pt\/#\/schema\/person\/9f6739f5394ac65c802641773b278b84","name":"Jo\u00e3o Paulo Mesquita","image":{"@type":"ImageObject","inLanguage":"pt-PT","@id":"https:\/\/terrasdebasto.pt\/#\/schema\/person\/image\/","url":"https:\/\/secure.gravatar.com\/avatar\/9bd0f299e6d96336664aab64354168246a3ee3287c47891c50d450e47ed9d7f9?s=96&d=mm&r=g","contentUrl":"https:\/\/secure.gravatar.com\/avatar\/9bd0f299e6d96336664aab64354168246a3ee3287c47891c50d450e47ed9d7f9?s=96&d=mm&r=g","caption":"Jo\u00e3o Paulo Mesquita"},"url":"https:\/\/terrasdebasto.pt\/?author=7"}]}},"_links":{"self":[{"href":"https:\/\/terrasdebasto.pt\/index.php?rest_route=\/wp\/v2\/posts\/2009","targetHints":{"allow":["GET"]}}],"collection":[{"href":"https:\/\/terrasdebasto.pt\/index.php?rest_route=\/wp\/v2\/posts"}],"about":[{"href":"https:\/\/terrasdebasto.pt\/index.php?rest_route=\/wp\/v2\/types\/post"}],"author":[{"embeddable":true,"href":"https:\/\/terrasdebasto.pt\/index.php?rest_route=\/wp\/v2\/users\/7"}],"replies":[{"embeddable":true,"href":"https:\/\/terrasdebasto.pt\/index.php?rest_route=%2Fwp%2Fv2%2Fcomments&post=2009"}],"version-history":[{"count":1,"href":"https:\/\/terrasdebasto.pt\/index.php?rest_route=\/wp\/v2\/posts\/2009\/revisions"}],"predecessor-version":[{"id":2014,"href":"https:\/\/terrasdebasto.pt\/index.php?rest_route=\/wp\/v2\/posts\/2009\/revisions\/2014"}],"wp:featuredmedia":[{"embeddable":true,"href":"https:\/\/terrasdebasto.pt\/index.php?rest_route=\/wp\/v2\/media\/2010"}],"wp:attachment":[{"href":"https:\/\/terrasdebasto.pt\/index.php?rest_route=%2Fwp%2Fv2%2Fmedia&parent=2009"}],"wp:term":[{"taxonomy":"category","embeddable":true,"href":"https:\/\/terrasdebasto.pt\/index.php?rest_route=%2Fwp%2Fv2%2Fcategories&post=2009"},{"taxonomy":"post_tag","embeddable":true,"href":"https:\/\/terrasdebasto.pt\/index.php?rest_route=%2Fwp%2Fv2%2Ftags&post=2009"}],"curies":[{"name":"wp","href":"https:\/\/api.w.org\/{rel}","templated":true}]}}