{"id":2006,"date":"2024-09-13T00:51:22","date_gmt":"2024-09-13T00:51:22","guid":{"rendered":"https:\/\/terrasdebasto.pt\/?p=2006"},"modified":"2024-09-13T00:51:23","modified_gmt":"2024-09-13T00:51:23","slug":"cabeceiras-cheiro-a-gas-pode-ter-origem-no-saneamento","status":"publish","type":"post","link":"https:\/\/terrasdebasto.pt\/?p=2006","title":{"rendered":"Cabeceiras: cheiro a g\u00e1s pode ter origem no saneamento"},"content":{"rendered":"\n<p><strong>Poder\u00e1 ter origem no biog\u00e1s produzido na rede de saneamento o odor a g\u00e1s que se fazia sentir na zona do Mercado Municipal de Cabeceiras de Basto esta quinta-feira (12) \u00e0 noite e que levou \u00e0 interven\u00e7\u00e3o dos bombeiros, que isolaram a Rua Em\u00eddio Guerreiro, nas traseiras daquele equipamento p\u00fablico.<\/strong><\/p>\n\n\n\n<p>De acordo com fonte que acompanhou a interven\u00e7\u00e3o, a equipa t\u00e9cnica ao servi\u00e7o da distribuidora \u201cGalp\u201d \u2013 que chegou de Lousada a Cabeceiras de Basto quase tr\u00eas horas depois de acionada \u2013 n\u00e3o foi identificada qualquer fuga na sua rede de distribui\u00e7\u00e3o, apesar de ser reconhecido \u00abum cheiro a g\u00e1s\u00bb.<\/p>\n\n\n\n<p>\u00abN\u00e3o tendo sido tecnicamente identificada qualquer fuga na rede que abastece aquela zona a partir de um dep\u00f3sito da \u201cGalp\u201d, \u00e9 muito bem poss\u00edvel que o cheiro que chegou a causar apreens\u00e3o seja motivado pela rede de saneamento\u00bb, diz a fonte ao Terras de Basto, lembrando que estamos perante uma \u00e1rea urbana problem\u00e1tica no que ao saneamento diz respeito, sendo v\u00e1rios os epis\u00f3dios de entupimento e transbordo, por exemplo no edif\u00edcio do Centro de Sa\u00fade, a que acresce o facto de as temperaturas se manterem prop\u00edcias \u00e0 r\u00e1pida fermenta\u00e7\u00e3o de res\u00edduos acumulados nas tubagens e \u00e0 produ\u00e7\u00e3o de biog\u00e1s.<\/p>\n\n\n\n<p>S\u00e9rgio Basto, comandante dos Bombeiros Cabeceirenses, que acompanhou a situa\u00e7\u00e3o com cinco operacionais no local desde as 19h00, confirmou que a equipa t\u00e9cnica ao servi\u00e7o da distribuidora inspecionou as cinco instala\u00e7\u00f5es servidas por aquele ramal na art\u00e9ria em causa, n\u00e3o tendo encontrado qualquer fuga de g\u00e1s propano liquefeito.<\/p>\n\n\n\n<p>Os clientes da \u201cGalp\u201d foram autorizados a usar a rede por volta das 22h20. [Reda\u00e7\u00e3o]<\/p>\n","protected":false},"excerpt":{"rendered":"<p>Poder\u00e1 ter origem no biog\u00e1s produzido na rede de saneamento o odor a g\u00e1s que se fazia sentir na zona do Mercado Municipal de Cabeceiras de Basto esta quinta-feira (12) \u00e0 noite e que levou \u00e0 interven\u00e7\u00e3o dos bombeiros, que isolaram a Rua Em\u00eddio Guerreiro, nas traseiras daquele equipamento p\u00fablico. De acordo com fonte que [&hellip;]<\/p>\n","protected":false},"author":7,"featured_media":2007,"comment_status":"open","ping_status":"open","sticky":false,"template":"","format":"standard","meta":{"footnotes":""},"categories":[12],"tags":[436,435,437],"class_list":{"0":"post-2006","1":"post","2":"type-post","3":"status-publish","4":"format-standard","5":"has-post-thumbnail","7":"category-cabeceiras-de-basto","8":"tag-fuga-de-gas","9":"tag-gas-propano","10":"tag-mercado-municipal"},"yoast_head":"<!-- This site is optimized with the Yoast SEO plugin v25.7 - https:\/\/yoast.com\/wordpress\/plugins\/seo\/ -->\n<title>Cabeceiras: cheiro a g\u00e1s pode ter origem no saneamento - Jornal Terras de Basto<\/title>\n<meta name=\"description\" content=\"Poder\u00e1 ter origem no biog\u00e1s produzido na rede de saneamento o odor a g\u00e1s que se fazia sentir na zona do Mercado Municipal de Cabeceiras de Basto esta quinta-feira (12) \u00e0 noite e que levou \u00e0 interven\u00e7\u00e3o dos bombeiros, que isolaram a Rua Em\u00eddio Guerreiro, nas traseiras daquele equipamento p\u00fablico.\" \/>\n<meta name=\"robots\" content=\"index, follow, max-snippet:-1, max-image-preview:large, max-video-preview:-1\" \/>\n<link rel=\"canonical\" href=\"https:\/\/terrasdebasto.pt\/?p=2006\" \/>\n<meta property=\"og:locale\" content=\"pt_PT\" \/>\n<meta property=\"og:type\" content=\"article\" \/>\n<meta property=\"og:title\" content=\"Cabeceiras: cheiro a g\u00e1s pode ter origem no saneamento - Jornal Terras de Basto\" \/>\n<meta property=\"og:description\" content=\"Poder\u00e1 ter origem no biog\u00e1s produzido na rede de saneamento o odor a g\u00e1s que se fazia sentir na zona do Mercado Municipal de Cabeceiras de Basto esta quinta-feira (12) \u00e0 noite e que levou \u00e0 interven\u00e7\u00e3o dos bombeiros, que isolaram a Rua Em\u00eddio Guerreiro, nas traseiras daquele equipamento p\u00fablico.\" \/>\n<meta property=\"og:url\" content=\"https:\/\/terrasdebasto.pt\/?p=2006\" \/>\n<meta property=\"og:site_name\" content=\"Jornal Terras de Basto\" \/>\n<meta property=\"article:published_time\" content=\"2024-09-13T00:51:22+00:00\" \/>\n<meta property=\"article:modified_time\" content=\"2024-09-13T00:51:23+00:00\" \/>\n<meta property=\"og:image\" content=\"https:\/\/terrasdebasto.pt\/wp-content\/uploads\/2024\/09\/gas.jpg\" \/>\n\t<meta property=\"og:image:width\" content=\"720\" \/>\n\t<meta property=\"og:image:height\" content=\"612\" \/>\n\t<meta property=\"og:image:type\" content=\"image\/jpeg\" \/>\n<meta name=\"author\" content=\"Jo\u00e3o Paulo Mesquita\" \/>\n<meta name=\"twitter:card\" content=\"summary_large_image\" \/>\n<meta name=\"twitter:label1\" content=\"Escrito por\" \/>\n\t<meta name=\"twitter:data1\" content=\"Jo\u00e3o Paulo Mesquita\" \/>\n\t<meta name=\"twitter:label2\" content=\"Tempo estimado de leitura\" \/>\n\t<meta name=\"twitter:data2\" content=\"2 minutos\" \/>\n<script type=\"application\/ld+json\" class=\"yoast-schema-graph\">{\"@context\":\"https:\/\/schema.org\",\"@graph\":[{\"@type\":\"Article\",\"@id\":\"https:\/\/terrasdebasto.pt\/?p=2006#article\",\"isPartOf\":{\"@id\":\"https:\/\/terrasdebasto.pt\/?p=2006\"},\"author\":{\"name\":\"Jo\u00e3o Paulo Mesquita\",\"@id\":\"https:\/\/terrasdebasto.pt\/#\/schema\/person\/9f6739f5394ac65c802641773b278b84\"},\"headline\":\"Cabeceiras: cheiro a g\u00e1s pode ter origem no saneamento\",\"datePublished\":\"2024-09-13T00:51:22+00:00\",\"dateModified\":\"2024-09-13T00:51:23+00:00\",\"mainEntityOfPage\":{\"@id\":\"https:\/\/terrasdebasto.pt\/?p=2006\"},\"wordCount\":300,\"commentCount\":0,\"publisher\":{\"@id\":\"https:\/\/terrasdebasto.pt\/#organization\"},\"image\":{\"@id\":\"https:\/\/terrasdebasto.pt\/?p=2006#primaryimage\"},\"thumbnailUrl\":\"https:\/\/terrasdebasto.pt\/wp-content\/uploads\/2024\/09\/gas.jpg\",\"keywords\":[\"Fuga de G\u00e1s\",\"G\u00e1s Propano\",\"Mercado Municipal\"],\"articleSection\":[\"Cabeceiras de Basto\"],\"inLanguage\":\"pt-PT\",\"potentialAction\":[{\"@type\":\"CommentAction\",\"name\":\"Comment\",\"target\":[\"https:\/\/terrasdebasto.pt\/?p=2006#respond\"]}]},{\"@type\":\"WebPage\",\"@id\":\"https:\/\/terrasdebasto.pt\/?p=2006\",\"url\":\"https:\/\/terrasdebasto.pt\/?p=2006\",\"name\":\"Cabeceiras: cheiro a g\u00e1s pode ter origem no saneamento - Jornal Terras de Basto\",\"isPartOf\":{\"@id\":\"https:\/\/terrasdebasto.pt\/#website\"},\"primaryImageOfPage\":{\"@id\":\"https:\/\/terrasdebasto.pt\/?p=2006#primaryimage\"},\"image\":{\"@id\":\"https:\/\/terrasdebasto.pt\/?p=2006#primaryimage\"},\"thumbnailUrl\":\"https:\/\/terrasdebasto.pt\/wp-content\/uploads\/2024\/09\/gas.jpg\",\"datePublished\":\"2024-09-13T00:51:22+00:00\",\"dateModified\":\"2024-09-13T00:51:23+00:00\",\"description\":\"Poder\u00e1 ter origem no biog\u00e1s produzido na rede de saneamento o odor a g\u00e1s que se fazia sentir na zona do Mercado Municipal de Cabeceiras de Basto esta quinta-feira (12) \u00e0 noite e que levou \u00e0 interven\u00e7\u00e3o dos bombeiros, que isolaram a Rua Em\u00eddio Guerreiro, nas traseiras daquele equipamento p\u00fablico.\",\"breadcrumb\":{\"@id\":\"https:\/\/terrasdebasto.pt\/?p=2006#breadcrumb\"},\"inLanguage\":\"pt-PT\",\"potentialAction\":[{\"@type\":\"ReadAction\",\"target\":[\"https:\/\/terrasdebasto.pt\/?p=2006\"]}]},{\"@type\":\"ImageObject\",\"inLanguage\":\"pt-PT\",\"@id\":\"https:\/\/terrasdebasto.pt\/?p=2006#primaryimage\",\"url\":\"https:\/\/terrasdebasto.pt\/wp-content\/uploads\/2024\/09\/gas.jpg\",\"contentUrl\":\"https:\/\/terrasdebasto.pt\/wp-content\/uploads\/2024\/09\/gas.jpg\",\"width\":720,\"height\":612},{\"@type\":\"BreadcrumbList\",\"@id\":\"https:\/\/terrasdebasto.pt\/?p=2006#breadcrumb\",\"itemListElement\":[{\"@type\":\"ListItem\",\"position\":1,\"name\":\"In\u00edcio\",\"item\":\"https:\/\/terrasdebasto.pt\/\"},{\"@type\":\"ListItem\",\"position\":2,\"name\":\"Cabeceiras: cheiro a g\u00e1s pode ter origem no saneamento\"}]},{\"@type\":\"WebSite\",\"@id\":\"https:\/\/terrasdebasto.pt\/#website\",\"url\":\"https:\/\/terrasdebasto.pt\/\",\"name\":\"Jornal Terras de Basto\",\"description\":\"\",\"publisher\":{\"@id\":\"https:\/\/terrasdebasto.pt\/#organization\"},\"potentialAction\":[{\"@type\":\"SearchAction\",\"target\":{\"@type\":\"EntryPoint\",\"urlTemplate\":\"https:\/\/terrasdebasto.pt\/?s={search_term_string}\"},\"query-input\":{\"@type\":\"PropertyValueSpecification\",\"valueRequired\":true,\"valueName\":\"search_term_string\"}}],\"inLanguage\":\"pt-PT\"},{\"@type\":\"Organization\",\"@id\":\"https:\/\/terrasdebasto.pt\/#organization\",\"name\":\"Jornal Terras de Basto\",\"url\":\"https:\/\/terrasdebasto.pt\/\",\"logo\":{\"@type\":\"ImageObject\",\"inLanguage\":\"pt-PT\",\"@id\":\"https:\/\/terrasdebasto.pt\/#\/schema\/logo\/image\/\",\"url\":\"https:\/\/terrasdebasto.pt\/wp-content\/uploads\/2024\/06\/LogoNormal.png\",\"contentUrl\":\"https:\/\/terrasdebasto.pt\/wp-content\/uploads\/2024\/06\/LogoNormal.png\",\"width\":5638,\"height\":809,\"caption\":\"Jornal Terras de Basto\"},\"image\":{\"@id\":\"https:\/\/terrasdebasto.pt\/#\/schema\/logo\/image\/\"}},{\"@type\":\"Person\",\"@id\":\"https:\/\/terrasdebasto.pt\/#\/schema\/person\/9f6739f5394ac65c802641773b278b84\",\"name\":\"Jo\u00e3o Paulo Mesquita\",\"image\":{\"@type\":\"ImageObject\",\"inLanguage\":\"pt-PT\",\"@id\":\"https:\/\/terrasdebasto.pt\/#\/schema\/person\/image\/\",\"url\":\"https:\/\/secure.gravatar.com\/avatar\/9bd0f299e6d96336664aab64354168246a3ee3287c47891c50d450e47ed9d7f9?s=96&d=mm&r=g\",\"contentUrl\":\"https:\/\/secure.gravatar.com\/avatar\/9bd0f299e6d96336664aab64354168246a3ee3287c47891c50d450e47ed9d7f9?s=96&d=mm&r=g\",\"caption\":\"Jo\u00e3o Paulo Mesquita\"},\"url\":\"https:\/\/terrasdebasto.pt\/?author=7\"}]}<\/script>\n<!-- \/ Yoast SEO plugin. -->","yoast_head_json":{"title":"Cabeceiras: cheiro a g\u00e1s pode ter origem no saneamento - Jornal Terras de Basto","description":"Poder\u00e1 ter origem no biog\u00e1s produzido na rede de saneamento o odor a g\u00e1s que se fazia sentir na zona do Mercado Municipal de Cabeceiras de Basto esta quinta-feira (12) \u00e0 noite e que levou \u00e0 interven\u00e7\u00e3o dos bombeiros, que isolaram a Rua Em\u00eddio Guerreiro, nas traseiras daquele equipamento p\u00fablico.","robots":{"index":"index","follow":"follow","max-snippet":"max-snippet:-1","max-image-preview":"max-image-preview:large","max-video-preview":"max-video-preview:-1"},"canonical":"https:\/\/terrasdebasto.pt\/?p=2006","og_locale":"pt_PT","og_type":"article","og_title":"Cabeceiras: cheiro a g\u00e1s pode ter origem no saneamento - Jornal Terras de Basto","og_description":"Poder\u00e1 ter origem no biog\u00e1s produzido na rede de saneamento o odor a g\u00e1s que se fazia sentir na zona do Mercado Municipal de Cabeceiras de Basto esta quinta-feira (12) \u00e0 noite e que levou \u00e0 interven\u00e7\u00e3o dos bombeiros, que isolaram a Rua Em\u00eddio Guerreiro, nas traseiras daquele equipamento p\u00fablico.","og_url":"https:\/\/terrasdebasto.pt\/?p=2006","og_site_name":"Jornal Terras de Basto","article_published_time":"2024-09-13T00:51:22+00:00","article_modified_time":"2024-09-13T00:51:23+00:00","og_image":[{"width":720,"height":612,"url":"https:\/\/terrasdebasto.pt\/wp-content\/uploads\/2024\/09\/gas.jpg","type":"image\/jpeg"}],"author":"Jo\u00e3o Paulo Mesquita","twitter_card":"summary_large_image","twitter_misc":{"Escrito por":"Jo\u00e3o Paulo Mesquita","Tempo estimado de leitura":"2 minutos"},"schema":{"@context":"https:\/\/schema.org","@graph":[{"@type":"Article","@id":"https:\/\/terrasdebasto.pt\/?p=2006#article","isPartOf":{"@id":"https:\/\/terrasdebasto.pt\/?p=2006"},"author":{"name":"Jo\u00e3o Paulo Mesquita","@id":"https:\/\/terrasdebasto.pt\/#\/schema\/person\/9f6739f5394ac65c802641773b278b84"},"headline":"Cabeceiras: cheiro a g\u00e1s pode ter origem no saneamento","datePublished":"2024-09-13T00:51:22+00:00","dateModified":"2024-09-13T00:51:23+00:00","mainEntityOfPage":{"@id":"https:\/\/terrasdebasto.pt\/?p=2006"},"wordCount":300,"commentCount":0,"publisher":{"@id":"https:\/\/terrasdebasto.pt\/#organization"},"image":{"@id":"https:\/\/terrasdebasto.pt\/?p=2006#primaryimage"},"thumbnailUrl":"https:\/\/terrasdebasto.pt\/wp-content\/uploads\/2024\/09\/gas.jpg","keywords":["Fuga de G\u00e1s","G\u00e1s Propano","Mercado Municipal"],"articleSection":["Cabeceiras de Basto"],"inLanguage":"pt-PT","potentialAction":[{"@type":"CommentAction","name":"Comment","target":["https:\/\/terrasdebasto.pt\/?p=2006#respond"]}]},{"@type":"WebPage","@id":"https:\/\/terrasdebasto.pt\/?p=2006","url":"https:\/\/terrasdebasto.pt\/?p=2006","name":"Cabeceiras: cheiro a g\u00e1s pode ter origem no saneamento - Jornal Terras de Basto","isPartOf":{"@id":"https:\/\/terrasdebasto.pt\/#website"},"primaryImageOfPage":{"@id":"https:\/\/terrasdebasto.pt\/?p=2006#primaryimage"},"image":{"@id":"https:\/\/terrasdebasto.pt\/?p=2006#primaryimage"},"thumbnailUrl":"https:\/\/terrasdebasto.pt\/wp-content\/uploads\/2024\/09\/gas.jpg","datePublished":"2024-09-13T00:51:22+00:00","dateModified":"2024-09-13T00:51:23+00:00","description":"Poder\u00e1 ter origem no biog\u00e1s produzido na rede de saneamento o odor a g\u00e1s que se fazia sentir na zona do Mercado Municipal de Cabeceiras de Basto esta quinta-feira (12) \u00e0 noite e que levou \u00e0 interven\u00e7\u00e3o dos bombeiros, que isolaram a Rua Em\u00eddio Guerreiro, nas traseiras daquele equipamento p\u00fablico.","breadcrumb":{"@id":"https:\/\/terrasdebasto.pt\/?p=2006#breadcrumb"},"inLanguage":"pt-PT","potentialAction":[{"@type":"ReadAction","target":["https:\/\/terrasdebasto.pt\/?p=2006"]}]},{"@type":"ImageObject","inLanguage":"pt-PT","@id":"https:\/\/terrasdebasto.pt\/?p=2006#primaryimage","url":"https:\/\/terrasdebasto.pt\/wp-content\/uploads\/2024\/09\/gas.jpg","contentUrl":"https:\/\/terrasdebasto.pt\/wp-content\/uploads\/2024\/09\/gas.jpg","width":720,"height":612},{"@type":"BreadcrumbList","@id":"https:\/\/terrasdebasto.pt\/?p=2006#breadcrumb","itemListElement":[{"@type":"ListItem","position":1,"name":"In\u00edcio","item":"https:\/\/terrasdebasto.pt\/"},{"@type":"ListItem","position":2,"name":"Cabeceiras: cheiro a g\u00e1s pode ter origem no saneamento"}]},{"@type":"WebSite","@id":"https:\/\/terrasdebasto.pt\/#website","url":"https:\/\/terrasdebasto.pt\/","name":"Jornal Terras de Basto","description":"","publisher":{"@id":"https:\/\/terrasdebasto.pt\/#organization"},"potentialAction":[{"@type":"SearchAction","target":{"@type":"EntryPoint","urlTemplate":"https:\/\/terrasdebasto.pt\/?s={search_term_string}"},"query-input":{"@type":"PropertyValueSpecification","valueRequired":true,"valueName":"search_term_string"}}],"inLanguage":"pt-PT"},{"@type":"Organization","@id":"https:\/\/terrasdebasto.pt\/#organization","name":"Jornal Terras de Basto","url":"https:\/\/terrasdebasto.pt\/","logo":{"@type":"ImageObject","inLanguage":"pt-PT","@id":"https:\/\/terrasdebasto.pt\/#\/schema\/logo\/image\/","url":"https:\/\/terrasdebasto.pt\/wp-content\/uploads\/2024\/06\/LogoNormal.png","contentUrl":"https:\/\/terrasdebasto.pt\/wp-content\/uploads\/2024\/06\/LogoNormal.png","width":5638,"height":809,"caption":"Jornal Terras de Basto"},"image":{"@id":"https:\/\/terrasdebasto.pt\/#\/schema\/logo\/image\/"}},{"@type":"Person","@id":"https:\/\/terrasdebasto.pt\/#\/schema\/person\/9f6739f5394ac65c802641773b278b84","name":"Jo\u00e3o Paulo Mesquita","image":{"@type":"ImageObject","inLanguage":"pt-PT","@id":"https:\/\/terrasdebasto.pt\/#\/schema\/person\/image\/","url":"https:\/\/secure.gravatar.com\/avatar\/9bd0f299e6d96336664aab64354168246a3ee3287c47891c50d450e47ed9d7f9?s=96&d=mm&r=g","contentUrl":"https:\/\/secure.gravatar.com\/avatar\/9bd0f299e6d96336664aab64354168246a3ee3287c47891c50d450e47ed9d7f9?s=96&d=mm&r=g","caption":"Jo\u00e3o Paulo Mesquita"},"url":"https:\/\/terrasdebasto.pt\/?author=7"}]}},"_links":{"self":[{"href":"https:\/\/terrasdebasto.pt\/index.php?rest_route=\/wp\/v2\/posts\/2006","targetHints":{"allow":["GET"]}}],"collection":[{"href":"https:\/\/terrasdebasto.pt\/index.php?rest_route=\/wp\/v2\/posts"}],"about":[{"href":"https:\/\/terrasdebasto.pt\/index.php?rest_route=\/wp\/v2\/types\/post"}],"author":[{"embeddable":true,"href":"https:\/\/terrasdebasto.pt\/index.php?rest_route=\/wp\/v2\/users\/7"}],"replies":[{"embeddable":true,"href":"https:\/\/terrasdebasto.pt\/index.php?rest_route=%2Fwp%2Fv2%2Fcomments&post=2006"}],"version-history":[{"count":1,"href":"https:\/\/terrasdebasto.pt\/index.php?rest_route=\/wp\/v2\/posts\/2006\/revisions"}],"predecessor-version":[{"id":2008,"href":"https:\/\/terrasdebasto.pt\/index.php?rest_route=\/wp\/v2\/posts\/2006\/revisions\/2008"}],"wp:featuredmedia":[{"embeddable":true,"href":"https:\/\/terrasdebasto.pt\/index.php?rest_route=\/wp\/v2\/media\/2007"}],"wp:attachment":[{"href":"https:\/\/terrasdebasto.pt\/index.php?rest_route=%2Fwp%2Fv2%2Fmedia&parent=2006"}],"wp:term":[{"taxonomy":"category","embeddable":true,"href":"https:\/\/terrasdebasto.pt\/index.php?rest_route=%2Fwp%2Fv2%2Fcategories&post=2006"},{"taxonomy":"post_tag","embeddable":true,"href":"https:\/\/terrasdebasto.pt\/index.php?rest_route=%2Fwp%2Fv2%2Ftags&post=2006"}],"curies":[{"name":"wp","href":"https:\/\/api.w.org\/{rel}","templated":true}]}}