{"id":1989,"date":"2024-09-12T18:40:33","date_gmt":"2024-09-12T18:40:33","guid":{"rendered":"https:\/\/terrasdebasto.pt\/?p=1989"},"modified":"2024-09-12T18:41:19","modified_gmt":"2024-09-12T18:41:19","slug":"cabeceiras-entrega-107-bolsas-de-estudo","status":"publish","type":"post","link":"https:\/\/terrasdebasto.pt\/?p=1989","title":{"rendered":"Cabeceiras entrega 107 bolsas de estudo"},"content":{"rendered":"\n<p><strong>O Munic\u00edpio de Cabeceiras de Basto entregou esta quarta-feira (11) 107 bolsas de estudo, um investimento que diz somar 66.750 euros. Al\u00e9m do apoio aos agregados familiares, \u00e9 tamb\u00e9m um est\u00edmulo a que os jovens prossigam os estudos. Foram entregues 19 bolsas a alunos com o 1.\u00ba escal\u00e3o de abono de fam\u00edlia, no montante individual de 750 euros; 41 bolsas para o 2.\u00ba escal\u00e3o, no valor individual de 650 euros; e 47 bolsas para o 3.\u00ba escal\u00e3o, no montante individual de 550 euros. Al\u00e9m da presid\u00eancia, associaram-se ao momento um vereador da coliga\u00e7\u00e3o \u201cFazer Diferente\u201d e dois autarcas de freguesia.<\/strong><\/p>\n\n\n\n<figure class=\"wp-block-gallery has-nested-images columns-default is-cropped wp-block-gallery-1 is-layout-flex wp-block-gallery-is-layout-flex\">\n<figure class=\"wp-block-image size-large\"><img loading=\"lazy\" decoding=\"async\" width=\"1024\" height=\"636\" data-id=\"1991\" src=\"https:\/\/terrasdebasto.pt\/wp-content\/uploads\/2024\/09\/BOLSAS-1-1024x636.jpg\" alt=\"\" class=\"wp-image-1991\" srcset=\"https:\/\/terrasdebasto.pt\/wp-content\/uploads\/2024\/09\/BOLSAS-1-1024x636.jpg 1024w, https:\/\/terrasdebasto.pt\/wp-content\/uploads\/2024\/09\/BOLSAS-1-300x186.jpg 300w, https:\/\/terrasdebasto.pt\/wp-content\/uploads\/2024\/09\/BOLSAS-1-768x477.jpg 768w, https:\/\/terrasdebasto.pt\/wp-content\/uploads\/2024\/09\/BOLSAS-1-1536x954.jpg 1536w, https:\/\/terrasdebasto.pt\/wp-content\/uploads\/2024\/09\/BOLSAS-1-150x93.jpg 150w, https:\/\/terrasdebasto.pt\/wp-content\/uploads\/2024\/09\/BOLSAS-1-696x432.jpg 696w, https:\/\/terrasdebasto.pt\/wp-content\/uploads\/2024\/09\/BOLSAS-1-1068x664.jpg 1068w, https:\/\/terrasdebasto.pt\/wp-content\/uploads\/2024\/09\/BOLSAS-1.jpg 1714w\" sizes=\"auto, (max-width: 1024px) 100vw, 1024px\" \/><\/figure>\n<\/figure>\n","protected":false},"excerpt":{"rendered":"<p>O Munic\u00edpio de Cabeceiras de Basto entregou esta quarta-feira (11) 107 bolsas de estudo, um investimento que diz somar 66.750 euros. Al\u00e9m do apoio aos agregados familiares, \u00e9 tamb\u00e9m um est\u00edmulo a que os jovens prossigam os estudos. Foram entregues 19 bolsas a alunos com o 1.\u00ba escal\u00e3o de abono de fam\u00edlia, no montante individual [&hellip;]<\/p>\n","protected":false},"author":7,"featured_media":1990,"comment_status":"open","ping_status":"open","sticky":false,"template":"","format":"standard","meta":{"footnotes":""},"categories":[12,11],"tags":[431,29,115],"class_list":{"0":"post-1989","1":"post","2":"type-post","3":"status-publish","4":"format-standard","5":"has-post-thumbnail","7":"category-cabeceiras-de-basto","8":"category-educacao","9":"tag-bolsas-de-estudo","10":"tag-cabeceiras-de-basto","11":"tag-educacao"},"yoast_head":"<!-- This site is optimized with the Yoast SEO plugin v25.7 - https:\/\/yoast.com\/wordpress\/plugins\/seo\/ -->\n<title>Cabeceiras entrega 107 bolsas de estudo - Jornal Terras de Basto<\/title>\n<meta name=\"description\" content=\"O Munic\u00edpio de Cabeceiras de Basto entregou esta quarta-feira (11) 107 bolsas de estudo, um investimento que diz somar 66.750 euros. Al\u00e9m do apoio aos agregados familiares, \u00e9 tamb\u00e9m um est\u00edmulo a que os jovens prossigam os estudos. Foram entregues 19 bolsas a alunos com o 1.\u00ba escal\u00e3o de abono de fam\u00edlia, no montante individual de 750 euros; 41 bolsas para o 2.\u00ba escal\u00e3o, no valor individual de 650 euros; e 47 bolsas para o 3.\u00ba escal\u00e3o, no montante individual de 550 euros. Al\u00e9m da presid\u00eancia, associaram-se ao momento um vereador da coliga\u00e7\u00e3o \u201cFazer Diferente\u201d e dois autarcas de freguesia.\" \/>\n<meta name=\"robots\" content=\"index, follow, max-snippet:-1, max-image-preview:large, max-video-preview:-1\" \/>\n<link rel=\"canonical\" href=\"https:\/\/terrasdebasto.pt\/?p=1989\" \/>\n<meta property=\"og:locale\" content=\"pt_PT\" \/>\n<meta property=\"og:type\" content=\"article\" \/>\n<meta property=\"og:title\" content=\"Cabeceiras entrega 107 bolsas de estudo - Jornal Terras de Basto\" \/>\n<meta property=\"og:description\" content=\"O Munic\u00edpio de Cabeceiras de Basto entregou esta quarta-feira (11) 107 bolsas de estudo, um investimento que diz somar 66.750 euros. Al\u00e9m do apoio aos agregados familiares, \u00e9 tamb\u00e9m um est\u00edmulo a que os jovens prossigam os estudos. Foram entregues 19 bolsas a alunos com o 1.\u00ba escal\u00e3o de abono de fam\u00edlia, no montante individual de 750 euros; 41 bolsas para o 2.\u00ba escal\u00e3o, no valor individual de 650 euros; e 47 bolsas para o 3.\u00ba escal\u00e3o, no montante individual de 550 euros. Al\u00e9m da presid\u00eancia, associaram-se ao momento um vereador da coliga\u00e7\u00e3o \u201cFazer Diferente\u201d e dois autarcas de freguesia.\" \/>\n<meta property=\"og:url\" content=\"https:\/\/terrasdebasto.pt\/?p=1989\" \/>\n<meta property=\"og:site_name\" content=\"Jornal Terras de Basto\" \/>\n<meta property=\"article:published_time\" content=\"2024-09-12T18:40:33+00:00\" \/>\n<meta property=\"article:modified_time\" content=\"2024-09-12T18:41:19+00:00\" \/>\n<meta property=\"og:image\" content=\"https:\/\/terrasdebasto.pt\/wp-content\/uploads\/2024\/09\/BOLSAS.jpg\" \/>\n\t<meta property=\"og:image:width\" content=\"1770\" \/>\n\t<meta property=\"og:image:height\" content=\"1194\" \/>\n\t<meta property=\"og:image:type\" content=\"image\/jpeg\" \/>\n<meta name=\"author\" content=\"Jo\u00e3o Paulo Mesquita\" \/>\n<meta name=\"twitter:card\" content=\"summary_large_image\" \/>\n<meta name=\"twitter:label1\" content=\"Escrito por\" \/>\n\t<meta name=\"twitter:data1\" content=\"Jo\u00e3o Paulo Mesquita\" \/>\n\t<meta name=\"twitter:label2\" content=\"Tempo estimado de leitura\" \/>\n\t<meta name=\"twitter:data2\" content=\"1 minuto\" \/>\n<script type=\"application\/ld+json\" class=\"yoast-schema-graph\">{\"@context\":\"https:\/\/schema.org\",\"@graph\":[{\"@type\":\"Article\",\"@id\":\"https:\/\/terrasdebasto.pt\/?p=1989#article\",\"isPartOf\":{\"@id\":\"https:\/\/terrasdebasto.pt\/?p=1989\"},\"author\":{\"name\":\"Jo\u00e3o Paulo Mesquita\",\"@id\":\"https:\/\/terrasdebasto.pt\/#\/schema\/person\/9f6739f5394ac65c802641773b278b84\"},\"headline\":\"Cabeceiras entrega 107 bolsas de estudo\",\"datePublished\":\"2024-09-12T18:40:33+00:00\",\"dateModified\":\"2024-09-12T18:41:19+00:00\",\"mainEntityOfPage\":{\"@id\":\"https:\/\/terrasdebasto.pt\/?p=1989\"},\"wordCount\":103,\"commentCount\":0,\"publisher\":{\"@id\":\"https:\/\/terrasdebasto.pt\/#organization\"},\"image\":{\"@id\":\"https:\/\/terrasdebasto.pt\/?p=1989#primaryimage\"},\"thumbnailUrl\":\"https:\/\/terrasdebasto.pt\/wp-content\/uploads\/2024\/09\/BOLSAS.jpg\",\"keywords\":[\"Bolsas de Estudo\",\"Cabeceiras de Basto\",\"Educa\u00e7\u00e3o\"],\"articleSection\":[\"Cabeceiras de Basto\",\"Educa\u00e7\u00e3o\"],\"inLanguage\":\"pt-PT\",\"potentialAction\":[{\"@type\":\"CommentAction\",\"name\":\"Comment\",\"target\":[\"https:\/\/terrasdebasto.pt\/?p=1989#respond\"]}]},{\"@type\":\"WebPage\",\"@id\":\"https:\/\/terrasdebasto.pt\/?p=1989\",\"url\":\"https:\/\/terrasdebasto.pt\/?p=1989\",\"name\":\"Cabeceiras entrega 107 bolsas de estudo - Jornal Terras de Basto\",\"isPartOf\":{\"@id\":\"https:\/\/terrasdebasto.pt\/#website\"},\"primaryImageOfPage\":{\"@id\":\"https:\/\/terrasdebasto.pt\/?p=1989#primaryimage\"},\"image\":{\"@id\":\"https:\/\/terrasdebasto.pt\/?p=1989#primaryimage\"},\"thumbnailUrl\":\"https:\/\/terrasdebasto.pt\/wp-content\/uploads\/2024\/09\/BOLSAS.jpg\",\"datePublished\":\"2024-09-12T18:40:33+00:00\",\"dateModified\":\"2024-09-12T18:41:19+00:00\",\"description\":\"O Munic\u00edpio de Cabeceiras de Basto entregou esta quarta-feira (11) 107 bolsas de estudo, um investimento que diz somar 66.750 euros. Al\u00e9m do apoio aos agregados familiares, \u00e9 tamb\u00e9m um est\u00edmulo a que os jovens prossigam os estudos. Foram entregues 19 bolsas a alunos com o 1.\u00ba escal\u00e3o de abono de fam\u00edlia, no montante individual de 750 euros; 41 bolsas para o 2.\u00ba escal\u00e3o, no valor individual de 650 euros; e 47 bolsas para o 3.\u00ba escal\u00e3o, no montante individual de 550 euros. Al\u00e9m da presid\u00eancia, associaram-se ao momento um vereador da coliga\u00e7\u00e3o \u201cFazer Diferente\u201d e dois autarcas de freguesia.\",\"breadcrumb\":{\"@id\":\"https:\/\/terrasdebasto.pt\/?p=1989#breadcrumb\"},\"inLanguage\":\"pt-PT\",\"potentialAction\":[{\"@type\":\"ReadAction\",\"target\":[\"https:\/\/terrasdebasto.pt\/?p=1989\"]}]},{\"@type\":\"ImageObject\",\"inLanguage\":\"pt-PT\",\"@id\":\"https:\/\/terrasdebasto.pt\/?p=1989#primaryimage\",\"url\":\"https:\/\/terrasdebasto.pt\/wp-content\/uploads\/2024\/09\/BOLSAS.jpg\",\"contentUrl\":\"https:\/\/terrasdebasto.pt\/wp-content\/uploads\/2024\/09\/BOLSAS.jpg\",\"width\":1770,\"height\":1194},{\"@type\":\"BreadcrumbList\",\"@id\":\"https:\/\/terrasdebasto.pt\/?p=1989#breadcrumb\",\"itemListElement\":[{\"@type\":\"ListItem\",\"position\":1,\"name\":\"In\u00edcio\",\"item\":\"https:\/\/terrasdebasto.pt\/\"},{\"@type\":\"ListItem\",\"position\":2,\"name\":\"Cabeceiras entrega 107 bolsas de estudo\"}]},{\"@type\":\"WebSite\",\"@id\":\"https:\/\/terrasdebasto.pt\/#website\",\"url\":\"https:\/\/terrasdebasto.pt\/\",\"name\":\"Jornal Terras de Basto\",\"description\":\"\",\"publisher\":{\"@id\":\"https:\/\/terrasdebasto.pt\/#organization\"},\"potentialAction\":[{\"@type\":\"SearchAction\",\"target\":{\"@type\":\"EntryPoint\",\"urlTemplate\":\"https:\/\/terrasdebasto.pt\/?s={search_term_string}\"},\"query-input\":{\"@type\":\"PropertyValueSpecification\",\"valueRequired\":true,\"valueName\":\"search_term_string\"}}],\"inLanguage\":\"pt-PT\"},{\"@type\":\"Organization\",\"@id\":\"https:\/\/terrasdebasto.pt\/#organization\",\"name\":\"Jornal Terras de Basto\",\"url\":\"https:\/\/terrasdebasto.pt\/\",\"logo\":{\"@type\":\"ImageObject\",\"inLanguage\":\"pt-PT\",\"@id\":\"https:\/\/terrasdebasto.pt\/#\/schema\/logo\/image\/\",\"url\":\"https:\/\/terrasdebasto.pt\/wp-content\/uploads\/2024\/06\/LogoNormal.png\",\"contentUrl\":\"https:\/\/terrasdebasto.pt\/wp-content\/uploads\/2024\/06\/LogoNormal.png\",\"width\":5638,\"height\":809,\"caption\":\"Jornal Terras de Basto\"},\"image\":{\"@id\":\"https:\/\/terrasdebasto.pt\/#\/schema\/logo\/image\/\"}},{\"@type\":\"Person\",\"@id\":\"https:\/\/terrasdebasto.pt\/#\/schema\/person\/9f6739f5394ac65c802641773b278b84\",\"name\":\"Jo\u00e3o Paulo Mesquita\",\"image\":{\"@type\":\"ImageObject\",\"inLanguage\":\"pt-PT\",\"@id\":\"https:\/\/terrasdebasto.pt\/#\/schema\/person\/image\/\",\"url\":\"https:\/\/secure.gravatar.com\/avatar\/9bd0f299e6d96336664aab64354168246a3ee3287c47891c50d450e47ed9d7f9?s=96&d=mm&r=g\",\"contentUrl\":\"https:\/\/secure.gravatar.com\/avatar\/9bd0f299e6d96336664aab64354168246a3ee3287c47891c50d450e47ed9d7f9?s=96&d=mm&r=g\",\"caption\":\"Jo\u00e3o Paulo Mesquita\"},\"url\":\"https:\/\/terrasdebasto.pt\/?author=7\"}]}<\/script>\n<!-- \/ Yoast SEO plugin. -->","yoast_head_json":{"title":"Cabeceiras entrega 107 bolsas de estudo - Jornal Terras de Basto","description":"O Munic\u00edpio de Cabeceiras de Basto entregou esta quarta-feira (11) 107 bolsas de estudo, um investimento que diz somar 66.750 euros. Al\u00e9m do apoio aos agregados familiares, \u00e9 tamb\u00e9m um est\u00edmulo a que os jovens prossigam os estudos. Foram entregues 19 bolsas a alunos com o 1.\u00ba escal\u00e3o de abono de fam\u00edlia, no montante individual de 750 euros; 41 bolsas para o 2.\u00ba escal\u00e3o, no valor individual de 650 euros; e 47 bolsas para o 3.\u00ba escal\u00e3o, no montante individual de 550 euros. Al\u00e9m da presid\u00eancia, associaram-se ao momento um vereador da coliga\u00e7\u00e3o \u201cFazer Diferente\u201d e dois autarcas de freguesia.","robots":{"index":"index","follow":"follow","max-snippet":"max-snippet:-1","max-image-preview":"max-image-preview:large","max-video-preview":"max-video-preview:-1"},"canonical":"https:\/\/terrasdebasto.pt\/?p=1989","og_locale":"pt_PT","og_type":"article","og_title":"Cabeceiras entrega 107 bolsas de estudo - Jornal Terras de Basto","og_description":"O Munic\u00edpio de Cabeceiras de Basto entregou esta quarta-feira (11) 107 bolsas de estudo, um investimento que diz somar 66.750 euros. Al\u00e9m do apoio aos agregados familiares, \u00e9 tamb\u00e9m um est\u00edmulo a que os jovens prossigam os estudos. Foram entregues 19 bolsas a alunos com o 1.\u00ba escal\u00e3o de abono de fam\u00edlia, no montante individual de 750 euros; 41 bolsas para o 2.\u00ba escal\u00e3o, no valor individual de 650 euros; e 47 bolsas para o 3.\u00ba escal\u00e3o, no montante individual de 550 euros. Al\u00e9m da presid\u00eancia, associaram-se ao momento um vereador da coliga\u00e7\u00e3o \u201cFazer Diferente\u201d e dois autarcas de freguesia.","og_url":"https:\/\/terrasdebasto.pt\/?p=1989","og_site_name":"Jornal Terras de Basto","article_published_time":"2024-09-12T18:40:33+00:00","article_modified_time":"2024-09-12T18:41:19+00:00","og_image":[{"width":1770,"height":1194,"url":"https:\/\/terrasdebasto.pt\/wp-content\/uploads\/2024\/09\/BOLSAS.jpg","type":"image\/jpeg"}],"author":"Jo\u00e3o Paulo Mesquita","twitter_card":"summary_large_image","twitter_misc":{"Escrito por":"Jo\u00e3o Paulo Mesquita","Tempo estimado de leitura":"1 minuto"},"schema":{"@context":"https:\/\/schema.org","@graph":[{"@type":"Article","@id":"https:\/\/terrasdebasto.pt\/?p=1989#article","isPartOf":{"@id":"https:\/\/terrasdebasto.pt\/?p=1989"},"author":{"name":"Jo\u00e3o Paulo Mesquita","@id":"https:\/\/terrasdebasto.pt\/#\/schema\/person\/9f6739f5394ac65c802641773b278b84"},"headline":"Cabeceiras entrega 107 bolsas de estudo","datePublished":"2024-09-12T18:40:33+00:00","dateModified":"2024-09-12T18:41:19+00:00","mainEntityOfPage":{"@id":"https:\/\/terrasdebasto.pt\/?p=1989"},"wordCount":103,"commentCount":0,"publisher":{"@id":"https:\/\/terrasdebasto.pt\/#organization"},"image":{"@id":"https:\/\/terrasdebasto.pt\/?p=1989#primaryimage"},"thumbnailUrl":"https:\/\/terrasdebasto.pt\/wp-content\/uploads\/2024\/09\/BOLSAS.jpg","keywords":["Bolsas de Estudo","Cabeceiras de Basto","Educa\u00e7\u00e3o"],"articleSection":["Cabeceiras de Basto","Educa\u00e7\u00e3o"],"inLanguage":"pt-PT","potentialAction":[{"@type":"CommentAction","name":"Comment","target":["https:\/\/terrasdebasto.pt\/?p=1989#respond"]}]},{"@type":"WebPage","@id":"https:\/\/terrasdebasto.pt\/?p=1989","url":"https:\/\/terrasdebasto.pt\/?p=1989","name":"Cabeceiras entrega 107 bolsas de estudo - Jornal Terras de Basto","isPartOf":{"@id":"https:\/\/terrasdebasto.pt\/#website"},"primaryImageOfPage":{"@id":"https:\/\/terrasdebasto.pt\/?p=1989#primaryimage"},"image":{"@id":"https:\/\/terrasdebasto.pt\/?p=1989#primaryimage"},"thumbnailUrl":"https:\/\/terrasdebasto.pt\/wp-content\/uploads\/2024\/09\/BOLSAS.jpg","datePublished":"2024-09-12T18:40:33+00:00","dateModified":"2024-09-12T18:41:19+00:00","description":"O Munic\u00edpio de Cabeceiras de Basto entregou esta quarta-feira (11) 107 bolsas de estudo, um investimento que diz somar 66.750 euros. Al\u00e9m do apoio aos agregados familiares, \u00e9 tamb\u00e9m um est\u00edmulo a que os jovens prossigam os estudos. Foram entregues 19 bolsas a alunos com o 1.\u00ba escal\u00e3o de abono de fam\u00edlia, no montante individual de 750 euros; 41 bolsas para o 2.\u00ba escal\u00e3o, no valor individual de 650 euros; e 47 bolsas para o 3.\u00ba escal\u00e3o, no montante individual de 550 euros. Al\u00e9m da presid\u00eancia, associaram-se ao momento um vereador da coliga\u00e7\u00e3o \u201cFazer Diferente\u201d e dois autarcas de freguesia.","breadcrumb":{"@id":"https:\/\/terrasdebasto.pt\/?p=1989#breadcrumb"},"inLanguage":"pt-PT","potentialAction":[{"@type":"ReadAction","target":["https:\/\/terrasdebasto.pt\/?p=1989"]}]},{"@type":"ImageObject","inLanguage":"pt-PT","@id":"https:\/\/terrasdebasto.pt\/?p=1989#primaryimage","url":"https:\/\/terrasdebasto.pt\/wp-content\/uploads\/2024\/09\/BOLSAS.jpg","contentUrl":"https:\/\/terrasdebasto.pt\/wp-content\/uploads\/2024\/09\/BOLSAS.jpg","width":1770,"height":1194},{"@type":"BreadcrumbList","@id":"https:\/\/terrasdebasto.pt\/?p=1989#breadcrumb","itemListElement":[{"@type":"ListItem","position":1,"name":"In\u00edcio","item":"https:\/\/terrasdebasto.pt\/"},{"@type":"ListItem","position":2,"name":"Cabeceiras entrega 107 bolsas de estudo"}]},{"@type":"WebSite","@id":"https:\/\/terrasdebasto.pt\/#website","url":"https:\/\/terrasdebasto.pt\/","name":"Jornal Terras de Basto","description":"","publisher":{"@id":"https:\/\/terrasdebasto.pt\/#organization"},"potentialAction":[{"@type":"SearchAction","target":{"@type":"EntryPoint","urlTemplate":"https:\/\/terrasdebasto.pt\/?s={search_term_string}"},"query-input":{"@type":"PropertyValueSpecification","valueRequired":true,"valueName":"search_term_string"}}],"inLanguage":"pt-PT"},{"@type":"Organization","@id":"https:\/\/terrasdebasto.pt\/#organization","name":"Jornal Terras de Basto","url":"https:\/\/terrasdebasto.pt\/","logo":{"@type":"ImageObject","inLanguage":"pt-PT","@id":"https:\/\/terrasdebasto.pt\/#\/schema\/logo\/image\/","url":"https:\/\/terrasdebasto.pt\/wp-content\/uploads\/2024\/06\/LogoNormal.png","contentUrl":"https:\/\/terrasdebasto.pt\/wp-content\/uploads\/2024\/06\/LogoNormal.png","width":5638,"height":809,"caption":"Jornal Terras de Basto"},"image":{"@id":"https:\/\/terrasdebasto.pt\/#\/schema\/logo\/image\/"}},{"@type":"Person","@id":"https:\/\/terrasdebasto.pt\/#\/schema\/person\/9f6739f5394ac65c802641773b278b84","name":"Jo\u00e3o Paulo Mesquita","image":{"@type":"ImageObject","inLanguage":"pt-PT","@id":"https:\/\/terrasdebasto.pt\/#\/schema\/person\/image\/","url":"https:\/\/secure.gravatar.com\/avatar\/9bd0f299e6d96336664aab64354168246a3ee3287c47891c50d450e47ed9d7f9?s=96&d=mm&r=g","contentUrl":"https:\/\/secure.gravatar.com\/avatar\/9bd0f299e6d96336664aab64354168246a3ee3287c47891c50d450e47ed9d7f9?s=96&d=mm&r=g","caption":"Jo\u00e3o Paulo Mesquita"},"url":"https:\/\/terrasdebasto.pt\/?author=7"}]}},"_links":{"self":[{"href":"https:\/\/terrasdebasto.pt\/index.php?rest_route=\/wp\/v2\/posts\/1989","targetHints":{"allow":["GET"]}}],"collection":[{"href":"https:\/\/terrasdebasto.pt\/index.php?rest_route=\/wp\/v2\/posts"}],"about":[{"href":"https:\/\/terrasdebasto.pt\/index.php?rest_route=\/wp\/v2\/types\/post"}],"author":[{"embeddable":true,"href":"https:\/\/terrasdebasto.pt\/index.php?rest_route=\/wp\/v2\/users\/7"}],"replies":[{"embeddable":true,"href":"https:\/\/terrasdebasto.pt\/index.php?rest_route=%2Fwp%2Fv2%2Fcomments&post=1989"}],"version-history":[{"count":2,"href":"https:\/\/terrasdebasto.pt\/index.php?rest_route=\/wp\/v2\/posts\/1989\/revisions"}],"predecessor-version":[{"id":1993,"href":"https:\/\/terrasdebasto.pt\/index.php?rest_route=\/wp\/v2\/posts\/1989\/revisions\/1993"}],"wp:featuredmedia":[{"embeddable":true,"href":"https:\/\/terrasdebasto.pt\/index.php?rest_route=\/wp\/v2\/media\/1990"}],"wp:attachment":[{"href":"https:\/\/terrasdebasto.pt\/index.php?rest_route=%2Fwp%2Fv2%2Fmedia&parent=1989"}],"wp:term":[{"taxonomy":"category","embeddable":true,"href":"https:\/\/terrasdebasto.pt\/index.php?rest_route=%2Fwp%2Fv2%2Fcategories&post=1989"},{"taxonomy":"post_tag","embeddable":true,"href":"https:\/\/terrasdebasto.pt\/index.php?rest_route=%2Fwp%2Fv2%2Ftags&post=1989"}],"curies":[{"name":"wp","href":"https:\/\/api.w.org\/{rel}","templated":true}]}}