{"id":1974,"date":"2024-09-12T17:38:53","date_gmt":"2024-09-12T17:38:53","guid":{"rendered":"https:\/\/terrasdebasto.pt\/?p=1974"},"modified":"2024-09-12T17:38:53","modified_gmt":"2024-09-12T17:38:53","slug":"cabeceiras-dia-de-regresso-a-escola","status":"publish","type":"post","link":"https:\/\/terrasdebasto.pt\/?p=1974","title":{"rendered":"Cabeceiras: dia de regresso \u00e0 escola"},"content":{"rendered":"\n<p><strong>A az\u00e1fama do primeiro dia voltou esta quinta-feira (12) ao Agrupamento de Escolas de Cabeceiras de Basto, onde aconteceram as apresenta\u00e7\u00f5es para quem se inicia nas lides escolares e para quem agora vai frequentar os quinto e d\u00e9cimo anos de escolaridade. Feitas as apresenta\u00e7\u00f5es e dada a volta da praxe pelo espa\u00e7o, as atividades letivas come\u00e7am dentro de momentos.<\/strong><\/p>\n\n\n\n<figure class=\"wp-block-gallery has-nested-images columns-default is-cropped wp-block-gallery-1 is-layout-flex wp-block-gallery-is-layout-flex\">\n<figure class=\"wp-block-image size-large\"><img loading=\"lazy\" decoding=\"async\" width=\"1024\" height=\"957\" data-id=\"1976\" src=\"https:\/\/terrasdebasto.pt\/wp-content\/uploads\/2024\/09\/10-1024x957.jpg\" alt=\"\" class=\"wp-image-1976\" srcset=\"https:\/\/terrasdebasto.pt\/wp-content\/uploads\/2024\/09\/10-1024x957.jpg 1024w, https:\/\/terrasdebasto.pt\/wp-content\/uploads\/2024\/09\/10-300x280.jpg 300w, https:\/\/terrasdebasto.pt\/wp-content\/uploads\/2024\/09\/10-768x717.jpg 768w, https:\/\/terrasdebasto.pt\/wp-content\/uploads\/2024\/09\/10-150x140.jpg 150w, https:\/\/terrasdebasto.pt\/wp-content\/uploads\/2024\/09\/10-696x650.jpg 696w, https:\/\/terrasdebasto.pt\/wp-content\/uploads\/2024\/09\/10-1068x998.jpg 1068w, https:\/\/terrasdebasto.pt\/wp-content\/uploads\/2024\/09\/10.jpg 1200w\" sizes=\"auto, (max-width: 1024px) 100vw, 1024px\" \/><\/figure>\n<\/figure>\n\n\n\n<figure class=\"wp-block-gallery has-nested-images columns-default is-cropped wp-block-gallery-2 is-layout-flex wp-block-gallery-is-layout-flex\">\n<figure class=\"wp-block-image size-large\"><img loading=\"lazy\" decoding=\"async\" width=\"1024\" height=\"930\" data-id=\"1977\" src=\"https:\/\/terrasdebasto.pt\/wp-content\/uploads\/2024\/09\/11-1024x930.jpg\" alt=\"\" class=\"wp-image-1977\" srcset=\"https:\/\/terrasdebasto.pt\/wp-content\/uploads\/2024\/09\/11-1024x930.jpg 1024w, https:\/\/terrasdebasto.pt\/wp-content\/uploads\/2024\/09\/11-300x273.jpg 300w, https:\/\/terrasdebasto.pt\/wp-content\/uploads\/2024\/09\/11-768x698.jpg 768w, https:\/\/terrasdebasto.pt\/wp-content\/uploads\/2024\/09\/11-150x136.jpg 150w, https:\/\/terrasdebasto.pt\/wp-content\/uploads\/2024\/09\/11-696x632.jpg 696w, https:\/\/terrasdebasto.pt\/wp-content\/uploads\/2024\/09\/11-1068x970.jpg 1068w, https:\/\/terrasdebasto.pt\/wp-content\/uploads\/2024\/09\/11.jpg 1200w\" sizes=\"auto, (max-width: 1024px) 100vw, 1024px\" \/><\/figure>\n<\/figure>\n\n\n\n<figure class=\"wp-block-gallery has-nested-images columns-default is-cropped wp-block-gallery-3 is-layout-flex wp-block-gallery-is-layout-flex\">\n<figure class=\"wp-block-image size-large\"><img loading=\"lazy\" decoding=\"async\" width=\"964\" height=\"845\" data-id=\"1978\" src=\"https:\/\/terrasdebasto.pt\/wp-content\/uploads\/2024\/09\/12.jpg\" alt=\"\" class=\"wp-image-1978\" srcset=\"https:\/\/terrasdebasto.pt\/wp-content\/uploads\/2024\/09\/12.jpg 964w, https:\/\/terrasdebasto.pt\/wp-content\/uploads\/2024\/09\/12-300x263.jpg 300w, https:\/\/terrasdebasto.pt\/wp-content\/uploads\/2024\/09\/12-768x673.jpg 768w, https:\/\/terrasdebasto.pt\/wp-content\/uploads\/2024\/09\/12-150x131.jpg 150w, https:\/\/terrasdebasto.pt\/wp-content\/uploads\/2024\/09\/12-696x610.jpg 696w\" sizes=\"auto, (max-width: 964px) 100vw, 964px\" \/><\/figure>\n<\/figure>\n\n\n\n<figure class=\"wp-block-gallery has-nested-images columns-default is-cropped wp-block-gallery-4 is-layout-flex wp-block-gallery-is-layout-flex\">\n<figure class=\"wp-block-image size-large\"><img loading=\"lazy\" decoding=\"async\" width=\"1024\" height=\"820\" data-id=\"1979\" src=\"https:\/\/terrasdebasto.pt\/wp-content\/uploads\/2024\/09\/13-1024x820.jpg\" alt=\"\" class=\"wp-image-1979\" srcset=\"https:\/\/terrasdebasto.pt\/wp-content\/uploads\/2024\/09\/13-1024x820.jpg 1024w, https:\/\/terrasdebasto.pt\/wp-content\/uploads\/2024\/09\/13-300x240.jpg 300w, https:\/\/terrasdebasto.pt\/wp-content\/uploads\/2024\/09\/13-768x615.jpg 768w, https:\/\/terrasdebasto.pt\/wp-content\/uploads\/2024\/09\/13-150x120.jpg 150w, https:\/\/terrasdebasto.pt\/wp-content\/uploads\/2024\/09\/13-696x557.jpg 696w, https:\/\/terrasdebasto.pt\/wp-content\/uploads\/2024\/09\/13-1068x855.jpg 1068w, https:\/\/terrasdebasto.pt\/wp-content\/uploads\/2024\/09\/13.jpg 1200w\" sizes=\"auto, (max-width: 1024px) 100vw, 1024px\" \/><\/figure>\n<\/figure>\n\n\n\n<figure class=\"wp-block-gallery has-nested-images columns-default is-cropped wp-block-gallery-5 is-layout-flex wp-block-gallery-is-layout-flex\">\n<figure class=\"wp-block-image size-large\"><img loading=\"lazy\" decoding=\"async\" width=\"1024\" height=\"862\" data-id=\"1980\" src=\"https:\/\/terrasdebasto.pt\/wp-content\/uploads\/2024\/09\/14-1024x862.jpg\" alt=\"\" class=\"wp-image-1980\" srcset=\"https:\/\/terrasdebasto.pt\/wp-content\/uploads\/2024\/09\/14-1024x862.jpg 1024w, https:\/\/terrasdebasto.pt\/wp-content\/uploads\/2024\/09\/14-300x253.jpg 300w, https:\/\/terrasdebasto.pt\/wp-content\/uploads\/2024\/09\/14-768x646.jpg 768w, https:\/\/terrasdebasto.pt\/wp-content\/uploads\/2024\/09\/14-150x126.jpg 150w, https:\/\/terrasdebasto.pt\/wp-content\/uploads\/2024\/09\/14-696x586.jpg 696w, https:\/\/terrasdebasto.pt\/wp-content\/uploads\/2024\/09\/14-1068x899.jpg 1068w, https:\/\/terrasdebasto.pt\/wp-content\/uploads\/2024\/09\/14.jpg 1200w\" sizes=\"auto, (max-width: 1024px) 100vw, 1024px\" \/><\/figure>\n\n\n\n<figure class=\"wp-block-image size-large\"><img loading=\"lazy\" decoding=\"async\" width=\"1004\" height=\"1024\" data-id=\"1981\" src=\"https:\/\/terrasdebasto.pt\/wp-content\/uploads\/2024\/09\/15-1004x1024.jpg\" alt=\"\" class=\"wp-image-1981\" srcset=\"https:\/\/terrasdebasto.pt\/wp-content\/uploads\/2024\/09\/15-1004x1024.jpg 1004w, https:\/\/terrasdebasto.pt\/wp-content\/uploads\/2024\/09\/15-294x300.jpg 294w, https:\/\/terrasdebasto.pt\/wp-content\/uploads\/2024\/09\/15-768x783.jpg 768w, https:\/\/terrasdebasto.pt\/wp-content\/uploads\/2024\/09\/15-150x153.jpg 150w, https:\/\/terrasdebasto.pt\/wp-content\/uploads\/2024\/09\/15-300x306.jpg 300w, https:\/\/terrasdebasto.pt\/wp-content\/uploads\/2024\/09\/15-696x710.jpg 696w, https:\/\/terrasdebasto.pt\/wp-content\/uploads\/2024\/09\/15-1068x1089.jpg 1068w, https:\/\/terrasdebasto.pt\/wp-content\/uploads\/2024\/09\/15.jpg 1200w\" sizes=\"auto, (max-width: 1004px) 100vw, 1004px\" \/><\/figure>\n\n\n\n<figure class=\"wp-block-image size-large\"><img loading=\"lazy\" decoding=\"async\" width=\"1024\" height=\"768\" data-id=\"1984\" src=\"https:\/\/terrasdebasto.pt\/wp-content\/uploads\/2024\/09\/16-1024x768.jpg\" alt=\"\" class=\"wp-image-1984\" srcset=\"https:\/\/terrasdebasto.pt\/wp-content\/uploads\/2024\/09\/16-1024x768.jpg 1024w, https:\/\/terrasdebasto.pt\/wp-content\/uploads\/2024\/09\/16-300x225.jpg 300w, https:\/\/terrasdebasto.pt\/wp-content\/uploads\/2024\/09\/16-768x576.jpg 768w, https:\/\/terrasdebasto.pt\/wp-content\/uploads\/2024\/09\/16-1536x1152.jpg 1536w, https:\/\/terrasdebasto.pt\/wp-content\/uploads\/2024\/09\/16-150x113.jpg 150w, https:\/\/terrasdebasto.pt\/wp-content\/uploads\/2024\/09\/16-696x522.jpg 696w, https:\/\/terrasdebasto.pt\/wp-content\/uploads\/2024\/09\/16-1068x801.jpg 1068w, https:\/\/terrasdebasto.pt\/wp-content\/uploads\/2024\/09\/16-1920x1440.jpg 1920w, https:\/\/terrasdebasto.pt\/wp-content\/uploads\/2024\/09\/16.jpg 2000w\" sizes=\"auto, (max-width: 1024px) 100vw, 1024px\" \/><\/figure>\n\n\n\n<figure class=\"wp-block-image size-large\"><img loading=\"lazy\" decoding=\"async\" width=\"1024\" height=\"739\" data-id=\"1982\" src=\"https:\/\/terrasdebasto.pt\/wp-content\/uploads\/2024\/09\/17-1024x739.jpg\" alt=\"\" class=\"wp-image-1982\" srcset=\"https:\/\/terrasdebasto.pt\/wp-content\/uploads\/2024\/09\/17-1024x739.jpg 1024w, https:\/\/terrasdebasto.pt\/wp-content\/uploads\/2024\/09\/17-300x217.jpg 300w, https:\/\/terrasdebasto.pt\/wp-content\/uploads\/2024\/09\/17-768x554.jpg 768w, https:\/\/terrasdebasto.pt\/wp-content\/uploads\/2024\/09\/17-1536x1109.jpg 1536w, https:\/\/terrasdebasto.pt\/wp-content\/uploads\/2024\/09\/17-150x108.jpg 150w, https:\/\/terrasdebasto.pt\/wp-content\/uploads\/2024\/09\/17-696x502.jpg 696w, https:\/\/terrasdebasto.pt\/wp-content\/uploads\/2024\/09\/17-1068x771.jpg 1068w, https:\/\/terrasdebasto.pt\/wp-content\/uploads\/2024\/09\/17.jpg 1751w\" sizes=\"auto, (max-width: 1024px) 100vw, 1024px\" \/><\/figure>\n\n\n\n<figure class=\"wp-block-image size-large\"><img loading=\"lazy\" decoding=\"async\" width=\"1024\" height=\"825\" data-id=\"1983\" src=\"https:\/\/terrasdebasto.pt\/wp-content\/uploads\/2024\/09\/18-1024x825.jpg\" alt=\"\" class=\"wp-image-1983\" srcset=\"https:\/\/terrasdebasto.pt\/wp-content\/uploads\/2024\/09\/18-1024x825.jpg 1024w, https:\/\/terrasdebasto.pt\/wp-content\/uploads\/2024\/09\/18-300x242.jpg 300w, https:\/\/terrasdebasto.pt\/wp-content\/uploads\/2024\/09\/18-768x619.jpg 768w, https:\/\/terrasdebasto.pt\/wp-content\/uploads\/2024\/09\/18-1536x1238.jpg 1536w, https:\/\/terrasdebasto.pt\/wp-content\/uploads\/2024\/09\/18-150x121.jpg 150w, https:\/\/terrasdebasto.pt\/wp-content\/uploads\/2024\/09\/18-696x561.jpg 696w, https:\/\/terrasdebasto.pt\/wp-content\/uploads\/2024\/09\/18-1068x861.jpg 1068w, https:\/\/terrasdebasto.pt\/wp-content\/uploads\/2024\/09\/18.jpg 1836w\" sizes=\"auto, (max-width: 1024px) 100vw, 1024px\" \/><\/figure>\n\n\n\n<figure class=\"wp-block-image size-large\"><img loading=\"lazy\" decoding=\"async\" width=\"1024\" height=\"738\" data-id=\"1985\" src=\"https:\/\/terrasdebasto.pt\/wp-content\/uploads\/2024\/09\/19-1024x738.jpg\" alt=\"\" class=\"wp-image-1985\" srcset=\"https:\/\/terrasdebasto.pt\/wp-content\/uploads\/2024\/09\/19-1024x738.jpg 1024w, https:\/\/terrasdebasto.pt\/wp-content\/uploads\/2024\/09\/19-300x216.jpg 300w, https:\/\/terrasdebasto.pt\/wp-content\/uploads\/2024\/09\/19-768x553.jpg 768w, https:\/\/terrasdebasto.pt\/wp-content\/uploads\/2024\/09\/19-1536x1107.jpg 1536w, https:\/\/terrasdebasto.pt\/wp-content\/uploads\/2024\/09\/19-150x108.jpg 150w, https:\/\/terrasdebasto.pt\/wp-content\/uploads\/2024\/09\/19-696x502.jpg 696w, https:\/\/terrasdebasto.pt\/wp-content\/uploads\/2024\/09\/19-1068x770.jpg 1068w, https:\/\/terrasdebasto.pt\/wp-content\/uploads\/2024\/09\/19.jpg 1804w\" sizes=\"auto, (max-width: 1024px) 100vw, 1024px\" \/><\/figure>\n\n\n\n<figure class=\"wp-block-image size-large\"><img loading=\"lazy\" decoding=\"async\" width=\"1024\" height=\"687\" data-id=\"1986\" src=\"https:\/\/terrasdebasto.pt\/wp-content\/uploads\/2024\/09\/21-1024x687.jpg\" alt=\"\" class=\"wp-image-1986\" srcset=\"https:\/\/terrasdebasto.pt\/wp-content\/uploads\/2024\/09\/21-1024x687.jpg 1024w, https:\/\/terrasdebasto.pt\/wp-content\/uploads\/2024\/09\/21-300x201.jpg 300w, https:\/\/terrasdebasto.pt\/wp-content\/uploads\/2024\/09\/21-768x515.jpg 768w, https:\/\/terrasdebasto.pt\/wp-content\/uploads\/2024\/09\/21-1536x1030.jpg 1536w, https:\/\/terrasdebasto.pt\/wp-content\/uploads\/2024\/09\/21-150x101.jpg 150w, https:\/\/terrasdebasto.pt\/wp-content\/uploads\/2024\/09\/21-696x467.jpg 696w, https:\/\/terrasdebasto.pt\/wp-content\/uploads\/2024\/09\/21-1068x716.jpg 1068w, https:\/\/terrasdebasto.pt\/wp-content\/uploads\/2024\/09\/21.jpg 1838w\" sizes=\"auto, (max-width: 1024px) 100vw, 1024px\" \/><\/figure>\n<\/figure>\n","protected":false},"excerpt":{"rendered":"<p>A az\u00e1fama do primeiro dia voltou esta quinta-feira (12) ao Agrupamento de Escolas de Cabeceiras de Basto, onde aconteceram as apresenta\u00e7\u00f5es para quem se inicia nas lides escolares e para quem agora vai frequentar os quinto e d\u00e9cimo anos de escolaridade. Feitas as apresenta\u00e7\u00f5es e dada a volta da praxe pelo espa\u00e7o, as atividades letivas [&hellip;]<\/p>\n","protected":false},"author":7,"featured_media":1975,"comment_status":"open","ping_status":"open","sticky":false,"template":"","format":"standard","meta":{"footnotes":""},"categories":[12,11],"tags":[29,115,430],"class_list":{"0":"post-1974","1":"post","2":"type-post","3":"status-publish","4":"format-standard","5":"has-post-thumbnail","7":"category-cabeceiras-de-basto","8":"category-educacao","9":"tag-cabeceiras-de-basto","10":"tag-educacao","11":"tag-novo-ano-letivo"},"yoast_head":"<!-- This site is optimized with the Yoast SEO plugin v25.7 - https:\/\/yoast.com\/wordpress\/plugins\/seo\/ -->\n<title>Cabeceiras: dia de regresso \u00e0 escola - Jornal Terras de Basto<\/title>\n<meta name=\"description\" content=\"Cabeceiras: dia de regresso \u00e0 escolaA az\u00e1fama do primeiro dia voltou esta quinta-feira (12) ao Agrupamento de Escolas de Cabeceiras de Basto, onde aconteceram as apresenta\u00e7\u00f5es para quem se inicia nas lides escolares e para quem agora vai frequentar os quinto e d\u00e9cimo anos de escolaridade. Feitas as apresenta\u00e7\u00f5es e dada a volta da praxe pelo espa\u00e7o, as atividades letivas come\u00e7am dentro de momentos\" \/>\n<meta name=\"robots\" content=\"index, follow, max-snippet:-1, max-image-preview:large, max-video-preview:-1\" \/>\n<link rel=\"canonical\" href=\"https:\/\/terrasdebasto.pt\/?p=1974\" \/>\n<meta property=\"og:locale\" content=\"pt_PT\" \/>\n<meta property=\"og:type\" content=\"article\" \/>\n<meta property=\"og:title\" content=\"Cabeceiras: dia de regresso \u00e0 escola - Jornal Terras de Basto\" \/>\n<meta property=\"og:description\" content=\"Cabeceiras: dia de regresso \u00e0 escolaA az\u00e1fama do primeiro dia voltou esta quinta-feira (12) ao Agrupamento de Escolas de Cabeceiras de Basto, onde aconteceram as apresenta\u00e7\u00f5es para quem se inicia nas lides escolares e para quem agora vai frequentar os quinto e d\u00e9cimo anos de escolaridade. Feitas as apresenta\u00e7\u00f5es e dada a volta da praxe pelo espa\u00e7o, as atividades letivas come\u00e7am dentro de momentos\" \/>\n<meta property=\"og:url\" content=\"https:\/\/terrasdebasto.pt\/?p=1974\" \/>\n<meta property=\"og:site_name\" content=\"Jornal Terras de Basto\" \/>\n<meta property=\"article:published_time\" content=\"2024-09-12T17:38:53+00:00\" \/>\n<meta property=\"og:image\" content=\"https:\/\/terrasdebasto.pt\/wp-content\/uploads\/2024\/09\/09.jpg\" \/>\n\t<meta property=\"og:image:width\" content=\"1200\" \/>\n\t<meta property=\"og:image:height\" content=\"918\" \/>\n\t<meta property=\"og:image:type\" content=\"image\/jpeg\" \/>\n<meta name=\"author\" content=\"Jo\u00e3o Paulo Mesquita\" \/>\n<meta name=\"twitter:card\" content=\"summary_large_image\" \/>\n<meta name=\"twitter:label1\" content=\"Escrito por\" \/>\n\t<meta name=\"twitter:data1\" content=\"Jo\u00e3o Paulo Mesquita\" \/>\n\t<meta name=\"twitter:label2\" content=\"Tempo estimado de leitura\" \/>\n\t<meta name=\"twitter:data2\" content=\"3 minutos\" \/>\n<script type=\"application\/ld+json\" class=\"yoast-schema-graph\">{\"@context\":\"https:\/\/schema.org\",\"@graph\":[{\"@type\":\"Article\",\"@id\":\"https:\/\/terrasdebasto.pt\/?p=1974#article\",\"isPartOf\":{\"@id\":\"https:\/\/terrasdebasto.pt\/?p=1974\"},\"author\":{\"name\":\"Jo\u00e3o Paulo Mesquita\",\"@id\":\"https:\/\/terrasdebasto.pt\/#\/schema\/person\/9f6739f5394ac65c802641773b278b84\"},\"headline\":\"Cabeceiras: dia de regresso \u00e0 escola\",\"datePublished\":\"2024-09-12T17:38:53+00:00\",\"mainEntityOfPage\":{\"@id\":\"https:\/\/terrasdebasto.pt\/?p=1974\"},\"wordCount\":69,\"commentCount\":0,\"publisher\":{\"@id\":\"https:\/\/terrasdebasto.pt\/#organization\"},\"image\":{\"@id\":\"https:\/\/terrasdebasto.pt\/?p=1974#primaryimage\"},\"thumbnailUrl\":\"https:\/\/terrasdebasto.pt\/wp-content\/uploads\/2024\/09\/09.jpg\",\"keywords\":[\"Cabeceiras de Basto\",\"Educa\u00e7\u00e3o\",\"Novo Ano Letivo\"],\"articleSection\":[\"Cabeceiras de Basto\",\"Educa\u00e7\u00e3o\"],\"inLanguage\":\"pt-PT\",\"potentialAction\":[{\"@type\":\"CommentAction\",\"name\":\"Comment\",\"target\":[\"https:\/\/terrasdebasto.pt\/?p=1974#respond\"]}]},{\"@type\":\"WebPage\",\"@id\":\"https:\/\/terrasdebasto.pt\/?p=1974\",\"url\":\"https:\/\/terrasdebasto.pt\/?p=1974\",\"name\":\"Cabeceiras: dia de regresso \u00e0 escola - Jornal Terras de Basto\",\"isPartOf\":{\"@id\":\"https:\/\/terrasdebasto.pt\/#website\"},\"primaryImageOfPage\":{\"@id\":\"https:\/\/terrasdebasto.pt\/?p=1974#primaryimage\"},\"image\":{\"@id\":\"https:\/\/terrasdebasto.pt\/?p=1974#primaryimage\"},\"thumbnailUrl\":\"https:\/\/terrasdebasto.pt\/wp-content\/uploads\/2024\/09\/09.jpg\",\"datePublished\":\"2024-09-12T17:38:53+00:00\",\"description\":\"Cabeceiras: dia de regresso \u00e0 escolaA az\u00e1fama do primeiro dia voltou esta quinta-feira (12) ao Agrupamento de Escolas de Cabeceiras de Basto, onde aconteceram as apresenta\u00e7\u00f5es para quem se inicia nas lides escolares e para quem agora vai frequentar os quinto e d\u00e9cimo anos de escolaridade. Feitas as apresenta\u00e7\u00f5es e dada a volta da praxe pelo espa\u00e7o, as atividades letivas come\u00e7am dentro de momentos\",\"breadcrumb\":{\"@id\":\"https:\/\/terrasdebasto.pt\/?p=1974#breadcrumb\"},\"inLanguage\":\"pt-PT\",\"potentialAction\":[{\"@type\":\"ReadAction\",\"target\":[\"https:\/\/terrasdebasto.pt\/?p=1974\"]}]},{\"@type\":\"ImageObject\",\"inLanguage\":\"pt-PT\",\"@id\":\"https:\/\/terrasdebasto.pt\/?p=1974#primaryimage\",\"url\":\"https:\/\/terrasdebasto.pt\/wp-content\/uploads\/2024\/09\/09.jpg\",\"contentUrl\":\"https:\/\/terrasdebasto.pt\/wp-content\/uploads\/2024\/09\/09.jpg\",\"width\":1200,\"height\":918},{\"@type\":\"BreadcrumbList\",\"@id\":\"https:\/\/terrasdebasto.pt\/?p=1974#breadcrumb\",\"itemListElement\":[{\"@type\":\"ListItem\",\"position\":1,\"name\":\"In\u00edcio\",\"item\":\"https:\/\/terrasdebasto.pt\/\"},{\"@type\":\"ListItem\",\"position\":2,\"name\":\"Cabeceiras: dia de regresso \u00e0 escola\"}]},{\"@type\":\"WebSite\",\"@id\":\"https:\/\/terrasdebasto.pt\/#website\",\"url\":\"https:\/\/terrasdebasto.pt\/\",\"name\":\"Jornal Terras de Basto\",\"description\":\"\",\"publisher\":{\"@id\":\"https:\/\/terrasdebasto.pt\/#organization\"},\"potentialAction\":[{\"@type\":\"SearchAction\",\"target\":{\"@type\":\"EntryPoint\",\"urlTemplate\":\"https:\/\/terrasdebasto.pt\/?s={search_term_string}\"},\"query-input\":{\"@type\":\"PropertyValueSpecification\",\"valueRequired\":true,\"valueName\":\"search_term_string\"}}],\"inLanguage\":\"pt-PT\"},{\"@type\":\"Organization\",\"@id\":\"https:\/\/terrasdebasto.pt\/#organization\",\"name\":\"Jornal Terras de Basto\",\"url\":\"https:\/\/terrasdebasto.pt\/\",\"logo\":{\"@type\":\"ImageObject\",\"inLanguage\":\"pt-PT\",\"@id\":\"https:\/\/terrasdebasto.pt\/#\/schema\/logo\/image\/\",\"url\":\"https:\/\/terrasdebasto.pt\/wp-content\/uploads\/2024\/06\/LogoNormal.png\",\"contentUrl\":\"https:\/\/terrasdebasto.pt\/wp-content\/uploads\/2024\/06\/LogoNormal.png\",\"width\":5638,\"height\":809,\"caption\":\"Jornal Terras de Basto\"},\"image\":{\"@id\":\"https:\/\/terrasdebasto.pt\/#\/schema\/logo\/image\/\"}},{\"@type\":\"Person\",\"@id\":\"https:\/\/terrasdebasto.pt\/#\/schema\/person\/9f6739f5394ac65c802641773b278b84\",\"name\":\"Jo\u00e3o Paulo Mesquita\",\"image\":{\"@type\":\"ImageObject\",\"inLanguage\":\"pt-PT\",\"@id\":\"https:\/\/terrasdebasto.pt\/#\/schema\/person\/image\/\",\"url\":\"https:\/\/secure.gravatar.com\/avatar\/9bd0f299e6d96336664aab64354168246a3ee3287c47891c50d450e47ed9d7f9?s=96&d=mm&r=g\",\"contentUrl\":\"https:\/\/secure.gravatar.com\/avatar\/9bd0f299e6d96336664aab64354168246a3ee3287c47891c50d450e47ed9d7f9?s=96&d=mm&r=g\",\"caption\":\"Jo\u00e3o Paulo Mesquita\"},\"url\":\"https:\/\/terrasdebasto.pt\/?author=7\"}]}<\/script>\n<!-- \/ Yoast SEO plugin. -->","yoast_head_json":{"title":"Cabeceiras: dia de regresso \u00e0 escola - Jornal Terras de Basto","description":"Cabeceiras: dia de regresso \u00e0 escolaA az\u00e1fama do primeiro dia voltou esta quinta-feira (12) ao Agrupamento de Escolas de Cabeceiras de Basto, onde aconteceram as apresenta\u00e7\u00f5es para quem se inicia nas lides escolares e para quem agora vai frequentar os quinto e d\u00e9cimo anos de escolaridade. Feitas as apresenta\u00e7\u00f5es e dada a volta da praxe pelo espa\u00e7o, as atividades letivas come\u00e7am dentro de momentos","robots":{"index":"index","follow":"follow","max-snippet":"max-snippet:-1","max-image-preview":"max-image-preview:large","max-video-preview":"max-video-preview:-1"},"canonical":"https:\/\/terrasdebasto.pt\/?p=1974","og_locale":"pt_PT","og_type":"article","og_title":"Cabeceiras: dia de regresso \u00e0 escola - Jornal Terras de Basto","og_description":"Cabeceiras: dia de regresso \u00e0 escolaA az\u00e1fama do primeiro dia voltou esta quinta-feira (12) ao Agrupamento de Escolas de Cabeceiras de Basto, onde aconteceram as apresenta\u00e7\u00f5es para quem se inicia nas lides escolares e para quem agora vai frequentar os quinto e d\u00e9cimo anos de escolaridade. Feitas as apresenta\u00e7\u00f5es e dada a volta da praxe pelo espa\u00e7o, as atividades letivas come\u00e7am dentro de momentos","og_url":"https:\/\/terrasdebasto.pt\/?p=1974","og_site_name":"Jornal Terras de Basto","article_published_time":"2024-09-12T17:38:53+00:00","og_image":[{"width":1200,"height":918,"url":"https:\/\/terrasdebasto.pt\/wp-content\/uploads\/2024\/09\/09.jpg","type":"image\/jpeg"}],"author":"Jo\u00e3o Paulo Mesquita","twitter_card":"summary_large_image","twitter_misc":{"Escrito por":"Jo\u00e3o Paulo Mesquita","Tempo estimado de leitura":"3 minutos"},"schema":{"@context":"https:\/\/schema.org","@graph":[{"@type":"Article","@id":"https:\/\/terrasdebasto.pt\/?p=1974#article","isPartOf":{"@id":"https:\/\/terrasdebasto.pt\/?p=1974"},"author":{"name":"Jo\u00e3o Paulo Mesquita","@id":"https:\/\/terrasdebasto.pt\/#\/schema\/person\/9f6739f5394ac65c802641773b278b84"},"headline":"Cabeceiras: dia de regresso \u00e0 escola","datePublished":"2024-09-12T17:38:53+00:00","mainEntityOfPage":{"@id":"https:\/\/terrasdebasto.pt\/?p=1974"},"wordCount":69,"commentCount":0,"publisher":{"@id":"https:\/\/terrasdebasto.pt\/#organization"},"image":{"@id":"https:\/\/terrasdebasto.pt\/?p=1974#primaryimage"},"thumbnailUrl":"https:\/\/terrasdebasto.pt\/wp-content\/uploads\/2024\/09\/09.jpg","keywords":["Cabeceiras de Basto","Educa\u00e7\u00e3o","Novo Ano Letivo"],"articleSection":["Cabeceiras de Basto","Educa\u00e7\u00e3o"],"inLanguage":"pt-PT","potentialAction":[{"@type":"CommentAction","name":"Comment","target":["https:\/\/terrasdebasto.pt\/?p=1974#respond"]}]},{"@type":"WebPage","@id":"https:\/\/terrasdebasto.pt\/?p=1974","url":"https:\/\/terrasdebasto.pt\/?p=1974","name":"Cabeceiras: dia de regresso \u00e0 escola - Jornal Terras de Basto","isPartOf":{"@id":"https:\/\/terrasdebasto.pt\/#website"},"primaryImageOfPage":{"@id":"https:\/\/terrasdebasto.pt\/?p=1974#primaryimage"},"image":{"@id":"https:\/\/terrasdebasto.pt\/?p=1974#primaryimage"},"thumbnailUrl":"https:\/\/terrasdebasto.pt\/wp-content\/uploads\/2024\/09\/09.jpg","datePublished":"2024-09-12T17:38:53+00:00","description":"Cabeceiras: dia de regresso \u00e0 escolaA az\u00e1fama do primeiro dia voltou esta quinta-feira (12) ao Agrupamento de Escolas de Cabeceiras de Basto, onde aconteceram as apresenta\u00e7\u00f5es para quem se inicia nas lides escolares e para quem agora vai frequentar os quinto e d\u00e9cimo anos de escolaridade. Feitas as apresenta\u00e7\u00f5es e dada a volta da praxe pelo espa\u00e7o, as atividades letivas come\u00e7am dentro de momentos","breadcrumb":{"@id":"https:\/\/terrasdebasto.pt\/?p=1974#breadcrumb"},"inLanguage":"pt-PT","potentialAction":[{"@type":"ReadAction","target":["https:\/\/terrasdebasto.pt\/?p=1974"]}]},{"@type":"ImageObject","inLanguage":"pt-PT","@id":"https:\/\/terrasdebasto.pt\/?p=1974#primaryimage","url":"https:\/\/terrasdebasto.pt\/wp-content\/uploads\/2024\/09\/09.jpg","contentUrl":"https:\/\/terrasdebasto.pt\/wp-content\/uploads\/2024\/09\/09.jpg","width":1200,"height":918},{"@type":"BreadcrumbList","@id":"https:\/\/terrasdebasto.pt\/?p=1974#breadcrumb","itemListElement":[{"@type":"ListItem","position":1,"name":"In\u00edcio","item":"https:\/\/terrasdebasto.pt\/"},{"@type":"ListItem","position":2,"name":"Cabeceiras: dia de regresso \u00e0 escola"}]},{"@type":"WebSite","@id":"https:\/\/terrasdebasto.pt\/#website","url":"https:\/\/terrasdebasto.pt\/","name":"Jornal Terras de Basto","description":"","publisher":{"@id":"https:\/\/terrasdebasto.pt\/#organization"},"potentialAction":[{"@type":"SearchAction","target":{"@type":"EntryPoint","urlTemplate":"https:\/\/terrasdebasto.pt\/?s={search_term_string}"},"query-input":{"@type":"PropertyValueSpecification","valueRequired":true,"valueName":"search_term_string"}}],"inLanguage":"pt-PT"},{"@type":"Organization","@id":"https:\/\/terrasdebasto.pt\/#organization","name":"Jornal Terras de Basto","url":"https:\/\/terrasdebasto.pt\/","logo":{"@type":"ImageObject","inLanguage":"pt-PT","@id":"https:\/\/terrasdebasto.pt\/#\/schema\/logo\/image\/","url":"https:\/\/terrasdebasto.pt\/wp-content\/uploads\/2024\/06\/LogoNormal.png","contentUrl":"https:\/\/terrasdebasto.pt\/wp-content\/uploads\/2024\/06\/LogoNormal.png","width":5638,"height":809,"caption":"Jornal Terras de Basto"},"image":{"@id":"https:\/\/terrasdebasto.pt\/#\/schema\/logo\/image\/"}},{"@type":"Person","@id":"https:\/\/terrasdebasto.pt\/#\/schema\/person\/9f6739f5394ac65c802641773b278b84","name":"Jo\u00e3o Paulo Mesquita","image":{"@type":"ImageObject","inLanguage":"pt-PT","@id":"https:\/\/terrasdebasto.pt\/#\/schema\/person\/image\/","url":"https:\/\/secure.gravatar.com\/avatar\/9bd0f299e6d96336664aab64354168246a3ee3287c47891c50d450e47ed9d7f9?s=96&d=mm&r=g","contentUrl":"https:\/\/secure.gravatar.com\/avatar\/9bd0f299e6d96336664aab64354168246a3ee3287c47891c50d450e47ed9d7f9?s=96&d=mm&r=g","caption":"Jo\u00e3o Paulo Mesquita"},"url":"https:\/\/terrasdebasto.pt\/?author=7"}]}},"_links":{"self":[{"href":"https:\/\/terrasdebasto.pt\/index.php?rest_route=\/wp\/v2\/posts\/1974","targetHints":{"allow":["GET"]}}],"collection":[{"href":"https:\/\/terrasdebasto.pt\/index.php?rest_route=\/wp\/v2\/posts"}],"about":[{"href":"https:\/\/terrasdebasto.pt\/index.php?rest_route=\/wp\/v2\/types\/post"}],"author":[{"embeddable":true,"href":"https:\/\/terrasdebasto.pt\/index.php?rest_route=\/wp\/v2\/users\/7"}],"replies":[{"embeddable":true,"href":"https:\/\/terrasdebasto.pt\/index.php?rest_route=%2Fwp%2Fv2%2Fcomments&post=1974"}],"version-history":[{"count":1,"href":"https:\/\/terrasdebasto.pt\/index.php?rest_route=\/wp\/v2\/posts\/1974\/revisions"}],"predecessor-version":[{"id":1987,"href":"https:\/\/terrasdebasto.pt\/index.php?rest_route=\/wp\/v2\/posts\/1974\/revisions\/1987"}],"wp:featuredmedia":[{"embeddable":true,"href":"https:\/\/terrasdebasto.pt\/index.php?rest_route=\/wp\/v2\/media\/1975"}],"wp:attachment":[{"href":"https:\/\/terrasdebasto.pt\/index.php?rest_route=%2Fwp%2Fv2%2Fmedia&parent=1974"}],"wp:term":[{"taxonomy":"category","embeddable":true,"href":"https:\/\/terrasdebasto.pt\/index.php?rest_route=%2Fwp%2Fv2%2Fcategories&post=1974"},{"taxonomy":"post_tag","embeddable":true,"href":"https:\/\/terrasdebasto.pt\/index.php?rest_route=%2Fwp%2Fv2%2Ftags&post=1974"}],"curies":[{"name":"wp","href":"https:\/\/api.w.org\/{rel}","templated":true}]}}