{"id":1967,"date":"2024-09-12T14:46:57","date_gmt":"2024-09-12T14:46:57","guid":{"rendered":"https:\/\/terrasdebasto.pt\/?p=1967"},"modified":"2024-09-12T14:46:57","modified_gmt":"2024-09-12T14:46:57","slug":"como-tres-jovens-cabeceirenses-levaram-sementes-de-futuro-a-vila-paula","status":"publish","type":"post","link":"https:\/\/terrasdebasto.pt\/?p=1967","title":{"rendered":"Como tr\u00eas jovens cabeceirenses levaram &#8220;sementes de futuro&#8221; a Vila Paula"},"content":{"rendered":"\n<p><strong>Beatriz Vilas,<\/strong> <strong>In\u00eas Magalh\u00e3es<\/strong> <strong>e Margarida Pires<\/strong><\/p>\n\n\n\n<figure class=\"wp-block-gallery has-nested-images columns-default is-cropped wp-block-gallery-1 is-layout-flex wp-block-gallery-is-layout-flex\">\n<figure class=\"wp-block-image size-large\"><img loading=\"lazy\" decoding=\"async\" width=\"828\" height=\"1024\" data-id=\"1969\" src=\"https:\/\/terrasdebasto.pt\/wp-content\/uploads\/2024\/09\/FOTO-01-MISSAO-EM-VILA-PAULA-828x1024.jpeg\" alt=\"\" class=\"wp-image-1969\" srcset=\"https:\/\/terrasdebasto.pt\/wp-content\/uploads\/2024\/09\/FOTO-01-MISSAO-EM-VILA-PAULA-828x1024.jpeg 828w, https:\/\/terrasdebasto.pt\/wp-content\/uploads\/2024\/09\/FOTO-01-MISSAO-EM-VILA-PAULA-242x300.jpeg 242w, https:\/\/terrasdebasto.pt\/wp-content\/uploads\/2024\/09\/FOTO-01-MISSAO-EM-VILA-PAULA-768x950.jpeg 768w, https:\/\/terrasdebasto.pt\/wp-content\/uploads\/2024\/09\/FOTO-01-MISSAO-EM-VILA-PAULA-150x186.jpeg 150w, https:\/\/terrasdebasto.pt\/wp-content\/uploads\/2024\/09\/FOTO-01-MISSAO-EM-VILA-PAULA-300x371.jpeg 300w, https:\/\/terrasdebasto.pt\/wp-content\/uploads\/2024\/09\/FOTO-01-MISSAO-EM-VILA-PAULA-324x400.jpeg 324w, https:\/\/terrasdebasto.pt\/wp-content\/uploads\/2024\/09\/FOTO-01-MISSAO-EM-VILA-PAULA-696x861.jpeg 696w, https:\/\/terrasdebasto.pt\/wp-content\/uploads\/2024\/09\/FOTO-01-MISSAO-EM-VILA-PAULA-1068x1321.jpeg 1068w, https:\/\/terrasdebasto.pt\/wp-content\/uploads\/2024\/09\/FOTO-01-MISSAO-EM-VILA-PAULA.jpeg 1155w\" sizes=\"auto, (max-width: 828px) 100vw, 828px\" \/><\/figure>\n<\/figure>\n\n\n\n<p><\/p>\n\n\n\n<p><strong><em>O Terras de Basto lan\u00e7ou o desafio a tr\u00eas jovens cabeceirenses que ora experimentaram uma miss\u00e3o na localidade angolana de Vila Paula. Beatriz Vilas, In\u00eas Magalh\u00e3es e Margarida Pires juntaram m\u00e3os num teclado e contaram para os nossos leitores a realidade que encontraram e quanto isso lhes d\u00e1 for\u00e7a para lutar por um mundo melhor. \u00abSomos uns sortudos\u00bb, assumem.<\/em><\/strong><\/p>\n\n\n\n<p>\u00abEm outubro, foi-nos lan\u00e7ado pelas Irm\u00e3s Doroteias o desafio de fazermos uma miss\u00e3o em Angola com as crian\u00e7as de uma comunidade onde est\u00e3o presentes. Aceitamos prontamente, uma vez que era um dos objetivos de vida de cada uma de n\u00f3s.<\/p>\n\n\n\n<p>Ao longo do ano, uma vez por m\u00eas, fomos fazendo forma\u00e7\u00f5es para percebermos qual seria o nosso papel na comunidade e criarmos uma din\u00e2mica de grupo, pois juntamente connosco foram duas brasileiras.<\/p>\n\n\n\n<p>\u00c0 medida que o tempo foi passando, a ansiedade foi aumentando at\u00e9 que, finalmente, chegou o dia 11 de julho, o dia da nossa partida. Partimos de Lisboa rumo a Luanda e foi quando cheg\u00e1mos l\u00e1 que tivemos o nosso primeiro impacto da realidade angolana: a confus\u00e3o do tr\u00e2nsito, as pessoas a tentar vender tudo e mais alguma coisa nas estradas, as casas, o com\u00e9rcio, o lixo nas ruas, o c\u00e9u de cor alaranjada, os rios polu\u00eddos&#8230; Um mundo completamente diferente!<\/p>\n\n\n\n<p>Ainda nesse dia, viaj\u00e1mos para o Lubango, o nosso destino final. Cheg\u00e1mos \u00e0 pequena Vila Paula ao in\u00edcio da noite, onde tivemos uma rece\u00e7\u00e3o completamente inesperada: as irm\u00e3s da comunidade abriram-nos os port\u00f5es a cantar e a dan\u00e7ar can\u00e7\u00f5es de boas-vindas, felizes com a nossa chegada, o que nos emocionou imediatamente.<\/p>\n\n\n\n<p>Seguiu-se o fim-de-semana e tivemos a oportunidade de conhecer as redondezas, visit\u00e1mos os campos agr\u00edcolas que as irm\u00e3s cederam \u00e0s pessoas, vimos as instala\u00e7\u00f5es da escola que as crian\u00e7as com quem \u00edamos estar frequentam, fomos \u00e0 cl\u00ednica m\u00e9dica que, apesar de pequena e com poucas condi\u00e7\u00f5es, tem pacientes que fazem at\u00e9 30km a p\u00e9 devido ao bom atendimento, e visit\u00e1mos tamb\u00e9m a futura cl\u00ednica, cuja constru\u00e7\u00e3o se encontra neste momento parada devido \u00e0 falta de financiamento.<\/p>\n\n\n\n<figure class=\"wp-block-gallery has-nested-images columns-default is-cropped wp-block-gallery-2 is-layout-flex wp-block-gallery-is-layout-flex\">\n<figure class=\"wp-block-image size-large\"><img loading=\"lazy\" decoding=\"async\" width=\"1024\" height=\"764\" data-id=\"1970\" src=\"https:\/\/terrasdebasto.pt\/wp-content\/uploads\/2024\/09\/FOTO-02-MISSAO-EM-VILA-PAULA-1024x764.jpeg\" alt=\"\" class=\"wp-image-1970\" srcset=\"https:\/\/terrasdebasto.pt\/wp-content\/uploads\/2024\/09\/FOTO-02-MISSAO-EM-VILA-PAULA-1024x764.jpeg 1024w, https:\/\/terrasdebasto.pt\/wp-content\/uploads\/2024\/09\/FOTO-02-MISSAO-EM-VILA-PAULA-300x224.jpeg 300w, https:\/\/terrasdebasto.pt\/wp-content\/uploads\/2024\/09\/FOTO-02-MISSAO-EM-VILA-PAULA-768x573.jpeg 768w, https:\/\/terrasdebasto.pt\/wp-content\/uploads\/2024\/09\/FOTO-02-MISSAO-EM-VILA-PAULA-150x112.jpeg 150w, https:\/\/terrasdebasto.pt\/wp-content\/uploads\/2024\/09\/FOTO-02-MISSAO-EM-VILA-PAULA-696x519.jpeg 696w, https:\/\/terrasdebasto.pt\/wp-content\/uploads\/2024\/09\/FOTO-02-MISSAO-EM-VILA-PAULA-1068x797.jpeg 1068w, https:\/\/terrasdebasto.pt\/wp-content\/uploads\/2024\/09\/FOTO-02-MISSAO-EM-VILA-PAULA.jpeg 1474w\" sizes=\"auto, (max-width: 1024px) 100vw, 1024px\" \/><\/figure>\n<\/figure>\n\n\n\n<p>Ainda nesse momento de visita, fomos brindadas com o nascimento de duas g\u00e9meas, mas depressa nos apercebemos de que n\u00e3o seria o primeiro nascimento a que ir\u00edamos assistir, pois nascem diariamente muitas crian\u00e7as naquela cl\u00ednica.<\/p>\n\n\n\n<p>As condi\u00e7\u00f5es completamente prec\u00e1rias mexeram muito connosco. Apesar da boa forma\u00e7\u00e3o dos profissionais, a cl\u00ednica \u00e9 pequena e sem recursos suficientes. Apenas numa sala, encontr\u00e1mos duas angolanas acamadas, que tinham acabado de ter os beb\u00e9s e, com uma cortina a dividir, a cama de partos. Foi, sem d\u00favida, das coisas que nos deixaram mais surpreendidas e que \u00e9 necess\u00e1rio, com mais urg\u00eancia, mudar!<\/p>\n\n\n\n<p>Chegou o domingo e, no final da eucaristia, fomos apresentadas \u00e0 comunidade e demos o nosso testemunho, enquanto jovens cat\u00f3licas, na reuni\u00e3o do grupo de jovens. Ainda, nesse dia, levaram-nos a passear \u00e0 Fenda de Tundavala, um local muito tur\u00edstico onde encontr\u00e1mos a tribo dos Mumuilas. Termin\u00e1mos o dia a planear o nosso \u201ccampo de f\u00e9rias\u201d, que se iniciava no dia seguinte.<\/p>\n\n\n\n<p>(&#8230;)\u00bb.<\/p>\n\n\n\n<p>[<strong>Se quer continuar a ler este relato na primeira pessoa, encontre o Terras de Basto mais perto de si. Ou ent\u00e3o fa\u00e7a uma assinatura do jornal impresso ou em suporte digital: 967 112 566<\/strong>].<\/p>\n\n\n\n<figure class=\"wp-block-gallery has-nested-images columns-default is-cropped wp-block-gallery-3 is-layout-flex wp-block-gallery-is-layout-flex\">\n<figure class=\"wp-block-image size-large\"><img loading=\"lazy\" decoding=\"async\" width=\"1024\" height=\"770\" data-id=\"1971\" src=\"https:\/\/terrasdebasto.pt\/wp-content\/uploads\/2024\/09\/FOTO-03-MISSAO-EM-VILA-PAULA-1024x770.jpeg\" alt=\"\" class=\"wp-image-1971\" srcset=\"https:\/\/terrasdebasto.pt\/wp-content\/uploads\/2024\/09\/FOTO-03-MISSAO-EM-VILA-PAULA-1024x770.jpeg 1024w, https:\/\/terrasdebasto.pt\/wp-content\/uploads\/2024\/09\/FOTO-03-MISSAO-EM-VILA-PAULA-300x226.jpeg 300w, https:\/\/terrasdebasto.pt\/wp-content\/uploads\/2024\/09\/FOTO-03-MISSAO-EM-VILA-PAULA-768x578.jpeg 768w, https:\/\/terrasdebasto.pt\/wp-content\/uploads\/2024\/09\/FOTO-03-MISSAO-EM-VILA-PAULA-150x113.jpeg 150w, https:\/\/terrasdebasto.pt\/wp-content\/uploads\/2024\/09\/FOTO-03-MISSAO-EM-VILA-PAULA-696x524.jpeg 696w, https:\/\/terrasdebasto.pt\/wp-content\/uploads\/2024\/09\/FOTO-03-MISSAO-EM-VILA-PAULA-1068x804.jpeg 1068w, https:\/\/terrasdebasto.pt\/wp-content\/uploads\/2024\/09\/FOTO-03-MISSAO-EM-VILA-PAULA.jpeg 1280w\" sizes=\"auto, (max-width: 1024px) 100vw, 1024px\" \/><\/figure>\n<\/figure>\n\n\n\n<figure class=\"wp-block-gallery has-nested-images columns-default is-cropped wp-block-gallery-4 is-layout-flex wp-block-gallery-is-layout-flex\">\n<figure class=\"wp-block-image size-large\"><img loading=\"lazy\" decoding=\"async\" width=\"1024\" height=\"658\" data-id=\"1972\" src=\"https:\/\/terrasdebasto.pt\/wp-content\/uploads\/2024\/09\/FOTO-04-MISSAO-EM-VILA-PAULA-1024x658.jpeg\" alt=\"\" class=\"wp-image-1972\" srcset=\"https:\/\/terrasdebasto.pt\/wp-content\/uploads\/2024\/09\/FOTO-04-MISSAO-EM-VILA-PAULA-1024x658.jpeg 1024w, https:\/\/terrasdebasto.pt\/wp-content\/uploads\/2024\/09\/FOTO-04-MISSAO-EM-VILA-PAULA-300x193.jpeg 300w, https:\/\/terrasdebasto.pt\/wp-content\/uploads\/2024\/09\/FOTO-04-MISSAO-EM-VILA-PAULA-768x493.jpeg 768w, https:\/\/terrasdebasto.pt\/wp-content\/uploads\/2024\/09\/FOTO-04-MISSAO-EM-VILA-PAULA-150x96.jpeg 150w, https:\/\/terrasdebasto.pt\/wp-content\/uploads\/2024\/09\/FOTO-04-MISSAO-EM-VILA-PAULA-696x447.jpeg 696w, https:\/\/terrasdebasto.pt\/wp-content\/uploads\/2024\/09\/FOTO-04-MISSAO-EM-VILA-PAULA-1068x686.jpeg 1068w, https:\/\/terrasdebasto.pt\/wp-content\/uploads\/2024\/09\/FOTO-04-MISSAO-EM-VILA-PAULA.jpeg 1354w\" sizes=\"auto, (max-width: 1024px) 100vw, 1024px\" \/><\/figure>\n<\/figure>\n","protected":false},"excerpt":{"rendered":"<p>Beatriz Vilas, In\u00eas Magalh\u00e3es e Margarida Pires O Terras de Basto lan\u00e7ou o desafio a tr\u00eas jovens cabeceirenses que ora experimentaram uma miss\u00e3o na localidade angolana de Vila Paula. Beatriz Vilas, In\u00eas Magalh\u00e3es e Margarida Pires juntaram m\u00e3os num teclado e contaram para os nossos leitores a realidade que encontraram e quanto isso lhes d\u00e1 [&hellip;]<\/p>\n","protected":false},"author":7,"featured_media":1968,"comment_status":"open","ping_status":"open","sticky":false,"template":"","format":"standard","meta":{"footnotes":""},"categories":[7,9],"tags":[429,428],"class_list":{"0":"post-1967","1":"post","2":"type-post","3":"status-publish","4":"format-standard","5":"has-post-thumbnail","7":"category-cultura","8":"category-terras-de-basto","9":"tag-missao-em-africa","10":"tag-voluntariado"},"yoast_head":"<!-- This site is optimized with the Yoast SEO plugin v25.7 - https:\/\/yoast.com\/wordpress\/plugins\/seo\/ -->\n<title>Como tr\u00eas jovens cabeceirenses levaram &quot;sementes de futuro&quot; a Vila Paula - Jornal Terras de Basto<\/title>\n<meta name=\"description\" content=\"O Terras de Basto lan\u00e7ou o desafio a tr\u00eas jovens cabeceirenses que ora experimentaram uma miss\u00e3o na localidade angolana de Vila Paula. Beatriz Vilas, In\u00eas Magalh\u00e3es e Margarida Pires juntaram m\u00e3os num teclado e contaram para os nossos leitores a realidade que encontraram e quanto isso lhes d\u00e1 for\u00e7a para lutar por um mundo melhor. \u00abSomos uns sortudos\u00bb, assumem.\" \/>\n<meta name=\"robots\" content=\"index, follow, max-snippet:-1, max-image-preview:large, max-video-preview:-1\" \/>\n<link rel=\"canonical\" href=\"https:\/\/terrasdebasto.pt\/?p=1967\" \/>\n<meta property=\"og:locale\" content=\"pt_PT\" \/>\n<meta property=\"og:type\" content=\"article\" \/>\n<meta property=\"og:title\" content=\"Como tr\u00eas jovens cabeceirenses levaram &quot;sementes de futuro&quot; a Vila Paula - Jornal Terras de Basto\" \/>\n<meta property=\"og:description\" content=\"O Terras de Basto lan\u00e7ou o desafio a tr\u00eas jovens cabeceirenses que ora experimentaram uma miss\u00e3o na localidade angolana de Vila Paula. Beatriz Vilas, In\u00eas Magalh\u00e3es e Margarida Pires juntaram m\u00e3os num teclado e contaram para os nossos leitores a realidade que encontraram e quanto isso lhes d\u00e1 for\u00e7a para lutar por um mundo melhor. \u00abSomos uns sortudos\u00bb, assumem.\" \/>\n<meta property=\"og:url\" content=\"https:\/\/terrasdebasto.pt\/?p=1967\" \/>\n<meta property=\"og:site_name\" content=\"Jornal Terras de Basto\" \/>\n<meta property=\"article:published_time\" content=\"2024-09-12T14:46:57+00:00\" \/>\n<meta property=\"og:image\" content=\"https:\/\/terrasdebasto.pt\/wp-content\/uploads\/2024\/09\/MISSAO-EM-VILA-PAULA.jpg\" \/>\n\t<meta property=\"og:image:width\" content=\"940\" \/>\n\t<meta property=\"og:image:height\" content=\"788\" \/>\n\t<meta property=\"og:image:type\" content=\"image\/jpeg\" \/>\n<meta name=\"author\" content=\"Jo\u00e3o Paulo Mesquita\" \/>\n<meta name=\"twitter:card\" content=\"summary_large_image\" \/>\n<meta name=\"twitter:label1\" content=\"Escrito por\" \/>\n\t<meta name=\"twitter:data1\" content=\"Jo\u00e3o Paulo Mesquita\" \/>\n\t<meta name=\"twitter:label2\" content=\"Tempo estimado de leitura\" \/>\n\t<meta name=\"twitter:data2\" content=\"4 minutos\" \/>\n<script type=\"application\/ld+json\" class=\"yoast-schema-graph\">{\"@context\":\"https:\/\/schema.org\",\"@graph\":[{\"@type\":\"Article\",\"@id\":\"https:\/\/terrasdebasto.pt\/?p=1967#article\",\"isPartOf\":{\"@id\":\"https:\/\/terrasdebasto.pt\/?p=1967\"},\"author\":{\"name\":\"Jo\u00e3o Paulo Mesquita\",\"@id\":\"https:\/\/terrasdebasto.pt\/#\/schema\/person\/9f6739f5394ac65c802641773b278b84\"},\"headline\":\"Como tr\u00eas jovens cabeceirenses levaram &#8220;sementes de futuro&#8221; a Vila Paula\",\"datePublished\":\"2024-09-12T14:46:57+00:00\",\"mainEntityOfPage\":{\"@id\":\"https:\/\/terrasdebasto.pt\/?p=1967\"},\"wordCount\":606,\"commentCount\":0,\"publisher\":{\"@id\":\"https:\/\/terrasdebasto.pt\/#organization\"},\"image\":{\"@id\":\"https:\/\/terrasdebasto.pt\/?p=1967#primaryimage\"},\"thumbnailUrl\":\"https:\/\/terrasdebasto.pt\/wp-content\/uploads\/2024\/09\/MISSAO-EM-VILA-PAULA.jpg\",\"keywords\":[\"Miss\u00e3o em \u00c1frica\",\"Voluntariado\"],\"articleSection\":[\"Cultura\",\"Terras de Basto\"],\"inLanguage\":\"pt-PT\",\"potentialAction\":[{\"@type\":\"CommentAction\",\"name\":\"Comment\",\"target\":[\"https:\/\/terrasdebasto.pt\/?p=1967#respond\"]}]},{\"@type\":\"WebPage\",\"@id\":\"https:\/\/terrasdebasto.pt\/?p=1967\",\"url\":\"https:\/\/terrasdebasto.pt\/?p=1967\",\"name\":\"Como tr\u00eas jovens cabeceirenses levaram \\\"sementes de futuro\\\" a Vila Paula - Jornal Terras de Basto\",\"isPartOf\":{\"@id\":\"https:\/\/terrasdebasto.pt\/#website\"},\"primaryImageOfPage\":{\"@id\":\"https:\/\/terrasdebasto.pt\/?p=1967#primaryimage\"},\"image\":{\"@id\":\"https:\/\/terrasdebasto.pt\/?p=1967#primaryimage\"},\"thumbnailUrl\":\"https:\/\/terrasdebasto.pt\/wp-content\/uploads\/2024\/09\/MISSAO-EM-VILA-PAULA.jpg\",\"datePublished\":\"2024-09-12T14:46:57+00:00\",\"description\":\"O Terras de Basto lan\u00e7ou o desafio a tr\u00eas jovens cabeceirenses que ora experimentaram uma miss\u00e3o na localidade angolana de Vila Paula. Beatriz Vilas, In\u00eas Magalh\u00e3es e Margarida Pires juntaram m\u00e3os num teclado e contaram para os nossos leitores a realidade que encontraram e quanto isso lhes d\u00e1 for\u00e7a para lutar por um mundo melhor. \u00abSomos uns sortudos\u00bb, assumem.\",\"breadcrumb\":{\"@id\":\"https:\/\/terrasdebasto.pt\/?p=1967#breadcrumb\"},\"inLanguage\":\"pt-PT\",\"potentialAction\":[{\"@type\":\"ReadAction\",\"target\":[\"https:\/\/terrasdebasto.pt\/?p=1967\"]}]},{\"@type\":\"ImageObject\",\"inLanguage\":\"pt-PT\",\"@id\":\"https:\/\/terrasdebasto.pt\/?p=1967#primaryimage\",\"url\":\"https:\/\/terrasdebasto.pt\/wp-content\/uploads\/2024\/09\/MISSAO-EM-VILA-PAULA.jpg\",\"contentUrl\":\"https:\/\/terrasdebasto.pt\/wp-content\/uploads\/2024\/09\/MISSAO-EM-VILA-PAULA.jpg\",\"width\":940,\"height\":788},{\"@type\":\"BreadcrumbList\",\"@id\":\"https:\/\/terrasdebasto.pt\/?p=1967#breadcrumb\",\"itemListElement\":[{\"@type\":\"ListItem\",\"position\":1,\"name\":\"In\u00edcio\",\"item\":\"https:\/\/terrasdebasto.pt\/\"},{\"@type\":\"ListItem\",\"position\":2,\"name\":\"Como tr\u00eas jovens cabeceirenses levaram &#8220;sementes de futuro&#8221; a Vila Paula\"}]},{\"@type\":\"WebSite\",\"@id\":\"https:\/\/terrasdebasto.pt\/#website\",\"url\":\"https:\/\/terrasdebasto.pt\/\",\"name\":\"Jornal Terras de Basto\",\"description\":\"\",\"publisher\":{\"@id\":\"https:\/\/terrasdebasto.pt\/#organization\"},\"potentialAction\":[{\"@type\":\"SearchAction\",\"target\":{\"@type\":\"EntryPoint\",\"urlTemplate\":\"https:\/\/terrasdebasto.pt\/?s={search_term_string}\"},\"query-input\":{\"@type\":\"PropertyValueSpecification\",\"valueRequired\":true,\"valueName\":\"search_term_string\"}}],\"inLanguage\":\"pt-PT\"},{\"@type\":\"Organization\",\"@id\":\"https:\/\/terrasdebasto.pt\/#organization\",\"name\":\"Jornal Terras de Basto\",\"url\":\"https:\/\/terrasdebasto.pt\/\",\"logo\":{\"@type\":\"ImageObject\",\"inLanguage\":\"pt-PT\",\"@id\":\"https:\/\/terrasdebasto.pt\/#\/schema\/logo\/image\/\",\"url\":\"https:\/\/terrasdebasto.pt\/wp-content\/uploads\/2024\/06\/LogoNormal.png\",\"contentUrl\":\"https:\/\/terrasdebasto.pt\/wp-content\/uploads\/2024\/06\/LogoNormal.png\",\"width\":5638,\"height\":809,\"caption\":\"Jornal Terras de Basto\"},\"image\":{\"@id\":\"https:\/\/terrasdebasto.pt\/#\/schema\/logo\/image\/\"}},{\"@type\":\"Person\",\"@id\":\"https:\/\/terrasdebasto.pt\/#\/schema\/person\/9f6739f5394ac65c802641773b278b84\",\"name\":\"Jo\u00e3o Paulo Mesquita\",\"image\":{\"@type\":\"ImageObject\",\"inLanguage\":\"pt-PT\",\"@id\":\"https:\/\/terrasdebasto.pt\/#\/schema\/person\/image\/\",\"url\":\"https:\/\/secure.gravatar.com\/avatar\/9bd0f299e6d96336664aab64354168246a3ee3287c47891c50d450e47ed9d7f9?s=96&d=mm&r=g\",\"contentUrl\":\"https:\/\/secure.gravatar.com\/avatar\/9bd0f299e6d96336664aab64354168246a3ee3287c47891c50d450e47ed9d7f9?s=96&d=mm&r=g\",\"caption\":\"Jo\u00e3o Paulo Mesquita\"},\"url\":\"https:\/\/terrasdebasto.pt\/?author=7\"}]}<\/script>\n<!-- \/ Yoast SEO plugin. -->","yoast_head_json":{"title":"Como tr\u00eas jovens cabeceirenses levaram \"sementes de futuro\" a Vila Paula - Jornal Terras de Basto","description":"O Terras de Basto lan\u00e7ou o desafio a tr\u00eas jovens cabeceirenses que ora experimentaram uma miss\u00e3o na localidade angolana de Vila Paula. Beatriz Vilas, In\u00eas Magalh\u00e3es e Margarida Pires juntaram m\u00e3os num teclado e contaram para os nossos leitores a realidade que encontraram e quanto isso lhes d\u00e1 for\u00e7a para lutar por um mundo melhor. \u00abSomos uns sortudos\u00bb, assumem.","robots":{"index":"index","follow":"follow","max-snippet":"max-snippet:-1","max-image-preview":"max-image-preview:large","max-video-preview":"max-video-preview:-1"},"canonical":"https:\/\/terrasdebasto.pt\/?p=1967","og_locale":"pt_PT","og_type":"article","og_title":"Como tr\u00eas jovens cabeceirenses levaram \"sementes de futuro\" a Vila Paula - Jornal Terras de Basto","og_description":"O Terras de Basto lan\u00e7ou o desafio a tr\u00eas jovens cabeceirenses que ora experimentaram uma miss\u00e3o na localidade angolana de Vila Paula. Beatriz Vilas, In\u00eas Magalh\u00e3es e Margarida Pires juntaram m\u00e3os num teclado e contaram para os nossos leitores a realidade que encontraram e quanto isso lhes d\u00e1 for\u00e7a para lutar por um mundo melhor. \u00abSomos uns sortudos\u00bb, assumem.","og_url":"https:\/\/terrasdebasto.pt\/?p=1967","og_site_name":"Jornal Terras de Basto","article_published_time":"2024-09-12T14:46:57+00:00","og_image":[{"width":940,"height":788,"url":"https:\/\/terrasdebasto.pt\/wp-content\/uploads\/2024\/09\/MISSAO-EM-VILA-PAULA.jpg","type":"image\/jpeg"}],"author":"Jo\u00e3o Paulo Mesquita","twitter_card":"summary_large_image","twitter_misc":{"Escrito por":"Jo\u00e3o Paulo Mesquita","Tempo estimado de leitura":"4 minutos"},"schema":{"@context":"https:\/\/schema.org","@graph":[{"@type":"Article","@id":"https:\/\/terrasdebasto.pt\/?p=1967#article","isPartOf":{"@id":"https:\/\/terrasdebasto.pt\/?p=1967"},"author":{"name":"Jo\u00e3o Paulo Mesquita","@id":"https:\/\/terrasdebasto.pt\/#\/schema\/person\/9f6739f5394ac65c802641773b278b84"},"headline":"Como tr\u00eas jovens cabeceirenses levaram &#8220;sementes de futuro&#8221; a Vila Paula","datePublished":"2024-09-12T14:46:57+00:00","mainEntityOfPage":{"@id":"https:\/\/terrasdebasto.pt\/?p=1967"},"wordCount":606,"commentCount":0,"publisher":{"@id":"https:\/\/terrasdebasto.pt\/#organization"},"image":{"@id":"https:\/\/terrasdebasto.pt\/?p=1967#primaryimage"},"thumbnailUrl":"https:\/\/terrasdebasto.pt\/wp-content\/uploads\/2024\/09\/MISSAO-EM-VILA-PAULA.jpg","keywords":["Miss\u00e3o em \u00c1frica","Voluntariado"],"articleSection":["Cultura","Terras de Basto"],"inLanguage":"pt-PT","potentialAction":[{"@type":"CommentAction","name":"Comment","target":["https:\/\/terrasdebasto.pt\/?p=1967#respond"]}]},{"@type":"WebPage","@id":"https:\/\/terrasdebasto.pt\/?p=1967","url":"https:\/\/terrasdebasto.pt\/?p=1967","name":"Como tr\u00eas jovens cabeceirenses levaram \"sementes de futuro\" a Vila Paula - Jornal Terras de Basto","isPartOf":{"@id":"https:\/\/terrasdebasto.pt\/#website"},"primaryImageOfPage":{"@id":"https:\/\/terrasdebasto.pt\/?p=1967#primaryimage"},"image":{"@id":"https:\/\/terrasdebasto.pt\/?p=1967#primaryimage"},"thumbnailUrl":"https:\/\/terrasdebasto.pt\/wp-content\/uploads\/2024\/09\/MISSAO-EM-VILA-PAULA.jpg","datePublished":"2024-09-12T14:46:57+00:00","description":"O Terras de Basto lan\u00e7ou o desafio a tr\u00eas jovens cabeceirenses que ora experimentaram uma miss\u00e3o na localidade angolana de Vila Paula. Beatriz Vilas, In\u00eas Magalh\u00e3es e Margarida Pires juntaram m\u00e3os num teclado e contaram para os nossos leitores a realidade que encontraram e quanto isso lhes d\u00e1 for\u00e7a para lutar por um mundo melhor. \u00abSomos uns sortudos\u00bb, assumem.","breadcrumb":{"@id":"https:\/\/terrasdebasto.pt\/?p=1967#breadcrumb"},"inLanguage":"pt-PT","potentialAction":[{"@type":"ReadAction","target":["https:\/\/terrasdebasto.pt\/?p=1967"]}]},{"@type":"ImageObject","inLanguage":"pt-PT","@id":"https:\/\/terrasdebasto.pt\/?p=1967#primaryimage","url":"https:\/\/terrasdebasto.pt\/wp-content\/uploads\/2024\/09\/MISSAO-EM-VILA-PAULA.jpg","contentUrl":"https:\/\/terrasdebasto.pt\/wp-content\/uploads\/2024\/09\/MISSAO-EM-VILA-PAULA.jpg","width":940,"height":788},{"@type":"BreadcrumbList","@id":"https:\/\/terrasdebasto.pt\/?p=1967#breadcrumb","itemListElement":[{"@type":"ListItem","position":1,"name":"In\u00edcio","item":"https:\/\/terrasdebasto.pt\/"},{"@type":"ListItem","position":2,"name":"Como tr\u00eas jovens cabeceirenses levaram &#8220;sementes de futuro&#8221; a Vila Paula"}]},{"@type":"WebSite","@id":"https:\/\/terrasdebasto.pt\/#website","url":"https:\/\/terrasdebasto.pt\/","name":"Jornal Terras de Basto","description":"","publisher":{"@id":"https:\/\/terrasdebasto.pt\/#organization"},"potentialAction":[{"@type":"SearchAction","target":{"@type":"EntryPoint","urlTemplate":"https:\/\/terrasdebasto.pt\/?s={search_term_string}"},"query-input":{"@type":"PropertyValueSpecification","valueRequired":true,"valueName":"search_term_string"}}],"inLanguage":"pt-PT"},{"@type":"Organization","@id":"https:\/\/terrasdebasto.pt\/#organization","name":"Jornal Terras de Basto","url":"https:\/\/terrasdebasto.pt\/","logo":{"@type":"ImageObject","inLanguage":"pt-PT","@id":"https:\/\/terrasdebasto.pt\/#\/schema\/logo\/image\/","url":"https:\/\/terrasdebasto.pt\/wp-content\/uploads\/2024\/06\/LogoNormal.png","contentUrl":"https:\/\/terrasdebasto.pt\/wp-content\/uploads\/2024\/06\/LogoNormal.png","width":5638,"height":809,"caption":"Jornal Terras de Basto"},"image":{"@id":"https:\/\/terrasdebasto.pt\/#\/schema\/logo\/image\/"}},{"@type":"Person","@id":"https:\/\/terrasdebasto.pt\/#\/schema\/person\/9f6739f5394ac65c802641773b278b84","name":"Jo\u00e3o Paulo Mesquita","image":{"@type":"ImageObject","inLanguage":"pt-PT","@id":"https:\/\/terrasdebasto.pt\/#\/schema\/person\/image\/","url":"https:\/\/secure.gravatar.com\/avatar\/9bd0f299e6d96336664aab64354168246a3ee3287c47891c50d450e47ed9d7f9?s=96&d=mm&r=g","contentUrl":"https:\/\/secure.gravatar.com\/avatar\/9bd0f299e6d96336664aab64354168246a3ee3287c47891c50d450e47ed9d7f9?s=96&d=mm&r=g","caption":"Jo\u00e3o Paulo Mesquita"},"url":"https:\/\/terrasdebasto.pt\/?author=7"}]}},"_links":{"self":[{"href":"https:\/\/terrasdebasto.pt\/index.php?rest_route=\/wp\/v2\/posts\/1967","targetHints":{"allow":["GET"]}}],"collection":[{"href":"https:\/\/terrasdebasto.pt\/index.php?rest_route=\/wp\/v2\/posts"}],"about":[{"href":"https:\/\/terrasdebasto.pt\/index.php?rest_route=\/wp\/v2\/types\/post"}],"author":[{"embeddable":true,"href":"https:\/\/terrasdebasto.pt\/index.php?rest_route=\/wp\/v2\/users\/7"}],"replies":[{"embeddable":true,"href":"https:\/\/terrasdebasto.pt\/index.php?rest_route=%2Fwp%2Fv2%2Fcomments&post=1967"}],"version-history":[{"count":1,"href":"https:\/\/terrasdebasto.pt\/index.php?rest_route=\/wp\/v2\/posts\/1967\/revisions"}],"predecessor-version":[{"id":1973,"href":"https:\/\/terrasdebasto.pt\/index.php?rest_route=\/wp\/v2\/posts\/1967\/revisions\/1973"}],"wp:featuredmedia":[{"embeddable":true,"href":"https:\/\/terrasdebasto.pt\/index.php?rest_route=\/wp\/v2\/media\/1968"}],"wp:attachment":[{"href":"https:\/\/terrasdebasto.pt\/index.php?rest_route=%2Fwp%2Fv2%2Fmedia&parent=1967"}],"wp:term":[{"taxonomy":"category","embeddable":true,"href":"https:\/\/terrasdebasto.pt\/index.php?rest_route=%2Fwp%2Fv2%2Fcategories&post=1967"},{"taxonomy":"post_tag","embeddable":true,"href":"https:\/\/terrasdebasto.pt\/index.php?rest_route=%2Fwp%2Fv2%2Ftags&post=1967"}],"curies":[{"name":"wp","href":"https:\/\/api.w.org\/{rel}","templated":true}]}}