{"id":1964,"date":"2024-09-12T14:14:46","date_gmt":"2024-09-12T14:14:46","guid":{"rendered":"https:\/\/terrasdebasto.pt\/?p=1964"},"modified":"2024-09-12T14:14:46","modified_gmt":"2024-09-12T14:14:46","slug":"cabeceiras-teatro-para-exaltar-a-forca-da-mulher","status":"publish","type":"post","link":"https:\/\/terrasdebasto.pt\/?p=1964","title":{"rendered":"Cabeceiras: teatro para exaltar a for\u00e7a da mulher"},"content":{"rendered":"\n<p><strong>\u00ab\u00c9 um espet\u00e1culo que exalta a for\u00e7a da mulher atrav\u00e9s da hist\u00f3ria de Diana, uma rapariga que decide deixar a sua terra para ir trabalhar numa grande cidade\u00bb. \u00c9 assim que Roberto Moreira, o diretor art\u00edstico do Centro de Teatro de Cabeceiras de Basto, apresenta o seu pr\u00f3ximo trabalho, \u201cTodas Somos Tu\u201d, que leva \u00e0 cena a 20 de setembro, pelas 21h30, nos claustros do Mosteiro de Refojos.<\/strong><\/p>\n\n\n\n<p>Cheia de medos e de incertezas \u2013 conta ainda, em jeito de sinopse \u2013 aquela rapariga descobre, atrav\u00e9s de um sonho, a grandeza das qualidades femininas e percebe que pode conquistar o mundo. \u00abAfinal, uma mulher nunca est\u00e1 sozinha\u00bb, lembra.<\/p>\n\n\n\n<p>Inspirados pelas centenas de hist\u00f3rias das mulheres do Norte que nas d\u00e9cadas de 50 e 60 tiveram de cuidar das casas e dos filhos quando os maridos emigraram, este espet\u00e1culo \u00e9 uma reflex\u00e3o \u00absobre o papel da Mulher na sociedade, na qual continua a ser discriminada, e uma homenagem \u00e0 sua for\u00e7a, coragem e dedica\u00e7\u00e3o\u00bb, justifica o encenador.<\/p>\n\n\n\n<p>De acordo com Roberto Moreira, o Centro de Teatro de Cabeceiras de Basto pretende deixar uma mensagem de combate \u00e0 discrimina\u00e7\u00e3o e desigualdade entre mulheres e homens, cumprindo assim o seu papel de indutor de reflex\u00e3o por parte do p\u00fablico.<\/p>\n\n\n\n<p>O espet\u00e1culo conta com a participa\u00e7\u00e3o de cerca de quatro centenas de atores, de que fazem parte elementos das Oficinas de Interpreta\u00e7\u00e3o, bem como mulheres cabeceirenses convidadas, que se destacam nas mais diversas profiss\u00f5es e ainda o Grupo do Jogo do Pau de Abadim, indo ao encontro do seu objetivo principal: o envolvimento da comunidade na participa\u00e7\u00e3o e constru\u00e7\u00e3o de propostas art\u00edsticas. [Reda\u00e7\u00e3o].<\/p>\n","protected":false},"excerpt":{"rendered":"<p>\u00ab\u00c9 um espet\u00e1culo que exalta a for\u00e7a da mulher atrav\u00e9s da hist\u00f3ria de Diana, uma rapariga que decide deixar a sua terra para ir trabalhar numa grande cidade\u00bb. \u00c9 assim que Roberto Moreira, o diretor art\u00edstico do Centro de Teatro de Cabeceiras de Basto, apresenta o seu pr\u00f3ximo trabalho, \u201cTodas Somos Tu\u201d, que leva \u00e0 [&hellip;]<\/p>\n","protected":false},"author":7,"featured_media":1965,"comment_status":"open","ping_status":"open","sticky":false,"template":"","format":"standard","meta":{"footnotes":""},"categories":[12,7],"tags":[427,425],"class_list":{"0":"post-1964","1":"post","2":"type-post","3":"status-publish","4":"format-standard","5":"has-post-thumbnail","7":"category-cabeceiras-de-basto","8":"category-cultura","9":"tag-centro-de-teatro-de-cabeceiras-de-basto","10":"tag-todas-somos-tu"},"yoast_head":"<!-- This site is optimized with the Yoast SEO plugin v25.7 - https:\/\/yoast.com\/wordpress\/plugins\/seo\/ -->\n<title>Cabeceiras: teatro para exaltar a for\u00e7a da mulher - Jornal Terras de Basto<\/title>\n<meta name=\"description\" content=\"\u00ab\u00c9 um espet\u00e1culo que exalta a for\u00e7a da mulher atrav\u00e9s da hist\u00f3ria de Diana, uma rapariga que decide deixar a sua terra para ir trabalhar numa grande cidade\u00bb. \u00c9 assim que Roberto Moreira, o diretor art\u00edstico do Centro de Teatro de Cabeceiras de Basto, apresenta o seu pr\u00f3ximo trabalho, \u201cTodas Somos Tu\u201d, que leva \u00e0 cena a 20 de setembro, pelas 21h30, nos claustros do Mosteiro de Refojos.\" \/>\n<meta name=\"robots\" content=\"index, follow, max-snippet:-1, max-image-preview:large, max-video-preview:-1\" \/>\n<link rel=\"canonical\" href=\"https:\/\/terrasdebasto.pt\/?p=1964\" \/>\n<meta property=\"og:locale\" content=\"pt_PT\" \/>\n<meta property=\"og:type\" content=\"article\" \/>\n<meta property=\"og:title\" content=\"Cabeceiras: teatro para exaltar a for\u00e7a da mulher - Jornal Terras de Basto\" \/>\n<meta property=\"og:description\" content=\"\u00ab\u00c9 um espet\u00e1culo que exalta a for\u00e7a da mulher atrav\u00e9s da hist\u00f3ria de Diana, uma rapariga que decide deixar a sua terra para ir trabalhar numa grande cidade\u00bb. \u00c9 assim que Roberto Moreira, o diretor art\u00edstico do Centro de Teatro de Cabeceiras de Basto, apresenta o seu pr\u00f3ximo trabalho, \u201cTodas Somos Tu\u201d, que leva \u00e0 cena a 20 de setembro, pelas 21h30, nos claustros do Mosteiro de Refojos.\" \/>\n<meta property=\"og:url\" content=\"https:\/\/terrasdebasto.pt\/?p=1964\" \/>\n<meta property=\"og:site_name\" content=\"Jornal Terras de Basto\" \/>\n<meta property=\"article:published_time\" content=\"2024-09-12T14:14:46+00:00\" \/>\n<meta property=\"og:image\" content=\"https:\/\/terrasdebasto.pt\/wp-content\/uploads\/2024\/09\/TODAS-SOMOS-TU-FOTOGRAFIA-DE-ANDRE-RAFAEL-RIBEIRO-scaled.jpg\" \/>\n\t<meta property=\"og:image:width\" content=\"2560\" \/>\n\t<meta property=\"og:image:height\" content=\"1706\" \/>\n\t<meta property=\"og:image:type\" content=\"image\/jpeg\" \/>\n<meta name=\"author\" content=\"Jo\u00e3o Paulo Mesquita\" \/>\n<meta name=\"twitter:card\" content=\"summary_large_image\" \/>\n<meta name=\"twitter:label1\" content=\"Escrito por\" \/>\n\t<meta name=\"twitter:data1\" content=\"Jo\u00e3o Paulo Mesquita\" \/>\n\t<meta name=\"twitter:label2\" content=\"Tempo estimado de leitura\" \/>\n\t<meta name=\"twitter:data2\" content=\"2 minutos\" \/>\n<script type=\"application\/ld+json\" class=\"yoast-schema-graph\">{\"@context\":\"https:\/\/schema.org\",\"@graph\":[{\"@type\":\"Article\",\"@id\":\"https:\/\/terrasdebasto.pt\/?p=1964#article\",\"isPartOf\":{\"@id\":\"https:\/\/terrasdebasto.pt\/?p=1964\"},\"author\":{\"name\":\"Jo\u00e3o Paulo Mesquita\",\"@id\":\"https:\/\/terrasdebasto.pt\/#\/schema\/person\/9f6739f5394ac65c802641773b278b84\"},\"headline\":\"Cabeceiras: teatro para exaltar a for\u00e7a da mulher\",\"datePublished\":\"2024-09-12T14:14:46+00:00\",\"mainEntityOfPage\":{\"@id\":\"https:\/\/terrasdebasto.pt\/?p=1964\"},\"wordCount\":291,\"commentCount\":0,\"publisher\":{\"@id\":\"https:\/\/terrasdebasto.pt\/#organization\"},\"image\":{\"@id\":\"https:\/\/terrasdebasto.pt\/?p=1964#primaryimage\"},\"thumbnailUrl\":\"https:\/\/terrasdebasto.pt\/wp-content\/uploads\/2024\/09\/TODAS-SOMOS-TU-FOTOGRAFIA-DE-ANDRE-RAFAEL-RIBEIRO-scaled.jpg\",\"keywords\":[\"Centro de Teatro de Cabeceiras de Basto\",\"Todas Somos Tu\"],\"articleSection\":[\"Cabeceiras de Basto\",\"Cultura\"],\"inLanguage\":\"pt-PT\",\"potentialAction\":[{\"@type\":\"CommentAction\",\"name\":\"Comment\",\"target\":[\"https:\/\/terrasdebasto.pt\/?p=1964#respond\"]}]},{\"@type\":\"WebPage\",\"@id\":\"https:\/\/terrasdebasto.pt\/?p=1964\",\"url\":\"https:\/\/terrasdebasto.pt\/?p=1964\",\"name\":\"Cabeceiras: teatro para exaltar a for\u00e7a da mulher - Jornal Terras de Basto\",\"isPartOf\":{\"@id\":\"https:\/\/terrasdebasto.pt\/#website\"},\"primaryImageOfPage\":{\"@id\":\"https:\/\/terrasdebasto.pt\/?p=1964#primaryimage\"},\"image\":{\"@id\":\"https:\/\/terrasdebasto.pt\/?p=1964#primaryimage\"},\"thumbnailUrl\":\"https:\/\/terrasdebasto.pt\/wp-content\/uploads\/2024\/09\/TODAS-SOMOS-TU-FOTOGRAFIA-DE-ANDRE-RAFAEL-RIBEIRO-scaled.jpg\",\"datePublished\":\"2024-09-12T14:14:46+00:00\",\"description\":\"\u00ab\u00c9 um espet\u00e1culo que exalta a for\u00e7a da mulher atrav\u00e9s da hist\u00f3ria de Diana, uma rapariga que decide deixar a sua terra para ir trabalhar numa grande cidade\u00bb. \u00c9 assim que Roberto Moreira, o diretor art\u00edstico do Centro de Teatro de Cabeceiras de Basto, apresenta o seu pr\u00f3ximo trabalho, \u201cTodas Somos Tu\u201d, que leva \u00e0 cena a 20 de setembro, pelas 21h30, nos claustros do Mosteiro de Refojos.\",\"breadcrumb\":{\"@id\":\"https:\/\/terrasdebasto.pt\/?p=1964#breadcrumb\"},\"inLanguage\":\"pt-PT\",\"potentialAction\":[{\"@type\":\"ReadAction\",\"target\":[\"https:\/\/terrasdebasto.pt\/?p=1964\"]}]},{\"@type\":\"ImageObject\",\"inLanguage\":\"pt-PT\",\"@id\":\"https:\/\/terrasdebasto.pt\/?p=1964#primaryimage\",\"url\":\"https:\/\/terrasdebasto.pt\/wp-content\/uploads\/2024\/09\/TODAS-SOMOS-TU-FOTOGRAFIA-DE-ANDRE-RAFAEL-RIBEIRO-scaled.jpg\",\"contentUrl\":\"https:\/\/terrasdebasto.pt\/wp-content\/uploads\/2024\/09\/TODAS-SOMOS-TU-FOTOGRAFIA-DE-ANDRE-RAFAEL-RIBEIRO-scaled.jpg\",\"width\":2560,\"height\":1706,\"caption\":\"\\\"Todas Somos Tu\\\", fotografia de Andr\u00e9 Rafael Ribeiro\"},{\"@type\":\"BreadcrumbList\",\"@id\":\"https:\/\/terrasdebasto.pt\/?p=1964#breadcrumb\",\"itemListElement\":[{\"@type\":\"ListItem\",\"position\":1,\"name\":\"In\u00edcio\",\"item\":\"https:\/\/terrasdebasto.pt\/\"},{\"@type\":\"ListItem\",\"position\":2,\"name\":\"Cabeceiras: teatro para exaltar a for\u00e7a da mulher\"}]},{\"@type\":\"WebSite\",\"@id\":\"https:\/\/terrasdebasto.pt\/#website\",\"url\":\"https:\/\/terrasdebasto.pt\/\",\"name\":\"Jornal Terras de Basto\",\"description\":\"\",\"publisher\":{\"@id\":\"https:\/\/terrasdebasto.pt\/#organization\"},\"potentialAction\":[{\"@type\":\"SearchAction\",\"target\":{\"@type\":\"EntryPoint\",\"urlTemplate\":\"https:\/\/terrasdebasto.pt\/?s={search_term_string}\"},\"query-input\":{\"@type\":\"PropertyValueSpecification\",\"valueRequired\":true,\"valueName\":\"search_term_string\"}}],\"inLanguage\":\"pt-PT\"},{\"@type\":\"Organization\",\"@id\":\"https:\/\/terrasdebasto.pt\/#organization\",\"name\":\"Jornal Terras de Basto\",\"url\":\"https:\/\/terrasdebasto.pt\/\",\"logo\":{\"@type\":\"ImageObject\",\"inLanguage\":\"pt-PT\",\"@id\":\"https:\/\/terrasdebasto.pt\/#\/schema\/logo\/image\/\",\"url\":\"https:\/\/terrasdebasto.pt\/wp-content\/uploads\/2024\/06\/LogoNormal.png\",\"contentUrl\":\"https:\/\/terrasdebasto.pt\/wp-content\/uploads\/2024\/06\/LogoNormal.png\",\"width\":5638,\"height\":809,\"caption\":\"Jornal Terras de Basto\"},\"image\":{\"@id\":\"https:\/\/terrasdebasto.pt\/#\/schema\/logo\/image\/\"}},{\"@type\":\"Person\",\"@id\":\"https:\/\/terrasdebasto.pt\/#\/schema\/person\/9f6739f5394ac65c802641773b278b84\",\"name\":\"Jo\u00e3o Paulo Mesquita\",\"image\":{\"@type\":\"ImageObject\",\"inLanguage\":\"pt-PT\",\"@id\":\"https:\/\/terrasdebasto.pt\/#\/schema\/person\/image\/\",\"url\":\"https:\/\/secure.gravatar.com\/avatar\/9bd0f299e6d96336664aab64354168246a3ee3287c47891c50d450e47ed9d7f9?s=96&d=mm&r=g\",\"contentUrl\":\"https:\/\/secure.gravatar.com\/avatar\/9bd0f299e6d96336664aab64354168246a3ee3287c47891c50d450e47ed9d7f9?s=96&d=mm&r=g\",\"caption\":\"Jo\u00e3o Paulo Mesquita\"},\"url\":\"https:\/\/terrasdebasto.pt\/?author=7\"}]}<\/script>\n<!-- \/ Yoast SEO plugin. -->","yoast_head_json":{"title":"Cabeceiras: teatro para exaltar a for\u00e7a da mulher - Jornal Terras de Basto","description":"\u00ab\u00c9 um espet\u00e1culo que exalta a for\u00e7a da mulher atrav\u00e9s da hist\u00f3ria de Diana, uma rapariga que decide deixar a sua terra para ir trabalhar numa grande cidade\u00bb. \u00c9 assim que Roberto Moreira, o diretor art\u00edstico do Centro de Teatro de Cabeceiras de Basto, apresenta o seu pr\u00f3ximo trabalho, \u201cTodas Somos Tu\u201d, que leva \u00e0 cena a 20 de setembro, pelas 21h30, nos claustros do Mosteiro de Refojos.","robots":{"index":"index","follow":"follow","max-snippet":"max-snippet:-1","max-image-preview":"max-image-preview:large","max-video-preview":"max-video-preview:-1"},"canonical":"https:\/\/terrasdebasto.pt\/?p=1964","og_locale":"pt_PT","og_type":"article","og_title":"Cabeceiras: teatro para exaltar a for\u00e7a da mulher - Jornal Terras de Basto","og_description":"\u00ab\u00c9 um espet\u00e1culo que exalta a for\u00e7a da mulher atrav\u00e9s da hist\u00f3ria de Diana, uma rapariga que decide deixar a sua terra para ir trabalhar numa grande cidade\u00bb. \u00c9 assim que Roberto Moreira, o diretor art\u00edstico do Centro de Teatro de Cabeceiras de Basto, apresenta o seu pr\u00f3ximo trabalho, \u201cTodas Somos Tu\u201d, que leva \u00e0 cena a 20 de setembro, pelas 21h30, nos claustros do Mosteiro de Refojos.","og_url":"https:\/\/terrasdebasto.pt\/?p=1964","og_site_name":"Jornal Terras de Basto","article_published_time":"2024-09-12T14:14:46+00:00","og_image":[{"width":2560,"height":1706,"url":"https:\/\/terrasdebasto.pt\/wp-content\/uploads\/2024\/09\/TODAS-SOMOS-TU-FOTOGRAFIA-DE-ANDRE-RAFAEL-RIBEIRO-scaled.jpg","type":"image\/jpeg"}],"author":"Jo\u00e3o Paulo Mesquita","twitter_card":"summary_large_image","twitter_misc":{"Escrito por":"Jo\u00e3o Paulo Mesquita","Tempo estimado de leitura":"2 minutos"},"schema":{"@context":"https:\/\/schema.org","@graph":[{"@type":"Article","@id":"https:\/\/terrasdebasto.pt\/?p=1964#article","isPartOf":{"@id":"https:\/\/terrasdebasto.pt\/?p=1964"},"author":{"name":"Jo\u00e3o Paulo Mesquita","@id":"https:\/\/terrasdebasto.pt\/#\/schema\/person\/9f6739f5394ac65c802641773b278b84"},"headline":"Cabeceiras: teatro para exaltar a for\u00e7a da mulher","datePublished":"2024-09-12T14:14:46+00:00","mainEntityOfPage":{"@id":"https:\/\/terrasdebasto.pt\/?p=1964"},"wordCount":291,"commentCount":0,"publisher":{"@id":"https:\/\/terrasdebasto.pt\/#organization"},"image":{"@id":"https:\/\/terrasdebasto.pt\/?p=1964#primaryimage"},"thumbnailUrl":"https:\/\/terrasdebasto.pt\/wp-content\/uploads\/2024\/09\/TODAS-SOMOS-TU-FOTOGRAFIA-DE-ANDRE-RAFAEL-RIBEIRO-scaled.jpg","keywords":["Centro de Teatro de Cabeceiras de Basto","Todas Somos Tu"],"articleSection":["Cabeceiras de Basto","Cultura"],"inLanguage":"pt-PT","potentialAction":[{"@type":"CommentAction","name":"Comment","target":["https:\/\/terrasdebasto.pt\/?p=1964#respond"]}]},{"@type":"WebPage","@id":"https:\/\/terrasdebasto.pt\/?p=1964","url":"https:\/\/terrasdebasto.pt\/?p=1964","name":"Cabeceiras: teatro para exaltar a for\u00e7a da mulher - Jornal Terras de Basto","isPartOf":{"@id":"https:\/\/terrasdebasto.pt\/#website"},"primaryImageOfPage":{"@id":"https:\/\/terrasdebasto.pt\/?p=1964#primaryimage"},"image":{"@id":"https:\/\/terrasdebasto.pt\/?p=1964#primaryimage"},"thumbnailUrl":"https:\/\/terrasdebasto.pt\/wp-content\/uploads\/2024\/09\/TODAS-SOMOS-TU-FOTOGRAFIA-DE-ANDRE-RAFAEL-RIBEIRO-scaled.jpg","datePublished":"2024-09-12T14:14:46+00:00","description":"\u00ab\u00c9 um espet\u00e1culo que exalta a for\u00e7a da mulher atrav\u00e9s da hist\u00f3ria de Diana, uma rapariga que decide deixar a sua terra para ir trabalhar numa grande cidade\u00bb. \u00c9 assim que Roberto Moreira, o diretor art\u00edstico do Centro de Teatro de Cabeceiras de Basto, apresenta o seu pr\u00f3ximo trabalho, \u201cTodas Somos Tu\u201d, que leva \u00e0 cena a 20 de setembro, pelas 21h30, nos claustros do Mosteiro de Refojos.","breadcrumb":{"@id":"https:\/\/terrasdebasto.pt\/?p=1964#breadcrumb"},"inLanguage":"pt-PT","potentialAction":[{"@type":"ReadAction","target":["https:\/\/terrasdebasto.pt\/?p=1964"]}]},{"@type":"ImageObject","inLanguage":"pt-PT","@id":"https:\/\/terrasdebasto.pt\/?p=1964#primaryimage","url":"https:\/\/terrasdebasto.pt\/wp-content\/uploads\/2024\/09\/TODAS-SOMOS-TU-FOTOGRAFIA-DE-ANDRE-RAFAEL-RIBEIRO-scaled.jpg","contentUrl":"https:\/\/terrasdebasto.pt\/wp-content\/uploads\/2024\/09\/TODAS-SOMOS-TU-FOTOGRAFIA-DE-ANDRE-RAFAEL-RIBEIRO-scaled.jpg","width":2560,"height":1706,"caption":"\"Todas Somos Tu\", fotografia de Andr\u00e9 Rafael Ribeiro"},{"@type":"BreadcrumbList","@id":"https:\/\/terrasdebasto.pt\/?p=1964#breadcrumb","itemListElement":[{"@type":"ListItem","position":1,"name":"In\u00edcio","item":"https:\/\/terrasdebasto.pt\/"},{"@type":"ListItem","position":2,"name":"Cabeceiras: teatro para exaltar a for\u00e7a da mulher"}]},{"@type":"WebSite","@id":"https:\/\/terrasdebasto.pt\/#website","url":"https:\/\/terrasdebasto.pt\/","name":"Jornal Terras de Basto","description":"","publisher":{"@id":"https:\/\/terrasdebasto.pt\/#organization"},"potentialAction":[{"@type":"SearchAction","target":{"@type":"EntryPoint","urlTemplate":"https:\/\/terrasdebasto.pt\/?s={search_term_string}"},"query-input":{"@type":"PropertyValueSpecification","valueRequired":true,"valueName":"search_term_string"}}],"inLanguage":"pt-PT"},{"@type":"Organization","@id":"https:\/\/terrasdebasto.pt\/#organization","name":"Jornal Terras de Basto","url":"https:\/\/terrasdebasto.pt\/","logo":{"@type":"ImageObject","inLanguage":"pt-PT","@id":"https:\/\/terrasdebasto.pt\/#\/schema\/logo\/image\/","url":"https:\/\/terrasdebasto.pt\/wp-content\/uploads\/2024\/06\/LogoNormal.png","contentUrl":"https:\/\/terrasdebasto.pt\/wp-content\/uploads\/2024\/06\/LogoNormal.png","width":5638,"height":809,"caption":"Jornal Terras de Basto"},"image":{"@id":"https:\/\/terrasdebasto.pt\/#\/schema\/logo\/image\/"}},{"@type":"Person","@id":"https:\/\/terrasdebasto.pt\/#\/schema\/person\/9f6739f5394ac65c802641773b278b84","name":"Jo\u00e3o Paulo Mesquita","image":{"@type":"ImageObject","inLanguage":"pt-PT","@id":"https:\/\/terrasdebasto.pt\/#\/schema\/person\/image\/","url":"https:\/\/secure.gravatar.com\/avatar\/9bd0f299e6d96336664aab64354168246a3ee3287c47891c50d450e47ed9d7f9?s=96&d=mm&r=g","contentUrl":"https:\/\/secure.gravatar.com\/avatar\/9bd0f299e6d96336664aab64354168246a3ee3287c47891c50d450e47ed9d7f9?s=96&d=mm&r=g","caption":"Jo\u00e3o Paulo Mesquita"},"url":"https:\/\/terrasdebasto.pt\/?author=7"}]}},"_links":{"self":[{"href":"https:\/\/terrasdebasto.pt\/index.php?rest_route=\/wp\/v2\/posts\/1964","targetHints":{"allow":["GET"]}}],"collection":[{"href":"https:\/\/terrasdebasto.pt\/index.php?rest_route=\/wp\/v2\/posts"}],"about":[{"href":"https:\/\/terrasdebasto.pt\/index.php?rest_route=\/wp\/v2\/types\/post"}],"author":[{"embeddable":true,"href":"https:\/\/terrasdebasto.pt\/index.php?rest_route=\/wp\/v2\/users\/7"}],"replies":[{"embeddable":true,"href":"https:\/\/terrasdebasto.pt\/index.php?rest_route=%2Fwp%2Fv2%2Fcomments&post=1964"}],"version-history":[{"count":1,"href":"https:\/\/terrasdebasto.pt\/index.php?rest_route=\/wp\/v2\/posts\/1964\/revisions"}],"predecessor-version":[{"id":1966,"href":"https:\/\/terrasdebasto.pt\/index.php?rest_route=\/wp\/v2\/posts\/1964\/revisions\/1966"}],"wp:featuredmedia":[{"embeddable":true,"href":"https:\/\/terrasdebasto.pt\/index.php?rest_route=\/wp\/v2\/media\/1965"}],"wp:attachment":[{"href":"https:\/\/terrasdebasto.pt\/index.php?rest_route=%2Fwp%2Fv2%2Fmedia&parent=1964"}],"wp:term":[{"taxonomy":"category","embeddable":true,"href":"https:\/\/terrasdebasto.pt\/index.php?rest_route=%2Fwp%2Fv2%2Fcategories&post=1964"},{"taxonomy":"post_tag","embeddable":true,"href":"https:\/\/terrasdebasto.pt\/index.php?rest_route=%2Fwp%2Fv2%2Ftags&post=1964"}],"curies":[{"name":"wp","href":"https:\/\/api.w.org\/{rel}","templated":true}]}}