{"id":1960,"date":"2024-09-12T13:17:27","date_gmt":"2024-09-12T13:17:27","guid":{"rendered":"https:\/\/terrasdebasto.pt\/?p=1960"},"modified":"2024-09-12T13:17:27","modified_gmt":"2024-09-12T13:17:27","slug":"tres-perguntas-a-joana-costa","status":"publish","type":"post","link":"https:\/\/terrasdebasto.pt\/?p=1960","title":{"rendered":"Tr\u00eas perguntas a&#8230; Joana Costa"},"content":{"rendered":"\n<p><strong>Joana Costa \u00e9 psic\u00f3loga e escreveu \u201cA Pequena Bolota Que N\u00e3o Germinou\u201d, \u00abuma hist\u00f3ria de fins e recome\u00e7os, em que o amor e a verdadeira amizade sustentam a vida\u00bb. Apresenta-a a 20 de setembro (21h00) no Centro Cultural de Celorico de Basto.<\/strong><\/p>\n\n\n\n<p><strong>P. \u00abM\u00e3e de um beb\u00e9 que n\u00e3o nasceu\u00bb. Est\u00e1 exorcizado o facto?<\/strong><\/p>\n\n\n\n<p><strong>R<\/strong>. Neste momento, est\u00e1 pacificada esta viv\u00eancia, sabendo sempre que a perda de um beb\u00e9 dentro do ventre materno \u00e9 algo com que tem de se lidar toda a vida. O processo de luto \u00e9 cont\u00ednuo e vamos revisitando esse amor de diferentes formas ao longo do caminho.<\/p>\n\n\n\n<p><strong>P. A psic\u00f3loga ficou mais rica com \u00abum saber de experi\u00eancia feito\u00bb?<\/strong><\/p>\n\n\n\n<p><strong>R<\/strong>. Sem d\u00favida que sim! A viv\u00eancia pessoal agrega um outro tipo de saber. Transformamos o conhecimento em sabedoria atrav\u00e9s da experi\u00eancia, se esta for bem integrada em n\u00f3s! Se nos permitimos viver o processo como seres humanos que somos, de pele e osso, vivenciando a vulnerabilidade inerente \u00e0 experi\u00eancia humana e trilhando o nosso processo terap\u00eautico.<\/p>\n\n\n\n<p><strong>P. De Arruda dos Vinhos a Celorico de Basto \u00e9 longe\u2026<\/strong><\/p>\n\n\n\n<p><strong>R<\/strong>. Nasci em Arruda dos Vinhos, pois o meu pai era GNR e estava ali destacado. Como os meus pais s\u00e3o oriundos de Celorico de Basto sempre tiveram a pretens\u00e3o de regressar ao Norte, o que aconteceu quando eu tinha seis anos. Vivi em Fafe at\u00e9 \u00e0 idade adulta, contudo os fins de semana e f\u00e9rias eram passados em Ribas, terra dos meus av\u00f3s maternos, para onde fui viver depois de me formar.<\/p>\n","protected":false},"excerpt":{"rendered":"<p>Joana Costa \u00e9 psic\u00f3loga e escreveu \u201cA Pequena Bolota Que N\u00e3o Germinou\u201d, \u00abuma hist\u00f3ria de fins e recome\u00e7os, em que o amor e a verdadeira amizade sustentam a vida\u00bb. Apresenta-a a 20 de setembro (21h00) no Centro Cultural de Celorico de Basto. P. \u00abM\u00e3e de um beb\u00e9 que n\u00e3o nasceu\u00bb. Est\u00e1 exorcizado o facto? R. [&hellip;]<\/p>\n","protected":false},"author":7,"featured_media":1961,"comment_status":"open","ping_status":"open","sticky":false,"template":"","format":"standard","meta":{"footnotes":""},"categories":[27,9],"tags":[],"class_list":{"0":"post-1960","1":"post","2":"type-post","3":"status-publish","4":"format-standard","5":"has-post-thumbnail","7":"category-artigo-de-opiniao","8":"category-terras-de-basto"},"yoast_head":"<!-- This site is optimized with the Yoast SEO plugin v25.7 - https:\/\/yoast.com\/wordpress\/plugins\/seo\/ -->\n<title>Tr\u00eas perguntas a... Joana Costa - Jornal Terras de Basto<\/title>\n<meta name=\"description\" content=\"Joana Costa \u00e9 psic\u00f3loga e escreveu \u201cA Pequena Bolota Que N\u00e3o Germinou\u201d, \u00abuma hist\u00f3ria de fins e recome\u00e7os, em que o amor e a verdadeira amizade sustentam a vida\u00bb. Apresenta-a a 20 de setembro (21h00) no Centro Cultural de Celorico de Basto.\" \/>\n<meta name=\"robots\" content=\"index, follow, max-snippet:-1, max-image-preview:large, max-video-preview:-1\" \/>\n<link rel=\"canonical\" href=\"https:\/\/terrasdebasto.pt\/?p=1960\" \/>\n<meta property=\"og:locale\" content=\"pt_PT\" \/>\n<meta property=\"og:type\" content=\"article\" \/>\n<meta property=\"og:title\" content=\"Tr\u00eas perguntas a... Joana Costa - Jornal Terras de Basto\" \/>\n<meta property=\"og:description\" content=\"Joana Costa \u00e9 psic\u00f3loga e escreveu \u201cA Pequena Bolota Que N\u00e3o Germinou\u201d, \u00abuma hist\u00f3ria de fins e recome\u00e7os, em que o amor e a verdadeira amizade sustentam a vida\u00bb. Apresenta-a a 20 de setembro (21h00) no Centro Cultural de Celorico de Basto.\" \/>\n<meta property=\"og:url\" content=\"https:\/\/terrasdebasto.pt\/?p=1960\" \/>\n<meta property=\"og:site_name\" content=\"Jornal Terras de Basto\" \/>\n<meta property=\"article:published_time\" content=\"2024-09-12T13:17:27+00:00\" \/>\n<meta property=\"og:image\" content=\"https:\/\/terrasdebasto.pt\/wp-content\/uploads\/2024\/09\/Untitled-design-1.png\" \/>\n\t<meta property=\"og:image:width\" content=\"915\" \/>\n\t<meta property=\"og:image:height\" content=\"428\" \/>\n\t<meta property=\"og:image:type\" content=\"image\/png\" \/>\n<meta name=\"author\" content=\"Jo\u00e3o Paulo Mesquita\" \/>\n<meta name=\"twitter:card\" content=\"summary_large_image\" \/>\n<meta name=\"twitter:label1\" content=\"Escrito por\" \/>\n\t<meta name=\"twitter:data1\" content=\"Jo\u00e3o Paulo Mesquita\" \/>\n\t<meta name=\"twitter:label2\" content=\"Tempo estimado de leitura\" \/>\n\t<meta name=\"twitter:data2\" content=\"2 minutos\" \/>\n<script type=\"application\/ld+json\" class=\"yoast-schema-graph\">{\"@context\":\"https:\/\/schema.org\",\"@graph\":[{\"@type\":\"Article\",\"@id\":\"https:\/\/terrasdebasto.pt\/?p=1960#article\",\"isPartOf\":{\"@id\":\"https:\/\/terrasdebasto.pt\/?p=1960\"},\"author\":{\"name\":\"Jo\u00e3o Paulo Mesquita\",\"@id\":\"https:\/\/terrasdebasto.pt\/#\/schema\/person\/9f6739f5394ac65c802641773b278b84\"},\"headline\":\"Tr\u00eas perguntas a&#8230; Joana Costa\",\"datePublished\":\"2024-09-12T13:17:27+00:00\",\"mainEntityOfPage\":{\"@id\":\"https:\/\/terrasdebasto.pt\/?p=1960\"},\"wordCount\":275,\"commentCount\":0,\"publisher\":{\"@id\":\"https:\/\/terrasdebasto.pt\/#organization\"},\"image\":{\"@id\":\"https:\/\/terrasdebasto.pt\/?p=1960#primaryimage\"},\"thumbnailUrl\":\"https:\/\/terrasdebasto.pt\/wp-content\/uploads\/2024\/09\/Untitled-design-1.png\",\"articleSection\":[\"Artigo de opini\u00e3o\",\"Terras de Basto\"],\"inLanguage\":\"pt-PT\",\"potentialAction\":[{\"@type\":\"CommentAction\",\"name\":\"Comment\",\"target\":[\"https:\/\/terrasdebasto.pt\/?p=1960#respond\"]}]},{\"@type\":\"WebPage\",\"@id\":\"https:\/\/terrasdebasto.pt\/?p=1960\",\"url\":\"https:\/\/terrasdebasto.pt\/?p=1960\",\"name\":\"Tr\u00eas perguntas a... Joana Costa - Jornal Terras de Basto\",\"isPartOf\":{\"@id\":\"https:\/\/terrasdebasto.pt\/#website\"},\"primaryImageOfPage\":{\"@id\":\"https:\/\/terrasdebasto.pt\/?p=1960#primaryimage\"},\"image\":{\"@id\":\"https:\/\/terrasdebasto.pt\/?p=1960#primaryimage\"},\"thumbnailUrl\":\"https:\/\/terrasdebasto.pt\/wp-content\/uploads\/2024\/09\/Untitled-design-1.png\",\"datePublished\":\"2024-09-12T13:17:27+00:00\",\"description\":\"Joana Costa \u00e9 psic\u00f3loga e escreveu \u201cA Pequena Bolota Que N\u00e3o Germinou\u201d, \u00abuma hist\u00f3ria de fins e recome\u00e7os, em que o amor e a verdadeira amizade sustentam a vida\u00bb. Apresenta-a a 20 de setembro (21h00) no Centro Cultural de Celorico de Basto.\",\"breadcrumb\":{\"@id\":\"https:\/\/terrasdebasto.pt\/?p=1960#breadcrumb\"},\"inLanguage\":\"pt-PT\",\"potentialAction\":[{\"@type\":\"ReadAction\",\"target\":[\"https:\/\/terrasdebasto.pt\/?p=1960\"]}]},{\"@type\":\"ImageObject\",\"inLanguage\":\"pt-PT\",\"@id\":\"https:\/\/terrasdebasto.pt\/?p=1960#primaryimage\",\"url\":\"https:\/\/terrasdebasto.pt\/wp-content\/uploads\/2024\/09\/Untitled-design-1.png\",\"contentUrl\":\"https:\/\/terrasdebasto.pt\/wp-content\/uploads\/2024\/09\/Untitled-design-1.png\",\"width\":915,\"height\":428},{\"@type\":\"BreadcrumbList\",\"@id\":\"https:\/\/terrasdebasto.pt\/?p=1960#breadcrumb\",\"itemListElement\":[{\"@type\":\"ListItem\",\"position\":1,\"name\":\"In\u00edcio\",\"item\":\"https:\/\/terrasdebasto.pt\/\"},{\"@type\":\"ListItem\",\"position\":2,\"name\":\"Tr\u00eas perguntas a&#8230; Joana Costa\"}]},{\"@type\":\"WebSite\",\"@id\":\"https:\/\/terrasdebasto.pt\/#website\",\"url\":\"https:\/\/terrasdebasto.pt\/\",\"name\":\"Jornal Terras de Basto\",\"description\":\"\",\"publisher\":{\"@id\":\"https:\/\/terrasdebasto.pt\/#organization\"},\"potentialAction\":[{\"@type\":\"SearchAction\",\"target\":{\"@type\":\"EntryPoint\",\"urlTemplate\":\"https:\/\/terrasdebasto.pt\/?s={search_term_string}\"},\"query-input\":{\"@type\":\"PropertyValueSpecification\",\"valueRequired\":true,\"valueName\":\"search_term_string\"}}],\"inLanguage\":\"pt-PT\"},{\"@type\":\"Organization\",\"@id\":\"https:\/\/terrasdebasto.pt\/#organization\",\"name\":\"Jornal Terras de Basto\",\"url\":\"https:\/\/terrasdebasto.pt\/\",\"logo\":{\"@type\":\"ImageObject\",\"inLanguage\":\"pt-PT\",\"@id\":\"https:\/\/terrasdebasto.pt\/#\/schema\/logo\/image\/\",\"url\":\"https:\/\/terrasdebasto.pt\/wp-content\/uploads\/2024\/06\/LogoNormal.png\",\"contentUrl\":\"https:\/\/terrasdebasto.pt\/wp-content\/uploads\/2024\/06\/LogoNormal.png\",\"width\":5638,\"height\":809,\"caption\":\"Jornal Terras de Basto\"},\"image\":{\"@id\":\"https:\/\/terrasdebasto.pt\/#\/schema\/logo\/image\/\"}},{\"@type\":\"Person\",\"@id\":\"https:\/\/terrasdebasto.pt\/#\/schema\/person\/9f6739f5394ac65c802641773b278b84\",\"name\":\"Jo\u00e3o Paulo Mesquita\",\"image\":{\"@type\":\"ImageObject\",\"inLanguage\":\"pt-PT\",\"@id\":\"https:\/\/terrasdebasto.pt\/#\/schema\/person\/image\/\",\"url\":\"https:\/\/secure.gravatar.com\/avatar\/9bd0f299e6d96336664aab64354168246a3ee3287c47891c50d450e47ed9d7f9?s=96&d=mm&r=g\",\"contentUrl\":\"https:\/\/secure.gravatar.com\/avatar\/9bd0f299e6d96336664aab64354168246a3ee3287c47891c50d450e47ed9d7f9?s=96&d=mm&r=g\",\"caption\":\"Jo\u00e3o Paulo Mesquita\"},\"url\":\"https:\/\/terrasdebasto.pt\/?author=7\"}]}<\/script>\n<!-- \/ Yoast SEO plugin. -->","yoast_head_json":{"title":"Tr\u00eas perguntas a... Joana Costa - Jornal Terras de Basto","description":"Joana Costa \u00e9 psic\u00f3loga e escreveu \u201cA Pequena Bolota Que N\u00e3o Germinou\u201d, \u00abuma hist\u00f3ria de fins e recome\u00e7os, em que o amor e a verdadeira amizade sustentam a vida\u00bb. Apresenta-a a 20 de setembro (21h00) no Centro Cultural de Celorico de Basto.","robots":{"index":"index","follow":"follow","max-snippet":"max-snippet:-1","max-image-preview":"max-image-preview:large","max-video-preview":"max-video-preview:-1"},"canonical":"https:\/\/terrasdebasto.pt\/?p=1960","og_locale":"pt_PT","og_type":"article","og_title":"Tr\u00eas perguntas a... Joana Costa - Jornal Terras de Basto","og_description":"Joana Costa \u00e9 psic\u00f3loga e escreveu \u201cA Pequena Bolota Que N\u00e3o Germinou\u201d, \u00abuma hist\u00f3ria de fins e recome\u00e7os, em que o amor e a verdadeira amizade sustentam a vida\u00bb. Apresenta-a a 20 de setembro (21h00) no Centro Cultural de Celorico de Basto.","og_url":"https:\/\/terrasdebasto.pt\/?p=1960","og_site_name":"Jornal Terras de Basto","article_published_time":"2024-09-12T13:17:27+00:00","og_image":[{"width":915,"height":428,"url":"https:\/\/terrasdebasto.pt\/wp-content\/uploads\/2024\/09\/Untitled-design-1.png","type":"image\/png"}],"author":"Jo\u00e3o Paulo Mesquita","twitter_card":"summary_large_image","twitter_misc":{"Escrito por":"Jo\u00e3o Paulo Mesquita","Tempo estimado de leitura":"2 minutos"},"schema":{"@context":"https:\/\/schema.org","@graph":[{"@type":"Article","@id":"https:\/\/terrasdebasto.pt\/?p=1960#article","isPartOf":{"@id":"https:\/\/terrasdebasto.pt\/?p=1960"},"author":{"name":"Jo\u00e3o Paulo Mesquita","@id":"https:\/\/terrasdebasto.pt\/#\/schema\/person\/9f6739f5394ac65c802641773b278b84"},"headline":"Tr\u00eas perguntas a&#8230; Joana Costa","datePublished":"2024-09-12T13:17:27+00:00","mainEntityOfPage":{"@id":"https:\/\/terrasdebasto.pt\/?p=1960"},"wordCount":275,"commentCount":0,"publisher":{"@id":"https:\/\/terrasdebasto.pt\/#organization"},"image":{"@id":"https:\/\/terrasdebasto.pt\/?p=1960#primaryimage"},"thumbnailUrl":"https:\/\/terrasdebasto.pt\/wp-content\/uploads\/2024\/09\/Untitled-design-1.png","articleSection":["Artigo de opini\u00e3o","Terras de Basto"],"inLanguage":"pt-PT","potentialAction":[{"@type":"CommentAction","name":"Comment","target":["https:\/\/terrasdebasto.pt\/?p=1960#respond"]}]},{"@type":"WebPage","@id":"https:\/\/terrasdebasto.pt\/?p=1960","url":"https:\/\/terrasdebasto.pt\/?p=1960","name":"Tr\u00eas perguntas a... Joana Costa - Jornal Terras de Basto","isPartOf":{"@id":"https:\/\/terrasdebasto.pt\/#website"},"primaryImageOfPage":{"@id":"https:\/\/terrasdebasto.pt\/?p=1960#primaryimage"},"image":{"@id":"https:\/\/terrasdebasto.pt\/?p=1960#primaryimage"},"thumbnailUrl":"https:\/\/terrasdebasto.pt\/wp-content\/uploads\/2024\/09\/Untitled-design-1.png","datePublished":"2024-09-12T13:17:27+00:00","description":"Joana Costa \u00e9 psic\u00f3loga e escreveu \u201cA Pequena Bolota Que N\u00e3o Germinou\u201d, \u00abuma hist\u00f3ria de fins e recome\u00e7os, em que o amor e a verdadeira amizade sustentam a vida\u00bb. Apresenta-a a 20 de setembro (21h00) no Centro Cultural de Celorico de Basto.","breadcrumb":{"@id":"https:\/\/terrasdebasto.pt\/?p=1960#breadcrumb"},"inLanguage":"pt-PT","potentialAction":[{"@type":"ReadAction","target":["https:\/\/terrasdebasto.pt\/?p=1960"]}]},{"@type":"ImageObject","inLanguage":"pt-PT","@id":"https:\/\/terrasdebasto.pt\/?p=1960#primaryimage","url":"https:\/\/terrasdebasto.pt\/wp-content\/uploads\/2024\/09\/Untitled-design-1.png","contentUrl":"https:\/\/terrasdebasto.pt\/wp-content\/uploads\/2024\/09\/Untitled-design-1.png","width":915,"height":428},{"@type":"BreadcrumbList","@id":"https:\/\/terrasdebasto.pt\/?p=1960#breadcrumb","itemListElement":[{"@type":"ListItem","position":1,"name":"In\u00edcio","item":"https:\/\/terrasdebasto.pt\/"},{"@type":"ListItem","position":2,"name":"Tr\u00eas perguntas a&#8230; Joana Costa"}]},{"@type":"WebSite","@id":"https:\/\/terrasdebasto.pt\/#website","url":"https:\/\/terrasdebasto.pt\/","name":"Jornal Terras de Basto","description":"","publisher":{"@id":"https:\/\/terrasdebasto.pt\/#organization"},"potentialAction":[{"@type":"SearchAction","target":{"@type":"EntryPoint","urlTemplate":"https:\/\/terrasdebasto.pt\/?s={search_term_string}"},"query-input":{"@type":"PropertyValueSpecification","valueRequired":true,"valueName":"search_term_string"}}],"inLanguage":"pt-PT"},{"@type":"Organization","@id":"https:\/\/terrasdebasto.pt\/#organization","name":"Jornal Terras de Basto","url":"https:\/\/terrasdebasto.pt\/","logo":{"@type":"ImageObject","inLanguage":"pt-PT","@id":"https:\/\/terrasdebasto.pt\/#\/schema\/logo\/image\/","url":"https:\/\/terrasdebasto.pt\/wp-content\/uploads\/2024\/06\/LogoNormal.png","contentUrl":"https:\/\/terrasdebasto.pt\/wp-content\/uploads\/2024\/06\/LogoNormal.png","width":5638,"height":809,"caption":"Jornal Terras de Basto"},"image":{"@id":"https:\/\/terrasdebasto.pt\/#\/schema\/logo\/image\/"}},{"@type":"Person","@id":"https:\/\/terrasdebasto.pt\/#\/schema\/person\/9f6739f5394ac65c802641773b278b84","name":"Jo\u00e3o Paulo Mesquita","image":{"@type":"ImageObject","inLanguage":"pt-PT","@id":"https:\/\/terrasdebasto.pt\/#\/schema\/person\/image\/","url":"https:\/\/secure.gravatar.com\/avatar\/9bd0f299e6d96336664aab64354168246a3ee3287c47891c50d450e47ed9d7f9?s=96&d=mm&r=g","contentUrl":"https:\/\/secure.gravatar.com\/avatar\/9bd0f299e6d96336664aab64354168246a3ee3287c47891c50d450e47ed9d7f9?s=96&d=mm&r=g","caption":"Jo\u00e3o Paulo Mesquita"},"url":"https:\/\/terrasdebasto.pt\/?author=7"}]}},"_links":{"self":[{"href":"https:\/\/terrasdebasto.pt\/index.php?rest_route=\/wp\/v2\/posts\/1960","targetHints":{"allow":["GET"]}}],"collection":[{"href":"https:\/\/terrasdebasto.pt\/index.php?rest_route=\/wp\/v2\/posts"}],"about":[{"href":"https:\/\/terrasdebasto.pt\/index.php?rest_route=\/wp\/v2\/types\/post"}],"author":[{"embeddable":true,"href":"https:\/\/terrasdebasto.pt\/index.php?rest_route=\/wp\/v2\/users\/7"}],"replies":[{"embeddable":true,"href":"https:\/\/terrasdebasto.pt\/index.php?rest_route=%2Fwp%2Fv2%2Fcomments&post=1960"}],"version-history":[{"count":1,"href":"https:\/\/terrasdebasto.pt\/index.php?rest_route=\/wp\/v2\/posts\/1960\/revisions"}],"predecessor-version":[{"id":1962,"href":"https:\/\/terrasdebasto.pt\/index.php?rest_route=\/wp\/v2\/posts\/1960\/revisions\/1962"}],"wp:featuredmedia":[{"embeddable":true,"href":"https:\/\/terrasdebasto.pt\/index.php?rest_route=\/wp\/v2\/media\/1961"}],"wp:attachment":[{"href":"https:\/\/terrasdebasto.pt\/index.php?rest_route=%2Fwp%2Fv2%2Fmedia&parent=1960"}],"wp:term":[{"taxonomy":"category","embeddable":true,"href":"https:\/\/terrasdebasto.pt\/index.php?rest_route=%2Fwp%2Fv2%2Fcategories&post=1960"},{"taxonomy":"post_tag","embeddable":true,"href":"https:\/\/terrasdebasto.pt\/index.php?rest_route=%2Fwp%2Fv2%2Ftags&post=1960"}],"curies":[{"name":"wp","href":"https:\/\/api.w.org\/{rel}","templated":true}]}}