{"id":1933,"date":"2024-09-11T19:54:35","date_gmt":"2024-09-11T19:54:35","guid":{"rendered":"https:\/\/terrasdebasto.pt\/?p=1933"},"modified":"2024-09-11T19:54:36","modified_gmt":"2024-09-11T19:54:36","slug":"novo-tratamento-do-nodulo-tiroideo","status":"publish","type":"post","link":"https:\/\/terrasdebasto.pt\/?p=1933","title":{"rendered":"Novo tratamento do n\u00f3dulo tir\u00f3ideo"},"content":{"rendered":"\n<p><strong>A Unidade Local de Sa\u00fade do Alto Ave, em que se integram os servi\u00e7os de sa\u00fade de Cabeceiras de Basto e Celorico de Basto, vai disponibilizar a partir dos pr\u00f3ximos dias uma nova t\u00e9cnica de tratamento ao designado n\u00f3dulo tir\u00f3ideo, anunciou ao Terras de Basto fonte autorizada.<\/strong><\/p>\n\n\n\n<p>A patologia nodular da tir\u00f3ide \u00e9 extremamente frequente na popula\u00e7\u00e3o mundial, estimando-se que se encontre presente em cerca de 50% da popula\u00e7\u00e3o, sendo mais prevalente na popula\u00e7\u00e3o do sexo feminino. A avalia\u00e7\u00e3o ecogr\u00e1fica dos n\u00f3dulos determina os que t\u00eam indica\u00e7\u00e3o para realiza\u00e7\u00e3o de bi\u00f3psia.<\/p>\n\n\n\n<p>A interven\u00e7\u00e3o ser\u00e1 desenvolvida pela equipa de Radiologia de Interven\u00e7\u00e3o, em colabora\u00e7\u00e3o com o Servi\u00e7o de Cirurgia (equipa cabe\u00e7a e pesco\u00e7o), o que faz da ULS do Alto Ave uma das pioneiras no Servi\u00e7o Nacional de Sa\u00fade a realizar esta t\u00e9cnica.<\/p>\n\n\n\n<p>De acordo com os dados dispon\u00edveis, aproximadamente 10% dos n\u00f3dulos tir\u00f3ideos s\u00e3o malignos, sendo assim a larga maioria de etiologia benigna, n\u00e3o causando sintomas. Existe, no entanto, um n\u00famero n\u00e3o desprez\u00edvel de n\u00f3dulos que crescem de tal forma que causam sintomas, sejam compressivos (sobretudo dificuldade em engolir, sensa\u00e7\u00e3o de corpo estranho ou rouquid\u00e3o) ou est\u00e9ticos (\u201cpapo no pesco\u00e7o\u201d).<\/p>\n\n\n\n<p>No caso de n\u00f3dulos benignos sintom\u00e1ticos, o tratamento convencional \u00e9 a cirurgia (tirodectomia total ou hemitiroidectomia). Estes procedimentos n\u00e3o s\u00e3o isentos de complica\u00e7\u00f5es, deixam cicatriz e em grande parte dos casos exigem que o doente passe a tomar medica\u00e7\u00e3o para substituir afun\u00e7\u00e3o tiroideia.<\/p>\n\n\n\n<p>Recentemente, foi desenvolvida a referida t\u00e9cnica, minimamente invasiva, que permite tratar estes n\u00f3dulos. \u00abDe um modo muito sucinto, \u00e9 colocado atrav\u00e9s da pele, sob controlo ecogr\u00e1fico, uma antena de termoabla\u00e7\u00e3o (\u201cagulha especial\u201d), que ir\u00e1 tratar a les\u00e3o recorrendo a m\u00e9todos t\u00e9rmicos (\u201cqueimar\u201d a les\u00e3o), condicionado ao longo do tempo, significativa redu\u00e7\u00e3o do seu volume\u00bb, explica a fonte, sublinhando que, tecnicamente, o procedimento \u00ab\u00e9 muito semelhante \u00e0 realiza\u00e7\u00e3o de uma bi\u00f3psia da tir\u00f3ide\u00bb.<\/p>\n\n\n\n<p>Como principais vantagens desta t\u00e9cnica, destaca-se que n\u00e3o deixa cicatriz, preserva a fun\u00e7\u00e3o tiroidea, n\u00e3o necessita de internamento e apresenta uma reduzida taxa de complica\u00e7\u00f5es. \u00ab\u00c9 um procedimento realizado em ambulat\u00f3rio, que demora cerca de 30 minutos. N\u00e3o necessita de anestesia geral, mas \u00e9 fornecida medica\u00e7\u00e3o, de modo a que seja praticamente indolor. Cerca de uma hora ap\u00f3s o procedimento, o doente pode ter alta para o domic\u00edlio, sem qualquer restri\u00e7\u00e3o, podendo voltar \u00e0 vida ativa imediatamente ap\u00f3s esse per\u00edodo\u00bb, explica.<\/p>\n\n\n\n<p>De acordo com a fonte da ULS do Alto Ave, os casos indicados para este tratamento s\u00e3o aqueles em que os doentes possuem um n\u00f3dulo benigno \u00fanico ou dominante que cause sintomas est\u00e9ticos (n\u00f3dulo vis\u00edvel ou palp\u00e1vel externamente) ou sintomas compressivos (disfagia, disfonia ou sensa\u00e7\u00e3o de corpo estranho). \u00abPoder\u00e1 tamb\u00e9m ser realizado em casos de n\u00f3dulo benigno comprovadamente em crescimento progressivo para evic\u00e7\u00e3o de futuros sintomas\u00bb, acrescenta. [Reda\u00e7\u00e3o].<\/p>\n","protected":false},"excerpt":{"rendered":"<p>A Unidade Local de Sa\u00fade do Alto Ave, em que se integram os servi\u00e7os de sa\u00fade de Cabeceiras de Basto e Celorico de Basto, vai disponibilizar a partir dos pr\u00f3ximos dias uma nova t\u00e9cnica de tratamento ao designado n\u00f3dulo tir\u00f3ideo, anunciou ao Terras de Basto fonte autorizada. A patologia nodular da tir\u00f3ide \u00e9 extremamente frequente [&hellip;]<\/p>\n","protected":false},"author":7,"featured_media":1934,"comment_status":"open","ping_status":"open","sticky":false,"template":"","format":"standard","meta":{"footnotes":""},"categories":[12,13,10],"tags":[414,185,415],"class_list":{"0":"post-1933","1":"post","2":"type-post","3":"status-publish","4":"format-standard","5":"has-post-thumbnail","7":"category-cabeceiras-de-basto","8":"category-celorico-de-basto","9":"category-saude","10":"tag-nodulo-tiroideo","11":"tag-saude","12":"tag-ulsave"},"yoast_head":"<!-- This site is optimized with the Yoast SEO plugin v25.7 - https:\/\/yoast.com\/wordpress\/plugins\/seo\/ -->\n<title>Novo tratamento do n\u00f3dulo tir\u00f3ideo - Jornal Terras de Basto<\/title>\n<meta name=\"description\" content=\"A Unidade Local de Sa\u00fade do Alto Ave, em que se integram os servi\u00e7os de sa\u00fade de Cabeceiras de Basto e Celorico de Basto, vai disponibilizar a partir dos pr\u00f3ximos dias uma nova t\u00e9cnica de tratamento ao designado n\u00f3dulo tir\u00f3ideo, anunciou ao Terras de Basto fonte autorizada.\" \/>\n<meta name=\"robots\" content=\"index, follow, max-snippet:-1, max-image-preview:large, max-video-preview:-1\" \/>\n<link rel=\"canonical\" href=\"https:\/\/terrasdebasto.pt\/?p=1933\" \/>\n<meta property=\"og:locale\" content=\"pt_PT\" \/>\n<meta property=\"og:type\" content=\"article\" \/>\n<meta property=\"og:title\" content=\"Novo tratamento do n\u00f3dulo tir\u00f3ideo - Jornal Terras de Basto\" \/>\n<meta property=\"og:description\" content=\"A Unidade Local de Sa\u00fade do Alto Ave, em que se integram os servi\u00e7os de sa\u00fade de Cabeceiras de Basto e Celorico de Basto, vai disponibilizar a partir dos pr\u00f3ximos dias uma nova t\u00e9cnica de tratamento ao designado n\u00f3dulo tir\u00f3ideo, anunciou ao Terras de Basto fonte autorizada.\" \/>\n<meta property=\"og:url\" content=\"https:\/\/terrasdebasto.pt\/?p=1933\" \/>\n<meta property=\"og:site_name\" content=\"Jornal Terras de Basto\" \/>\n<meta property=\"article:published_time\" content=\"2024-09-11T19:54:35+00:00\" \/>\n<meta property=\"article:modified_time\" content=\"2024-09-11T19:54:36+00:00\" \/>\n<meta property=\"og:image\" content=\"https:\/\/terrasdebasto.pt\/wp-content\/uploads\/2024\/09\/nodulo-na-tireoide-1170x740-1.jpg\" \/>\n\t<meta property=\"og:image:width\" content=\"1170\" \/>\n\t<meta property=\"og:image:height\" content=\"740\" \/>\n\t<meta property=\"og:image:type\" content=\"image\/jpeg\" \/>\n<meta name=\"author\" content=\"Jo\u00e3o Paulo Mesquita\" \/>\n<meta name=\"twitter:card\" content=\"summary_large_image\" \/>\n<meta name=\"twitter:label1\" content=\"Escrito por\" \/>\n\t<meta name=\"twitter:data1\" content=\"Jo\u00e3o Paulo Mesquita\" \/>\n\t<meta name=\"twitter:label2\" content=\"Tempo estimado de leitura\" \/>\n\t<meta name=\"twitter:data2\" content=\"3 minutos\" \/>\n<script type=\"application\/ld+json\" class=\"yoast-schema-graph\">{\"@context\":\"https:\/\/schema.org\",\"@graph\":[{\"@type\":\"Article\",\"@id\":\"https:\/\/terrasdebasto.pt\/?p=1933#article\",\"isPartOf\":{\"@id\":\"https:\/\/terrasdebasto.pt\/?p=1933\"},\"author\":{\"name\":\"Jo\u00e3o Paulo Mesquita\",\"@id\":\"https:\/\/terrasdebasto.pt\/#\/schema\/person\/9f6739f5394ac65c802641773b278b84\"},\"headline\":\"Novo tratamento do n\u00f3dulo tir\u00f3ideo\",\"datePublished\":\"2024-09-11T19:54:35+00:00\",\"dateModified\":\"2024-09-11T19:54:36+00:00\",\"mainEntityOfPage\":{\"@id\":\"https:\/\/terrasdebasto.pt\/?p=1933\"},\"wordCount\":534,\"commentCount\":0,\"publisher\":{\"@id\":\"https:\/\/terrasdebasto.pt\/#organization\"},\"image\":{\"@id\":\"https:\/\/terrasdebasto.pt\/?p=1933#primaryimage\"},\"thumbnailUrl\":\"https:\/\/terrasdebasto.pt\/wp-content\/uploads\/2024\/09\/nodulo-na-tireoide-1170x740-1.jpg\",\"keywords\":[\"N\u00f3dulo Tir\u00f3ideo\",\"Sa\u00fade\",\"ULSAve\"],\"articleSection\":[\"Cabeceiras de Basto\",\"Celorico de Basto\",\"Sa\u00fade\"],\"inLanguage\":\"pt-PT\",\"potentialAction\":[{\"@type\":\"CommentAction\",\"name\":\"Comment\",\"target\":[\"https:\/\/terrasdebasto.pt\/?p=1933#respond\"]}]},{\"@type\":\"WebPage\",\"@id\":\"https:\/\/terrasdebasto.pt\/?p=1933\",\"url\":\"https:\/\/terrasdebasto.pt\/?p=1933\",\"name\":\"Novo tratamento do n\u00f3dulo tir\u00f3ideo - Jornal Terras de Basto\",\"isPartOf\":{\"@id\":\"https:\/\/terrasdebasto.pt\/#website\"},\"primaryImageOfPage\":{\"@id\":\"https:\/\/terrasdebasto.pt\/?p=1933#primaryimage\"},\"image\":{\"@id\":\"https:\/\/terrasdebasto.pt\/?p=1933#primaryimage\"},\"thumbnailUrl\":\"https:\/\/terrasdebasto.pt\/wp-content\/uploads\/2024\/09\/nodulo-na-tireoide-1170x740-1.jpg\",\"datePublished\":\"2024-09-11T19:54:35+00:00\",\"dateModified\":\"2024-09-11T19:54:36+00:00\",\"description\":\"A Unidade Local de Sa\u00fade do Alto Ave, em que se integram os servi\u00e7os de sa\u00fade de Cabeceiras de Basto e Celorico de Basto, vai disponibilizar a partir dos pr\u00f3ximos dias uma nova t\u00e9cnica de tratamento ao designado n\u00f3dulo tir\u00f3ideo, anunciou ao Terras de Basto fonte autorizada.\",\"breadcrumb\":{\"@id\":\"https:\/\/terrasdebasto.pt\/?p=1933#breadcrumb\"},\"inLanguage\":\"pt-PT\",\"potentialAction\":[{\"@type\":\"ReadAction\",\"target\":[\"https:\/\/terrasdebasto.pt\/?p=1933\"]}]},{\"@type\":\"ImageObject\",\"inLanguage\":\"pt-PT\",\"@id\":\"https:\/\/terrasdebasto.pt\/?p=1933#primaryimage\",\"url\":\"https:\/\/terrasdebasto.pt\/wp-content\/uploads\/2024\/09\/nodulo-na-tireoide-1170x740-1.jpg\",\"contentUrl\":\"https:\/\/terrasdebasto.pt\/wp-content\/uploads\/2024\/09\/nodulo-na-tireoide-1170x740-1.jpg\",\"width\":1170,\"height\":740},{\"@type\":\"BreadcrumbList\",\"@id\":\"https:\/\/terrasdebasto.pt\/?p=1933#breadcrumb\",\"itemListElement\":[{\"@type\":\"ListItem\",\"position\":1,\"name\":\"In\u00edcio\",\"item\":\"https:\/\/terrasdebasto.pt\/\"},{\"@type\":\"ListItem\",\"position\":2,\"name\":\"Novo tratamento do n\u00f3dulo tir\u00f3ideo\"}]},{\"@type\":\"WebSite\",\"@id\":\"https:\/\/terrasdebasto.pt\/#website\",\"url\":\"https:\/\/terrasdebasto.pt\/\",\"name\":\"Jornal Terras de Basto\",\"description\":\"\",\"publisher\":{\"@id\":\"https:\/\/terrasdebasto.pt\/#organization\"},\"potentialAction\":[{\"@type\":\"SearchAction\",\"target\":{\"@type\":\"EntryPoint\",\"urlTemplate\":\"https:\/\/terrasdebasto.pt\/?s={search_term_string}\"},\"query-input\":{\"@type\":\"PropertyValueSpecification\",\"valueRequired\":true,\"valueName\":\"search_term_string\"}}],\"inLanguage\":\"pt-PT\"},{\"@type\":\"Organization\",\"@id\":\"https:\/\/terrasdebasto.pt\/#organization\",\"name\":\"Jornal Terras de Basto\",\"url\":\"https:\/\/terrasdebasto.pt\/\",\"logo\":{\"@type\":\"ImageObject\",\"inLanguage\":\"pt-PT\",\"@id\":\"https:\/\/terrasdebasto.pt\/#\/schema\/logo\/image\/\",\"url\":\"https:\/\/terrasdebasto.pt\/wp-content\/uploads\/2024\/06\/LogoNormal.png\",\"contentUrl\":\"https:\/\/terrasdebasto.pt\/wp-content\/uploads\/2024\/06\/LogoNormal.png\",\"width\":5638,\"height\":809,\"caption\":\"Jornal Terras de Basto\"},\"image\":{\"@id\":\"https:\/\/terrasdebasto.pt\/#\/schema\/logo\/image\/\"}},{\"@type\":\"Person\",\"@id\":\"https:\/\/terrasdebasto.pt\/#\/schema\/person\/9f6739f5394ac65c802641773b278b84\",\"name\":\"Jo\u00e3o Paulo Mesquita\",\"image\":{\"@type\":\"ImageObject\",\"inLanguage\":\"pt-PT\",\"@id\":\"https:\/\/terrasdebasto.pt\/#\/schema\/person\/image\/\",\"url\":\"https:\/\/secure.gravatar.com\/avatar\/9bd0f299e6d96336664aab64354168246a3ee3287c47891c50d450e47ed9d7f9?s=96&d=mm&r=g\",\"contentUrl\":\"https:\/\/secure.gravatar.com\/avatar\/9bd0f299e6d96336664aab64354168246a3ee3287c47891c50d450e47ed9d7f9?s=96&d=mm&r=g\",\"caption\":\"Jo\u00e3o Paulo Mesquita\"},\"url\":\"https:\/\/terrasdebasto.pt\/?author=7\"}]}<\/script>\n<!-- \/ Yoast SEO plugin. -->","yoast_head_json":{"title":"Novo tratamento do n\u00f3dulo tir\u00f3ideo - Jornal Terras de Basto","description":"A Unidade Local de Sa\u00fade do Alto Ave, em que se integram os servi\u00e7os de sa\u00fade de Cabeceiras de Basto e Celorico de Basto, vai disponibilizar a partir dos pr\u00f3ximos dias uma nova t\u00e9cnica de tratamento ao designado n\u00f3dulo tir\u00f3ideo, anunciou ao Terras de Basto fonte autorizada.","robots":{"index":"index","follow":"follow","max-snippet":"max-snippet:-1","max-image-preview":"max-image-preview:large","max-video-preview":"max-video-preview:-1"},"canonical":"https:\/\/terrasdebasto.pt\/?p=1933","og_locale":"pt_PT","og_type":"article","og_title":"Novo tratamento do n\u00f3dulo tir\u00f3ideo - Jornal Terras de Basto","og_description":"A Unidade Local de Sa\u00fade do Alto Ave, em que se integram os servi\u00e7os de sa\u00fade de Cabeceiras de Basto e Celorico de Basto, vai disponibilizar a partir dos pr\u00f3ximos dias uma nova t\u00e9cnica de tratamento ao designado n\u00f3dulo tir\u00f3ideo, anunciou ao Terras de Basto fonte autorizada.","og_url":"https:\/\/terrasdebasto.pt\/?p=1933","og_site_name":"Jornal Terras de Basto","article_published_time":"2024-09-11T19:54:35+00:00","article_modified_time":"2024-09-11T19:54:36+00:00","og_image":[{"width":1170,"height":740,"url":"https:\/\/terrasdebasto.pt\/wp-content\/uploads\/2024\/09\/nodulo-na-tireoide-1170x740-1.jpg","type":"image\/jpeg"}],"author":"Jo\u00e3o Paulo Mesquita","twitter_card":"summary_large_image","twitter_misc":{"Escrito por":"Jo\u00e3o Paulo Mesquita","Tempo estimado de leitura":"3 minutos"},"schema":{"@context":"https:\/\/schema.org","@graph":[{"@type":"Article","@id":"https:\/\/terrasdebasto.pt\/?p=1933#article","isPartOf":{"@id":"https:\/\/terrasdebasto.pt\/?p=1933"},"author":{"name":"Jo\u00e3o Paulo Mesquita","@id":"https:\/\/terrasdebasto.pt\/#\/schema\/person\/9f6739f5394ac65c802641773b278b84"},"headline":"Novo tratamento do n\u00f3dulo tir\u00f3ideo","datePublished":"2024-09-11T19:54:35+00:00","dateModified":"2024-09-11T19:54:36+00:00","mainEntityOfPage":{"@id":"https:\/\/terrasdebasto.pt\/?p=1933"},"wordCount":534,"commentCount":0,"publisher":{"@id":"https:\/\/terrasdebasto.pt\/#organization"},"image":{"@id":"https:\/\/terrasdebasto.pt\/?p=1933#primaryimage"},"thumbnailUrl":"https:\/\/terrasdebasto.pt\/wp-content\/uploads\/2024\/09\/nodulo-na-tireoide-1170x740-1.jpg","keywords":["N\u00f3dulo Tir\u00f3ideo","Sa\u00fade","ULSAve"],"articleSection":["Cabeceiras de Basto","Celorico de Basto","Sa\u00fade"],"inLanguage":"pt-PT","potentialAction":[{"@type":"CommentAction","name":"Comment","target":["https:\/\/terrasdebasto.pt\/?p=1933#respond"]}]},{"@type":"WebPage","@id":"https:\/\/terrasdebasto.pt\/?p=1933","url":"https:\/\/terrasdebasto.pt\/?p=1933","name":"Novo tratamento do n\u00f3dulo tir\u00f3ideo - Jornal Terras de Basto","isPartOf":{"@id":"https:\/\/terrasdebasto.pt\/#website"},"primaryImageOfPage":{"@id":"https:\/\/terrasdebasto.pt\/?p=1933#primaryimage"},"image":{"@id":"https:\/\/terrasdebasto.pt\/?p=1933#primaryimage"},"thumbnailUrl":"https:\/\/terrasdebasto.pt\/wp-content\/uploads\/2024\/09\/nodulo-na-tireoide-1170x740-1.jpg","datePublished":"2024-09-11T19:54:35+00:00","dateModified":"2024-09-11T19:54:36+00:00","description":"A Unidade Local de Sa\u00fade do Alto Ave, em que se integram os servi\u00e7os de sa\u00fade de Cabeceiras de Basto e Celorico de Basto, vai disponibilizar a partir dos pr\u00f3ximos dias uma nova t\u00e9cnica de tratamento ao designado n\u00f3dulo tir\u00f3ideo, anunciou ao Terras de Basto fonte autorizada.","breadcrumb":{"@id":"https:\/\/terrasdebasto.pt\/?p=1933#breadcrumb"},"inLanguage":"pt-PT","potentialAction":[{"@type":"ReadAction","target":["https:\/\/terrasdebasto.pt\/?p=1933"]}]},{"@type":"ImageObject","inLanguage":"pt-PT","@id":"https:\/\/terrasdebasto.pt\/?p=1933#primaryimage","url":"https:\/\/terrasdebasto.pt\/wp-content\/uploads\/2024\/09\/nodulo-na-tireoide-1170x740-1.jpg","contentUrl":"https:\/\/terrasdebasto.pt\/wp-content\/uploads\/2024\/09\/nodulo-na-tireoide-1170x740-1.jpg","width":1170,"height":740},{"@type":"BreadcrumbList","@id":"https:\/\/terrasdebasto.pt\/?p=1933#breadcrumb","itemListElement":[{"@type":"ListItem","position":1,"name":"In\u00edcio","item":"https:\/\/terrasdebasto.pt\/"},{"@type":"ListItem","position":2,"name":"Novo tratamento do n\u00f3dulo tir\u00f3ideo"}]},{"@type":"WebSite","@id":"https:\/\/terrasdebasto.pt\/#website","url":"https:\/\/terrasdebasto.pt\/","name":"Jornal Terras de Basto","description":"","publisher":{"@id":"https:\/\/terrasdebasto.pt\/#organization"},"potentialAction":[{"@type":"SearchAction","target":{"@type":"EntryPoint","urlTemplate":"https:\/\/terrasdebasto.pt\/?s={search_term_string}"},"query-input":{"@type":"PropertyValueSpecification","valueRequired":true,"valueName":"search_term_string"}}],"inLanguage":"pt-PT"},{"@type":"Organization","@id":"https:\/\/terrasdebasto.pt\/#organization","name":"Jornal Terras de Basto","url":"https:\/\/terrasdebasto.pt\/","logo":{"@type":"ImageObject","inLanguage":"pt-PT","@id":"https:\/\/terrasdebasto.pt\/#\/schema\/logo\/image\/","url":"https:\/\/terrasdebasto.pt\/wp-content\/uploads\/2024\/06\/LogoNormal.png","contentUrl":"https:\/\/terrasdebasto.pt\/wp-content\/uploads\/2024\/06\/LogoNormal.png","width":5638,"height":809,"caption":"Jornal Terras de Basto"},"image":{"@id":"https:\/\/terrasdebasto.pt\/#\/schema\/logo\/image\/"}},{"@type":"Person","@id":"https:\/\/terrasdebasto.pt\/#\/schema\/person\/9f6739f5394ac65c802641773b278b84","name":"Jo\u00e3o Paulo Mesquita","image":{"@type":"ImageObject","inLanguage":"pt-PT","@id":"https:\/\/terrasdebasto.pt\/#\/schema\/person\/image\/","url":"https:\/\/secure.gravatar.com\/avatar\/9bd0f299e6d96336664aab64354168246a3ee3287c47891c50d450e47ed9d7f9?s=96&d=mm&r=g","contentUrl":"https:\/\/secure.gravatar.com\/avatar\/9bd0f299e6d96336664aab64354168246a3ee3287c47891c50d450e47ed9d7f9?s=96&d=mm&r=g","caption":"Jo\u00e3o Paulo Mesquita"},"url":"https:\/\/terrasdebasto.pt\/?author=7"}]}},"_links":{"self":[{"href":"https:\/\/terrasdebasto.pt\/index.php?rest_route=\/wp\/v2\/posts\/1933","targetHints":{"allow":["GET"]}}],"collection":[{"href":"https:\/\/terrasdebasto.pt\/index.php?rest_route=\/wp\/v2\/posts"}],"about":[{"href":"https:\/\/terrasdebasto.pt\/index.php?rest_route=\/wp\/v2\/types\/post"}],"author":[{"embeddable":true,"href":"https:\/\/terrasdebasto.pt\/index.php?rest_route=\/wp\/v2\/users\/7"}],"replies":[{"embeddable":true,"href":"https:\/\/terrasdebasto.pt\/index.php?rest_route=%2Fwp%2Fv2%2Fcomments&post=1933"}],"version-history":[{"count":1,"href":"https:\/\/terrasdebasto.pt\/index.php?rest_route=\/wp\/v2\/posts\/1933\/revisions"}],"predecessor-version":[{"id":1935,"href":"https:\/\/terrasdebasto.pt\/index.php?rest_route=\/wp\/v2\/posts\/1933\/revisions\/1935"}],"wp:featuredmedia":[{"embeddable":true,"href":"https:\/\/terrasdebasto.pt\/index.php?rest_route=\/wp\/v2\/media\/1934"}],"wp:attachment":[{"href":"https:\/\/terrasdebasto.pt\/index.php?rest_route=%2Fwp%2Fv2%2Fmedia&parent=1933"}],"wp:term":[{"taxonomy":"category","embeddable":true,"href":"https:\/\/terrasdebasto.pt\/index.php?rest_route=%2Fwp%2Fv2%2Fcategories&post=1933"},{"taxonomy":"post_tag","embeddable":true,"href":"https:\/\/terrasdebasto.pt\/index.php?rest_route=%2Fwp%2Fv2%2Ftags&post=1933"}],"curies":[{"name":"wp","href":"https:\/\/api.w.org\/{rel}","templated":true}]}}