{"id":1921,"date":"2024-09-11T16:40:06","date_gmt":"2024-09-11T16:40:06","guid":{"rendered":"https:\/\/terrasdebasto.pt\/?p=1921"},"modified":"2024-09-11T16:40:07","modified_gmt":"2024-09-11T16:40:07","slug":"ribeira-de-pena-garante-prolongamento-de-horario-escolar","status":"publish","type":"post","link":"https:\/\/terrasdebasto.pt\/?p=1921","title":{"rendered":"Ribeira de Pena garante prolongamento de hor\u00e1rio escolar"},"content":{"rendered":"\n<p><strong>O Munic\u00edpio de Ribeira de Pena tem abertas as inscri\u00e7\u00f5es para o prolongamento do hor\u00e1rio escolar, servi\u00e7o prestado durante o per\u00edodo letivo, das 7h45 \u00e0s 9h00 e das 17h30 \u00e0s 18h30.<\/strong><\/p>\n\n\n\n<p>Podem inscrever-se todas as crian\u00e7as matriculadas na educa\u00e7\u00e3o pr\u00e9-escolar e no Primeiro Ciclo, no edif\u00edcio do atendimento da Antiga Escola Prim\u00e1ria de Baixo (Salvador) ou na Casa da Torre (Cerva).<\/p>\n\n\n\n<p>As crian\u00e7as transportadas pelo Munic\u00edpio para as atividades letivas n\u00e3o necessitam de se inscrever.<\/p>\n\n\n\n<p>O Munic\u00edpio de Ribeira de Pena assegura gratuitamente o servi\u00e7o de prolongamento de hor\u00e1rio escolar a todas as crian\u00e7as que se inscrevam nos servi\u00e7os municipais.<\/p>\n","protected":false},"excerpt":{"rendered":"<p>O Munic\u00edpio de Ribeira de Pena tem abertas as inscri\u00e7\u00f5es para o prolongamento do hor\u00e1rio escolar, servi\u00e7o prestado durante o per\u00edodo letivo, das 7h45 \u00e0s 9h00 e das 17h30 \u00e0s 18h30. Podem inscrever-se todas as crian\u00e7as matriculadas na educa\u00e7\u00e3o pr\u00e9-escolar e no Primeiro Ciclo, no edif\u00edcio do atendimento da Antiga Escola Prim\u00e1ria de Baixo (Salvador) [&hellip;]<\/p>\n","protected":false},"author":7,"featured_media":1922,"comment_status":"open","ping_status":"open","sticky":false,"template":"","format":"standard","meta":{"footnotes":""},"categories":[11,26],"tags":[413,56],"class_list":{"0":"post-1921","1":"post","2":"type-post","3":"status-publish","4":"format-standard","5":"has-post-thumbnail","7":"category-educacao","8":"category-ribeira-de-pena","9":"tag-prolongamento-de-horario-escolar","10":"tag-ribeira-de-pena"},"yoast_head":"<!-- This site is optimized with the Yoast SEO plugin v25.7 - https:\/\/yoast.com\/wordpress\/plugins\/seo\/ -->\n<title>Ribeira de Pena garante prolongamento de hor\u00e1rio escolar - Jornal Terras de Basto<\/title>\n<meta name=\"description\" content=\"O Munic\u00edpio de Ribeira de Pena tem abertas as inscri\u00e7\u00f5es para o prolongamento do hor\u00e1rio escolar, servi\u00e7o prestado durante o per\u00edodo letivo, das 7h45 \u00e0s 9h00 e das 17h30 \u00e0s 18h30.\" \/>\n<meta name=\"robots\" content=\"index, follow, max-snippet:-1, max-image-preview:large, max-video-preview:-1\" \/>\n<link rel=\"canonical\" href=\"https:\/\/terrasdebasto.pt\/?p=1921\" \/>\n<meta property=\"og:locale\" content=\"pt_PT\" \/>\n<meta property=\"og:type\" content=\"article\" \/>\n<meta property=\"og:title\" content=\"Ribeira de Pena garante prolongamento de hor\u00e1rio escolar - Jornal Terras de Basto\" \/>\n<meta property=\"og:description\" content=\"O Munic\u00edpio de Ribeira de Pena tem abertas as inscri\u00e7\u00f5es para o prolongamento do hor\u00e1rio escolar, servi\u00e7o prestado durante o per\u00edodo letivo, das 7h45 \u00e0s 9h00 e das 17h30 \u00e0s 18h30.\" \/>\n<meta property=\"og:url\" content=\"https:\/\/terrasdebasto.pt\/?p=1921\" \/>\n<meta property=\"og:site_name\" content=\"Jornal Terras de Basto\" \/>\n<meta property=\"article:published_time\" content=\"2024-09-11T16:40:06+00:00\" \/>\n<meta property=\"article:modified_time\" content=\"2024-09-11T16:40:07+00:00\" \/>\n<meta property=\"og:image\" content=\"https:\/\/terrasdebasto.pt\/wp-content\/uploads\/2024\/09\/prolongamento-horario.jpg\" \/>\n\t<meta property=\"og:image:width\" content=\"1080\" \/>\n\t<meta property=\"og:image:height\" content=\"1080\" \/>\n\t<meta property=\"og:image:type\" content=\"image\/jpeg\" \/>\n<meta name=\"author\" content=\"Jo\u00e3o Paulo Mesquita\" \/>\n<meta name=\"twitter:card\" content=\"summary_large_image\" \/>\n<meta name=\"twitter:label1\" content=\"Escrito por\" \/>\n\t<meta name=\"twitter:data1\" content=\"Jo\u00e3o Paulo Mesquita\" \/>\n\t<meta name=\"twitter:label2\" content=\"Tempo estimado de leitura\" \/>\n\t<meta name=\"twitter:data2\" content=\"1 minuto\" \/>\n<script type=\"application\/ld+json\" class=\"yoast-schema-graph\">{\"@context\":\"https:\/\/schema.org\",\"@graph\":[{\"@type\":\"Article\",\"@id\":\"https:\/\/terrasdebasto.pt\/?p=1921#article\",\"isPartOf\":{\"@id\":\"https:\/\/terrasdebasto.pt\/?p=1921\"},\"author\":{\"name\":\"Jo\u00e3o Paulo Mesquita\",\"@id\":\"https:\/\/terrasdebasto.pt\/#\/schema\/person\/9f6739f5394ac65c802641773b278b84\"},\"headline\":\"Ribeira de Pena garante prolongamento de hor\u00e1rio escolar\",\"datePublished\":\"2024-09-11T16:40:06+00:00\",\"dateModified\":\"2024-09-11T16:40:07+00:00\",\"mainEntityOfPage\":{\"@id\":\"https:\/\/terrasdebasto.pt\/?p=1921\"},\"wordCount\":127,\"commentCount\":0,\"publisher\":{\"@id\":\"https:\/\/terrasdebasto.pt\/#organization\"},\"image\":{\"@id\":\"https:\/\/terrasdebasto.pt\/?p=1921#primaryimage\"},\"thumbnailUrl\":\"https:\/\/terrasdebasto.pt\/wp-content\/uploads\/2024\/09\/prolongamento-horario.jpg\",\"keywords\":[\"Prolongamento de Hor\u00e1rio Escolar\",\"Ribeira de Pena\"],\"articleSection\":[\"Educa\u00e7\u00e3o\",\"Ribeira de Pena\"],\"inLanguage\":\"pt-PT\",\"potentialAction\":[{\"@type\":\"CommentAction\",\"name\":\"Comment\",\"target\":[\"https:\/\/terrasdebasto.pt\/?p=1921#respond\"]}]},{\"@type\":\"WebPage\",\"@id\":\"https:\/\/terrasdebasto.pt\/?p=1921\",\"url\":\"https:\/\/terrasdebasto.pt\/?p=1921\",\"name\":\"Ribeira de Pena garante prolongamento de hor\u00e1rio escolar - Jornal Terras de Basto\",\"isPartOf\":{\"@id\":\"https:\/\/terrasdebasto.pt\/#website\"},\"primaryImageOfPage\":{\"@id\":\"https:\/\/terrasdebasto.pt\/?p=1921#primaryimage\"},\"image\":{\"@id\":\"https:\/\/terrasdebasto.pt\/?p=1921#primaryimage\"},\"thumbnailUrl\":\"https:\/\/terrasdebasto.pt\/wp-content\/uploads\/2024\/09\/prolongamento-horario.jpg\",\"datePublished\":\"2024-09-11T16:40:06+00:00\",\"dateModified\":\"2024-09-11T16:40:07+00:00\",\"description\":\"O Munic\u00edpio de Ribeira de Pena tem abertas as inscri\u00e7\u00f5es para o prolongamento do hor\u00e1rio escolar, servi\u00e7o prestado durante o per\u00edodo letivo, das 7h45 \u00e0s 9h00 e das 17h30 \u00e0s 18h30.\",\"breadcrumb\":{\"@id\":\"https:\/\/terrasdebasto.pt\/?p=1921#breadcrumb\"},\"inLanguage\":\"pt-PT\",\"potentialAction\":[{\"@type\":\"ReadAction\",\"target\":[\"https:\/\/terrasdebasto.pt\/?p=1921\"]}]},{\"@type\":\"ImageObject\",\"inLanguage\":\"pt-PT\",\"@id\":\"https:\/\/terrasdebasto.pt\/?p=1921#primaryimage\",\"url\":\"https:\/\/terrasdebasto.pt\/wp-content\/uploads\/2024\/09\/prolongamento-horario.jpg\",\"contentUrl\":\"https:\/\/terrasdebasto.pt\/wp-content\/uploads\/2024\/09\/prolongamento-horario.jpg\",\"width\":1080,\"height\":1080},{\"@type\":\"BreadcrumbList\",\"@id\":\"https:\/\/terrasdebasto.pt\/?p=1921#breadcrumb\",\"itemListElement\":[{\"@type\":\"ListItem\",\"position\":1,\"name\":\"In\u00edcio\",\"item\":\"https:\/\/terrasdebasto.pt\/\"},{\"@type\":\"ListItem\",\"position\":2,\"name\":\"Ribeira de Pena garante prolongamento de hor\u00e1rio escolar\"}]},{\"@type\":\"WebSite\",\"@id\":\"https:\/\/terrasdebasto.pt\/#website\",\"url\":\"https:\/\/terrasdebasto.pt\/\",\"name\":\"Jornal Terras de Basto\",\"description\":\"\",\"publisher\":{\"@id\":\"https:\/\/terrasdebasto.pt\/#organization\"},\"potentialAction\":[{\"@type\":\"SearchAction\",\"target\":{\"@type\":\"EntryPoint\",\"urlTemplate\":\"https:\/\/terrasdebasto.pt\/?s={search_term_string}\"},\"query-input\":{\"@type\":\"PropertyValueSpecification\",\"valueRequired\":true,\"valueName\":\"search_term_string\"}}],\"inLanguage\":\"pt-PT\"},{\"@type\":\"Organization\",\"@id\":\"https:\/\/terrasdebasto.pt\/#organization\",\"name\":\"Jornal Terras de Basto\",\"url\":\"https:\/\/terrasdebasto.pt\/\",\"logo\":{\"@type\":\"ImageObject\",\"inLanguage\":\"pt-PT\",\"@id\":\"https:\/\/terrasdebasto.pt\/#\/schema\/logo\/image\/\",\"url\":\"https:\/\/terrasdebasto.pt\/wp-content\/uploads\/2024\/06\/LogoNormal.png\",\"contentUrl\":\"https:\/\/terrasdebasto.pt\/wp-content\/uploads\/2024\/06\/LogoNormal.png\",\"width\":5638,\"height\":809,\"caption\":\"Jornal Terras de Basto\"},\"image\":{\"@id\":\"https:\/\/terrasdebasto.pt\/#\/schema\/logo\/image\/\"}},{\"@type\":\"Person\",\"@id\":\"https:\/\/terrasdebasto.pt\/#\/schema\/person\/9f6739f5394ac65c802641773b278b84\",\"name\":\"Jo\u00e3o Paulo Mesquita\",\"image\":{\"@type\":\"ImageObject\",\"inLanguage\":\"pt-PT\",\"@id\":\"https:\/\/terrasdebasto.pt\/#\/schema\/person\/image\/\",\"url\":\"https:\/\/secure.gravatar.com\/avatar\/9bd0f299e6d96336664aab64354168246a3ee3287c47891c50d450e47ed9d7f9?s=96&d=mm&r=g\",\"contentUrl\":\"https:\/\/secure.gravatar.com\/avatar\/9bd0f299e6d96336664aab64354168246a3ee3287c47891c50d450e47ed9d7f9?s=96&d=mm&r=g\",\"caption\":\"Jo\u00e3o Paulo Mesquita\"},\"url\":\"https:\/\/terrasdebasto.pt\/?author=7\"}]}<\/script>\n<!-- \/ Yoast SEO plugin. -->","yoast_head_json":{"title":"Ribeira de Pena garante prolongamento de hor\u00e1rio escolar - Jornal Terras de Basto","description":"O Munic\u00edpio de Ribeira de Pena tem abertas as inscri\u00e7\u00f5es para o prolongamento do hor\u00e1rio escolar, servi\u00e7o prestado durante o per\u00edodo letivo, das 7h45 \u00e0s 9h00 e das 17h30 \u00e0s 18h30.","robots":{"index":"index","follow":"follow","max-snippet":"max-snippet:-1","max-image-preview":"max-image-preview:large","max-video-preview":"max-video-preview:-1"},"canonical":"https:\/\/terrasdebasto.pt\/?p=1921","og_locale":"pt_PT","og_type":"article","og_title":"Ribeira de Pena garante prolongamento de hor\u00e1rio escolar - Jornal Terras de Basto","og_description":"O Munic\u00edpio de Ribeira de Pena tem abertas as inscri\u00e7\u00f5es para o prolongamento do hor\u00e1rio escolar, servi\u00e7o prestado durante o per\u00edodo letivo, das 7h45 \u00e0s 9h00 e das 17h30 \u00e0s 18h30.","og_url":"https:\/\/terrasdebasto.pt\/?p=1921","og_site_name":"Jornal Terras de Basto","article_published_time":"2024-09-11T16:40:06+00:00","article_modified_time":"2024-09-11T16:40:07+00:00","og_image":[{"width":1080,"height":1080,"url":"https:\/\/terrasdebasto.pt\/wp-content\/uploads\/2024\/09\/prolongamento-horario.jpg","type":"image\/jpeg"}],"author":"Jo\u00e3o Paulo Mesquita","twitter_card":"summary_large_image","twitter_misc":{"Escrito por":"Jo\u00e3o Paulo Mesquita","Tempo estimado de leitura":"1 minuto"},"schema":{"@context":"https:\/\/schema.org","@graph":[{"@type":"Article","@id":"https:\/\/terrasdebasto.pt\/?p=1921#article","isPartOf":{"@id":"https:\/\/terrasdebasto.pt\/?p=1921"},"author":{"name":"Jo\u00e3o Paulo Mesquita","@id":"https:\/\/terrasdebasto.pt\/#\/schema\/person\/9f6739f5394ac65c802641773b278b84"},"headline":"Ribeira de Pena garante prolongamento de hor\u00e1rio escolar","datePublished":"2024-09-11T16:40:06+00:00","dateModified":"2024-09-11T16:40:07+00:00","mainEntityOfPage":{"@id":"https:\/\/terrasdebasto.pt\/?p=1921"},"wordCount":127,"commentCount":0,"publisher":{"@id":"https:\/\/terrasdebasto.pt\/#organization"},"image":{"@id":"https:\/\/terrasdebasto.pt\/?p=1921#primaryimage"},"thumbnailUrl":"https:\/\/terrasdebasto.pt\/wp-content\/uploads\/2024\/09\/prolongamento-horario.jpg","keywords":["Prolongamento de Hor\u00e1rio Escolar","Ribeira de Pena"],"articleSection":["Educa\u00e7\u00e3o","Ribeira de Pena"],"inLanguage":"pt-PT","potentialAction":[{"@type":"CommentAction","name":"Comment","target":["https:\/\/terrasdebasto.pt\/?p=1921#respond"]}]},{"@type":"WebPage","@id":"https:\/\/terrasdebasto.pt\/?p=1921","url":"https:\/\/terrasdebasto.pt\/?p=1921","name":"Ribeira de Pena garante prolongamento de hor\u00e1rio escolar - Jornal Terras de Basto","isPartOf":{"@id":"https:\/\/terrasdebasto.pt\/#website"},"primaryImageOfPage":{"@id":"https:\/\/terrasdebasto.pt\/?p=1921#primaryimage"},"image":{"@id":"https:\/\/terrasdebasto.pt\/?p=1921#primaryimage"},"thumbnailUrl":"https:\/\/terrasdebasto.pt\/wp-content\/uploads\/2024\/09\/prolongamento-horario.jpg","datePublished":"2024-09-11T16:40:06+00:00","dateModified":"2024-09-11T16:40:07+00:00","description":"O Munic\u00edpio de Ribeira de Pena tem abertas as inscri\u00e7\u00f5es para o prolongamento do hor\u00e1rio escolar, servi\u00e7o prestado durante o per\u00edodo letivo, das 7h45 \u00e0s 9h00 e das 17h30 \u00e0s 18h30.","breadcrumb":{"@id":"https:\/\/terrasdebasto.pt\/?p=1921#breadcrumb"},"inLanguage":"pt-PT","potentialAction":[{"@type":"ReadAction","target":["https:\/\/terrasdebasto.pt\/?p=1921"]}]},{"@type":"ImageObject","inLanguage":"pt-PT","@id":"https:\/\/terrasdebasto.pt\/?p=1921#primaryimage","url":"https:\/\/terrasdebasto.pt\/wp-content\/uploads\/2024\/09\/prolongamento-horario.jpg","contentUrl":"https:\/\/terrasdebasto.pt\/wp-content\/uploads\/2024\/09\/prolongamento-horario.jpg","width":1080,"height":1080},{"@type":"BreadcrumbList","@id":"https:\/\/terrasdebasto.pt\/?p=1921#breadcrumb","itemListElement":[{"@type":"ListItem","position":1,"name":"In\u00edcio","item":"https:\/\/terrasdebasto.pt\/"},{"@type":"ListItem","position":2,"name":"Ribeira de Pena garante prolongamento de hor\u00e1rio escolar"}]},{"@type":"WebSite","@id":"https:\/\/terrasdebasto.pt\/#website","url":"https:\/\/terrasdebasto.pt\/","name":"Jornal Terras de Basto","description":"","publisher":{"@id":"https:\/\/terrasdebasto.pt\/#organization"},"potentialAction":[{"@type":"SearchAction","target":{"@type":"EntryPoint","urlTemplate":"https:\/\/terrasdebasto.pt\/?s={search_term_string}"},"query-input":{"@type":"PropertyValueSpecification","valueRequired":true,"valueName":"search_term_string"}}],"inLanguage":"pt-PT"},{"@type":"Organization","@id":"https:\/\/terrasdebasto.pt\/#organization","name":"Jornal Terras de Basto","url":"https:\/\/terrasdebasto.pt\/","logo":{"@type":"ImageObject","inLanguage":"pt-PT","@id":"https:\/\/terrasdebasto.pt\/#\/schema\/logo\/image\/","url":"https:\/\/terrasdebasto.pt\/wp-content\/uploads\/2024\/06\/LogoNormal.png","contentUrl":"https:\/\/terrasdebasto.pt\/wp-content\/uploads\/2024\/06\/LogoNormal.png","width":5638,"height":809,"caption":"Jornal Terras de Basto"},"image":{"@id":"https:\/\/terrasdebasto.pt\/#\/schema\/logo\/image\/"}},{"@type":"Person","@id":"https:\/\/terrasdebasto.pt\/#\/schema\/person\/9f6739f5394ac65c802641773b278b84","name":"Jo\u00e3o Paulo Mesquita","image":{"@type":"ImageObject","inLanguage":"pt-PT","@id":"https:\/\/terrasdebasto.pt\/#\/schema\/person\/image\/","url":"https:\/\/secure.gravatar.com\/avatar\/9bd0f299e6d96336664aab64354168246a3ee3287c47891c50d450e47ed9d7f9?s=96&d=mm&r=g","contentUrl":"https:\/\/secure.gravatar.com\/avatar\/9bd0f299e6d96336664aab64354168246a3ee3287c47891c50d450e47ed9d7f9?s=96&d=mm&r=g","caption":"Jo\u00e3o Paulo Mesquita"},"url":"https:\/\/terrasdebasto.pt\/?author=7"}]}},"_links":{"self":[{"href":"https:\/\/terrasdebasto.pt\/index.php?rest_route=\/wp\/v2\/posts\/1921","targetHints":{"allow":["GET"]}}],"collection":[{"href":"https:\/\/terrasdebasto.pt\/index.php?rest_route=\/wp\/v2\/posts"}],"about":[{"href":"https:\/\/terrasdebasto.pt\/index.php?rest_route=\/wp\/v2\/types\/post"}],"author":[{"embeddable":true,"href":"https:\/\/terrasdebasto.pt\/index.php?rest_route=\/wp\/v2\/users\/7"}],"replies":[{"embeddable":true,"href":"https:\/\/terrasdebasto.pt\/index.php?rest_route=%2Fwp%2Fv2%2Fcomments&post=1921"}],"version-history":[{"count":1,"href":"https:\/\/terrasdebasto.pt\/index.php?rest_route=\/wp\/v2\/posts\/1921\/revisions"}],"predecessor-version":[{"id":1923,"href":"https:\/\/terrasdebasto.pt\/index.php?rest_route=\/wp\/v2\/posts\/1921\/revisions\/1923"}],"wp:featuredmedia":[{"embeddable":true,"href":"https:\/\/terrasdebasto.pt\/index.php?rest_route=\/wp\/v2\/media\/1922"}],"wp:attachment":[{"href":"https:\/\/terrasdebasto.pt\/index.php?rest_route=%2Fwp%2Fv2%2Fmedia&parent=1921"}],"wp:term":[{"taxonomy":"category","embeddable":true,"href":"https:\/\/terrasdebasto.pt\/index.php?rest_route=%2Fwp%2Fv2%2Fcategories&post=1921"},{"taxonomy":"post_tag","embeddable":true,"href":"https:\/\/terrasdebasto.pt\/index.php?rest_route=%2Fwp%2Fv2%2Ftags&post=1921"}],"curies":[{"name":"wp","href":"https:\/\/api.w.org\/{rel}","templated":true}]}}