{"id":1906,"date":"2024-09-11T15:30:51","date_gmt":"2024-09-11T15:30:51","guid":{"rendered":"https:\/\/terrasdebasto.pt\/?p=1906"},"modified":"2024-09-11T18:45:47","modified_gmt":"2024-09-11T18:45:47","slug":"celorico-vai-produzir-betao-de-canhamo","status":"publish","type":"post","link":"https:\/\/terrasdebasto.pt\/?p=1906","title":{"rendered":"Celorico vai produzir \u201cbet\u00e3o de c\u00e2nhamo\u201d"},"content":{"rendered":"\n<p><strong>Celorico de Basto vai trazer para Portugal a produ\u00e7\u00e3o de pain\u00e9is pr\u00e9-fabricados \u00e0 base do designado \u201cbet\u00e3o de c\u00e2nhamo\u201d, uma proposta de um cons\u00f3rcio luso-franc\u00eas que se prop\u00f5e instalar um \u201ceco-parque\u201d em Code\u00e7oso, neste concelho.<\/strong><\/p>\n\n\n\n<p>\u00c0 semelhan\u00e7a do que j\u00e1 faz em Fran\u00e7a, onde tem como parceira a associa\u00e7\u00e3o de produtores de c\u00e2nhamo, o cons\u00f3rcio que junta uma empresa francesa e empres\u00e1rios nacionais, entre eles o \u201cceloricense\u201d Lu\u00eds Fel\u00edcio, prop\u00f5e-se instalar uma primeira unidade industrial nas imedia\u00e7\u00f5es do antigo campo de tiro de Code\u00e7oso, onde acaba de adquirir 241.00 metros quadrados \u00e0 \u201cMota-Engil\u201d.<\/p>\n\n\n\n<p>A primeira proposta \u00e9 a produ\u00e7\u00e3o de \u201cpain\u00e9is de c\u00e2nhamo\u201d modul\u00e1veis para o projeto \u201cCasa do Futuro\u201d, que est\u00e3o a ganhar mercado no universo da constru\u00e7\u00e3o civil, seja na execu\u00e7\u00e3o de um projeto de grandes dimens\u00f5es como numa casa unifamiliar de r\u00e9s-do-ch\u00e3o.<\/p>\n\n\n\n<p>O \u201cbet\u00e3o de c\u00e2nhamo\u201d \u00e9 conhecido por ser um material ecol\u00f3gico devido \u00e0 sua capacidade de sequestrar carbono durante o seu ciclo de vida, ser leve e possuir excelentes propriedades de isolamento t\u00e9rmico e ac\u00fastico.<\/p>\n\n\n\n<p>Este ser\u00e1 \u2013 apurou o Terras de Basto \u2013 o objeto do cons\u00f3rcio luso-franc\u00eas \u201cWall\u2019Up Iberia\u201d, que junta a \u201cWall\u2019Up\u201d francesa a parceiros portugueses e que se prop\u00f5e instalar esta unidade industrial, uma esp\u00e9cie de \u00e2ncora de um parque ambiental sustent\u00e1vel capaz de juntar outras \u00e1reas de neg\u00f3cio da marca.<\/p>\n\n\n\n<p>O Munic\u00edpio de Celorico de Basto veio precisamente esta quarta-feira (11) a p\u00fablico sublinhar os esfor\u00e7os que tem desenvolvido na atra\u00e7\u00e3o de investimentos externos, adiantando que o cons\u00f3rcio que adquiriu os terrenos em Code\u00e7oso pretende ali investir a m\u00e9dio prazo \u00abmais de 25 milh\u00f5es de euros na constru\u00e7\u00e3o e funcionamento de uma unidade fabril\u00bb.<\/p>\n\n\n\n<p>Para o autarca local, esta \u00e9 \u00abuma oportunidade \u00fanica\u00bb para alavancar o Parque Empresarial de Code\u00e7oso e criar emprego, dinamismo econ\u00f3mico num setor completamente inovador, com perspetivas de crescimento consider\u00e1veis, que ir\u00e1 mexer em absoluto com a economia local\u00bb.<\/p>\n\n\n\n<p>\u00abEstamos sempre atentos a novas possibilidades e articulamos todos os esfor\u00e7os com um programa municipal de apoio ao investidor aliciante para quem procura investir, m\u00e3o de obra e condi\u00e7\u00f5es para prosperar\u00bb, reafirma Jos\u00e9 Peixoto Lima.<\/p>\n\n\n\n<p>O autarca assume, assim, como um imperativo continuar \u00aba fortalecer o tecido econ\u00f3mico do concelho, para com isso melhorar a qualidade de vida de quem c\u00e1 vive e para atrair novos residentes para o concelho\u00bb.<\/p>\n\n\n\n<p>O presidente da C\u00e2mara Municipal confirma a inten\u00e7\u00e3o da \u201cWall\u2019Up Iberia\u201d de instala uma unidade fabril \u00abcompletamente inovadora e que trar\u00e1 vantagens para a economia e para o meio ambiente, com pr\u00e1ticas sustent\u00e1veis\u00bb, adiantando que, \u00abal\u00e9m da linha de neg\u00f3cio que prende instalar ser ela pr\u00f3pria sustent\u00e1vel, toda a produ\u00e7\u00e3o ser assegurada por t\u00e9cnicas sustent\u00e1veis, sempre na perspetiva de utilizar os recursos dispon\u00edveis sem comprometer o futuro das gera\u00e7\u00f5es vindouras\u00bb.<\/p>\n\n\n\n<p>Jos\u00e9 Peixoto Lima aproveita para real\u00e7ar que, sendo embora dif\u00edcil atrair investimento para Celorico de Basto, se tem notado \u00abum interesse crescente, pela forma como \u201cvendemos\u201d o nosso territ\u00f3rio, como incentivamos com apoios e benef\u00edcios e, sobretudo, pelas condi\u00e7\u00f5es f\u00edsicas, rede vi\u00e1ria e proximidade com os grandes centros, como fator impulsionador\u00bb. [JPM].<\/p>\n\n\n\n<figure class=\"wp-block-gallery has-nested-images columns-default is-cropped wp-block-gallery-1 is-layout-flex wp-block-gallery-is-layout-flex\">\n<figure class=\"wp-block-image size-large\"><img loading=\"lazy\" decoding=\"async\" width=\"1024\" height=\"684\" data-id=\"1931\" src=\"https:\/\/terrasdebasto.pt\/wp-content\/uploads\/2024\/09\/WALLUP-105-1-1024x684.jpg\" alt=\"\" class=\"wp-image-1931\" srcset=\"https:\/\/terrasdebasto.pt\/wp-content\/uploads\/2024\/09\/WALLUP-105-1-1024x684.jpg 1024w, https:\/\/terrasdebasto.pt\/wp-content\/uploads\/2024\/09\/WALLUP-105-1-300x200.jpg 300w, https:\/\/terrasdebasto.pt\/wp-content\/uploads\/2024\/09\/WALLUP-105-1-768x513.jpg 768w, https:\/\/terrasdebasto.pt\/wp-content\/uploads\/2024\/09\/WALLUP-105-1-1536x1025.jpg 1536w, https:\/\/terrasdebasto.pt\/wp-content\/uploads\/2024\/09\/WALLUP-105-1-150x100.jpg 150w, https:\/\/terrasdebasto.pt\/wp-content\/uploads\/2024\/09\/WALLUP-105-1-696x465.jpg 696w, https:\/\/terrasdebasto.pt\/wp-content\/uploads\/2024\/09\/WALLUP-105-1-1068x713.jpg 1068w, https:\/\/terrasdebasto.pt\/wp-content\/uploads\/2024\/09\/WALLUP-105-1-1920x1282.jpg 1920w, https:\/\/terrasdebasto.pt\/wp-content\/uploads\/2024\/09\/WALLUP-105-1.jpg 2048w\" sizes=\"auto, (max-width: 1024px) 100vw, 1024px\" \/><\/figure>\n<\/figure>\n\n\n\n<figure class=\"wp-block-gallery has-nested-images columns-default is-cropped wp-block-gallery-2 is-layout-flex wp-block-gallery-is-layout-flex\">\n<figure class=\"wp-block-image size-large\"><img loading=\"lazy\" decoding=\"async\" width=\"1024\" height=\"684\" data-id=\"1929\" src=\"https:\/\/terrasdebasto.pt\/wp-content\/uploads\/2024\/09\/WALLUP-100-1024x684.jpg\" alt=\"\" class=\"wp-image-1929\" srcset=\"https:\/\/terrasdebasto.pt\/wp-content\/uploads\/2024\/09\/WALLUP-100-1024x684.jpg 1024w, https:\/\/terrasdebasto.pt\/wp-content\/uploads\/2024\/09\/WALLUP-100-300x200.jpg 300w, https:\/\/terrasdebasto.pt\/wp-content\/uploads\/2024\/09\/WALLUP-100-768x513.jpg 768w, https:\/\/terrasdebasto.pt\/wp-content\/uploads\/2024\/09\/WALLUP-100-1536x1025.jpg 1536w, https:\/\/terrasdebasto.pt\/wp-content\/uploads\/2024\/09\/WALLUP-100-150x100.jpg 150w, https:\/\/terrasdebasto.pt\/wp-content\/uploads\/2024\/09\/WALLUP-100-696x465.jpg 696w, https:\/\/terrasdebasto.pt\/wp-content\/uploads\/2024\/09\/WALLUP-100-1068x713.jpg 1068w, https:\/\/terrasdebasto.pt\/wp-content\/uploads\/2024\/09\/WALLUP-100-1920x1282.jpg 1920w, https:\/\/terrasdebasto.pt\/wp-content\/uploads\/2024\/09\/WALLUP-100.jpg 2048w\" sizes=\"auto, (max-width: 1024px) 100vw, 1024px\" \/><\/figure>\n\n\n\n<figure class=\"wp-block-image size-large\"><img loading=\"lazy\" decoding=\"async\" width=\"1024\" height=\"684\" data-id=\"1927\" src=\"https:\/\/terrasdebasto.pt\/wp-content\/uploads\/2024\/09\/WALLUP-101-1024x684.jpg\" alt=\"\" class=\"wp-image-1927\" srcset=\"https:\/\/terrasdebasto.pt\/wp-content\/uploads\/2024\/09\/WALLUP-101-1024x684.jpg 1024w, https:\/\/terrasdebasto.pt\/wp-content\/uploads\/2024\/09\/WALLUP-101-300x200.jpg 300w, https:\/\/terrasdebasto.pt\/wp-content\/uploads\/2024\/09\/WALLUP-101-768x513.jpg 768w, https:\/\/terrasdebasto.pt\/wp-content\/uploads\/2024\/09\/WALLUP-101-1536x1025.jpg 1536w, https:\/\/terrasdebasto.pt\/wp-content\/uploads\/2024\/09\/WALLUP-101-150x100.jpg 150w, https:\/\/terrasdebasto.pt\/wp-content\/uploads\/2024\/09\/WALLUP-101-696x465.jpg 696w, https:\/\/terrasdebasto.pt\/wp-content\/uploads\/2024\/09\/WALLUP-101-1068x713.jpg 1068w, https:\/\/terrasdebasto.pt\/wp-content\/uploads\/2024\/09\/WALLUP-101-1920x1282.jpg 1920w, https:\/\/terrasdebasto.pt\/wp-content\/uploads\/2024\/09\/WALLUP-101.jpg 2048w\" sizes=\"auto, (max-width: 1024px) 100vw, 1024px\" \/><\/figure>\n\n\n\n<figure class=\"wp-block-image size-large\"><img loading=\"lazy\" decoding=\"async\" width=\"1024\" height=\"684\" data-id=\"1926\" src=\"https:\/\/terrasdebasto.pt\/wp-content\/uploads\/2024\/09\/WALLUP-102-1024x684.jpg\" alt=\"\" class=\"wp-image-1926\" srcset=\"https:\/\/terrasdebasto.pt\/wp-content\/uploads\/2024\/09\/WALLUP-102-1024x684.jpg 1024w, https:\/\/terrasdebasto.pt\/wp-content\/uploads\/2024\/09\/WALLUP-102-300x200.jpg 300w, https:\/\/terrasdebasto.pt\/wp-content\/uploads\/2024\/09\/WALLUP-102-768x513.jpg 768w, https:\/\/terrasdebasto.pt\/wp-content\/uploads\/2024\/09\/WALLUP-102-1536x1025.jpg 1536w, https:\/\/terrasdebasto.pt\/wp-content\/uploads\/2024\/09\/WALLUP-102-150x100.jpg 150w, https:\/\/terrasdebasto.pt\/wp-content\/uploads\/2024\/09\/WALLUP-102-696x465.jpg 696w, https:\/\/terrasdebasto.pt\/wp-content\/uploads\/2024\/09\/WALLUP-102-1068x713.jpg 1068w, https:\/\/terrasdebasto.pt\/wp-content\/uploads\/2024\/09\/WALLUP-102-1920x1282.jpg 1920w, https:\/\/terrasdebasto.pt\/wp-content\/uploads\/2024\/09\/WALLUP-102.jpg 2048w\" sizes=\"auto, (max-width: 1024px) 100vw, 1024px\" \/><\/figure>\n\n\n\n<figure class=\"wp-block-image size-large\"><img loading=\"lazy\" decoding=\"async\" width=\"1024\" height=\"684\" data-id=\"1925\" src=\"https:\/\/terrasdebasto.pt\/wp-content\/uploads\/2024\/09\/WALLUP-103-1024x684.jpg\" alt=\"\" class=\"wp-image-1925\" srcset=\"https:\/\/terrasdebasto.pt\/wp-content\/uploads\/2024\/09\/WALLUP-103-1024x684.jpg 1024w, https:\/\/terrasdebasto.pt\/wp-content\/uploads\/2024\/09\/WALLUP-103-300x200.jpg 300w, https:\/\/terrasdebasto.pt\/wp-content\/uploads\/2024\/09\/WALLUP-103-768x513.jpg 768w, https:\/\/terrasdebasto.pt\/wp-content\/uploads\/2024\/09\/WALLUP-103-1536x1025.jpg 1536w, https:\/\/terrasdebasto.pt\/wp-content\/uploads\/2024\/09\/WALLUP-103-150x100.jpg 150w, https:\/\/terrasdebasto.pt\/wp-content\/uploads\/2024\/09\/WALLUP-103-696x465.jpg 696w, https:\/\/terrasdebasto.pt\/wp-content\/uploads\/2024\/09\/WALLUP-103-1068x713.jpg 1068w, https:\/\/terrasdebasto.pt\/wp-content\/uploads\/2024\/09\/WALLUP-103-1920x1282.jpg 1920w, https:\/\/terrasdebasto.pt\/wp-content\/uploads\/2024\/09\/WALLUP-103.jpg 2048w\" sizes=\"auto, (max-width: 1024px) 100vw, 1024px\" \/><\/figure>\n<\/figure>\n","protected":false},"excerpt":{"rendered":"<p>Celorico de Basto vai trazer para Portugal a produ\u00e7\u00e3o de pain\u00e9is pr\u00e9-fabricados \u00e0 base do designado \u201cbet\u00e3o de c\u00e2nhamo\u201d, uma proposta de um cons\u00f3rcio luso-franc\u00eas que se prop\u00f5e instalar um \u201ceco-parque\u201d em Code\u00e7oso, neste concelho. \u00c0 semelhan\u00e7a do que j\u00e1 faz em Fran\u00e7a, onde tem como parceira a associa\u00e7\u00e3o de produtores de c\u00e2nhamo, o cons\u00f3rcio [&hellip;]<\/p>\n","protected":false},"author":7,"featured_media":1907,"comment_status":"open","ping_status":"open","sticky":false,"template":"","format":"standard","meta":{"footnotes":""},"categories":[13,15],"tags":[40,412,411,409],"class_list":{"0":"post-1906","1":"post","2":"type-post","3":"status-publish","4":"format-standard","5":"has-post-thumbnail","7":"category-celorico-de-basto","8":"category-technology","9":"tag-celorico-de-basto","10":"tag-construcao-civil","11":"tag-inovacao","12":"tag-wallup-iberia"},"yoast_head":"<!-- This site is optimized with the Yoast SEO plugin v25.7 - https:\/\/yoast.com\/wordpress\/plugins\/seo\/ -->\n<title>Celorico vai produzir \u201cbet\u00e3o de c\u00e2nhamo\u201d - Jornal Terras de Basto<\/title>\n<meta name=\"description\" content=\"Celorico de Basto vai trazer para Portugal a produ\u00e7\u00e3o de pain\u00e9is pr\u00e9-fabricados \u00e0 base do designado \u201cbet\u00e3o de c\u00e2nhamo\u201d, uma proposta de um cons\u00f3rcio luso-franc\u00eas que prop\u00f5e instalar um \u201ceco-parque\u201d em Code\u00e7oso, neste concelho.\" \/>\n<meta name=\"robots\" content=\"index, follow, max-snippet:-1, max-image-preview:large, max-video-preview:-1\" \/>\n<link rel=\"canonical\" href=\"https:\/\/terrasdebasto.pt\/?p=1906\" \/>\n<meta property=\"og:locale\" content=\"pt_PT\" \/>\n<meta property=\"og:type\" content=\"article\" \/>\n<meta property=\"og:title\" content=\"Celorico vai produzir \u201cbet\u00e3o de c\u00e2nhamo\u201d - Jornal Terras de Basto\" \/>\n<meta property=\"og:description\" content=\"Celorico de Basto vai trazer para Portugal a produ\u00e7\u00e3o de pain\u00e9is pr\u00e9-fabricados \u00e0 base do designado \u201cbet\u00e3o de c\u00e2nhamo\u201d, uma proposta de um cons\u00f3rcio luso-franc\u00eas que prop\u00f5e instalar um \u201ceco-parque\u201d em Code\u00e7oso, neste concelho.\" \/>\n<meta property=\"og:url\" content=\"https:\/\/terrasdebasto.pt\/?p=1906\" \/>\n<meta property=\"og:site_name\" content=\"Jornal Terras de Basto\" \/>\n<meta property=\"article:published_time\" content=\"2024-09-11T15:30:51+00:00\" \/>\n<meta property=\"article:modified_time\" content=\"2024-09-11T18:45:47+00:00\" \/>\n<meta property=\"og:image\" content=\"https:\/\/terrasdebasto.pt\/wp-content\/uploads\/2024\/09\/CANHAMO-2-1.jpg\" \/>\n\t<meta property=\"og:image:width\" content=\"2048\" \/>\n\t<meta property=\"og:image:height\" content=\"1365\" \/>\n\t<meta property=\"og:image:type\" content=\"image\/jpeg\" \/>\n<meta name=\"author\" content=\"Jo\u00e3o Paulo Mesquita\" \/>\n<meta name=\"twitter:card\" content=\"summary_large_image\" \/>\n<meta name=\"twitter:label1\" content=\"Escrito por\" \/>\n\t<meta name=\"twitter:data1\" content=\"Jo\u00e3o Paulo Mesquita\" \/>\n\t<meta name=\"twitter:label2\" content=\"Tempo estimado de leitura\" \/>\n\t<meta name=\"twitter:data2\" content=\"4 minutos\" \/>\n<script type=\"application\/ld+json\" class=\"yoast-schema-graph\">{\"@context\":\"https:\/\/schema.org\",\"@graph\":[{\"@type\":\"Article\",\"@id\":\"https:\/\/terrasdebasto.pt\/?p=1906#article\",\"isPartOf\":{\"@id\":\"https:\/\/terrasdebasto.pt\/?p=1906\"},\"author\":{\"name\":\"Jo\u00e3o Paulo Mesquita\",\"@id\":\"https:\/\/terrasdebasto.pt\/#\/schema\/person\/9f6739f5394ac65c802641773b278b84\"},\"headline\":\"Celorico vai produzir \u201cbet\u00e3o de c\u00e2nhamo\u201d\",\"datePublished\":\"2024-09-11T15:30:51+00:00\",\"dateModified\":\"2024-09-11T18:45:47+00:00\",\"mainEntityOfPage\":{\"@id\":\"https:\/\/terrasdebasto.pt\/?p=1906\"},\"wordCount\":581,\"commentCount\":0,\"publisher\":{\"@id\":\"https:\/\/terrasdebasto.pt\/#organization\"},\"image\":{\"@id\":\"https:\/\/terrasdebasto.pt\/?p=1906#primaryimage\"},\"thumbnailUrl\":\"https:\/\/terrasdebasto.pt\/wp-content\/uploads\/2024\/09\/CANHAMO-2-1.jpg\",\"keywords\":[\"Celorico de Basto\",\"constru\u00e7\u00e3o civil\",\"inova\u00e7\u00e3o\",\"wall'up iberia\"],\"articleSection\":[\"Celorico de Basto\",\"Tecnologia\"],\"inLanguage\":\"pt-PT\",\"potentialAction\":[{\"@type\":\"CommentAction\",\"name\":\"Comment\",\"target\":[\"https:\/\/terrasdebasto.pt\/?p=1906#respond\"]}]},{\"@type\":\"WebPage\",\"@id\":\"https:\/\/terrasdebasto.pt\/?p=1906\",\"url\":\"https:\/\/terrasdebasto.pt\/?p=1906\",\"name\":\"Celorico vai produzir \u201cbet\u00e3o de c\u00e2nhamo\u201d - Jornal Terras de Basto\",\"isPartOf\":{\"@id\":\"https:\/\/terrasdebasto.pt\/#website\"},\"primaryImageOfPage\":{\"@id\":\"https:\/\/terrasdebasto.pt\/?p=1906#primaryimage\"},\"image\":{\"@id\":\"https:\/\/terrasdebasto.pt\/?p=1906#primaryimage\"},\"thumbnailUrl\":\"https:\/\/terrasdebasto.pt\/wp-content\/uploads\/2024\/09\/CANHAMO-2-1.jpg\",\"datePublished\":\"2024-09-11T15:30:51+00:00\",\"dateModified\":\"2024-09-11T18:45:47+00:00\",\"description\":\"Celorico de Basto vai trazer para Portugal a produ\u00e7\u00e3o de pain\u00e9is pr\u00e9-fabricados \u00e0 base do designado \u201cbet\u00e3o de c\u00e2nhamo\u201d, uma proposta de um cons\u00f3rcio luso-franc\u00eas que prop\u00f5e instalar um \u201ceco-parque\u201d em Code\u00e7oso, neste concelho.\",\"breadcrumb\":{\"@id\":\"https:\/\/terrasdebasto.pt\/?p=1906#breadcrumb\"},\"inLanguage\":\"pt-PT\",\"potentialAction\":[{\"@type\":\"ReadAction\",\"target\":[\"https:\/\/terrasdebasto.pt\/?p=1906\"]}]},{\"@type\":\"ImageObject\",\"inLanguage\":\"pt-PT\",\"@id\":\"https:\/\/terrasdebasto.pt\/?p=1906#primaryimage\",\"url\":\"https:\/\/terrasdebasto.pt\/wp-content\/uploads\/2024\/09\/CANHAMO-2-1.jpg\",\"contentUrl\":\"https:\/\/terrasdebasto.pt\/wp-content\/uploads\/2024\/09\/CANHAMO-2-1.jpg\",\"width\":2048,\"height\":1365,\"caption\":\"Fotografia meramente ilustrativa\"},{\"@type\":\"BreadcrumbList\",\"@id\":\"https:\/\/terrasdebasto.pt\/?p=1906#breadcrumb\",\"itemListElement\":[{\"@type\":\"ListItem\",\"position\":1,\"name\":\"In\u00edcio\",\"item\":\"https:\/\/terrasdebasto.pt\/\"},{\"@type\":\"ListItem\",\"position\":2,\"name\":\"Celorico vai produzir \u201cbet\u00e3o de c\u00e2nhamo\u201d\"}]},{\"@type\":\"WebSite\",\"@id\":\"https:\/\/terrasdebasto.pt\/#website\",\"url\":\"https:\/\/terrasdebasto.pt\/\",\"name\":\"Jornal Terras de Basto\",\"description\":\"\",\"publisher\":{\"@id\":\"https:\/\/terrasdebasto.pt\/#organization\"},\"potentialAction\":[{\"@type\":\"SearchAction\",\"target\":{\"@type\":\"EntryPoint\",\"urlTemplate\":\"https:\/\/terrasdebasto.pt\/?s={search_term_string}\"},\"query-input\":{\"@type\":\"PropertyValueSpecification\",\"valueRequired\":true,\"valueName\":\"search_term_string\"}}],\"inLanguage\":\"pt-PT\"},{\"@type\":\"Organization\",\"@id\":\"https:\/\/terrasdebasto.pt\/#organization\",\"name\":\"Jornal Terras de Basto\",\"url\":\"https:\/\/terrasdebasto.pt\/\",\"logo\":{\"@type\":\"ImageObject\",\"inLanguage\":\"pt-PT\",\"@id\":\"https:\/\/terrasdebasto.pt\/#\/schema\/logo\/image\/\",\"url\":\"https:\/\/terrasdebasto.pt\/wp-content\/uploads\/2024\/06\/LogoNormal.png\",\"contentUrl\":\"https:\/\/terrasdebasto.pt\/wp-content\/uploads\/2024\/06\/LogoNormal.png\",\"width\":5638,\"height\":809,\"caption\":\"Jornal Terras de Basto\"},\"image\":{\"@id\":\"https:\/\/terrasdebasto.pt\/#\/schema\/logo\/image\/\"}},{\"@type\":\"Person\",\"@id\":\"https:\/\/terrasdebasto.pt\/#\/schema\/person\/9f6739f5394ac65c802641773b278b84\",\"name\":\"Jo\u00e3o Paulo Mesquita\",\"image\":{\"@type\":\"ImageObject\",\"inLanguage\":\"pt-PT\",\"@id\":\"https:\/\/terrasdebasto.pt\/#\/schema\/person\/image\/\",\"url\":\"https:\/\/secure.gravatar.com\/avatar\/9bd0f299e6d96336664aab64354168246a3ee3287c47891c50d450e47ed9d7f9?s=96&d=mm&r=g\",\"contentUrl\":\"https:\/\/secure.gravatar.com\/avatar\/9bd0f299e6d96336664aab64354168246a3ee3287c47891c50d450e47ed9d7f9?s=96&d=mm&r=g\",\"caption\":\"Jo\u00e3o Paulo Mesquita\"},\"url\":\"https:\/\/terrasdebasto.pt\/?author=7\"}]}<\/script>\n<!-- \/ Yoast SEO plugin. -->","yoast_head_json":{"title":"Celorico vai produzir \u201cbet\u00e3o de c\u00e2nhamo\u201d - Jornal Terras de Basto","description":"Celorico de Basto vai trazer para Portugal a produ\u00e7\u00e3o de pain\u00e9is pr\u00e9-fabricados \u00e0 base do designado \u201cbet\u00e3o de c\u00e2nhamo\u201d, uma proposta de um cons\u00f3rcio luso-franc\u00eas que prop\u00f5e instalar um \u201ceco-parque\u201d em Code\u00e7oso, neste concelho.","robots":{"index":"index","follow":"follow","max-snippet":"max-snippet:-1","max-image-preview":"max-image-preview:large","max-video-preview":"max-video-preview:-1"},"canonical":"https:\/\/terrasdebasto.pt\/?p=1906","og_locale":"pt_PT","og_type":"article","og_title":"Celorico vai produzir \u201cbet\u00e3o de c\u00e2nhamo\u201d - Jornal Terras de Basto","og_description":"Celorico de Basto vai trazer para Portugal a produ\u00e7\u00e3o de pain\u00e9is pr\u00e9-fabricados \u00e0 base do designado \u201cbet\u00e3o de c\u00e2nhamo\u201d, uma proposta de um cons\u00f3rcio luso-franc\u00eas que prop\u00f5e instalar um \u201ceco-parque\u201d em Code\u00e7oso, neste concelho.","og_url":"https:\/\/terrasdebasto.pt\/?p=1906","og_site_name":"Jornal Terras de Basto","article_published_time":"2024-09-11T15:30:51+00:00","article_modified_time":"2024-09-11T18:45:47+00:00","og_image":[{"width":2048,"height":1365,"url":"https:\/\/terrasdebasto.pt\/wp-content\/uploads\/2024\/09\/CANHAMO-2-1.jpg","type":"image\/jpeg"}],"author":"Jo\u00e3o Paulo Mesquita","twitter_card":"summary_large_image","twitter_misc":{"Escrito por":"Jo\u00e3o Paulo Mesquita","Tempo estimado de leitura":"4 minutos"},"schema":{"@context":"https:\/\/schema.org","@graph":[{"@type":"Article","@id":"https:\/\/terrasdebasto.pt\/?p=1906#article","isPartOf":{"@id":"https:\/\/terrasdebasto.pt\/?p=1906"},"author":{"name":"Jo\u00e3o Paulo Mesquita","@id":"https:\/\/terrasdebasto.pt\/#\/schema\/person\/9f6739f5394ac65c802641773b278b84"},"headline":"Celorico vai produzir \u201cbet\u00e3o de c\u00e2nhamo\u201d","datePublished":"2024-09-11T15:30:51+00:00","dateModified":"2024-09-11T18:45:47+00:00","mainEntityOfPage":{"@id":"https:\/\/terrasdebasto.pt\/?p=1906"},"wordCount":581,"commentCount":0,"publisher":{"@id":"https:\/\/terrasdebasto.pt\/#organization"},"image":{"@id":"https:\/\/terrasdebasto.pt\/?p=1906#primaryimage"},"thumbnailUrl":"https:\/\/terrasdebasto.pt\/wp-content\/uploads\/2024\/09\/CANHAMO-2-1.jpg","keywords":["Celorico de Basto","constru\u00e7\u00e3o civil","inova\u00e7\u00e3o","wall'up iberia"],"articleSection":["Celorico de Basto","Tecnologia"],"inLanguage":"pt-PT","potentialAction":[{"@type":"CommentAction","name":"Comment","target":["https:\/\/terrasdebasto.pt\/?p=1906#respond"]}]},{"@type":"WebPage","@id":"https:\/\/terrasdebasto.pt\/?p=1906","url":"https:\/\/terrasdebasto.pt\/?p=1906","name":"Celorico vai produzir \u201cbet\u00e3o de c\u00e2nhamo\u201d - Jornal Terras de Basto","isPartOf":{"@id":"https:\/\/terrasdebasto.pt\/#website"},"primaryImageOfPage":{"@id":"https:\/\/terrasdebasto.pt\/?p=1906#primaryimage"},"image":{"@id":"https:\/\/terrasdebasto.pt\/?p=1906#primaryimage"},"thumbnailUrl":"https:\/\/terrasdebasto.pt\/wp-content\/uploads\/2024\/09\/CANHAMO-2-1.jpg","datePublished":"2024-09-11T15:30:51+00:00","dateModified":"2024-09-11T18:45:47+00:00","description":"Celorico de Basto vai trazer para Portugal a produ\u00e7\u00e3o de pain\u00e9is pr\u00e9-fabricados \u00e0 base do designado \u201cbet\u00e3o de c\u00e2nhamo\u201d, uma proposta de um cons\u00f3rcio luso-franc\u00eas que prop\u00f5e instalar um \u201ceco-parque\u201d em Code\u00e7oso, neste concelho.","breadcrumb":{"@id":"https:\/\/terrasdebasto.pt\/?p=1906#breadcrumb"},"inLanguage":"pt-PT","potentialAction":[{"@type":"ReadAction","target":["https:\/\/terrasdebasto.pt\/?p=1906"]}]},{"@type":"ImageObject","inLanguage":"pt-PT","@id":"https:\/\/terrasdebasto.pt\/?p=1906#primaryimage","url":"https:\/\/terrasdebasto.pt\/wp-content\/uploads\/2024\/09\/CANHAMO-2-1.jpg","contentUrl":"https:\/\/terrasdebasto.pt\/wp-content\/uploads\/2024\/09\/CANHAMO-2-1.jpg","width":2048,"height":1365,"caption":"Fotografia meramente ilustrativa"},{"@type":"BreadcrumbList","@id":"https:\/\/terrasdebasto.pt\/?p=1906#breadcrumb","itemListElement":[{"@type":"ListItem","position":1,"name":"In\u00edcio","item":"https:\/\/terrasdebasto.pt\/"},{"@type":"ListItem","position":2,"name":"Celorico vai produzir \u201cbet\u00e3o de c\u00e2nhamo\u201d"}]},{"@type":"WebSite","@id":"https:\/\/terrasdebasto.pt\/#website","url":"https:\/\/terrasdebasto.pt\/","name":"Jornal Terras de Basto","description":"","publisher":{"@id":"https:\/\/terrasdebasto.pt\/#organization"},"potentialAction":[{"@type":"SearchAction","target":{"@type":"EntryPoint","urlTemplate":"https:\/\/terrasdebasto.pt\/?s={search_term_string}"},"query-input":{"@type":"PropertyValueSpecification","valueRequired":true,"valueName":"search_term_string"}}],"inLanguage":"pt-PT"},{"@type":"Organization","@id":"https:\/\/terrasdebasto.pt\/#organization","name":"Jornal Terras de Basto","url":"https:\/\/terrasdebasto.pt\/","logo":{"@type":"ImageObject","inLanguage":"pt-PT","@id":"https:\/\/terrasdebasto.pt\/#\/schema\/logo\/image\/","url":"https:\/\/terrasdebasto.pt\/wp-content\/uploads\/2024\/06\/LogoNormal.png","contentUrl":"https:\/\/terrasdebasto.pt\/wp-content\/uploads\/2024\/06\/LogoNormal.png","width":5638,"height":809,"caption":"Jornal Terras de Basto"},"image":{"@id":"https:\/\/terrasdebasto.pt\/#\/schema\/logo\/image\/"}},{"@type":"Person","@id":"https:\/\/terrasdebasto.pt\/#\/schema\/person\/9f6739f5394ac65c802641773b278b84","name":"Jo\u00e3o Paulo Mesquita","image":{"@type":"ImageObject","inLanguage":"pt-PT","@id":"https:\/\/terrasdebasto.pt\/#\/schema\/person\/image\/","url":"https:\/\/secure.gravatar.com\/avatar\/9bd0f299e6d96336664aab64354168246a3ee3287c47891c50d450e47ed9d7f9?s=96&d=mm&r=g","contentUrl":"https:\/\/secure.gravatar.com\/avatar\/9bd0f299e6d96336664aab64354168246a3ee3287c47891c50d450e47ed9d7f9?s=96&d=mm&r=g","caption":"Jo\u00e3o Paulo Mesquita"},"url":"https:\/\/terrasdebasto.pt\/?author=7"}]}},"_links":{"self":[{"href":"https:\/\/terrasdebasto.pt\/index.php?rest_route=\/wp\/v2\/posts\/1906","targetHints":{"allow":["GET"]}}],"collection":[{"href":"https:\/\/terrasdebasto.pt\/index.php?rest_route=\/wp\/v2\/posts"}],"about":[{"href":"https:\/\/terrasdebasto.pt\/index.php?rest_route=\/wp\/v2\/types\/post"}],"author":[{"embeddable":true,"href":"https:\/\/terrasdebasto.pt\/index.php?rest_route=\/wp\/v2\/users\/7"}],"replies":[{"embeddable":true,"href":"https:\/\/terrasdebasto.pt\/index.php?rest_route=%2Fwp%2Fv2%2Fcomments&post=1906"}],"version-history":[{"count":3,"href":"https:\/\/terrasdebasto.pt\/index.php?rest_route=\/wp\/v2\/posts\/1906\/revisions"}],"predecessor-version":[{"id":1932,"href":"https:\/\/terrasdebasto.pt\/index.php?rest_route=\/wp\/v2\/posts\/1906\/revisions\/1932"}],"wp:featuredmedia":[{"embeddable":true,"href":"https:\/\/terrasdebasto.pt\/index.php?rest_route=\/wp\/v2\/media\/1907"}],"wp:attachment":[{"href":"https:\/\/terrasdebasto.pt\/index.php?rest_route=%2Fwp%2Fv2%2Fmedia&parent=1906"}],"wp:term":[{"taxonomy":"category","embeddable":true,"href":"https:\/\/terrasdebasto.pt\/index.php?rest_route=%2Fwp%2Fv2%2Fcategories&post=1906"},{"taxonomy":"post_tag","embeddable":true,"href":"https:\/\/terrasdebasto.pt\/index.php?rest_route=%2Fwp%2Fv2%2Ftags&post=1906"}],"curies":[{"name":"wp","href":"https:\/\/api.w.org\/{rel}","templated":true}]}}