{"id":1815,"date":"2024-09-05T17:44:02","date_gmt":"2024-09-05T17:44:02","guid":{"rendered":"https:\/\/terrasdebasto.pt\/?p=1815"},"modified":"2024-09-05T17:44:03","modified_gmt":"2024-09-05T17:44:03","slug":"mais-um-bom-ano-de-vinhos-verdes","status":"publish","type":"post","link":"https:\/\/terrasdebasto.pt\/?p=1815","title":{"rendered":"Mais um bom ano de Vinhos Verdes"},"content":{"rendered":"\n<p><\/p>\n\n\n\n<p><strong>A Comiss\u00e3o de Viticultura da Regi\u00e3o dos Vinhos Verdes (CVRVV)estima este ano uma produ\u00e7\u00e3o ao n\u00edvel de 2023, com 90 milh\u00f5es de litros, apesar de \u00abser cedo para saber como ir\u00e1 fechar\u00bb o ano, dado o atraso na vindima, revelou a presidente.<\/strong><\/p>\n\n\n\n<p>\u00abApesar de a vindima estar atrasada face a 2023 e ainda n\u00e3o se ter iniciado em larga escala na regi\u00e3o, estima-se que a produ\u00e7\u00e3o poder\u00e1 estar ao n\u00edvel das produ\u00e7\u00f5es verificadas no ano passado \u2013 cerca de 90 milh\u00f5es de litros \u2013 sendo sempre poss\u00edvel haver varia\u00e7\u00f5es ligeiramente acima ou abaixo destes valores\u00bb, afirma Dora Sim\u00f5es, numa nota citada pela ag\u00eancia Lusa.<\/p>\n\n\n\n<p>Dora Sim\u00f5es diz ser ainda cedo para saber como vai correr o ano de 2024 relativamente ao volume total de produ\u00e7\u00e3o, uma vez que s\u00f3 se iniciaram as vindimas para espumante e a vindima de castas mais precoces.<\/p>\n\n\n\n<p>\u00abPode-se desde j\u00e1 avan\u00e7ar que a qualidade geral das uvas \u00e9 bastante boa e, se as condi\u00e7\u00f5es atuais se mantiverem, ser\u00e1 um ano de excelente qualidade de uvas para a regi\u00e3o dos Vinhos Verdes\u00bb, acrescenta.<\/p>\n\n\n\n<p>A presidente da Comiss\u00e3o afirma ainda que, neste ano vitivin\u00edcola, as temperaturas apresentaram, em parte do ano, valores m\u00e9dios mais elevados do que no ano passado, o que influenciou o ciclo vegetativo das videiras, causando \u00abum abrolhamento mais precoce, mas atrasando a flora\u00e7\u00e3o em maio, devido a baixas temperaturas durante esse m\u00eas\u00bb.<\/p>\n\n\n\n<p>\u00abHouve incid\u00eancia de m\u00edldio e \u201cblackrot\u201d, o que afetou a produtividade de algumas vinhas\u00bb, refere, acrescentando que a regi\u00e3o conta com uma quantidade significativa de vinhas jovens, fruto da reestrutura\u00e7\u00e3o feita durante a \u00faltima d\u00e9cada, pelo que ser\u00e1 poss\u00edvel que perdas registadas por doen\u00e7as criptog\u00e2micas e por escald\u00e3o possam ser compensadas pela produ\u00e7\u00e3o de vinhas jovens na regi\u00e3o.<\/p>\n\n\n\n<p>A Comiss\u00e3o de Viticultura da Regi\u00e3o dos Vinhos Verdes promove este s\u00e1bado (7), entre as 10h00 e as 19h00, mais uma edi\u00e7\u00e3o do Dia de Portas Abertas, intitulado \u201cQuintas ao S\u00e1bado\u201d, e que conta com 14 quintas e produtores.<\/p>\n\n\n\n<p>Caminhadas na vinha, \u2018workshops\u2019 de artes na vinha para adultos e crian\u00e7as, passeios de comboio tur\u00edstico, concertos, m\u00fasicas e provas de vinho s\u00e3o algumas das atividades que os visitantes poder\u00e3o realizar em v\u00e1rios pontos da regi\u00e3o, como Celorico de Basto, Mon\u00e7\u00e3o, Penafiel, Lousada, Valongo, Melga\u00e7o, Barcelos ou Amarante. A participa\u00e7\u00e3o \u00e9 gratuita, mas a comiss\u00e3o recomenda a inscri\u00e7\u00e3o pr\u00e9via. [Reda\u00e7\u00e3o, com Lusa].<\/p>\n","protected":false},"excerpt":{"rendered":"<p>A Comiss\u00e3o de Viticultura da Regi\u00e3o dos Vinhos Verdes (CVRVV)estima este ano uma produ\u00e7\u00e3o ao n\u00edvel de 2023, com 90 milh\u00f5es de litros, apesar de \u00abser cedo para saber como ir\u00e1 fechar\u00bb o ano, dado o atraso na vindima, revelou a presidente. \u00abApesar de a vindima estar atrasada face a 2023 e ainda n\u00e3o se [&hellip;]<\/p>\n","protected":false},"author":7,"featured_media":1816,"comment_status":"open","ping_status":"open","sticky":false,"template":"","format":"standard","meta":{"footnotes":""},"categories":[9],"tags":[323],"class_list":{"0":"post-1815","1":"post","2":"type-post","3":"status-publish","4":"format-standard","5":"has-post-thumbnail","7":"category-terras-de-basto","8":"tag-vinhos-verdes"},"yoast_head":"<!-- This site is optimized with the Yoast SEO plugin v25.7 - https:\/\/yoast.com\/wordpress\/plugins\/seo\/ -->\n<title>Mais um bom ano de Vinhos Verdes - Jornal Terras de Basto<\/title>\n<meta name=\"description\" content=\"A Comiss\u00e3o de Viticultura da Regi\u00e3o dos Vinhos Verdes (CVRVV)estima este ano uma produ\u00e7\u00e3o ao n\u00edvel de 2023, com 90 milh\u00f5es de litros, apesar de \u00abser cedo para saber como ir\u00e1 fechar\u00bb o ano, dado o atraso na vindima, revelou a presidente.\" \/>\n<meta name=\"robots\" content=\"index, follow, max-snippet:-1, max-image-preview:large, max-video-preview:-1\" \/>\n<link rel=\"canonical\" href=\"https:\/\/terrasdebasto.pt\/?p=1815\" \/>\n<meta property=\"og:locale\" content=\"pt_PT\" \/>\n<meta property=\"og:type\" content=\"article\" \/>\n<meta property=\"og:title\" content=\"Mais um bom ano de Vinhos Verdes - Jornal Terras de Basto\" \/>\n<meta property=\"og:description\" content=\"A Comiss\u00e3o de Viticultura da Regi\u00e3o dos Vinhos Verdes (CVRVV)estima este ano uma produ\u00e7\u00e3o ao n\u00edvel de 2023, com 90 milh\u00f5es de litros, apesar de \u00abser cedo para saber como ir\u00e1 fechar\u00bb o ano, dado o atraso na vindima, revelou a presidente.\" \/>\n<meta property=\"og:url\" content=\"https:\/\/terrasdebasto.pt\/?p=1815\" \/>\n<meta property=\"og:site_name\" content=\"Jornal Terras de Basto\" \/>\n<meta property=\"article:published_time\" content=\"2024-09-05T17:44:02+00:00\" \/>\n<meta property=\"article:modified_time\" content=\"2024-09-05T17:44:03+00:00\" \/>\n<meta property=\"og:image\" content=\"https:\/\/terrasdebasto.pt\/wp-content\/uploads\/2024\/09\/VINHOS-VERDES.jpg\" \/>\n\t<meta property=\"og:image:width\" content=\"1500\" \/>\n\t<meta property=\"og:image:height\" content=\"1125\" \/>\n\t<meta property=\"og:image:type\" content=\"image\/jpeg\" \/>\n<meta name=\"author\" content=\"Jo\u00e3o Paulo Mesquita\" \/>\n<meta name=\"twitter:card\" content=\"summary_large_image\" \/>\n<meta name=\"twitter:label1\" content=\"Escrito por\" \/>\n\t<meta name=\"twitter:data1\" content=\"Jo\u00e3o Paulo Mesquita\" \/>\n\t<meta name=\"twitter:label2\" content=\"Tempo estimado de leitura\" \/>\n\t<meta name=\"twitter:data2\" content=\"3 minutos\" \/>\n<script type=\"application\/ld+json\" class=\"yoast-schema-graph\">{\"@context\":\"https:\/\/schema.org\",\"@graph\":[{\"@type\":\"Article\",\"@id\":\"https:\/\/terrasdebasto.pt\/?p=1815#article\",\"isPartOf\":{\"@id\":\"https:\/\/terrasdebasto.pt\/?p=1815\"},\"author\":{\"name\":\"Jo\u00e3o Paulo Mesquita\",\"@id\":\"https:\/\/terrasdebasto.pt\/#\/schema\/person\/9f6739f5394ac65c802641773b278b84\"},\"headline\":\"Mais um bom ano de Vinhos Verdes\",\"datePublished\":\"2024-09-05T17:44:02+00:00\",\"dateModified\":\"2024-09-05T17:44:03+00:00\",\"mainEntityOfPage\":{\"@id\":\"https:\/\/terrasdebasto.pt\/?p=1815\"},\"wordCount\":440,\"commentCount\":0,\"publisher\":{\"@id\":\"https:\/\/terrasdebasto.pt\/#organization\"},\"image\":{\"@id\":\"https:\/\/terrasdebasto.pt\/?p=1815#primaryimage\"},\"thumbnailUrl\":\"https:\/\/terrasdebasto.pt\/wp-content\/uploads\/2024\/09\/VINHOS-VERDES.jpg\",\"keywords\":[\"vinhos verdes\"],\"articleSection\":[\"Terras de Basto\"],\"inLanguage\":\"pt-PT\",\"potentialAction\":[{\"@type\":\"CommentAction\",\"name\":\"Comment\",\"target\":[\"https:\/\/terrasdebasto.pt\/?p=1815#respond\"]}]},{\"@type\":\"WebPage\",\"@id\":\"https:\/\/terrasdebasto.pt\/?p=1815\",\"url\":\"https:\/\/terrasdebasto.pt\/?p=1815\",\"name\":\"Mais um bom ano de Vinhos Verdes - Jornal Terras de Basto\",\"isPartOf\":{\"@id\":\"https:\/\/terrasdebasto.pt\/#website\"},\"primaryImageOfPage\":{\"@id\":\"https:\/\/terrasdebasto.pt\/?p=1815#primaryimage\"},\"image\":{\"@id\":\"https:\/\/terrasdebasto.pt\/?p=1815#primaryimage\"},\"thumbnailUrl\":\"https:\/\/terrasdebasto.pt\/wp-content\/uploads\/2024\/09\/VINHOS-VERDES.jpg\",\"datePublished\":\"2024-09-05T17:44:02+00:00\",\"dateModified\":\"2024-09-05T17:44:03+00:00\",\"description\":\"A Comiss\u00e3o de Viticultura da Regi\u00e3o dos Vinhos Verdes (CVRVV)estima este ano uma produ\u00e7\u00e3o ao n\u00edvel de 2023, com 90 milh\u00f5es de litros, apesar de \u00abser cedo para saber como ir\u00e1 fechar\u00bb o ano, dado o atraso na vindima, revelou a presidente.\",\"breadcrumb\":{\"@id\":\"https:\/\/terrasdebasto.pt\/?p=1815#breadcrumb\"},\"inLanguage\":\"pt-PT\",\"potentialAction\":[{\"@type\":\"ReadAction\",\"target\":[\"https:\/\/terrasdebasto.pt\/?p=1815\"]}]},{\"@type\":\"ImageObject\",\"inLanguage\":\"pt-PT\",\"@id\":\"https:\/\/terrasdebasto.pt\/?p=1815#primaryimage\",\"url\":\"https:\/\/terrasdebasto.pt\/wp-content\/uploads\/2024\/09\/VINHOS-VERDES.jpg\",\"contentUrl\":\"https:\/\/terrasdebasto.pt\/wp-content\/uploads\/2024\/09\/VINHOS-VERDES.jpg\",\"width\":1500,\"height\":1125},{\"@type\":\"BreadcrumbList\",\"@id\":\"https:\/\/terrasdebasto.pt\/?p=1815#breadcrumb\",\"itemListElement\":[{\"@type\":\"ListItem\",\"position\":1,\"name\":\"In\u00edcio\",\"item\":\"https:\/\/terrasdebasto.pt\/\"},{\"@type\":\"ListItem\",\"position\":2,\"name\":\"Mais um bom ano de Vinhos Verdes\"}]},{\"@type\":\"WebSite\",\"@id\":\"https:\/\/terrasdebasto.pt\/#website\",\"url\":\"https:\/\/terrasdebasto.pt\/\",\"name\":\"Jornal Terras de Basto\",\"description\":\"\",\"publisher\":{\"@id\":\"https:\/\/terrasdebasto.pt\/#organization\"},\"potentialAction\":[{\"@type\":\"SearchAction\",\"target\":{\"@type\":\"EntryPoint\",\"urlTemplate\":\"https:\/\/terrasdebasto.pt\/?s={search_term_string}\"},\"query-input\":{\"@type\":\"PropertyValueSpecification\",\"valueRequired\":true,\"valueName\":\"search_term_string\"}}],\"inLanguage\":\"pt-PT\"},{\"@type\":\"Organization\",\"@id\":\"https:\/\/terrasdebasto.pt\/#organization\",\"name\":\"Jornal Terras de Basto\",\"url\":\"https:\/\/terrasdebasto.pt\/\",\"logo\":{\"@type\":\"ImageObject\",\"inLanguage\":\"pt-PT\",\"@id\":\"https:\/\/terrasdebasto.pt\/#\/schema\/logo\/image\/\",\"url\":\"https:\/\/terrasdebasto.pt\/wp-content\/uploads\/2024\/06\/LogoNormal.png\",\"contentUrl\":\"https:\/\/terrasdebasto.pt\/wp-content\/uploads\/2024\/06\/LogoNormal.png\",\"width\":5638,\"height\":809,\"caption\":\"Jornal Terras de Basto\"},\"image\":{\"@id\":\"https:\/\/terrasdebasto.pt\/#\/schema\/logo\/image\/\"}},{\"@type\":\"Person\",\"@id\":\"https:\/\/terrasdebasto.pt\/#\/schema\/person\/9f6739f5394ac65c802641773b278b84\",\"name\":\"Jo\u00e3o Paulo Mesquita\",\"image\":{\"@type\":\"ImageObject\",\"inLanguage\":\"pt-PT\",\"@id\":\"https:\/\/terrasdebasto.pt\/#\/schema\/person\/image\/\",\"url\":\"https:\/\/secure.gravatar.com\/avatar\/9bd0f299e6d96336664aab64354168246a3ee3287c47891c50d450e47ed9d7f9?s=96&d=mm&r=g\",\"contentUrl\":\"https:\/\/secure.gravatar.com\/avatar\/9bd0f299e6d96336664aab64354168246a3ee3287c47891c50d450e47ed9d7f9?s=96&d=mm&r=g\",\"caption\":\"Jo\u00e3o Paulo Mesquita\"},\"url\":\"https:\/\/terrasdebasto.pt\/?author=7\"}]}<\/script>\n<!-- \/ Yoast SEO plugin. -->","yoast_head_json":{"title":"Mais um bom ano de Vinhos Verdes - Jornal Terras de Basto","description":"A Comiss\u00e3o de Viticultura da Regi\u00e3o dos Vinhos Verdes (CVRVV)estima este ano uma produ\u00e7\u00e3o ao n\u00edvel de 2023, com 90 milh\u00f5es de litros, apesar de \u00abser cedo para saber como ir\u00e1 fechar\u00bb o ano, dado o atraso na vindima, revelou a presidente.","robots":{"index":"index","follow":"follow","max-snippet":"max-snippet:-1","max-image-preview":"max-image-preview:large","max-video-preview":"max-video-preview:-1"},"canonical":"https:\/\/terrasdebasto.pt\/?p=1815","og_locale":"pt_PT","og_type":"article","og_title":"Mais um bom ano de Vinhos Verdes - Jornal Terras de Basto","og_description":"A Comiss\u00e3o de Viticultura da Regi\u00e3o dos Vinhos Verdes (CVRVV)estima este ano uma produ\u00e7\u00e3o ao n\u00edvel de 2023, com 90 milh\u00f5es de litros, apesar de \u00abser cedo para saber como ir\u00e1 fechar\u00bb o ano, dado o atraso na vindima, revelou a presidente.","og_url":"https:\/\/terrasdebasto.pt\/?p=1815","og_site_name":"Jornal Terras de Basto","article_published_time":"2024-09-05T17:44:02+00:00","article_modified_time":"2024-09-05T17:44:03+00:00","og_image":[{"width":1500,"height":1125,"url":"https:\/\/terrasdebasto.pt\/wp-content\/uploads\/2024\/09\/VINHOS-VERDES.jpg","type":"image\/jpeg"}],"author":"Jo\u00e3o Paulo Mesquita","twitter_card":"summary_large_image","twitter_misc":{"Escrito por":"Jo\u00e3o Paulo Mesquita","Tempo estimado de leitura":"3 minutos"},"schema":{"@context":"https:\/\/schema.org","@graph":[{"@type":"Article","@id":"https:\/\/terrasdebasto.pt\/?p=1815#article","isPartOf":{"@id":"https:\/\/terrasdebasto.pt\/?p=1815"},"author":{"name":"Jo\u00e3o Paulo Mesquita","@id":"https:\/\/terrasdebasto.pt\/#\/schema\/person\/9f6739f5394ac65c802641773b278b84"},"headline":"Mais um bom ano de Vinhos Verdes","datePublished":"2024-09-05T17:44:02+00:00","dateModified":"2024-09-05T17:44:03+00:00","mainEntityOfPage":{"@id":"https:\/\/terrasdebasto.pt\/?p=1815"},"wordCount":440,"commentCount":0,"publisher":{"@id":"https:\/\/terrasdebasto.pt\/#organization"},"image":{"@id":"https:\/\/terrasdebasto.pt\/?p=1815#primaryimage"},"thumbnailUrl":"https:\/\/terrasdebasto.pt\/wp-content\/uploads\/2024\/09\/VINHOS-VERDES.jpg","keywords":["vinhos verdes"],"articleSection":["Terras de Basto"],"inLanguage":"pt-PT","potentialAction":[{"@type":"CommentAction","name":"Comment","target":["https:\/\/terrasdebasto.pt\/?p=1815#respond"]}]},{"@type":"WebPage","@id":"https:\/\/terrasdebasto.pt\/?p=1815","url":"https:\/\/terrasdebasto.pt\/?p=1815","name":"Mais um bom ano de Vinhos Verdes - Jornal Terras de Basto","isPartOf":{"@id":"https:\/\/terrasdebasto.pt\/#website"},"primaryImageOfPage":{"@id":"https:\/\/terrasdebasto.pt\/?p=1815#primaryimage"},"image":{"@id":"https:\/\/terrasdebasto.pt\/?p=1815#primaryimage"},"thumbnailUrl":"https:\/\/terrasdebasto.pt\/wp-content\/uploads\/2024\/09\/VINHOS-VERDES.jpg","datePublished":"2024-09-05T17:44:02+00:00","dateModified":"2024-09-05T17:44:03+00:00","description":"A Comiss\u00e3o de Viticultura da Regi\u00e3o dos Vinhos Verdes (CVRVV)estima este ano uma produ\u00e7\u00e3o ao n\u00edvel de 2023, com 90 milh\u00f5es de litros, apesar de \u00abser cedo para saber como ir\u00e1 fechar\u00bb o ano, dado o atraso na vindima, revelou a presidente.","breadcrumb":{"@id":"https:\/\/terrasdebasto.pt\/?p=1815#breadcrumb"},"inLanguage":"pt-PT","potentialAction":[{"@type":"ReadAction","target":["https:\/\/terrasdebasto.pt\/?p=1815"]}]},{"@type":"ImageObject","inLanguage":"pt-PT","@id":"https:\/\/terrasdebasto.pt\/?p=1815#primaryimage","url":"https:\/\/terrasdebasto.pt\/wp-content\/uploads\/2024\/09\/VINHOS-VERDES.jpg","contentUrl":"https:\/\/terrasdebasto.pt\/wp-content\/uploads\/2024\/09\/VINHOS-VERDES.jpg","width":1500,"height":1125},{"@type":"BreadcrumbList","@id":"https:\/\/terrasdebasto.pt\/?p=1815#breadcrumb","itemListElement":[{"@type":"ListItem","position":1,"name":"In\u00edcio","item":"https:\/\/terrasdebasto.pt\/"},{"@type":"ListItem","position":2,"name":"Mais um bom ano de Vinhos Verdes"}]},{"@type":"WebSite","@id":"https:\/\/terrasdebasto.pt\/#website","url":"https:\/\/terrasdebasto.pt\/","name":"Jornal Terras de Basto","description":"","publisher":{"@id":"https:\/\/terrasdebasto.pt\/#organization"},"potentialAction":[{"@type":"SearchAction","target":{"@type":"EntryPoint","urlTemplate":"https:\/\/terrasdebasto.pt\/?s={search_term_string}"},"query-input":{"@type":"PropertyValueSpecification","valueRequired":true,"valueName":"search_term_string"}}],"inLanguage":"pt-PT"},{"@type":"Organization","@id":"https:\/\/terrasdebasto.pt\/#organization","name":"Jornal Terras de Basto","url":"https:\/\/terrasdebasto.pt\/","logo":{"@type":"ImageObject","inLanguage":"pt-PT","@id":"https:\/\/terrasdebasto.pt\/#\/schema\/logo\/image\/","url":"https:\/\/terrasdebasto.pt\/wp-content\/uploads\/2024\/06\/LogoNormal.png","contentUrl":"https:\/\/terrasdebasto.pt\/wp-content\/uploads\/2024\/06\/LogoNormal.png","width":5638,"height":809,"caption":"Jornal Terras de Basto"},"image":{"@id":"https:\/\/terrasdebasto.pt\/#\/schema\/logo\/image\/"}},{"@type":"Person","@id":"https:\/\/terrasdebasto.pt\/#\/schema\/person\/9f6739f5394ac65c802641773b278b84","name":"Jo\u00e3o Paulo Mesquita","image":{"@type":"ImageObject","inLanguage":"pt-PT","@id":"https:\/\/terrasdebasto.pt\/#\/schema\/person\/image\/","url":"https:\/\/secure.gravatar.com\/avatar\/9bd0f299e6d96336664aab64354168246a3ee3287c47891c50d450e47ed9d7f9?s=96&d=mm&r=g","contentUrl":"https:\/\/secure.gravatar.com\/avatar\/9bd0f299e6d96336664aab64354168246a3ee3287c47891c50d450e47ed9d7f9?s=96&d=mm&r=g","caption":"Jo\u00e3o Paulo Mesquita"},"url":"https:\/\/terrasdebasto.pt\/?author=7"}]}},"_links":{"self":[{"href":"https:\/\/terrasdebasto.pt\/index.php?rest_route=\/wp\/v2\/posts\/1815","targetHints":{"allow":["GET"]}}],"collection":[{"href":"https:\/\/terrasdebasto.pt\/index.php?rest_route=\/wp\/v2\/posts"}],"about":[{"href":"https:\/\/terrasdebasto.pt\/index.php?rest_route=\/wp\/v2\/types\/post"}],"author":[{"embeddable":true,"href":"https:\/\/terrasdebasto.pt\/index.php?rest_route=\/wp\/v2\/users\/7"}],"replies":[{"embeddable":true,"href":"https:\/\/terrasdebasto.pt\/index.php?rest_route=%2Fwp%2Fv2%2Fcomments&post=1815"}],"version-history":[{"count":1,"href":"https:\/\/terrasdebasto.pt\/index.php?rest_route=\/wp\/v2\/posts\/1815\/revisions"}],"predecessor-version":[{"id":1817,"href":"https:\/\/terrasdebasto.pt\/index.php?rest_route=\/wp\/v2\/posts\/1815\/revisions\/1817"}],"wp:featuredmedia":[{"embeddable":true,"href":"https:\/\/terrasdebasto.pt\/index.php?rest_route=\/wp\/v2\/media\/1816"}],"wp:attachment":[{"href":"https:\/\/terrasdebasto.pt\/index.php?rest_route=%2Fwp%2Fv2%2Fmedia&parent=1815"}],"wp:term":[{"taxonomy":"category","embeddable":true,"href":"https:\/\/terrasdebasto.pt\/index.php?rest_route=%2Fwp%2Fv2%2Fcategories&post=1815"},{"taxonomy":"post_tag","embeddable":true,"href":"https:\/\/terrasdebasto.pt\/index.php?rest_route=%2Fwp%2Fv2%2Ftags&post=1815"}],"curies":[{"name":"wp","href":"https:\/\/api.w.org\/{rel}","templated":true}]}}