{"id":1808,"date":"2024-09-05T17:03:20","date_gmt":"2024-09-05T17:03:20","guid":{"rendered":"https:\/\/terrasdebasto.pt\/?p=1808"},"modified":"2024-09-05T17:03:20","modified_gmt":"2024-09-05T17:03:20","slug":"pentefuso-foi-um-ar-que-se-lhe-deu","status":"publish","type":"post","link":"https:\/\/terrasdebasto.pt\/?p=1808","title":{"rendered":"\u201cPentefuso\u201d, foi um ar que se lhe deu!"},"content":{"rendered":"\n<p><strong>Dois anos de vida! Foi quanto durou o \u201cPentefuso\u201d, um trabalho escult\u00f3rico de Patr\u00edcia Oliveira, que em m\u00e1-hora o munic\u00edpio cabeceirense decidiu instalar num s\u00edtio rec\u00f4ndito e abandonado do ainda chamado parque urbano. Por estes dias, foram levantados os restos mortais. O presidente da C\u00e2mara j\u00e1 avisou que ser\u00e1 instalado noutro sitio da vila, mais consent\u00e2neo com a sua resist\u00eancia \u00e0 malvadez e m\u00e1-educa\u00e7\u00e3o juvenil. A escultora j\u00e1 fez as pe\u00e7as substitutas. A bem dizer, fez tudo que era vidro soprado! Menos o a\u00e7o. E o som, que, embora anunciado, nunca teve. Os servi\u00e7os t\u00e9cnicos municipais procuram agora novo s\u00edtio. Um dia destes, voltaremos a v\u00ea-lo por a\u00ed. Acreditamos. [JPM].<\/strong><\/p>\n\n\n\n<figure class=\"wp-block-gallery has-nested-images columns-default is-cropped wp-block-gallery-1 is-layout-flex wp-block-gallery-is-layout-flex\">\n<figure class=\"wp-block-image size-large\"><img loading=\"lazy\" decoding=\"async\" width=\"1024\" height=\"1024\" data-id=\"1810\" src=\"https:\/\/terrasdebasto.pt\/wp-content\/uploads\/2024\/09\/PENTEFUSO-1-1024x1024.jpg\" alt=\"\" class=\"wp-image-1810\" srcset=\"https:\/\/terrasdebasto.pt\/wp-content\/uploads\/2024\/09\/PENTEFUSO-1-1024x1024.jpg 1024w, https:\/\/terrasdebasto.pt\/wp-content\/uploads\/2024\/09\/PENTEFUSO-1-300x300.jpg 300w, https:\/\/terrasdebasto.pt\/wp-content\/uploads\/2024\/09\/PENTEFUSO-1-150x150.jpg 150w, https:\/\/terrasdebasto.pt\/wp-content\/uploads\/2024\/09\/PENTEFUSO-1-768x768.jpg 768w, https:\/\/terrasdebasto.pt\/wp-content\/uploads\/2024\/09\/PENTEFUSO-1-696x696.jpg 696w, https:\/\/terrasdebasto.pt\/wp-content\/uploads\/2024\/09\/PENTEFUSO-1-1068x1068.jpg 1068w, https:\/\/terrasdebasto.pt\/wp-content\/uploads\/2024\/09\/PENTEFUSO-1.jpg 1080w\" sizes=\"auto, (max-width: 1024px) 100vw, 1024px\" \/><\/figure>\n\n\n\n<figure class=\"wp-block-image size-large\"><img loading=\"lazy\" decoding=\"async\" width=\"1024\" height=\"768\" data-id=\"1812\" src=\"https:\/\/terrasdebasto.pt\/wp-content\/uploads\/2024\/09\/PENTEFUSO-2-1024x768.jpg\" alt=\"\" class=\"wp-image-1812\" srcset=\"https:\/\/terrasdebasto.pt\/wp-content\/uploads\/2024\/09\/PENTEFUSO-2-1024x768.jpg 1024w, https:\/\/terrasdebasto.pt\/wp-content\/uploads\/2024\/09\/PENTEFUSO-2-300x225.jpg 300w, https:\/\/terrasdebasto.pt\/wp-content\/uploads\/2024\/09\/PENTEFUSO-2-768x576.jpg 768w, https:\/\/terrasdebasto.pt\/wp-content\/uploads\/2024\/09\/PENTEFUSO-2-1536x1152.jpg 1536w, https:\/\/terrasdebasto.pt\/wp-content\/uploads\/2024\/09\/PENTEFUSO-2-150x113.jpg 150w, https:\/\/terrasdebasto.pt\/wp-content\/uploads\/2024\/09\/PENTEFUSO-2-696x522.jpg 696w, https:\/\/terrasdebasto.pt\/wp-content\/uploads\/2024\/09\/PENTEFUSO-2-1068x801.jpg 1068w, https:\/\/terrasdebasto.pt\/wp-content\/uploads\/2024\/09\/PENTEFUSO-2-1920x1440.jpg 1920w, https:\/\/terrasdebasto.pt\/wp-content\/uploads\/2024\/09\/PENTEFUSO-2.jpg 2048w\" sizes=\"auto, (max-width: 1024px) 100vw, 1024px\" \/><\/figure>\n\n\n\n<figure class=\"wp-block-image size-large\"><img loading=\"lazy\" decoding=\"async\" width=\"1024\" height=\"683\" data-id=\"1811\" src=\"https:\/\/terrasdebasto.pt\/wp-content\/uploads\/2024\/09\/PENTEFUSO-3-1024x683.jpg\" alt=\"\" class=\"wp-image-1811\" srcset=\"https:\/\/terrasdebasto.pt\/wp-content\/uploads\/2024\/09\/PENTEFUSO-3-1024x683.jpg 1024w, https:\/\/terrasdebasto.pt\/wp-content\/uploads\/2024\/09\/PENTEFUSO-3-300x200.jpg 300w, https:\/\/terrasdebasto.pt\/wp-content\/uploads\/2024\/09\/PENTEFUSO-3-768x512.jpg 768w, https:\/\/terrasdebasto.pt\/wp-content\/uploads\/2024\/09\/PENTEFUSO-3-1536x1024.jpg 1536w, https:\/\/terrasdebasto.pt\/wp-content\/uploads\/2024\/09\/PENTEFUSO-3-150x100.jpg 150w, https:\/\/terrasdebasto.pt\/wp-content\/uploads\/2024\/09\/PENTEFUSO-3-696x464.jpg 696w, https:\/\/terrasdebasto.pt\/wp-content\/uploads\/2024\/09\/PENTEFUSO-3-1068x712.jpg 1068w, https:\/\/terrasdebasto.pt\/wp-content\/uploads\/2024\/09\/PENTEFUSO-3-1920x1280.jpg 1920w, https:\/\/terrasdebasto.pt\/wp-content\/uploads\/2024\/09\/PENTEFUSO-3.jpg 2048w\" sizes=\"auto, (max-width: 1024px) 100vw, 1024px\" \/><\/figure>\n<\/figure>\n","protected":false},"excerpt":{"rendered":"<p>Dois anos de vida! Foi quanto durou o \u201cPentefuso\u201d, um trabalho escult\u00f3rico de Patr\u00edcia Oliveira, que em m\u00e1-hora o munic\u00edpio cabeceirense decidiu instalar num s\u00edtio rec\u00f4ndito e abandonado do ainda chamado parque urbano. Por estes dias, foram levantados os restos mortais. O presidente da C\u00e2mara j\u00e1 avisou que ser\u00e1 instalado noutro sitio da vila, mais [&hellip;]<\/p>\n","protected":false},"author":7,"featured_media":1809,"comment_status":"open","ping_status":"open","sticky":false,"template":"","format":"standard","meta":{"footnotes":""},"categories":[12,7],"tags":[384,29,383,382],"class_list":{"0":"post-1808","1":"post","2":"type-post","3":"status-publish","4":"format-standard","5":"has-post-thumbnail","7":"category-cabeceiras-de-basto","8":"category-cultura","9":"tag-arte","10":"tag-cabeceiras-de-basto","11":"tag-escultura","12":"tag-pentefuso"},"yoast_head":"<!-- This site is optimized with the Yoast SEO plugin v25.7 - https:\/\/yoast.com\/wordpress\/plugins\/seo\/ -->\n<title>\u201cPentefuso\u201d, foi um ar que se lhe deu! - Jornal Terras de Basto<\/title>\n<meta name=\"description\" content=\"Dois anos de vida! Foi quanto durou o \u201cPentefuso\u201d, um trabalho escult\u00f3rico de Patr\u00edcia Oliveira, que em m\u00e1-hora o munic\u00edpio cabeceirense decidiu instalar num s\u00edtio rec\u00f4ndito e abandonado do ainda chamado parque urbano. Por estes dias, foram levantados os restos mortais. O presidente da C\u00e2mara j\u00e1 avisou que ser\u00e1 instalado noutro sitio da vila, mais consent\u00e2neo com a sua resist\u00eancia \u00e0 malvadez e m\u00e1-educa\u00e7\u00e3o juvenil. A escultora j\u00e1 fez as pe\u00e7as substitutas. A bem dizer, fez tudo que era vidro soprado! Menos o a\u00e7o. E o som, que, embora anunciado, nunca teve. Os servi\u00e7os t\u00e9cnicos municipais procuram agora novo s\u00edtio. Um dia destes, voltaremos a v\u00ea-lo por a\u00ed. Acreditamos. [JPM].\" \/>\n<meta name=\"robots\" content=\"index, follow, max-snippet:-1, max-image-preview:large, max-video-preview:-1\" \/>\n<link rel=\"canonical\" href=\"https:\/\/terrasdebasto.pt\/?p=1808\" \/>\n<meta property=\"og:locale\" content=\"pt_PT\" \/>\n<meta property=\"og:type\" content=\"article\" \/>\n<meta property=\"og:title\" content=\"\u201cPentefuso\u201d, foi um ar que se lhe deu! - Jornal Terras de Basto\" \/>\n<meta property=\"og:description\" content=\"Dois anos de vida! Foi quanto durou o \u201cPentefuso\u201d, um trabalho escult\u00f3rico de Patr\u00edcia Oliveira, que em m\u00e1-hora o munic\u00edpio cabeceirense decidiu instalar num s\u00edtio rec\u00f4ndito e abandonado do ainda chamado parque urbano. Por estes dias, foram levantados os restos mortais. O presidente da C\u00e2mara j\u00e1 avisou que ser\u00e1 instalado noutro sitio da vila, mais consent\u00e2neo com a sua resist\u00eancia \u00e0 malvadez e m\u00e1-educa\u00e7\u00e3o juvenil. A escultora j\u00e1 fez as pe\u00e7as substitutas. A bem dizer, fez tudo que era vidro soprado! Menos o a\u00e7o. E o som, que, embora anunciado, nunca teve. Os servi\u00e7os t\u00e9cnicos municipais procuram agora novo s\u00edtio. Um dia destes, voltaremos a v\u00ea-lo por a\u00ed. Acreditamos. [JPM].\" \/>\n<meta property=\"og:url\" content=\"https:\/\/terrasdebasto.pt\/?p=1808\" \/>\n<meta property=\"og:site_name\" content=\"Jornal Terras de Basto\" \/>\n<meta property=\"article:published_time\" content=\"2024-09-05T17:03:20+00:00\" \/>\n<meta property=\"og:image\" content=\"https:\/\/terrasdebasto.pt\/wp-content\/uploads\/2024\/09\/PENTEFUSO-0.jpg\" \/>\n\t<meta property=\"og:image:width\" content=\"1012\" \/>\n\t<meta property=\"og:image:height\" content=\"779\" \/>\n\t<meta property=\"og:image:type\" content=\"image\/jpeg\" \/>\n<meta name=\"author\" content=\"Jo\u00e3o Paulo Mesquita\" \/>\n<meta name=\"twitter:card\" content=\"summary_large_image\" \/>\n<meta name=\"twitter:label1\" content=\"Escrito por\" \/>\n\t<meta name=\"twitter:data1\" content=\"Jo\u00e3o Paulo Mesquita\" \/>\n\t<meta name=\"twitter:label2\" content=\"Tempo estimado de leitura\" \/>\n\t<meta name=\"twitter:data2\" content=\"2 minutos\" \/>\n<script type=\"application\/ld+json\" class=\"yoast-schema-graph\">{\"@context\":\"https:\/\/schema.org\",\"@graph\":[{\"@type\":\"Article\",\"@id\":\"https:\/\/terrasdebasto.pt\/?p=1808#article\",\"isPartOf\":{\"@id\":\"https:\/\/terrasdebasto.pt\/?p=1808\"},\"author\":{\"name\":\"Jo\u00e3o Paulo Mesquita\",\"@id\":\"https:\/\/terrasdebasto.pt\/#\/schema\/person\/9f6739f5394ac65c802641773b278b84\"},\"headline\":\"\u201cPentefuso\u201d, foi um ar que se lhe deu!\",\"datePublished\":\"2024-09-05T17:03:20+00:00\",\"mainEntityOfPage\":{\"@id\":\"https:\/\/terrasdebasto.pt\/?p=1808\"},\"wordCount\":134,\"commentCount\":0,\"publisher\":{\"@id\":\"https:\/\/terrasdebasto.pt\/#organization\"},\"image\":{\"@id\":\"https:\/\/terrasdebasto.pt\/?p=1808#primaryimage\"},\"thumbnailUrl\":\"https:\/\/terrasdebasto.pt\/wp-content\/uploads\/2024\/09\/PENTEFUSO-0.jpg\",\"keywords\":[\"Arte\",\"Cabeceiras de Basto\",\"Escultura\",\"Pentefuso\"],\"articleSection\":[\"Cabeceiras de Basto\",\"Cultura\"],\"inLanguage\":\"pt-PT\",\"potentialAction\":[{\"@type\":\"CommentAction\",\"name\":\"Comment\",\"target\":[\"https:\/\/terrasdebasto.pt\/?p=1808#respond\"]}]},{\"@type\":\"WebPage\",\"@id\":\"https:\/\/terrasdebasto.pt\/?p=1808\",\"url\":\"https:\/\/terrasdebasto.pt\/?p=1808\",\"name\":\"\u201cPentefuso\u201d, foi um ar que se lhe deu! - Jornal Terras de Basto\",\"isPartOf\":{\"@id\":\"https:\/\/terrasdebasto.pt\/#website\"},\"primaryImageOfPage\":{\"@id\":\"https:\/\/terrasdebasto.pt\/?p=1808#primaryimage\"},\"image\":{\"@id\":\"https:\/\/terrasdebasto.pt\/?p=1808#primaryimage\"},\"thumbnailUrl\":\"https:\/\/terrasdebasto.pt\/wp-content\/uploads\/2024\/09\/PENTEFUSO-0.jpg\",\"datePublished\":\"2024-09-05T17:03:20+00:00\",\"description\":\"Dois anos de vida! Foi quanto durou o \u201cPentefuso\u201d, um trabalho escult\u00f3rico de Patr\u00edcia Oliveira, que em m\u00e1-hora o munic\u00edpio cabeceirense decidiu instalar num s\u00edtio rec\u00f4ndito e abandonado do ainda chamado parque urbano. Por estes dias, foram levantados os restos mortais. O presidente da C\u00e2mara j\u00e1 avisou que ser\u00e1 instalado noutro sitio da vila, mais consent\u00e2neo com a sua resist\u00eancia \u00e0 malvadez e m\u00e1-educa\u00e7\u00e3o juvenil. A escultora j\u00e1 fez as pe\u00e7as substitutas. A bem dizer, fez tudo que era vidro soprado! Menos o a\u00e7o. E o som, que, embora anunciado, nunca teve. Os servi\u00e7os t\u00e9cnicos municipais procuram agora novo s\u00edtio. Um dia destes, voltaremos a v\u00ea-lo por a\u00ed. Acreditamos. [JPM].\",\"breadcrumb\":{\"@id\":\"https:\/\/terrasdebasto.pt\/?p=1808#breadcrumb\"},\"inLanguage\":\"pt-PT\",\"potentialAction\":[{\"@type\":\"ReadAction\",\"target\":[\"https:\/\/terrasdebasto.pt\/?p=1808\"]}]},{\"@type\":\"ImageObject\",\"inLanguage\":\"pt-PT\",\"@id\":\"https:\/\/terrasdebasto.pt\/?p=1808#primaryimage\",\"url\":\"https:\/\/terrasdebasto.pt\/wp-content\/uploads\/2024\/09\/PENTEFUSO-0.jpg\",\"contentUrl\":\"https:\/\/terrasdebasto.pt\/wp-content\/uploads\/2024\/09\/PENTEFUSO-0.jpg\",\"width\":1012,\"height\":779},{\"@type\":\"BreadcrumbList\",\"@id\":\"https:\/\/terrasdebasto.pt\/?p=1808#breadcrumb\",\"itemListElement\":[{\"@type\":\"ListItem\",\"position\":1,\"name\":\"In\u00edcio\",\"item\":\"https:\/\/terrasdebasto.pt\/\"},{\"@type\":\"ListItem\",\"position\":2,\"name\":\"\u201cPentefuso\u201d, foi um ar que se lhe deu!\"}]},{\"@type\":\"WebSite\",\"@id\":\"https:\/\/terrasdebasto.pt\/#website\",\"url\":\"https:\/\/terrasdebasto.pt\/\",\"name\":\"Jornal Terras de Basto\",\"description\":\"\",\"publisher\":{\"@id\":\"https:\/\/terrasdebasto.pt\/#organization\"},\"potentialAction\":[{\"@type\":\"SearchAction\",\"target\":{\"@type\":\"EntryPoint\",\"urlTemplate\":\"https:\/\/terrasdebasto.pt\/?s={search_term_string}\"},\"query-input\":{\"@type\":\"PropertyValueSpecification\",\"valueRequired\":true,\"valueName\":\"search_term_string\"}}],\"inLanguage\":\"pt-PT\"},{\"@type\":\"Organization\",\"@id\":\"https:\/\/terrasdebasto.pt\/#organization\",\"name\":\"Jornal Terras de Basto\",\"url\":\"https:\/\/terrasdebasto.pt\/\",\"logo\":{\"@type\":\"ImageObject\",\"inLanguage\":\"pt-PT\",\"@id\":\"https:\/\/terrasdebasto.pt\/#\/schema\/logo\/image\/\",\"url\":\"https:\/\/terrasdebasto.pt\/wp-content\/uploads\/2024\/06\/LogoNormal.png\",\"contentUrl\":\"https:\/\/terrasdebasto.pt\/wp-content\/uploads\/2024\/06\/LogoNormal.png\",\"width\":5638,\"height\":809,\"caption\":\"Jornal Terras de Basto\"},\"image\":{\"@id\":\"https:\/\/terrasdebasto.pt\/#\/schema\/logo\/image\/\"}},{\"@type\":\"Person\",\"@id\":\"https:\/\/terrasdebasto.pt\/#\/schema\/person\/9f6739f5394ac65c802641773b278b84\",\"name\":\"Jo\u00e3o Paulo Mesquita\",\"image\":{\"@type\":\"ImageObject\",\"inLanguage\":\"pt-PT\",\"@id\":\"https:\/\/terrasdebasto.pt\/#\/schema\/person\/image\/\",\"url\":\"https:\/\/secure.gravatar.com\/avatar\/9bd0f299e6d96336664aab64354168246a3ee3287c47891c50d450e47ed9d7f9?s=96&d=mm&r=g\",\"contentUrl\":\"https:\/\/secure.gravatar.com\/avatar\/9bd0f299e6d96336664aab64354168246a3ee3287c47891c50d450e47ed9d7f9?s=96&d=mm&r=g\",\"caption\":\"Jo\u00e3o Paulo Mesquita\"},\"url\":\"https:\/\/terrasdebasto.pt\/?author=7\"}]}<\/script>\n<!-- \/ Yoast SEO plugin. -->","yoast_head_json":{"title":"\u201cPentefuso\u201d, foi um ar que se lhe deu! - Jornal Terras de Basto","description":"Dois anos de vida! Foi quanto durou o \u201cPentefuso\u201d, um trabalho escult\u00f3rico de Patr\u00edcia Oliveira, que em m\u00e1-hora o munic\u00edpio cabeceirense decidiu instalar num s\u00edtio rec\u00f4ndito e abandonado do ainda chamado parque urbano. Por estes dias, foram levantados os restos mortais. O presidente da C\u00e2mara j\u00e1 avisou que ser\u00e1 instalado noutro sitio da vila, mais consent\u00e2neo com a sua resist\u00eancia \u00e0 malvadez e m\u00e1-educa\u00e7\u00e3o juvenil. A escultora j\u00e1 fez as pe\u00e7as substitutas. A bem dizer, fez tudo que era vidro soprado! Menos o a\u00e7o. E o som, que, embora anunciado, nunca teve. Os servi\u00e7os t\u00e9cnicos municipais procuram agora novo s\u00edtio. Um dia destes, voltaremos a v\u00ea-lo por a\u00ed. Acreditamos. [JPM].","robots":{"index":"index","follow":"follow","max-snippet":"max-snippet:-1","max-image-preview":"max-image-preview:large","max-video-preview":"max-video-preview:-1"},"canonical":"https:\/\/terrasdebasto.pt\/?p=1808","og_locale":"pt_PT","og_type":"article","og_title":"\u201cPentefuso\u201d, foi um ar que se lhe deu! - Jornal Terras de Basto","og_description":"Dois anos de vida! Foi quanto durou o \u201cPentefuso\u201d, um trabalho escult\u00f3rico de Patr\u00edcia Oliveira, que em m\u00e1-hora o munic\u00edpio cabeceirense decidiu instalar num s\u00edtio rec\u00f4ndito e abandonado do ainda chamado parque urbano. Por estes dias, foram levantados os restos mortais. O presidente da C\u00e2mara j\u00e1 avisou que ser\u00e1 instalado noutro sitio da vila, mais consent\u00e2neo com a sua resist\u00eancia \u00e0 malvadez e m\u00e1-educa\u00e7\u00e3o juvenil. A escultora j\u00e1 fez as pe\u00e7as substitutas. A bem dizer, fez tudo que era vidro soprado! Menos o a\u00e7o. E o som, que, embora anunciado, nunca teve. Os servi\u00e7os t\u00e9cnicos municipais procuram agora novo s\u00edtio. Um dia destes, voltaremos a v\u00ea-lo por a\u00ed. Acreditamos. [JPM].","og_url":"https:\/\/terrasdebasto.pt\/?p=1808","og_site_name":"Jornal Terras de Basto","article_published_time":"2024-09-05T17:03:20+00:00","og_image":[{"width":1012,"height":779,"url":"https:\/\/terrasdebasto.pt\/wp-content\/uploads\/2024\/09\/PENTEFUSO-0.jpg","type":"image\/jpeg"}],"author":"Jo\u00e3o Paulo Mesquita","twitter_card":"summary_large_image","twitter_misc":{"Escrito por":"Jo\u00e3o Paulo Mesquita","Tempo estimado de leitura":"2 minutos"},"schema":{"@context":"https:\/\/schema.org","@graph":[{"@type":"Article","@id":"https:\/\/terrasdebasto.pt\/?p=1808#article","isPartOf":{"@id":"https:\/\/terrasdebasto.pt\/?p=1808"},"author":{"name":"Jo\u00e3o Paulo Mesquita","@id":"https:\/\/terrasdebasto.pt\/#\/schema\/person\/9f6739f5394ac65c802641773b278b84"},"headline":"\u201cPentefuso\u201d, foi um ar que se lhe deu!","datePublished":"2024-09-05T17:03:20+00:00","mainEntityOfPage":{"@id":"https:\/\/terrasdebasto.pt\/?p=1808"},"wordCount":134,"commentCount":0,"publisher":{"@id":"https:\/\/terrasdebasto.pt\/#organization"},"image":{"@id":"https:\/\/terrasdebasto.pt\/?p=1808#primaryimage"},"thumbnailUrl":"https:\/\/terrasdebasto.pt\/wp-content\/uploads\/2024\/09\/PENTEFUSO-0.jpg","keywords":["Arte","Cabeceiras de Basto","Escultura","Pentefuso"],"articleSection":["Cabeceiras de Basto","Cultura"],"inLanguage":"pt-PT","potentialAction":[{"@type":"CommentAction","name":"Comment","target":["https:\/\/terrasdebasto.pt\/?p=1808#respond"]}]},{"@type":"WebPage","@id":"https:\/\/terrasdebasto.pt\/?p=1808","url":"https:\/\/terrasdebasto.pt\/?p=1808","name":"\u201cPentefuso\u201d, foi um ar que se lhe deu! - Jornal Terras de Basto","isPartOf":{"@id":"https:\/\/terrasdebasto.pt\/#website"},"primaryImageOfPage":{"@id":"https:\/\/terrasdebasto.pt\/?p=1808#primaryimage"},"image":{"@id":"https:\/\/terrasdebasto.pt\/?p=1808#primaryimage"},"thumbnailUrl":"https:\/\/terrasdebasto.pt\/wp-content\/uploads\/2024\/09\/PENTEFUSO-0.jpg","datePublished":"2024-09-05T17:03:20+00:00","description":"Dois anos de vida! Foi quanto durou o \u201cPentefuso\u201d, um trabalho escult\u00f3rico de Patr\u00edcia Oliveira, que em m\u00e1-hora o munic\u00edpio cabeceirense decidiu instalar num s\u00edtio rec\u00f4ndito e abandonado do ainda chamado parque urbano. Por estes dias, foram levantados os restos mortais. O presidente da C\u00e2mara j\u00e1 avisou que ser\u00e1 instalado noutro sitio da vila, mais consent\u00e2neo com a sua resist\u00eancia \u00e0 malvadez e m\u00e1-educa\u00e7\u00e3o juvenil. A escultora j\u00e1 fez as pe\u00e7as substitutas. A bem dizer, fez tudo que era vidro soprado! Menos o a\u00e7o. E o som, que, embora anunciado, nunca teve. Os servi\u00e7os t\u00e9cnicos municipais procuram agora novo s\u00edtio. Um dia destes, voltaremos a v\u00ea-lo por a\u00ed. Acreditamos. [JPM].","breadcrumb":{"@id":"https:\/\/terrasdebasto.pt\/?p=1808#breadcrumb"},"inLanguage":"pt-PT","potentialAction":[{"@type":"ReadAction","target":["https:\/\/terrasdebasto.pt\/?p=1808"]}]},{"@type":"ImageObject","inLanguage":"pt-PT","@id":"https:\/\/terrasdebasto.pt\/?p=1808#primaryimage","url":"https:\/\/terrasdebasto.pt\/wp-content\/uploads\/2024\/09\/PENTEFUSO-0.jpg","contentUrl":"https:\/\/terrasdebasto.pt\/wp-content\/uploads\/2024\/09\/PENTEFUSO-0.jpg","width":1012,"height":779},{"@type":"BreadcrumbList","@id":"https:\/\/terrasdebasto.pt\/?p=1808#breadcrumb","itemListElement":[{"@type":"ListItem","position":1,"name":"In\u00edcio","item":"https:\/\/terrasdebasto.pt\/"},{"@type":"ListItem","position":2,"name":"\u201cPentefuso\u201d, foi um ar que se lhe deu!"}]},{"@type":"WebSite","@id":"https:\/\/terrasdebasto.pt\/#website","url":"https:\/\/terrasdebasto.pt\/","name":"Jornal Terras de Basto","description":"","publisher":{"@id":"https:\/\/terrasdebasto.pt\/#organization"},"potentialAction":[{"@type":"SearchAction","target":{"@type":"EntryPoint","urlTemplate":"https:\/\/terrasdebasto.pt\/?s={search_term_string}"},"query-input":{"@type":"PropertyValueSpecification","valueRequired":true,"valueName":"search_term_string"}}],"inLanguage":"pt-PT"},{"@type":"Organization","@id":"https:\/\/terrasdebasto.pt\/#organization","name":"Jornal Terras de Basto","url":"https:\/\/terrasdebasto.pt\/","logo":{"@type":"ImageObject","inLanguage":"pt-PT","@id":"https:\/\/terrasdebasto.pt\/#\/schema\/logo\/image\/","url":"https:\/\/terrasdebasto.pt\/wp-content\/uploads\/2024\/06\/LogoNormal.png","contentUrl":"https:\/\/terrasdebasto.pt\/wp-content\/uploads\/2024\/06\/LogoNormal.png","width":5638,"height":809,"caption":"Jornal Terras de Basto"},"image":{"@id":"https:\/\/terrasdebasto.pt\/#\/schema\/logo\/image\/"}},{"@type":"Person","@id":"https:\/\/terrasdebasto.pt\/#\/schema\/person\/9f6739f5394ac65c802641773b278b84","name":"Jo\u00e3o Paulo Mesquita","image":{"@type":"ImageObject","inLanguage":"pt-PT","@id":"https:\/\/terrasdebasto.pt\/#\/schema\/person\/image\/","url":"https:\/\/secure.gravatar.com\/avatar\/9bd0f299e6d96336664aab64354168246a3ee3287c47891c50d450e47ed9d7f9?s=96&d=mm&r=g","contentUrl":"https:\/\/secure.gravatar.com\/avatar\/9bd0f299e6d96336664aab64354168246a3ee3287c47891c50d450e47ed9d7f9?s=96&d=mm&r=g","caption":"Jo\u00e3o Paulo Mesquita"},"url":"https:\/\/terrasdebasto.pt\/?author=7"}]}},"_links":{"self":[{"href":"https:\/\/terrasdebasto.pt\/index.php?rest_route=\/wp\/v2\/posts\/1808","targetHints":{"allow":["GET"]}}],"collection":[{"href":"https:\/\/terrasdebasto.pt\/index.php?rest_route=\/wp\/v2\/posts"}],"about":[{"href":"https:\/\/terrasdebasto.pt\/index.php?rest_route=\/wp\/v2\/types\/post"}],"author":[{"embeddable":true,"href":"https:\/\/terrasdebasto.pt\/index.php?rest_route=\/wp\/v2\/users\/7"}],"replies":[{"embeddable":true,"href":"https:\/\/terrasdebasto.pt\/index.php?rest_route=%2Fwp%2Fv2%2Fcomments&post=1808"}],"version-history":[{"count":1,"href":"https:\/\/terrasdebasto.pt\/index.php?rest_route=\/wp\/v2\/posts\/1808\/revisions"}],"predecessor-version":[{"id":1813,"href":"https:\/\/terrasdebasto.pt\/index.php?rest_route=\/wp\/v2\/posts\/1808\/revisions\/1813"}],"wp:featuredmedia":[{"embeddable":true,"href":"https:\/\/terrasdebasto.pt\/index.php?rest_route=\/wp\/v2\/media\/1809"}],"wp:attachment":[{"href":"https:\/\/terrasdebasto.pt\/index.php?rest_route=%2Fwp%2Fv2%2Fmedia&parent=1808"}],"wp:term":[{"taxonomy":"category","embeddable":true,"href":"https:\/\/terrasdebasto.pt\/index.php?rest_route=%2Fwp%2Fv2%2Fcategories&post=1808"},{"taxonomy":"post_tag","embeddable":true,"href":"https:\/\/terrasdebasto.pt\/index.php?rest_route=%2Fwp%2Fv2%2Ftags&post=1808"}],"curies":[{"name":"wp","href":"https:\/\/api.w.org\/{rel}","templated":true}]}}