{"id":1774,"date":"2024-09-04T21:05:38","date_gmt":"2024-09-04T21:05:38","guid":{"rendered":"https:\/\/terrasdebasto.pt\/?p=1774"},"modified":"2024-09-04T21:05:39","modified_gmt":"2024-09-04T21:05:39","slug":"alguem-prepara-pelado-de-sao-nicolau-para-atletico-jogar","status":"publish","type":"post","link":"https:\/\/terrasdebasto.pt\/?p=1774","title":{"rendered":"Algu\u00e9m prepara pelado de S\u00e3o Nicolau para Atl\u00e9tico jogar"},"content":{"rendered":"\n<p><\/p>\n\n\n\n<p><strong>Ningu\u00e9m quer falar sobre o assunto, muito provavelmente porque o desenrolar dos factos acontece de modo totalmente informal, sem que as v\u00e1rias entidades envolvidas tenham oficializado qualquer decis\u00e3o dos seus dirigentes. Referimo-nos \u00e0 reabilita\u00e7\u00e3o do campo de futebol e estruturas conexas do S\u00e3o Nicolau de Basto, que est\u00e3o anunciadas h\u00e1 algum tempo como futura casa do Atl\u00e9tico Cabeceirense.<\/strong><\/p>\n\n\n\n<p>Tal como o Terras de Basto noticiou na edi\u00e7\u00e3o anterior, o campeonato da primeira divis\u00e3o da Associa\u00e7\u00e3o de Futebol de Braga, em que o clube cabeceirense se inscreveu, inicia-se em princ\u00edpios de outubro e o conjunto de interven\u00e7\u00f5es que a entidade tutelar do futebol regional mandou fazer, ap\u00f3s os seus t\u00e9cnicos terem visitado o recinto, h\u00e1 mais de um m\u00eas, foram-se arrastando no tempo.<\/p>\n\n\n\n<p>Sem que tenha sido formalizada qualquer rela\u00e7\u00e3o entre a entidade propriet\u00e1ria do pelado de S\u00e3o Nicolau \u2013 que n\u00e3o \u00e9 utilizado para a pr\u00e1tica do futebol h\u00e1 alguns anos \u2013 e o Atl\u00e9tico Cabeceirense, bem como entre as autarquias municipal e local, que n\u00e3o tornaram p\u00fablico at\u00e9 agora qualquer acordo de colabora\u00e7\u00e3o, o que \u00e9 certo \u00e9 que o terreno de jogo come\u00e7ou a ser preparado nos \u00faltimos dias.<\/p>\n\n\n\n<p>No recinto \u2013 confirmou o Terras de Basto \u2013 t\u00eam estado maquinaria pesada e, ao que foi poss\u00edvel apurar, para o local foram transportadas algumas dezenas de cami\u00f5es de saibro, necess\u00e1rio para a prepara\u00e7\u00e3o do terreno de jogo.<\/p>\n\n\n\n<p>Recorde-se que o processo que ora est\u00e1 a ser levado a cabo em S\u00e3o Nicolau foi aquele que o l\u00edder da Oposi\u00e7\u00e3o municipal prop\u00f4s fosse desenvolvido pelo Munic\u00edpio no abandonado Campo das Cerdeirinhas, em Chacim, a velha casa do Atl\u00e9tico Cabeceirense, ficando agora por avaliar qual das interven\u00e7\u00f5es ter\u00e1 or\u00e7amento mais reduzido, indo de encontro \u00e0s raz\u00f5es aduzidas pelo Poder para n\u00e3o intervir no \u201cest\u00e1dio\u201d enquanto n\u00e3o conseguir fundos externos.<\/p>\n\n\n\n<p>J\u00e1 o edif\u00edcio-sede do clube de S\u00e3o Nicolau, que n\u00e3o foi poss\u00edvel apurar se tem o mesmo propriet\u00e1rio do campo de futebol, come\u00e7ou a ser reabilitado na semana passada, tendo alguns dos jovens dirigentes do Atl\u00e9tico dado o exemplo na pintura das instala\u00e7\u00f5es, conforme fizeram quest\u00e3o de dar conta nas redes sociais.<\/p>\n\n\n\n<p>\u00abAs obras no Campo de Jogos Ant\u00f3nio Joaquim Gomes da Cunha continuam a bom ritmo e cada passo que damos representa a for\u00e7a e a uni\u00e3o de todos n\u00f3s. Este projeto s\u00f3 \u00e9 poss\u00edvel gra\u00e7as ao esfor\u00e7o e dedica\u00e7\u00e3o de cada membro da nossa comunidade. A todos os que t\u00eam apoiado e acreditado neste sonho, o nosso mais sincero agradecimento. Juntos, estamos a construir um futuro melhor para o nosso clube\u00bb, limitaram-se a dizer aqueles dirigentes, negando qualquer contacto com a Comunica\u00e7\u00e3o Social. [Reda\u00e7\u00e3o].<\/p>\n\n\n\n<figure class=\"wp-block-gallery has-nested-images columns-default is-cropped wp-block-gallery-1 is-layout-flex wp-block-gallery-is-layout-flex\">\n<figure class=\"wp-block-image size-large\"><img loading=\"lazy\" decoding=\"async\" width=\"1024\" height=\"768\" data-id=\"1778\" src=\"https:\/\/terrasdebasto.pt\/wp-content\/uploads\/2024\/09\/FOTO-03-CAMPO-DE-SAO-NICOLAU-1024x768.jpg\" alt=\"\" class=\"wp-image-1778\" srcset=\"https:\/\/terrasdebasto.pt\/wp-content\/uploads\/2024\/09\/FOTO-03-CAMPO-DE-SAO-NICOLAU-1024x768.jpg 1024w, https:\/\/terrasdebasto.pt\/wp-content\/uploads\/2024\/09\/FOTO-03-CAMPO-DE-SAO-NICOLAU-300x225.jpg 300w, https:\/\/terrasdebasto.pt\/wp-content\/uploads\/2024\/09\/FOTO-03-CAMPO-DE-SAO-NICOLAU-768x576.jpg 768w, https:\/\/terrasdebasto.pt\/wp-content\/uploads\/2024\/09\/FOTO-03-CAMPO-DE-SAO-NICOLAU-150x113.jpg 150w, https:\/\/terrasdebasto.pt\/wp-content\/uploads\/2024\/09\/FOTO-03-CAMPO-DE-SAO-NICOLAU-696x522.jpg 696w, https:\/\/terrasdebasto.pt\/wp-content\/uploads\/2024\/09\/FOTO-03-CAMPO-DE-SAO-NICOLAU-1068x801.jpg 1068w, https:\/\/terrasdebasto.pt\/wp-content\/uploads\/2024\/09\/FOTO-03-CAMPO-DE-SAO-NICOLAU.jpg 1509w\" sizes=\"auto, (max-width: 1024px) 100vw, 1024px\" \/><\/figure>\n<\/figure>\n","protected":false},"excerpt":{"rendered":"<p>Ningu\u00e9m quer falar sobre o assunto, muito provavelmente porque o desenrolar dos factos acontece de modo totalmente informal, sem que as v\u00e1rias entidades envolvidas tenham oficializado qualquer decis\u00e3o dos seus dirigentes. Referimo-nos \u00e0 reabilita\u00e7\u00e3o do campo de futebol e estruturas conexas do S\u00e3o Nicolau de Basto, que est\u00e3o anunciadas h\u00e1 algum tempo como futura casa [&hellip;]<\/p>\n","protected":false},"author":7,"featured_media":1777,"comment_status":"open","ping_status":"open","sticky":false,"template":"","format":"standard","meta":{"footnotes":""},"categories":[12,8],"tags":[],"class_list":{"0":"post-1774","1":"post","2":"type-post","3":"status-publish","4":"format-standard","5":"has-post-thumbnail","7":"category-cabeceiras-de-basto","8":"category-desporto"},"yoast_head":"<!-- This site is optimized with the Yoast SEO plugin v25.7 - https:\/\/yoast.com\/wordpress\/plugins\/seo\/ -->\n<title>Algu\u00e9m prepara pelado de S\u00e3o Nicolau para Atl\u00e9tico jogar - Jornal Terras de Basto<\/title>\n<meta name=\"description\" content=\"Ningu\u00e9m quer falar sobre o assunto, muito provavelmente porque o desenrolar dos factos acontece de modo totalmente informal, sem que as v\u00e1rias entidades envolvidas tenham oficializado qualquer decis\u00e3o dos seus dirigentes. Referimo-nos \u00e0 reabilita\u00e7\u00e3o do campo de futebol e estruturas conexas do S\u00e3o Nicolau de Basto, que est\u00e3o anunciadas h\u00e1 algum tempo como futura casa do Atl\u00e9tico Cabeceirense.\" \/>\n<meta name=\"robots\" content=\"index, follow, max-snippet:-1, max-image-preview:large, max-video-preview:-1\" \/>\n<link rel=\"canonical\" href=\"https:\/\/terrasdebasto.pt\/?p=1774\" \/>\n<meta property=\"og:locale\" content=\"pt_PT\" \/>\n<meta property=\"og:type\" content=\"article\" \/>\n<meta property=\"og:title\" content=\"Algu\u00e9m prepara pelado de S\u00e3o Nicolau para Atl\u00e9tico jogar - Jornal Terras de Basto\" \/>\n<meta property=\"og:description\" content=\"Ningu\u00e9m quer falar sobre o assunto, muito provavelmente porque o desenrolar dos factos acontece de modo totalmente informal, sem que as v\u00e1rias entidades envolvidas tenham oficializado qualquer decis\u00e3o dos seus dirigentes. Referimo-nos \u00e0 reabilita\u00e7\u00e3o do campo de futebol e estruturas conexas do S\u00e3o Nicolau de Basto, que est\u00e3o anunciadas h\u00e1 algum tempo como futura casa do Atl\u00e9tico Cabeceirense.\" \/>\n<meta property=\"og:url\" content=\"https:\/\/terrasdebasto.pt\/?p=1774\" \/>\n<meta property=\"og:site_name\" content=\"Jornal Terras de Basto\" \/>\n<meta property=\"article:published_time\" content=\"2024-09-04T21:05:38+00:00\" \/>\n<meta property=\"article:modified_time\" content=\"2024-09-04T21:05:39+00:00\" \/>\n<meta property=\"og:image\" content=\"https:\/\/terrasdebasto.pt\/wp-content\/uploads\/2024\/09\/FOTO-02-CAMPO-DE-SAO-NICOLAU-1.jpg\" \/>\n\t<meta property=\"og:image:width\" content=\"1600\" \/>\n\t<meta property=\"og:image:height\" content=\"1200\" \/>\n\t<meta property=\"og:image:type\" content=\"image\/jpeg\" \/>\n<meta name=\"author\" content=\"Jo\u00e3o Paulo Mesquita\" \/>\n<meta name=\"twitter:card\" content=\"summary_large_image\" \/>\n<meta name=\"twitter:label1\" content=\"Escrito por\" \/>\n\t<meta name=\"twitter:data1\" content=\"Jo\u00e3o Paulo Mesquita\" \/>\n\t<meta name=\"twitter:label2\" content=\"Tempo estimado de leitura\" \/>\n\t<meta name=\"twitter:data2\" content=\"3 minutos\" \/>\n<script type=\"application\/ld+json\" class=\"yoast-schema-graph\">{\"@context\":\"https:\/\/schema.org\",\"@graph\":[{\"@type\":\"Article\",\"@id\":\"https:\/\/terrasdebasto.pt\/?p=1774#article\",\"isPartOf\":{\"@id\":\"https:\/\/terrasdebasto.pt\/?p=1774\"},\"author\":{\"name\":\"Jo\u00e3o Paulo Mesquita\",\"@id\":\"https:\/\/terrasdebasto.pt\/#\/schema\/person\/9f6739f5394ac65c802641773b278b84\"},\"headline\":\"Algu\u00e9m prepara pelado de S\u00e3o Nicolau para Atl\u00e9tico jogar\",\"datePublished\":\"2024-09-04T21:05:38+00:00\",\"dateModified\":\"2024-09-04T21:05:39+00:00\",\"mainEntityOfPage\":{\"@id\":\"https:\/\/terrasdebasto.pt\/?p=1774\"},\"wordCount\":500,\"commentCount\":0,\"publisher\":{\"@id\":\"https:\/\/terrasdebasto.pt\/#organization\"},\"image\":{\"@id\":\"https:\/\/terrasdebasto.pt\/?p=1774#primaryimage\"},\"thumbnailUrl\":\"https:\/\/terrasdebasto.pt\/wp-content\/uploads\/2024\/09\/FOTO-02-CAMPO-DE-SAO-NICOLAU-1.jpg\",\"articleSection\":[\"Cabeceiras de Basto\",\"Desporto\"],\"inLanguage\":\"pt-PT\",\"potentialAction\":[{\"@type\":\"CommentAction\",\"name\":\"Comment\",\"target\":[\"https:\/\/terrasdebasto.pt\/?p=1774#respond\"]}]},{\"@type\":\"WebPage\",\"@id\":\"https:\/\/terrasdebasto.pt\/?p=1774\",\"url\":\"https:\/\/terrasdebasto.pt\/?p=1774\",\"name\":\"Algu\u00e9m prepara pelado de S\u00e3o Nicolau para Atl\u00e9tico jogar - Jornal Terras de Basto\",\"isPartOf\":{\"@id\":\"https:\/\/terrasdebasto.pt\/#website\"},\"primaryImageOfPage\":{\"@id\":\"https:\/\/terrasdebasto.pt\/?p=1774#primaryimage\"},\"image\":{\"@id\":\"https:\/\/terrasdebasto.pt\/?p=1774#primaryimage\"},\"thumbnailUrl\":\"https:\/\/terrasdebasto.pt\/wp-content\/uploads\/2024\/09\/FOTO-02-CAMPO-DE-SAO-NICOLAU-1.jpg\",\"datePublished\":\"2024-09-04T21:05:38+00:00\",\"dateModified\":\"2024-09-04T21:05:39+00:00\",\"description\":\"Ningu\u00e9m quer falar sobre o assunto, muito provavelmente porque o desenrolar dos factos acontece de modo totalmente informal, sem que as v\u00e1rias entidades envolvidas tenham oficializado qualquer decis\u00e3o dos seus dirigentes. Referimo-nos \u00e0 reabilita\u00e7\u00e3o do campo de futebol e estruturas conexas do S\u00e3o Nicolau de Basto, que est\u00e3o anunciadas h\u00e1 algum tempo como futura casa do Atl\u00e9tico Cabeceirense.\",\"breadcrumb\":{\"@id\":\"https:\/\/terrasdebasto.pt\/?p=1774#breadcrumb\"},\"inLanguage\":\"pt-PT\",\"potentialAction\":[{\"@type\":\"ReadAction\",\"target\":[\"https:\/\/terrasdebasto.pt\/?p=1774\"]}]},{\"@type\":\"ImageObject\",\"inLanguage\":\"pt-PT\",\"@id\":\"https:\/\/terrasdebasto.pt\/?p=1774#primaryimage\",\"url\":\"https:\/\/terrasdebasto.pt\/wp-content\/uploads\/2024\/09\/FOTO-02-CAMPO-DE-SAO-NICOLAU-1.jpg\",\"contentUrl\":\"https:\/\/terrasdebasto.pt\/wp-content\/uploads\/2024\/09\/FOTO-02-CAMPO-DE-SAO-NICOLAU-1.jpg\",\"width\":1600,\"height\":1200},{\"@type\":\"BreadcrumbList\",\"@id\":\"https:\/\/terrasdebasto.pt\/?p=1774#breadcrumb\",\"itemListElement\":[{\"@type\":\"ListItem\",\"position\":1,\"name\":\"In\u00edcio\",\"item\":\"https:\/\/terrasdebasto.pt\/\"},{\"@type\":\"ListItem\",\"position\":2,\"name\":\"Algu\u00e9m prepara pelado de S\u00e3o Nicolau para Atl\u00e9tico jogar\"}]},{\"@type\":\"WebSite\",\"@id\":\"https:\/\/terrasdebasto.pt\/#website\",\"url\":\"https:\/\/terrasdebasto.pt\/\",\"name\":\"Jornal Terras de Basto\",\"description\":\"\",\"publisher\":{\"@id\":\"https:\/\/terrasdebasto.pt\/#organization\"},\"potentialAction\":[{\"@type\":\"SearchAction\",\"target\":{\"@type\":\"EntryPoint\",\"urlTemplate\":\"https:\/\/terrasdebasto.pt\/?s={search_term_string}\"},\"query-input\":{\"@type\":\"PropertyValueSpecification\",\"valueRequired\":true,\"valueName\":\"search_term_string\"}}],\"inLanguage\":\"pt-PT\"},{\"@type\":\"Organization\",\"@id\":\"https:\/\/terrasdebasto.pt\/#organization\",\"name\":\"Jornal Terras de Basto\",\"url\":\"https:\/\/terrasdebasto.pt\/\",\"logo\":{\"@type\":\"ImageObject\",\"inLanguage\":\"pt-PT\",\"@id\":\"https:\/\/terrasdebasto.pt\/#\/schema\/logo\/image\/\",\"url\":\"https:\/\/terrasdebasto.pt\/wp-content\/uploads\/2024\/06\/LogoNormal.png\",\"contentUrl\":\"https:\/\/terrasdebasto.pt\/wp-content\/uploads\/2024\/06\/LogoNormal.png\",\"width\":5638,\"height\":809,\"caption\":\"Jornal Terras de Basto\"},\"image\":{\"@id\":\"https:\/\/terrasdebasto.pt\/#\/schema\/logo\/image\/\"}},{\"@type\":\"Person\",\"@id\":\"https:\/\/terrasdebasto.pt\/#\/schema\/person\/9f6739f5394ac65c802641773b278b84\",\"name\":\"Jo\u00e3o Paulo Mesquita\",\"image\":{\"@type\":\"ImageObject\",\"inLanguage\":\"pt-PT\",\"@id\":\"https:\/\/terrasdebasto.pt\/#\/schema\/person\/image\/\",\"url\":\"https:\/\/secure.gravatar.com\/avatar\/9bd0f299e6d96336664aab64354168246a3ee3287c47891c50d450e47ed9d7f9?s=96&d=mm&r=g\",\"contentUrl\":\"https:\/\/secure.gravatar.com\/avatar\/9bd0f299e6d96336664aab64354168246a3ee3287c47891c50d450e47ed9d7f9?s=96&d=mm&r=g\",\"caption\":\"Jo\u00e3o Paulo Mesquita\"},\"url\":\"https:\/\/terrasdebasto.pt\/?author=7\"}]}<\/script>\n<!-- \/ Yoast SEO plugin. -->","yoast_head_json":{"title":"Algu\u00e9m prepara pelado de S\u00e3o Nicolau para Atl\u00e9tico jogar - Jornal Terras de Basto","description":"Ningu\u00e9m quer falar sobre o assunto, muito provavelmente porque o desenrolar dos factos acontece de modo totalmente informal, sem que as v\u00e1rias entidades envolvidas tenham oficializado qualquer decis\u00e3o dos seus dirigentes. Referimo-nos \u00e0 reabilita\u00e7\u00e3o do campo de futebol e estruturas conexas do S\u00e3o Nicolau de Basto, que est\u00e3o anunciadas h\u00e1 algum tempo como futura casa do Atl\u00e9tico Cabeceirense.","robots":{"index":"index","follow":"follow","max-snippet":"max-snippet:-1","max-image-preview":"max-image-preview:large","max-video-preview":"max-video-preview:-1"},"canonical":"https:\/\/terrasdebasto.pt\/?p=1774","og_locale":"pt_PT","og_type":"article","og_title":"Algu\u00e9m prepara pelado de S\u00e3o Nicolau para Atl\u00e9tico jogar - Jornal Terras de Basto","og_description":"Ningu\u00e9m quer falar sobre o assunto, muito provavelmente porque o desenrolar dos factos acontece de modo totalmente informal, sem que as v\u00e1rias entidades envolvidas tenham oficializado qualquer decis\u00e3o dos seus dirigentes. Referimo-nos \u00e0 reabilita\u00e7\u00e3o do campo de futebol e estruturas conexas do S\u00e3o Nicolau de Basto, que est\u00e3o anunciadas h\u00e1 algum tempo como futura casa do Atl\u00e9tico Cabeceirense.","og_url":"https:\/\/terrasdebasto.pt\/?p=1774","og_site_name":"Jornal Terras de Basto","article_published_time":"2024-09-04T21:05:38+00:00","article_modified_time":"2024-09-04T21:05:39+00:00","og_image":[{"width":1600,"height":1200,"url":"https:\/\/terrasdebasto.pt\/wp-content\/uploads\/2024\/09\/FOTO-02-CAMPO-DE-SAO-NICOLAU-1.jpg","type":"image\/jpeg"}],"author":"Jo\u00e3o Paulo Mesquita","twitter_card":"summary_large_image","twitter_misc":{"Escrito por":"Jo\u00e3o Paulo Mesquita","Tempo estimado de leitura":"3 minutos"},"schema":{"@context":"https:\/\/schema.org","@graph":[{"@type":"Article","@id":"https:\/\/terrasdebasto.pt\/?p=1774#article","isPartOf":{"@id":"https:\/\/terrasdebasto.pt\/?p=1774"},"author":{"name":"Jo\u00e3o Paulo Mesquita","@id":"https:\/\/terrasdebasto.pt\/#\/schema\/person\/9f6739f5394ac65c802641773b278b84"},"headline":"Algu\u00e9m prepara pelado de S\u00e3o Nicolau para Atl\u00e9tico jogar","datePublished":"2024-09-04T21:05:38+00:00","dateModified":"2024-09-04T21:05:39+00:00","mainEntityOfPage":{"@id":"https:\/\/terrasdebasto.pt\/?p=1774"},"wordCount":500,"commentCount":0,"publisher":{"@id":"https:\/\/terrasdebasto.pt\/#organization"},"image":{"@id":"https:\/\/terrasdebasto.pt\/?p=1774#primaryimage"},"thumbnailUrl":"https:\/\/terrasdebasto.pt\/wp-content\/uploads\/2024\/09\/FOTO-02-CAMPO-DE-SAO-NICOLAU-1.jpg","articleSection":["Cabeceiras de Basto","Desporto"],"inLanguage":"pt-PT","potentialAction":[{"@type":"CommentAction","name":"Comment","target":["https:\/\/terrasdebasto.pt\/?p=1774#respond"]}]},{"@type":"WebPage","@id":"https:\/\/terrasdebasto.pt\/?p=1774","url":"https:\/\/terrasdebasto.pt\/?p=1774","name":"Algu\u00e9m prepara pelado de S\u00e3o Nicolau para Atl\u00e9tico jogar - Jornal Terras de Basto","isPartOf":{"@id":"https:\/\/terrasdebasto.pt\/#website"},"primaryImageOfPage":{"@id":"https:\/\/terrasdebasto.pt\/?p=1774#primaryimage"},"image":{"@id":"https:\/\/terrasdebasto.pt\/?p=1774#primaryimage"},"thumbnailUrl":"https:\/\/terrasdebasto.pt\/wp-content\/uploads\/2024\/09\/FOTO-02-CAMPO-DE-SAO-NICOLAU-1.jpg","datePublished":"2024-09-04T21:05:38+00:00","dateModified":"2024-09-04T21:05:39+00:00","description":"Ningu\u00e9m quer falar sobre o assunto, muito provavelmente porque o desenrolar dos factos acontece de modo totalmente informal, sem que as v\u00e1rias entidades envolvidas tenham oficializado qualquer decis\u00e3o dos seus dirigentes. Referimo-nos \u00e0 reabilita\u00e7\u00e3o do campo de futebol e estruturas conexas do S\u00e3o Nicolau de Basto, que est\u00e3o anunciadas h\u00e1 algum tempo como futura casa do Atl\u00e9tico Cabeceirense.","breadcrumb":{"@id":"https:\/\/terrasdebasto.pt\/?p=1774#breadcrumb"},"inLanguage":"pt-PT","potentialAction":[{"@type":"ReadAction","target":["https:\/\/terrasdebasto.pt\/?p=1774"]}]},{"@type":"ImageObject","inLanguage":"pt-PT","@id":"https:\/\/terrasdebasto.pt\/?p=1774#primaryimage","url":"https:\/\/terrasdebasto.pt\/wp-content\/uploads\/2024\/09\/FOTO-02-CAMPO-DE-SAO-NICOLAU-1.jpg","contentUrl":"https:\/\/terrasdebasto.pt\/wp-content\/uploads\/2024\/09\/FOTO-02-CAMPO-DE-SAO-NICOLAU-1.jpg","width":1600,"height":1200},{"@type":"BreadcrumbList","@id":"https:\/\/terrasdebasto.pt\/?p=1774#breadcrumb","itemListElement":[{"@type":"ListItem","position":1,"name":"In\u00edcio","item":"https:\/\/terrasdebasto.pt\/"},{"@type":"ListItem","position":2,"name":"Algu\u00e9m prepara pelado de S\u00e3o Nicolau para Atl\u00e9tico jogar"}]},{"@type":"WebSite","@id":"https:\/\/terrasdebasto.pt\/#website","url":"https:\/\/terrasdebasto.pt\/","name":"Jornal Terras de Basto","description":"","publisher":{"@id":"https:\/\/terrasdebasto.pt\/#organization"},"potentialAction":[{"@type":"SearchAction","target":{"@type":"EntryPoint","urlTemplate":"https:\/\/terrasdebasto.pt\/?s={search_term_string}"},"query-input":{"@type":"PropertyValueSpecification","valueRequired":true,"valueName":"search_term_string"}}],"inLanguage":"pt-PT"},{"@type":"Organization","@id":"https:\/\/terrasdebasto.pt\/#organization","name":"Jornal Terras de Basto","url":"https:\/\/terrasdebasto.pt\/","logo":{"@type":"ImageObject","inLanguage":"pt-PT","@id":"https:\/\/terrasdebasto.pt\/#\/schema\/logo\/image\/","url":"https:\/\/terrasdebasto.pt\/wp-content\/uploads\/2024\/06\/LogoNormal.png","contentUrl":"https:\/\/terrasdebasto.pt\/wp-content\/uploads\/2024\/06\/LogoNormal.png","width":5638,"height":809,"caption":"Jornal Terras de Basto"},"image":{"@id":"https:\/\/terrasdebasto.pt\/#\/schema\/logo\/image\/"}},{"@type":"Person","@id":"https:\/\/terrasdebasto.pt\/#\/schema\/person\/9f6739f5394ac65c802641773b278b84","name":"Jo\u00e3o Paulo Mesquita","image":{"@type":"ImageObject","inLanguage":"pt-PT","@id":"https:\/\/terrasdebasto.pt\/#\/schema\/person\/image\/","url":"https:\/\/secure.gravatar.com\/avatar\/9bd0f299e6d96336664aab64354168246a3ee3287c47891c50d450e47ed9d7f9?s=96&d=mm&r=g","contentUrl":"https:\/\/secure.gravatar.com\/avatar\/9bd0f299e6d96336664aab64354168246a3ee3287c47891c50d450e47ed9d7f9?s=96&d=mm&r=g","caption":"Jo\u00e3o Paulo Mesquita"},"url":"https:\/\/terrasdebasto.pt\/?author=7"}]}},"_links":{"self":[{"href":"https:\/\/terrasdebasto.pt\/index.php?rest_route=\/wp\/v2\/posts\/1774","targetHints":{"allow":["GET"]}}],"collection":[{"href":"https:\/\/terrasdebasto.pt\/index.php?rest_route=\/wp\/v2\/posts"}],"about":[{"href":"https:\/\/terrasdebasto.pt\/index.php?rest_route=\/wp\/v2\/types\/post"}],"author":[{"embeddable":true,"href":"https:\/\/terrasdebasto.pt\/index.php?rest_route=\/wp\/v2\/users\/7"}],"replies":[{"embeddable":true,"href":"https:\/\/terrasdebasto.pt\/index.php?rest_route=%2Fwp%2Fv2%2Fcomments&post=1774"}],"version-history":[{"count":1,"href":"https:\/\/terrasdebasto.pt\/index.php?rest_route=\/wp\/v2\/posts\/1774\/revisions"}],"predecessor-version":[{"id":1779,"href":"https:\/\/terrasdebasto.pt\/index.php?rest_route=\/wp\/v2\/posts\/1774\/revisions\/1779"}],"wp:featuredmedia":[{"embeddable":true,"href":"https:\/\/terrasdebasto.pt\/index.php?rest_route=\/wp\/v2\/media\/1777"}],"wp:attachment":[{"href":"https:\/\/terrasdebasto.pt\/index.php?rest_route=%2Fwp%2Fv2%2Fmedia&parent=1774"}],"wp:term":[{"taxonomy":"category","embeddable":true,"href":"https:\/\/terrasdebasto.pt\/index.php?rest_route=%2Fwp%2Fv2%2Fcategories&post=1774"},{"taxonomy":"post_tag","embeddable":true,"href":"https:\/\/terrasdebasto.pt\/index.php?rest_route=%2Fwp%2Fv2%2Ftags&post=1774"}],"curies":[{"name":"wp","href":"https:\/\/api.w.org\/{rel}","templated":true}]}}