{"id":1765,"date":"2024-09-03T23:41:32","date_gmt":"2024-09-03T23:41:32","guid":{"rendered":"https:\/\/terrasdebasto.pt\/?p=1765"},"modified":"2024-09-03T23:41:32","modified_gmt":"2024-09-03T23:41:32","slug":"concluida-remocao-do-heli-em-atei","status":"publish","type":"post","link":"https:\/\/terrasdebasto.pt\/?p=1765","title":{"rendered":"Conclu\u00edda remo\u00e7\u00e3o do \u201cheli\u201d em Atei"},"content":{"rendered":"\n<p><strong>A opera\u00e7\u00e3o de retirada do helic\u00f3ptero do INEM da pedreira de Atei, onde na segunda-feira (2) se despenhou ao aterrar, foi dada como conclu\u00edda \u00e0s 21h30 desta ter\u00e7a-feira (3), disse o comandante dos bombeiros de Mondim de Basto.<\/strong><\/p>\n\n\n\n<p>A retirada do helic\u00f3ptero acidentado prolongou-se pela tarde e noite e foi feita de forma faseada, tendo, num primeiro momento, sido usado um cami\u00e3o com grua para a sua remo\u00e7\u00e3o do local do acidente, entre \u00e1rvores, que foram desbastadas durante a manh\u00e3, e coloca\u00e7\u00e3o num terreno plano.<\/p>\n\n\n\n<p>Nessa fase, segundo explicou o comandante dos bombeiros de Mondim de Basto, Carlos Magalh\u00e3es, foi feita a transfega do combust\u00edveis da aeronave, que foi, depois, colocada num cami\u00e3o de menor dimens\u00e3o por causa das acessibilidades existentes naquela \u00e1rea.<\/p>\n\n\n\n<figure class=\"wp-block-gallery has-nested-images columns-default is-cropped wp-block-gallery-1 is-layout-flex wp-block-gallery-is-layout-flex\">\n<figure class=\"wp-block-image size-large\"><img loading=\"lazy\" decoding=\"async\" width=\"1024\" height=\"768\" data-id=\"1767\" src=\"https:\/\/terrasdebasto.pt\/wp-content\/uploads\/2024\/09\/HELI-01-1024x768.jpg\" alt=\"\" class=\"wp-image-1767\" srcset=\"https:\/\/terrasdebasto.pt\/wp-content\/uploads\/2024\/09\/HELI-01-1024x768.jpg 1024w, https:\/\/terrasdebasto.pt\/wp-content\/uploads\/2024\/09\/HELI-01-300x225.jpg 300w, https:\/\/terrasdebasto.pt\/wp-content\/uploads\/2024\/09\/HELI-01-768x576.jpg 768w, https:\/\/terrasdebasto.pt\/wp-content\/uploads\/2024\/09\/HELI-01-1536x1152.jpg 1536w, https:\/\/terrasdebasto.pt\/wp-content\/uploads\/2024\/09\/HELI-01-150x113.jpg 150w, https:\/\/terrasdebasto.pt\/wp-content\/uploads\/2024\/09\/HELI-01-696x522.jpg 696w, https:\/\/terrasdebasto.pt\/wp-content\/uploads\/2024\/09\/HELI-01-1068x801.jpg 1068w, https:\/\/terrasdebasto.pt\/wp-content\/uploads\/2024\/09\/HELI-01.jpg 1600w\" sizes=\"auto, (max-width: 1024px) 100vw, 1024px\" \/><\/figure>\n<\/figure>\n\n\n\n<p>O helic\u00f3ptero foi devidamente acondicionado, envolvido numa lona de prote\u00e7\u00e3o e deste cami\u00e3o foi transferida para um outro ve\u00edculo pesado, de maiores dimens\u00f5es para ser retirado deste local da freguesia de Atei, de Mondim de Basto.<\/p>\n\n\n\n<p>Durante a opera\u00e7\u00e3o estiveram empenhados 20 operacionais e oito viaturas dos Bombeiros de Mondim de Basto e da Prote\u00e7\u00e3o Civil Municipal, para preven\u00e7\u00e3o e apoio aos trabalhos realizados pela empresa detentora da aeronave.<\/p>\n\n\n\n<p>O acidente ocorreu pelas 12h55 de segunda-feira, no momento em que a aeronave AW139, sediada em Macedo de Cavaleiros, se preparava para aterrar em Mondim de Basto, para socorrer um ferido num acidente de trabalho numa pedreira.<\/p>\n\n\n\n<p>Ao aterrar na zona de uma pedreira, a aeronave levantou uma nuvem de p\u00f3, embateu em \u00e1rvores ali existentes e tombou lateralmente.<\/p>\n\n\n\n<p>A investiga\u00e7\u00e3o \u00e0s causas do acidente vai ser feita pelo Gabinete de Preven\u00e7\u00e3o e Investiga\u00e7\u00e3o de Acidentes com Aeronaves e de Acidentes Ferrovi\u00e1rios (GPIAAF), que esteve no local j\u00e1 na segunda-feira.<\/p>\n\n\n\n<p>A bordo seguiam quatro tripulantes \u2013 o piloto, co-piloto, m\u00e9dico e enfermeira \u2013 que, segundo informa\u00e7\u00f5es prestadas ap\u00f3s o acidente pelo Instituto Nacional de Emerg\u00eancia M\u00e9dica (INEM), foram transportados para o Hospital de Vila Real por precau\u00e7\u00e3o e tiveram alta hospitalar no mesmo dia.<\/p>\n\n\n\n<figure class=\"wp-block-gallery has-nested-images columns-default is-cropped wp-block-gallery-2 is-layout-flex wp-block-gallery-is-layout-flex\">\n<figure class=\"wp-block-image size-large\"><img loading=\"lazy\" decoding=\"async\" width=\"1024\" height=\"768\" data-id=\"1768\" src=\"https:\/\/terrasdebasto.pt\/wp-content\/uploads\/2024\/09\/HELI-03-1024x768.jpg\" alt=\"\" class=\"wp-image-1768\" srcset=\"https:\/\/terrasdebasto.pt\/wp-content\/uploads\/2024\/09\/HELI-03-1024x768.jpg 1024w, https:\/\/terrasdebasto.pt\/wp-content\/uploads\/2024\/09\/HELI-03-300x225.jpg 300w, https:\/\/terrasdebasto.pt\/wp-content\/uploads\/2024\/09\/HELI-03-768x576.jpg 768w, https:\/\/terrasdebasto.pt\/wp-content\/uploads\/2024\/09\/HELI-03-1536x1152.jpg 1536w, https:\/\/terrasdebasto.pt\/wp-content\/uploads\/2024\/09\/HELI-03-150x113.jpg 150w, https:\/\/terrasdebasto.pt\/wp-content\/uploads\/2024\/09\/HELI-03-696x522.jpg 696w, https:\/\/terrasdebasto.pt\/wp-content\/uploads\/2024\/09\/HELI-03-1068x801.jpg 1068w, https:\/\/terrasdebasto.pt\/wp-content\/uploads\/2024\/09\/HELI-03.jpg 1600w\" sizes=\"auto, (max-width: 1024px) 100vw, 1024px\" \/><\/figure>\n<\/figure>\n\n\n\n<p>O helic\u00f3ptero ficou inoperacional e o INEM esclareceu que o contrato com a empresa \u201cAvincis\u201d para o servi\u00e7o de helic\u00f3pteros de assist\u00eancia prev\u00ea a substitui\u00e7\u00e3o do equipamento em 24 horas.<\/p>\n\n\n\n<p>Entretanto, a empresa explicou que o helic\u00f3ptero de reserva previsto no contrato, entre o INEM e a Avincis, est\u00e1 a ser alvo de uma manuten\u00e7\u00e3o programada e, por isso, n\u00e3o houve substitui\u00e7\u00e3o no prazo de 24 horas. Salientou, no entanto, estar a trabalhar com o INEM num plano para retomar o servi\u00e7o em Macedo de Cavaleiros \u00abo mais rapidamente poss\u00edvel\u00bb.<\/p>\n\n\n\n<p>\u00abA aeronave de reserva do mesmo modelo, AW139, encontra-se em manuten\u00e7\u00e3o programada. Estamos a procurar concluir esses trabalhos t\u00e3o r\u00e1pido quanto seja poss\u00edvel, tendo em conta que a seguran\u00e7a \u00e9 a nossa principal prioridade. Permanece, contudo, em opera\u00e7\u00e3o um outro helic\u00f3ptero AW139, al\u00e9m de dois AW109\u00bb, disse \u00e0 ag\u00eancia Lusa fonte oficial da operadora para o servi\u00e7o de helic\u00f3pteros de assist\u00eancia.<\/p>\n\n\n\n<p>O dispositivo de emerg\u00eancia m\u00e9dica contratualizado entre o INEM e a \u201cAvincis\u201d \u00e9 constitu\u00eddo por dois helic\u00f3pteros a operar em turnos de 24 horas \u2013 desde as bases de Macedo de Cavaleiros e Loul\u00e9 \u2013 e outros dois helic\u00f3pteros em turnos de 12 horas, sediados nas bases de Viseu e \u00c9vora.<\/p>\n\n\n\n<p>Com este acidente, o socorro atrav\u00e9s de helic\u00f3pteros fica reduzido a tr\u00eas aeronaves e apenas uma em regime permanente, somente na regi\u00e3o sul do pa\u00eds. [Reda\u00e7\u00e3o, com Lusa].<\/p>\n\n\n\n<figure class=\"wp-block-gallery has-nested-images columns-default is-cropped wp-block-gallery-3 is-layout-flex wp-block-gallery-is-layout-flex\">\n<figure class=\"wp-block-image size-large\"><img loading=\"lazy\" decoding=\"async\" width=\"1024\" height=\"768\" data-id=\"1769\" src=\"https:\/\/terrasdebasto.pt\/wp-content\/uploads\/2024\/09\/HELI-04-1024x768.jpg\" alt=\"\" class=\"wp-image-1769\" srcset=\"https:\/\/terrasdebasto.pt\/wp-content\/uploads\/2024\/09\/HELI-04-1024x768.jpg 1024w, https:\/\/terrasdebasto.pt\/wp-content\/uploads\/2024\/09\/HELI-04-300x225.jpg 300w, https:\/\/terrasdebasto.pt\/wp-content\/uploads\/2024\/09\/HELI-04-768x576.jpg 768w, https:\/\/terrasdebasto.pt\/wp-content\/uploads\/2024\/09\/HELI-04-1536x1152.jpg 1536w, https:\/\/terrasdebasto.pt\/wp-content\/uploads\/2024\/09\/HELI-04-150x113.jpg 150w, https:\/\/terrasdebasto.pt\/wp-content\/uploads\/2024\/09\/HELI-04-696x522.jpg 696w, https:\/\/terrasdebasto.pt\/wp-content\/uploads\/2024\/09\/HELI-04-1068x801.jpg 1068w, https:\/\/terrasdebasto.pt\/wp-content\/uploads\/2024\/09\/HELI-04.jpg 1600w\" sizes=\"auto, (max-width: 1024px) 100vw, 1024px\" \/><\/figure>\n<\/figure>\n","protected":false},"excerpt":{"rendered":"<p>A opera\u00e7\u00e3o de retirada do helic\u00f3ptero do INEM da pedreira de Atei, onde na segunda-feira (2) se despenhou ao aterrar, foi dada como conclu\u00edda \u00e0s 21h30 desta ter\u00e7a-feira (3), disse o comandante dos bombeiros de Mondim de Basto. A retirada do helic\u00f3ptero acidentado prolongou-se pela tarde e noite e foi feita de forma faseada, tendo, [&hellip;]<\/p>\n","protected":false},"author":7,"featured_media":1766,"comment_status":"open","ping_status":"open","sticky":false,"template":"","format":"standard","meta":{"footnotes":""},"categories":[16],"tags":[372,191,85,374],"class_list":{"0":"post-1765","1":"post","2":"type-post","3":"status-publish","4":"format-standard","5":"has-post-thumbnail","7":"category-mondim-de-basto","8":"tag-acidente-aereo","9":"tag-atei","10":"tag-mondim-de-basto","11":"tag-queda-de-helicoptero"},"yoast_head":"<!-- This site is optimized with the Yoast SEO plugin v25.7 - https:\/\/yoast.com\/wordpress\/plugins\/seo\/ -->\n<title>Conclu\u00edda remo\u00e7\u00e3o do \u201cheli\u201d em Atei - Jornal Terras de Basto<\/title>\n<meta name=\"description\" content=\"A opera\u00e7\u00e3o de retirada do helic\u00f3ptero do INEM da pedreira de Atei, onde na segunda-feira (2) se despenhou ao aterrar, foi dada como conclu\u00edda \u00e0s 21h30 desta ter\u00e7a-feira (3), disse o comandante dos bombeiros de Mondim de Basto.\" \/>\n<meta name=\"robots\" content=\"index, follow, max-snippet:-1, max-image-preview:large, max-video-preview:-1\" \/>\n<link rel=\"canonical\" href=\"https:\/\/terrasdebasto.pt\/?p=1765\" \/>\n<meta property=\"og:locale\" content=\"pt_PT\" \/>\n<meta property=\"og:type\" content=\"article\" \/>\n<meta property=\"og:title\" content=\"Conclu\u00edda remo\u00e7\u00e3o do \u201cheli\u201d em Atei - Jornal Terras de Basto\" \/>\n<meta property=\"og:description\" content=\"A opera\u00e7\u00e3o de retirada do helic\u00f3ptero do INEM da pedreira de Atei, onde na segunda-feira (2) se despenhou ao aterrar, foi dada como conclu\u00edda \u00e0s 21h30 desta ter\u00e7a-feira (3), disse o comandante dos bombeiros de Mondim de Basto.\" \/>\n<meta property=\"og:url\" content=\"https:\/\/terrasdebasto.pt\/?p=1765\" \/>\n<meta property=\"og:site_name\" content=\"Jornal Terras de Basto\" \/>\n<meta property=\"article:published_time\" content=\"2024-09-03T23:41:32+00:00\" \/>\n<meta property=\"og:image\" content=\"https:\/\/terrasdebasto.pt\/wp-content\/uploads\/2024\/09\/HELI-02.jpg\" \/>\n\t<meta property=\"og:image:width\" content=\"1600\" \/>\n\t<meta property=\"og:image:height\" content=\"1200\" \/>\n\t<meta property=\"og:image:type\" content=\"image\/jpeg\" \/>\n<meta name=\"author\" content=\"Jo\u00e3o Paulo Mesquita\" \/>\n<meta name=\"twitter:card\" content=\"summary_large_image\" \/>\n<meta name=\"twitter:label1\" content=\"Escrito por\" \/>\n\t<meta name=\"twitter:data1\" content=\"Jo\u00e3o Paulo Mesquita\" \/>\n\t<meta name=\"twitter:label2\" content=\"Tempo estimado de leitura\" \/>\n\t<meta name=\"twitter:data2\" content=\"4 minutos\" \/>\n<script type=\"application\/ld+json\" class=\"yoast-schema-graph\">{\"@context\":\"https:\/\/schema.org\",\"@graph\":[{\"@type\":\"Article\",\"@id\":\"https:\/\/terrasdebasto.pt\/?p=1765#article\",\"isPartOf\":{\"@id\":\"https:\/\/terrasdebasto.pt\/?p=1765\"},\"author\":{\"name\":\"Jo\u00e3o Paulo Mesquita\",\"@id\":\"https:\/\/terrasdebasto.pt\/#\/schema\/person\/9f6739f5394ac65c802641773b278b84\"},\"headline\":\"Conclu\u00edda remo\u00e7\u00e3o do \u201cheli\u201d em Atei\",\"datePublished\":\"2024-09-03T23:41:32+00:00\",\"mainEntityOfPage\":{\"@id\":\"https:\/\/terrasdebasto.pt\/?p=1765\"},\"wordCount\":614,\"commentCount\":0,\"publisher\":{\"@id\":\"https:\/\/terrasdebasto.pt\/#organization\"},\"image\":{\"@id\":\"https:\/\/terrasdebasto.pt\/?p=1765#primaryimage\"},\"thumbnailUrl\":\"https:\/\/terrasdebasto.pt\/wp-content\/uploads\/2024\/09\/HELI-02.jpg\",\"keywords\":[\"Acidente A\u00e9reo\",\"Atei\",\"Mondim de Basto\",\"Queda de Helic\u00f3ptero\"],\"articleSection\":[\"Mondim de Basto\"],\"inLanguage\":\"pt-PT\",\"potentialAction\":[{\"@type\":\"CommentAction\",\"name\":\"Comment\",\"target\":[\"https:\/\/terrasdebasto.pt\/?p=1765#respond\"]}]},{\"@type\":\"WebPage\",\"@id\":\"https:\/\/terrasdebasto.pt\/?p=1765\",\"url\":\"https:\/\/terrasdebasto.pt\/?p=1765\",\"name\":\"Conclu\u00edda remo\u00e7\u00e3o do \u201cheli\u201d em Atei - Jornal Terras de Basto\",\"isPartOf\":{\"@id\":\"https:\/\/terrasdebasto.pt\/#website\"},\"primaryImageOfPage\":{\"@id\":\"https:\/\/terrasdebasto.pt\/?p=1765#primaryimage\"},\"image\":{\"@id\":\"https:\/\/terrasdebasto.pt\/?p=1765#primaryimage\"},\"thumbnailUrl\":\"https:\/\/terrasdebasto.pt\/wp-content\/uploads\/2024\/09\/HELI-02.jpg\",\"datePublished\":\"2024-09-03T23:41:32+00:00\",\"description\":\"A opera\u00e7\u00e3o de retirada do helic\u00f3ptero do INEM da pedreira de Atei, onde na segunda-feira (2) se despenhou ao aterrar, foi dada como conclu\u00edda \u00e0s 21h30 desta ter\u00e7a-feira (3), disse o comandante dos bombeiros de Mondim de Basto.\",\"breadcrumb\":{\"@id\":\"https:\/\/terrasdebasto.pt\/?p=1765#breadcrumb\"},\"inLanguage\":\"pt-PT\",\"potentialAction\":[{\"@type\":\"ReadAction\",\"target\":[\"https:\/\/terrasdebasto.pt\/?p=1765\"]}]},{\"@type\":\"ImageObject\",\"inLanguage\":\"pt-PT\",\"@id\":\"https:\/\/terrasdebasto.pt\/?p=1765#primaryimage\",\"url\":\"https:\/\/terrasdebasto.pt\/wp-content\/uploads\/2024\/09\/HELI-02.jpg\",\"contentUrl\":\"https:\/\/terrasdebasto.pt\/wp-content\/uploads\/2024\/09\/HELI-02.jpg\",\"width\":1600,\"height\":1200},{\"@type\":\"BreadcrumbList\",\"@id\":\"https:\/\/terrasdebasto.pt\/?p=1765#breadcrumb\",\"itemListElement\":[{\"@type\":\"ListItem\",\"position\":1,\"name\":\"In\u00edcio\",\"item\":\"https:\/\/terrasdebasto.pt\/\"},{\"@type\":\"ListItem\",\"position\":2,\"name\":\"Conclu\u00edda remo\u00e7\u00e3o do \u201cheli\u201d em Atei\"}]},{\"@type\":\"WebSite\",\"@id\":\"https:\/\/terrasdebasto.pt\/#website\",\"url\":\"https:\/\/terrasdebasto.pt\/\",\"name\":\"Jornal Terras de Basto\",\"description\":\"\",\"publisher\":{\"@id\":\"https:\/\/terrasdebasto.pt\/#organization\"},\"potentialAction\":[{\"@type\":\"SearchAction\",\"target\":{\"@type\":\"EntryPoint\",\"urlTemplate\":\"https:\/\/terrasdebasto.pt\/?s={search_term_string}\"},\"query-input\":{\"@type\":\"PropertyValueSpecification\",\"valueRequired\":true,\"valueName\":\"search_term_string\"}}],\"inLanguage\":\"pt-PT\"},{\"@type\":\"Organization\",\"@id\":\"https:\/\/terrasdebasto.pt\/#organization\",\"name\":\"Jornal Terras de Basto\",\"url\":\"https:\/\/terrasdebasto.pt\/\",\"logo\":{\"@type\":\"ImageObject\",\"inLanguage\":\"pt-PT\",\"@id\":\"https:\/\/terrasdebasto.pt\/#\/schema\/logo\/image\/\",\"url\":\"https:\/\/terrasdebasto.pt\/wp-content\/uploads\/2024\/06\/LogoNormal.png\",\"contentUrl\":\"https:\/\/terrasdebasto.pt\/wp-content\/uploads\/2024\/06\/LogoNormal.png\",\"width\":5638,\"height\":809,\"caption\":\"Jornal Terras de Basto\"},\"image\":{\"@id\":\"https:\/\/terrasdebasto.pt\/#\/schema\/logo\/image\/\"}},{\"@type\":\"Person\",\"@id\":\"https:\/\/terrasdebasto.pt\/#\/schema\/person\/9f6739f5394ac65c802641773b278b84\",\"name\":\"Jo\u00e3o Paulo Mesquita\",\"image\":{\"@type\":\"ImageObject\",\"inLanguage\":\"pt-PT\",\"@id\":\"https:\/\/terrasdebasto.pt\/#\/schema\/person\/image\/\",\"url\":\"https:\/\/secure.gravatar.com\/avatar\/9bd0f299e6d96336664aab64354168246a3ee3287c47891c50d450e47ed9d7f9?s=96&d=mm&r=g\",\"contentUrl\":\"https:\/\/secure.gravatar.com\/avatar\/9bd0f299e6d96336664aab64354168246a3ee3287c47891c50d450e47ed9d7f9?s=96&d=mm&r=g\",\"caption\":\"Jo\u00e3o Paulo Mesquita\"},\"url\":\"https:\/\/terrasdebasto.pt\/?author=7\"}]}<\/script>\n<!-- \/ Yoast SEO plugin. -->","yoast_head_json":{"title":"Conclu\u00edda remo\u00e7\u00e3o do \u201cheli\u201d em Atei - Jornal Terras de Basto","description":"A opera\u00e7\u00e3o de retirada do helic\u00f3ptero do INEM da pedreira de Atei, onde na segunda-feira (2) se despenhou ao aterrar, foi dada como conclu\u00edda \u00e0s 21h30 desta ter\u00e7a-feira (3), disse o comandante dos bombeiros de Mondim de Basto.","robots":{"index":"index","follow":"follow","max-snippet":"max-snippet:-1","max-image-preview":"max-image-preview:large","max-video-preview":"max-video-preview:-1"},"canonical":"https:\/\/terrasdebasto.pt\/?p=1765","og_locale":"pt_PT","og_type":"article","og_title":"Conclu\u00edda remo\u00e7\u00e3o do \u201cheli\u201d em Atei - Jornal Terras de Basto","og_description":"A opera\u00e7\u00e3o de retirada do helic\u00f3ptero do INEM da pedreira de Atei, onde na segunda-feira (2) se despenhou ao aterrar, foi dada como conclu\u00edda \u00e0s 21h30 desta ter\u00e7a-feira (3), disse o comandante dos bombeiros de Mondim de Basto.","og_url":"https:\/\/terrasdebasto.pt\/?p=1765","og_site_name":"Jornal Terras de Basto","article_published_time":"2024-09-03T23:41:32+00:00","og_image":[{"width":1600,"height":1200,"url":"https:\/\/terrasdebasto.pt\/wp-content\/uploads\/2024\/09\/HELI-02.jpg","type":"image\/jpeg"}],"author":"Jo\u00e3o Paulo Mesquita","twitter_card":"summary_large_image","twitter_misc":{"Escrito por":"Jo\u00e3o Paulo Mesquita","Tempo estimado de leitura":"4 minutos"},"schema":{"@context":"https:\/\/schema.org","@graph":[{"@type":"Article","@id":"https:\/\/terrasdebasto.pt\/?p=1765#article","isPartOf":{"@id":"https:\/\/terrasdebasto.pt\/?p=1765"},"author":{"name":"Jo\u00e3o Paulo Mesquita","@id":"https:\/\/terrasdebasto.pt\/#\/schema\/person\/9f6739f5394ac65c802641773b278b84"},"headline":"Conclu\u00edda remo\u00e7\u00e3o do \u201cheli\u201d em Atei","datePublished":"2024-09-03T23:41:32+00:00","mainEntityOfPage":{"@id":"https:\/\/terrasdebasto.pt\/?p=1765"},"wordCount":614,"commentCount":0,"publisher":{"@id":"https:\/\/terrasdebasto.pt\/#organization"},"image":{"@id":"https:\/\/terrasdebasto.pt\/?p=1765#primaryimage"},"thumbnailUrl":"https:\/\/terrasdebasto.pt\/wp-content\/uploads\/2024\/09\/HELI-02.jpg","keywords":["Acidente A\u00e9reo","Atei","Mondim de Basto","Queda de Helic\u00f3ptero"],"articleSection":["Mondim de Basto"],"inLanguage":"pt-PT","potentialAction":[{"@type":"CommentAction","name":"Comment","target":["https:\/\/terrasdebasto.pt\/?p=1765#respond"]}]},{"@type":"WebPage","@id":"https:\/\/terrasdebasto.pt\/?p=1765","url":"https:\/\/terrasdebasto.pt\/?p=1765","name":"Conclu\u00edda remo\u00e7\u00e3o do \u201cheli\u201d em Atei - Jornal Terras de Basto","isPartOf":{"@id":"https:\/\/terrasdebasto.pt\/#website"},"primaryImageOfPage":{"@id":"https:\/\/terrasdebasto.pt\/?p=1765#primaryimage"},"image":{"@id":"https:\/\/terrasdebasto.pt\/?p=1765#primaryimage"},"thumbnailUrl":"https:\/\/terrasdebasto.pt\/wp-content\/uploads\/2024\/09\/HELI-02.jpg","datePublished":"2024-09-03T23:41:32+00:00","description":"A opera\u00e7\u00e3o de retirada do helic\u00f3ptero do INEM da pedreira de Atei, onde na segunda-feira (2) se despenhou ao aterrar, foi dada como conclu\u00edda \u00e0s 21h30 desta ter\u00e7a-feira (3), disse o comandante dos bombeiros de Mondim de Basto.","breadcrumb":{"@id":"https:\/\/terrasdebasto.pt\/?p=1765#breadcrumb"},"inLanguage":"pt-PT","potentialAction":[{"@type":"ReadAction","target":["https:\/\/terrasdebasto.pt\/?p=1765"]}]},{"@type":"ImageObject","inLanguage":"pt-PT","@id":"https:\/\/terrasdebasto.pt\/?p=1765#primaryimage","url":"https:\/\/terrasdebasto.pt\/wp-content\/uploads\/2024\/09\/HELI-02.jpg","contentUrl":"https:\/\/terrasdebasto.pt\/wp-content\/uploads\/2024\/09\/HELI-02.jpg","width":1600,"height":1200},{"@type":"BreadcrumbList","@id":"https:\/\/terrasdebasto.pt\/?p=1765#breadcrumb","itemListElement":[{"@type":"ListItem","position":1,"name":"In\u00edcio","item":"https:\/\/terrasdebasto.pt\/"},{"@type":"ListItem","position":2,"name":"Conclu\u00edda remo\u00e7\u00e3o do \u201cheli\u201d em Atei"}]},{"@type":"WebSite","@id":"https:\/\/terrasdebasto.pt\/#website","url":"https:\/\/terrasdebasto.pt\/","name":"Jornal Terras de Basto","description":"","publisher":{"@id":"https:\/\/terrasdebasto.pt\/#organization"},"potentialAction":[{"@type":"SearchAction","target":{"@type":"EntryPoint","urlTemplate":"https:\/\/terrasdebasto.pt\/?s={search_term_string}"},"query-input":{"@type":"PropertyValueSpecification","valueRequired":true,"valueName":"search_term_string"}}],"inLanguage":"pt-PT"},{"@type":"Organization","@id":"https:\/\/terrasdebasto.pt\/#organization","name":"Jornal Terras de Basto","url":"https:\/\/terrasdebasto.pt\/","logo":{"@type":"ImageObject","inLanguage":"pt-PT","@id":"https:\/\/terrasdebasto.pt\/#\/schema\/logo\/image\/","url":"https:\/\/terrasdebasto.pt\/wp-content\/uploads\/2024\/06\/LogoNormal.png","contentUrl":"https:\/\/terrasdebasto.pt\/wp-content\/uploads\/2024\/06\/LogoNormal.png","width":5638,"height":809,"caption":"Jornal Terras de Basto"},"image":{"@id":"https:\/\/terrasdebasto.pt\/#\/schema\/logo\/image\/"}},{"@type":"Person","@id":"https:\/\/terrasdebasto.pt\/#\/schema\/person\/9f6739f5394ac65c802641773b278b84","name":"Jo\u00e3o Paulo Mesquita","image":{"@type":"ImageObject","inLanguage":"pt-PT","@id":"https:\/\/terrasdebasto.pt\/#\/schema\/person\/image\/","url":"https:\/\/secure.gravatar.com\/avatar\/9bd0f299e6d96336664aab64354168246a3ee3287c47891c50d450e47ed9d7f9?s=96&d=mm&r=g","contentUrl":"https:\/\/secure.gravatar.com\/avatar\/9bd0f299e6d96336664aab64354168246a3ee3287c47891c50d450e47ed9d7f9?s=96&d=mm&r=g","caption":"Jo\u00e3o Paulo Mesquita"},"url":"https:\/\/terrasdebasto.pt\/?author=7"}]}},"_links":{"self":[{"href":"https:\/\/terrasdebasto.pt\/index.php?rest_route=\/wp\/v2\/posts\/1765","targetHints":{"allow":["GET"]}}],"collection":[{"href":"https:\/\/terrasdebasto.pt\/index.php?rest_route=\/wp\/v2\/posts"}],"about":[{"href":"https:\/\/terrasdebasto.pt\/index.php?rest_route=\/wp\/v2\/types\/post"}],"author":[{"embeddable":true,"href":"https:\/\/terrasdebasto.pt\/index.php?rest_route=\/wp\/v2\/users\/7"}],"replies":[{"embeddable":true,"href":"https:\/\/terrasdebasto.pt\/index.php?rest_route=%2Fwp%2Fv2%2Fcomments&post=1765"}],"version-history":[{"count":1,"href":"https:\/\/terrasdebasto.pt\/index.php?rest_route=\/wp\/v2\/posts\/1765\/revisions"}],"predecessor-version":[{"id":1770,"href":"https:\/\/terrasdebasto.pt\/index.php?rest_route=\/wp\/v2\/posts\/1765\/revisions\/1770"}],"wp:featuredmedia":[{"embeddable":true,"href":"https:\/\/terrasdebasto.pt\/index.php?rest_route=\/wp\/v2\/media\/1766"}],"wp:attachment":[{"href":"https:\/\/terrasdebasto.pt\/index.php?rest_route=%2Fwp%2Fv2%2Fmedia&parent=1765"}],"wp:term":[{"taxonomy":"category","embeddable":true,"href":"https:\/\/terrasdebasto.pt\/index.php?rest_route=%2Fwp%2Fv2%2Fcategories&post=1765"},{"taxonomy":"post_tag","embeddable":true,"href":"https:\/\/terrasdebasto.pt\/index.php?rest_route=%2Fwp%2Fv2%2Ftags&post=1765"}],"curies":[{"name":"wp","href":"https:\/\/api.w.org\/{rel}","templated":true}]}}